{"id":8299,"date":"2022-01-10T07:46:03","date_gmt":"2022-01-10T13:46:03","guid":{"rendered":"https:\/\/www.bbmnoticias.com\/labravaradiofm\/?p=8299"},"modified":"2022-01-10T07:46:05","modified_gmt":"2022-01-10T13:46:05","slug":"carteles-editores-presenta-oaxaca-la-certeza-del-manana-de-francisco-angel-villarreal","status":"publish","type":"post","link":"https:\/\/www.bbmnoticias.com\/labravaradiofm\/2022\/01\/10\/carteles-editores-presenta-oaxaca-la-certeza-del-manana-de-francisco-angel-villarreal\/","title":{"rendered":"Carteles Editores presenta \u201cOaxaca la certeza del ma\u00f1ana\u201d de Francisco \u00c1ngel Villarreal"},"content":{"rendered":"<div style=\"margin-top: 0px; margin-bottom: 0px;\" class=\"sharethis-inline-share-buttons\" ><\/div>\n<ul class=\"wp-block-list\"><li>Participaron como comentaristas Ra\u00fal Castellanos Hern\u00e1ndez y Jos\u00e9 Antonio Hern\u00e1ndez Fraguas; as\u00ed como Claudio S\u00e1nchez Islas, por parte de la editorial<\/li><\/ul>\n\n\n\n<p>Oaxaca de Ju\u00e1rez, Oax., 8 de enero de 2022.- Como parte de la Colecci\u00f3n Voces de la Transici\u00f3n 2022, Carteles Editores present\u00f3 el libro \u201cOaxaca la certeza del ma\u00f1ana\u201d, de la autor\u00eda de Francisco \u00c1ngel Villarreal (Paco Villarreal), quien expone la evoluci\u00f3n social, econ\u00f3mica y pol\u00edtica de las \u00faltimas d\u00e9cadas en la entidad, sus fortalezas y una propuesta de 125 acciones para transformar el desarrollo social, educativo, econ\u00f3mico y pol\u00edtico, en armon\u00eda con la naturaleza y la vocaci\u00f3n productiva de nuestras regiones y polos de desarrollo con bienestar.<\/p>\n\n\n\n<p>Reunidos este s\u00e1bado en el foro de la Proveedora Gr\u00e1fica de Oaxaca, participaron como comentaristas Ra\u00fal Castellanos Hern\u00e1ndez y Jos\u00e9 Antonio Hern\u00e1ndez Fraguas; as\u00ed como Claudio S\u00e1nchez Islas, por parte de la editorial y como moderadora la historiadora Mar\u00eda Concepci\u00f3n Villalobos L\u00f3pez.<\/p>\n\n\n\n<p>En presencia de acad\u00e9micos, actores sociales, representantes de instituciones educativas, investigadores, periodistas, y distinguidas personalidades de la sociedad, en la presentaci\u00f3n del texto se detall\u00f3 que la renovaci\u00f3n sexenal del Poder Ejecutivo del Gobierno del Estado se ha convertido en una oportunidad para profundizar sobre la situaci\u00f3n actual de Oaxaca.<\/p>\n\n\n\n<p>Por ello, la publicaci\u00f3n de Voces de la Transici\u00f3n, que inici\u00f3 con los procesos electorales de 2004, hace en esta ocasi\u00f3n un cambio de perspectiva y propone que sean los mismos protagonistas quienes tomen la pluma y den a conocer en ensayos sustentados, sus propios diagn\u00f3sticos y perspectivas del Oaxaca.<\/p>\n\n\n\n<p>En el pr\u00f3logo del libro \u201cOaxaca la certeza del ma\u00f1ana\u201d, de 123 p\u00e1ginas, Francisco \u00c1ngel Villarreal, con m\u00e1s de 37 a\u00f1os en el servicio p\u00fablico y en el quehacer pol\u00edtico, conocedor de los 570 municipios y localidades de la entidad, se\u00f1ala que es tiempo de pensar en el futuro de m\u00e1s de cuatro millones de oaxaque\u00f1as y oaxaque\u00f1os.<\/p>\n\n\n\n<p>A trav\u00e9s de seis cap\u00edtulos aborda y documenta los temas: Punto de partida, Encarar el futuro con nuestras fortalezas, Educaci\u00f3n para el desarrollo sostenible, La visi\u00f3n de futuro, Acciones por Oaxaca y Trabajar unidos por Oaxaca.<\/p>\n\n\n\n<p>La Colecci\u00f3n Voces de la Transici\u00f3n, de Carteles Editores, re\u00fane desde el 2004 en libros colectivos, una variedad de opiniones donde el lector puede encontrar informaci\u00f3n, an\u00e1lisis, memoria y voluntad escritas con propiedad, pasi\u00f3n, conocimientos profundos y a\u00fan con elegancia.<\/p>\n","protected":false},"excerpt":{"rendered":"<p>Participaron como comentaristas Ra\u00fal Castellanos Hern\u00e1ndez y Jos\u00e9 Antonio Hern\u00e1ndez Fraguas; as\u00ed como Claudio S\u00e1nchez Islas, por parte de la editorial Oaxaca de Ju\u00e1rez, Oax., 8 de enero de 2022.- Como parte de la Colecci\u00f3n Voces de la Transici\u00f3n 2022, Carteles Editores present\u00f3 el libro \u201cOaxaca la certeza del ma\u00f1ana\u201d, de la autor\u00eda de Francisco [&hellip;]<\/p>\n","protected":false},"author":2,"featured_media":8300,"comment_status":"closed","ping_status":"closed","sticky":false,"template":"","format":"standard","meta":{"footnotes":""},"categories":[2],"tags":[],"class_list":{"0":"post-8299","1":"post","2":"type-post","3":"status-publish","4":"format-standard","5":"has-post-thumbnail","7":"category-oaxaca"},"yoast_head":"<!-- This site is optimized with the Yoast SEO plugin v27.4 - https:\/\/yoast.com\/product\/yoast-seo-wordpress\/ -->\n<title>Carteles Editores presenta \u201cOaxaca la certeza del ma\u00f1ana\u201d de Francisco \u00c1ngel Villarreal - LA BRAVA RADIO<\/title>\n<meta name=\"robots\" content=\"index, follow, max-snippet:-1, max-image-preview:large, max-video-preview:-1\" \/>\n<link rel=\"canonical\" href=\"https:\/\/www.bbmnoticias.com\/labravaradiofm\/2022\/01\/10\/carteles-editores-presenta-oaxaca-la-certeza-del-manana-de-francisco-angel-villarreal\/\" \/>\n<meta property=\"og:locale\" content=\"es_MX\" \/>\n<meta property=\"og:type\" content=\"article\" \/>\n<meta property=\"og:title\" content=\"Carteles Editores presenta \u201cOaxaca la certeza del ma\u00f1ana\u201d de Francisco \u00c1ngel Villarreal - LA BRAVA RADIO\" \/>\n<meta property=\"og:description\" content=\"Participaron como comentaristas Ra\u00fal Castellanos Hern\u00e1ndez y Jos\u00e9 Antonio Hern\u00e1ndez Fraguas; as\u00ed como Claudio S\u00e1nchez Islas, por parte de la editorial Oaxaca de Ju\u00e1rez, Oax., 8 de enero de 2022.- Como parte de la Colecci\u00f3n Voces de la Transici\u00f3n 2022, Carteles Editores present\u00f3 el libro \u201cOaxaca la certeza del ma\u00f1ana\u201d, de la autor\u00eda de Francisco [&hellip;]\" \/>\n<meta property=\"og:url\" content=\"https:\/\/www.bbmnoticias.com\/labravaradiofm\/2022\/01\/10\/carteles-editores-presenta-oaxaca-la-certeza-del-manana-de-francisco-angel-villarreal\/\" \/>\n<meta property=\"og:site_name\" content=\"LA BRAVA RADIO\" \/>\n<meta property=\"article:published_time\" content=\"2022-01-10T13:46:03+00:00\" \/>\n<meta property=\"article:modified_time\" content=\"2022-01-10T13:46:05+00:00\" \/>\n<meta property=\"og:image\" content=\"https:\/\/www.bbmnoticias.com\/labravaradiofm\/wp-content\/uploads\/sites\/5\/2022\/01\/libro-villareal.jpg\" \/>\n\t<meta property=\"og:image:width\" content=\"1024\" \/>\n\t<meta property=\"og:image:height\" content=\"682\" \/>\n\t<meta property=\"og:image:type\" content=\"image\/jpeg\" \/>\n<meta name=\"author\" content=\"Staff\" \/>\n<meta name=\"twitter:card\" content=\"summary_large_image\" \/>\n<meta name=\"twitter:label1\" content=\"Escrito por\" \/>\n\t<meta name=\"twitter:data1\" content=\"Staff\" \/>\n\t<meta name=\"twitter:label2\" content=\"Tiempo de lectura\" \/>\n\t<meta name=\"twitter:data2\" content=\"2 minutos\" \/>\n<script type=\"application\/ld+json\" class=\"yoast-schema-graph\">{\"@context\":\"https:\\\/\\\/schema.org\",\"@graph\":[{\"@type\":\"Article\",\"@id\":\"https:\\\/\\\/www.bbmnoticias.com\\\/labravaradiofm\\\/2022\\\/01\\\/10\\\/carteles-editores-presenta-oaxaca-la-certeza-del-manana-de-francisco-angel-villarreal\\\/#article\",\"isPartOf\":{\"@id\":\"https:\\\/\\\/www.bbmnoticias.com\\\/labravaradiofm\\\/2022\\\/01\\\/10\\\/carteles-editores-presenta-oaxaca-la-certeza-del-manana-de-francisco-angel-villarreal\\\/\"},\"author\":{\"name\":\"Staff\",\"@id\":\"https:\\\/\\\/www.bbmnoticias.com\\\/labravaradiofm\\\/#\\\/schema\\\/person\\\/68a9e9036ef3c5b55aeb2b71dc8bab45\"},\"headline\":\"Carteles Editores presenta \u201cOaxaca la certeza del ma\u00f1ana\u201d de Francisco \u00c1ngel Villarreal\",\"datePublished\":\"2022-01-10T13:46:03+00:00\",\"dateModified\":\"2022-01-10T13:46:05+00:00\",\"mainEntityOfPage\":{\"@id\":\"https:\\\/\\\/www.bbmnoticias.com\\\/labravaradiofm\\\/2022\\\/01\\\/10\\\/carteles-editores-presenta-oaxaca-la-certeza-del-manana-de-francisco-angel-villarreal\\\/\"},\"wordCount\":446,\"image\":{\"@id\":\"https:\\\/\\\/www.bbmnoticias.com\\\/labravaradiofm\\\/2022\\\/01\\\/10\\\/carteles-editores-presenta-oaxaca-la-certeza-del-manana-de-francisco-angel-villarreal\\\/#primaryimage\"},\"thumbnailUrl\":\"https:\\\/\\\/www.bbmnoticias.com\\\/labravaradiofm\\\/wp-content\\\/uploads\\\/sites\\\/5\\\/2022\\\/01\\\/libro-villareal.jpg\",\"articleSection\":[\"LOCAL\"],\"inLanguage\":\"es\"},{\"@type\":\"WebPage\",\"@id\":\"https:\\\/\\\/www.bbmnoticias.com\\\/labravaradiofm\\\/2022\\\/01\\\/10\\\/carteles-editores-presenta-oaxaca-la-certeza-del-manana-de-francisco-angel-villarreal\\\/\",\"url\":\"https:\\\/\\\/www.bbmnoticias.com\\\/labravaradiofm\\\/2022\\\/01\\\/10\\\/carteles-editores-presenta-oaxaca-la-certeza-del-manana-de-francisco-angel-villarreal\\\/\",\"name\":\"Carteles Editores presenta \u201cOaxaca la certeza del ma\u00f1ana\u201d de Francisco \u00c1ngel Villarreal - LA BRAVA RADIO\",\"isPartOf\":{\"@id\":\"https:\\\/\\\/www.bbmnoticias.com\\\/labravaradiofm\\\/#website\"},\"primaryImageOfPage\":{\"@id\":\"https:\\\/\\\/www.bbmnoticias.com\\\/labravaradiofm\\\/2022\\\/01\\\/10\\\/carteles-editores-presenta-oaxaca-la-certeza-del-manana-de-francisco-angel-villarreal\\\/#primaryimage\"},\"image\":{\"@id\":\"https:\\\/\\\/www.bbmnoticias.com\\\/labravaradiofm\\\/2022\\\/01\\\/10\\\/carteles-editores-presenta-oaxaca-la-certeza-del-manana-de-francisco-angel-villarreal\\\/#primaryimage\"},\"thumbnailUrl\":\"https:\\\/\\\/www.bbmnoticias.com\\\/labravaradiofm\\\/wp-content\\\/uploads\\\/sites\\\/5\\\/2022\\\/01\\\/libro-villareal.jpg\",\"datePublished\":\"2022-01-10T13:46:03+00:00\",\"dateModified\":\"2022-01-10T13:46:05+00:00\",\"author\":{\"@id\":\"https:\\\/\\\/www.bbmnoticias.com\\\/labravaradiofm\\\/#\\\/schema\\\/person\\\/68a9e9036ef3c5b55aeb2b71dc8bab45\"},\"breadcrumb\":{\"@id\":\"https:\\\/\\\/www.bbmnoticias.com\\\/labravaradiofm\\\/2022\\\/01\\\/10\\\/carteles-editores-presenta-oaxaca-la-certeza-del-manana-de-francisco-angel-villarreal\\\/#breadcrumb\"},\"inLanguage\":\"es\",\"potentialAction\":[{\"@type\":\"ReadAction\",\"target\":[\"https:\\\/\\\/www.bbmnoticias.com\\\/labravaradiofm\\\/2022\\\/01\\\/10\\\/carteles-editores-presenta-oaxaca-la-certeza-del-manana-de-francisco-angel-villarreal\\\/\"]}]},{\"@type\":\"ImageObject\",\"inLanguage\":\"es\",\"@id\":\"https:\\\/\\\/www.bbmnoticias.com\\\/labravaradiofm\\\/2022\\\/01\\\/10\\\/carteles-editores-presenta-oaxaca-la-certeza-del-manana-de-francisco-angel-villarreal\\\/#primaryimage\",\"url\":\"https:\\\/\\\/www.bbmnoticias.com\\\/labravaradiofm\\\/wp-content\\\/uploads\\\/sites\\\/5\\\/2022\\\/01\\\/libro-villareal.jpg\",\"contentUrl\":\"https:\\\/\\\/www.bbmnoticias.com\\\/labravaradiofm\\\/wp-content\\\/uploads\\\/sites\\\/5\\\/2022\\\/01\\\/libro-villareal.jpg\",\"width\":1024,\"height\":682},{\"@type\":\"BreadcrumbList\",\"@id\":\"https:\\\/\\\/www.bbmnoticias.com\\\/labravaradiofm\\\/2022\\\/01\\\/10\\\/carteles-editores-presenta-oaxaca-la-certeza-del-manana-de-francisco-angel-villarreal\\\/#breadcrumb\",\"itemListElement\":[{\"@type\":\"ListItem\",\"position\":1,\"name\":\"Inicio\",\"item\":\"https:\\\/\\\/www.bbmnoticias.com\\\/labravaradiofm\\\/\"},{\"@type\":\"ListItem\",\"position\":2,\"name\":\"Carteles Editores presenta \u201cOaxaca la certeza del ma\u00f1ana\u201d de Francisco \u00c1ngel Villarreal\"}]},{\"@type\":\"WebSite\",\"@id\":\"https:\\\/\\\/www.bbmnoticias.com\\\/labravaradiofm\\\/#website\",\"url\":\"https:\\\/\\\/www.bbmnoticias.com\\\/labravaradiofm\\\/\",\"name\":\"LA BRAVA RADIO\",\"description\":\"Empresa productora de medios, Radiodifusi\u00f3n, Noticias, tendencias y todo lo que necesitas saber de la pol\u00edtica mexicana e internacional; entretenimiento, espect\u00e1culos, salud y mucho m\u00e1s.\",\"potentialAction\":[{\"@type\":\"SearchAction\",\"target\":{\"@type\":\"EntryPoint\",\"urlTemplate\":\"https:\\\/\\\/www.bbmnoticias.com\\\/labravaradiofm\\\/?s={search_term_string}\"},\"query-input\":{\"@type\":\"PropertyValueSpecification\",\"valueRequired\":true,\"valueName\":\"search_term_string\"}}],\"inLanguage\":\"es\"},{\"@type\":\"Person\",\"@id\":\"https:\\\/\\\/www.bbmnoticias.com\\\/labravaradiofm\\\/#\\\/schema\\\/person\\\/68a9e9036ef3c5b55aeb2b71dc8bab45\",\"name\":\"Staff\",\"image\":{\"@type\":\"ImageObject\",\"inLanguage\":\"es\",\"@id\":\"https:\\\/\\\/secure.gravatar.com\\\/avatar\\\/fdd21ad66fd8b98c407f9dee5b5e588cfe7f0d8579ec20fa6527cd59bab7f0f0?s=96&d=mm&r=g\",\"url\":\"https:\\\/\\\/secure.gravatar.com\\\/avatar\\\/fdd21ad66fd8b98c407f9dee5b5e588cfe7f0d8579ec20fa6527cd59bab7f0f0?s=96&d=mm&r=g\",\"contentUrl\":\"https:\\\/\\\/secure.gravatar.com\\\/avatar\\\/fdd21ad66fd8b98c407f9dee5b5e588cfe7f0d8579ec20fa6527cd59bab7f0f0?s=96&d=mm&r=g\",\"caption\":\"Staff\"},\"url\":\"https:\\\/\\\/www.bbmnoticias.com\\\/labravaradiofm\\\/author\\\/redaccion\\\/\"}]}<\/script>\n<!-- \/ Yoast SEO plugin. -->","yoast_head_json":{"title":"Carteles Editores presenta \u201cOaxaca la certeza del ma\u00f1ana\u201d de Francisco \u00c1ngel Villarreal - LA BRAVA RADIO","robots":{"index":"index","follow":"follow","max-snippet":"max-snippet:-1","max-image-preview":"max-image-preview:large","max-video-preview":"max-video-preview:-1"},"canonical":"https:\/\/www.bbmnoticias.com\/labravaradiofm\/2022\/01\/10\/carteles-editores-presenta-oaxaca-la-certeza-del-manana-de-francisco-angel-villarreal\/","og_locale":"es_MX","og_type":"article","og_title":"Carteles Editores presenta \u201cOaxaca la certeza del ma\u00f1ana\u201d de Francisco \u00c1ngel Villarreal - LA BRAVA RADIO","og_description":"Participaron como comentaristas Ra\u00fal Castellanos Hern\u00e1ndez y Jos\u00e9 Antonio Hern\u00e1ndez Fraguas; as\u00ed como Claudio S\u00e1nchez Islas, por parte de la editorial Oaxaca de Ju\u00e1rez, Oax., 8 de enero de 2022.- Como parte de la Colecci\u00f3n Voces de la Transici\u00f3n 2022, Carteles Editores present\u00f3 el libro \u201cOaxaca la certeza del ma\u00f1ana\u201d, de la autor\u00eda de Francisco [&hellip;]","og_url":"https:\/\/www.bbmnoticias.com\/labravaradiofm\/2022\/01\/10\/carteles-editores-presenta-oaxaca-la-certeza-del-manana-de-francisco-angel-villarreal\/","og_site_name":"LA BRAVA RADIO","article_published_time":"2022-01-10T13:46:03+00:00","article_modified_time":"2022-01-10T13:46:05+00:00","og_image":[{"width":1024,"height":682,"url":"https:\/\/www.bbmnoticias.com\/labravaradiofm\/wp-content\/uploads\/sites\/5\/2022\/01\/libro-villareal.jpg","type":"image\/jpeg"}],"author":"Staff","twitter_card":"summary_large_image","twitter_misc":{"Escrito por":"Staff","Tiempo de lectura":"2 minutos"},"schema":{"@context":"https:\/\/schema.org","@graph":[{"@type":"Article","@id":"https:\/\/www.bbmnoticias.com\/labravaradiofm\/2022\/01\/10\/carteles-editores-presenta-oaxaca-la-certeza-del-manana-de-francisco-angel-villarreal\/#article","isPartOf":{"@id":"https:\/\/www.bbmnoticias.com\/labravaradiofm\/2022\/01\/10\/carteles-editores-presenta-oaxaca-la-certeza-del-manana-de-francisco-angel-villarreal\/"},"author":{"name":"Staff","@id":"https:\/\/www.bbmnoticias.com\/labravaradiofm\/#\/schema\/person\/68a9e9036ef3c5b55aeb2b71dc8bab45"},"headline":"Carteles Editores presenta \u201cOaxaca la certeza del ma\u00f1ana\u201d de Francisco \u00c1ngel Villarreal","datePublished":"2022-01-10T13:46:03+00:00","dateModified":"2022-01-10T13:46:05+00:00","mainEntityOfPage":{"@id":"https:\/\/www.bbmnoticias.com\/labravaradiofm\/2022\/01\/10\/carteles-editores-presenta-oaxaca-la-certeza-del-manana-de-francisco-angel-villarreal\/"},"wordCount":446,"image":{"@id":"https:\/\/www.bbmnoticias.com\/labravaradiofm\/2022\/01\/10\/carteles-editores-presenta-oaxaca-la-certeza-del-manana-de-francisco-angel-villarreal\/#primaryimage"},"thumbnailUrl":"https:\/\/www.bbmnoticias.com\/labravaradiofm\/wp-content\/uploads\/sites\/5\/2022\/01\/libro-villareal.jpg","articleSection":["LOCAL"],"inLanguage":"es"},{"@type":"WebPage","@id":"https:\/\/www.bbmnoticias.com\/labravaradiofm\/2022\/01\/10\/carteles-editores-presenta-oaxaca-la-certeza-del-manana-de-francisco-angel-villarreal\/","url":"https:\/\/www.bbmnoticias.com\/labravaradiofm\/2022\/01\/10\/carteles-editores-presenta-oaxaca-la-certeza-del-manana-de-francisco-angel-villarreal\/","name":"Carteles Editores presenta \u201cOaxaca la certeza del ma\u00f1ana\u201d de Francisco \u00c1ngel Villarreal - LA BRAVA RADIO","isPartOf":{"@id":"https:\/\/www.bbmnoticias.com\/labravaradiofm\/#website"},"primaryImageOfPage":{"@id":"https:\/\/www.bbmnoticias.com\/labravaradiofm\/2022\/01\/10\/carteles-editores-presenta-oaxaca-la-certeza-del-manana-de-francisco-angel-villarreal\/#primaryimage"},"image":{"@id":"https:\/\/www.bbmnoticias.com\/labravaradiofm\/2022\/01\/10\/carteles-editores-presenta-oaxaca-la-certeza-del-manana-de-francisco-angel-villarreal\/#primaryimage"},"thumbnailUrl":"https:\/\/www.bbmnoticias.com\/labravaradiofm\/wp-content\/uploads\/sites\/5\/2022\/01\/libro-villareal.jpg","datePublished":"2022-01-10T13:46:03+00:00","dateModified":"2022-01-10T13:46:05+00:00","author":{"@id":"https:\/\/www.bbmnoticias.com\/labravaradiofm\/#\/schema\/person\/68a9e9036ef3c5b55aeb2b71dc8bab45"},"breadcrumb":{"@id":"https:\/\/www.bbmnoticias.com\/labravaradiofm\/2022\/01\/10\/carteles-editores-presenta-oaxaca-la-certeza-del-manana-de-francisco-angel-villarreal\/#breadcrumb"},"inLanguage":"es","potentialAction":[{"@type":"ReadAction","target":["https:\/\/www.bbmnoticias.com\/labravaradiofm\/2022\/01\/10\/carteles-editores-presenta-oaxaca-la-certeza-del-manana-de-francisco-angel-villarreal\/"]}]},{"@type":"ImageObject","inLanguage":"es","@id":"https:\/\/www.bbmnoticias.com\/labravaradiofm\/2022\/01\/10\/carteles-editores-presenta-oaxaca-la-certeza-del-manana-de-francisco-angel-villarreal\/#primaryimage","url":"https:\/\/www.bbmnoticias.com\/labravaradiofm\/wp-content\/uploads\/sites\/5\/2022\/01\/libro-villareal.jpg","contentUrl":"https:\/\/www.bbmnoticias.com\/labravaradiofm\/wp-content\/uploads\/sites\/5\/2022\/01\/libro-villareal.jpg","width":1024,"height":682},{"@type":"BreadcrumbList","@id":"https:\/\/www.bbmnoticias.com\/labravaradiofm\/2022\/01\/10\/carteles-editores-presenta-oaxaca-la-certeza-del-manana-de-francisco-angel-villarreal\/#breadcrumb","itemListElement":[{"@type":"ListItem","position":1,"name":"Inicio","item":"https:\/\/www.bbmnoticias.com\/labravaradiofm\/"},{"@type":"ListItem","position":2,"name":"Carteles Editores presenta \u201cOaxaca la certeza del ma\u00f1ana\u201d de Francisco \u00c1ngel Villarreal"}]},{"@type":"WebSite","@id":"https:\/\/www.bbmnoticias.com\/labravaradiofm\/#website","url":"https:\/\/www.bbmnoticias.com\/labravaradiofm\/","name":"LA BRAVA RADIO","description":"Empresa productora de medios, Radiodifusi\u00f3n, Noticias, tendencias y todo lo que necesitas saber de la pol\u00edtica mexicana e internacional; entretenimiento, espect\u00e1culos, salud y mucho m\u00e1s.","potentialAction":[{"@type":"SearchAction","target":{"@type":"EntryPoint","urlTemplate":"https:\/\/www.bbmnoticias.com\/labravaradiofm\/?s={search_term_string}"},"query-input":{"@type":"PropertyValueSpecification","valueRequired":true,"valueName":"search_term_string"}}],"inLanguage":"es"},{"@type":"Person","@id":"https:\/\/www.bbmnoticias.com\/labravaradiofm\/#\/schema\/person\/68a9e9036ef3c5b55aeb2b71dc8bab45","name":"Staff","image":{"@type":"ImageObject","inLanguage":"es","@id":"https:\/\/secure.gravatar.com\/avatar\/fdd21ad66fd8b98c407f9dee5b5e588cfe7f0d8579ec20fa6527cd59bab7f0f0?s=96&d=mm&r=g","url":"https:\/\/secure.gravatar.com\/avatar\/fdd21ad66fd8b98c407f9dee5b5e588cfe7f0d8579ec20fa6527cd59bab7f0f0?s=96&d=mm&r=g","contentUrl":"https:\/\/secure.gravatar.com\/avatar\/fdd21ad66fd8b98c407f9dee5b5e588cfe7f0d8579ec20fa6527cd59bab7f0f0?s=96&d=mm&r=g","caption":"Staff"},"url":"https:\/\/www.bbmnoticias.com\/labravaradiofm\/author\/redaccion\/"}]}},"_links":{"self":[{"href":"https:\/\/www.bbmnoticias.com\/labravaradiofm\/wp-json\/wp\/v2\/posts\/8299","targetHints":{"allow":["GET"]}}],"collection":[{"href":"https:\/\/www.bbmnoticias.com\/labravaradiofm\/wp-json\/wp\/v2\/posts"}],"about":[{"href":"https:\/\/www.bbmnoticias.com\/labravaradiofm\/wp-json\/wp\/v2\/types\/post"}],"author":[{"embeddable":true,"href":"https:\/\/www.bbmnoticias.com\/labravaradiofm\/wp-json\/wp\/v2\/users\/2"}],"replies":[{"embeddable":true,"href":"https:\/\/www.bbmnoticias.com\/labravaradiofm\/wp-json\/wp\/v2\/comments?post=8299"}],"version-history":[{"count":0,"href":"https:\/\/www.bbmnoticias.com\/labravaradiofm\/wp-json\/wp\/v2\/posts\/8299\/revisions"}],"wp:featuredmedia":[{"embeddable":true,"href":"https:\/\/www.bbmnoticias.com\/labravaradiofm\/wp-json\/wp\/v2\/media\/8300"}],"wp:attachment":[{"href":"https:\/\/www.bbmnoticias.com\/labravaradiofm\/wp-json\/wp\/v2\/media?parent=8299"}],"wp:term":[{"taxonomy":"category","embeddable":true,"href":"https:\/\/www.bbmnoticias.com\/labravaradiofm\/wp-json\/wp\/v2\/categories?post=8299"},{"taxonomy":"post_tag","embeddable":true,"href":"https:\/\/www.bbmnoticias.com\/labravaradiofm\/wp-json\/wp\/v2\/tags?post=8299"}],"curies":[{"name":"wp","href":"https:\/\/api.w.org\/{rel}","templated":true}]}}