{"id":8292,"date":"2022-01-09T11:11:23","date_gmt":"2022-01-09T17:11:23","guid":{"rendered":"https:\/\/www.bbmnoticias.com\/labravaradiofm\/?p=8292"},"modified":"2022-01-09T11:11:24","modified_gmt":"2022-01-09T17:11:24","slug":"paracaidistas-acaban-con-reserva-ecologica-de-ejido-boca-del-rio","status":"publish","type":"post","link":"https:\/\/www.bbmnoticias.com\/labravaradiofm\/2022\/01\/09\/paracaidistas-acaban-con-reserva-ecologica-de-ejido-boca-del-rio\/","title":{"rendered":"Paracaidistas acaban con reserva ecol\u00f3gica de Ejido Boca del R\u00edo"},"content":{"rendered":"<div style=\"margin-top: 0px; margin-bottom: 0px;\" class=\"sharethis-inline-share-buttons\" ><\/div>\n<p>Salina Cruz, Oaxaca. Una zona de manglares est\u00e1 siendo devastada por un grupo de invasores que pretende apropiarse de terrenos del ejido de Boca Del R\u00edo en Salina Cruz, as\u00ed lo denunci\u00f3 H\u00e9ctor V\u00e1squez Sibaja Presidente del Comisariado Ejidal.<\/p>\n\n\n\n<p>El Presidente de este ejido, denunci\u00f3 que este grupo de paracaidistas est\u00e1 siendo encabezado Enrique Matamoros Rivera y Aurelio Matamoros Marqu\u00e9s, quien a pesar de ser vecinos de la agencia municipal est\u00e1n permitiendo el ingreso de personas ajenas para invadir terrenos.<\/p>\n\n\n\n<p>\u201cEllos iniciaron con la invasi\u00f3n de tierras en la zona conocida como Pol\u00edgono 1, donde se apropiaron de m\u00e1s de 20 hect\u00e1reas sin autorizaci\u00f3n del ejido y ahora pretenden apropiarse de nuestra reserva ecol\u00f3gica\u201d, expres\u00f3.<\/p>\n\n\n\n<p><\/p>\n\n\n\n<figure class=\"wp-block-image size-large\"><img loading=\"lazy\" decoding=\"async\" width=\"1600\" height=\"1200\" src=\"https:\/\/www.bbmnoticias.com\/labravaradiofm\/wp-content\/uploads\/sites\/5\/2022\/01\/paracaidistas-bocadelrio-2.jpg\" alt=\"\" class=\"wp-image-8294\" srcset=\"https:\/\/www.bbmnoticias.com\/labravaradiofm\/wp-content\/uploads\/sites\/5\/2022\/01\/paracaidistas-bocadelrio-2.jpg 1600w, https:\/\/www.bbmnoticias.com\/labravaradiofm\/wp-content\/uploads\/sites\/5\/2022\/01\/paracaidistas-bocadelrio-2-300x225.jpg 300w, https:\/\/www.bbmnoticias.com\/labravaradiofm\/wp-content\/uploads\/sites\/5\/2022\/01\/paracaidistas-bocadelrio-2-1024x768.jpg 1024w, https:\/\/www.bbmnoticias.com\/labravaradiofm\/wp-content\/uploads\/sites\/5\/2022\/01\/paracaidistas-bocadelrio-2-768x576.jpg 768w, https:\/\/www.bbmnoticias.com\/labravaradiofm\/wp-content\/uploads\/sites\/5\/2022\/01\/paracaidistas-bocadelrio-2-1536x1152.jpg 1536w, https:\/\/www.bbmnoticias.com\/labravaradiofm\/wp-content\/uploads\/sites\/5\/2022\/01\/paracaidistas-bocadelrio-2-560x420.jpg 560w, https:\/\/www.bbmnoticias.com\/labravaradiofm\/wp-content\/uploads\/sites\/5\/2022\/01\/paracaidistas-bocadelrio-2-80x60.jpg 80w, https:\/\/www.bbmnoticias.com\/labravaradiofm\/wp-content\/uploads\/sites\/5\/2022\/01\/paracaidistas-bocadelrio-2-100x75.jpg 100w, https:\/\/www.bbmnoticias.com\/labravaradiofm\/wp-content\/uploads\/sites\/5\/2022\/01\/paracaidistas-bocadelrio-2-180x135.jpg 180w, https:\/\/www.bbmnoticias.com\/labravaradiofm\/wp-content\/uploads\/sites\/5\/2022\/01\/paracaidistas-bocadelrio-2-238x178.jpg 238w, https:\/\/www.bbmnoticias.com\/labravaradiofm\/wp-content\/uploads\/sites\/5\/2022\/01\/paracaidistas-bocadelrio-2-640x480.jpg 640w, https:\/\/www.bbmnoticias.com\/labravaradiofm\/wp-content\/uploads\/sites\/5\/2022\/01\/paracaidistas-bocadelrio-2-681x511.jpg 681w\" sizes=\"auto, (max-width: 1600px) 100vw, 1600px\" \/><\/figure>\n\n\n\n<p>Apenas iniciado el a\u00f1o, estas personas comenzaron con la tala de \u00e1rboles y destrozo de manglares en el \u00e1rea conocido como Pol\u00edgono n\u00famero 2 ubicado en el puente zanj\u00f3n y la portada sur de la refiner\u00eda Ingeniero Antonio Dovali Jaime, sobre la carretera que conduce a la agencia municipal de Boca del R\u00edo.<\/p>\n\n\n\n<p>Con la invasi\u00f3n han deforestado arboles que son el pulm\u00f3n de Salina Cruz y de esta agencia municipal.<\/p>\n\n\n\n<p>V\u00e1squez Sibaja y un grupo de ejidatarios, apunt\u00f3 que a pesar de que ya se les notific\u00f3 a estas personas que dejen de hacer da\u00f1o al ecosistema de Boca del R\u00edo, contin\u00faan invitando a ciudadanos de otras colonias a comprar estos predios.<\/p>\n\n\n\n<p>\u201cEstas tierras no son negociables ni transferibles y vamos a protegerla\u201d, puntualiz\u00f3.<\/p>\n","protected":false},"excerpt":{"rendered":"<p>Salina Cruz, Oaxaca. Una zona de manglares est\u00e1 siendo devastada por un grupo de invasores que pretende apropiarse de terrenos del ejido de Boca Del R\u00edo en Salina Cruz, as\u00ed lo denunci\u00f3 H\u00e9ctor V\u00e1squez Sibaja Presidente del Comisariado Ejidal. El Presidente de este ejido, denunci\u00f3 que este grupo de paracaidistas est\u00e1 siendo encabezado Enrique Matamoros [&hellip;]<\/p>\n","protected":false},"author":3,"featured_media":8293,"comment_status":"closed","ping_status":"closed","sticky":false,"template":"","format":"standard","meta":{"footnotes":""},"categories":[1],"tags":[],"class_list":{"0":"post-8292","1":"post","2":"type-post","3":"status-publish","4":"format-standard","5":"has-post-thumbnail","7":"category-sin-categoria"},"yoast_head":"<!-- This site is optimized with the Yoast SEO plugin v27.4 - https:\/\/yoast.com\/product\/yoast-seo-wordpress\/ -->\n<title>Paracaidistas acaban con reserva ecol\u00f3gica de Ejido Boca del R\u00edo - LA BRAVA RADIO<\/title>\n<meta name=\"robots\" content=\"index, follow, max-snippet:-1, max-image-preview:large, max-video-preview:-1\" \/>\n<link rel=\"canonical\" href=\"https:\/\/www.bbmnoticias.com\/labravaradiofm\/2022\/01\/09\/paracaidistas-acaban-con-reserva-ecologica-de-ejido-boca-del-rio\/\" \/>\n<meta property=\"og:locale\" content=\"es_MX\" \/>\n<meta property=\"og:type\" content=\"article\" \/>\n<meta property=\"og:title\" content=\"Paracaidistas acaban con reserva ecol\u00f3gica de Ejido Boca del R\u00edo - LA BRAVA RADIO\" \/>\n<meta property=\"og:description\" content=\"Salina Cruz, Oaxaca. Una zona de manglares est\u00e1 siendo devastada por un grupo de invasores que pretende apropiarse de terrenos del ejido de Boca Del R\u00edo en Salina Cruz, as\u00ed lo denunci\u00f3 H\u00e9ctor V\u00e1squez Sibaja Presidente del Comisariado Ejidal. El Presidente de este ejido, denunci\u00f3 que este grupo de paracaidistas est\u00e1 siendo encabezado Enrique Matamoros [&hellip;]\" \/>\n<meta property=\"og:url\" content=\"https:\/\/www.bbmnoticias.com\/labravaradiofm\/2022\/01\/09\/paracaidistas-acaban-con-reserva-ecologica-de-ejido-boca-del-rio\/\" \/>\n<meta property=\"og:site_name\" content=\"LA BRAVA RADIO\" \/>\n<meta property=\"article:author\" content=\"https:\/\/www.facebook.com\/EdwinMeneses30\" \/>\n<meta property=\"article:published_time\" content=\"2022-01-09T17:11:23+00:00\" \/>\n<meta property=\"article:modified_time\" content=\"2022-01-09T17:11:24+00:00\" \/>\n<meta property=\"og:image\" content=\"https:\/\/www.bbmnoticias.com\/labravaradiofm\/wp-content\/uploads\/sites\/5\/2022\/01\/paracaidistas-bocadelrio.jpg\" \/>\n\t<meta property=\"og:image:width\" content=\"1600\" \/>\n\t<meta property=\"og:image:height\" content=\"1200\" \/>\n\t<meta property=\"og:image:type\" content=\"image\/jpeg\" \/>\n<meta name=\"author\" content=\"Edwin MENESES\" \/>\n<meta name=\"twitter:card\" content=\"summary_large_image\" \/>\n<meta name=\"twitter:creator\" content=\"@https:\/\/twitter.com\/edwin_meneses81\" \/>\n<meta name=\"twitter:label1\" content=\"Escrito por\" \/>\n\t<meta name=\"twitter:data1\" content=\"Edwin MENESES\" \/>\n\t<meta name=\"twitter:label2\" content=\"Tiempo de lectura\" \/>\n\t<meta name=\"twitter:data2\" content=\"2 minutos\" \/>\n<script type=\"application\/ld+json\" class=\"yoast-schema-graph\">{\"@context\":\"https:\\\/\\\/schema.org\",\"@graph\":[{\"@type\":\"Article\",\"@id\":\"https:\\\/\\\/www.bbmnoticias.com\\\/labravaradiofm\\\/2022\\\/01\\\/09\\\/paracaidistas-acaban-con-reserva-ecologica-de-ejido-boca-del-rio\\\/#article\",\"isPartOf\":{\"@id\":\"https:\\\/\\\/www.bbmnoticias.com\\\/labravaradiofm\\\/2022\\\/01\\\/09\\\/paracaidistas-acaban-con-reserva-ecologica-de-ejido-boca-del-rio\\\/\"},\"author\":{\"name\":\"Edwin MENESES\",\"@id\":\"https:\\\/\\\/www.bbmnoticias.com\\\/labravaradiofm\\\/#\\\/schema\\\/person\\\/9b02a4c779df75b578b6413d0d44d6b6\"},\"headline\":\"Paracaidistas acaban con reserva ecol\u00f3gica de Ejido Boca del R\u00edo\",\"datePublished\":\"2022-01-09T17:11:23+00:00\",\"dateModified\":\"2022-01-09T17:11:24+00:00\",\"mainEntityOfPage\":{\"@id\":\"https:\\\/\\\/www.bbmnoticias.com\\\/labravaradiofm\\\/2022\\\/01\\\/09\\\/paracaidistas-acaban-con-reserva-ecologica-de-ejido-boca-del-rio\\\/\"},\"wordCount\":272,\"image\":{\"@id\":\"https:\\\/\\\/www.bbmnoticias.com\\\/labravaradiofm\\\/2022\\\/01\\\/09\\\/paracaidistas-acaban-con-reserva-ecologica-de-ejido-boca-del-rio\\\/#primaryimage\"},\"thumbnailUrl\":\"https:\\\/\\\/www.bbmnoticias.com\\\/labravaradiofm\\\/wp-content\\\/uploads\\\/sites\\\/5\\\/2022\\\/01\\\/paracaidistas-bocadelrio.jpg\",\"inLanguage\":\"es\"},{\"@type\":\"WebPage\",\"@id\":\"https:\\\/\\\/www.bbmnoticias.com\\\/labravaradiofm\\\/2022\\\/01\\\/09\\\/paracaidistas-acaban-con-reserva-ecologica-de-ejido-boca-del-rio\\\/\",\"url\":\"https:\\\/\\\/www.bbmnoticias.com\\\/labravaradiofm\\\/2022\\\/01\\\/09\\\/paracaidistas-acaban-con-reserva-ecologica-de-ejido-boca-del-rio\\\/\",\"name\":\"Paracaidistas acaban con reserva ecol\u00f3gica de Ejido Boca del R\u00edo - LA BRAVA RADIO\",\"isPartOf\":{\"@id\":\"https:\\\/\\\/www.bbmnoticias.com\\\/labravaradiofm\\\/#website\"},\"primaryImageOfPage\":{\"@id\":\"https:\\\/\\\/www.bbmnoticias.com\\\/labravaradiofm\\\/2022\\\/01\\\/09\\\/paracaidistas-acaban-con-reserva-ecologica-de-ejido-boca-del-rio\\\/#primaryimage\"},\"image\":{\"@id\":\"https:\\\/\\\/www.bbmnoticias.com\\\/labravaradiofm\\\/2022\\\/01\\\/09\\\/paracaidistas-acaban-con-reserva-ecologica-de-ejido-boca-del-rio\\\/#primaryimage\"},\"thumbnailUrl\":\"https:\\\/\\\/www.bbmnoticias.com\\\/labravaradiofm\\\/wp-content\\\/uploads\\\/sites\\\/5\\\/2022\\\/01\\\/paracaidistas-bocadelrio.jpg\",\"datePublished\":\"2022-01-09T17:11:23+00:00\",\"dateModified\":\"2022-01-09T17:11:24+00:00\",\"author\":{\"@id\":\"https:\\\/\\\/www.bbmnoticias.com\\\/labravaradiofm\\\/#\\\/schema\\\/person\\\/9b02a4c779df75b578b6413d0d44d6b6\"},\"breadcrumb\":{\"@id\":\"https:\\\/\\\/www.bbmnoticias.com\\\/labravaradiofm\\\/2022\\\/01\\\/09\\\/paracaidistas-acaban-con-reserva-ecologica-de-ejido-boca-del-rio\\\/#breadcrumb\"},\"inLanguage\":\"es\",\"potentialAction\":[{\"@type\":\"ReadAction\",\"target\":[\"https:\\\/\\\/www.bbmnoticias.com\\\/labravaradiofm\\\/2022\\\/01\\\/09\\\/paracaidistas-acaban-con-reserva-ecologica-de-ejido-boca-del-rio\\\/\"]}]},{\"@type\":\"ImageObject\",\"inLanguage\":\"es\",\"@id\":\"https:\\\/\\\/www.bbmnoticias.com\\\/labravaradiofm\\\/2022\\\/01\\\/09\\\/paracaidistas-acaban-con-reserva-ecologica-de-ejido-boca-del-rio\\\/#primaryimage\",\"url\":\"https:\\\/\\\/www.bbmnoticias.com\\\/labravaradiofm\\\/wp-content\\\/uploads\\\/sites\\\/5\\\/2022\\\/01\\\/paracaidistas-bocadelrio.jpg\",\"contentUrl\":\"https:\\\/\\\/www.bbmnoticias.com\\\/labravaradiofm\\\/wp-content\\\/uploads\\\/sites\\\/5\\\/2022\\\/01\\\/paracaidistas-bocadelrio.jpg\",\"width\":1600,\"height\":1200},{\"@type\":\"BreadcrumbList\",\"@id\":\"https:\\\/\\\/www.bbmnoticias.com\\\/labravaradiofm\\\/2022\\\/01\\\/09\\\/paracaidistas-acaban-con-reserva-ecologica-de-ejido-boca-del-rio\\\/#breadcrumb\",\"itemListElement\":[{\"@type\":\"ListItem\",\"position\":1,\"name\":\"Inicio\",\"item\":\"https:\\\/\\\/www.bbmnoticias.com\\\/labravaradiofm\\\/\"},{\"@type\":\"ListItem\",\"position\":2,\"name\":\"Paracaidistas acaban con reserva ecol\u00f3gica de Ejido Boca del R\u00edo\"}]},{\"@type\":\"WebSite\",\"@id\":\"https:\\\/\\\/www.bbmnoticias.com\\\/labravaradiofm\\\/#website\",\"url\":\"https:\\\/\\\/www.bbmnoticias.com\\\/labravaradiofm\\\/\",\"name\":\"LA BRAVA RADIO\",\"description\":\"Empresa productora de medios, Radiodifusi\u00f3n, Noticias, tendencias y todo lo que necesitas saber de la pol\u00edtica mexicana e internacional; entretenimiento, espect\u00e1culos, salud y mucho m\u00e1s.\",\"potentialAction\":[{\"@type\":\"SearchAction\",\"target\":{\"@type\":\"EntryPoint\",\"urlTemplate\":\"https:\\\/\\\/www.bbmnoticias.com\\\/labravaradiofm\\\/?s={search_term_string}\"},\"query-input\":{\"@type\":\"PropertyValueSpecification\",\"valueRequired\":true,\"valueName\":\"search_term_string\"}}],\"inLanguage\":\"es\"},{\"@type\":\"Person\",\"@id\":\"https:\\\/\\\/www.bbmnoticias.com\\\/labravaradiofm\\\/#\\\/schema\\\/person\\\/9b02a4c779df75b578b6413d0d44d6b6\",\"name\":\"Edwin MENESES\",\"image\":{\"@type\":\"ImageObject\",\"inLanguage\":\"es\",\"@id\":\"https:\\\/\\\/secure.gravatar.com\\\/avatar\\\/202a15439445248653d719ff745fa195bcc0553404b070fe317543754f253c4f?s=96&d=mm&r=g\",\"url\":\"https:\\\/\\\/secure.gravatar.com\\\/avatar\\\/202a15439445248653d719ff745fa195bcc0553404b070fe317543754f253c4f?s=96&d=mm&r=g\",\"contentUrl\":\"https:\\\/\\\/secure.gravatar.com\\\/avatar\\\/202a15439445248653d719ff745fa195bcc0553404b070fe317543754f253c4f?s=96&d=mm&r=g\",\"caption\":\"Edwin MENESES\"},\"sameAs\":[\"https:\\\/\\\/www.bbmnoticias.com\",\"https:\\\/\\\/www.facebook.com\\\/EdwinMeneses30\",\"https:\\\/\\\/x.com\\\/https:\\\/\\\/twitter.com\\\/edwin_meneses81\"],\"url\":\"https:\\\/\\\/www.bbmnoticias.com\\\/labravaradiofm\\\/author\\\/edwin\\\/\"}]}<\/script>\n<!-- \/ Yoast SEO plugin. -->","yoast_head_json":{"title":"Paracaidistas acaban con reserva ecol\u00f3gica de Ejido Boca del R\u00edo - LA BRAVA RADIO","robots":{"index":"index","follow":"follow","max-snippet":"max-snippet:-1","max-image-preview":"max-image-preview:large","max-video-preview":"max-video-preview:-1"},"canonical":"https:\/\/www.bbmnoticias.com\/labravaradiofm\/2022\/01\/09\/paracaidistas-acaban-con-reserva-ecologica-de-ejido-boca-del-rio\/","og_locale":"es_MX","og_type":"article","og_title":"Paracaidistas acaban con reserva ecol\u00f3gica de Ejido Boca del R\u00edo - LA BRAVA RADIO","og_description":"Salina Cruz, Oaxaca. Una zona de manglares est\u00e1 siendo devastada por un grupo de invasores que pretende apropiarse de terrenos del ejido de Boca Del R\u00edo en Salina Cruz, as\u00ed lo denunci\u00f3 H\u00e9ctor V\u00e1squez Sibaja Presidente del Comisariado Ejidal. El Presidente de este ejido, denunci\u00f3 que este grupo de paracaidistas est\u00e1 siendo encabezado Enrique Matamoros [&hellip;]","og_url":"https:\/\/www.bbmnoticias.com\/labravaradiofm\/2022\/01\/09\/paracaidistas-acaban-con-reserva-ecologica-de-ejido-boca-del-rio\/","og_site_name":"LA BRAVA RADIO","article_author":"https:\/\/www.facebook.com\/EdwinMeneses30","article_published_time":"2022-01-09T17:11:23+00:00","article_modified_time":"2022-01-09T17:11:24+00:00","og_image":[{"width":1600,"height":1200,"url":"https:\/\/www.bbmnoticias.com\/labravaradiofm\/wp-content\/uploads\/sites\/5\/2022\/01\/paracaidistas-bocadelrio.jpg","type":"image\/jpeg"}],"author":"Edwin MENESES","twitter_card":"summary_large_image","twitter_creator":"@https:\/\/twitter.com\/edwin_meneses81","twitter_misc":{"Escrito por":"Edwin MENESES","Tiempo de lectura":"2 minutos"},"schema":{"@context":"https:\/\/schema.org","@graph":[{"@type":"Article","@id":"https:\/\/www.bbmnoticias.com\/labravaradiofm\/2022\/01\/09\/paracaidistas-acaban-con-reserva-ecologica-de-ejido-boca-del-rio\/#article","isPartOf":{"@id":"https:\/\/www.bbmnoticias.com\/labravaradiofm\/2022\/01\/09\/paracaidistas-acaban-con-reserva-ecologica-de-ejido-boca-del-rio\/"},"author":{"name":"Edwin MENESES","@id":"https:\/\/www.bbmnoticias.com\/labravaradiofm\/#\/schema\/person\/9b02a4c779df75b578b6413d0d44d6b6"},"headline":"Paracaidistas acaban con reserva ecol\u00f3gica de Ejido Boca del R\u00edo","datePublished":"2022-01-09T17:11:23+00:00","dateModified":"2022-01-09T17:11:24+00:00","mainEntityOfPage":{"@id":"https:\/\/www.bbmnoticias.com\/labravaradiofm\/2022\/01\/09\/paracaidistas-acaban-con-reserva-ecologica-de-ejido-boca-del-rio\/"},"wordCount":272,"image":{"@id":"https:\/\/www.bbmnoticias.com\/labravaradiofm\/2022\/01\/09\/paracaidistas-acaban-con-reserva-ecologica-de-ejido-boca-del-rio\/#primaryimage"},"thumbnailUrl":"https:\/\/www.bbmnoticias.com\/labravaradiofm\/wp-content\/uploads\/sites\/5\/2022\/01\/paracaidistas-bocadelrio.jpg","inLanguage":"es"},{"@type":"WebPage","@id":"https:\/\/www.bbmnoticias.com\/labravaradiofm\/2022\/01\/09\/paracaidistas-acaban-con-reserva-ecologica-de-ejido-boca-del-rio\/","url":"https:\/\/www.bbmnoticias.com\/labravaradiofm\/2022\/01\/09\/paracaidistas-acaban-con-reserva-ecologica-de-ejido-boca-del-rio\/","name":"Paracaidistas acaban con reserva ecol\u00f3gica de Ejido Boca del R\u00edo - LA BRAVA RADIO","isPartOf":{"@id":"https:\/\/www.bbmnoticias.com\/labravaradiofm\/#website"},"primaryImageOfPage":{"@id":"https:\/\/www.bbmnoticias.com\/labravaradiofm\/2022\/01\/09\/paracaidistas-acaban-con-reserva-ecologica-de-ejido-boca-del-rio\/#primaryimage"},"image":{"@id":"https:\/\/www.bbmnoticias.com\/labravaradiofm\/2022\/01\/09\/paracaidistas-acaban-con-reserva-ecologica-de-ejido-boca-del-rio\/#primaryimage"},"thumbnailUrl":"https:\/\/www.bbmnoticias.com\/labravaradiofm\/wp-content\/uploads\/sites\/5\/2022\/01\/paracaidistas-bocadelrio.jpg","datePublished":"2022-01-09T17:11:23+00:00","dateModified":"2022-01-09T17:11:24+00:00","author":{"@id":"https:\/\/www.bbmnoticias.com\/labravaradiofm\/#\/schema\/person\/9b02a4c779df75b578b6413d0d44d6b6"},"breadcrumb":{"@id":"https:\/\/www.bbmnoticias.com\/labravaradiofm\/2022\/01\/09\/paracaidistas-acaban-con-reserva-ecologica-de-ejido-boca-del-rio\/#breadcrumb"},"inLanguage":"es","potentialAction":[{"@type":"ReadAction","target":["https:\/\/www.bbmnoticias.com\/labravaradiofm\/2022\/01\/09\/paracaidistas-acaban-con-reserva-ecologica-de-ejido-boca-del-rio\/"]}]},{"@type":"ImageObject","inLanguage":"es","@id":"https:\/\/www.bbmnoticias.com\/labravaradiofm\/2022\/01\/09\/paracaidistas-acaban-con-reserva-ecologica-de-ejido-boca-del-rio\/#primaryimage","url":"https:\/\/www.bbmnoticias.com\/labravaradiofm\/wp-content\/uploads\/sites\/5\/2022\/01\/paracaidistas-bocadelrio.jpg","contentUrl":"https:\/\/www.bbmnoticias.com\/labravaradiofm\/wp-content\/uploads\/sites\/5\/2022\/01\/paracaidistas-bocadelrio.jpg","width":1600,"height":1200},{"@type":"BreadcrumbList","@id":"https:\/\/www.bbmnoticias.com\/labravaradiofm\/2022\/01\/09\/paracaidistas-acaban-con-reserva-ecologica-de-ejido-boca-del-rio\/#breadcrumb","itemListElement":[{"@type":"ListItem","position":1,"name":"Inicio","item":"https:\/\/www.bbmnoticias.com\/labravaradiofm\/"},{"@type":"ListItem","position":2,"name":"Paracaidistas acaban con reserva ecol\u00f3gica de Ejido Boca del R\u00edo"}]},{"@type":"WebSite","@id":"https:\/\/www.bbmnoticias.com\/labravaradiofm\/#website","url":"https:\/\/www.bbmnoticias.com\/labravaradiofm\/","name":"LA BRAVA RADIO","description":"Empresa productora de medios, Radiodifusi\u00f3n, Noticias, tendencias y todo lo que necesitas saber de la pol\u00edtica mexicana e internacional; entretenimiento, espect\u00e1culos, salud y mucho m\u00e1s.","potentialAction":[{"@type":"SearchAction","target":{"@type":"EntryPoint","urlTemplate":"https:\/\/www.bbmnoticias.com\/labravaradiofm\/?s={search_term_string}"},"query-input":{"@type":"PropertyValueSpecification","valueRequired":true,"valueName":"search_term_string"}}],"inLanguage":"es"},{"@type":"Person","@id":"https:\/\/www.bbmnoticias.com\/labravaradiofm\/#\/schema\/person\/9b02a4c779df75b578b6413d0d44d6b6","name":"Edwin MENESES","image":{"@type":"ImageObject","inLanguage":"es","@id":"https:\/\/secure.gravatar.com\/avatar\/202a15439445248653d719ff745fa195bcc0553404b070fe317543754f253c4f?s=96&d=mm&r=g","url":"https:\/\/secure.gravatar.com\/avatar\/202a15439445248653d719ff745fa195bcc0553404b070fe317543754f253c4f?s=96&d=mm&r=g","contentUrl":"https:\/\/secure.gravatar.com\/avatar\/202a15439445248653d719ff745fa195bcc0553404b070fe317543754f253c4f?s=96&d=mm&r=g","caption":"Edwin MENESES"},"sameAs":["https:\/\/www.bbmnoticias.com","https:\/\/www.facebook.com\/EdwinMeneses30","https:\/\/x.com\/https:\/\/twitter.com\/edwin_meneses81"],"url":"https:\/\/www.bbmnoticias.com\/labravaradiofm\/author\/edwin\/"}]}},"_links":{"self":[{"href":"https:\/\/www.bbmnoticias.com\/labravaradiofm\/wp-json\/wp\/v2\/posts\/8292","targetHints":{"allow":["GET"]}}],"collection":[{"href":"https:\/\/www.bbmnoticias.com\/labravaradiofm\/wp-json\/wp\/v2\/posts"}],"about":[{"href":"https:\/\/www.bbmnoticias.com\/labravaradiofm\/wp-json\/wp\/v2\/types\/post"}],"author":[{"embeddable":true,"href":"https:\/\/www.bbmnoticias.com\/labravaradiofm\/wp-json\/wp\/v2\/users\/3"}],"replies":[{"embeddable":true,"href":"https:\/\/www.bbmnoticias.com\/labravaradiofm\/wp-json\/wp\/v2\/comments?post=8292"}],"version-history":[{"count":0,"href":"https:\/\/www.bbmnoticias.com\/labravaradiofm\/wp-json\/wp\/v2\/posts\/8292\/revisions"}],"wp:featuredmedia":[{"embeddable":true,"href":"https:\/\/www.bbmnoticias.com\/labravaradiofm\/wp-json\/wp\/v2\/media\/8293"}],"wp:attachment":[{"href":"https:\/\/www.bbmnoticias.com\/labravaradiofm\/wp-json\/wp\/v2\/media?parent=8292"}],"wp:term":[{"taxonomy":"category","embeddable":true,"href":"https:\/\/www.bbmnoticias.com\/labravaradiofm\/wp-json\/wp\/v2\/categories?post=8292"},{"taxonomy":"post_tag","embeddable":true,"href":"https:\/\/www.bbmnoticias.com\/labravaradiofm\/wp-json\/wp\/v2\/tags?post=8292"}],"curies":[{"name":"wp","href":"https:\/\/api.w.org\/{rel}","templated":true}]}}