{"id":8288,"date":"2022-01-08T13:33:47","date_gmt":"2022-01-08T19:33:47","guid":{"rendered":"https:\/\/www.bbmnoticias.com\/labravaradiofm\/?p=8288"},"modified":"2022-01-09T11:12:20","modified_gmt":"2022-01-09T17:12:20","slug":"la-zona-humeda-del-istmo-inicia-el-ano-con-dos-ejecutados-en-menos-de-24-horas","status":"publish","type":"post","link":"https:\/\/www.bbmnoticias.com\/labravaradiofm\/2022\/01\/08\/la-zona-humeda-del-istmo-inicia-el-ano-con-dos-ejecutados-en-menos-de-24-horas\/","title":{"rendered":"La Zona H\u00fameda del Istmo inicia el a\u00f1o con dos ejecutados en menos de 24 horas"},"content":{"rendered":"<div style=\"margin-top: 0px; margin-bottom: 0px;\" class=\"sharethis-inline-share-buttons\" ><\/div>\n<p>Mat\u00edas Romero, Oaxaca. En menos de 24 horas e iniciado este 2022 la Zona H\u00fameda del Istmo, registr\u00f3 dos ejecutados, un hombre y una mujer en hechos distintos.<\/p>\n\n\n\n<p>La violencia en esta regi\u00f3n, marc\u00f3 la primera estad\u00edstica de este a\u00f1o el d\u00eda de ayer por la tarde, con un asesinato en la colonia Barrio Nuevo sobre la calle Ernesto Guzm\u00e1n Clark casi esquina con Graciano Pineda, a la entrada de un negocio de fierro viejo.<\/p>\n\n\n\n<p>Ah\u00ed fue ultimado a balazos un masculino del que se presume es vecino de la poblaci\u00f3n de Guivicia, perteneciente al municipio de Santa Mar\u00eda Petapa, quien fue sorprendido cuando se encontraba ingiriendo bebidas embriagantes en compa\u00f1\u00eda de otras personas.<\/p>\n\n\n\n<p><\/p>\n\n\n\n<figure class=\"wp-block-image size-large\"><img loading=\"lazy\" decoding=\"async\" width=\"1331\" height=\"645\" src=\"https:\/\/www.bbmnoticias.com\/labravaradiofm\/wp-content\/uploads\/sites\/5\/2022\/01\/muerto-juchitan-2.jpg\" alt=\"\" class=\"wp-image-8290\" srcset=\"https:\/\/www.bbmnoticias.com\/labravaradiofm\/wp-content\/uploads\/sites\/5\/2022\/01\/muerto-juchitan-2.jpg 1331w, https:\/\/www.bbmnoticias.com\/labravaradiofm\/wp-content\/uploads\/sites\/5\/2022\/01\/muerto-juchitan-2-300x145.jpg 300w, https:\/\/www.bbmnoticias.com\/labravaradiofm\/wp-content\/uploads\/sites\/5\/2022\/01\/muerto-juchitan-2-1024x496.jpg 1024w, https:\/\/www.bbmnoticias.com\/labravaradiofm\/wp-content\/uploads\/sites\/5\/2022\/01\/muerto-juchitan-2-768x372.jpg 768w, https:\/\/www.bbmnoticias.com\/labravaradiofm\/wp-content\/uploads\/sites\/5\/2022\/01\/muerto-juchitan-2-867x420.jpg 867w, https:\/\/www.bbmnoticias.com\/labravaradiofm\/wp-content\/uploads\/sites\/5\/2022\/01\/muerto-juchitan-2-640x310.jpg 640w, https:\/\/www.bbmnoticias.com\/labravaradiofm\/wp-content\/uploads\/sites\/5\/2022\/01\/muerto-juchitan-2-681x330.jpg 681w\" sizes=\"auto, (max-width: 1331px) 100vw, 1331px\" \/><\/figure>\n\n\n\n<p>Esta ma\u00f1ana, sobre el camino que conduce a la poblaci\u00f3n de Septune, Santa Mar\u00eda Petapa, fue encontrado el cuerpo de una mujer que presentaba impactos de arma de fuego y a su lado casquillos percutidos de arma de fuego de grueso calibre.<\/p>\n\n\n\n<p>El cuerpo de la f\u00e9mina qued\u00f3 tendido la calle Guti\u00e9rrez N\u00e1jera cerca de una cantina.<\/p>\n\n\n\n<p>Al lugar arribaron corporaciones policiacas para las diligencias correspondientes y el levantamiento del cuerpo.<\/p>\n\n\n\n<p>La v\u00edctima hasta el momento no ha logrado ser identificada.<\/p>\n","protected":false},"excerpt":{"rendered":"<p>Mat\u00edas Romero, Oaxaca. En menos de 24 horas e iniciado este 2022 la Zona H\u00fameda del Istmo, registr\u00f3 dos ejecutados, un hombre y una mujer en hechos distintos. La violencia en esta regi\u00f3n, marc\u00f3 la primera estad\u00edstica de este a\u00f1o el d\u00eda de ayer por la tarde, con un asesinato en la colonia Barrio Nuevo [&hellip;]<\/p>\n","protected":false},"author":3,"featured_media":8289,"comment_status":"closed","ping_status":"closed","sticky":false,"template":"","format":"standard","meta":{"footnotes":""},"categories":[2],"tags":[],"class_list":{"0":"post-8288","1":"post","2":"type-post","3":"status-publish","4":"format-standard","5":"has-post-thumbnail","7":"category-oaxaca"},"yoast_head":"<!-- This site is optimized with the Yoast SEO plugin v27.4 - https:\/\/yoast.com\/product\/yoast-seo-wordpress\/ -->\n<title>La Zona H\u00fameda del Istmo inicia el a\u00f1o con dos ejecutados en menos de 24 horas - LA BRAVA RADIO<\/title>\n<meta name=\"robots\" content=\"index, follow, max-snippet:-1, max-image-preview:large, max-video-preview:-1\" \/>\n<link rel=\"canonical\" href=\"https:\/\/www.bbmnoticias.com\/labravaradiofm\/2022\/01\/08\/la-zona-humeda-del-istmo-inicia-el-ano-con-dos-ejecutados-en-menos-de-24-horas\/\" \/>\n<meta property=\"og:locale\" content=\"es_MX\" \/>\n<meta property=\"og:type\" content=\"article\" \/>\n<meta property=\"og:title\" content=\"La Zona H\u00fameda del Istmo inicia el a\u00f1o con dos ejecutados en menos de 24 horas - LA BRAVA RADIO\" \/>\n<meta property=\"og:description\" content=\"Mat\u00edas Romero, Oaxaca. En menos de 24 horas e iniciado este 2022 la Zona H\u00fameda del Istmo, registr\u00f3 dos ejecutados, un hombre y una mujer en hechos distintos. La violencia en esta regi\u00f3n, marc\u00f3 la primera estad\u00edstica de este a\u00f1o el d\u00eda de ayer por la tarde, con un asesinato en la colonia Barrio Nuevo [&hellip;]\" \/>\n<meta property=\"og:url\" content=\"https:\/\/www.bbmnoticias.com\/labravaradiofm\/2022\/01\/08\/la-zona-humeda-del-istmo-inicia-el-ano-con-dos-ejecutados-en-menos-de-24-horas\/\" \/>\n<meta property=\"og:site_name\" content=\"LA BRAVA RADIO\" \/>\n<meta property=\"article:author\" content=\"https:\/\/www.facebook.com\/EdwinMeneses30\" \/>\n<meta property=\"article:published_time\" content=\"2022-01-08T19:33:47+00:00\" \/>\n<meta property=\"article:modified_time\" content=\"2022-01-09T17:12:20+00:00\" \/>\n<meta property=\"og:image\" content=\"https:\/\/www.bbmnoticias.com\/labravaradiofm\/wp-content\/uploads\/sites\/5\/2022\/01\/muerto-juchitan.jpg\" \/>\n\t<meta property=\"og:image:width\" content=\"960\" \/>\n\t<meta property=\"og:image:height\" content=\"719\" \/>\n\t<meta property=\"og:image:type\" content=\"image\/jpeg\" \/>\n<meta name=\"author\" content=\"Edwin MENESES\" \/>\n<meta name=\"twitter:card\" content=\"summary_large_image\" \/>\n<meta name=\"twitter:creator\" content=\"@https:\/\/twitter.com\/edwin_meneses81\" \/>\n<meta name=\"twitter:label1\" content=\"Escrito por\" \/>\n\t<meta name=\"twitter:data1\" content=\"Edwin MENESES\" \/>\n\t<meta name=\"twitter:label2\" content=\"Tiempo de lectura\" \/>\n\t<meta name=\"twitter:data2\" content=\"2 minutos\" \/>\n<script type=\"application\/ld+json\" class=\"yoast-schema-graph\">{\"@context\":\"https:\\\/\\\/schema.org\",\"@graph\":[{\"@type\":\"Article\",\"@id\":\"https:\\\/\\\/www.bbmnoticias.com\\\/labravaradiofm\\\/2022\\\/01\\\/08\\\/la-zona-humeda-del-istmo-inicia-el-ano-con-dos-ejecutados-en-menos-de-24-horas\\\/#article\",\"isPartOf\":{\"@id\":\"https:\\\/\\\/www.bbmnoticias.com\\\/labravaradiofm\\\/2022\\\/01\\\/08\\\/la-zona-humeda-del-istmo-inicia-el-ano-con-dos-ejecutados-en-menos-de-24-horas\\\/\"},\"author\":{\"name\":\"Edwin MENESES\",\"@id\":\"https:\\\/\\\/www.bbmnoticias.com\\\/labravaradiofm\\\/#\\\/schema\\\/person\\\/9b02a4c779df75b578b6413d0d44d6b6\"},\"headline\":\"La Zona H\u00fameda del Istmo inicia el a\u00f1o con dos ejecutados en menos de 24 horas\",\"datePublished\":\"2022-01-08T19:33:47+00:00\",\"dateModified\":\"2022-01-09T17:12:20+00:00\",\"mainEntityOfPage\":{\"@id\":\"https:\\\/\\\/www.bbmnoticias.com\\\/labravaradiofm\\\/2022\\\/01\\\/08\\\/la-zona-humeda-del-istmo-inicia-el-ano-con-dos-ejecutados-en-menos-de-24-horas\\\/\"},\"wordCount\":227,\"image\":{\"@id\":\"https:\\\/\\\/www.bbmnoticias.com\\\/labravaradiofm\\\/2022\\\/01\\\/08\\\/la-zona-humeda-del-istmo-inicia-el-ano-con-dos-ejecutados-en-menos-de-24-horas\\\/#primaryimage\"},\"thumbnailUrl\":\"https:\\\/\\\/www.bbmnoticias.com\\\/labravaradiofm\\\/wp-content\\\/uploads\\\/sites\\\/5\\\/2022\\\/01\\\/muerto-juchitan.jpg\",\"articleSection\":[\"LOCAL\"],\"inLanguage\":\"es\"},{\"@type\":\"WebPage\",\"@id\":\"https:\\\/\\\/www.bbmnoticias.com\\\/labravaradiofm\\\/2022\\\/01\\\/08\\\/la-zona-humeda-del-istmo-inicia-el-ano-con-dos-ejecutados-en-menos-de-24-horas\\\/\",\"url\":\"https:\\\/\\\/www.bbmnoticias.com\\\/labravaradiofm\\\/2022\\\/01\\\/08\\\/la-zona-humeda-del-istmo-inicia-el-ano-con-dos-ejecutados-en-menos-de-24-horas\\\/\",\"name\":\"La Zona H\u00fameda del Istmo inicia el a\u00f1o con dos ejecutados en menos de 24 horas - LA BRAVA RADIO\",\"isPartOf\":{\"@id\":\"https:\\\/\\\/www.bbmnoticias.com\\\/labravaradiofm\\\/#website\"},\"primaryImageOfPage\":{\"@id\":\"https:\\\/\\\/www.bbmnoticias.com\\\/labravaradiofm\\\/2022\\\/01\\\/08\\\/la-zona-humeda-del-istmo-inicia-el-ano-con-dos-ejecutados-en-menos-de-24-horas\\\/#primaryimage\"},\"image\":{\"@id\":\"https:\\\/\\\/www.bbmnoticias.com\\\/labravaradiofm\\\/2022\\\/01\\\/08\\\/la-zona-humeda-del-istmo-inicia-el-ano-con-dos-ejecutados-en-menos-de-24-horas\\\/#primaryimage\"},\"thumbnailUrl\":\"https:\\\/\\\/www.bbmnoticias.com\\\/labravaradiofm\\\/wp-content\\\/uploads\\\/sites\\\/5\\\/2022\\\/01\\\/muerto-juchitan.jpg\",\"datePublished\":\"2022-01-08T19:33:47+00:00\",\"dateModified\":\"2022-01-09T17:12:20+00:00\",\"author\":{\"@id\":\"https:\\\/\\\/www.bbmnoticias.com\\\/labravaradiofm\\\/#\\\/schema\\\/person\\\/9b02a4c779df75b578b6413d0d44d6b6\"},\"breadcrumb\":{\"@id\":\"https:\\\/\\\/www.bbmnoticias.com\\\/labravaradiofm\\\/2022\\\/01\\\/08\\\/la-zona-humeda-del-istmo-inicia-el-ano-con-dos-ejecutados-en-menos-de-24-horas\\\/#breadcrumb\"},\"inLanguage\":\"es\",\"potentialAction\":[{\"@type\":\"ReadAction\",\"target\":[\"https:\\\/\\\/www.bbmnoticias.com\\\/labravaradiofm\\\/2022\\\/01\\\/08\\\/la-zona-humeda-del-istmo-inicia-el-ano-con-dos-ejecutados-en-menos-de-24-horas\\\/\"]}]},{\"@type\":\"ImageObject\",\"inLanguage\":\"es\",\"@id\":\"https:\\\/\\\/www.bbmnoticias.com\\\/labravaradiofm\\\/2022\\\/01\\\/08\\\/la-zona-humeda-del-istmo-inicia-el-ano-con-dos-ejecutados-en-menos-de-24-horas\\\/#primaryimage\",\"url\":\"https:\\\/\\\/www.bbmnoticias.com\\\/labravaradiofm\\\/wp-content\\\/uploads\\\/sites\\\/5\\\/2022\\\/01\\\/muerto-juchitan.jpg\",\"contentUrl\":\"https:\\\/\\\/www.bbmnoticias.com\\\/labravaradiofm\\\/wp-content\\\/uploads\\\/sites\\\/5\\\/2022\\\/01\\\/muerto-juchitan.jpg\",\"width\":960,\"height\":719},{\"@type\":\"BreadcrumbList\",\"@id\":\"https:\\\/\\\/www.bbmnoticias.com\\\/labravaradiofm\\\/2022\\\/01\\\/08\\\/la-zona-humeda-del-istmo-inicia-el-ano-con-dos-ejecutados-en-menos-de-24-horas\\\/#breadcrumb\",\"itemListElement\":[{\"@type\":\"ListItem\",\"position\":1,\"name\":\"Inicio\",\"item\":\"https:\\\/\\\/www.bbmnoticias.com\\\/labravaradiofm\\\/\"},{\"@type\":\"ListItem\",\"position\":2,\"name\":\"La Zona H\u00fameda del Istmo inicia el a\u00f1o con dos ejecutados en menos de 24 horas\"}]},{\"@type\":\"WebSite\",\"@id\":\"https:\\\/\\\/www.bbmnoticias.com\\\/labravaradiofm\\\/#website\",\"url\":\"https:\\\/\\\/www.bbmnoticias.com\\\/labravaradiofm\\\/\",\"name\":\"LA BRAVA RADIO\",\"description\":\"Empresa productora de medios, Radiodifusi\u00f3n, Noticias, tendencias y todo lo que necesitas saber de la pol\u00edtica mexicana e internacional; entretenimiento, espect\u00e1culos, salud y mucho m\u00e1s.\",\"potentialAction\":[{\"@type\":\"SearchAction\",\"target\":{\"@type\":\"EntryPoint\",\"urlTemplate\":\"https:\\\/\\\/www.bbmnoticias.com\\\/labravaradiofm\\\/?s={search_term_string}\"},\"query-input\":{\"@type\":\"PropertyValueSpecification\",\"valueRequired\":true,\"valueName\":\"search_term_string\"}}],\"inLanguage\":\"es\"},{\"@type\":\"Person\",\"@id\":\"https:\\\/\\\/www.bbmnoticias.com\\\/labravaradiofm\\\/#\\\/schema\\\/person\\\/9b02a4c779df75b578b6413d0d44d6b6\",\"name\":\"Edwin MENESES\",\"image\":{\"@type\":\"ImageObject\",\"inLanguage\":\"es\",\"@id\":\"https:\\\/\\\/secure.gravatar.com\\\/avatar\\\/202a15439445248653d719ff745fa195bcc0553404b070fe317543754f253c4f?s=96&d=mm&r=g\",\"url\":\"https:\\\/\\\/secure.gravatar.com\\\/avatar\\\/202a15439445248653d719ff745fa195bcc0553404b070fe317543754f253c4f?s=96&d=mm&r=g\",\"contentUrl\":\"https:\\\/\\\/secure.gravatar.com\\\/avatar\\\/202a15439445248653d719ff745fa195bcc0553404b070fe317543754f253c4f?s=96&d=mm&r=g\",\"caption\":\"Edwin MENESES\"},\"sameAs\":[\"https:\\\/\\\/www.bbmnoticias.com\",\"https:\\\/\\\/www.facebook.com\\\/EdwinMeneses30\",\"https:\\\/\\\/x.com\\\/https:\\\/\\\/twitter.com\\\/edwin_meneses81\"],\"url\":\"https:\\\/\\\/www.bbmnoticias.com\\\/labravaradiofm\\\/author\\\/edwin\\\/\"}]}<\/script>\n<!-- \/ Yoast SEO plugin. -->","yoast_head_json":{"title":"La Zona H\u00fameda del Istmo inicia el a\u00f1o con dos ejecutados en menos de 24 horas - LA BRAVA RADIO","robots":{"index":"index","follow":"follow","max-snippet":"max-snippet:-1","max-image-preview":"max-image-preview:large","max-video-preview":"max-video-preview:-1"},"canonical":"https:\/\/www.bbmnoticias.com\/labravaradiofm\/2022\/01\/08\/la-zona-humeda-del-istmo-inicia-el-ano-con-dos-ejecutados-en-menos-de-24-horas\/","og_locale":"es_MX","og_type":"article","og_title":"La Zona H\u00fameda del Istmo inicia el a\u00f1o con dos ejecutados en menos de 24 horas - LA BRAVA RADIO","og_description":"Mat\u00edas Romero, Oaxaca. En menos de 24 horas e iniciado este 2022 la Zona H\u00fameda del Istmo, registr\u00f3 dos ejecutados, un hombre y una mujer en hechos distintos. La violencia en esta regi\u00f3n, marc\u00f3 la primera estad\u00edstica de este a\u00f1o el d\u00eda de ayer por la tarde, con un asesinato en la colonia Barrio Nuevo [&hellip;]","og_url":"https:\/\/www.bbmnoticias.com\/labravaradiofm\/2022\/01\/08\/la-zona-humeda-del-istmo-inicia-el-ano-con-dos-ejecutados-en-menos-de-24-horas\/","og_site_name":"LA BRAVA RADIO","article_author":"https:\/\/www.facebook.com\/EdwinMeneses30","article_published_time":"2022-01-08T19:33:47+00:00","article_modified_time":"2022-01-09T17:12:20+00:00","og_image":[{"width":960,"height":719,"url":"https:\/\/www.bbmnoticias.com\/labravaradiofm\/wp-content\/uploads\/sites\/5\/2022\/01\/muerto-juchitan.jpg","type":"image\/jpeg"}],"author":"Edwin MENESES","twitter_card":"summary_large_image","twitter_creator":"@https:\/\/twitter.com\/edwin_meneses81","twitter_misc":{"Escrito por":"Edwin MENESES","Tiempo de lectura":"2 minutos"},"schema":{"@context":"https:\/\/schema.org","@graph":[{"@type":"Article","@id":"https:\/\/www.bbmnoticias.com\/labravaradiofm\/2022\/01\/08\/la-zona-humeda-del-istmo-inicia-el-ano-con-dos-ejecutados-en-menos-de-24-horas\/#article","isPartOf":{"@id":"https:\/\/www.bbmnoticias.com\/labravaradiofm\/2022\/01\/08\/la-zona-humeda-del-istmo-inicia-el-ano-con-dos-ejecutados-en-menos-de-24-horas\/"},"author":{"name":"Edwin MENESES","@id":"https:\/\/www.bbmnoticias.com\/labravaradiofm\/#\/schema\/person\/9b02a4c779df75b578b6413d0d44d6b6"},"headline":"La Zona H\u00fameda del Istmo inicia el a\u00f1o con dos ejecutados en menos de 24 horas","datePublished":"2022-01-08T19:33:47+00:00","dateModified":"2022-01-09T17:12:20+00:00","mainEntityOfPage":{"@id":"https:\/\/www.bbmnoticias.com\/labravaradiofm\/2022\/01\/08\/la-zona-humeda-del-istmo-inicia-el-ano-con-dos-ejecutados-en-menos-de-24-horas\/"},"wordCount":227,"image":{"@id":"https:\/\/www.bbmnoticias.com\/labravaradiofm\/2022\/01\/08\/la-zona-humeda-del-istmo-inicia-el-ano-con-dos-ejecutados-en-menos-de-24-horas\/#primaryimage"},"thumbnailUrl":"https:\/\/www.bbmnoticias.com\/labravaradiofm\/wp-content\/uploads\/sites\/5\/2022\/01\/muerto-juchitan.jpg","articleSection":["LOCAL"],"inLanguage":"es"},{"@type":"WebPage","@id":"https:\/\/www.bbmnoticias.com\/labravaradiofm\/2022\/01\/08\/la-zona-humeda-del-istmo-inicia-el-ano-con-dos-ejecutados-en-menos-de-24-horas\/","url":"https:\/\/www.bbmnoticias.com\/labravaradiofm\/2022\/01\/08\/la-zona-humeda-del-istmo-inicia-el-ano-con-dos-ejecutados-en-menos-de-24-horas\/","name":"La Zona H\u00fameda del Istmo inicia el a\u00f1o con dos ejecutados en menos de 24 horas - LA BRAVA RADIO","isPartOf":{"@id":"https:\/\/www.bbmnoticias.com\/labravaradiofm\/#website"},"primaryImageOfPage":{"@id":"https:\/\/www.bbmnoticias.com\/labravaradiofm\/2022\/01\/08\/la-zona-humeda-del-istmo-inicia-el-ano-con-dos-ejecutados-en-menos-de-24-horas\/#primaryimage"},"image":{"@id":"https:\/\/www.bbmnoticias.com\/labravaradiofm\/2022\/01\/08\/la-zona-humeda-del-istmo-inicia-el-ano-con-dos-ejecutados-en-menos-de-24-horas\/#primaryimage"},"thumbnailUrl":"https:\/\/www.bbmnoticias.com\/labravaradiofm\/wp-content\/uploads\/sites\/5\/2022\/01\/muerto-juchitan.jpg","datePublished":"2022-01-08T19:33:47+00:00","dateModified":"2022-01-09T17:12:20+00:00","author":{"@id":"https:\/\/www.bbmnoticias.com\/labravaradiofm\/#\/schema\/person\/9b02a4c779df75b578b6413d0d44d6b6"},"breadcrumb":{"@id":"https:\/\/www.bbmnoticias.com\/labravaradiofm\/2022\/01\/08\/la-zona-humeda-del-istmo-inicia-el-ano-con-dos-ejecutados-en-menos-de-24-horas\/#breadcrumb"},"inLanguage":"es","potentialAction":[{"@type":"ReadAction","target":["https:\/\/www.bbmnoticias.com\/labravaradiofm\/2022\/01\/08\/la-zona-humeda-del-istmo-inicia-el-ano-con-dos-ejecutados-en-menos-de-24-horas\/"]}]},{"@type":"ImageObject","inLanguage":"es","@id":"https:\/\/www.bbmnoticias.com\/labravaradiofm\/2022\/01\/08\/la-zona-humeda-del-istmo-inicia-el-ano-con-dos-ejecutados-en-menos-de-24-horas\/#primaryimage","url":"https:\/\/www.bbmnoticias.com\/labravaradiofm\/wp-content\/uploads\/sites\/5\/2022\/01\/muerto-juchitan.jpg","contentUrl":"https:\/\/www.bbmnoticias.com\/labravaradiofm\/wp-content\/uploads\/sites\/5\/2022\/01\/muerto-juchitan.jpg","width":960,"height":719},{"@type":"BreadcrumbList","@id":"https:\/\/www.bbmnoticias.com\/labravaradiofm\/2022\/01\/08\/la-zona-humeda-del-istmo-inicia-el-ano-con-dos-ejecutados-en-menos-de-24-horas\/#breadcrumb","itemListElement":[{"@type":"ListItem","position":1,"name":"Inicio","item":"https:\/\/www.bbmnoticias.com\/labravaradiofm\/"},{"@type":"ListItem","position":2,"name":"La Zona H\u00fameda del Istmo inicia el a\u00f1o con dos ejecutados en menos de 24 horas"}]},{"@type":"WebSite","@id":"https:\/\/www.bbmnoticias.com\/labravaradiofm\/#website","url":"https:\/\/www.bbmnoticias.com\/labravaradiofm\/","name":"LA BRAVA RADIO","description":"Empresa productora de medios, Radiodifusi\u00f3n, Noticias, tendencias y todo lo que necesitas saber de la pol\u00edtica mexicana e internacional; entretenimiento, espect\u00e1culos, salud y mucho m\u00e1s.","potentialAction":[{"@type":"SearchAction","target":{"@type":"EntryPoint","urlTemplate":"https:\/\/www.bbmnoticias.com\/labravaradiofm\/?s={search_term_string}"},"query-input":{"@type":"PropertyValueSpecification","valueRequired":true,"valueName":"search_term_string"}}],"inLanguage":"es"},{"@type":"Person","@id":"https:\/\/www.bbmnoticias.com\/labravaradiofm\/#\/schema\/person\/9b02a4c779df75b578b6413d0d44d6b6","name":"Edwin MENESES","image":{"@type":"ImageObject","inLanguage":"es","@id":"https:\/\/secure.gravatar.com\/avatar\/202a15439445248653d719ff745fa195bcc0553404b070fe317543754f253c4f?s=96&d=mm&r=g","url":"https:\/\/secure.gravatar.com\/avatar\/202a15439445248653d719ff745fa195bcc0553404b070fe317543754f253c4f?s=96&d=mm&r=g","contentUrl":"https:\/\/secure.gravatar.com\/avatar\/202a15439445248653d719ff745fa195bcc0553404b070fe317543754f253c4f?s=96&d=mm&r=g","caption":"Edwin MENESES"},"sameAs":["https:\/\/www.bbmnoticias.com","https:\/\/www.facebook.com\/EdwinMeneses30","https:\/\/x.com\/https:\/\/twitter.com\/edwin_meneses81"],"url":"https:\/\/www.bbmnoticias.com\/labravaradiofm\/author\/edwin\/"}]}},"_links":{"self":[{"href":"https:\/\/www.bbmnoticias.com\/labravaradiofm\/wp-json\/wp\/v2\/posts\/8288","targetHints":{"allow":["GET"]}}],"collection":[{"href":"https:\/\/www.bbmnoticias.com\/labravaradiofm\/wp-json\/wp\/v2\/posts"}],"about":[{"href":"https:\/\/www.bbmnoticias.com\/labravaradiofm\/wp-json\/wp\/v2\/types\/post"}],"author":[{"embeddable":true,"href":"https:\/\/www.bbmnoticias.com\/labravaradiofm\/wp-json\/wp\/v2\/users\/3"}],"replies":[{"embeddable":true,"href":"https:\/\/www.bbmnoticias.com\/labravaradiofm\/wp-json\/wp\/v2\/comments?post=8288"}],"version-history":[{"count":0,"href":"https:\/\/www.bbmnoticias.com\/labravaradiofm\/wp-json\/wp\/v2\/posts\/8288\/revisions"}],"wp:featuredmedia":[{"embeddable":true,"href":"https:\/\/www.bbmnoticias.com\/labravaradiofm\/wp-json\/wp\/v2\/media\/8289"}],"wp:attachment":[{"href":"https:\/\/www.bbmnoticias.com\/labravaradiofm\/wp-json\/wp\/v2\/media?parent=8288"}],"wp:term":[{"taxonomy":"category","embeddable":true,"href":"https:\/\/www.bbmnoticias.com\/labravaradiofm\/wp-json\/wp\/v2\/categories?post=8288"},{"taxonomy":"post_tag","embeddable":true,"href":"https:\/\/www.bbmnoticias.com\/labravaradiofm\/wp-json\/wp\/v2\/tags?post=8288"}],"curies":[{"name":"wp","href":"https:\/\/api.w.org\/{rel}","templated":true}]}}