{"id":8284,"date":"2022-01-08T10:27:46","date_gmt":"2022-01-08T16:27:46","guid":{"rendered":"https:\/\/www.bbmnoticias.com\/labravaradiofm\/?p=8284"},"modified":"2022-01-08T10:27:48","modified_gmt":"2022-01-08T16:27:48","slug":"desecha-morena-impugnacion-de-susana-harp-deja-firme-nombramiento-de-salomon-jara","status":"publish","type":"post","link":"https:\/\/www.bbmnoticias.com\/labravaradiofm\/2022\/01\/08\/desecha-morena-impugnacion-de-susana-harp-deja-firme-nombramiento-de-salomon-jara\/","title":{"rendered":"Desecha Morena impugnaci\u00f3n de Susana Harp, deja firme nombramiento de Salom\u00f3n Jara"},"content":{"rendered":"<div style=\"margin-top: 0px; margin-bottom: 0px;\" class=\"sharethis-inline-share-buttons\" ><\/div>\n<p>Oaxaca de Juarez a 08 de enero de 2022.- El partido Morena deshech\u00f3 el juicio interpuesto por la senadora Susana Harp en contra de la designaci\u00f3n de Salom\u00f3n Jara como Coordinador Estatal de la Defensa por la Cuarta Transformaci\u00f3n en Oaxaca.<\/p>\n\n\n\n<p>Este d\u00eda la Comisi\u00f3n Nacional de Honor y Justicia del Instituto pol\u00edtico, sobresey\u00f3 el procedimiento iniciado por Susana Harp, dado que no encontraron la fundamentaci\u00f3n jur\u00eddica y legal suficiente.<\/p>\n\n\n\n<p>Por lo que qued\u00f3 firme el nombramiento como Coordinador de Salom\u00f3n Jara, as\u00ed como su registro como precandidato \u00fanico del partido Morena rumbo al proceso electoral de este a\u00f1o<\/p>\n\n\n\n<p><\/p>\n\n\n\n<figure class=\"wp-block-image size-large\"><img loading=\"lazy\" decoding=\"async\" width=\"1280\" height=\"852\" src=\"https:\/\/www.bbmnoticias.com\/labravaradiofm\/wp-content\/uploads\/sites\/5\/2022\/01\/morena-impugna-2.jpg\" alt=\"\" class=\"wp-image-8286\" srcset=\"https:\/\/www.bbmnoticias.com\/labravaradiofm\/wp-content\/uploads\/sites\/5\/2022\/01\/morena-impugna-2.jpg 1280w, https:\/\/www.bbmnoticias.com\/labravaradiofm\/wp-content\/uploads\/sites\/5\/2022\/01\/morena-impugna-2-300x200.jpg 300w, https:\/\/www.bbmnoticias.com\/labravaradiofm\/wp-content\/uploads\/sites\/5\/2022\/01\/morena-impugna-2-1024x682.jpg 1024w, https:\/\/www.bbmnoticias.com\/labravaradiofm\/wp-content\/uploads\/sites\/5\/2022\/01\/morena-impugna-2-768x511.jpg 768w, https:\/\/www.bbmnoticias.com\/labravaradiofm\/wp-content\/uploads\/sites\/5\/2022\/01\/morena-impugna-2-631x420.jpg 631w, https:\/\/www.bbmnoticias.com\/labravaradiofm\/wp-content\/uploads\/sites\/5\/2022\/01\/morena-impugna-2-640x426.jpg 640w, https:\/\/www.bbmnoticias.com\/labravaradiofm\/wp-content\/uploads\/sites\/5\/2022\/01\/morena-impugna-2-681x453.jpg 681w\" sizes=\"auto, (max-width: 1280px) 100vw, 1280px\" \/><\/figure>\n\n\n\n<p>En este sentido, los partidos pol\u00edticos de la coalici\u00f3n &#8220;Juntos Hacemos Historia en Oaxaca&#8221;, respaldaron la decisi\u00f3n de la Comisi\u00f3n Nacional.<\/p>\n\n\n\n<p>Los representantes de los partidos Morena, Verde Ecologista de M\u00e9xico, Partido del Trabajo, Unidad Popular as\u00ed como dirigentes del movimiento Fuerza por M\u00e9xico, reafirmaron en conferencia de prensa este d\u00eda, la decisi\u00f3n pol\u00edtica de ir en alianza por la transformaci\u00f3n, puntualizando que ya existe en Oaxaca un registro \u00fanico de precandidato, lo cual brinda certeza al proceso en curso.<\/p>\n","protected":false},"excerpt":{"rendered":"<p>Oaxaca de Juarez a 08 de enero de 2022.- El partido Morena deshech\u00f3 el juicio interpuesto por la senadora Susana Harp en contra de la designaci\u00f3n de Salom\u00f3n Jara como Coordinador Estatal de la Defensa por la Cuarta Transformaci\u00f3n en Oaxaca. Este d\u00eda la Comisi\u00f3n Nacional de Honor y Justicia del Instituto pol\u00edtico, sobresey\u00f3 el [&hellip;]<\/p>\n","protected":false},"author":2,"featured_media":8285,"comment_status":"closed","ping_status":"closed","sticky":false,"template":"","format":"standard","meta":{"footnotes":""},"categories":[1],"tags":[],"class_list":{"0":"post-8284","1":"post","2":"type-post","3":"status-publish","4":"format-standard","5":"has-post-thumbnail","7":"category-sin-categoria"},"yoast_head":"<!-- This site is optimized with the Yoast SEO plugin v27.4 - https:\/\/yoast.com\/product\/yoast-seo-wordpress\/ -->\n<title>Desecha Morena impugnaci\u00f3n de Susana Harp, deja firme nombramiento de Salom\u00f3n Jara - LA BRAVA RADIO<\/title>\n<meta name=\"robots\" content=\"index, follow, max-snippet:-1, max-image-preview:large, max-video-preview:-1\" \/>\n<link rel=\"canonical\" href=\"https:\/\/www.bbmnoticias.com\/labravaradiofm\/2022\/01\/08\/desecha-morena-impugnacion-de-susana-harp-deja-firme-nombramiento-de-salomon-jara\/\" \/>\n<meta property=\"og:locale\" content=\"es_MX\" \/>\n<meta property=\"og:type\" content=\"article\" \/>\n<meta property=\"og:title\" content=\"Desecha Morena impugnaci\u00f3n de Susana Harp, deja firme nombramiento de Salom\u00f3n Jara - LA BRAVA RADIO\" \/>\n<meta property=\"og:description\" content=\"Oaxaca de Juarez a 08 de enero de 2022.- El partido Morena deshech\u00f3 el juicio interpuesto por la senadora Susana Harp en contra de la designaci\u00f3n de Salom\u00f3n Jara como Coordinador Estatal de la Defensa por la Cuarta Transformaci\u00f3n en Oaxaca. Este d\u00eda la Comisi\u00f3n Nacional de Honor y Justicia del Instituto pol\u00edtico, sobresey\u00f3 el [&hellip;]\" \/>\n<meta property=\"og:url\" content=\"https:\/\/www.bbmnoticias.com\/labravaradiofm\/2022\/01\/08\/desecha-morena-impugnacion-de-susana-harp-deja-firme-nombramiento-de-salomon-jara\/\" \/>\n<meta property=\"og:site_name\" content=\"LA BRAVA RADIO\" \/>\n<meta property=\"article:published_time\" content=\"2022-01-08T16:27:46+00:00\" \/>\n<meta property=\"article:modified_time\" content=\"2022-01-08T16:27:48+00:00\" \/>\n<meta property=\"og:image\" content=\"https:\/\/www.bbmnoticias.com\/labravaradiofm\/wp-content\/uploads\/sites\/5\/2022\/01\/morena-impugna.jpg\" \/>\n\t<meta property=\"og:image:width\" content=\"1280\" \/>\n\t<meta property=\"og:image:height\" content=\"852\" \/>\n\t<meta property=\"og:image:type\" content=\"image\/jpeg\" \/>\n<meta name=\"author\" content=\"Staff\" \/>\n<meta name=\"twitter:card\" content=\"summary_large_image\" \/>\n<meta name=\"twitter:label1\" content=\"Escrito por\" \/>\n\t<meta name=\"twitter:data1\" content=\"Staff\" \/>\n\t<meta name=\"twitter:label2\" content=\"Tiempo de lectura\" \/>\n\t<meta name=\"twitter:data2\" content=\"2 minutos\" \/>\n<script type=\"application\/ld+json\" class=\"yoast-schema-graph\">{\"@context\":\"https:\\\/\\\/schema.org\",\"@graph\":[{\"@type\":\"Article\",\"@id\":\"https:\\\/\\\/www.bbmnoticias.com\\\/labravaradiofm\\\/2022\\\/01\\\/08\\\/desecha-morena-impugnacion-de-susana-harp-deja-firme-nombramiento-de-salomon-jara\\\/#article\",\"isPartOf\":{\"@id\":\"https:\\\/\\\/www.bbmnoticias.com\\\/labravaradiofm\\\/2022\\\/01\\\/08\\\/desecha-morena-impugnacion-de-susana-harp-deja-firme-nombramiento-de-salomon-jara\\\/\"},\"author\":{\"name\":\"Staff\",\"@id\":\"https:\\\/\\\/www.bbmnoticias.com\\\/labravaradiofm\\\/#\\\/schema\\\/person\\\/68a9e9036ef3c5b55aeb2b71dc8bab45\"},\"headline\":\"Desecha Morena impugnaci\u00f3n de Susana Harp, deja firme nombramiento de Salom\u00f3n Jara\",\"datePublished\":\"2022-01-08T16:27:46+00:00\",\"dateModified\":\"2022-01-08T16:27:48+00:00\",\"mainEntityOfPage\":{\"@id\":\"https:\\\/\\\/www.bbmnoticias.com\\\/labravaradiofm\\\/2022\\\/01\\\/08\\\/desecha-morena-impugnacion-de-susana-harp-deja-firme-nombramiento-de-salomon-jara\\\/\"},\"wordCount\":212,\"image\":{\"@id\":\"https:\\\/\\\/www.bbmnoticias.com\\\/labravaradiofm\\\/2022\\\/01\\\/08\\\/desecha-morena-impugnacion-de-susana-harp-deja-firme-nombramiento-de-salomon-jara\\\/#primaryimage\"},\"thumbnailUrl\":\"https:\\\/\\\/www.bbmnoticias.com\\\/labravaradiofm\\\/wp-content\\\/uploads\\\/sites\\\/5\\\/2022\\\/01\\\/morena-impugna.jpg\",\"inLanguage\":\"es\"},{\"@type\":\"WebPage\",\"@id\":\"https:\\\/\\\/www.bbmnoticias.com\\\/labravaradiofm\\\/2022\\\/01\\\/08\\\/desecha-morena-impugnacion-de-susana-harp-deja-firme-nombramiento-de-salomon-jara\\\/\",\"url\":\"https:\\\/\\\/www.bbmnoticias.com\\\/labravaradiofm\\\/2022\\\/01\\\/08\\\/desecha-morena-impugnacion-de-susana-harp-deja-firme-nombramiento-de-salomon-jara\\\/\",\"name\":\"Desecha Morena impugnaci\u00f3n de Susana Harp, deja firme nombramiento de Salom\u00f3n Jara - LA BRAVA RADIO\",\"isPartOf\":{\"@id\":\"https:\\\/\\\/www.bbmnoticias.com\\\/labravaradiofm\\\/#website\"},\"primaryImageOfPage\":{\"@id\":\"https:\\\/\\\/www.bbmnoticias.com\\\/labravaradiofm\\\/2022\\\/01\\\/08\\\/desecha-morena-impugnacion-de-susana-harp-deja-firme-nombramiento-de-salomon-jara\\\/#primaryimage\"},\"image\":{\"@id\":\"https:\\\/\\\/www.bbmnoticias.com\\\/labravaradiofm\\\/2022\\\/01\\\/08\\\/desecha-morena-impugnacion-de-susana-harp-deja-firme-nombramiento-de-salomon-jara\\\/#primaryimage\"},\"thumbnailUrl\":\"https:\\\/\\\/www.bbmnoticias.com\\\/labravaradiofm\\\/wp-content\\\/uploads\\\/sites\\\/5\\\/2022\\\/01\\\/morena-impugna.jpg\",\"datePublished\":\"2022-01-08T16:27:46+00:00\",\"dateModified\":\"2022-01-08T16:27:48+00:00\",\"author\":{\"@id\":\"https:\\\/\\\/www.bbmnoticias.com\\\/labravaradiofm\\\/#\\\/schema\\\/person\\\/68a9e9036ef3c5b55aeb2b71dc8bab45\"},\"breadcrumb\":{\"@id\":\"https:\\\/\\\/www.bbmnoticias.com\\\/labravaradiofm\\\/2022\\\/01\\\/08\\\/desecha-morena-impugnacion-de-susana-harp-deja-firme-nombramiento-de-salomon-jara\\\/#breadcrumb\"},\"inLanguage\":\"es\",\"potentialAction\":[{\"@type\":\"ReadAction\",\"target\":[\"https:\\\/\\\/www.bbmnoticias.com\\\/labravaradiofm\\\/2022\\\/01\\\/08\\\/desecha-morena-impugnacion-de-susana-harp-deja-firme-nombramiento-de-salomon-jara\\\/\"]}]},{\"@type\":\"ImageObject\",\"inLanguage\":\"es\",\"@id\":\"https:\\\/\\\/www.bbmnoticias.com\\\/labravaradiofm\\\/2022\\\/01\\\/08\\\/desecha-morena-impugnacion-de-susana-harp-deja-firme-nombramiento-de-salomon-jara\\\/#primaryimage\",\"url\":\"https:\\\/\\\/www.bbmnoticias.com\\\/labravaradiofm\\\/wp-content\\\/uploads\\\/sites\\\/5\\\/2022\\\/01\\\/morena-impugna.jpg\",\"contentUrl\":\"https:\\\/\\\/www.bbmnoticias.com\\\/labravaradiofm\\\/wp-content\\\/uploads\\\/sites\\\/5\\\/2022\\\/01\\\/morena-impugna.jpg\",\"width\":1280,\"height\":852},{\"@type\":\"BreadcrumbList\",\"@id\":\"https:\\\/\\\/www.bbmnoticias.com\\\/labravaradiofm\\\/2022\\\/01\\\/08\\\/desecha-morena-impugnacion-de-susana-harp-deja-firme-nombramiento-de-salomon-jara\\\/#breadcrumb\",\"itemListElement\":[{\"@type\":\"ListItem\",\"position\":1,\"name\":\"Inicio\",\"item\":\"https:\\\/\\\/www.bbmnoticias.com\\\/labravaradiofm\\\/\"},{\"@type\":\"ListItem\",\"position\":2,\"name\":\"Desecha Morena impugnaci\u00f3n de Susana Harp, deja firme nombramiento de Salom\u00f3n Jara\"}]},{\"@type\":\"WebSite\",\"@id\":\"https:\\\/\\\/www.bbmnoticias.com\\\/labravaradiofm\\\/#website\",\"url\":\"https:\\\/\\\/www.bbmnoticias.com\\\/labravaradiofm\\\/\",\"name\":\"LA BRAVA RADIO\",\"description\":\"Empresa productora de medios, Radiodifusi\u00f3n, Noticias, tendencias y todo lo que necesitas saber de la pol\u00edtica mexicana e internacional; entretenimiento, espect\u00e1culos, salud y mucho m\u00e1s.\",\"potentialAction\":[{\"@type\":\"SearchAction\",\"target\":{\"@type\":\"EntryPoint\",\"urlTemplate\":\"https:\\\/\\\/www.bbmnoticias.com\\\/labravaradiofm\\\/?s={search_term_string}\"},\"query-input\":{\"@type\":\"PropertyValueSpecification\",\"valueRequired\":true,\"valueName\":\"search_term_string\"}}],\"inLanguage\":\"es\"},{\"@type\":\"Person\",\"@id\":\"https:\\\/\\\/www.bbmnoticias.com\\\/labravaradiofm\\\/#\\\/schema\\\/person\\\/68a9e9036ef3c5b55aeb2b71dc8bab45\",\"name\":\"Staff\",\"image\":{\"@type\":\"ImageObject\",\"inLanguage\":\"es\",\"@id\":\"https:\\\/\\\/secure.gravatar.com\\\/avatar\\\/fdd21ad66fd8b98c407f9dee5b5e588cfe7f0d8579ec20fa6527cd59bab7f0f0?s=96&d=mm&r=g\",\"url\":\"https:\\\/\\\/secure.gravatar.com\\\/avatar\\\/fdd21ad66fd8b98c407f9dee5b5e588cfe7f0d8579ec20fa6527cd59bab7f0f0?s=96&d=mm&r=g\",\"contentUrl\":\"https:\\\/\\\/secure.gravatar.com\\\/avatar\\\/fdd21ad66fd8b98c407f9dee5b5e588cfe7f0d8579ec20fa6527cd59bab7f0f0?s=96&d=mm&r=g\",\"caption\":\"Staff\"},\"url\":\"https:\\\/\\\/www.bbmnoticias.com\\\/labravaradiofm\\\/author\\\/redaccion\\\/\"}]}<\/script>\n<!-- \/ Yoast SEO plugin. -->","yoast_head_json":{"title":"Desecha Morena impugnaci\u00f3n de Susana Harp, deja firme nombramiento de Salom\u00f3n Jara - LA BRAVA RADIO","robots":{"index":"index","follow":"follow","max-snippet":"max-snippet:-1","max-image-preview":"max-image-preview:large","max-video-preview":"max-video-preview:-1"},"canonical":"https:\/\/www.bbmnoticias.com\/labravaradiofm\/2022\/01\/08\/desecha-morena-impugnacion-de-susana-harp-deja-firme-nombramiento-de-salomon-jara\/","og_locale":"es_MX","og_type":"article","og_title":"Desecha Morena impugnaci\u00f3n de Susana Harp, deja firme nombramiento de Salom\u00f3n Jara - LA BRAVA RADIO","og_description":"Oaxaca de Juarez a 08 de enero de 2022.- El partido Morena deshech\u00f3 el juicio interpuesto por la senadora Susana Harp en contra de la designaci\u00f3n de Salom\u00f3n Jara como Coordinador Estatal de la Defensa por la Cuarta Transformaci\u00f3n en Oaxaca. Este d\u00eda la Comisi\u00f3n Nacional de Honor y Justicia del Instituto pol\u00edtico, sobresey\u00f3 el [&hellip;]","og_url":"https:\/\/www.bbmnoticias.com\/labravaradiofm\/2022\/01\/08\/desecha-morena-impugnacion-de-susana-harp-deja-firme-nombramiento-de-salomon-jara\/","og_site_name":"LA BRAVA RADIO","article_published_time":"2022-01-08T16:27:46+00:00","article_modified_time":"2022-01-08T16:27:48+00:00","og_image":[{"width":1280,"height":852,"url":"https:\/\/www.bbmnoticias.com\/labravaradiofm\/wp-content\/uploads\/sites\/5\/2022\/01\/morena-impugna.jpg","type":"image\/jpeg"}],"author":"Staff","twitter_card":"summary_large_image","twitter_misc":{"Escrito por":"Staff","Tiempo de lectura":"2 minutos"},"schema":{"@context":"https:\/\/schema.org","@graph":[{"@type":"Article","@id":"https:\/\/www.bbmnoticias.com\/labravaradiofm\/2022\/01\/08\/desecha-morena-impugnacion-de-susana-harp-deja-firme-nombramiento-de-salomon-jara\/#article","isPartOf":{"@id":"https:\/\/www.bbmnoticias.com\/labravaradiofm\/2022\/01\/08\/desecha-morena-impugnacion-de-susana-harp-deja-firme-nombramiento-de-salomon-jara\/"},"author":{"name":"Staff","@id":"https:\/\/www.bbmnoticias.com\/labravaradiofm\/#\/schema\/person\/68a9e9036ef3c5b55aeb2b71dc8bab45"},"headline":"Desecha Morena impugnaci\u00f3n de Susana Harp, deja firme nombramiento de Salom\u00f3n Jara","datePublished":"2022-01-08T16:27:46+00:00","dateModified":"2022-01-08T16:27:48+00:00","mainEntityOfPage":{"@id":"https:\/\/www.bbmnoticias.com\/labravaradiofm\/2022\/01\/08\/desecha-morena-impugnacion-de-susana-harp-deja-firme-nombramiento-de-salomon-jara\/"},"wordCount":212,"image":{"@id":"https:\/\/www.bbmnoticias.com\/labravaradiofm\/2022\/01\/08\/desecha-morena-impugnacion-de-susana-harp-deja-firme-nombramiento-de-salomon-jara\/#primaryimage"},"thumbnailUrl":"https:\/\/www.bbmnoticias.com\/labravaradiofm\/wp-content\/uploads\/sites\/5\/2022\/01\/morena-impugna.jpg","inLanguage":"es"},{"@type":"WebPage","@id":"https:\/\/www.bbmnoticias.com\/labravaradiofm\/2022\/01\/08\/desecha-morena-impugnacion-de-susana-harp-deja-firme-nombramiento-de-salomon-jara\/","url":"https:\/\/www.bbmnoticias.com\/labravaradiofm\/2022\/01\/08\/desecha-morena-impugnacion-de-susana-harp-deja-firme-nombramiento-de-salomon-jara\/","name":"Desecha Morena impugnaci\u00f3n de Susana Harp, deja firme nombramiento de Salom\u00f3n Jara - LA BRAVA RADIO","isPartOf":{"@id":"https:\/\/www.bbmnoticias.com\/labravaradiofm\/#website"},"primaryImageOfPage":{"@id":"https:\/\/www.bbmnoticias.com\/labravaradiofm\/2022\/01\/08\/desecha-morena-impugnacion-de-susana-harp-deja-firme-nombramiento-de-salomon-jara\/#primaryimage"},"image":{"@id":"https:\/\/www.bbmnoticias.com\/labravaradiofm\/2022\/01\/08\/desecha-morena-impugnacion-de-susana-harp-deja-firme-nombramiento-de-salomon-jara\/#primaryimage"},"thumbnailUrl":"https:\/\/www.bbmnoticias.com\/labravaradiofm\/wp-content\/uploads\/sites\/5\/2022\/01\/morena-impugna.jpg","datePublished":"2022-01-08T16:27:46+00:00","dateModified":"2022-01-08T16:27:48+00:00","author":{"@id":"https:\/\/www.bbmnoticias.com\/labravaradiofm\/#\/schema\/person\/68a9e9036ef3c5b55aeb2b71dc8bab45"},"breadcrumb":{"@id":"https:\/\/www.bbmnoticias.com\/labravaradiofm\/2022\/01\/08\/desecha-morena-impugnacion-de-susana-harp-deja-firme-nombramiento-de-salomon-jara\/#breadcrumb"},"inLanguage":"es","potentialAction":[{"@type":"ReadAction","target":["https:\/\/www.bbmnoticias.com\/labravaradiofm\/2022\/01\/08\/desecha-morena-impugnacion-de-susana-harp-deja-firme-nombramiento-de-salomon-jara\/"]}]},{"@type":"ImageObject","inLanguage":"es","@id":"https:\/\/www.bbmnoticias.com\/labravaradiofm\/2022\/01\/08\/desecha-morena-impugnacion-de-susana-harp-deja-firme-nombramiento-de-salomon-jara\/#primaryimage","url":"https:\/\/www.bbmnoticias.com\/labravaradiofm\/wp-content\/uploads\/sites\/5\/2022\/01\/morena-impugna.jpg","contentUrl":"https:\/\/www.bbmnoticias.com\/labravaradiofm\/wp-content\/uploads\/sites\/5\/2022\/01\/morena-impugna.jpg","width":1280,"height":852},{"@type":"BreadcrumbList","@id":"https:\/\/www.bbmnoticias.com\/labravaradiofm\/2022\/01\/08\/desecha-morena-impugnacion-de-susana-harp-deja-firme-nombramiento-de-salomon-jara\/#breadcrumb","itemListElement":[{"@type":"ListItem","position":1,"name":"Inicio","item":"https:\/\/www.bbmnoticias.com\/labravaradiofm\/"},{"@type":"ListItem","position":2,"name":"Desecha Morena impugnaci\u00f3n de Susana Harp, deja firme nombramiento de Salom\u00f3n Jara"}]},{"@type":"WebSite","@id":"https:\/\/www.bbmnoticias.com\/labravaradiofm\/#website","url":"https:\/\/www.bbmnoticias.com\/labravaradiofm\/","name":"LA BRAVA RADIO","description":"Empresa productora de medios, Radiodifusi\u00f3n, Noticias, tendencias y todo lo que necesitas saber de la pol\u00edtica mexicana e internacional; entretenimiento, espect\u00e1culos, salud y mucho m\u00e1s.","potentialAction":[{"@type":"SearchAction","target":{"@type":"EntryPoint","urlTemplate":"https:\/\/www.bbmnoticias.com\/labravaradiofm\/?s={search_term_string}"},"query-input":{"@type":"PropertyValueSpecification","valueRequired":true,"valueName":"search_term_string"}}],"inLanguage":"es"},{"@type":"Person","@id":"https:\/\/www.bbmnoticias.com\/labravaradiofm\/#\/schema\/person\/68a9e9036ef3c5b55aeb2b71dc8bab45","name":"Staff","image":{"@type":"ImageObject","inLanguage":"es","@id":"https:\/\/secure.gravatar.com\/avatar\/fdd21ad66fd8b98c407f9dee5b5e588cfe7f0d8579ec20fa6527cd59bab7f0f0?s=96&d=mm&r=g","url":"https:\/\/secure.gravatar.com\/avatar\/fdd21ad66fd8b98c407f9dee5b5e588cfe7f0d8579ec20fa6527cd59bab7f0f0?s=96&d=mm&r=g","contentUrl":"https:\/\/secure.gravatar.com\/avatar\/fdd21ad66fd8b98c407f9dee5b5e588cfe7f0d8579ec20fa6527cd59bab7f0f0?s=96&d=mm&r=g","caption":"Staff"},"url":"https:\/\/www.bbmnoticias.com\/labravaradiofm\/author\/redaccion\/"}]}},"_links":{"self":[{"href":"https:\/\/www.bbmnoticias.com\/labravaradiofm\/wp-json\/wp\/v2\/posts\/8284","targetHints":{"allow":["GET"]}}],"collection":[{"href":"https:\/\/www.bbmnoticias.com\/labravaradiofm\/wp-json\/wp\/v2\/posts"}],"about":[{"href":"https:\/\/www.bbmnoticias.com\/labravaradiofm\/wp-json\/wp\/v2\/types\/post"}],"author":[{"embeddable":true,"href":"https:\/\/www.bbmnoticias.com\/labravaradiofm\/wp-json\/wp\/v2\/users\/2"}],"replies":[{"embeddable":true,"href":"https:\/\/www.bbmnoticias.com\/labravaradiofm\/wp-json\/wp\/v2\/comments?post=8284"}],"version-history":[{"count":0,"href":"https:\/\/www.bbmnoticias.com\/labravaradiofm\/wp-json\/wp\/v2\/posts\/8284\/revisions"}],"wp:featuredmedia":[{"embeddable":true,"href":"https:\/\/www.bbmnoticias.com\/labravaradiofm\/wp-json\/wp\/v2\/media\/8285"}],"wp:attachment":[{"href":"https:\/\/www.bbmnoticias.com\/labravaradiofm\/wp-json\/wp\/v2\/media?parent=8284"}],"wp:term":[{"taxonomy":"category","embeddable":true,"href":"https:\/\/www.bbmnoticias.com\/labravaradiofm\/wp-json\/wp\/v2\/categories?post=8284"},{"taxonomy":"post_tag","embeddable":true,"href":"https:\/\/www.bbmnoticias.com\/labravaradiofm\/wp-json\/wp\/v2\/tags?post=8284"}],"curies":[{"name":"wp","href":"https:\/\/api.w.org\/{rel}","templated":true}]}}