{"id":8279,"date":"2022-01-07T20:19:35","date_gmt":"2022-01-08T02:19:35","guid":{"rendered":"https:\/\/www.bbmnoticias.com\/labravaradiofm\/?p=8279"},"modified":"2022-01-07T20:20:33","modified_gmt":"2022-01-08T02:20:33","slug":"oaxaca-seguira-en-semaforo-verde-hasta-el-23-de-enero","status":"publish","type":"post","link":"https:\/\/www.bbmnoticias.com\/labravaradiofm\/2022\/01\/07\/oaxaca-seguira-en-semaforo-verde-hasta-el-23-de-enero\/","title":{"rendered":"Oaxaca seguir\u00e1 en sem\u00e1foro verde hasta el 23 de enero"},"content":{"rendered":"<div style=\"margin-top: 0px; margin-bottom: 0px;\" class=\"sharethis-inline-share-buttons\" ><\/div>\n<p>OAXACA, Oax. 7 de enero de 2022.- El gobierno federal inform\u00f3 que Oaxaca est\u00e1 entre las entidades que se mantendr\u00e1n en verde, de acuerdo con el sem\u00e1foro de riesgo epid\u00e9mico.<\/p>\n\n\n\n<p>Del 10 al 23 de enero, Oaxaca mantendr\u00e1 en el sem\u00e1foro de bajo riesgo por contagios de Covid 19.<\/p>\n\n\n\n<p>Son 19 entidades que permanecer\u00e1n en sem\u00e1foro verde, 10 estar\u00e1n en amarillo y tres en naranja.<\/p>\n\n\n\n<p><\/p>\n\n\n\n<figure class=\"wp-block-image size-full\"><img loading=\"lazy\" decoding=\"async\" width=\"1024\" height=\"590\" src=\"https:\/\/www.bbmnoticias.com\/labravaradiofm\/wp-content\/uploads\/sites\/5\/2022\/01\/semaforo-oaxaca.jpg\" alt=\"\" class=\"wp-image-8281\" srcset=\"https:\/\/www.bbmnoticias.com\/labravaradiofm\/wp-content\/uploads\/sites\/5\/2022\/01\/semaforo-oaxaca.jpg 1024w, https:\/\/www.bbmnoticias.com\/labravaradiofm\/wp-content\/uploads\/sites\/5\/2022\/01\/semaforo-oaxaca-300x173.jpg 300w, https:\/\/www.bbmnoticias.com\/labravaradiofm\/wp-content\/uploads\/sites\/5\/2022\/01\/semaforo-oaxaca-768x443.jpg 768w, https:\/\/www.bbmnoticias.com\/labravaradiofm\/wp-content\/uploads\/sites\/5\/2022\/01\/semaforo-oaxaca-729x420.jpg 729w, https:\/\/www.bbmnoticias.com\/labravaradiofm\/wp-content\/uploads\/sites\/5\/2022\/01\/semaforo-oaxaca-640x369.jpg 640w, https:\/\/www.bbmnoticias.com\/labravaradiofm\/wp-content\/uploads\/sites\/5\/2022\/01\/semaforo-oaxaca-681x392.jpg 681w\" sizes=\"auto, (max-width: 1024px) 100vw, 1024px\" \/><\/figure>\n\n\n\n<p>Ning\u00fan estado de M\u00e9xico volvi\u00f3 a sem\u00e1foro rojo por el incremento de contagios y por las diversas variantes que circulan.<\/p>\n\n\n\n<p>Los Servicios de Salud de Oaxaca (SSO) instaron a la poblaci\u00f3n para acudir a solicitar atenci\u00f3n m\u00e9dica si tienen s\u00edntomas como gripa o resfriado, congesti\u00f3n nasal, mocos o estornudos, dolor de cabeza, garganta o cuerpo, tos, fiebre, fatiga, diarrea, v\u00f3mito o p\u00e9rdida de olfato.<\/p>\n\n\n\n<p>Hasta la noche del jueves 6 de enero, en Oaxaca hab\u00eda 626 contagios activos en 80 municipios.<\/p>\n","protected":false},"excerpt":{"rendered":"<p>OAXACA, Oax. 7 de enero de 2022.- El gobierno federal inform\u00f3 que Oaxaca est\u00e1 entre las entidades que se mantendr\u00e1n en verde, de acuerdo con el sem\u00e1foro de riesgo epid\u00e9mico. Del 10 al 23 de enero, Oaxaca mantendr\u00e1 en el sem\u00e1foro de bajo riesgo por contagios de Covid 19. Son 19 entidades que permanecer\u00e1n en [&hellip;]<\/p>\n","protected":false},"author":5,"featured_media":8280,"comment_status":"closed","ping_status":"closed","sticky":false,"template":"","format":"standard","meta":{"footnotes":""},"categories":[2],"tags":[],"class_list":{"0":"post-8279","1":"post","2":"type-post","3":"status-publish","4":"format-standard","5":"has-post-thumbnail","7":"category-oaxaca"},"yoast_head":"<!-- This site is optimized with the Yoast SEO plugin v27.4 - https:\/\/yoast.com\/product\/yoast-seo-wordpress\/ -->\n<title>Oaxaca seguir\u00e1 en sem\u00e1foro verde hasta el 23 de enero - LA BRAVA RADIO<\/title>\n<meta name=\"robots\" content=\"index, follow, max-snippet:-1, max-image-preview:large, max-video-preview:-1\" \/>\n<link rel=\"canonical\" href=\"https:\/\/www.bbmnoticias.com\/labravaradiofm\/2022\/01\/07\/oaxaca-seguira-en-semaforo-verde-hasta-el-23-de-enero\/\" \/>\n<meta property=\"og:locale\" content=\"es_MX\" \/>\n<meta property=\"og:type\" content=\"article\" \/>\n<meta property=\"og:title\" content=\"Oaxaca seguir\u00e1 en sem\u00e1foro verde hasta el 23 de enero - LA BRAVA RADIO\" \/>\n<meta property=\"og:description\" content=\"OAXACA, Oax. 7 de enero de 2022.- El gobierno federal inform\u00f3 que Oaxaca est\u00e1 entre las entidades que se mantendr\u00e1n en verde, de acuerdo con el sem\u00e1foro de riesgo epid\u00e9mico. Del 10 al 23 de enero, Oaxaca mantendr\u00e1 en el sem\u00e1foro de bajo riesgo por contagios de Covid 19. Son 19 entidades que permanecer\u00e1n en [&hellip;]\" \/>\n<meta property=\"og:url\" content=\"https:\/\/www.bbmnoticias.com\/labravaradiofm\/2022\/01\/07\/oaxaca-seguira-en-semaforo-verde-hasta-el-23-de-enero\/\" \/>\n<meta property=\"og:site_name\" content=\"LA BRAVA RADIO\" \/>\n<meta property=\"article:published_time\" content=\"2022-01-08T02:19:35+00:00\" \/>\n<meta property=\"article:modified_time\" content=\"2022-01-08T02:20:33+00:00\" \/>\n<meta property=\"og:image\" content=\"https:\/\/www.bbmnoticias.com\/labravaradiofm\/wp-content\/uploads\/sites\/5\/2022\/01\/semaforo.jpg\" \/>\n\t<meta property=\"og:image:width\" content=\"1440\" \/>\n\t<meta property=\"og:image:height\" content=\"810\" \/>\n\t<meta property=\"og:image:type\" content=\"image\/jpeg\" \/>\n<meta name=\"author\" content=\"Quadratin\" \/>\n<meta name=\"twitter:card\" content=\"summary_large_image\" \/>\n<meta name=\"twitter:label1\" content=\"Escrito por\" \/>\n\t<meta name=\"twitter:data1\" content=\"Quadratin\" \/>\n\t<meta name=\"twitter:label2\" content=\"Tiempo de lectura\" \/>\n\t<meta name=\"twitter:data2\" content=\"1 minuto\" \/>\n<script type=\"application\/ld+json\" class=\"yoast-schema-graph\">{\"@context\":\"https:\\\/\\\/schema.org\",\"@graph\":[{\"@type\":\"Article\",\"@id\":\"https:\\\/\\\/www.bbmnoticias.com\\\/labravaradiofm\\\/2022\\\/01\\\/07\\\/oaxaca-seguira-en-semaforo-verde-hasta-el-23-de-enero\\\/#article\",\"isPartOf\":{\"@id\":\"https:\\\/\\\/www.bbmnoticias.com\\\/labravaradiofm\\\/2022\\\/01\\\/07\\\/oaxaca-seguira-en-semaforo-verde-hasta-el-23-de-enero\\\/\"},\"author\":{\"name\":\"Quadratin\",\"@id\":\"https:\\\/\\\/www.bbmnoticias.com\\\/labravaradiofm\\\/#\\\/schema\\\/person\\\/c316b6f6c03640cce5d9482ba5a8e5c2\"},\"headline\":\"Oaxaca seguir\u00e1 en sem\u00e1foro verde hasta el 23 de enero\",\"datePublished\":\"2022-01-08T02:19:35+00:00\",\"dateModified\":\"2022-01-08T02:20:33+00:00\",\"mainEntityOfPage\":{\"@id\":\"https:\\\/\\\/www.bbmnoticias.com\\\/labravaradiofm\\\/2022\\\/01\\\/07\\\/oaxaca-seguira-en-semaforo-verde-hasta-el-23-de-enero\\\/\"},\"wordCount\":165,\"image\":{\"@id\":\"https:\\\/\\\/www.bbmnoticias.com\\\/labravaradiofm\\\/2022\\\/01\\\/07\\\/oaxaca-seguira-en-semaforo-verde-hasta-el-23-de-enero\\\/#primaryimage\"},\"thumbnailUrl\":\"https:\\\/\\\/www.bbmnoticias.com\\\/labravaradiofm\\\/wp-content\\\/uploads\\\/sites\\\/5\\\/2022\\\/01\\\/semaforo.jpg\",\"articleSection\":[\"LOCAL\"],\"inLanguage\":\"es\"},{\"@type\":\"WebPage\",\"@id\":\"https:\\\/\\\/www.bbmnoticias.com\\\/labravaradiofm\\\/2022\\\/01\\\/07\\\/oaxaca-seguira-en-semaforo-verde-hasta-el-23-de-enero\\\/\",\"url\":\"https:\\\/\\\/www.bbmnoticias.com\\\/labravaradiofm\\\/2022\\\/01\\\/07\\\/oaxaca-seguira-en-semaforo-verde-hasta-el-23-de-enero\\\/\",\"name\":\"Oaxaca seguir\u00e1 en sem\u00e1foro verde hasta el 23 de enero - LA BRAVA RADIO\",\"isPartOf\":{\"@id\":\"https:\\\/\\\/www.bbmnoticias.com\\\/labravaradiofm\\\/#website\"},\"primaryImageOfPage\":{\"@id\":\"https:\\\/\\\/www.bbmnoticias.com\\\/labravaradiofm\\\/2022\\\/01\\\/07\\\/oaxaca-seguira-en-semaforo-verde-hasta-el-23-de-enero\\\/#primaryimage\"},\"image\":{\"@id\":\"https:\\\/\\\/www.bbmnoticias.com\\\/labravaradiofm\\\/2022\\\/01\\\/07\\\/oaxaca-seguira-en-semaforo-verde-hasta-el-23-de-enero\\\/#primaryimage\"},\"thumbnailUrl\":\"https:\\\/\\\/www.bbmnoticias.com\\\/labravaradiofm\\\/wp-content\\\/uploads\\\/sites\\\/5\\\/2022\\\/01\\\/semaforo.jpg\",\"datePublished\":\"2022-01-08T02:19:35+00:00\",\"dateModified\":\"2022-01-08T02:20:33+00:00\",\"author\":{\"@id\":\"https:\\\/\\\/www.bbmnoticias.com\\\/labravaradiofm\\\/#\\\/schema\\\/person\\\/c316b6f6c03640cce5d9482ba5a8e5c2\"},\"breadcrumb\":{\"@id\":\"https:\\\/\\\/www.bbmnoticias.com\\\/labravaradiofm\\\/2022\\\/01\\\/07\\\/oaxaca-seguira-en-semaforo-verde-hasta-el-23-de-enero\\\/#breadcrumb\"},\"inLanguage\":\"es\",\"potentialAction\":[{\"@type\":\"ReadAction\",\"target\":[\"https:\\\/\\\/www.bbmnoticias.com\\\/labravaradiofm\\\/2022\\\/01\\\/07\\\/oaxaca-seguira-en-semaforo-verde-hasta-el-23-de-enero\\\/\"]}]},{\"@type\":\"ImageObject\",\"inLanguage\":\"es\",\"@id\":\"https:\\\/\\\/www.bbmnoticias.com\\\/labravaradiofm\\\/2022\\\/01\\\/07\\\/oaxaca-seguira-en-semaforo-verde-hasta-el-23-de-enero\\\/#primaryimage\",\"url\":\"https:\\\/\\\/www.bbmnoticias.com\\\/labravaradiofm\\\/wp-content\\\/uploads\\\/sites\\\/5\\\/2022\\\/01\\\/semaforo.jpg\",\"contentUrl\":\"https:\\\/\\\/www.bbmnoticias.com\\\/labravaradiofm\\\/wp-content\\\/uploads\\\/sites\\\/5\\\/2022\\\/01\\\/semaforo.jpg\",\"width\":1440,\"height\":810},{\"@type\":\"BreadcrumbList\",\"@id\":\"https:\\\/\\\/www.bbmnoticias.com\\\/labravaradiofm\\\/2022\\\/01\\\/07\\\/oaxaca-seguira-en-semaforo-verde-hasta-el-23-de-enero\\\/#breadcrumb\",\"itemListElement\":[{\"@type\":\"ListItem\",\"position\":1,\"name\":\"Inicio\",\"item\":\"https:\\\/\\\/www.bbmnoticias.com\\\/labravaradiofm\\\/\"},{\"@type\":\"ListItem\",\"position\":2,\"name\":\"Oaxaca seguir\u00e1 en sem\u00e1foro verde hasta el 23 de enero\"}]},{\"@type\":\"WebSite\",\"@id\":\"https:\\\/\\\/www.bbmnoticias.com\\\/labravaradiofm\\\/#website\",\"url\":\"https:\\\/\\\/www.bbmnoticias.com\\\/labravaradiofm\\\/\",\"name\":\"LA BRAVA RADIO\",\"description\":\"Empresa productora de medios, Radiodifusi\u00f3n, Noticias, tendencias y todo lo que necesitas saber de la pol\u00edtica mexicana e internacional; entretenimiento, espect\u00e1culos, salud y mucho m\u00e1s.\",\"potentialAction\":[{\"@type\":\"SearchAction\",\"target\":{\"@type\":\"EntryPoint\",\"urlTemplate\":\"https:\\\/\\\/www.bbmnoticias.com\\\/labravaradiofm\\\/?s={search_term_string}\"},\"query-input\":{\"@type\":\"PropertyValueSpecification\",\"valueRequired\":true,\"valueName\":\"search_term_string\"}}],\"inLanguage\":\"es\"},{\"@type\":\"Person\",\"@id\":\"https:\\\/\\\/www.bbmnoticias.com\\\/labravaradiofm\\\/#\\\/schema\\\/person\\\/c316b6f6c03640cce5d9482ba5a8e5c2\",\"name\":\"Quadratin\",\"image\":{\"@type\":\"ImageObject\",\"inLanguage\":\"es\",\"@id\":\"https:\\\/\\\/secure.gravatar.com\\\/avatar\\\/34008d7d72488432d6a74f81e839efc9f754b118786ca32cf39d9d5508a68f63?s=96&d=mm&r=g\",\"url\":\"https:\\\/\\\/secure.gravatar.com\\\/avatar\\\/34008d7d72488432d6a74f81e839efc9f754b118786ca32cf39d9d5508a68f63?s=96&d=mm&r=g\",\"contentUrl\":\"https:\\\/\\\/secure.gravatar.com\\\/avatar\\\/34008d7d72488432d6a74f81e839efc9f754b118786ca32cf39d9d5508a68f63?s=96&d=mm&r=g\",\"caption\":\"Quadratin\"},\"url\":\"https:\\\/\\\/www.bbmnoticias.com\\\/labravaradiofm\\\/author\\\/quadratin\\\/\"}]}<\/script>\n<!-- \/ Yoast SEO plugin. -->","yoast_head_json":{"title":"Oaxaca seguir\u00e1 en sem\u00e1foro verde hasta el 23 de enero - LA BRAVA RADIO","robots":{"index":"index","follow":"follow","max-snippet":"max-snippet:-1","max-image-preview":"max-image-preview:large","max-video-preview":"max-video-preview:-1"},"canonical":"https:\/\/www.bbmnoticias.com\/labravaradiofm\/2022\/01\/07\/oaxaca-seguira-en-semaforo-verde-hasta-el-23-de-enero\/","og_locale":"es_MX","og_type":"article","og_title":"Oaxaca seguir\u00e1 en sem\u00e1foro verde hasta el 23 de enero - LA BRAVA RADIO","og_description":"OAXACA, Oax. 7 de enero de 2022.- El gobierno federal inform\u00f3 que Oaxaca est\u00e1 entre las entidades que se mantendr\u00e1n en verde, de acuerdo con el sem\u00e1foro de riesgo epid\u00e9mico. Del 10 al 23 de enero, Oaxaca mantendr\u00e1 en el sem\u00e1foro de bajo riesgo por contagios de Covid 19. Son 19 entidades que permanecer\u00e1n en [&hellip;]","og_url":"https:\/\/www.bbmnoticias.com\/labravaradiofm\/2022\/01\/07\/oaxaca-seguira-en-semaforo-verde-hasta-el-23-de-enero\/","og_site_name":"LA BRAVA RADIO","article_published_time":"2022-01-08T02:19:35+00:00","article_modified_time":"2022-01-08T02:20:33+00:00","og_image":[{"width":1440,"height":810,"url":"https:\/\/www.bbmnoticias.com\/labravaradiofm\/wp-content\/uploads\/sites\/5\/2022\/01\/semaforo.jpg","type":"image\/jpeg"}],"author":"Quadratin","twitter_card":"summary_large_image","twitter_misc":{"Escrito por":"Quadratin","Tiempo de lectura":"1 minuto"},"schema":{"@context":"https:\/\/schema.org","@graph":[{"@type":"Article","@id":"https:\/\/www.bbmnoticias.com\/labravaradiofm\/2022\/01\/07\/oaxaca-seguira-en-semaforo-verde-hasta-el-23-de-enero\/#article","isPartOf":{"@id":"https:\/\/www.bbmnoticias.com\/labravaradiofm\/2022\/01\/07\/oaxaca-seguira-en-semaforo-verde-hasta-el-23-de-enero\/"},"author":{"name":"Quadratin","@id":"https:\/\/www.bbmnoticias.com\/labravaradiofm\/#\/schema\/person\/c316b6f6c03640cce5d9482ba5a8e5c2"},"headline":"Oaxaca seguir\u00e1 en sem\u00e1foro verde hasta el 23 de enero","datePublished":"2022-01-08T02:19:35+00:00","dateModified":"2022-01-08T02:20:33+00:00","mainEntityOfPage":{"@id":"https:\/\/www.bbmnoticias.com\/labravaradiofm\/2022\/01\/07\/oaxaca-seguira-en-semaforo-verde-hasta-el-23-de-enero\/"},"wordCount":165,"image":{"@id":"https:\/\/www.bbmnoticias.com\/labravaradiofm\/2022\/01\/07\/oaxaca-seguira-en-semaforo-verde-hasta-el-23-de-enero\/#primaryimage"},"thumbnailUrl":"https:\/\/www.bbmnoticias.com\/labravaradiofm\/wp-content\/uploads\/sites\/5\/2022\/01\/semaforo.jpg","articleSection":["LOCAL"],"inLanguage":"es"},{"@type":"WebPage","@id":"https:\/\/www.bbmnoticias.com\/labravaradiofm\/2022\/01\/07\/oaxaca-seguira-en-semaforo-verde-hasta-el-23-de-enero\/","url":"https:\/\/www.bbmnoticias.com\/labravaradiofm\/2022\/01\/07\/oaxaca-seguira-en-semaforo-verde-hasta-el-23-de-enero\/","name":"Oaxaca seguir\u00e1 en sem\u00e1foro verde hasta el 23 de enero - LA BRAVA RADIO","isPartOf":{"@id":"https:\/\/www.bbmnoticias.com\/labravaradiofm\/#website"},"primaryImageOfPage":{"@id":"https:\/\/www.bbmnoticias.com\/labravaradiofm\/2022\/01\/07\/oaxaca-seguira-en-semaforo-verde-hasta-el-23-de-enero\/#primaryimage"},"image":{"@id":"https:\/\/www.bbmnoticias.com\/labravaradiofm\/2022\/01\/07\/oaxaca-seguira-en-semaforo-verde-hasta-el-23-de-enero\/#primaryimage"},"thumbnailUrl":"https:\/\/www.bbmnoticias.com\/labravaradiofm\/wp-content\/uploads\/sites\/5\/2022\/01\/semaforo.jpg","datePublished":"2022-01-08T02:19:35+00:00","dateModified":"2022-01-08T02:20:33+00:00","author":{"@id":"https:\/\/www.bbmnoticias.com\/labravaradiofm\/#\/schema\/person\/c316b6f6c03640cce5d9482ba5a8e5c2"},"breadcrumb":{"@id":"https:\/\/www.bbmnoticias.com\/labravaradiofm\/2022\/01\/07\/oaxaca-seguira-en-semaforo-verde-hasta-el-23-de-enero\/#breadcrumb"},"inLanguage":"es","potentialAction":[{"@type":"ReadAction","target":["https:\/\/www.bbmnoticias.com\/labravaradiofm\/2022\/01\/07\/oaxaca-seguira-en-semaforo-verde-hasta-el-23-de-enero\/"]}]},{"@type":"ImageObject","inLanguage":"es","@id":"https:\/\/www.bbmnoticias.com\/labravaradiofm\/2022\/01\/07\/oaxaca-seguira-en-semaforo-verde-hasta-el-23-de-enero\/#primaryimage","url":"https:\/\/www.bbmnoticias.com\/labravaradiofm\/wp-content\/uploads\/sites\/5\/2022\/01\/semaforo.jpg","contentUrl":"https:\/\/www.bbmnoticias.com\/labravaradiofm\/wp-content\/uploads\/sites\/5\/2022\/01\/semaforo.jpg","width":1440,"height":810},{"@type":"BreadcrumbList","@id":"https:\/\/www.bbmnoticias.com\/labravaradiofm\/2022\/01\/07\/oaxaca-seguira-en-semaforo-verde-hasta-el-23-de-enero\/#breadcrumb","itemListElement":[{"@type":"ListItem","position":1,"name":"Inicio","item":"https:\/\/www.bbmnoticias.com\/labravaradiofm\/"},{"@type":"ListItem","position":2,"name":"Oaxaca seguir\u00e1 en sem\u00e1foro verde hasta el 23 de enero"}]},{"@type":"WebSite","@id":"https:\/\/www.bbmnoticias.com\/labravaradiofm\/#website","url":"https:\/\/www.bbmnoticias.com\/labravaradiofm\/","name":"LA BRAVA RADIO","description":"Empresa productora de medios, Radiodifusi\u00f3n, Noticias, tendencias y todo lo que necesitas saber de la pol\u00edtica mexicana e internacional; entretenimiento, espect\u00e1culos, salud y mucho m\u00e1s.","potentialAction":[{"@type":"SearchAction","target":{"@type":"EntryPoint","urlTemplate":"https:\/\/www.bbmnoticias.com\/labravaradiofm\/?s={search_term_string}"},"query-input":{"@type":"PropertyValueSpecification","valueRequired":true,"valueName":"search_term_string"}}],"inLanguage":"es"},{"@type":"Person","@id":"https:\/\/www.bbmnoticias.com\/labravaradiofm\/#\/schema\/person\/c316b6f6c03640cce5d9482ba5a8e5c2","name":"Quadratin","image":{"@type":"ImageObject","inLanguage":"es","@id":"https:\/\/secure.gravatar.com\/avatar\/34008d7d72488432d6a74f81e839efc9f754b118786ca32cf39d9d5508a68f63?s=96&d=mm&r=g","url":"https:\/\/secure.gravatar.com\/avatar\/34008d7d72488432d6a74f81e839efc9f754b118786ca32cf39d9d5508a68f63?s=96&d=mm&r=g","contentUrl":"https:\/\/secure.gravatar.com\/avatar\/34008d7d72488432d6a74f81e839efc9f754b118786ca32cf39d9d5508a68f63?s=96&d=mm&r=g","caption":"Quadratin"},"url":"https:\/\/www.bbmnoticias.com\/labravaradiofm\/author\/quadratin\/"}]}},"_links":{"self":[{"href":"https:\/\/www.bbmnoticias.com\/labravaradiofm\/wp-json\/wp\/v2\/posts\/8279","targetHints":{"allow":["GET"]}}],"collection":[{"href":"https:\/\/www.bbmnoticias.com\/labravaradiofm\/wp-json\/wp\/v2\/posts"}],"about":[{"href":"https:\/\/www.bbmnoticias.com\/labravaradiofm\/wp-json\/wp\/v2\/types\/post"}],"author":[{"embeddable":true,"href":"https:\/\/www.bbmnoticias.com\/labravaradiofm\/wp-json\/wp\/v2\/users\/5"}],"replies":[{"embeddable":true,"href":"https:\/\/www.bbmnoticias.com\/labravaradiofm\/wp-json\/wp\/v2\/comments?post=8279"}],"version-history":[{"count":0,"href":"https:\/\/www.bbmnoticias.com\/labravaradiofm\/wp-json\/wp\/v2\/posts\/8279\/revisions"}],"wp:featuredmedia":[{"embeddable":true,"href":"https:\/\/www.bbmnoticias.com\/labravaradiofm\/wp-json\/wp\/v2\/media\/8280"}],"wp:attachment":[{"href":"https:\/\/www.bbmnoticias.com\/labravaradiofm\/wp-json\/wp\/v2\/media?parent=8279"}],"wp:term":[{"taxonomy":"category","embeddable":true,"href":"https:\/\/www.bbmnoticias.com\/labravaradiofm\/wp-json\/wp\/v2\/categories?post=8279"},{"taxonomy":"post_tag","embeddable":true,"href":"https:\/\/www.bbmnoticias.com\/labravaradiofm\/wp-json\/wp\/v2\/tags?post=8279"}],"curies":[{"name":"wp","href":"https:\/\/api.w.org\/{rel}","templated":true}]}}