{"id":8270,"date":"2022-01-07T15:57:51","date_gmt":"2022-01-07T21:57:51","guid":{"rendered":"https:\/\/www.bbmnoticias.com\/labravaradiofm\/?p=8270"},"modified":"2022-01-07T15:57:53","modified_gmt":"2022-01-07T21:57:53","slug":"asamblea-popular-de-santa-maria-mixtequilla-cierran-bombas-de-agua-piden-eleccion-por-usos-y-costumbres","status":"publish","type":"post","link":"https:\/\/www.bbmnoticias.com\/labravaradiofm\/2022\/01\/07\/asamblea-popular-de-santa-maria-mixtequilla-cierran-bombas-de-agua-piden-eleccion-por-usos-y-costumbres\/","title":{"rendered":"Asamblea popular de Santa Mar\u00eda Mixtequilla cierran bombas de agua; piden elecci\u00f3n por Usos y Costumbres"},"content":{"rendered":"<div style=\"margin-top: 0px; margin-bottom: 0px;\" class=\"sharethis-inline-share-buttons\" ><\/div>\n<p>Santa Mar\u00eda Mixtequilla, Oaxaca. En rechazo al Comisionado Municipal, Rogelio Vargas Garfias, integrantes de la asamblea popular bloquean los acceso de la toma de agua que abastece a las instalaciones de Petr\u00f3leos Mexicanos Pemex en Salina Cruz.<\/p>\n\n\n\n<p>Est\u00e1 asamblea busca que a trav\u00e9s de este mecanismo de protesta, se instale una mesa de trabajo con el Gobierno del Estado, el Instituto Estatal Electoral y de Participaci\u00f3n Ciudadana de Oaxaca IEEPCO y el INE, para exponerles el rechazo del Comisionado Municipal y que se cambie a usos y costumbres para una pr\u00f3xima elecci\u00f3n.<\/p>\n\n\n\n<p>Los manifestantes impiden el acceso al personal que ah\u00ed labora, \u00fanicamente se permite el acceso a pie.<\/p>\n\n\n\n<p>Cabe mencionar que los Comisionados Municipales Provisionales, deben garantizar la paz social, la operatividad de los servicios y utilizar eficientemente los recursos del ramo 28, toda vez que no pueden hacer uso de los recursos correspondientes al ramo 33, asimismo deber\u00e1n privilegiar el di\u00e1logo con los diferentes grupos pol\u00edticos para construir acuerdos que permitan crear las condiciones necesarias para realizar las elecciones extraordinarias.<\/p>\n\n\n\n<p>Sin embargo, en esta comunidad, desde el primero de enero de este a\u00f1o, se le impidi\u00f3 a Rogelio Vargas Garfias, asumir la responsabilidad de administrador municipal.<\/p>\n","protected":false},"excerpt":{"rendered":"<p>Santa Mar\u00eda Mixtequilla, Oaxaca. En rechazo al Comisionado Municipal, Rogelio Vargas Garfias, integrantes de la asamblea popular bloquean los acceso de la toma de agua que abastece a las instalaciones de Petr\u00f3leos Mexicanos Pemex en Salina Cruz. Est\u00e1 asamblea busca que a trav\u00e9s de este mecanismo de protesta, se instale una mesa de trabajo con [&hellip;]<\/p>\n","protected":false},"author":3,"featured_media":8271,"comment_status":"closed","ping_status":"closed","sticky":false,"template":"","format":"standard","meta":{"footnotes":""},"categories":[2],"tags":[],"class_list":{"0":"post-8270","1":"post","2":"type-post","3":"status-publish","4":"format-standard","5":"has-post-thumbnail","7":"category-oaxaca"},"yoast_head":"<!-- This site is optimized with the Yoast SEO plugin v27.4 - https:\/\/yoast.com\/product\/yoast-seo-wordpress\/ -->\n<title>Asamblea popular de Santa Mar\u00eda Mixtequilla cierran bombas de agua; piden elecci\u00f3n por Usos y Costumbres - LA BRAVA RADIO<\/title>\n<meta name=\"robots\" content=\"index, follow, max-snippet:-1, max-image-preview:large, max-video-preview:-1\" \/>\n<link rel=\"canonical\" href=\"https:\/\/www.bbmnoticias.com\/labravaradiofm\/2022\/01\/07\/asamblea-popular-de-santa-maria-mixtequilla-cierran-bombas-de-agua-piden-eleccion-por-usos-y-costumbres\/\" \/>\n<meta property=\"og:locale\" content=\"es_MX\" \/>\n<meta property=\"og:type\" content=\"article\" \/>\n<meta property=\"og:title\" content=\"Asamblea popular de Santa Mar\u00eda Mixtequilla cierran bombas de agua; piden elecci\u00f3n por Usos y Costumbres - LA BRAVA RADIO\" \/>\n<meta property=\"og:description\" content=\"Santa Mar\u00eda Mixtequilla, Oaxaca. En rechazo al Comisionado Municipal, Rogelio Vargas Garfias, integrantes de la asamblea popular bloquean los acceso de la toma de agua que abastece a las instalaciones de Petr\u00f3leos Mexicanos Pemex en Salina Cruz. Est\u00e1 asamblea busca que a trav\u00e9s de este mecanismo de protesta, se instale una mesa de trabajo con [&hellip;]\" \/>\n<meta property=\"og:url\" content=\"https:\/\/www.bbmnoticias.com\/labravaradiofm\/2022\/01\/07\/asamblea-popular-de-santa-maria-mixtequilla-cierran-bombas-de-agua-piden-eleccion-por-usos-y-costumbres\/\" \/>\n<meta property=\"og:site_name\" content=\"LA BRAVA RADIO\" \/>\n<meta property=\"article:author\" content=\"https:\/\/www.facebook.com\/EdwinMeneses30\" \/>\n<meta property=\"article:published_time\" content=\"2022-01-07T21:57:51+00:00\" \/>\n<meta property=\"article:modified_time\" content=\"2022-01-07T21:57:53+00:00\" \/>\n<meta property=\"og:image\" content=\"https:\/\/www.bbmnoticias.com\/labravaradiofm\/wp-content\/uploads\/sites\/5\/2022\/01\/mixtequilla-oaxaca.jpg\" \/>\n\t<meta property=\"og:image:width\" content=\"900\" \/>\n\t<meta property=\"og:image:height\" content=\"506\" \/>\n\t<meta property=\"og:image:type\" content=\"image\/jpeg\" \/>\n<meta name=\"author\" content=\"Edwin MENESES\" \/>\n<meta name=\"twitter:card\" content=\"summary_large_image\" \/>\n<meta name=\"twitter:creator\" content=\"@https:\/\/twitter.com\/edwin_meneses81\" \/>\n<meta name=\"twitter:label1\" content=\"Escrito por\" \/>\n\t<meta name=\"twitter:data1\" content=\"Edwin MENESES\" \/>\n\t<meta name=\"twitter:label2\" content=\"Tiempo de lectura\" \/>\n\t<meta name=\"twitter:data2\" content=\"1 minuto\" \/>\n<script type=\"application\/ld+json\" class=\"yoast-schema-graph\">{\"@context\":\"https:\\\/\\\/schema.org\",\"@graph\":[{\"@type\":\"Article\",\"@id\":\"https:\\\/\\\/www.bbmnoticias.com\\\/labravaradiofm\\\/2022\\\/01\\\/07\\\/asamblea-popular-de-santa-maria-mixtequilla-cierran-bombas-de-agua-piden-eleccion-por-usos-y-costumbres\\\/#article\",\"isPartOf\":{\"@id\":\"https:\\\/\\\/www.bbmnoticias.com\\\/labravaradiofm\\\/2022\\\/01\\\/07\\\/asamblea-popular-de-santa-maria-mixtequilla-cierran-bombas-de-agua-piden-eleccion-por-usos-y-costumbres\\\/\"},\"author\":{\"name\":\"Edwin MENESES\",\"@id\":\"https:\\\/\\\/www.bbmnoticias.com\\\/labravaradiofm\\\/#\\\/schema\\\/person\\\/9b02a4c779df75b578b6413d0d44d6b6\"},\"headline\":\"Asamblea popular de Santa Mar\u00eda Mixtequilla cierran bombas de agua; piden elecci\u00f3n por Usos y Costumbres\",\"datePublished\":\"2022-01-07T21:57:51+00:00\",\"dateModified\":\"2022-01-07T21:57:53+00:00\",\"mainEntityOfPage\":{\"@id\":\"https:\\\/\\\/www.bbmnoticias.com\\\/labravaradiofm\\\/2022\\\/01\\\/07\\\/asamblea-popular-de-santa-maria-mixtequilla-cierran-bombas-de-agua-piden-eleccion-por-usos-y-costumbres\\\/\"},\"wordCount\":224,\"image\":{\"@id\":\"https:\\\/\\\/www.bbmnoticias.com\\\/labravaradiofm\\\/2022\\\/01\\\/07\\\/asamblea-popular-de-santa-maria-mixtequilla-cierran-bombas-de-agua-piden-eleccion-por-usos-y-costumbres\\\/#primaryimage\"},\"thumbnailUrl\":\"https:\\\/\\\/www.bbmnoticias.com\\\/labravaradiofm\\\/wp-content\\\/uploads\\\/sites\\\/5\\\/2022\\\/01\\\/mixtequilla-oaxaca.jpg\",\"articleSection\":[\"LOCAL\"],\"inLanguage\":\"es\"},{\"@type\":\"WebPage\",\"@id\":\"https:\\\/\\\/www.bbmnoticias.com\\\/labravaradiofm\\\/2022\\\/01\\\/07\\\/asamblea-popular-de-santa-maria-mixtequilla-cierran-bombas-de-agua-piden-eleccion-por-usos-y-costumbres\\\/\",\"url\":\"https:\\\/\\\/www.bbmnoticias.com\\\/labravaradiofm\\\/2022\\\/01\\\/07\\\/asamblea-popular-de-santa-maria-mixtequilla-cierran-bombas-de-agua-piden-eleccion-por-usos-y-costumbres\\\/\",\"name\":\"Asamblea popular de Santa Mar\u00eda Mixtequilla cierran bombas de agua; piden elecci\u00f3n por Usos y Costumbres - LA BRAVA RADIO\",\"isPartOf\":{\"@id\":\"https:\\\/\\\/www.bbmnoticias.com\\\/labravaradiofm\\\/#website\"},\"primaryImageOfPage\":{\"@id\":\"https:\\\/\\\/www.bbmnoticias.com\\\/labravaradiofm\\\/2022\\\/01\\\/07\\\/asamblea-popular-de-santa-maria-mixtequilla-cierran-bombas-de-agua-piden-eleccion-por-usos-y-costumbres\\\/#primaryimage\"},\"image\":{\"@id\":\"https:\\\/\\\/www.bbmnoticias.com\\\/labravaradiofm\\\/2022\\\/01\\\/07\\\/asamblea-popular-de-santa-maria-mixtequilla-cierran-bombas-de-agua-piden-eleccion-por-usos-y-costumbres\\\/#primaryimage\"},\"thumbnailUrl\":\"https:\\\/\\\/www.bbmnoticias.com\\\/labravaradiofm\\\/wp-content\\\/uploads\\\/sites\\\/5\\\/2022\\\/01\\\/mixtequilla-oaxaca.jpg\",\"datePublished\":\"2022-01-07T21:57:51+00:00\",\"dateModified\":\"2022-01-07T21:57:53+00:00\",\"author\":{\"@id\":\"https:\\\/\\\/www.bbmnoticias.com\\\/labravaradiofm\\\/#\\\/schema\\\/person\\\/9b02a4c779df75b578b6413d0d44d6b6\"},\"breadcrumb\":{\"@id\":\"https:\\\/\\\/www.bbmnoticias.com\\\/labravaradiofm\\\/2022\\\/01\\\/07\\\/asamblea-popular-de-santa-maria-mixtequilla-cierran-bombas-de-agua-piden-eleccion-por-usos-y-costumbres\\\/#breadcrumb\"},\"inLanguage\":\"es\",\"potentialAction\":[{\"@type\":\"ReadAction\",\"target\":[\"https:\\\/\\\/www.bbmnoticias.com\\\/labravaradiofm\\\/2022\\\/01\\\/07\\\/asamblea-popular-de-santa-maria-mixtequilla-cierran-bombas-de-agua-piden-eleccion-por-usos-y-costumbres\\\/\"]}]},{\"@type\":\"ImageObject\",\"inLanguage\":\"es\",\"@id\":\"https:\\\/\\\/www.bbmnoticias.com\\\/labravaradiofm\\\/2022\\\/01\\\/07\\\/asamblea-popular-de-santa-maria-mixtequilla-cierran-bombas-de-agua-piden-eleccion-por-usos-y-costumbres\\\/#primaryimage\",\"url\":\"https:\\\/\\\/www.bbmnoticias.com\\\/labravaradiofm\\\/wp-content\\\/uploads\\\/sites\\\/5\\\/2022\\\/01\\\/mixtequilla-oaxaca.jpg\",\"contentUrl\":\"https:\\\/\\\/www.bbmnoticias.com\\\/labravaradiofm\\\/wp-content\\\/uploads\\\/sites\\\/5\\\/2022\\\/01\\\/mixtequilla-oaxaca.jpg\",\"width\":900,\"height\":506},{\"@type\":\"BreadcrumbList\",\"@id\":\"https:\\\/\\\/www.bbmnoticias.com\\\/labravaradiofm\\\/2022\\\/01\\\/07\\\/asamblea-popular-de-santa-maria-mixtequilla-cierran-bombas-de-agua-piden-eleccion-por-usos-y-costumbres\\\/#breadcrumb\",\"itemListElement\":[{\"@type\":\"ListItem\",\"position\":1,\"name\":\"Inicio\",\"item\":\"https:\\\/\\\/www.bbmnoticias.com\\\/labravaradiofm\\\/\"},{\"@type\":\"ListItem\",\"position\":2,\"name\":\"Asamblea popular de Santa Mar\u00eda Mixtequilla cierran bombas de agua; piden elecci\u00f3n por Usos y Costumbres\"}]},{\"@type\":\"WebSite\",\"@id\":\"https:\\\/\\\/www.bbmnoticias.com\\\/labravaradiofm\\\/#website\",\"url\":\"https:\\\/\\\/www.bbmnoticias.com\\\/labravaradiofm\\\/\",\"name\":\"LA BRAVA RADIO\",\"description\":\"Empresa productora de medios, Radiodifusi\u00f3n, Noticias, tendencias y todo lo que necesitas saber de la pol\u00edtica mexicana e internacional; entretenimiento, espect\u00e1culos, salud y mucho m\u00e1s.\",\"potentialAction\":[{\"@type\":\"SearchAction\",\"target\":{\"@type\":\"EntryPoint\",\"urlTemplate\":\"https:\\\/\\\/www.bbmnoticias.com\\\/labravaradiofm\\\/?s={search_term_string}\"},\"query-input\":{\"@type\":\"PropertyValueSpecification\",\"valueRequired\":true,\"valueName\":\"search_term_string\"}}],\"inLanguage\":\"es\"},{\"@type\":\"Person\",\"@id\":\"https:\\\/\\\/www.bbmnoticias.com\\\/labravaradiofm\\\/#\\\/schema\\\/person\\\/9b02a4c779df75b578b6413d0d44d6b6\",\"name\":\"Edwin MENESES\",\"image\":{\"@type\":\"ImageObject\",\"inLanguage\":\"es\",\"@id\":\"https:\\\/\\\/secure.gravatar.com\\\/avatar\\\/202a15439445248653d719ff745fa195bcc0553404b070fe317543754f253c4f?s=96&d=mm&r=g\",\"url\":\"https:\\\/\\\/secure.gravatar.com\\\/avatar\\\/202a15439445248653d719ff745fa195bcc0553404b070fe317543754f253c4f?s=96&d=mm&r=g\",\"contentUrl\":\"https:\\\/\\\/secure.gravatar.com\\\/avatar\\\/202a15439445248653d719ff745fa195bcc0553404b070fe317543754f253c4f?s=96&d=mm&r=g\",\"caption\":\"Edwin MENESES\"},\"sameAs\":[\"https:\\\/\\\/www.bbmnoticias.com\",\"https:\\\/\\\/www.facebook.com\\\/EdwinMeneses30\",\"https:\\\/\\\/x.com\\\/https:\\\/\\\/twitter.com\\\/edwin_meneses81\"],\"url\":\"https:\\\/\\\/www.bbmnoticias.com\\\/labravaradiofm\\\/author\\\/edwin\\\/\"}]}<\/script>\n<!-- \/ Yoast SEO plugin. -->","yoast_head_json":{"title":"Asamblea popular de Santa Mar\u00eda Mixtequilla cierran bombas de agua; piden elecci\u00f3n por Usos y Costumbres - LA BRAVA RADIO","robots":{"index":"index","follow":"follow","max-snippet":"max-snippet:-1","max-image-preview":"max-image-preview:large","max-video-preview":"max-video-preview:-1"},"canonical":"https:\/\/www.bbmnoticias.com\/labravaradiofm\/2022\/01\/07\/asamblea-popular-de-santa-maria-mixtequilla-cierran-bombas-de-agua-piden-eleccion-por-usos-y-costumbres\/","og_locale":"es_MX","og_type":"article","og_title":"Asamblea popular de Santa Mar\u00eda Mixtequilla cierran bombas de agua; piden elecci\u00f3n por Usos y Costumbres - LA BRAVA RADIO","og_description":"Santa Mar\u00eda Mixtequilla, Oaxaca. En rechazo al Comisionado Municipal, Rogelio Vargas Garfias, integrantes de la asamblea popular bloquean los acceso de la toma de agua que abastece a las instalaciones de Petr\u00f3leos Mexicanos Pemex en Salina Cruz. Est\u00e1 asamblea busca que a trav\u00e9s de este mecanismo de protesta, se instale una mesa de trabajo con [&hellip;]","og_url":"https:\/\/www.bbmnoticias.com\/labravaradiofm\/2022\/01\/07\/asamblea-popular-de-santa-maria-mixtequilla-cierran-bombas-de-agua-piden-eleccion-por-usos-y-costumbres\/","og_site_name":"LA BRAVA RADIO","article_author":"https:\/\/www.facebook.com\/EdwinMeneses30","article_published_time":"2022-01-07T21:57:51+00:00","article_modified_time":"2022-01-07T21:57:53+00:00","og_image":[{"width":900,"height":506,"url":"https:\/\/www.bbmnoticias.com\/labravaradiofm\/wp-content\/uploads\/sites\/5\/2022\/01\/mixtequilla-oaxaca.jpg","type":"image\/jpeg"}],"author":"Edwin MENESES","twitter_card":"summary_large_image","twitter_creator":"@https:\/\/twitter.com\/edwin_meneses81","twitter_misc":{"Escrito por":"Edwin MENESES","Tiempo de lectura":"1 minuto"},"schema":{"@context":"https:\/\/schema.org","@graph":[{"@type":"Article","@id":"https:\/\/www.bbmnoticias.com\/labravaradiofm\/2022\/01\/07\/asamblea-popular-de-santa-maria-mixtequilla-cierran-bombas-de-agua-piden-eleccion-por-usos-y-costumbres\/#article","isPartOf":{"@id":"https:\/\/www.bbmnoticias.com\/labravaradiofm\/2022\/01\/07\/asamblea-popular-de-santa-maria-mixtequilla-cierran-bombas-de-agua-piden-eleccion-por-usos-y-costumbres\/"},"author":{"name":"Edwin MENESES","@id":"https:\/\/www.bbmnoticias.com\/labravaradiofm\/#\/schema\/person\/9b02a4c779df75b578b6413d0d44d6b6"},"headline":"Asamblea popular de Santa Mar\u00eda Mixtequilla cierran bombas de agua; piden elecci\u00f3n por Usos y Costumbres","datePublished":"2022-01-07T21:57:51+00:00","dateModified":"2022-01-07T21:57:53+00:00","mainEntityOfPage":{"@id":"https:\/\/www.bbmnoticias.com\/labravaradiofm\/2022\/01\/07\/asamblea-popular-de-santa-maria-mixtequilla-cierran-bombas-de-agua-piden-eleccion-por-usos-y-costumbres\/"},"wordCount":224,"image":{"@id":"https:\/\/www.bbmnoticias.com\/labravaradiofm\/2022\/01\/07\/asamblea-popular-de-santa-maria-mixtequilla-cierran-bombas-de-agua-piden-eleccion-por-usos-y-costumbres\/#primaryimage"},"thumbnailUrl":"https:\/\/www.bbmnoticias.com\/labravaradiofm\/wp-content\/uploads\/sites\/5\/2022\/01\/mixtequilla-oaxaca.jpg","articleSection":["LOCAL"],"inLanguage":"es"},{"@type":"WebPage","@id":"https:\/\/www.bbmnoticias.com\/labravaradiofm\/2022\/01\/07\/asamblea-popular-de-santa-maria-mixtequilla-cierran-bombas-de-agua-piden-eleccion-por-usos-y-costumbres\/","url":"https:\/\/www.bbmnoticias.com\/labravaradiofm\/2022\/01\/07\/asamblea-popular-de-santa-maria-mixtequilla-cierran-bombas-de-agua-piden-eleccion-por-usos-y-costumbres\/","name":"Asamblea popular de Santa Mar\u00eda Mixtequilla cierran bombas de agua; piden elecci\u00f3n por Usos y Costumbres - LA BRAVA RADIO","isPartOf":{"@id":"https:\/\/www.bbmnoticias.com\/labravaradiofm\/#website"},"primaryImageOfPage":{"@id":"https:\/\/www.bbmnoticias.com\/labravaradiofm\/2022\/01\/07\/asamblea-popular-de-santa-maria-mixtequilla-cierran-bombas-de-agua-piden-eleccion-por-usos-y-costumbres\/#primaryimage"},"image":{"@id":"https:\/\/www.bbmnoticias.com\/labravaradiofm\/2022\/01\/07\/asamblea-popular-de-santa-maria-mixtequilla-cierran-bombas-de-agua-piden-eleccion-por-usos-y-costumbres\/#primaryimage"},"thumbnailUrl":"https:\/\/www.bbmnoticias.com\/labravaradiofm\/wp-content\/uploads\/sites\/5\/2022\/01\/mixtequilla-oaxaca.jpg","datePublished":"2022-01-07T21:57:51+00:00","dateModified":"2022-01-07T21:57:53+00:00","author":{"@id":"https:\/\/www.bbmnoticias.com\/labravaradiofm\/#\/schema\/person\/9b02a4c779df75b578b6413d0d44d6b6"},"breadcrumb":{"@id":"https:\/\/www.bbmnoticias.com\/labravaradiofm\/2022\/01\/07\/asamblea-popular-de-santa-maria-mixtequilla-cierran-bombas-de-agua-piden-eleccion-por-usos-y-costumbres\/#breadcrumb"},"inLanguage":"es","potentialAction":[{"@type":"ReadAction","target":["https:\/\/www.bbmnoticias.com\/labravaradiofm\/2022\/01\/07\/asamblea-popular-de-santa-maria-mixtequilla-cierran-bombas-de-agua-piden-eleccion-por-usos-y-costumbres\/"]}]},{"@type":"ImageObject","inLanguage":"es","@id":"https:\/\/www.bbmnoticias.com\/labravaradiofm\/2022\/01\/07\/asamblea-popular-de-santa-maria-mixtequilla-cierran-bombas-de-agua-piden-eleccion-por-usos-y-costumbres\/#primaryimage","url":"https:\/\/www.bbmnoticias.com\/labravaradiofm\/wp-content\/uploads\/sites\/5\/2022\/01\/mixtequilla-oaxaca.jpg","contentUrl":"https:\/\/www.bbmnoticias.com\/labravaradiofm\/wp-content\/uploads\/sites\/5\/2022\/01\/mixtequilla-oaxaca.jpg","width":900,"height":506},{"@type":"BreadcrumbList","@id":"https:\/\/www.bbmnoticias.com\/labravaradiofm\/2022\/01\/07\/asamblea-popular-de-santa-maria-mixtequilla-cierran-bombas-de-agua-piden-eleccion-por-usos-y-costumbres\/#breadcrumb","itemListElement":[{"@type":"ListItem","position":1,"name":"Inicio","item":"https:\/\/www.bbmnoticias.com\/labravaradiofm\/"},{"@type":"ListItem","position":2,"name":"Asamblea popular de Santa Mar\u00eda Mixtequilla cierran bombas de agua; piden elecci\u00f3n por Usos y Costumbres"}]},{"@type":"WebSite","@id":"https:\/\/www.bbmnoticias.com\/labravaradiofm\/#website","url":"https:\/\/www.bbmnoticias.com\/labravaradiofm\/","name":"LA BRAVA RADIO","description":"Empresa productora de medios, Radiodifusi\u00f3n, Noticias, tendencias y todo lo que necesitas saber de la pol\u00edtica mexicana e internacional; entretenimiento, espect\u00e1culos, salud y mucho m\u00e1s.","potentialAction":[{"@type":"SearchAction","target":{"@type":"EntryPoint","urlTemplate":"https:\/\/www.bbmnoticias.com\/labravaradiofm\/?s={search_term_string}"},"query-input":{"@type":"PropertyValueSpecification","valueRequired":true,"valueName":"search_term_string"}}],"inLanguage":"es"},{"@type":"Person","@id":"https:\/\/www.bbmnoticias.com\/labravaradiofm\/#\/schema\/person\/9b02a4c779df75b578b6413d0d44d6b6","name":"Edwin MENESES","image":{"@type":"ImageObject","inLanguage":"es","@id":"https:\/\/secure.gravatar.com\/avatar\/202a15439445248653d719ff745fa195bcc0553404b070fe317543754f253c4f?s=96&d=mm&r=g","url":"https:\/\/secure.gravatar.com\/avatar\/202a15439445248653d719ff745fa195bcc0553404b070fe317543754f253c4f?s=96&d=mm&r=g","contentUrl":"https:\/\/secure.gravatar.com\/avatar\/202a15439445248653d719ff745fa195bcc0553404b070fe317543754f253c4f?s=96&d=mm&r=g","caption":"Edwin MENESES"},"sameAs":["https:\/\/www.bbmnoticias.com","https:\/\/www.facebook.com\/EdwinMeneses30","https:\/\/x.com\/https:\/\/twitter.com\/edwin_meneses81"],"url":"https:\/\/www.bbmnoticias.com\/labravaradiofm\/author\/edwin\/"}]}},"_links":{"self":[{"href":"https:\/\/www.bbmnoticias.com\/labravaradiofm\/wp-json\/wp\/v2\/posts\/8270","targetHints":{"allow":["GET"]}}],"collection":[{"href":"https:\/\/www.bbmnoticias.com\/labravaradiofm\/wp-json\/wp\/v2\/posts"}],"about":[{"href":"https:\/\/www.bbmnoticias.com\/labravaradiofm\/wp-json\/wp\/v2\/types\/post"}],"author":[{"embeddable":true,"href":"https:\/\/www.bbmnoticias.com\/labravaradiofm\/wp-json\/wp\/v2\/users\/3"}],"replies":[{"embeddable":true,"href":"https:\/\/www.bbmnoticias.com\/labravaradiofm\/wp-json\/wp\/v2\/comments?post=8270"}],"version-history":[{"count":0,"href":"https:\/\/www.bbmnoticias.com\/labravaradiofm\/wp-json\/wp\/v2\/posts\/8270\/revisions"}],"wp:featuredmedia":[{"embeddable":true,"href":"https:\/\/www.bbmnoticias.com\/labravaradiofm\/wp-json\/wp\/v2\/media\/8271"}],"wp:attachment":[{"href":"https:\/\/www.bbmnoticias.com\/labravaradiofm\/wp-json\/wp\/v2\/media?parent=8270"}],"wp:term":[{"taxonomy":"category","embeddable":true,"href":"https:\/\/www.bbmnoticias.com\/labravaradiofm\/wp-json\/wp\/v2\/categories?post=8270"},{"taxonomy":"post_tag","embeddable":true,"href":"https:\/\/www.bbmnoticias.com\/labravaradiofm\/wp-json\/wp\/v2\/tags?post=8270"}],"curies":[{"name":"wp","href":"https:\/\/api.w.org\/{rel}","templated":true}]}}