{"id":8265,"date":"2022-01-07T13:23:52","date_gmt":"2022-01-07T19:23:52","guid":{"rendered":"https:\/\/www.bbmnoticias.com\/labravaradiofm\/?p=8265"},"modified":"2022-01-07T13:23:54","modified_gmt":"2022-01-07T19:23:54","slug":"tras-12-anos-profugo-es-aprehendido-y-presentado-ante-juez-probable-homicida-de-la-costa","status":"publish","type":"post","link":"https:\/\/www.bbmnoticias.com\/labravaradiofm\/2022\/01\/07\/tras-12-anos-profugo-es-aprehendido-y-presentado-ante-juez-probable-homicida-de-la-costa\/","title":{"rendered":"Tras 12 a\u00f1os pr\u00f3fugo, es aprehendido y presentado ante Juez probable homicida de la Costa"},"content":{"rendered":"<div style=\"margin-top: 0px; margin-bottom: 0px;\" class=\"sharethis-inline-share-buttons\" ><\/div>\n<p><strong>Oaxaca de Ju\u00e1rez, Oax., 7 de enero de 2022.- <\/strong>En el proceso de combate a la impunidad que realiza la Fiscal\u00eda General del Estado de Oaxaca (FGEO), se dio cumplimiento a una orden de aprehensi\u00f3n contra la persona del sexo masculino identificada como L. H. G., quien llevaba 12 a\u00f1os pr\u00f3fugo por su presunta participaci\u00f3n en la comisi\u00f3n del delito de homicidio culposo, en agravio de quien en vida respondi\u00f3 al nombre de G.G.G. o F.G.G., cometido en jurisdicci\u00f3n de San Pedro Pochutla, en la regi\u00f3n de la Costa.<\/p>\n\n\n\n<p>De acuerdo con la averiguaci\u00f3n previa 125(SPPII)\/2011, el 27 de junio de 2010, cuando el inculpado conduc\u00eda una camioneta de redilas en inmediaciones del puente \u201cCoyula Huatulco\u201d de Pochutla, la v\u00edctima cay\u00f3 desde la parte trasera del veh\u00edculo de motor debido a que las puertas no estaban debidamente aseguradas, percance que ocasion\u00f3 su muerte.<\/p>\n\n\n\n<p>Gracias a las labores de investigaci\u00f3n de parte de la Vicefiscal\u00eda Regional de la Costa, el pasado 5 de enero del a\u00f1o en curso, elementos de la Agencia Estatal de Investigaciones (AEI) cumplimentaron orden de aprehensi\u00f3n contra el presunto homicida y lo presentaron ante el Juzgado Primero Mixto de Primera Instancia con sede en San Pedro Pochutla, quien determinar\u00e1 su situaci\u00f3n jur\u00eddica en las pr\u00f3ximas horas.<\/p>\n","protected":false},"excerpt":{"rendered":"<p>Oaxaca de Ju\u00e1rez, Oax., 7 de enero de 2022.- En el proceso de combate a la impunidad que realiza la Fiscal\u00eda General del Estado de Oaxaca (FGEO), se dio cumplimiento a una orden de aprehensi\u00f3n contra la persona del sexo masculino identificada como L. H. G., quien llevaba 12 a\u00f1os pr\u00f3fugo por su presunta participaci\u00f3n [&hellip;]<\/p>\n","protected":false},"author":2,"featured_media":6832,"comment_status":"closed","ping_status":"closed","sticky":false,"template":"","format":"standard","meta":{"footnotes":""},"categories":[20],"tags":[],"class_list":{"0":"post-8265","1":"post","2":"type-post","3":"status-publish","4":"format-standard","5":"has-post-thumbnail","7":"category-policiaca"},"yoast_head":"<!-- This site is optimized with the Yoast SEO plugin v27.4 - https:\/\/yoast.com\/product\/yoast-seo-wordpress\/ -->\n<title>Tras 12 a\u00f1os pr\u00f3fugo, es aprehendido y presentado ante Juez probable homicida de la Costa - LA BRAVA RADIO<\/title>\n<meta name=\"robots\" content=\"index, follow, max-snippet:-1, max-image-preview:large, max-video-preview:-1\" \/>\n<link rel=\"canonical\" href=\"https:\/\/www.bbmnoticias.com\/labravaradiofm\/2022\/01\/07\/tras-12-anos-profugo-es-aprehendido-y-presentado-ante-juez-probable-homicida-de-la-costa\/\" \/>\n<meta property=\"og:locale\" content=\"es_MX\" \/>\n<meta property=\"og:type\" content=\"article\" \/>\n<meta property=\"og:title\" content=\"Tras 12 a\u00f1os pr\u00f3fugo, es aprehendido y presentado ante Juez probable homicida de la Costa - LA BRAVA RADIO\" \/>\n<meta property=\"og:description\" content=\"Oaxaca de Ju\u00e1rez, Oax., 7 de enero de 2022.- En el proceso de combate a la impunidad que realiza la Fiscal\u00eda General del Estado de Oaxaca (FGEO), se dio cumplimiento a una orden de aprehensi\u00f3n contra la persona del sexo masculino identificada como L. H. G., quien llevaba 12 a\u00f1os pr\u00f3fugo por su presunta participaci\u00f3n [&hellip;]\" \/>\n<meta property=\"og:url\" content=\"https:\/\/www.bbmnoticias.com\/labravaradiofm\/2022\/01\/07\/tras-12-anos-profugo-es-aprehendido-y-presentado-ante-juez-probable-homicida-de-la-costa\/\" \/>\n<meta property=\"og:site_name\" content=\"LA BRAVA RADIO\" \/>\n<meta property=\"article:published_time\" content=\"2022-01-07T19:23:52+00:00\" \/>\n<meta property=\"article:modified_time\" content=\"2022-01-07T19:23:54+00:00\" \/>\n<meta property=\"og:image\" content=\"https:\/\/www.bbmnoticias.com\/labravaradiofm\/wp-content\/uploads\/sites\/5\/2021\/12\/vinculado-proceso.jpg\" \/>\n\t<meta property=\"og:image:width\" content=\"608\" \/>\n\t<meta property=\"og:image:height\" content=\"342\" \/>\n\t<meta property=\"og:image:type\" content=\"image\/jpeg\" \/>\n<meta name=\"author\" content=\"Staff\" \/>\n<meta name=\"twitter:card\" content=\"summary_large_image\" \/>\n<meta name=\"twitter:label1\" content=\"Escrito por\" \/>\n\t<meta name=\"twitter:data1\" content=\"Staff\" \/>\n\t<meta name=\"twitter:label2\" content=\"Tiempo de lectura\" \/>\n\t<meta name=\"twitter:data2\" content=\"1 minuto\" \/>\n<script type=\"application\/ld+json\" class=\"yoast-schema-graph\">{\"@context\":\"https:\\\/\\\/schema.org\",\"@graph\":[{\"@type\":\"Article\",\"@id\":\"https:\\\/\\\/www.bbmnoticias.com\\\/labravaradiofm\\\/2022\\\/01\\\/07\\\/tras-12-anos-profugo-es-aprehendido-y-presentado-ante-juez-probable-homicida-de-la-costa\\\/#article\",\"isPartOf\":{\"@id\":\"https:\\\/\\\/www.bbmnoticias.com\\\/labravaradiofm\\\/2022\\\/01\\\/07\\\/tras-12-anos-profugo-es-aprehendido-y-presentado-ante-juez-probable-homicida-de-la-costa\\\/\"},\"author\":{\"name\":\"Staff\",\"@id\":\"https:\\\/\\\/www.bbmnoticias.com\\\/labravaradiofm\\\/#\\\/schema\\\/person\\\/68a9e9036ef3c5b55aeb2b71dc8bab45\"},\"headline\":\"Tras 12 a\u00f1os pr\u00f3fugo, es aprehendido y presentado ante Juez probable homicida de la Costa\",\"datePublished\":\"2022-01-07T19:23:52+00:00\",\"dateModified\":\"2022-01-07T19:23:54+00:00\",\"mainEntityOfPage\":{\"@id\":\"https:\\\/\\\/www.bbmnoticias.com\\\/labravaradiofm\\\/2022\\\/01\\\/07\\\/tras-12-anos-profugo-es-aprehendido-y-presentado-ante-juez-probable-homicida-de-la-costa\\\/\"},\"wordCount\":244,\"image\":{\"@id\":\"https:\\\/\\\/www.bbmnoticias.com\\\/labravaradiofm\\\/2022\\\/01\\\/07\\\/tras-12-anos-profugo-es-aprehendido-y-presentado-ante-juez-probable-homicida-de-la-costa\\\/#primaryimage\"},\"thumbnailUrl\":\"https:\\\/\\\/www.bbmnoticias.com\\\/labravaradiofm\\\/wp-content\\\/uploads\\\/sites\\\/5\\\/2021\\\/12\\\/vinculado-proceso.jpg\",\"articleSection\":[\"POLICIACA\"],\"inLanguage\":\"es\"},{\"@type\":\"WebPage\",\"@id\":\"https:\\\/\\\/www.bbmnoticias.com\\\/labravaradiofm\\\/2022\\\/01\\\/07\\\/tras-12-anos-profugo-es-aprehendido-y-presentado-ante-juez-probable-homicida-de-la-costa\\\/\",\"url\":\"https:\\\/\\\/www.bbmnoticias.com\\\/labravaradiofm\\\/2022\\\/01\\\/07\\\/tras-12-anos-profugo-es-aprehendido-y-presentado-ante-juez-probable-homicida-de-la-costa\\\/\",\"name\":\"Tras 12 a\u00f1os pr\u00f3fugo, es aprehendido y presentado ante Juez probable homicida de la Costa - LA BRAVA RADIO\",\"isPartOf\":{\"@id\":\"https:\\\/\\\/www.bbmnoticias.com\\\/labravaradiofm\\\/#website\"},\"primaryImageOfPage\":{\"@id\":\"https:\\\/\\\/www.bbmnoticias.com\\\/labravaradiofm\\\/2022\\\/01\\\/07\\\/tras-12-anos-profugo-es-aprehendido-y-presentado-ante-juez-probable-homicida-de-la-costa\\\/#primaryimage\"},\"image\":{\"@id\":\"https:\\\/\\\/www.bbmnoticias.com\\\/labravaradiofm\\\/2022\\\/01\\\/07\\\/tras-12-anos-profugo-es-aprehendido-y-presentado-ante-juez-probable-homicida-de-la-costa\\\/#primaryimage\"},\"thumbnailUrl\":\"https:\\\/\\\/www.bbmnoticias.com\\\/labravaradiofm\\\/wp-content\\\/uploads\\\/sites\\\/5\\\/2021\\\/12\\\/vinculado-proceso.jpg\",\"datePublished\":\"2022-01-07T19:23:52+00:00\",\"dateModified\":\"2022-01-07T19:23:54+00:00\",\"author\":{\"@id\":\"https:\\\/\\\/www.bbmnoticias.com\\\/labravaradiofm\\\/#\\\/schema\\\/person\\\/68a9e9036ef3c5b55aeb2b71dc8bab45\"},\"breadcrumb\":{\"@id\":\"https:\\\/\\\/www.bbmnoticias.com\\\/labravaradiofm\\\/2022\\\/01\\\/07\\\/tras-12-anos-profugo-es-aprehendido-y-presentado-ante-juez-probable-homicida-de-la-costa\\\/#breadcrumb\"},\"inLanguage\":\"es\",\"potentialAction\":[{\"@type\":\"ReadAction\",\"target\":[\"https:\\\/\\\/www.bbmnoticias.com\\\/labravaradiofm\\\/2022\\\/01\\\/07\\\/tras-12-anos-profugo-es-aprehendido-y-presentado-ante-juez-probable-homicida-de-la-costa\\\/\"]}]},{\"@type\":\"ImageObject\",\"inLanguage\":\"es\",\"@id\":\"https:\\\/\\\/www.bbmnoticias.com\\\/labravaradiofm\\\/2022\\\/01\\\/07\\\/tras-12-anos-profugo-es-aprehendido-y-presentado-ante-juez-probable-homicida-de-la-costa\\\/#primaryimage\",\"url\":\"https:\\\/\\\/www.bbmnoticias.com\\\/labravaradiofm\\\/wp-content\\\/uploads\\\/sites\\\/5\\\/2021\\\/12\\\/vinculado-proceso.jpg\",\"contentUrl\":\"https:\\\/\\\/www.bbmnoticias.com\\\/labravaradiofm\\\/wp-content\\\/uploads\\\/sites\\\/5\\\/2021\\\/12\\\/vinculado-proceso.jpg\",\"width\":608,\"height\":342},{\"@type\":\"BreadcrumbList\",\"@id\":\"https:\\\/\\\/www.bbmnoticias.com\\\/labravaradiofm\\\/2022\\\/01\\\/07\\\/tras-12-anos-profugo-es-aprehendido-y-presentado-ante-juez-probable-homicida-de-la-costa\\\/#breadcrumb\",\"itemListElement\":[{\"@type\":\"ListItem\",\"position\":1,\"name\":\"Inicio\",\"item\":\"https:\\\/\\\/www.bbmnoticias.com\\\/labravaradiofm\\\/\"},{\"@type\":\"ListItem\",\"position\":2,\"name\":\"Tras 12 a\u00f1os pr\u00f3fugo, es aprehendido y presentado ante Juez probable homicida de la Costa\"}]},{\"@type\":\"WebSite\",\"@id\":\"https:\\\/\\\/www.bbmnoticias.com\\\/labravaradiofm\\\/#website\",\"url\":\"https:\\\/\\\/www.bbmnoticias.com\\\/labravaradiofm\\\/\",\"name\":\"LA BRAVA RADIO\",\"description\":\"Empresa productora de medios, Radiodifusi\u00f3n, Noticias, tendencias y todo lo que necesitas saber de la pol\u00edtica mexicana e internacional; entretenimiento, espect\u00e1culos, salud y mucho m\u00e1s.\",\"potentialAction\":[{\"@type\":\"SearchAction\",\"target\":{\"@type\":\"EntryPoint\",\"urlTemplate\":\"https:\\\/\\\/www.bbmnoticias.com\\\/labravaradiofm\\\/?s={search_term_string}\"},\"query-input\":{\"@type\":\"PropertyValueSpecification\",\"valueRequired\":true,\"valueName\":\"search_term_string\"}}],\"inLanguage\":\"es\"},{\"@type\":\"Person\",\"@id\":\"https:\\\/\\\/www.bbmnoticias.com\\\/labravaradiofm\\\/#\\\/schema\\\/person\\\/68a9e9036ef3c5b55aeb2b71dc8bab45\",\"name\":\"Staff\",\"image\":{\"@type\":\"ImageObject\",\"inLanguage\":\"es\",\"@id\":\"https:\\\/\\\/secure.gravatar.com\\\/avatar\\\/fdd21ad66fd8b98c407f9dee5b5e588cfe7f0d8579ec20fa6527cd59bab7f0f0?s=96&d=mm&r=g\",\"url\":\"https:\\\/\\\/secure.gravatar.com\\\/avatar\\\/fdd21ad66fd8b98c407f9dee5b5e588cfe7f0d8579ec20fa6527cd59bab7f0f0?s=96&d=mm&r=g\",\"contentUrl\":\"https:\\\/\\\/secure.gravatar.com\\\/avatar\\\/fdd21ad66fd8b98c407f9dee5b5e588cfe7f0d8579ec20fa6527cd59bab7f0f0?s=96&d=mm&r=g\",\"caption\":\"Staff\"},\"url\":\"https:\\\/\\\/www.bbmnoticias.com\\\/labravaradiofm\\\/author\\\/redaccion\\\/\"}]}<\/script>\n<!-- \/ Yoast SEO plugin. -->","yoast_head_json":{"title":"Tras 12 a\u00f1os pr\u00f3fugo, es aprehendido y presentado ante Juez probable homicida de la Costa - LA BRAVA RADIO","robots":{"index":"index","follow":"follow","max-snippet":"max-snippet:-1","max-image-preview":"max-image-preview:large","max-video-preview":"max-video-preview:-1"},"canonical":"https:\/\/www.bbmnoticias.com\/labravaradiofm\/2022\/01\/07\/tras-12-anos-profugo-es-aprehendido-y-presentado-ante-juez-probable-homicida-de-la-costa\/","og_locale":"es_MX","og_type":"article","og_title":"Tras 12 a\u00f1os pr\u00f3fugo, es aprehendido y presentado ante Juez probable homicida de la Costa - LA BRAVA RADIO","og_description":"Oaxaca de Ju\u00e1rez, Oax., 7 de enero de 2022.- En el proceso de combate a la impunidad que realiza la Fiscal\u00eda General del Estado de Oaxaca (FGEO), se dio cumplimiento a una orden de aprehensi\u00f3n contra la persona del sexo masculino identificada como L. H. G., quien llevaba 12 a\u00f1os pr\u00f3fugo por su presunta participaci\u00f3n [&hellip;]","og_url":"https:\/\/www.bbmnoticias.com\/labravaradiofm\/2022\/01\/07\/tras-12-anos-profugo-es-aprehendido-y-presentado-ante-juez-probable-homicida-de-la-costa\/","og_site_name":"LA BRAVA RADIO","article_published_time":"2022-01-07T19:23:52+00:00","article_modified_time":"2022-01-07T19:23:54+00:00","og_image":[{"width":608,"height":342,"url":"https:\/\/www.bbmnoticias.com\/labravaradiofm\/wp-content\/uploads\/sites\/5\/2021\/12\/vinculado-proceso.jpg","type":"image\/jpeg"}],"author":"Staff","twitter_card":"summary_large_image","twitter_misc":{"Escrito por":"Staff","Tiempo de lectura":"1 minuto"},"schema":{"@context":"https:\/\/schema.org","@graph":[{"@type":"Article","@id":"https:\/\/www.bbmnoticias.com\/labravaradiofm\/2022\/01\/07\/tras-12-anos-profugo-es-aprehendido-y-presentado-ante-juez-probable-homicida-de-la-costa\/#article","isPartOf":{"@id":"https:\/\/www.bbmnoticias.com\/labravaradiofm\/2022\/01\/07\/tras-12-anos-profugo-es-aprehendido-y-presentado-ante-juez-probable-homicida-de-la-costa\/"},"author":{"name":"Staff","@id":"https:\/\/www.bbmnoticias.com\/labravaradiofm\/#\/schema\/person\/68a9e9036ef3c5b55aeb2b71dc8bab45"},"headline":"Tras 12 a\u00f1os pr\u00f3fugo, es aprehendido y presentado ante Juez probable homicida de la Costa","datePublished":"2022-01-07T19:23:52+00:00","dateModified":"2022-01-07T19:23:54+00:00","mainEntityOfPage":{"@id":"https:\/\/www.bbmnoticias.com\/labravaradiofm\/2022\/01\/07\/tras-12-anos-profugo-es-aprehendido-y-presentado-ante-juez-probable-homicida-de-la-costa\/"},"wordCount":244,"image":{"@id":"https:\/\/www.bbmnoticias.com\/labravaradiofm\/2022\/01\/07\/tras-12-anos-profugo-es-aprehendido-y-presentado-ante-juez-probable-homicida-de-la-costa\/#primaryimage"},"thumbnailUrl":"https:\/\/www.bbmnoticias.com\/labravaradiofm\/wp-content\/uploads\/sites\/5\/2021\/12\/vinculado-proceso.jpg","articleSection":["POLICIACA"],"inLanguage":"es"},{"@type":"WebPage","@id":"https:\/\/www.bbmnoticias.com\/labravaradiofm\/2022\/01\/07\/tras-12-anos-profugo-es-aprehendido-y-presentado-ante-juez-probable-homicida-de-la-costa\/","url":"https:\/\/www.bbmnoticias.com\/labravaradiofm\/2022\/01\/07\/tras-12-anos-profugo-es-aprehendido-y-presentado-ante-juez-probable-homicida-de-la-costa\/","name":"Tras 12 a\u00f1os pr\u00f3fugo, es aprehendido y presentado ante Juez probable homicida de la Costa - LA BRAVA RADIO","isPartOf":{"@id":"https:\/\/www.bbmnoticias.com\/labravaradiofm\/#website"},"primaryImageOfPage":{"@id":"https:\/\/www.bbmnoticias.com\/labravaradiofm\/2022\/01\/07\/tras-12-anos-profugo-es-aprehendido-y-presentado-ante-juez-probable-homicida-de-la-costa\/#primaryimage"},"image":{"@id":"https:\/\/www.bbmnoticias.com\/labravaradiofm\/2022\/01\/07\/tras-12-anos-profugo-es-aprehendido-y-presentado-ante-juez-probable-homicida-de-la-costa\/#primaryimage"},"thumbnailUrl":"https:\/\/www.bbmnoticias.com\/labravaradiofm\/wp-content\/uploads\/sites\/5\/2021\/12\/vinculado-proceso.jpg","datePublished":"2022-01-07T19:23:52+00:00","dateModified":"2022-01-07T19:23:54+00:00","author":{"@id":"https:\/\/www.bbmnoticias.com\/labravaradiofm\/#\/schema\/person\/68a9e9036ef3c5b55aeb2b71dc8bab45"},"breadcrumb":{"@id":"https:\/\/www.bbmnoticias.com\/labravaradiofm\/2022\/01\/07\/tras-12-anos-profugo-es-aprehendido-y-presentado-ante-juez-probable-homicida-de-la-costa\/#breadcrumb"},"inLanguage":"es","potentialAction":[{"@type":"ReadAction","target":["https:\/\/www.bbmnoticias.com\/labravaradiofm\/2022\/01\/07\/tras-12-anos-profugo-es-aprehendido-y-presentado-ante-juez-probable-homicida-de-la-costa\/"]}]},{"@type":"ImageObject","inLanguage":"es","@id":"https:\/\/www.bbmnoticias.com\/labravaradiofm\/2022\/01\/07\/tras-12-anos-profugo-es-aprehendido-y-presentado-ante-juez-probable-homicida-de-la-costa\/#primaryimage","url":"https:\/\/www.bbmnoticias.com\/labravaradiofm\/wp-content\/uploads\/sites\/5\/2021\/12\/vinculado-proceso.jpg","contentUrl":"https:\/\/www.bbmnoticias.com\/labravaradiofm\/wp-content\/uploads\/sites\/5\/2021\/12\/vinculado-proceso.jpg","width":608,"height":342},{"@type":"BreadcrumbList","@id":"https:\/\/www.bbmnoticias.com\/labravaradiofm\/2022\/01\/07\/tras-12-anos-profugo-es-aprehendido-y-presentado-ante-juez-probable-homicida-de-la-costa\/#breadcrumb","itemListElement":[{"@type":"ListItem","position":1,"name":"Inicio","item":"https:\/\/www.bbmnoticias.com\/labravaradiofm\/"},{"@type":"ListItem","position":2,"name":"Tras 12 a\u00f1os pr\u00f3fugo, es aprehendido y presentado ante Juez probable homicida de la Costa"}]},{"@type":"WebSite","@id":"https:\/\/www.bbmnoticias.com\/labravaradiofm\/#website","url":"https:\/\/www.bbmnoticias.com\/labravaradiofm\/","name":"LA BRAVA RADIO","description":"Empresa productora de medios, Radiodifusi\u00f3n, Noticias, tendencias y todo lo que necesitas saber de la pol\u00edtica mexicana e internacional; entretenimiento, espect\u00e1culos, salud y mucho m\u00e1s.","potentialAction":[{"@type":"SearchAction","target":{"@type":"EntryPoint","urlTemplate":"https:\/\/www.bbmnoticias.com\/labravaradiofm\/?s={search_term_string}"},"query-input":{"@type":"PropertyValueSpecification","valueRequired":true,"valueName":"search_term_string"}}],"inLanguage":"es"},{"@type":"Person","@id":"https:\/\/www.bbmnoticias.com\/labravaradiofm\/#\/schema\/person\/68a9e9036ef3c5b55aeb2b71dc8bab45","name":"Staff","image":{"@type":"ImageObject","inLanguage":"es","@id":"https:\/\/secure.gravatar.com\/avatar\/fdd21ad66fd8b98c407f9dee5b5e588cfe7f0d8579ec20fa6527cd59bab7f0f0?s=96&d=mm&r=g","url":"https:\/\/secure.gravatar.com\/avatar\/fdd21ad66fd8b98c407f9dee5b5e588cfe7f0d8579ec20fa6527cd59bab7f0f0?s=96&d=mm&r=g","contentUrl":"https:\/\/secure.gravatar.com\/avatar\/fdd21ad66fd8b98c407f9dee5b5e588cfe7f0d8579ec20fa6527cd59bab7f0f0?s=96&d=mm&r=g","caption":"Staff"},"url":"https:\/\/www.bbmnoticias.com\/labravaradiofm\/author\/redaccion\/"}]}},"_links":{"self":[{"href":"https:\/\/www.bbmnoticias.com\/labravaradiofm\/wp-json\/wp\/v2\/posts\/8265","targetHints":{"allow":["GET"]}}],"collection":[{"href":"https:\/\/www.bbmnoticias.com\/labravaradiofm\/wp-json\/wp\/v2\/posts"}],"about":[{"href":"https:\/\/www.bbmnoticias.com\/labravaradiofm\/wp-json\/wp\/v2\/types\/post"}],"author":[{"embeddable":true,"href":"https:\/\/www.bbmnoticias.com\/labravaradiofm\/wp-json\/wp\/v2\/users\/2"}],"replies":[{"embeddable":true,"href":"https:\/\/www.bbmnoticias.com\/labravaradiofm\/wp-json\/wp\/v2\/comments?post=8265"}],"version-history":[{"count":0,"href":"https:\/\/www.bbmnoticias.com\/labravaradiofm\/wp-json\/wp\/v2\/posts\/8265\/revisions"}],"wp:featuredmedia":[{"embeddable":true,"href":"https:\/\/www.bbmnoticias.com\/labravaradiofm\/wp-json\/wp\/v2\/media\/6832"}],"wp:attachment":[{"href":"https:\/\/www.bbmnoticias.com\/labravaradiofm\/wp-json\/wp\/v2\/media?parent=8265"}],"wp:term":[{"taxonomy":"category","embeddable":true,"href":"https:\/\/www.bbmnoticias.com\/labravaradiofm\/wp-json\/wp\/v2\/categories?post=8265"},{"taxonomy":"post_tag","embeddable":true,"href":"https:\/\/www.bbmnoticias.com\/labravaradiofm\/wp-json\/wp\/v2\/tags?post=8265"}],"curies":[{"name":"wp","href":"https:\/\/api.w.org\/{rel}","templated":true}]}}