{"id":8249,"date":"2022-01-07T09:49:12","date_gmt":"2022-01-07T15:49:12","guid":{"rendered":"https:\/\/www.bbmnoticias.com\/labravaradiofm\/?p=8249"},"modified":"2022-01-07T09:49:13","modified_gmt":"2022-01-07T15:49:13","slug":"la-vacuna-contra-el-covid-19-altera-tu-ciclo-menstrual-desde-un-dia-hasta-mas-de-8","status":"publish","type":"post","link":"https:\/\/www.bbmnoticias.com\/labravaradiofm\/2022\/01\/07\/la-vacuna-contra-el-covid-19-altera-tu-ciclo-menstrual-desde-un-dia-hasta-mas-de-8\/","title":{"rendered":"La vacuna contra el Covid-19 altera tu ciclo menstrual desde un d\u00eda hasta m\u00e1s de 8"},"content":{"rendered":"<div style=\"margin-top: 0px; margin-bottom: 0px;\" class=\"sharethis-inline-share-buttons\" ><\/div>\n<p>\u00bfTuviste modificaciones en tu <strong>periodo menstrual<\/strong> tras la aplicaci\u00f3n de la<strong> vacuna contra Covid-19<\/strong>? Un estudio en Estados Unidos se\u00f1ala que la dosis podr\u00eda afectar.<\/p>\n\n\n\n<p>En Estados Unidos se realiz\u00f3 un <strong>estudio<\/strong> a 4 mil mujeres para descubrir si la vacuna contra Covid-19 modifica los per\u00edodos de la menstruaci\u00f3n.<\/p>\n\n\n\n<p>El estudio arroj\u00f3 que la vacuna contra Covid-19 s\u00ed puede modificar los periodos del ciclo menstrual, desde un d\u00eda hasta m\u00e1s de ocho.<\/p>\n\n\n\n<h2 class=\"wp-block-heading\">\u00bfVacuna contra Covid-19 modifica el periodo menstrual?<\/h2>\n\n\n\n<p>Una investigaci\u00f3n publicada en la revista especializada Obstetrics &amp; Gynecology en Estados Unidos mostr\u00f3 los resultados de una de las primeras investigaciones sobre la <u><strong>vacuna contra Covid-19<\/strong><\/u>y la menstruaci\u00f3n.<\/p>\n\n\n\n<p>La investigaci\u00f3n monitore\u00f3 a 4 mil mujeres a trav\u00e9s de la aplicaci\u00f3n anticonceptiva Natural Cycles durante seis ciclos menstruales.<\/p>\n\n\n\n<p>Los resultados muestran que el <strong>per\u00edodo menstrual<\/strong> s\u00ed puede cambiar un par de d\u00edas, sin embargo, no notaron cambios en el n\u00famero de d\u00edas que dura.<\/p>\n\n\n\n<p>La doctora de la Universidad de Salud y Ciencias de Oregon y directora de la investigaci\u00f3n, Alison Edelman, se\u00f1al\u00f3 que se necesitan hacer m\u00e1s estudios para saber:<\/p>\n\n\n\n<ul class=\"wp-block-list\"><li>Si hay cambios en la intensidad del sangrado<\/li><li>Si las mujeres que tienen periodos irregulares reaccionan de otro modo<\/li><\/ul>\n\n\n\n<p><\/p>\n\n\n\n<figure class=\"wp-block-image size-large\"><img loading=\"lazy\" decoding=\"async\" width=\"1200\" height=\"800\" src=\"https:\/\/www.bbmnoticias.com\/labravaradiofm\/wp-content\/uploads\/sites\/5\/2022\/01\/vacuna-periodo.webp\" alt=\"\" class=\"wp-image-8251\" srcset=\"https:\/\/www.bbmnoticias.com\/labravaradiofm\/wp-content\/uploads\/sites\/5\/2022\/01\/vacuna-periodo.webp 1200w, https:\/\/www.bbmnoticias.com\/labravaradiofm\/wp-content\/uploads\/sites\/5\/2022\/01\/vacuna-periodo-300x200.webp 300w, https:\/\/www.bbmnoticias.com\/labravaradiofm\/wp-content\/uploads\/sites\/5\/2022\/01\/vacuna-periodo-1024x683.webp 1024w, https:\/\/www.bbmnoticias.com\/labravaradiofm\/wp-content\/uploads\/sites\/5\/2022\/01\/vacuna-periodo-768x512.webp 768w, https:\/\/www.bbmnoticias.com\/labravaradiofm\/wp-content\/uploads\/sites\/5\/2022\/01\/vacuna-periodo-630x420.webp 630w, https:\/\/www.bbmnoticias.com\/labravaradiofm\/wp-content\/uploads\/sites\/5\/2022\/01\/vacuna-periodo-640x427.webp 640w, https:\/\/www.bbmnoticias.com\/labravaradiofm\/wp-content\/uploads\/sites\/5\/2022\/01\/vacuna-periodo-681x454.webp 681w\" sizes=\"auto, (max-width: 1200px) 100vw, 1200px\" \/><\/figure>\n\n\n\n<h2 class=\"wp-block-heading\">Vacuna contra Covid-19 modifica inicio del periodo menstrual pero no d\u00edas de duraci\u00f3n<\/h2>\n\n\n\n<p>As\u00ed fue el estudio sobre la <strong>vacuna contra Covid-19<\/strong>y la menstruaci\u00f3n: los ciclos menstruales se cuentan desde el primer d\u00eda de un periodo hasta el primer d\u00eda del siguiente.<\/p>\n\n\n\n<p>Las variaciones del inicio del <strong>periodo menstrual<\/strong> son normales y puede ser modificado por estr\u00e9s, la dieta o el ejercicio.<\/p>\n\n\n\n<p>El estudio de la vacuna contra el Covid-19 con 4 mil mujeres incluy\u00f3 quienes tienen periodos normales, hasta quienes tienen de 24 o de 38.<\/p>\n\n\n\n<p>El estudio monitore\u00f3 a mujeres vacunadas durante tres ciclos antes de recibir una dosis y los tres ciclos inmediatos despu\u00e9s, incluyendo los meses en que recibieron una inyecci\u00f3n.<\/p>\n\n\n\n<p>Los resultados fueron comparados con mujeres no vacunadas. Estos fueron los resultados:<\/p>\n\n\n\n<ul class=\"wp-block-list\"><li>358 mujeres que recibieron dos dosis de la vacuna contra Covid-19 tuvieron en promedio dos d\u00edas de atraso en el inicio de su periodo menstrual<\/li><li>400 tuvieron modificaciones de ocho d\u00edas o m\u00e1s<\/li><\/ul>\n\n\n\n<p>La doctora Alison Edelma se\u00f1al\u00f3 que esta primera investigaci\u00f3n muestra que:<\/p>\n\n\n\n<figure class=\"wp-block-pullquote\"><blockquote><p>\u201cNuestro reloj biol\u00f3gico, o lo que controla el ciclo menstrual, puede tener una perturbaci\u00f3n (con la vacuna contra Covid-19)\u201d.Alison Edelman<\/p><\/blockquote><\/figure>\n\n\n\n<p><em>Con informaci\u00f3n de AP<\/em><\/p>\n","protected":false},"excerpt":{"rendered":"<p>\u00bfTuviste modificaciones en tu periodo menstrual tras la aplicaci\u00f3n de la vacuna contra Covid-19? Un estudio en Estados Unidos se\u00f1ala que la dosis podr\u00eda afectar. En Estados Unidos se realiz\u00f3 un estudio a 4 mil mujeres para descubrir si la vacuna contra Covid-19 modifica los per\u00edodos de la menstruaci\u00f3n. El estudio arroj\u00f3 que la vacuna [&hellip;]<\/p>\n","protected":false},"author":4,"featured_media":8250,"comment_status":"closed","ping_status":"closed","sticky":false,"template":"","format":"standard","meta":{"footnotes":""},"categories":[1],"tags":[],"class_list":{"0":"post-8249","1":"post","2":"type-post","3":"status-publish","4":"format-standard","5":"has-post-thumbnail","7":"category-sin-categoria"},"yoast_head":"<!-- This site is optimized with the Yoast SEO plugin v27.4 - https:\/\/yoast.com\/product\/yoast-seo-wordpress\/ -->\n<title>La vacuna contra el Covid-19 altera tu ciclo menstrual desde un d\u00eda hasta m\u00e1s de 8 - LA BRAVA RADIO<\/title>\n<meta name=\"robots\" content=\"index, follow, max-snippet:-1, max-image-preview:large, max-video-preview:-1\" \/>\n<link rel=\"canonical\" href=\"https:\/\/www.bbmnoticias.com\/labravaradiofm\/2022\/01\/07\/la-vacuna-contra-el-covid-19-altera-tu-ciclo-menstrual-desde-un-dia-hasta-mas-de-8\/\" \/>\n<meta property=\"og:locale\" content=\"es_MX\" \/>\n<meta property=\"og:type\" content=\"article\" \/>\n<meta property=\"og:title\" content=\"La vacuna contra el Covid-19 altera tu ciclo menstrual desde un d\u00eda hasta m\u00e1s de 8 - LA BRAVA RADIO\" \/>\n<meta property=\"og:description\" content=\"\u00bfTuviste modificaciones en tu periodo menstrual tras la aplicaci\u00f3n de la vacuna contra Covid-19? Un estudio en Estados Unidos se\u00f1ala que la dosis podr\u00eda afectar. En Estados Unidos se realiz\u00f3 un estudio a 4 mil mujeres para descubrir si la vacuna contra Covid-19 modifica los per\u00edodos de la menstruaci\u00f3n. El estudio arroj\u00f3 que la vacuna [&hellip;]\" \/>\n<meta property=\"og:url\" content=\"https:\/\/www.bbmnoticias.com\/labravaradiofm\/2022\/01\/07\/la-vacuna-contra-el-covid-19-altera-tu-ciclo-menstrual-desde-un-dia-hasta-mas-de-8\/\" \/>\n<meta property=\"og:site_name\" content=\"LA BRAVA RADIO\" \/>\n<meta property=\"article:published_time\" content=\"2022-01-07T15:49:12+00:00\" \/>\n<meta property=\"article:modified_time\" content=\"2022-01-07T15:49:13+00:00\" \/>\n<meta property=\"og:image\" content=\"https:\/\/www.bbmnoticias.com\/labravaradiofm\/wp-content\/uploads\/sites\/5\/2022\/01\/vacuna-periodo.jpeg\" \/>\n\t<meta property=\"og:image:width\" content=\"640\" \/>\n\t<meta property=\"og:image:height\" content=\"360\" \/>\n\t<meta property=\"og:image:type\" content=\"image\/jpeg\" \/>\n<meta name=\"author\" content=\"Agencias\" \/>\n<meta name=\"twitter:card\" content=\"summary_large_image\" \/>\n<meta name=\"twitter:label1\" content=\"Escrito por\" \/>\n\t<meta name=\"twitter:data1\" content=\"Agencias\" \/>\n\t<meta name=\"twitter:label2\" content=\"Tiempo de lectura\" \/>\n\t<meta name=\"twitter:data2\" content=\"3 minutos\" \/>\n<script type=\"application\/ld+json\" class=\"yoast-schema-graph\">{\"@context\":\"https:\\\/\\\/schema.org\",\"@graph\":[{\"@type\":\"Article\",\"@id\":\"https:\\\/\\\/www.bbmnoticias.com\\\/labravaradiofm\\\/2022\\\/01\\\/07\\\/la-vacuna-contra-el-covid-19-altera-tu-ciclo-menstrual-desde-un-dia-hasta-mas-de-8\\\/#article\",\"isPartOf\":{\"@id\":\"https:\\\/\\\/www.bbmnoticias.com\\\/labravaradiofm\\\/2022\\\/01\\\/07\\\/la-vacuna-contra-el-covid-19-altera-tu-ciclo-menstrual-desde-un-dia-hasta-mas-de-8\\\/\"},\"author\":{\"name\":\"Agencias\",\"@id\":\"https:\\\/\\\/www.bbmnoticias.com\\\/labravaradiofm\\\/#\\\/schema\\\/person\\\/000bdaf0a8fb5bff0d537c4d0778e33f\"},\"headline\":\"La vacuna contra el Covid-19 altera tu ciclo menstrual desde un d\u00eda hasta m\u00e1s de 8\",\"datePublished\":\"2022-01-07T15:49:12+00:00\",\"dateModified\":\"2022-01-07T15:49:13+00:00\",\"mainEntityOfPage\":{\"@id\":\"https:\\\/\\\/www.bbmnoticias.com\\\/labravaradiofm\\\/2022\\\/01\\\/07\\\/la-vacuna-contra-el-covid-19-altera-tu-ciclo-menstrual-desde-un-dia-hasta-mas-de-8\\\/\"},\"wordCount\":442,\"image\":{\"@id\":\"https:\\\/\\\/www.bbmnoticias.com\\\/labravaradiofm\\\/2022\\\/01\\\/07\\\/la-vacuna-contra-el-covid-19-altera-tu-ciclo-menstrual-desde-un-dia-hasta-mas-de-8\\\/#primaryimage\"},\"thumbnailUrl\":\"https:\\\/\\\/www.bbmnoticias.com\\\/labravaradiofm\\\/wp-content\\\/uploads\\\/sites\\\/5\\\/2022\\\/01\\\/vacuna-periodo.jpeg\",\"inLanguage\":\"es\"},{\"@type\":\"WebPage\",\"@id\":\"https:\\\/\\\/www.bbmnoticias.com\\\/labravaradiofm\\\/2022\\\/01\\\/07\\\/la-vacuna-contra-el-covid-19-altera-tu-ciclo-menstrual-desde-un-dia-hasta-mas-de-8\\\/\",\"url\":\"https:\\\/\\\/www.bbmnoticias.com\\\/labravaradiofm\\\/2022\\\/01\\\/07\\\/la-vacuna-contra-el-covid-19-altera-tu-ciclo-menstrual-desde-un-dia-hasta-mas-de-8\\\/\",\"name\":\"La vacuna contra el Covid-19 altera tu ciclo menstrual desde un d\u00eda hasta m\u00e1s de 8 - LA BRAVA RADIO\",\"isPartOf\":{\"@id\":\"https:\\\/\\\/www.bbmnoticias.com\\\/labravaradiofm\\\/#website\"},\"primaryImageOfPage\":{\"@id\":\"https:\\\/\\\/www.bbmnoticias.com\\\/labravaradiofm\\\/2022\\\/01\\\/07\\\/la-vacuna-contra-el-covid-19-altera-tu-ciclo-menstrual-desde-un-dia-hasta-mas-de-8\\\/#primaryimage\"},\"image\":{\"@id\":\"https:\\\/\\\/www.bbmnoticias.com\\\/labravaradiofm\\\/2022\\\/01\\\/07\\\/la-vacuna-contra-el-covid-19-altera-tu-ciclo-menstrual-desde-un-dia-hasta-mas-de-8\\\/#primaryimage\"},\"thumbnailUrl\":\"https:\\\/\\\/www.bbmnoticias.com\\\/labravaradiofm\\\/wp-content\\\/uploads\\\/sites\\\/5\\\/2022\\\/01\\\/vacuna-periodo.jpeg\",\"datePublished\":\"2022-01-07T15:49:12+00:00\",\"dateModified\":\"2022-01-07T15:49:13+00:00\",\"author\":{\"@id\":\"https:\\\/\\\/www.bbmnoticias.com\\\/labravaradiofm\\\/#\\\/schema\\\/person\\\/000bdaf0a8fb5bff0d537c4d0778e33f\"},\"breadcrumb\":{\"@id\":\"https:\\\/\\\/www.bbmnoticias.com\\\/labravaradiofm\\\/2022\\\/01\\\/07\\\/la-vacuna-contra-el-covid-19-altera-tu-ciclo-menstrual-desde-un-dia-hasta-mas-de-8\\\/#breadcrumb\"},\"inLanguage\":\"es\",\"potentialAction\":[{\"@type\":\"ReadAction\",\"target\":[\"https:\\\/\\\/www.bbmnoticias.com\\\/labravaradiofm\\\/2022\\\/01\\\/07\\\/la-vacuna-contra-el-covid-19-altera-tu-ciclo-menstrual-desde-un-dia-hasta-mas-de-8\\\/\"]}]},{\"@type\":\"ImageObject\",\"inLanguage\":\"es\",\"@id\":\"https:\\\/\\\/www.bbmnoticias.com\\\/labravaradiofm\\\/2022\\\/01\\\/07\\\/la-vacuna-contra-el-covid-19-altera-tu-ciclo-menstrual-desde-un-dia-hasta-mas-de-8\\\/#primaryimage\",\"url\":\"https:\\\/\\\/www.bbmnoticias.com\\\/labravaradiofm\\\/wp-content\\\/uploads\\\/sites\\\/5\\\/2022\\\/01\\\/vacuna-periodo.jpeg\",\"contentUrl\":\"https:\\\/\\\/www.bbmnoticias.com\\\/labravaradiofm\\\/wp-content\\\/uploads\\\/sites\\\/5\\\/2022\\\/01\\\/vacuna-periodo.jpeg\",\"width\":640,\"height\":360},{\"@type\":\"BreadcrumbList\",\"@id\":\"https:\\\/\\\/www.bbmnoticias.com\\\/labravaradiofm\\\/2022\\\/01\\\/07\\\/la-vacuna-contra-el-covid-19-altera-tu-ciclo-menstrual-desde-un-dia-hasta-mas-de-8\\\/#breadcrumb\",\"itemListElement\":[{\"@type\":\"ListItem\",\"position\":1,\"name\":\"Inicio\",\"item\":\"https:\\\/\\\/www.bbmnoticias.com\\\/labravaradiofm\\\/\"},{\"@type\":\"ListItem\",\"position\":2,\"name\":\"La vacuna contra el Covid-19 altera tu ciclo menstrual desde un d\u00eda hasta m\u00e1s de 8\"}]},{\"@type\":\"WebSite\",\"@id\":\"https:\\\/\\\/www.bbmnoticias.com\\\/labravaradiofm\\\/#website\",\"url\":\"https:\\\/\\\/www.bbmnoticias.com\\\/labravaradiofm\\\/\",\"name\":\"LA BRAVA RADIO\",\"description\":\"Empresa productora de medios, Radiodifusi\u00f3n, Noticias, tendencias y todo lo que necesitas saber de la pol\u00edtica mexicana e internacional; entretenimiento, espect\u00e1culos, salud y mucho m\u00e1s.\",\"potentialAction\":[{\"@type\":\"SearchAction\",\"target\":{\"@type\":\"EntryPoint\",\"urlTemplate\":\"https:\\\/\\\/www.bbmnoticias.com\\\/labravaradiofm\\\/?s={search_term_string}\"},\"query-input\":{\"@type\":\"PropertyValueSpecification\",\"valueRequired\":true,\"valueName\":\"search_term_string\"}}],\"inLanguage\":\"es\"},{\"@type\":\"Person\",\"@id\":\"https:\\\/\\\/www.bbmnoticias.com\\\/labravaradiofm\\\/#\\\/schema\\\/person\\\/000bdaf0a8fb5bff0d537c4d0778e33f\",\"name\":\"Agencias\",\"image\":{\"@type\":\"ImageObject\",\"inLanguage\":\"es\",\"@id\":\"https:\\\/\\\/secure.gravatar.com\\\/avatar\\\/739e0b61adf9e398b425c36718c8752286da0e8cd90f20ce9a86678abc26aa0d?s=96&d=mm&r=g\",\"url\":\"https:\\\/\\\/secure.gravatar.com\\\/avatar\\\/739e0b61adf9e398b425c36718c8752286da0e8cd90f20ce9a86678abc26aa0d?s=96&d=mm&r=g\",\"contentUrl\":\"https:\\\/\\\/secure.gravatar.com\\\/avatar\\\/739e0b61adf9e398b425c36718c8752286da0e8cd90f20ce9a86678abc26aa0d?s=96&d=mm&r=g\",\"caption\":\"Agencias\"},\"url\":\"https:\\\/\\\/www.bbmnoticias.com\\\/labravaradiofm\\\/author\\\/agencias\\\/\"}]}<\/script>\n<!-- \/ Yoast SEO plugin. -->","yoast_head_json":{"title":"La vacuna contra el Covid-19 altera tu ciclo menstrual desde un d\u00eda hasta m\u00e1s de 8 - LA BRAVA RADIO","robots":{"index":"index","follow":"follow","max-snippet":"max-snippet:-1","max-image-preview":"max-image-preview:large","max-video-preview":"max-video-preview:-1"},"canonical":"https:\/\/www.bbmnoticias.com\/labravaradiofm\/2022\/01\/07\/la-vacuna-contra-el-covid-19-altera-tu-ciclo-menstrual-desde-un-dia-hasta-mas-de-8\/","og_locale":"es_MX","og_type":"article","og_title":"La vacuna contra el Covid-19 altera tu ciclo menstrual desde un d\u00eda hasta m\u00e1s de 8 - LA BRAVA RADIO","og_description":"\u00bfTuviste modificaciones en tu periodo menstrual tras la aplicaci\u00f3n de la vacuna contra Covid-19? Un estudio en Estados Unidos se\u00f1ala que la dosis podr\u00eda afectar. En Estados Unidos se realiz\u00f3 un estudio a 4 mil mujeres para descubrir si la vacuna contra Covid-19 modifica los per\u00edodos de la menstruaci\u00f3n. El estudio arroj\u00f3 que la vacuna [&hellip;]","og_url":"https:\/\/www.bbmnoticias.com\/labravaradiofm\/2022\/01\/07\/la-vacuna-contra-el-covid-19-altera-tu-ciclo-menstrual-desde-un-dia-hasta-mas-de-8\/","og_site_name":"LA BRAVA RADIO","article_published_time":"2022-01-07T15:49:12+00:00","article_modified_time":"2022-01-07T15:49:13+00:00","og_image":[{"width":640,"height":360,"url":"https:\/\/www.bbmnoticias.com\/labravaradiofm\/wp-content\/uploads\/sites\/5\/2022\/01\/vacuna-periodo.jpeg","type":"image\/jpeg"}],"author":"Agencias","twitter_card":"summary_large_image","twitter_misc":{"Escrito por":"Agencias","Tiempo de lectura":"3 minutos"},"schema":{"@context":"https:\/\/schema.org","@graph":[{"@type":"Article","@id":"https:\/\/www.bbmnoticias.com\/labravaradiofm\/2022\/01\/07\/la-vacuna-contra-el-covid-19-altera-tu-ciclo-menstrual-desde-un-dia-hasta-mas-de-8\/#article","isPartOf":{"@id":"https:\/\/www.bbmnoticias.com\/labravaradiofm\/2022\/01\/07\/la-vacuna-contra-el-covid-19-altera-tu-ciclo-menstrual-desde-un-dia-hasta-mas-de-8\/"},"author":{"name":"Agencias","@id":"https:\/\/www.bbmnoticias.com\/labravaradiofm\/#\/schema\/person\/000bdaf0a8fb5bff0d537c4d0778e33f"},"headline":"La vacuna contra el Covid-19 altera tu ciclo menstrual desde un d\u00eda hasta m\u00e1s de 8","datePublished":"2022-01-07T15:49:12+00:00","dateModified":"2022-01-07T15:49:13+00:00","mainEntityOfPage":{"@id":"https:\/\/www.bbmnoticias.com\/labravaradiofm\/2022\/01\/07\/la-vacuna-contra-el-covid-19-altera-tu-ciclo-menstrual-desde-un-dia-hasta-mas-de-8\/"},"wordCount":442,"image":{"@id":"https:\/\/www.bbmnoticias.com\/labravaradiofm\/2022\/01\/07\/la-vacuna-contra-el-covid-19-altera-tu-ciclo-menstrual-desde-un-dia-hasta-mas-de-8\/#primaryimage"},"thumbnailUrl":"https:\/\/www.bbmnoticias.com\/labravaradiofm\/wp-content\/uploads\/sites\/5\/2022\/01\/vacuna-periodo.jpeg","inLanguage":"es"},{"@type":"WebPage","@id":"https:\/\/www.bbmnoticias.com\/labravaradiofm\/2022\/01\/07\/la-vacuna-contra-el-covid-19-altera-tu-ciclo-menstrual-desde-un-dia-hasta-mas-de-8\/","url":"https:\/\/www.bbmnoticias.com\/labravaradiofm\/2022\/01\/07\/la-vacuna-contra-el-covid-19-altera-tu-ciclo-menstrual-desde-un-dia-hasta-mas-de-8\/","name":"La vacuna contra el Covid-19 altera tu ciclo menstrual desde un d\u00eda hasta m\u00e1s de 8 - LA BRAVA RADIO","isPartOf":{"@id":"https:\/\/www.bbmnoticias.com\/labravaradiofm\/#website"},"primaryImageOfPage":{"@id":"https:\/\/www.bbmnoticias.com\/labravaradiofm\/2022\/01\/07\/la-vacuna-contra-el-covid-19-altera-tu-ciclo-menstrual-desde-un-dia-hasta-mas-de-8\/#primaryimage"},"image":{"@id":"https:\/\/www.bbmnoticias.com\/labravaradiofm\/2022\/01\/07\/la-vacuna-contra-el-covid-19-altera-tu-ciclo-menstrual-desde-un-dia-hasta-mas-de-8\/#primaryimage"},"thumbnailUrl":"https:\/\/www.bbmnoticias.com\/labravaradiofm\/wp-content\/uploads\/sites\/5\/2022\/01\/vacuna-periodo.jpeg","datePublished":"2022-01-07T15:49:12+00:00","dateModified":"2022-01-07T15:49:13+00:00","author":{"@id":"https:\/\/www.bbmnoticias.com\/labravaradiofm\/#\/schema\/person\/000bdaf0a8fb5bff0d537c4d0778e33f"},"breadcrumb":{"@id":"https:\/\/www.bbmnoticias.com\/labravaradiofm\/2022\/01\/07\/la-vacuna-contra-el-covid-19-altera-tu-ciclo-menstrual-desde-un-dia-hasta-mas-de-8\/#breadcrumb"},"inLanguage":"es","potentialAction":[{"@type":"ReadAction","target":["https:\/\/www.bbmnoticias.com\/labravaradiofm\/2022\/01\/07\/la-vacuna-contra-el-covid-19-altera-tu-ciclo-menstrual-desde-un-dia-hasta-mas-de-8\/"]}]},{"@type":"ImageObject","inLanguage":"es","@id":"https:\/\/www.bbmnoticias.com\/labravaradiofm\/2022\/01\/07\/la-vacuna-contra-el-covid-19-altera-tu-ciclo-menstrual-desde-un-dia-hasta-mas-de-8\/#primaryimage","url":"https:\/\/www.bbmnoticias.com\/labravaradiofm\/wp-content\/uploads\/sites\/5\/2022\/01\/vacuna-periodo.jpeg","contentUrl":"https:\/\/www.bbmnoticias.com\/labravaradiofm\/wp-content\/uploads\/sites\/5\/2022\/01\/vacuna-periodo.jpeg","width":640,"height":360},{"@type":"BreadcrumbList","@id":"https:\/\/www.bbmnoticias.com\/labravaradiofm\/2022\/01\/07\/la-vacuna-contra-el-covid-19-altera-tu-ciclo-menstrual-desde-un-dia-hasta-mas-de-8\/#breadcrumb","itemListElement":[{"@type":"ListItem","position":1,"name":"Inicio","item":"https:\/\/www.bbmnoticias.com\/labravaradiofm\/"},{"@type":"ListItem","position":2,"name":"La vacuna contra el Covid-19 altera tu ciclo menstrual desde un d\u00eda hasta m\u00e1s de 8"}]},{"@type":"WebSite","@id":"https:\/\/www.bbmnoticias.com\/labravaradiofm\/#website","url":"https:\/\/www.bbmnoticias.com\/labravaradiofm\/","name":"LA BRAVA RADIO","description":"Empresa productora de medios, Radiodifusi\u00f3n, Noticias, tendencias y todo lo que necesitas saber de la pol\u00edtica mexicana e internacional; entretenimiento, espect\u00e1culos, salud y mucho m\u00e1s.","potentialAction":[{"@type":"SearchAction","target":{"@type":"EntryPoint","urlTemplate":"https:\/\/www.bbmnoticias.com\/labravaradiofm\/?s={search_term_string}"},"query-input":{"@type":"PropertyValueSpecification","valueRequired":true,"valueName":"search_term_string"}}],"inLanguage":"es"},{"@type":"Person","@id":"https:\/\/www.bbmnoticias.com\/labravaradiofm\/#\/schema\/person\/000bdaf0a8fb5bff0d537c4d0778e33f","name":"Agencias","image":{"@type":"ImageObject","inLanguage":"es","@id":"https:\/\/secure.gravatar.com\/avatar\/739e0b61adf9e398b425c36718c8752286da0e8cd90f20ce9a86678abc26aa0d?s=96&d=mm&r=g","url":"https:\/\/secure.gravatar.com\/avatar\/739e0b61adf9e398b425c36718c8752286da0e8cd90f20ce9a86678abc26aa0d?s=96&d=mm&r=g","contentUrl":"https:\/\/secure.gravatar.com\/avatar\/739e0b61adf9e398b425c36718c8752286da0e8cd90f20ce9a86678abc26aa0d?s=96&d=mm&r=g","caption":"Agencias"},"url":"https:\/\/www.bbmnoticias.com\/labravaradiofm\/author\/agencias\/"}]}},"_links":{"self":[{"href":"https:\/\/www.bbmnoticias.com\/labravaradiofm\/wp-json\/wp\/v2\/posts\/8249","targetHints":{"allow":["GET"]}}],"collection":[{"href":"https:\/\/www.bbmnoticias.com\/labravaradiofm\/wp-json\/wp\/v2\/posts"}],"about":[{"href":"https:\/\/www.bbmnoticias.com\/labravaradiofm\/wp-json\/wp\/v2\/types\/post"}],"author":[{"embeddable":true,"href":"https:\/\/www.bbmnoticias.com\/labravaradiofm\/wp-json\/wp\/v2\/users\/4"}],"replies":[{"embeddable":true,"href":"https:\/\/www.bbmnoticias.com\/labravaradiofm\/wp-json\/wp\/v2\/comments?post=8249"}],"version-history":[{"count":0,"href":"https:\/\/www.bbmnoticias.com\/labravaradiofm\/wp-json\/wp\/v2\/posts\/8249\/revisions"}],"wp:featuredmedia":[{"embeddable":true,"href":"https:\/\/www.bbmnoticias.com\/labravaradiofm\/wp-json\/wp\/v2\/media\/8250"}],"wp:attachment":[{"href":"https:\/\/www.bbmnoticias.com\/labravaradiofm\/wp-json\/wp\/v2\/media?parent=8249"}],"wp:term":[{"taxonomy":"category","embeddable":true,"href":"https:\/\/www.bbmnoticias.com\/labravaradiofm\/wp-json\/wp\/v2\/categories?post=8249"},{"taxonomy":"post_tag","embeddable":true,"href":"https:\/\/www.bbmnoticias.com\/labravaradiofm\/wp-json\/wp\/v2\/tags?post=8249"}],"curies":[{"name":"wp","href":"https:\/\/api.w.org\/{rel}","templated":true}]}}