{"id":8245,"date":"2022-01-07T09:43:40","date_gmt":"2022-01-07T15:43:40","guid":{"rendered":"https:\/\/www.bbmnoticias.com\/labravaradiofm\/?p=8245"},"modified":"2022-01-07T09:44:40","modified_gmt":"2022-01-07T15:44:40","slug":"fgr-inicia-investigacion-contra-santiago-nieto-y-carla-humphrey","status":"publish","type":"post","link":"https:\/\/www.bbmnoticias.com\/labravaradiofm\/2022\/01\/07\/fgr-inicia-investigacion-contra-santiago-nieto-y-carla-humphrey\/","title":{"rendered":"FGR inicia investigaci\u00f3n contra Santiago Nieto y Carla Humphrey"},"content":{"rendered":"<div style=\"margin-top: 0px; margin-bottom: 0px;\" class=\"sharethis-inline-share-buttons\" ><\/div>\n<p>La Fiscal\u00eda General de la Rep\u00fablica (<strong>FGR<\/strong>) inici\u00f3 una <strong>investigaci\u00f3n <\/strong>contra <strong>Santiago Nieto<\/strong> y <strong>Carla Humphrey<\/strong>. As\u00ed lo ha revelado un documento con fecha del 20 de diciembre.<\/p>\n\n\n\n<p>La FGR solicit\u00f3 a la <strong>Secretar\u00eda de la Funci\u00f3n<\/strong> <strong>P\u00fablica<\/strong> entregar con car\u00e1cter de urgente y confidencial toda la informaci\u00f3n que posee sobre Santiago Nieto y Carla Humphrey.<\/p>\n\n\n\n<p>Santiago Nieto renunci\u00f3 a la Unidad de Inteligencia Financiera (UIF) el 8 de noviembre de 2021, ante la pol\u00e9mica que gener\u00f3 su boda con Carla Humphrey, consejera del INE.<\/p>\n\n\n\n<h2 class=\"wp-block-heading\">FGR estar\u00eda interesada en conocer datos sobre los bienes inmuebles de Santiago Nieto y Carla Humphrey<\/h2>\n\n\n\n<p>La FGR estar\u00eda especialmente interesada en conocer los datos de las viviendas que poseen <u><strong>Santiago Nieto<\/strong><\/u> y Carla Humphrey, como su residencia de San \u00c1ngel.<\/p>\n\n\n\n<p>La propiedad fue sido adquirida en 2021 por Santiago Nieto y <strong>Carla Humphrey<\/strong>, mediante un cr\u00e9dito hipotecario de 24 millones de pesos, pagadero a 20 a\u00f1os.<\/p>\n\n\n\n<p>Ante ello, el documento enviado por la <strong>FGR <\/strong>a Roberto Salcedo, titular de la Secretar\u00eda de la Funci\u00f3n P\u00fablica (SFP), demanda lo siguiente:<\/p>\n\n\n\n<figure class=\"wp-block-pullquote\"><blockquote><p>\u201cSe solicita a usted con car\u00e1cter de urgente y confidencial, para que en un t\u00e9rmino de 48 horas, a fin de que se realice una b\u00fasqueda exhaustiva en sus bases de datos y archivos con los que cuenta su dependencia, con la finalidad de verificar si cuenta con registros de domicilios y\/o cualquier otra informaci\u00f3n a nombre de (&#8230;) Santiago Nieto y Carla Astrid Humphrey\u201d<\/p><\/blockquote><\/figure>\n\n\n\n<figure class=\"wp-block-image size-large\"><img loading=\"lazy\" decoding=\"async\" width=\"1200\" height=\"832\" src=\"https:\/\/www.bbmnoticias.com\/labravaradiofm\/wp-content\/uploads\/sites\/5\/2022\/01\/santiago-gertz.webp\" alt=\"\" class=\"wp-image-8247\" srcset=\"https:\/\/www.bbmnoticias.com\/labravaradiofm\/wp-content\/uploads\/sites\/5\/2022\/01\/santiago-gertz.webp 1200w, https:\/\/www.bbmnoticias.com\/labravaradiofm\/wp-content\/uploads\/sites\/5\/2022\/01\/santiago-gertz-300x208.webp 300w, https:\/\/www.bbmnoticias.com\/labravaradiofm\/wp-content\/uploads\/sites\/5\/2022\/01\/santiago-gertz-1024x710.webp 1024w, https:\/\/www.bbmnoticias.com\/labravaradiofm\/wp-content\/uploads\/sites\/5\/2022\/01\/santiago-gertz-768x532.webp 768w, https:\/\/www.bbmnoticias.com\/labravaradiofm\/wp-content\/uploads\/sites\/5\/2022\/01\/santiago-gertz-606x420.webp 606w, https:\/\/www.bbmnoticias.com\/labravaradiofm\/wp-content\/uploads\/sites\/5\/2022\/01\/santiago-gertz-640x444.webp 640w, https:\/\/www.bbmnoticias.com\/labravaradiofm\/wp-content\/uploads\/sites\/5\/2022\/01\/santiago-gertz-681x472.webp 681w\" sizes=\"auto, (max-width: 1200px) 100vw, 1200px\" \/><\/figure>\n\n\n\n<h2 class=\"wp-block-heading\">\u00bfQu\u00e9 informaci\u00f3n de Santiago Nieto y Carla Humphrey entregar\u00eda la SFP a la FGR?<\/h2>\n\n\n\n<p>Entre los datos que podr\u00eda entregar al SFP a la Fiscal\u00eda General de la Rep\u00fablica, provenientes de las declaraciones patrimoniales ed Santiago Nieto y Carla Humphrey, est\u00e1n:<\/p>\n\n\n\n<ul class=\"wp-block-list\"><li>Compra venta de buenes muebles e inmuebles<\/li><li>Cuentas bancarias<\/li><li>Cr\u00e9ditos<\/li><li>Menaje de casa<\/li><li>Salarios devengados durante sus ejercicios p\u00fablicos<\/li><\/ul>\n\n\n\n<p>La investigaci\u00f3n de la FGR en contra de Santiago Nieto y su esposa ocurre en el marco de la a\u00f1eja disputa que han sostenido el extitular de la UIF y Alejandro Gertz Manero.<\/p>\n\n\n\n<p>El Fiscal Generla de la Rep\u00fablica y Santiago Nieto han intercambiado acusaciones que podr\u00edan evidenciar casos de corrupci\u00f3n.<\/p>\n\n\n\n<p>Seg\u00fan fuentes federales, la investigaci\u00f3n deriv\u00f3 de una presunta denuncia an\u00f3nima ante la FGR contra Santiago Nieto, por acumular propiedades de gran valor en poco m\u00e1s de dos a\u00f1os.<\/p>\n","protected":false},"excerpt":{"rendered":"<p>La Fiscal\u00eda General de la Rep\u00fablica (FGR) inici\u00f3 una investigaci\u00f3n contra Santiago Nieto y Carla Humphrey. As\u00ed lo ha revelado un documento con fecha del 20 de diciembre. La FGR solicit\u00f3 a la Secretar\u00eda de la Funci\u00f3n P\u00fablica entregar con car\u00e1cter de urgente y confidencial toda la informaci\u00f3n que posee sobre Santiago Nieto y Carla [&hellip;]<\/p>\n","protected":false},"author":12,"featured_media":8246,"comment_status":"closed","ping_status":"closed","sticky":false,"template":"","format":"standard","meta":{"footnotes":""},"categories":[19],"tags":[],"class_list":{"0":"post-8245","1":"post","2":"type-post","3":"status-publish","4":"format-standard","5":"has-post-thumbnail","7":"category-nacional"},"yoast_head":"<!-- This site is optimized with the Yoast SEO plugin v27.4 - https:\/\/yoast.com\/product\/yoast-seo-wordpress\/ -->\n<title>FGR inicia investigaci\u00f3n contra Santiago Nieto y Carla Humphrey - LA BRAVA RADIO<\/title>\n<meta name=\"robots\" content=\"index, follow, max-snippet:-1, max-image-preview:large, max-video-preview:-1\" \/>\n<link rel=\"canonical\" href=\"https:\/\/www.bbmnoticias.com\/labravaradiofm\/2022\/01\/07\/fgr-inicia-investigacion-contra-santiago-nieto-y-carla-humphrey\/\" \/>\n<meta property=\"og:locale\" content=\"es_MX\" \/>\n<meta property=\"og:type\" content=\"article\" \/>\n<meta property=\"og:title\" content=\"FGR inicia investigaci\u00f3n contra Santiago Nieto y Carla Humphrey - LA BRAVA RADIO\" \/>\n<meta property=\"og:description\" content=\"La Fiscal\u00eda General de la Rep\u00fablica (FGR) inici\u00f3 una investigaci\u00f3n contra Santiago Nieto y Carla Humphrey. As\u00ed lo ha revelado un documento con fecha del 20 de diciembre. La FGR solicit\u00f3 a la Secretar\u00eda de la Funci\u00f3n P\u00fablica entregar con car\u00e1cter de urgente y confidencial toda la informaci\u00f3n que posee sobre Santiago Nieto y Carla [&hellip;]\" \/>\n<meta property=\"og:url\" content=\"https:\/\/www.bbmnoticias.com\/labravaradiofm\/2022\/01\/07\/fgr-inicia-investigacion-contra-santiago-nieto-y-carla-humphrey\/\" \/>\n<meta property=\"og:site_name\" content=\"LA BRAVA RADIO\" \/>\n<meta property=\"article:published_time\" content=\"2022-01-07T15:43:40+00:00\" \/>\n<meta property=\"article:modified_time\" content=\"2022-01-07T15:44:40+00:00\" \/>\n<meta property=\"og:image\" content=\"https:\/\/www.bbmnoticias.com\/labravaradiofm\/wp-content\/uploads\/sites\/5\/2022\/01\/carlaysantiago.jpg\" \/>\n\t<meta property=\"og:image:width\" content=\"640\" \/>\n\t<meta property=\"og:image:height\" content=\"360\" \/>\n\t<meta property=\"og:image:type\" content=\"image\/jpeg\" \/>\n<meta name=\"author\" content=\"SDPnoticias\" \/>\n<meta name=\"twitter:card\" content=\"summary_large_image\" \/>\n<meta name=\"twitter:label1\" content=\"Escrito por\" \/>\n\t<meta name=\"twitter:data1\" content=\"SDPnoticias\" \/>\n\t<meta name=\"twitter:label2\" content=\"Tiempo de lectura\" \/>\n\t<meta name=\"twitter:data2\" content=\"2 minutos\" \/>\n<script type=\"application\/ld+json\" class=\"yoast-schema-graph\">{\"@context\":\"https:\\\/\\\/schema.org\",\"@graph\":[{\"@type\":\"Article\",\"@id\":\"https:\\\/\\\/www.bbmnoticias.com\\\/labravaradiofm\\\/2022\\\/01\\\/07\\\/fgr-inicia-investigacion-contra-santiago-nieto-y-carla-humphrey\\\/#article\",\"isPartOf\":{\"@id\":\"https:\\\/\\\/www.bbmnoticias.com\\\/labravaradiofm\\\/2022\\\/01\\\/07\\\/fgr-inicia-investigacion-contra-santiago-nieto-y-carla-humphrey\\\/\"},\"author\":{\"name\":\"SDPnoticias\",\"@id\":\"https:\\\/\\\/www.bbmnoticias.com\\\/labravaradiofm\\\/#\\\/schema\\\/person\\\/baf240d77a345f5fbc3dc146f9161af9\"},\"headline\":\"FGR inicia investigaci\u00f3n contra Santiago Nieto y Carla Humphrey\",\"datePublished\":\"2022-01-07T15:43:40+00:00\",\"dateModified\":\"2022-01-07T15:44:40+00:00\",\"mainEntityOfPage\":{\"@id\":\"https:\\\/\\\/www.bbmnoticias.com\\\/labravaradiofm\\\/2022\\\/01\\\/07\\\/fgr-inicia-investigacion-contra-santiago-nieto-y-carla-humphrey\\\/\"},\"wordCount\":421,\"image\":{\"@id\":\"https:\\\/\\\/www.bbmnoticias.com\\\/labravaradiofm\\\/2022\\\/01\\\/07\\\/fgr-inicia-investigacion-contra-santiago-nieto-y-carla-humphrey\\\/#primaryimage\"},\"thumbnailUrl\":\"https:\\\/\\\/www.bbmnoticias.com\\\/labravaradiofm\\\/wp-content\\\/uploads\\\/sites\\\/5\\\/2022\\\/01\\\/carlaysantiago.jpg\",\"articleSection\":[\"NACIONAL\"],\"inLanguage\":\"es\"},{\"@type\":\"WebPage\",\"@id\":\"https:\\\/\\\/www.bbmnoticias.com\\\/labravaradiofm\\\/2022\\\/01\\\/07\\\/fgr-inicia-investigacion-contra-santiago-nieto-y-carla-humphrey\\\/\",\"url\":\"https:\\\/\\\/www.bbmnoticias.com\\\/labravaradiofm\\\/2022\\\/01\\\/07\\\/fgr-inicia-investigacion-contra-santiago-nieto-y-carla-humphrey\\\/\",\"name\":\"FGR inicia investigaci\u00f3n contra Santiago Nieto y Carla Humphrey - LA BRAVA RADIO\",\"isPartOf\":{\"@id\":\"https:\\\/\\\/www.bbmnoticias.com\\\/labravaradiofm\\\/#website\"},\"primaryImageOfPage\":{\"@id\":\"https:\\\/\\\/www.bbmnoticias.com\\\/labravaradiofm\\\/2022\\\/01\\\/07\\\/fgr-inicia-investigacion-contra-santiago-nieto-y-carla-humphrey\\\/#primaryimage\"},\"image\":{\"@id\":\"https:\\\/\\\/www.bbmnoticias.com\\\/labravaradiofm\\\/2022\\\/01\\\/07\\\/fgr-inicia-investigacion-contra-santiago-nieto-y-carla-humphrey\\\/#primaryimage\"},\"thumbnailUrl\":\"https:\\\/\\\/www.bbmnoticias.com\\\/labravaradiofm\\\/wp-content\\\/uploads\\\/sites\\\/5\\\/2022\\\/01\\\/carlaysantiago.jpg\",\"datePublished\":\"2022-01-07T15:43:40+00:00\",\"dateModified\":\"2022-01-07T15:44:40+00:00\",\"author\":{\"@id\":\"https:\\\/\\\/www.bbmnoticias.com\\\/labravaradiofm\\\/#\\\/schema\\\/person\\\/baf240d77a345f5fbc3dc146f9161af9\"},\"breadcrumb\":{\"@id\":\"https:\\\/\\\/www.bbmnoticias.com\\\/labravaradiofm\\\/2022\\\/01\\\/07\\\/fgr-inicia-investigacion-contra-santiago-nieto-y-carla-humphrey\\\/#breadcrumb\"},\"inLanguage\":\"es\",\"potentialAction\":[{\"@type\":\"ReadAction\",\"target\":[\"https:\\\/\\\/www.bbmnoticias.com\\\/labravaradiofm\\\/2022\\\/01\\\/07\\\/fgr-inicia-investigacion-contra-santiago-nieto-y-carla-humphrey\\\/\"]}]},{\"@type\":\"ImageObject\",\"inLanguage\":\"es\",\"@id\":\"https:\\\/\\\/www.bbmnoticias.com\\\/labravaradiofm\\\/2022\\\/01\\\/07\\\/fgr-inicia-investigacion-contra-santiago-nieto-y-carla-humphrey\\\/#primaryimage\",\"url\":\"https:\\\/\\\/www.bbmnoticias.com\\\/labravaradiofm\\\/wp-content\\\/uploads\\\/sites\\\/5\\\/2022\\\/01\\\/carlaysantiago.jpg\",\"contentUrl\":\"https:\\\/\\\/www.bbmnoticias.com\\\/labravaradiofm\\\/wp-content\\\/uploads\\\/sites\\\/5\\\/2022\\\/01\\\/carlaysantiago.jpg\",\"width\":640,\"height\":360},{\"@type\":\"BreadcrumbList\",\"@id\":\"https:\\\/\\\/www.bbmnoticias.com\\\/labravaradiofm\\\/2022\\\/01\\\/07\\\/fgr-inicia-investigacion-contra-santiago-nieto-y-carla-humphrey\\\/#breadcrumb\",\"itemListElement\":[{\"@type\":\"ListItem\",\"position\":1,\"name\":\"Inicio\",\"item\":\"https:\\\/\\\/www.bbmnoticias.com\\\/labravaradiofm\\\/\"},{\"@type\":\"ListItem\",\"position\":2,\"name\":\"FGR inicia investigaci\u00f3n contra Santiago Nieto y Carla Humphrey\"}]},{\"@type\":\"WebSite\",\"@id\":\"https:\\\/\\\/www.bbmnoticias.com\\\/labravaradiofm\\\/#website\",\"url\":\"https:\\\/\\\/www.bbmnoticias.com\\\/labravaradiofm\\\/\",\"name\":\"LA BRAVA RADIO\",\"description\":\"Empresa productora de medios, Radiodifusi\u00f3n, Noticias, tendencias y todo lo que necesitas saber de la pol\u00edtica mexicana e internacional; entretenimiento, espect\u00e1culos, salud y mucho m\u00e1s.\",\"potentialAction\":[{\"@type\":\"SearchAction\",\"target\":{\"@type\":\"EntryPoint\",\"urlTemplate\":\"https:\\\/\\\/www.bbmnoticias.com\\\/labravaradiofm\\\/?s={search_term_string}\"},\"query-input\":{\"@type\":\"PropertyValueSpecification\",\"valueRequired\":true,\"valueName\":\"search_term_string\"}}],\"inLanguage\":\"es\"},{\"@type\":\"Person\",\"@id\":\"https:\\\/\\\/www.bbmnoticias.com\\\/labravaradiofm\\\/#\\\/schema\\\/person\\\/baf240d77a345f5fbc3dc146f9161af9\",\"name\":\"SDPnoticias\",\"image\":{\"@type\":\"ImageObject\",\"inLanguage\":\"es\",\"@id\":\"https:\\\/\\\/secure.gravatar.com\\\/avatar\\\/015ede9175a06d999d8b2b09e108b48c9e008e4ee44a647956086b51bbce326c?s=96&d=mm&r=g\",\"url\":\"https:\\\/\\\/secure.gravatar.com\\\/avatar\\\/015ede9175a06d999d8b2b09e108b48c9e008e4ee44a647956086b51bbce326c?s=96&d=mm&r=g\",\"contentUrl\":\"https:\\\/\\\/secure.gravatar.com\\\/avatar\\\/015ede9175a06d999d8b2b09e108b48c9e008e4ee44a647956086b51bbce326c?s=96&d=mm&r=g\",\"caption\":\"SDPnoticias\"},\"url\":\"https:\\\/\\\/www.bbmnoticias.com\\\/labravaradiofm\\\/author\\\/sdpnoticias\\\/\"}]}<\/script>\n<!-- \/ Yoast SEO plugin. -->","yoast_head_json":{"title":"FGR inicia investigaci\u00f3n contra Santiago Nieto y Carla Humphrey - LA BRAVA RADIO","robots":{"index":"index","follow":"follow","max-snippet":"max-snippet:-1","max-image-preview":"max-image-preview:large","max-video-preview":"max-video-preview:-1"},"canonical":"https:\/\/www.bbmnoticias.com\/labravaradiofm\/2022\/01\/07\/fgr-inicia-investigacion-contra-santiago-nieto-y-carla-humphrey\/","og_locale":"es_MX","og_type":"article","og_title":"FGR inicia investigaci\u00f3n contra Santiago Nieto y Carla Humphrey - LA BRAVA RADIO","og_description":"La Fiscal\u00eda General de la Rep\u00fablica (FGR) inici\u00f3 una investigaci\u00f3n contra Santiago Nieto y Carla Humphrey. As\u00ed lo ha revelado un documento con fecha del 20 de diciembre. La FGR solicit\u00f3 a la Secretar\u00eda de la Funci\u00f3n P\u00fablica entregar con car\u00e1cter de urgente y confidencial toda la informaci\u00f3n que posee sobre Santiago Nieto y Carla [&hellip;]","og_url":"https:\/\/www.bbmnoticias.com\/labravaradiofm\/2022\/01\/07\/fgr-inicia-investigacion-contra-santiago-nieto-y-carla-humphrey\/","og_site_name":"LA BRAVA RADIO","article_published_time":"2022-01-07T15:43:40+00:00","article_modified_time":"2022-01-07T15:44:40+00:00","og_image":[{"width":640,"height":360,"url":"https:\/\/www.bbmnoticias.com\/labravaradiofm\/wp-content\/uploads\/sites\/5\/2022\/01\/carlaysantiago.jpg","type":"image\/jpeg"}],"author":"SDPnoticias","twitter_card":"summary_large_image","twitter_misc":{"Escrito por":"SDPnoticias","Tiempo de lectura":"2 minutos"},"schema":{"@context":"https:\/\/schema.org","@graph":[{"@type":"Article","@id":"https:\/\/www.bbmnoticias.com\/labravaradiofm\/2022\/01\/07\/fgr-inicia-investigacion-contra-santiago-nieto-y-carla-humphrey\/#article","isPartOf":{"@id":"https:\/\/www.bbmnoticias.com\/labravaradiofm\/2022\/01\/07\/fgr-inicia-investigacion-contra-santiago-nieto-y-carla-humphrey\/"},"author":{"name":"SDPnoticias","@id":"https:\/\/www.bbmnoticias.com\/labravaradiofm\/#\/schema\/person\/baf240d77a345f5fbc3dc146f9161af9"},"headline":"FGR inicia investigaci\u00f3n contra Santiago Nieto y Carla Humphrey","datePublished":"2022-01-07T15:43:40+00:00","dateModified":"2022-01-07T15:44:40+00:00","mainEntityOfPage":{"@id":"https:\/\/www.bbmnoticias.com\/labravaradiofm\/2022\/01\/07\/fgr-inicia-investigacion-contra-santiago-nieto-y-carla-humphrey\/"},"wordCount":421,"image":{"@id":"https:\/\/www.bbmnoticias.com\/labravaradiofm\/2022\/01\/07\/fgr-inicia-investigacion-contra-santiago-nieto-y-carla-humphrey\/#primaryimage"},"thumbnailUrl":"https:\/\/www.bbmnoticias.com\/labravaradiofm\/wp-content\/uploads\/sites\/5\/2022\/01\/carlaysantiago.jpg","articleSection":["NACIONAL"],"inLanguage":"es"},{"@type":"WebPage","@id":"https:\/\/www.bbmnoticias.com\/labravaradiofm\/2022\/01\/07\/fgr-inicia-investigacion-contra-santiago-nieto-y-carla-humphrey\/","url":"https:\/\/www.bbmnoticias.com\/labravaradiofm\/2022\/01\/07\/fgr-inicia-investigacion-contra-santiago-nieto-y-carla-humphrey\/","name":"FGR inicia investigaci\u00f3n contra Santiago Nieto y Carla Humphrey - LA BRAVA RADIO","isPartOf":{"@id":"https:\/\/www.bbmnoticias.com\/labravaradiofm\/#website"},"primaryImageOfPage":{"@id":"https:\/\/www.bbmnoticias.com\/labravaradiofm\/2022\/01\/07\/fgr-inicia-investigacion-contra-santiago-nieto-y-carla-humphrey\/#primaryimage"},"image":{"@id":"https:\/\/www.bbmnoticias.com\/labravaradiofm\/2022\/01\/07\/fgr-inicia-investigacion-contra-santiago-nieto-y-carla-humphrey\/#primaryimage"},"thumbnailUrl":"https:\/\/www.bbmnoticias.com\/labravaradiofm\/wp-content\/uploads\/sites\/5\/2022\/01\/carlaysantiago.jpg","datePublished":"2022-01-07T15:43:40+00:00","dateModified":"2022-01-07T15:44:40+00:00","author":{"@id":"https:\/\/www.bbmnoticias.com\/labravaradiofm\/#\/schema\/person\/baf240d77a345f5fbc3dc146f9161af9"},"breadcrumb":{"@id":"https:\/\/www.bbmnoticias.com\/labravaradiofm\/2022\/01\/07\/fgr-inicia-investigacion-contra-santiago-nieto-y-carla-humphrey\/#breadcrumb"},"inLanguage":"es","potentialAction":[{"@type":"ReadAction","target":["https:\/\/www.bbmnoticias.com\/labravaradiofm\/2022\/01\/07\/fgr-inicia-investigacion-contra-santiago-nieto-y-carla-humphrey\/"]}]},{"@type":"ImageObject","inLanguage":"es","@id":"https:\/\/www.bbmnoticias.com\/labravaradiofm\/2022\/01\/07\/fgr-inicia-investigacion-contra-santiago-nieto-y-carla-humphrey\/#primaryimage","url":"https:\/\/www.bbmnoticias.com\/labravaradiofm\/wp-content\/uploads\/sites\/5\/2022\/01\/carlaysantiago.jpg","contentUrl":"https:\/\/www.bbmnoticias.com\/labravaradiofm\/wp-content\/uploads\/sites\/5\/2022\/01\/carlaysantiago.jpg","width":640,"height":360},{"@type":"BreadcrumbList","@id":"https:\/\/www.bbmnoticias.com\/labravaradiofm\/2022\/01\/07\/fgr-inicia-investigacion-contra-santiago-nieto-y-carla-humphrey\/#breadcrumb","itemListElement":[{"@type":"ListItem","position":1,"name":"Inicio","item":"https:\/\/www.bbmnoticias.com\/labravaradiofm\/"},{"@type":"ListItem","position":2,"name":"FGR inicia investigaci\u00f3n contra Santiago Nieto y Carla Humphrey"}]},{"@type":"WebSite","@id":"https:\/\/www.bbmnoticias.com\/labravaradiofm\/#website","url":"https:\/\/www.bbmnoticias.com\/labravaradiofm\/","name":"LA BRAVA RADIO","description":"Empresa productora de medios, Radiodifusi\u00f3n, Noticias, tendencias y todo lo que necesitas saber de la pol\u00edtica mexicana e internacional; entretenimiento, espect\u00e1culos, salud y mucho m\u00e1s.","potentialAction":[{"@type":"SearchAction","target":{"@type":"EntryPoint","urlTemplate":"https:\/\/www.bbmnoticias.com\/labravaradiofm\/?s={search_term_string}"},"query-input":{"@type":"PropertyValueSpecification","valueRequired":true,"valueName":"search_term_string"}}],"inLanguage":"es"},{"@type":"Person","@id":"https:\/\/www.bbmnoticias.com\/labravaradiofm\/#\/schema\/person\/baf240d77a345f5fbc3dc146f9161af9","name":"SDPnoticias","image":{"@type":"ImageObject","inLanguage":"es","@id":"https:\/\/secure.gravatar.com\/avatar\/015ede9175a06d999d8b2b09e108b48c9e008e4ee44a647956086b51bbce326c?s=96&d=mm&r=g","url":"https:\/\/secure.gravatar.com\/avatar\/015ede9175a06d999d8b2b09e108b48c9e008e4ee44a647956086b51bbce326c?s=96&d=mm&r=g","contentUrl":"https:\/\/secure.gravatar.com\/avatar\/015ede9175a06d999d8b2b09e108b48c9e008e4ee44a647956086b51bbce326c?s=96&d=mm&r=g","caption":"SDPnoticias"},"url":"https:\/\/www.bbmnoticias.com\/labravaradiofm\/author\/sdpnoticias\/"}]}},"_links":{"self":[{"href":"https:\/\/www.bbmnoticias.com\/labravaradiofm\/wp-json\/wp\/v2\/posts\/8245","targetHints":{"allow":["GET"]}}],"collection":[{"href":"https:\/\/www.bbmnoticias.com\/labravaradiofm\/wp-json\/wp\/v2\/posts"}],"about":[{"href":"https:\/\/www.bbmnoticias.com\/labravaradiofm\/wp-json\/wp\/v2\/types\/post"}],"author":[{"embeddable":true,"href":"https:\/\/www.bbmnoticias.com\/labravaradiofm\/wp-json\/wp\/v2\/users\/12"}],"replies":[{"embeddable":true,"href":"https:\/\/www.bbmnoticias.com\/labravaradiofm\/wp-json\/wp\/v2\/comments?post=8245"}],"version-history":[{"count":0,"href":"https:\/\/www.bbmnoticias.com\/labravaradiofm\/wp-json\/wp\/v2\/posts\/8245\/revisions"}],"wp:featuredmedia":[{"embeddable":true,"href":"https:\/\/www.bbmnoticias.com\/labravaradiofm\/wp-json\/wp\/v2\/media\/8246"}],"wp:attachment":[{"href":"https:\/\/www.bbmnoticias.com\/labravaradiofm\/wp-json\/wp\/v2\/media?parent=8245"}],"wp:term":[{"taxonomy":"category","embeddable":true,"href":"https:\/\/www.bbmnoticias.com\/labravaradiofm\/wp-json\/wp\/v2\/categories?post=8245"},{"taxonomy":"post_tag","embeddable":true,"href":"https:\/\/www.bbmnoticias.com\/labravaradiofm\/wp-json\/wp\/v2\/tags?post=8245"}],"curies":[{"name":"wp","href":"https:\/\/api.w.org\/{rel}","templated":true}]}}