{"id":8239,"date":"2022-01-07T08:52:35","date_gmt":"2022-01-07T14:52:35","guid":{"rendered":"https:\/\/www.bbmnoticias.com\/labravaradiofm\/?p=8239"},"modified":"2022-01-07T08:52:37","modified_gmt":"2022-01-07T14:52:37","slug":"vuelca-autobus-en-oaxaca-hay-5-lesionados","status":"publish","type":"post","link":"https:\/\/www.bbmnoticias.com\/labravaradiofm\/2022\/01\/07\/vuelca-autobus-en-oaxaca-hay-5-lesionados\/","title":{"rendered":"Vuelca autob\u00fas en Oaxaca, hay 5 lesionados"},"content":{"rendered":"<div style=\"margin-top: 0px; margin-bottom: 0px;\" class=\"sharethis-inline-share-buttons\" ><\/div>\n<p>OAXACA, Oax. 7 de enero de 2022.- La volcadura de un autob\u00fas de pasajeros dej\u00f3 como saldo 5 lesionados en la regi\u00f3n de la Cuenca.<\/p>\n\n\n\n<p>La ma\u00f1ana de este viernes, Protecci\u00f3n Civil report\u00f3 que en la carretera 175 un autob\u00fas de la empresa AU choc\u00f3 con una camioneta tipo Urvan, tambi\u00e9n de pasajeros, lo que provoc\u00f3 que volcara entre la colonia Obrera y Fortino y Pinacho en Tuxtepec.<\/p>\n\n\n\n<p>Al lugar llegaron param\u00e9dicos de la Cruz Roja, Bomberos, y elementos de la Guardia Nacional, Seguridad P\u00fablica de Oaxaca y de Protecci\u00f3n Civil de Chiltepec.<\/p>\n\n\n\n<p>Luego de brindar los primeros auxilios a los lesionados los trasladaron a una cl\u00ednica para que recibieran atenci\u00f3n m\u00e9dica.<\/p>\n\n\n\n<figure class=\"wp-block-embed is-type-rich is-provider-twitter wp-block-embed-twitter\"><div class=\"wp-block-embed__wrapper\">\n<blockquote class=\"twitter-tweet\" data-width=\"550\" data-dnt=\"true\"><p lang=\"es\" dir=\"ltr\">Un autob\u00fas de la l\u00ednea AU se volte\u00f3 en la carretera que conduce de <a href=\"https:\/\/twitter.com\/hashtag\/Oaxaca?src=hash&amp;ref_src=twsrc%5Etfw\">#Oaxaca<\/a> a <a href=\"https:\/\/twitter.com\/hashtag\/Tuxtepec?src=hash&amp;ref_src=twsrc%5Etfw\">#Tuxtepec<\/a>, en inmediaciones de Valle Nacional a la altura de Pinacho.<br><br>Se registran hasta el momento personas con  lesiones menores, mismas que fueron trasladadas al hospital general. <a href=\"https:\/\/t.co\/ac5uFjYsgh\">pic.twitter.com\/ac5uFjYsgh<\/a><\/p>&mdash; Informativo570 (@informativo570) <a href=\"https:\/\/twitter.com\/informativo570\/status\/1479449899213246470?ref_src=twsrc%5Etfw\">January 7, 2022<\/a><\/blockquote><script async src=\"https:\/\/platform.twitter.com\/widgets.js\" charset=\"utf-8\"><\/script>\n<\/div><\/figure>\n","protected":false},"excerpt":{"rendered":"<p>OAXACA, Oax. 7 de enero de 2022.- La volcadura de un autob\u00fas de pasajeros dej\u00f3 como saldo 5 lesionados en la regi\u00f3n de la Cuenca. La ma\u00f1ana de este viernes, Protecci\u00f3n Civil report\u00f3 que en la carretera 175 un autob\u00fas de la empresa AU choc\u00f3 con una camioneta tipo Urvan, tambi\u00e9n de pasajeros, lo que [&hellip;]<\/p>\n","protected":false},"author":5,"featured_media":8240,"comment_status":"closed","ping_status":"closed","sticky":false,"template":"","format":"standard","meta":{"footnotes":""},"categories":[20],"tags":[],"class_list":{"0":"post-8239","1":"post","2":"type-post","3":"status-publish","4":"format-standard","5":"has-post-thumbnail","7":"category-policiaca"},"yoast_head":"<!-- This site is optimized with the Yoast SEO plugin v27.4 - https:\/\/yoast.com\/product\/yoast-seo-wordpress\/ -->\n<title>Vuelca autob\u00fas en Oaxaca, hay 5 lesionados - LA BRAVA RADIO<\/title>\n<meta name=\"robots\" content=\"index, follow, max-snippet:-1, max-image-preview:large, max-video-preview:-1\" \/>\n<link rel=\"canonical\" href=\"https:\/\/www.bbmnoticias.com\/labravaradiofm\/2022\/01\/07\/vuelca-autobus-en-oaxaca-hay-5-lesionados\/\" \/>\n<meta property=\"og:locale\" content=\"es_MX\" \/>\n<meta property=\"og:type\" content=\"article\" \/>\n<meta property=\"og:title\" content=\"Vuelca autob\u00fas en Oaxaca, hay 5 lesionados - LA BRAVA RADIO\" \/>\n<meta property=\"og:description\" content=\"OAXACA, Oax. 7 de enero de 2022.- La volcadura de un autob\u00fas de pasajeros dej\u00f3 como saldo 5 lesionados en la regi\u00f3n de la Cuenca. La ma\u00f1ana de este viernes, Protecci\u00f3n Civil report\u00f3 que en la carretera 175 un autob\u00fas de la empresa AU choc\u00f3 con una camioneta tipo Urvan, tambi\u00e9n de pasajeros, lo que [&hellip;]\" \/>\n<meta property=\"og:url\" content=\"https:\/\/www.bbmnoticias.com\/labravaradiofm\/2022\/01\/07\/vuelca-autobus-en-oaxaca-hay-5-lesionados\/\" \/>\n<meta property=\"og:site_name\" content=\"LA BRAVA RADIO\" \/>\n<meta property=\"article:published_time\" content=\"2022-01-07T14:52:35+00:00\" \/>\n<meta property=\"article:modified_time\" content=\"2022-01-07T14:52:37+00:00\" \/>\n<meta property=\"og:image\" content=\"https:\/\/www.bbmnoticias.com\/labravaradiofm\/wp-content\/uploads\/sites\/5\/2022\/01\/autobus-oaxaca.jpg\" \/>\n\t<meta property=\"og:image:width\" content=\"1024\" \/>\n\t<meta property=\"og:image:height\" content=\"578\" \/>\n\t<meta property=\"og:image:type\" content=\"image\/jpeg\" \/>\n<meta name=\"author\" content=\"Quadratin\" \/>\n<meta name=\"twitter:card\" content=\"summary_large_image\" \/>\n<meta name=\"twitter:label1\" content=\"Escrito por\" \/>\n\t<meta name=\"twitter:data1\" content=\"Quadratin\" \/>\n\t<meta name=\"twitter:label2\" content=\"Tiempo de lectura\" \/>\n\t<meta name=\"twitter:data2\" content=\"1 minuto\" \/>\n<script type=\"application\/ld+json\" class=\"yoast-schema-graph\">{\"@context\":\"https:\\\/\\\/schema.org\",\"@graph\":[{\"@type\":\"Article\",\"@id\":\"https:\\\/\\\/www.bbmnoticias.com\\\/labravaradiofm\\\/2022\\\/01\\\/07\\\/vuelca-autobus-en-oaxaca-hay-5-lesionados\\\/#article\",\"isPartOf\":{\"@id\":\"https:\\\/\\\/www.bbmnoticias.com\\\/labravaradiofm\\\/2022\\\/01\\\/07\\\/vuelca-autobus-en-oaxaca-hay-5-lesionados\\\/\"},\"author\":{\"name\":\"Quadratin\",\"@id\":\"https:\\\/\\\/www.bbmnoticias.com\\\/labravaradiofm\\\/#\\\/schema\\\/person\\\/c316b6f6c03640cce5d9482ba5a8e5c2\"},\"headline\":\"Vuelca autob\u00fas en Oaxaca, hay 5 lesionados\",\"datePublished\":\"2022-01-07T14:52:35+00:00\",\"dateModified\":\"2022-01-07T14:52:37+00:00\",\"mainEntityOfPage\":{\"@id\":\"https:\\\/\\\/www.bbmnoticias.com\\\/labravaradiofm\\\/2022\\\/01\\\/07\\\/vuelca-autobus-en-oaxaca-hay-5-lesionados\\\/\"},\"wordCount\":133,\"image\":{\"@id\":\"https:\\\/\\\/www.bbmnoticias.com\\\/labravaradiofm\\\/2022\\\/01\\\/07\\\/vuelca-autobus-en-oaxaca-hay-5-lesionados\\\/#primaryimage\"},\"thumbnailUrl\":\"https:\\\/\\\/www.bbmnoticias.com\\\/labravaradiofm\\\/wp-content\\\/uploads\\\/sites\\\/5\\\/2022\\\/01\\\/autobus-oaxaca.jpg\",\"articleSection\":[\"POLICIACA\"],\"inLanguage\":\"es\"},{\"@type\":\"WebPage\",\"@id\":\"https:\\\/\\\/www.bbmnoticias.com\\\/labravaradiofm\\\/2022\\\/01\\\/07\\\/vuelca-autobus-en-oaxaca-hay-5-lesionados\\\/\",\"url\":\"https:\\\/\\\/www.bbmnoticias.com\\\/labravaradiofm\\\/2022\\\/01\\\/07\\\/vuelca-autobus-en-oaxaca-hay-5-lesionados\\\/\",\"name\":\"Vuelca autob\u00fas en Oaxaca, hay 5 lesionados - LA BRAVA RADIO\",\"isPartOf\":{\"@id\":\"https:\\\/\\\/www.bbmnoticias.com\\\/labravaradiofm\\\/#website\"},\"primaryImageOfPage\":{\"@id\":\"https:\\\/\\\/www.bbmnoticias.com\\\/labravaradiofm\\\/2022\\\/01\\\/07\\\/vuelca-autobus-en-oaxaca-hay-5-lesionados\\\/#primaryimage\"},\"image\":{\"@id\":\"https:\\\/\\\/www.bbmnoticias.com\\\/labravaradiofm\\\/2022\\\/01\\\/07\\\/vuelca-autobus-en-oaxaca-hay-5-lesionados\\\/#primaryimage\"},\"thumbnailUrl\":\"https:\\\/\\\/www.bbmnoticias.com\\\/labravaradiofm\\\/wp-content\\\/uploads\\\/sites\\\/5\\\/2022\\\/01\\\/autobus-oaxaca.jpg\",\"datePublished\":\"2022-01-07T14:52:35+00:00\",\"dateModified\":\"2022-01-07T14:52:37+00:00\",\"author\":{\"@id\":\"https:\\\/\\\/www.bbmnoticias.com\\\/labravaradiofm\\\/#\\\/schema\\\/person\\\/c316b6f6c03640cce5d9482ba5a8e5c2\"},\"breadcrumb\":{\"@id\":\"https:\\\/\\\/www.bbmnoticias.com\\\/labravaradiofm\\\/2022\\\/01\\\/07\\\/vuelca-autobus-en-oaxaca-hay-5-lesionados\\\/#breadcrumb\"},\"inLanguage\":\"es\",\"potentialAction\":[{\"@type\":\"ReadAction\",\"target\":[\"https:\\\/\\\/www.bbmnoticias.com\\\/labravaradiofm\\\/2022\\\/01\\\/07\\\/vuelca-autobus-en-oaxaca-hay-5-lesionados\\\/\"]}]},{\"@type\":\"ImageObject\",\"inLanguage\":\"es\",\"@id\":\"https:\\\/\\\/www.bbmnoticias.com\\\/labravaradiofm\\\/2022\\\/01\\\/07\\\/vuelca-autobus-en-oaxaca-hay-5-lesionados\\\/#primaryimage\",\"url\":\"https:\\\/\\\/www.bbmnoticias.com\\\/labravaradiofm\\\/wp-content\\\/uploads\\\/sites\\\/5\\\/2022\\\/01\\\/autobus-oaxaca.jpg\",\"contentUrl\":\"https:\\\/\\\/www.bbmnoticias.com\\\/labravaradiofm\\\/wp-content\\\/uploads\\\/sites\\\/5\\\/2022\\\/01\\\/autobus-oaxaca.jpg\",\"width\":1024,\"height\":578},{\"@type\":\"BreadcrumbList\",\"@id\":\"https:\\\/\\\/www.bbmnoticias.com\\\/labravaradiofm\\\/2022\\\/01\\\/07\\\/vuelca-autobus-en-oaxaca-hay-5-lesionados\\\/#breadcrumb\",\"itemListElement\":[{\"@type\":\"ListItem\",\"position\":1,\"name\":\"Inicio\",\"item\":\"https:\\\/\\\/www.bbmnoticias.com\\\/labravaradiofm\\\/\"},{\"@type\":\"ListItem\",\"position\":2,\"name\":\"Vuelca autob\u00fas en Oaxaca, hay 5 lesionados\"}]},{\"@type\":\"WebSite\",\"@id\":\"https:\\\/\\\/www.bbmnoticias.com\\\/labravaradiofm\\\/#website\",\"url\":\"https:\\\/\\\/www.bbmnoticias.com\\\/labravaradiofm\\\/\",\"name\":\"LA BRAVA RADIO\",\"description\":\"Empresa productora de medios, Radiodifusi\u00f3n, Noticias, tendencias y todo lo que necesitas saber de la pol\u00edtica mexicana e internacional; entretenimiento, espect\u00e1culos, salud y mucho m\u00e1s.\",\"potentialAction\":[{\"@type\":\"SearchAction\",\"target\":{\"@type\":\"EntryPoint\",\"urlTemplate\":\"https:\\\/\\\/www.bbmnoticias.com\\\/labravaradiofm\\\/?s={search_term_string}\"},\"query-input\":{\"@type\":\"PropertyValueSpecification\",\"valueRequired\":true,\"valueName\":\"search_term_string\"}}],\"inLanguage\":\"es\"},{\"@type\":\"Person\",\"@id\":\"https:\\\/\\\/www.bbmnoticias.com\\\/labravaradiofm\\\/#\\\/schema\\\/person\\\/c316b6f6c03640cce5d9482ba5a8e5c2\",\"name\":\"Quadratin\",\"image\":{\"@type\":\"ImageObject\",\"inLanguage\":\"es\",\"@id\":\"https:\\\/\\\/secure.gravatar.com\\\/avatar\\\/34008d7d72488432d6a74f81e839efc9f754b118786ca32cf39d9d5508a68f63?s=96&d=mm&r=g\",\"url\":\"https:\\\/\\\/secure.gravatar.com\\\/avatar\\\/34008d7d72488432d6a74f81e839efc9f754b118786ca32cf39d9d5508a68f63?s=96&d=mm&r=g\",\"contentUrl\":\"https:\\\/\\\/secure.gravatar.com\\\/avatar\\\/34008d7d72488432d6a74f81e839efc9f754b118786ca32cf39d9d5508a68f63?s=96&d=mm&r=g\",\"caption\":\"Quadratin\"},\"url\":\"https:\\\/\\\/www.bbmnoticias.com\\\/labravaradiofm\\\/author\\\/quadratin\\\/\"}]}<\/script>\n<!-- \/ Yoast SEO plugin. -->","yoast_head_json":{"title":"Vuelca autob\u00fas en Oaxaca, hay 5 lesionados - LA BRAVA RADIO","robots":{"index":"index","follow":"follow","max-snippet":"max-snippet:-1","max-image-preview":"max-image-preview:large","max-video-preview":"max-video-preview:-1"},"canonical":"https:\/\/www.bbmnoticias.com\/labravaradiofm\/2022\/01\/07\/vuelca-autobus-en-oaxaca-hay-5-lesionados\/","og_locale":"es_MX","og_type":"article","og_title":"Vuelca autob\u00fas en Oaxaca, hay 5 lesionados - LA BRAVA RADIO","og_description":"OAXACA, Oax. 7 de enero de 2022.- La volcadura de un autob\u00fas de pasajeros dej\u00f3 como saldo 5 lesionados en la regi\u00f3n de la Cuenca. La ma\u00f1ana de este viernes, Protecci\u00f3n Civil report\u00f3 que en la carretera 175 un autob\u00fas de la empresa AU choc\u00f3 con una camioneta tipo Urvan, tambi\u00e9n de pasajeros, lo que [&hellip;]","og_url":"https:\/\/www.bbmnoticias.com\/labravaradiofm\/2022\/01\/07\/vuelca-autobus-en-oaxaca-hay-5-lesionados\/","og_site_name":"LA BRAVA RADIO","article_published_time":"2022-01-07T14:52:35+00:00","article_modified_time":"2022-01-07T14:52:37+00:00","og_image":[{"width":1024,"height":578,"url":"https:\/\/www.bbmnoticias.com\/labravaradiofm\/wp-content\/uploads\/sites\/5\/2022\/01\/autobus-oaxaca.jpg","type":"image\/jpeg"}],"author":"Quadratin","twitter_card":"summary_large_image","twitter_misc":{"Escrito por":"Quadratin","Tiempo de lectura":"1 minuto"},"schema":{"@context":"https:\/\/schema.org","@graph":[{"@type":"Article","@id":"https:\/\/www.bbmnoticias.com\/labravaradiofm\/2022\/01\/07\/vuelca-autobus-en-oaxaca-hay-5-lesionados\/#article","isPartOf":{"@id":"https:\/\/www.bbmnoticias.com\/labravaradiofm\/2022\/01\/07\/vuelca-autobus-en-oaxaca-hay-5-lesionados\/"},"author":{"name":"Quadratin","@id":"https:\/\/www.bbmnoticias.com\/labravaradiofm\/#\/schema\/person\/c316b6f6c03640cce5d9482ba5a8e5c2"},"headline":"Vuelca autob\u00fas en Oaxaca, hay 5 lesionados","datePublished":"2022-01-07T14:52:35+00:00","dateModified":"2022-01-07T14:52:37+00:00","mainEntityOfPage":{"@id":"https:\/\/www.bbmnoticias.com\/labravaradiofm\/2022\/01\/07\/vuelca-autobus-en-oaxaca-hay-5-lesionados\/"},"wordCount":133,"image":{"@id":"https:\/\/www.bbmnoticias.com\/labravaradiofm\/2022\/01\/07\/vuelca-autobus-en-oaxaca-hay-5-lesionados\/#primaryimage"},"thumbnailUrl":"https:\/\/www.bbmnoticias.com\/labravaradiofm\/wp-content\/uploads\/sites\/5\/2022\/01\/autobus-oaxaca.jpg","articleSection":["POLICIACA"],"inLanguage":"es"},{"@type":"WebPage","@id":"https:\/\/www.bbmnoticias.com\/labravaradiofm\/2022\/01\/07\/vuelca-autobus-en-oaxaca-hay-5-lesionados\/","url":"https:\/\/www.bbmnoticias.com\/labravaradiofm\/2022\/01\/07\/vuelca-autobus-en-oaxaca-hay-5-lesionados\/","name":"Vuelca autob\u00fas en Oaxaca, hay 5 lesionados - LA BRAVA RADIO","isPartOf":{"@id":"https:\/\/www.bbmnoticias.com\/labravaradiofm\/#website"},"primaryImageOfPage":{"@id":"https:\/\/www.bbmnoticias.com\/labravaradiofm\/2022\/01\/07\/vuelca-autobus-en-oaxaca-hay-5-lesionados\/#primaryimage"},"image":{"@id":"https:\/\/www.bbmnoticias.com\/labravaradiofm\/2022\/01\/07\/vuelca-autobus-en-oaxaca-hay-5-lesionados\/#primaryimage"},"thumbnailUrl":"https:\/\/www.bbmnoticias.com\/labravaradiofm\/wp-content\/uploads\/sites\/5\/2022\/01\/autobus-oaxaca.jpg","datePublished":"2022-01-07T14:52:35+00:00","dateModified":"2022-01-07T14:52:37+00:00","author":{"@id":"https:\/\/www.bbmnoticias.com\/labravaradiofm\/#\/schema\/person\/c316b6f6c03640cce5d9482ba5a8e5c2"},"breadcrumb":{"@id":"https:\/\/www.bbmnoticias.com\/labravaradiofm\/2022\/01\/07\/vuelca-autobus-en-oaxaca-hay-5-lesionados\/#breadcrumb"},"inLanguage":"es","potentialAction":[{"@type":"ReadAction","target":["https:\/\/www.bbmnoticias.com\/labravaradiofm\/2022\/01\/07\/vuelca-autobus-en-oaxaca-hay-5-lesionados\/"]}]},{"@type":"ImageObject","inLanguage":"es","@id":"https:\/\/www.bbmnoticias.com\/labravaradiofm\/2022\/01\/07\/vuelca-autobus-en-oaxaca-hay-5-lesionados\/#primaryimage","url":"https:\/\/www.bbmnoticias.com\/labravaradiofm\/wp-content\/uploads\/sites\/5\/2022\/01\/autobus-oaxaca.jpg","contentUrl":"https:\/\/www.bbmnoticias.com\/labravaradiofm\/wp-content\/uploads\/sites\/5\/2022\/01\/autobus-oaxaca.jpg","width":1024,"height":578},{"@type":"BreadcrumbList","@id":"https:\/\/www.bbmnoticias.com\/labravaradiofm\/2022\/01\/07\/vuelca-autobus-en-oaxaca-hay-5-lesionados\/#breadcrumb","itemListElement":[{"@type":"ListItem","position":1,"name":"Inicio","item":"https:\/\/www.bbmnoticias.com\/labravaradiofm\/"},{"@type":"ListItem","position":2,"name":"Vuelca autob\u00fas en Oaxaca, hay 5 lesionados"}]},{"@type":"WebSite","@id":"https:\/\/www.bbmnoticias.com\/labravaradiofm\/#website","url":"https:\/\/www.bbmnoticias.com\/labravaradiofm\/","name":"LA BRAVA RADIO","description":"Empresa productora de medios, Radiodifusi\u00f3n, Noticias, tendencias y todo lo que necesitas saber de la pol\u00edtica mexicana e internacional; entretenimiento, espect\u00e1culos, salud y mucho m\u00e1s.","potentialAction":[{"@type":"SearchAction","target":{"@type":"EntryPoint","urlTemplate":"https:\/\/www.bbmnoticias.com\/labravaradiofm\/?s={search_term_string}"},"query-input":{"@type":"PropertyValueSpecification","valueRequired":true,"valueName":"search_term_string"}}],"inLanguage":"es"},{"@type":"Person","@id":"https:\/\/www.bbmnoticias.com\/labravaradiofm\/#\/schema\/person\/c316b6f6c03640cce5d9482ba5a8e5c2","name":"Quadratin","image":{"@type":"ImageObject","inLanguage":"es","@id":"https:\/\/secure.gravatar.com\/avatar\/34008d7d72488432d6a74f81e839efc9f754b118786ca32cf39d9d5508a68f63?s=96&d=mm&r=g","url":"https:\/\/secure.gravatar.com\/avatar\/34008d7d72488432d6a74f81e839efc9f754b118786ca32cf39d9d5508a68f63?s=96&d=mm&r=g","contentUrl":"https:\/\/secure.gravatar.com\/avatar\/34008d7d72488432d6a74f81e839efc9f754b118786ca32cf39d9d5508a68f63?s=96&d=mm&r=g","caption":"Quadratin"},"url":"https:\/\/www.bbmnoticias.com\/labravaradiofm\/author\/quadratin\/"}]}},"_links":{"self":[{"href":"https:\/\/www.bbmnoticias.com\/labravaradiofm\/wp-json\/wp\/v2\/posts\/8239","targetHints":{"allow":["GET"]}}],"collection":[{"href":"https:\/\/www.bbmnoticias.com\/labravaradiofm\/wp-json\/wp\/v2\/posts"}],"about":[{"href":"https:\/\/www.bbmnoticias.com\/labravaradiofm\/wp-json\/wp\/v2\/types\/post"}],"author":[{"embeddable":true,"href":"https:\/\/www.bbmnoticias.com\/labravaradiofm\/wp-json\/wp\/v2\/users\/5"}],"replies":[{"embeddable":true,"href":"https:\/\/www.bbmnoticias.com\/labravaradiofm\/wp-json\/wp\/v2\/comments?post=8239"}],"version-history":[{"count":0,"href":"https:\/\/www.bbmnoticias.com\/labravaradiofm\/wp-json\/wp\/v2\/posts\/8239\/revisions"}],"wp:featuredmedia":[{"embeddable":true,"href":"https:\/\/www.bbmnoticias.com\/labravaradiofm\/wp-json\/wp\/v2\/media\/8240"}],"wp:attachment":[{"href":"https:\/\/www.bbmnoticias.com\/labravaradiofm\/wp-json\/wp\/v2\/media?parent=8239"}],"wp:term":[{"taxonomy":"category","embeddable":true,"href":"https:\/\/www.bbmnoticias.com\/labravaradiofm\/wp-json\/wp\/v2\/categories?post=8239"},{"taxonomy":"post_tag","embeddable":true,"href":"https:\/\/www.bbmnoticias.com\/labravaradiofm\/wp-json\/wp\/v2\/tags?post=8239"}],"curies":[{"name":"wp","href":"https:\/\/api.w.org\/{rel}","templated":true}]}}