{"id":8227,"date":"2022-01-06T19:29:25","date_gmt":"2022-01-07T01:29:25","guid":{"rendered":"https:\/\/www.bbmnoticias.com\/labravaradiofm\/?p=8227"},"modified":"2022-01-06T19:29:27","modified_gmt":"2022-01-07T01:29:27","slug":"recorren-el-ieepo-y-la-sep-escuelas-de-educacion-basica-con-clases-semipresenciales-en-oaxaca","status":"publish","type":"post","link":"https:\/\/www.bbmnoticias.com\/labravaradiofm\/2022\/01\/06\/recorren-el-ieepo-y-la-sep-escuelas-de-educacion-basica-con-clases-semipresenciales-en-oaxaca\/","title":{"rendered":"Recorren el IEEPO y la SEP escuelas de educaci\u00f3n b\u00e1sica con clases semipresenciales en Oaxaca"},"content":{"rendered":"<div style=\"margin-top: 0px; margin-bottom: 0px;\" class=\"sharethis-inline-share-buttons\" ><\/div>\n<p><strong>Oaxaca de Ju\u00e1rez, Oax. 6 de enero de 2022.-<\/strong>&nbsp;En el proceso para el retorno a clases semipresenciales en la entidad, en consenso con el magisterio, madres, padres de familia, tutores y autoridades municipales, de forma segura, gradual, escalonada y mixta, autoridades del Instituto Estatal de Educaci\u00f3n P\u00fablica de Oaxaca (IEEPO) y de la Secretar\u00eda de Educaci\u00f3n P\u00fablica (SEP), realizaron recorridos por planteles educativos p\u00fablicos de nivel b\u00e1sico.<\/p>\n\n\n\n<p>En la Escuela Primaria \u201cBenito Ju\u00e1rez\u201d, de la agencia municipal Santa Rosa Panzacola, en Oaxaca de Ju\u00e1rez, donde la comunidad escolar eligi\u00f3 la modalidad semipresencial, bajo estrictos controles sanitarios, el encargado de Despacho del IEEPO, Ernesto L\u00f3pez Montero y el titular de la Oficina de Enlace Educativo de la SEP en la entidad, Jos\u00e9 Miguel Navarro Mart\u00ednez, constataron las actividades del alumnado y personal docente.<\/p>\n\n\n\n<p>Acompa\u00f1ados del director, maestras, maestros, madres y padres de familia, les exhortaron a mantener en todo momento las medidas sanitarias y a continuar cumpliendo con los planes y programas de estudio; adem\u00e1s de felicitarlos por el empe\u00f1o que han mostrado en este ciclo escolar.<\/p>\n\n\n\n<p><strong>Autoridades educativas visitaron Santo Domingo Tepuxtepec y Santa Mar\u00eda Xadani<\/strong><\/p>\n\n\n\n<p>Por otra parte, en Santo Domingo Tepuxtepec, la titular de la Unidad de Educaci\u00f3n Secundaria del IEEPO, Tania Lizbeth Luna Alvarado y el representante de la SEP, Navarro Mart\u00ednez, visitaron la Telesecundaria 20DTV0564P de esta localidad con la finalidad de verificar la infraestructura, las condiciones de las \u00e1reas y su funcionamiento en este retorno a clases semipresenciales.<\/p>\n\n\n\n<p>Ante el presidente municipal, Almaquio Mart\u00ednez Guadalupe y el director del plantel, Fidencio Reyes Dom\u00ednguez, hicieron entrega de materiales de oficina, limpieza, deportivo, escolar y l\u00fadico para los centros educativos de la comunidad en los niveles preescolar, primaria, secundaria t\u00e9cnica y Telesecundaria.<\/p>\n\n\n\n<p>En este acompa\u00f1amiento del reinicio de los servicios educativos, tambi\u00e9n representantes de la Delegaci\u00f3n Regional del IEEPO Istmo-Juchit\u00e1n y de la supervisi\u00f3n escolar Zona 088, realizaron un recorrido por la Escuela Primaria \u201cGabriela Mistral\u201d, en Santa Mar\u00eda Xadani, donde fueron recibidos por el director del plantel, profesor Tom\u00e1s Jim\u00e9nez Santiago.<\/p>\n\n\n\n<p>En las diferentes instituciones visitadas, las autoridades educativas constataron que reciben a las y los estudiantes de forma segura, respetando los protocolos sanitarios emitidos por la Secretar\u00eda de Salud y la gu\u00eda para el regreso responsable y ordenado emitida por la SEP.<\/p>\n\n\n\n<p>En Oaxaca, el pasado lunes 3 de enero se retomaron las actividades del ciclo escolar 2021-2022, con una matr\u00edcula de m\u00e1s de 874 mil 200 estudiantes, as\u00ed como un aproximado de 82 mil trabajadores, entre directivos, docentes y personal de apoyo a la educaci\u00f3n que trabajan a distancia o en la modalidad semipresencial.<\/p>\n","protected":false},"excerpt":{"rendered":"<p>Oaxaca de Ju\u00e1rez, Oax. 6 de enero de 2022.-&nbsp;En el proceso para el retorno a clases semipresenciales en la entidad, en consenso con el magisterio, madres, padres de familia, tutores y autoridades municipales, de forma segura, gradual, escalonada y mixta, autoridades del Instituto Estatal de Educaci\u00f3n P\u00fablica de Oaxaca (IEEPO) y de la Secretar\u00eda de [&hellip;]<\/p>\n","protected":false},"author":2,"featured_media":8228,"comment_status":"closed","ping_status":"closed","sticky":false,"template":"","format":"standard","meta":{"footnotes":""},"categories":[2],"tags":[],"class_list":{"0":"post-8227","1":"post","2":"type-post","3":"status-publish","4":"format-standard","5":"has-post-thumbnail","7":"category-oaxaca"},"yoast_head":"<!-- This site is optimized with the Yoast SEO plugin v27.4 - https:\/\/yoast.com\/product\/yoast-seo-wordpress\/ -->\n<title>Recorren el IEEPO y la SEP escuelas de educaci\u00f3n b\u00e1sica con clases semipresenciales en Oaxaca - LA BRAVA RADIO<\/title>\n<meta name=\"robots\" content=\"index, follow, max-snippet:-1, max-image-preview:large, max-video-preview:-1\" \/>\n<link rel=\"canonical\" href=\"https:\/\/www.bbmnoticias.com\/labravaradiofm\/2022\/01\/06\/recorren-el-ieepo-y-la-sep-escuelas-de-educacion-basica-con-clases-semipresenciales-en-oaxaca\/\" \/>\n<meta property=\"og:locale\" content=\"es_MX\" \/>\n<meta property=\"og:type\" content=\"article\" \/>\n<meta property=\"og:title\" content=\"Recorren el IEEPO y la SEP escuelas de educaci\u00f3n b\u00e1sica con clases semipresenciales en Oaxaca - LA BRAVA RADIO\" \/>\n<meta property=\"og:description\" content=\"Oaxaca de Ju\u00e1rez, Oax. 6 de enero de 2022.-&nbsp;En el proceso para el retorno a clases semipresenciales en la entidad, en consenso con el magisterio, madres, padres de familia, tutores y autoridades municipales, de forma segura, gradual, escalonada y mixta, autoridades del Instituto Estatal de Educaci\u00f3n P\u00fablica de Oaxaca (IEEPO) y de la Secretar\u00eda de [&hellip;]\" \/>\n<meta property=\"og:url\" content=\"https:\/\/www.bbmnoticias.com\/labravaradiofm\/2022\/01\/06\/recorren-el-ieepo-y-la-sep-escuelas-de-educacion-basica-con-clases-semipresenciales-en-oaxaca\/\" \/>\n<meta property=\"og:site_name\" content=\"LA BRAVA RADIO\" \/>\n<meta property=\"article:published_time\" content=\"2022-01-07T01:29:25+00:00\" \/>\n<meta property=\"article:modified_time\" content=\"2022-01-07T01:29:27+00:00\" \/>\n<meta property=\"og:image\" content=\"https:\/\/www.bbmnoticias.com\/labravaradiofm\/wp-content\/uploads\/sites\/5\/2022\/01\/sep-ieepo.jpeg\" \/>\n\t<meta property=\"og:image:width\" content=\"1600\" \/>\n\t<meta property=\"og:image:height\" content=\"1065\" \/>\n\t<meta property=\"og:image:type\" content=\"image\/jpeg\" \/>\n<meta name=\"author\" content=\"Staff\" \/>\n<meta name=\"twitter:card\" content=\"summary_large_image\" \/>\n<meta name=\"twitter:label1\" content=\"Escrito por\" \/>\n\t<meta name=\"twitter:data1\" content=\"Staff\" \/>\n\t<meta name=\"twitter:label2\" content=\"Tiempo de lectura\" \/>\n\t<meta name=\"twitter:data2\" content=\"2 minutos\" \/>\n<script type=\"application\/ld+json\" class=\"yoast-schema-graph\">{\"@context\":\"https:\\\/\\\/schema.org\",\"@graph\":[{\"@type\":\"Article\",\"@id\":\"https:\\\/\\\/www.bbmnoticias.com\\\/labravaradiofm\\\/2022\\\/01\\\/06\\\/recorren-el-ieepo-y-la-sep-escuelas-de-educacion-basica-con-clases-semipresenciales-en-oaxaca\\\/#article\",\"isPartOf\":{\"@id\":\"https:\\\/\\\/www.bbmnoticias.com\\\/labravaradiofm\\\/2022\\\/01\\\/06\\\/recorren-el-ieepo-y-la-sep-escuelas-de-educacion-basica-con-clases-semipresenciales-en-oaxaca\\\/\"},\"author\":{\"name\":\"Staff\",\"@id\":\"https:\\\/\\\/www.bbmnoticias.com\\\/labravaradiofm\\\/#\\\/schema\\\/person\\\/68a9e9036ef3c5b55aeb2b71dc8bab45\"},\"headline\":\"Recorren el IEEPO y la SEP escuelas de educaci\u00f3n b\u00e1sica con clases semipresenciales en Oaxaca\",\"datePublished\":\"2022-01-07T01:29:25+00:00\",\"dateModified\":\"2022-01-07T01:29:27+00:00\",\"mainEntityOfPage\":{\"@id\":\"https:\\\/\\\/www.bbmnoticias.com\\\/labravaradiofm\\\/2022\\\/01\\\/06\\\/recorren-el-ieepo-y-la-sep-escuelas-de-educacion-basica-con-clases-semipresenciales-en-oaxaca\\\/\"},\"wordCount\":479,\"image\":{\"@id\":\"https:\\\/\\\/www.bbmnoticias.com\\\/labravaradiofm\\\/2022\\\/01\\\/06\\\/recorren-el-ieepo-y-la-sep-escuelas-de-educacion-basica-con-clases-semipresenciales-en-oaxaca\\\/#primaryimage\"},\"thumbnailUrl\":\"https:\\\/\\\/www.bbmnoticias.com\\\/labravaradiofm\\\/wp-content\\\/uploads\\\/sites\\\/5\\\/2022\\\/01\\\/sep-ieepo.jpeg\",\"articleSection\":[\"LOCAL\"],\"inLanguage\":\"es\"},{\"@type\":\"WebPage\",\"@id\":\"https:\\\/\\\/www.bbmnoticias.com\\\/labravaradiofm\\\/2022\\\/01\\\/06\\\/recorren-el-ieepo-y-la-sep-escuelas-de-educacion-basica-con-clases-semipresenciales-en-oaxaca\\\/\",\"url\":\"https:\\\/\\\/www.bbmnoticias.com\\\/labravaradiofm\\\/2022\\\/01\\\/06\\\/recorren-el-ieepo-y-la-sep-escuelas-de-educacion-basica-con-clases-semipresenciales-en-oaxaca\\\/\",\"name\":\"Recorren el IEEPO y la SEP escuelas de educaci\u00f3n b\u00e1sica con clases semipresenciales en Oaxaca - LA BRAVA RADIO\",\"isPartOf\":{\"@id\":\"https:\\\/\\\/www.bbmnoticias.com\\\/labravaradiofm\\\/#website\"},\"primaryImageOfPage\":{\"@id\":\"https:\\\/\\\/www.bbmnoticias.com\\\/labravaradiofm\\\/2022\\\/01\\\/06\\\/recorren-el-ieepo-y-la-sep-escuelas-de-educacion-basica-con-clases-semipresenciales-en-oaxaca\\\/#primaryimage\"},\"image\":{\"@id\":\"https:\\\/\\\/www.bbmnoticias.com\\\/labravaradiofm\\\/2022\\\/01\\\/06\\\/recorren-el-ieepo-y-la-sep-escuelas-de-educacion-basica-con-clases-semipresenciales-en-oaxaca\\\/#primaryimage\"},\"thumbnailUrl\":\"https:\\\/\\\/www.bbmnoticias.com\\\/labravaradiofm\\\/wp-content\\\/uploads\\\/sites\\\/5\\\/2022\\\/01\\\/sep-ieepo.jpeg\",\"datePublished\":\"2022-01-07T01:29:25+00:00\",\"dateModified\":\"2022-01-07T01:29:27+00:00\",\"author\":{\"@id\":\"https:\\\/\\\/www.bbmnoticias.com\\\/labravaradiofm\\\/#\\\/schema\\\/person\\\/68a9e9036ef3c5b55aeb2b71dc8bab45\"},\"breadcrumb\":{\"@id\":\"https:\\\/\\\/www.bbmnoticias.com\\\/labravaradiofm\\\/2022\\\/01\\\/06\\\/recorren-el-ieepo-y-la-sep-escuelas-de-educacion-basica-con-clases-semipresenciales-en-oaxaca\\\/#breadcrumb\"},\"inLanguage\":\"es\",\"potentialAction\":[{\"@type\":\"ReadAction\",\"target\":[\"https:\\\/\\\/www.bbmnoticias.com\\\/labravaradiofm\\\/2022\\\/01\\\/06\\\/recorren-el-ieepo-y-la-sep-escuelas-de-educacion-basica-con-clases-semipresenciales-en-oaxaca\\\/\"]}]},{\"@type\":\"ImageObject\",\"inLanguage\":\"es\",\"@id\":\"https:\\\/\\\/www.bbmnoticias.com\\\/labravaradiofm\\\/2022\\\/01\\\/06\\\/recorren-el-ieepo-y-la-sep-escuelas-de-educacion-basica-con-clases-semipresenciales-en-oaxaca\\\/#primaryimage\",\"url\":\"https:\\\/\\\/www.bbmnoticias.com\\\/labravaradiofm\\\/wp-content\\\/uploads\\\/sites\\\/5\\\/2022\\\/01\\\/sep-ieepo.jpeg\",\"contentUrl\":\"https:\\\/\\\/www.bbmnoticias.com\\\/labravaradiofm\\\/wp-content\\\/uploads\\\/sites\\\/5\\\/2022\\\/01\\\/sep-ieepo.jpeg\",\"width\":1600,\"height\":1065},{\"@type\":\"BreadcrumbList\",\"@id\":\"https:\\\/\\\/www.bbmnoticias.com\\\/labravaradiofm\\\/2022\\\/01\\\/06\\\/recorren-el-ieepo-y-la-sep-escuelas-de-educacion-basica-con-clases-semipresenciales-en-oaxaca\\\/#breadcrumb\",\"itemListElement\":[{\"@type\":\"ListItem\",\"position\":1,\"name\":\"Inicio\",\"item\":\"https:\\\/\\\/www.bbmnoticias.com\\\/labravaradiofm\\\/\"},{\"@type\":\"ListItem\",\"position\":2,\"name\":\"Recorren el IEEPO y la SEP escuelas de educaci\u00f3n b\u00e1sica con clases semipresenciales en Oaxaca\"}]},{\"@type\":\"WebSite\",\"@id\":\"https:\\\/\\\/www.bbmnoticias.com\\\/labravaradiofm\\\/#website\",\"url\":\"https:\\\/\\\/www.bbmnoticias.com\\\/labravaradiofm\\\/\",\"name\":\"LA BRAVA RADIO\",\"description\":\"Empresa productora de medios, Radiodifusi\u00f3n, Noticias, tendencias y todo lo que necesitas saber de la pol\u00edtica mexicana e internacional; entretenimiento, espect\u00e1culos, salud y mucho m\u00e1s.\",\"potentialAction\":[{\"@type\":\"SearchAction\",\"target\":{\"@type\":\"EntryPoint\",\"urlTemplate\":\"https:\\\/\\\/www.bbmnoticias.com\\\/labravaradiofm\\\/?s={search_term_string}\"},\"query-input\":{\"@type\":\"PropertyValueSpecification\",\"valueRequired\":true,\"valueName\":\"search_term_string\"}}],\"inLanguage\":\"es\"},{\"@type\":\"Person\",\"@id\":\"https:\\\/\\\/www.bbmnoticias.com\\\/labravaradiofm\\\/#\\\/schema\\\/person\\\/68a9e9036ef3c5b55aeb2b71dc8bab45\",\"name\":\"Staff\",\"image\":{\"@type\":\"ImageObject\",\"inLanguage\":\"es\",\"@id\":\"https:\\\/\\\/secure.gravatar.com\\\/avatar\\\/fdd21ad66fd8b98c407f9dee5b5e588cfe7f0d8579ec20fa6527cd59bab7f0f0?s=96&d=mm&r=g\",\"url\":\"https:\\\/\\\/secure.gravatar.com\\\/avatar\\\/fdd21ad66fd8b98c407f9dee5b5e588cfe7f0d8579ec20fa6527cd59bab7f0f0?s=96&d=mm&r=g\",\"contentUrl\":\"https:\\\/\\\/secure.gravatar.com\\\/avatar\\\/fdd21ad66fd8b98c407f9dee5b5e588cfe7f0d8579ec20fa6527cd59bab7f0f0?s=96&d=mm&r=g\",\"caption\":\"Staff\"},\"url\":\"https:\\\/\\\/www.bbmnoticias.com\\\/labravaradiofm\\\/author\\\/redaccion\\\/\"}]}<\/script>\n<!-- \/ Yoast SEO plugin. -->","yoast_head_json":{"title":"Recorren el IEEPO y la SEP escuelas de educaci\u00f3n b\u00e1sica con clases semipresenciales en Oaxaca - LA BRAVA RADIO","robots":{"index":"index","follow":"follow","max-snippet":"max-snippet:-1","max-image-preview":"max-image-preview:large","max-video-preview":"max-video-preview:-1"},"canonical":"https:\/\/www.bbmnoticias.com\/labravaradiofm\/2022\/01\/06\/recorren-el-ieepo-y-la-sep-escuelas-de-educacion-basica-con-clases-semipresenciales-en-oaxaca\/","og_locale":"es_MX","og_type":"article","og_title":"Recorren el IEEPO y la SEP escuelas de educaci\u00f3n b\u00e1sica con clases semipresenciales en Oaxaca - LA BRAVA RADIO","og_description":"Oaxaca de Ju\u00e1rez, Oax. 6 de enero de 2022.-&nbsp;En el proceso para el retorno a clases semipresenciales en la entidad, en consenso con el magisterio, madres, padres de familia, tutores y autoridades municipales, de forma segura, gradual, escalonada y mixta, autoridades del Instituto Estatal de Educaci\u00f3n P\u00fablica de Oaxaca (IEEPO) y de la Secretar\u00eda de [&hellip;]","og_url":"https:\/\/www.bbmnoticias.com\/labravaradiofm\/2022\/01\/06\/recorren-el-ieepo-y-la-sep-escuelas-de-educacion-basica-con-clases-semipresenciales-en-oaxaca\/","og_site_name":"LA BRAVA RADIO","article_published_time":"2022-01-07T01:29:25+00:00","article_modified_time":"2022-01-07T01:29:27+00:00","og_image":[{"width":1600,"height":1065,"url":"https:\/\/www.bbmnoticias.com\/labravaradiofm\/wp-content\/uploads\/sites\/5\/2022\/01\/sep-ieepo.jpeg","type":"image\/jpeg"}],"author":"Staff","twitter_card":"summary_large_image","twitter_misc":{"Escrito por":"Staff","Tiempo de lectura":"2 minutos"},"schema":{"@context":"https:\/\/schema.org","@graph":[{"@type":"Article","@id":"https:\/\/www.bbmnoticias.com\/labravaradiofm\/2022\/01\/06\/recorren-el-ieepo-y-la-sep-escuelas-de-educacion-basica-con-clases-semipresenciales-en-oaxaca\/#article","isPartOf":{"@id":"https:\/\/www.bbmnoticias.com\/labravaradiofm\/2022\/01\/06\/recorren-el-ieepo-y-la-sep-escuelas-de-educacion-basica-con-clases-semipresenciales-en-oaxaca\/"},"author":{"name":"Staff","@id":"https:\/\/www.bbmnoticias.com\/labravaradiofm\/#\/schema\/person\/68a9e9036ef3c5b55aeb2b71dc8bab45"},"headline":"Recorren el IEEPO y la SEP escuelas de educaci\u00f3n b\u00e1sica con clases semipresenciales en Oaxaca","datePublished":"2022-01-07T01:29:25+00:00","dateModified":"2022-01-07T01:29:27+00:00","mainEntityOfPage":{"@id":"https:\/\/www.bbmnoticias.com\/labravaradiofm\/2022\/01\/06\/recorren-el-ieepo-y-la-sep-escuelas-de-educacion-basica-con-clases-semipresenciales-en-oaxaca\/"},"wordCount":479,"image":{"@id":"https:\/\/www.bbmnoticias.com\/labravaradiofm\/2022\/01\/06\/recorren-el-ieepo-y-la-sep-escuelas-de-educacion-basica-con-clases-semipresenciales-en-oaxaca\/#primaryimage"},"thumbnailUrl":"https:\/\/www.bbmnoticias.com\/labravaradiofm\/wp-content\/uploads\/sites\/5\/2022\/01\/sep-ieepo.jpeg","articleSection":["LOCAL"],"inLanguage":"es"},{"@type":"WebPage","@id":"https:\/\/www.bbmnoticias.com\/labravaradiofm\/2022\/01\/06\/recorren-el-ieepo-y-la-sep-escuelas-de-educacion-basica-con-clases-semipresenciales-en-oaxaca\/","url":"https:\/\/www.bbmnoticias.com\/labravaradiofm\/2022\/01\/06\/recorren-el-ieepo-y-la-sep-escuelas-de-educacion-basica-con-clases-semipresenciales-en-oaxaca\/","name":"Recorren el IEEPO y la SEP escuelas de educaci\u00f3n b\u00e1sica con clases semipresenciales en Oaxaca - LA BRAVA RADIO","isPartOf":{"@id":"https:\/\/www.bbmnoticias.com\/labravaradiofm\/#website"},"primaryImageOfPage":{"@id":"https:\/\/www.bbmnoticias.com\/labravaradiofm\/2022\/01\/06\/recorren-el-ieepo-y-la-sep-escuelas-de-educacion-basica-con-clases-semipresenciales-en-oaxaca\/#primaryimage"},"image":{"@id":"https:\/\/www.bbmnoticias.com\/labravaradiofm\/2022\/01\/06\/recorren-el-ieepo-y-la-sep-escuelas-de-educacion-basica-con-clases-semipresenciales-en-oaxaca\/#primaryimage"},"thumbnailUrl":"https:\/\/www.bbmnoticias.com\/labravaradiofm\/wp-content\/uploads\/sites\/5\/2022\/01\/sep-ieepo.jpeg","datePublished":"2022-01-07T01:29:25+00:00","dateModified":"2022-01-07T01:29:27+00:00","author":{"@id":"https:\/\/www.bbmnoticias.com\/labravaradiofm\/#\/schema\/person\/68a9e9036ef3c5b55aeb2b71dc8bab45"},"breadcrumb":{"@id":"https:\/\/www.bbmnoticias.com\/labravaradiofm\/2022\/01\/06\/recorren-el-ieepo-y-la-sep-escuelas-de-educacion-basica-con-clases-semipresenciales-en-oaxaca\/#breadcrumb"},"inLanguage":"es","potentialAction":[{"@type":"ReadAction","target":["https:\/\/www.bbmnoticias.com\/labravaradiofm\/2022\/01\/06\/recorren-el-ieepo-y-la-sep-escuelas-de-educacion-basica-con-clases-semipresenciales-en-oaxaca\/"]}]},{"@type":"ImageObject","inLanguage":"es","@id":"https:\/\/www.bbmnoticias.com\/labravaradiofm\/2022\/01\/06\/recorren-el-ieepo-y-la-sep-escuelas-de-educacion-basica-con-clases-semipresenciales-en-oaxaca\/#primaryimage","url":"https:\/\/www.bbmnoticias.com\/labravaradiofm\/wp-content\/uploads\/sites\/5\/2022\/01\/sep-ieepo.jpeg","contentUrl":"https:\/\/www.bbmnoticias.com\/labravaradiofm\/wp-content\/uploads\/sites\/5\/2022\/01\/sep-ieepo.jpeg","width":1600,"height":1065},{"@type":"BreadcrumbList","@id":"https:\/\/www.bbmnoticias.com\/labravaradiofm\/2022\/01\/06\/recorren-el-ieepo-y-la-sep-escuelas-de-educacion-basica-con-clases-semipresenciales-en-oaxaca\/#breadcrumb","itemListElement":[{"@type":"ListItem","position":1,"name":"Inicio","item":"https:\/\/www.bbmnoticias.com\/labravaradiofm\/"},{"@type":"ListItem","position":2,"name":"Recorren el IEEPO y la SEP escuelas de educaci\u00f3n b\u00e1sica con clases semipresenciales en Oaxaca"}]},{"@type":"WebSite","@id":"https:\/\/www.bbmnoticias.com\/labravaradiofm\/#website","url":"https:\/\/www.bbmnoticias.com\/labravaradiofm\/","name":"LA BRAVA RADIO","description":"Empresa productora de medios, Radiodifusi\u00f3n, Noticias, tendencias y todo lo que necesitas saber de la pol\u00edtica mexicana e internacional; entretenimiento, espect\u00e1culos, salud y mucho m\u00e1s.","potentialAction":[{"@type":"SearchAction","target":{"@type":"EntryPoint","urlTemplate":"https:\/\/www.bbmnoticias.com\/labravaradiofm\/?s={search_term_string}"},"query-input":{"@type":"PropertyValueSpecification","valueRequired":true,"valueName":"search_term_string"}}],"inLanguage":"es"},{"@type":"Person","@id":"https:\/\/www.bbmnoticias.com\/labravaradiofm\/#\/schema\/person\/68a9e9036ef3c5b55aeb2b71dc8bab45","name":"Staff","image":{"@type":"ImageObject","inLanguage":"es","@id":"https:\/\/secure.gravatar.com\/avatar\/fdd21ad66fd8b98c407f9dee5b5e588cfe7f0d8579ec20fa6527cd59bab7f0f0?s=96&d=mm&r=g","url":"https:\/\/secure.gravatar.com\/avatar\/fdd21ad66fd8b98c407f9dee5b5e588cfe7f0d8579ec20fa6527cd59bab7f0f0?s=96&d=mm&r=g","contentUrl":"https:\/\/secure.gravatar.com\/avatar\/fdd21ad66fd8b98c407f9dee5b5e588cfe7f0d8579ec20fa6527cd59bab7f0f0?s=96&d=mm&r=g","caption":"Staff"},"url":"https:\/\/www.bbmnoticias.com\/labravaradiofm\/author\/redaccion\/"}]}},"_links":{"self":[{"href":"https:\/\/www.bbmnoticias.com\/labravaradiofm\/wp-json\/wp\/v2\/posts\/8227","targetHints":{"allow":["GET"]}}],"collection":[{"href":"https:\/\/www.bbmnoticias.com\/labravaradiofm\/wp-json\/wp\/v2\/posts"}],"about":[{"href":"https:\/\/www.bbmnoticias.com\/labravaradiofm\/wp-json\/wp\/v2\/types\/post"}],"author":[{"embeddable":true,"href":"https:\/\/www.bbmnoticias.com\/labravaradiofm\/wp-json\/wp\/v2\/users\/2"}],"replies":[{"embeddable":true,"href":"https:\/\/www.bbmnoticias.com\/labravaradiofm\/wp-json\/wp\/v2\/comments?post=8227"}],"version-history":[{"count":0,"href":"https:\/\/www.bbmnoticias.com\/labravaradiofm\/wp-json\/wp\/v2\/posts\/8227\/revisions"}],"wp:featuredmedia":[{"embeddable":true,"href":"https:\/\/www.bbmnoticias.com\/labravaradiofm\/wp-json\/wp\/v2\/media\/8228"}],"wp:attachment":[{"href":"https:\/\/www.bbmnoticias.com\/labravaradiofm\/wp-json\/wp\/v2\/media?parent=8227"}],"wp:term":[{"taxonomy":"category","embeddable":true,"href":"https:\/\/www.bbmnoticias.com\/labravaradiofm\/wp-json\/wp\/v2\/categories?post=8227"},{"taxonomy":"post_tag","embeddable":true,"href":"https:\/\/www.bbmnoticias.com\/labravaradiofm\/wp-json\/wp\/v2\/tags?post=8227"}],"curies":[{"name":"wp","href":"https:\/\/api.w.org\/{rel}","templated":true}]}}