{"id":8219,"date":"2022-01-06T15:49:27","date_gmt":"2022-01-06T21:49:27","guid":{"rendered":"https:\/\/www.bbmnoticias.com\/labravaradiofm\/?p=8219"},"modified":"2022-01-06T15:49:28","modified_gmt":"2022-01-06T21:49:28","slug":"liberan-a-ex-agente-municipal-de-tehuantepec-retenido-por-mas-de-24-horas-en-su-comunidad","status":"publish","type":"post","link":"https:\/\/www.bbmnoticias.com\/labravaradiofm\/2022\/01\/06\/liberan-a-ex-agente-municipal-de-tehuantepec-retenido-por-mas-de-24-horas-en-su-comunidad\/","title":{"rendered":"Liberan a ex agente municipal de Tehuantepec retenido por m\u00e1s de 24 horas en su comunidad"},"content":{"rendered":"<div style=\"margin-top: 0px; margin-bottom: 0px;\" class=\"sharethis-inline-share-buttons\" ><\/div>\n<p>Tehuantepec, Oaxaca. Esta tarde fue liberado el ex agente municipal de Rinc\u00f3n Moreno, Sergio M\u00e9ndez M\u00e9ndez, despu\u00e9s de permanecer retenido en su comunidad por m\u00e1s de 24 horas.<\/p>\n\n\n\n<p>El ex agente fue retenido desde ayer por la ma\u00f1ana por un grupo de pobladores de su comunidad, para exigirle a la Presidenta Municipal, Vilma Mart\u00ednez Cort\u00e9s, el reconocimiento de Isa\u00fal Mart\u00ednez Reyes, como autoridad auxiliar en esta comunidad.<\/p>\n\n\n\n<p>Al ser retenido fue golpeado y encerrado en las oficinas de la agencia municipal, pero de ah\u00ed fue llevado a la c\u00e1rcel comunitaria donde permaneci\u00f3 hasta esta tarde.<\/p>\n\n\n\n<figure class=\"wp-block-image size-full\"><img loading=\"lazy\" decoding=\"async\" width=\"507\" height=\"633\" src=\"https:\/\/www.bbmnoticias.com\/labravaradiofm\/wp-content\/uploads\/sites\/5\/2022\/01\/presi-retenido.jpg\" alt=\"\" class=\"wp-image-8168\" srcset=\"https:\/\/www.bbmnoticias.com\/labravaradiofm\/wp-content\/uploads\/sites\/5\/2022\/01\/presi-retenido.jpg 507w, https:\/\/www.bbmnoticias.com\/labravaradiofm\/wp-content\/uploads\/sites\/5\/2022\/01\/presi-retenido-240x300.jpg 240w, https:\/\/www.bbmnoticias.com\/labravaradiofm\/wp-content\/uploads\/sites\/5\/2022\/01\/presi-retenido-336x420.jpg 336w\" sizes=\"auto, (max-width: 507px) 100vw, 507px\" \/><\/figure>\n\n\n\n<p>Pese a la intervenci\u00f3n de algunas autoridades, al ex agente no se le liberaba porque se negaba a desistir de la denuncia que interpuso en contra de Isa\u00fal Mart\u00ednez Reyes auto nombrado agente municipal, Juan Carlos L\u00f3pez Gallegos presidente del comit\u00e9 de dignidad ciudadana de Rinc\u00f3n Moreno y el profesor David Rosado Desales y otras personas.<\/p>\n\n\n\n<p>Este jueves por la ma\u00f1ana sus familiares se manifestaron en las oficinas de la fiscal\u00eda local de Tehuantepec para pedirles su intervenci\u00f3n para lograr as\u00ed la liberaci\u00f3n.<\/p>\n","protected":false},"excerpt":{"rendered":"<p>Tehuantepec, Oaxaca. Esta tarde fue liberado el ex agente municipal de Rinc\u00f3n Moreno, Sergio M\u00e9ndez M\u00e9ndez, despu\u00e9s de permanecer retenido en su comunidad por m\u00e1s de 24 horas. El ex agente fue retenido desde ayer por la ma\u00f1ana por un grupo de pobladores de su comunidad, para exigirle a la Presidenta Municipal, Vilma Mart\u00ednez Cort\u00e9s, [&hellip;]<\/p>\n","protected":false},"author":3,"featured_media":8143,"comment_status":"closed","ping_status":"closed","sticky":false,"template":"","format":"standard","meta":{"footnotes":""},"categories":[2],"tags":[],"class_list":{"0":"post-8219","1":"post","2":"type-post","3":"status-publish","4":"format-standard","5":"has-post-thumbnail","7":"category-oaxaca"},"yoast_head":"<!-- This site is optimized with the Yoast SEO plugin v27.4 - https:\/\/yoast.com\/product\/yoast-seo-wordpress\/ -->\n<title>Liberan a ex agente municipal de Tehuantepec retenido por m\u00e1s de 24 horas en su comunidad - LA BRAVA RADIO<\/title>\n<meta name=\"robots\" content=\"index, follow, max-snippet:-1, max-image-preview:large, max-video-preview:-1\" \/>\n<link rel=\"canonical\" href=\"https:\/\/www.bbmnoticias.com\/labravaradiofm\/2022\/01\/06\/liberan-a-ex-agente-municipal-de-tehuantepec-retenido-por-mas-de-24-horas-en-su-comunidad\/\" \/>\n<meta property=\"og:locale\" content=\"es_MX\" \/>\n<meta property=\"og:type\" content=\"article\" \/>\n<meta property=\"og:title\" content=\"Liberan a ex agente municipal de Tehuantepec retenido por m\u00e1s de 24 horas en su comunidad - LA BRAVA RADIO\" \/>\n<meta property=\"og:description\" content=\"Tehuantepec, Oaxaca. Esta tarde fue liberado el ex agente municipal de Rinc\u00f3n Moreno, Sergio M\u00e9ndez M\u00e9ndez, despu\u00e9s de permanecer retenido en su comunidad por m\u00e1s de 24 horas. El ex agente fue retenido desde ayer por la ma\u00f1ana por un grupo de pobladores de su comunidad, para exigirle a la Presidenta Municipal, Vilma Mart\u00ednez Cort\u00e9s, [&hellip;]\" \/>\n<meta property=\"og:url\" content=\"https:\/\/www.bbmnoticias.com\/labravaradiofm\/2022\/01\/06\/liberan-a-ex-agente-municipal-de-tehuantepec-retenido-por-mas-de-24-horas-en-su-comunidad\/\" \/>\n<meta property=\"og:site_name\" content=\"LA BRAVA RADIO\" \/>\n<meta property=\"article:author\" content=\"https:\/\/www.facebook.com\/EdwinMeneses30\" \/>\n<meta property=\"article:published_time\" content=\"2022-01-06T21:49:27+00:00\" \/>\n<meta property=\"article:modified_time\" content=\"2022-01-06T21:49:28+00:00\" \/>\n<meta property=\"og:image\" content=\"https:\/\/www.bbmnoticias.com\/labravaradiofm\/wp-content\/uploads\/sites\/5\/2022\/01\/IMG-20220105-WA0000.jpg\" \/>\n\t<meta property=\"og:image:width\" content=\"604\" \/>\n\t<meta property=\"og:image:height\" content=\"594\" \/>\n\t<meta property=\"og:image:type\" content=\"image\/jpeg\" \/>\n<meta name=\"author\" content=\"Edwin MENESES\" \/>\n<meta name=\"twitter:card\" content=\"summary_large_image\" \/>\n<meta name=\"twitter:creator\" content=\"@https:\/\/twitter.com\/edwin_meneses81\" \/>\n<meta name=\"twitter:label1\" content=\"Escrito por\" \/>\n\t<meta name=\"twitter:data1\" content=\"Edwin MENESES\" \/>\n\t<meta name=\"twitter:label2\" content=\"Tiempo de lectura\" \/>\n\t<meta name=\"twitter:data2\" content=\"2 minutos\" \/>\n<script type=\"application\/ld+json\" class=\"yoast-schema-graph\">{\"@context\":\"https:\\\/\\\/schema.org\",\"@graph\":[{\"@type\":\"Article\",\"@id\":\"https:\\\/\\\/www.bbmnoticias.com\\\/labravaradiofm\\\/2022\\\/01\\\/06\\\/liberan-a-ex-agente-municipal-de-tehuantepec-retenido-por-mas-de-24-horas-en-su-comunidad\\\/#article\",\"isPartOf\":{\"@id\":\"https:\\\/\\\/www.bbmnoticias.com\\\/labravaradiofm\\\/2022\\\/01\\\/06\\\/liberan-a-ex-agente-municipal-de-tehuantepec-retenido-por-mas-de-24-horas-en-su-comunidad\\\/\"},\"author\":{\"name\":\"Edwin MENESES\",\"@id\":\"https:\\\/\\\/www.bbmnoticias.com\\\/labravaradiofm\\\/#\\\/schema\\\/person\\\/9b02a4c779df75b578b6413d0d44d6b6\"},\"headline\":\"Liberan a ex agente municipal de Tehuantepec retenido por m\u00e1s de 24 horas en su comunidad\",\"datePublished\":\"2022-01-06T21:49:27+00:00\",\"dateModified\":\"2022-01-06T21:49:28+00:00\",\"mainEntityOfPage\":{\"@id\":\"https:\\\/\\\/www.bbmnoticias.com\\\/labravaradiofm\\\/2022\\\/01\\\/06\\\/liberan-a-ex-agente-municipal-de-tehuantepec-retenido-por-mas-de-24-horas-en-su-comunidad\\\/\"},\"wordCount\":213,\"image\":{\"@id\":\"https:\\\/\\\/www.bbmnoticias.com\\\/labravaradiofm\\\/2022\\\/01\\\/06\\\/liberan-a-ex-agente-municipal-de-tehuantepec-retenido-por-mas-de-24-horas-en-su-comunidad\\\/#primaryimage\"},\"thumbnailUrl\":\"https:\\\/\\\/www.bbmnoticias.com\\\/labravaradiofm\\\/wp-content\\\/uploads\\\/sites\\\/5\\\/2022\\\/01\\\/IMG-20220105-WA0000.jpg\",\"articleSection\":[\"LOCAL\"],\"inLanguage\":\"es\"},{\"@type\":\"WebPage\",\"@id\":\"https:\\\/\\\/www.bbmnoticias.com\\\/labravaradiofm\\\/2022\\\/01\\\/06\\\/liberan-a-ex-agente-municipal-de-tehuantepec-retenido-por-mas-de-24-horas-en-su-comunidad\\\/\",\"url\":\"https:\\\/\\\/www.bbmnoticias.com\\\/labravaradiofm\\\/2022\\\/01\\\/06\\\/liberan-a-ex-agente-municipal-de-tehuantepec-retenido-por-mas-de-24-horas-en-su-comunidad\\\/\",\"name\":\"Liberan a ex agente municipal de Tehuantepec retenido por m\u00e1s de 24 horas en su comunidad - LA BRAVA RADIO\",\"isPartOf\":{\"@id\":\"https:\\\/\\\/www.bbmnoticias.com\\\/labravaradiofm\\\/#website\"},\"primaryImageOfPage\":{\"@id\":\"https:\\\/\\\/www.bbmnoticias.com\\\/labravaradiofm\\\/2022\\\/01\\\/06\\\/liberan-a-ex-agente-municipal-de-tehuantepec-retenido-por-mas-de-24-horas-en-su-comunidad\\\/#primaryimage\"},\"image\":{\"@id\":\"https:\\\/\\\/www.bbmnoticias.com\\\/labravaradiofm\\\/2022\\\/01\\\/06\\\/liberan-a-ex-agente-municipal-de-tehuantepec-retenido-por-mas-de-24-horas-en-su-comunidad\\\/#primaryimage\"},\"thumbnailUrl\":\"https:\\\/\\\/www.bbmnoticias.com\\\/labravaradiofm\\\/wp-content\\\/uploads\\\/sites\\\/5\\\/2022\\\/01\\\/IMG-20220105-WA0000.jpg\",\"datePublished\":\"2022-01-06T21:49:27+00:00\",\"dateModified\":\"2022-01-06T21:49:28+00:00\",\"author\":{\"@id\":\"https:\\\/\\\/www.bbmnoticias.com\\\/labravaradiofm\\\/#\\\/schema\\\/person\\\/9b02a4c779df75b578b6413d0d44d6b6\"},\"breadcrumb\":{\"@id\":\"https:\\\/\\\/www.bbmnoticias.com\\\/labravaradiofm\\\/2022\\\/01\\\/06\\\/liberan-a-ex-agente-municipal-de-tehuantepec-retenido-por-mas-de-24-horas-en-su-comunidad\\\/#breadcrumb\"},\"inLanguage\":\"es\",\"potentialAction\":[{\"@type\":\"ReadAction\",\"target\":[\"https:\\\/\\\/www.bbmnoticias.com\\\/labravaradiofm\\\/2022\\\/01\\\/06\\\/liberan-a-ex-agente-municipal-de-tehuantepec-retenido-por-mas-de-24-horas-en-su-comunidad\\\/\"]}]},{\"@type\":\"ImageObject\",\"inLanguage\":\"es\",\"@id\":\"https:\\\/\\\/www.bbmnoticias.com\\\/labravaradiofm\\\/2022\\\/01\\\/06\\\/liberan-a-ex-agente-municipal-de-tehuantepec-retenido-por-mas-de-24-horas-en-su-comunidad\\\/#primaryimage\",\"url\":\"https:\\\/\\\/www.bbmnoticias.com\\\/labravaradiofm\\\/wp-content\\\/uploads\\\/sites\\\/5\\\/2022\\\/01\\\/IMG-20220105-WA0000.jpg\",\"contentUrl\":\"https:\\\/\\\/www.bbmnoticias.com\\\/labravaradiofm\\\/wp-content\\\/uploads\\\/sites\\\/5\\\/2022\\\/01\\\/IMG-20220105-WA0000.jpg\",\"width\":604,\"height\":594},{\"@type\":\"BreadcrumbList\",\"@id\":\"https:\\\/\\\/www.bbmnoticias.com\\\/labravaradiofm\\\/2022\\\/01\\\/06\\\/liberan-a-ex-agente-municipal-de-tehuantepec-retenido-por-mas-de-24-horas-en-su-comunidad\\\/#breadcrumb\",\"itemListElement\":[{\"@type\":\"ListItem\",\"position\":1,\"name\":\"Inicio\",\"item\":\"https:\\\/\\\/www.bbmnoticias.com\\\/labravaradiofm\\\/\"},{\"@type\":\"ListItem\",\"position\":2,\"name\":\"Liberan a ex agente municipal de Tehuantepec retenido por m\u00e1s de 24 horas en su comunidad\"}]},{\"@type\":\"WebSite\",\"@id\":\"https:\\\/\\\/www.bbmnoticias.com\\\/labravaradiofm\\\/#website\",\"url\":\"https:\\\/\\\/www.bbmnoticias.com\\\/labravaradiofm\\\/\",\"name\":\"LA BRAVA RADIO\",\"description\":\"Empresa productora de medios, Radiodifusi\u00f3n, Noticias, tendencias y todo lo que necesitas saber de la pol\u00edtica mexicana e internacional; entretenimiento, espect\u00e1culos, salud y mucho m\u00e1s.\",\"potentialAction\":[{\"@type\":\"SearchAction\",\"target\":{\"@type\":\"EntryPoint\",\"urlTemplate\":\"https:\\\/\\\/www.bbmnoticias.com\\\/labravaradiofm\\\/?s={search_term_string}\"},\"query-input\":{\"@type\":\"PropertyValueSpecification\",\"valueRequired\":true,\"valueName\":\"search_term_string\"}}],\"inLanguage\":\"es\"},{\"@type\":\"Person\",\"@id\":\"https:\\\/\\\/www.bbmnoticias.com\\\/labravaradiofm\\\/#\\\/schema\\\/person\\\/9b02a4c779df75b578b6413d0d44d6b6\",\"name\":\"Edwin MENESES\",\"image\":{\"@type\":\"ImageObject\",\"inLanguage\":\"es\",\"@id\":\"https:\\\/\\\/secure.gravatar.com\\\/avatar\\\/202a15439445248653d719ff745fa195bcc0553404b070fe317543754f253c4f?s=96&d=mm&r=g\",\"url\":\"https:\\\/\\\/secure.gravatar.com\\\/avatar\\\/202a15439445248653d719ff745fa195bcc0553404b070fe317543754f253c4f?s=96&d=mm&r=g\",\"contentUrl\":\"https:\\\/\\\/secure.gravatar.com\\\/avatar\\\/202a15439445248653d719ff745fa195bcc0553404b070fe317543754f253c4f?s=96&d=mm&r=g\",\"caption\":\"Edwin MENESES\"},\"sameAs\":[\"https:\\\/\\\/www.bbmnoticias.com\",\"https:\\\/\\\/www.facebook.com\\\/EdwinMeneses30\",\"https:\\\/\\\/x.com\\\/https:\\\/\\\/twitter.com\\\/edwin_meneses81\"],\"url\":\"https:\\\/\\\/www.bbmnoticias.com\\\/labravaradiofm\\\/author\\\/edwin\\\/\"}]}<\/script>\n<!-- \/ Yoast SEO plugin. -->","yoast_head_json":{"title":"Liberan a ex agente municipal de Tehuantepec retenido por m\u00e1s de 24 horas en su comunidad - LA BRAVA RADIO","robots":{"index":"index","follow":"follow","max-snippet":"max-snippet:-1","max-image-preview":"max-image-preview:large","max-video-preview":"max-video-preview:-1"},"canonical":"https:\/\/www.bbmnoticias.com\/labravaradiofm\/2022\/01\/06\/liberan-a-ex-agente-municipal-de-tehuantepec-retenido-por-mas-de-24-horas-en-su-comunidad\/","og_locale":"es_MX","og_type":"article","og_title":"Liberan a ex agente municipal de Tehuantepec retenido por m\u00e1s de 24 horas en su comunidad - LA BRAVA RADIO","og_description":"Tehuantepec, Oaxaca. Esta tarde fue liberado el ex agente municipal de Rinc\u00f3n Moreno, Sergio M\u00e9ndez M\u00e9ndez, despu\u00e9s de permanecer retenido en su comunidad por m\u00e1s de 24 horas. El ex agente fue retenido desde ayer por la ma\u00f1ana por un grupo de pobladores de su comunidad, para exigirle a la Presidenta Municipal, Vilma Mart\u00ednez Cort\u00e9s, [&hellip;]","og_url":"https:\/\/www.bbmnoticias.com\/labravaradiofm\/2022\/01\/06\/liberan-a-ex-agente-municipal-de-tehuantepec-retenido-por-mas-de-24-horas-en-su-comunidad\/","og_site_name":"LA BRAVA RADIO","article_author":"https:\/\/www.facebook.com\/EdwinMeneses30","article_published_time":"2022-01-06T21:49:27+00:00","article_modified_time":"2022-01-06T21:49:28+00:00","og_image":[{"width":604,"height":594,"url":"https:\/\/www.bbmnoticias.com\/labravaradiofm\/wp-content\/uploads\/sites\/5\/2022\/01\/IMG-20220105-WA0000.jpg","type":"image\/jpeg"}],"author":"Edwin MENESES","twitter_card":"summary_large_image","twitter_creator":"@https:\/\/twitter.com\/edwin_meneses81","twitter_misc":{"Escrito por":"Edwin MENESES","Tiempo de lectura":"2 minutos"},"schema":{"@context":"https:\/\/schema.org","@graph":[{"@type":"Article","@id":"https:\/\/www.bbmnoticias.com\/labravaradiofm\/2022\/01\/06\/liberan-a-ex-agente-municipal-de-tehuantepec-retenido-por-mas-de-24-horas-en-su-comunidad\/#article","isPartOf":{"@id":"https:\/\/www.bbmnoticias.com\/labravaradiofm\/2022\/01\/06\/liberan-a-ex-agente-municipal-de-tehuantepec-retenido-por-mas-de-24-horas-en-su-comunidad\/"},"author":{"name":"Edwin MENESES","@id":"https:\/\/www.bbmnoticias.com\/labravaradiofm\/#\/schema\/person\/9b02a4c779df75b578b6413d0d44d6b6"},"headline":"Liberan a ex agente municipal de Tehuantepec retenido por m\u00e1s de 24 horas en su comunidad","datePublished":"2022-01-06T21:49:27+00:00","dateModified":"2022-01-06T21:49:28+00:00","mainEntityOfPage":{"@id":"https:\/\/www.bbmnoticias.com\/labravaradiofm\/2022\/01\/06\/liberan-a-ex-agente-municipal-de-tehuantepec-retenido-por-mas-de-24-horas-en-su-comunidad\/"},"wordCount":213,"image":{"@id":"https:\/\/www.bbmnoticias.com\/labravaradiofm\/2022\/01\/06\/liberan-a-ex-agente-municipal-de-tehuantepec-retenido-por-mas-de-24-horas-en-su-comunidad\/#primaryimage"},"thumbnailUrl":"https:\/\/www.bbmnoticias.com\/labravaradiofm\/wp-content\/uploads\/sites\/5\/2022\/01\/IMG-20220105-WA0000.jpg","articleSection":["LOCAL"],"inLanguage":"es"},{"@type":"WebPage","@id":"https:\/\/www.bbmnoticias.com\/labravaradiofm\/2022\/01\/06\/liberan-a-ex-agente-municipal-de-tehuantepec-retenido-por-mas-de-24-horas-en-su-comunidad\/","url":"https:\/\/www.bbmnoticias.com\/labravaradiofm\/2022\/01\/06\/liberan-a-ex-agente-municipal-de-tehuantepec-retenido-por-mas-de-24-horas-en-su-comunidad\/","name":"Liberan a ex agente municipal de Tehuantepec retenido por m\u00e1s de 24 horas en su comunidad - LA BRAVA RADIO","isPartOf":{"@id":"https:\/\/www.bbmnoticias.com\/labravaradiofm\/#website"},"primaryImageOfPage":{"@id":"https:\/\/www.bbmnoticias.com\/labravaradiofm\/2022\/01\/06\/liberan-a-ex-agente-municipal-de-tehuantepec-retenido-por-mas-de-24-horas-en-su-comunidad\/#primaryimage"},"image":{"@id":"https:\/\/www.bbmnoticias.com\/labravaradiofm\/2022\/01\/06\/liberan-a-ex-agente-municipal-de-tehuantepec-retenido-por-mas-de-24-horas-en-su-comunidad\/#primaryimage"},"thumbnailUrl":"https:\/\/www.bbmnoticias.com\/labravaradiofm\/wp-content\/uploads\/sites\/5\/2022\/01\/IMG-20220105-WA0000.jpg","datePublished":"2022-01-06T21:49:27+00:00","dateModified":"2022-01-06T21:49:28+00:00","author":{"@id":"https:\/\/www.bbmnoticias.com\/labravaradiofm\/#\/schema\/person\/9b02a4c779df75b578b6413d0d44d6b6"},"breadcrumb":{"@id":"https:\/\/www.bbmnoticias.com\/labravaradiofm\/2022\/01\/06\/liberan-a-ex-agente-municipal-de-tehuantepec-retenido-por-mas-de-24-horas-en-su-comunidad\/#breadcrumb"},"inLanguage":"es","potentialAction":[{"@type":"ReadAction","target":["https:\/\/www.bbmnoticias.com\/labravaradiofm\/2022\/01\/06\/liberan-a-ex-agente-municipal-de-tehuantepec-retenido-por-mas-de-24-horas-en-su-comunidad\/"]}]},{"@type":"ImageObject","inLanguage":"es","@id":"https:\/\/www.bbmnoticias.com\/labravaradiofm\/2022\/01\/06\/liberan-a-ex-agente-municipal-de-tehuantepec-retenido-por-mas-de-24-horas-en-su-comunidad\/#primaryimage","url":"https:\/\/www.bbmnoticias.com\/labravaradiofm\/wp-content\/uploads\/sites\/5\/2022\/01\/IMG-20220105-WA0000.jpg","contentUrl":"https:\/\/www.bbmnoticias.com\/labravaradiofm\/wp-content\/uploads\/sites\/5\/2022\/01\/IMG-20220105-WA0000.jpg","width":604,"height":594},{"@type":"BreadcrumbList","@id":"https:\/\/www.bbmnoticias.com\/labravaradiofm\/2022\/01\/06\/liberan-a-ex-agente-municipal-de-tehuantepec-retenido-por-mas-de-24-horas-en-su-comunidad\/#breadcrumb","itemListElement":[{"@type":"ListItem","position":1,"name":"Inicio","item":"https:\/\/www.bbmnoticias.com\/labravaradiofm\/"},{"@type":"ListItem","position":2,"name":"Liberan a ex agente municipal de Tehuantepec retenido por m\u00e1s de 24 horas en su comunidad"}]},{"@type":"WebSite","@id":"https:\/\/www.bbmnoticias.com\/labravaradiofm\/#website","url":"https:\/\/www.bbmnoticias.com\/labravaradiofm\/","name":"LA BRAVA RADIO","description":"Empresa productora de medios, Radiodifusi\u00f3n, Noticias, tendencias y todo lo que necesitas saber de la pol\u00edtica mexicana e internacional; entretenimiento, espect\u00e1culos, salud y mucho m\u00e1s.","potentialAction":[{"@type":"SearchAction","target":{"@type":"EntryPoint","urlTemplate":"https:\/\/www.bbmnoticias.com\/labravaradiofm\/?s={search_term_string}"},"query-input":{"@type":"PropertyValueSpecification","valueRequired":true,"valueName":"search_term_string"}}],"inLanguage":"es"},{"@type":"Person","@id":"https:\/\/www.bbmnoticias.com\/labravaradiofm\/#\/schema\/person\/9b02a4c779df75b578b6413d0d44d6b6","name":"Edwin MENESES","image":{"@type":"ImageObject","inLanguage":"es","@id":"https:\/\/secure.gravatar.com\/avatar\/202a15439445248653d719ff745fa195bcc0553404b070fe317543754f253c4f?s=96&d=mm&r=g","url":"https:\/\/secure.gravatar.com\/avatar\/202a15439445248653d719ff745fa195bcc0553404b070fe317543754f253c4f?s=96&d=mm&r=g","contentUrl":"https:\/\/secure.gravatar.com\/avatar\/202a15439445248653d719ff745fa195bcc0553404b070fe317543754f253c4f?s=96&d=mm&r=g","caption":"Edwin MENESES"},"sameAs":["https:\/\/www.bbmnoticias.com","https:\/\/www.facebook.com\/EdwinMeneses30","https:\/\/x.com\/https:\/\/twitter.com\/edwin_meneses81"],"url":"https:\/\/www.bbmnoticias.com\/labravaradiofm\/author\/edwin\/"}]}},"_links":{"self":[{"href":"https:\/\/www.bbmnoticias.com\/labravaradiofm\/wp-json\/wp\/v2\/posts\/8219","targetHints":{"allow":["GET"]}}],"collection":[{"href":"https:\/\/www.bbmnoticias.com\/labravaradiofm\/wp-json\/wp\/v2\/posts"}],"about":[{"href":"https:\/\/www.bbmnoticias.com\/labravaradiofm\/wp-json\/wp\/v2\/types\/post"}],"author":[{"embeddable":true,"href":"https:\/\/www.bbmnoticias.com\/labravaradiofm\/wp-json\/wp\/v2\/users\/3"}],"replies":[{"embeddable":true,"href":"https:\/\/www.bbmnoticias.com\/labravaradiofm\/wp-json\/wp\/v2\/comments?post=8219"}],"version-history":[{"count":0,"href":"https:\/\/www.bbmnoticias.com\/labravaradiofm\/wp-json\/wp\/v2\/posts\/8219\/revisions"}],"wp:featuredmedia":[{"embeddable":true,"href":"https:\/\/www.bbmnoticias.com\/labravaradiofm\/wp-json\/wp\/v2\/media\/8143"}],"wp:attachment":[{"href":"https:\/\/www.bbmnoticias.com\/labravaradiofm\/wp-json\/wp\/v2\/media?parent=8219"}],"wp:term":[{"taxonomy":"category","embeddable":true,"href":"https:\/\/www.bbmnoticias.com\/labravaradiofm\/wp-json\/wp\/v2\/categories?post=8219"},{"taxonomy":"post_tag","embeddable":true,"href":"https:\/\/www.bbmnoticias.com\/labravaradiofm\/wp-json\/wp\/v2\/tags?post=8219"}],"curies":[{"name":"wp","href":"https:\/\/api.w.org\/{rel}","templated":true}]}}