{"id":8207,"date":"2022-01-06T13:50:15","date_gmt":"2022-01-06T19:50:15","guid":{"rendered":"https:\/\/www.bbmnoticias.com\/labravaradiofm\/?p=8207"},"modified":"2022-01-06T14:29:21","modified_gmt":"2022-01-06T20:29:21","slug":"rinde-homenaje-murat-a-16-enfermeras-fallecidas-durante-la-pandemia","status":"publish","type":"post","link":"https:\/\/www.bbmnoticias.com\/labravaradiofm\/2022\/01\/06\/rinde-homenaje-murat-a-16-enfermeras-fallecidas-durante-la-pandemia\/","title":{"rendered":"Oaxaca reconoce el compromiso y vocaci\u00f3n de servicio de los profesionales en enfermer\u00eda: AMH"},"content":{"rendered":"<div style=\"margin-top: 0px; margin-bottom: 0px;\" class=\"sharethis-inline-share-buttons\" ><\/div>\n<p><strong>Oaxaca de Ju\u00e1rez, Oax., 06 de enero de 2022.-<\/strong> En el marco del D\u00eda de la y el Enfermero en M\u00e9xico que se conmemora este jueves, el gobernador Alejandro Murat Hinojosa tom\u00f3 protesta a las y los integrantes de la Comisi\u00f3n Permanente de Enfermer\u00eda del Estado de Oaxaca, el cual tendr\u00e1 el objetivo de conducir y analizar las actividades que se emprenden en materia de enfermer\u00eda, as\u00ed como contribuir al mejoramiento de la calidad y eficiencia de los servicios de atenci\u00f3n a la salud.<\/p>\n\n\n\n<p>El evento fue realizado en el Palacio de Gobierno, donde en compa\u00f1\u00eda del presidente de dicha comisi\u00f3n, el tambi\u00e9n secretario de Salud, Juan Carlos M\u00e1rquez Heine, el Mandatario Estatal extern\u00f3 que las y los profesionales de la enfermer\u00eda han sido las hero\u00ednas y los h\u00e9roes indiscutibles que merecen nuestro reconocimiento eterno, pues desde hace m\u00e1s de dos a\u00f1os enfrentan una gran batalla por la salud y la vida debido a la pandemia del Covid-19, que ha tra\u00eddo millones de p\u00e9rdidas de vidas humanas y m\u00faltiples da\u00f1os colaterales en todo el mundo.<\/p>\n\n\n\n<p>Es muy importante para m\u00ed estar hoy aqu\u00ed con ustedes \u2013enfatiz\u00f3 Murat Hinojosa- para agradecerles a nombre de todo el pueblo de Oaxaca, pero tambi\u00e9n para recordar y honrar la memoria de quienes, desafortunadamente, perdieron la vida salvando la de los dem\u00e1s. Y reconocer tambi\u00e9n a la plantilla de m\u00e1s de 8 mil 600 trabajadores de enfermer\u00eda que diariamente le entregan su tiempo y sus energ\u00edas al sistema de salud de nuestro estado.\u00a0<\/p>\n\n\n\n<figure class=\"wp-block-embed is-type-rich is-provider-twitter wp-block-embed-twitter\"><div class=\"wp-block-embed__wrapper\">\n<blockquote class=\"twitter-tweet\" data-width=\"550\" data-dnt=\"true\"><p lang=\"es\" dir=\"ltr\">Ustedes son ejemplo de vocaci\u00f3n y humanismo; en Palacio de Gobierno, tomamos protesta a la Comisi\u00f3n Permanente de Enfermer\u00eda del Estado de Oaxaca. Seguiremos trabajando en equipo, por la salud de las y los oaxaque\u00f1os. <a href=\"https:\/\/t.co\/Ud00Lgz9wV\">pic.twitter.com\/Ud00Lgz9wV<\/a><\/p>&mdash; Alejandro Murat (@alejandromurat) <a href=\"https:\/\/twitter.com\/alejandromurat\/status\/1479152147275010049?ref_src=twsrc%5Etfw\">January 6, 2022<\/a><\/blockquote><script async src=\"https:\/\/platform.twitter.com\/widgets.js\" charset=\"utf-8\"><\/script>\n<\/div><\/figure>\n\n\n\n<p>\u201cQuiero decirles desde aqu\u00ed a todas y todos, sin excepci\u00f3n, que Oaxaca les reconoce y les agradece infinitamente su compromiso y su vocaci\u00f3n de servicio. El 2021 no fue peor gracias a ustedes que acompa\u00f1aron no s\u00f3lo a los enfermos sino tambi\u00e9n a sus familias y si este 2022 va a ser mejor, ser\u00e1 gracias tambi\u00e9n a ustedes porque ustedes previenen, ustedes cuidan, ustedes curan y ustedes est\u00e1n vacunando al pueblo de Oaxaca\u201d, agreg\u00f3.<\/p>\n\n\n\n<p>En este contexto, Murat Hinojosa destac\u00f3 el compromiso \u00e9tico de las y los enfermeros, sus valores y su coraz\u00f3n, val\u00eda que se transforma tambi\u00e9n en liderazgo, lo que mantiene a flote la esperanza y fortaleza en la sociedad. \u201cEn mi administraci\u00f3n ha habido muchas tragedias como el sismo del 2017 que afect\u00f3 a familias oaxaque\u00f1as y en las que contamos con el respaldo de los m\u00e9dicos y enfermeras que no dejaron de atender a la poblaci\u00f3n y que en la pandemia tambi\u00e9n externaron su respaldo al gobierno y pueblo de Oaxaca\u201d, destac\u00f3.<\/p>\n\n\n\n<p>Record\u00f3 que el a\u00f1o pasado tuvo que tomar decisiones que lastimaron familias del sector salud y como gobernador hizo un compromiso de consolidar un sistema de salud que respaldara a sus familias y las de Oaxaca.<\/p>\n\n\n\n<p>\u201cLa realidad es que recibimos un sector salud por culpa de malas decisiones en el pasado, situaci\u00f3n que no nos dejaba atender la relaci\u00f3n laboral, la salud y las instalaciones del sector de salud debido al d\u00e9ficit de 1600 millones de pesos, aunado a otras irregularidades que se enfrentaban en los hospitales que requer\u00edan cobertura presupuestal de la administraci\u00f3n estatal\u201d, record\u00f3 al refrendar que su gobierno trabaja para transformar las condiciones de las familias que les permitan avanzar y en equipo con los profesionales de la salud, a quienes invit\u00f3 a mantenerse vigilantes de la correcta administraci\u00f3n de los recursos en la materia.<\/p>\n\n\n\n<p>En su participaci\u00f3n, el secretario de Salud, Juan Carlos M\u00e1rquez Heine dio a conocer las bases que fundamentan a esta comisi\u00f3n, a trav\u00e9s de la cual se mantendr\u00e1n vigilantes de que se logre una adecuada utilizaci\u00f3n del potencial profesional y en consecuencia el reconocimiento a su desarrollo y su alto nivel de competencia; de ah\u00ed la importancia que converjan los diferentes actores de instituciones p\u00fablicas de salud, instituciones educativas y asociaciones civiles invitadas para construir un mejor entorno en el est\u00e1ndar de prestaci\u00f3n de los servicios a la poblaci\u00f3n y a su dignidad humana.<\/p>\n\n\n\n<p>A su vez, la jefa de la Unidad de Enfermer\u00eda de los Servicios de Salud de Oaxaca, Virginia S\u00e1nchez R\u00edos extern\u00f3 su agradecimiento al Mandatario Estatal por ser un aliado para las y los enfermeros de Oaxaca, un excelente equipo de profesionales que \u2013dijo- cuentan con grados acad\u00e9micos para atender los cuidados de la salud de las y los oaxaque\u00f1os.<\/p>\n\n\n\n<p>Cabe se\u00f1alar que la Comisi\u00f3n Permanente de Enfermer\u00eda del Estado de Oaxaca sesionar\u00e1 de manera ordinaria al menos tres veces al a\u00f1o y de manera extraordinaria cuando las convoque el presidente. Tendr\u00e1 como principales atribuciones: proponer las pol\u00edticas, esquemas e instrumentos para el ejercicio de la enfermer\u00eda, fungir como instancia integradora de los diversos mecanismos y programas de los servicios de salud, as\u00ed como promover el cumplimiento de la normatividad para la operaci\u00f3n de los servicios de enfermer\u00eda y participar en la integraci\u00f3n del Sistema de Evaluaci\u00f3n de la Calidad de los Servicios de Salud.<\/p>\n\n\n\n<p>Al evento asistieron como invitados especiales la presidenta del Colegio de Enfermeras de Oaxaca, Elodia Santos Ram\u00edrez Navarro; el subdirector General de Innovaci\u00f3n y Calidad le los SSO, H\u00e9ctor Matus Santiago y la directora de Atenci\u00f3n M\u00e9dico, Fabiola V\u00e1squez Celaya.&nbsp;<\/p>\n\n\n\n<p>Mientras que el templete de honor estuvo integrado por la jefa de Enfermeras del Hospital Militar de Zona No. 28, Patricia Conde Rivera; el subdirector de Enfermeras del Hospital Naval Militar de la Secretaria de Marina de Salina Cruz, Octavio Salas Contreras y la supervisora de Enfermer\u00eda del Hospital General de Petr\u00f3leos Mexicanos, Roselia Guzm\u00e1n Pineda.<\/p>\n\n\n\n<p>Adem\u00e1s de la coordinadora Delegacional de Enfermer\u00eda del Instituto Mexicano del Seguro Social, Yolanda Irma Mart\u00ednez Luna; la encargada de la Coordinaci\u00f3n Delegacional de Enfermer\u00eda del Instituto de Seguridad y Servicios Sociales de los Trabajadores del Estado, Otilia Ju\u00e1rez Cort\u00e9s y el jefe de Enfermer\u00eda de la Casa Hogar \u201cLos Tamayo\u201d del Sistema para el Desarrollo Integral de la Familia en Oaxaca, Marcos G\u00f3mez Cruz.<\/p>\n\n\n\n<p><\/p>\n\n\n\n<p><\/p>\n","protected":false},"excerpt":{"rendered":"<p>Oaxaca de Ju\u00e1rez, Oax., 06 de enero de 2022.- En el marco del D\u00eda de la y el Enfermero en M\u00e9xico que se conmemora este jueves, el gobernador Alejandro Murat Hinojosa tom\u00f3 protesta a las y los integrantes de la Comisi\u00f3n Permanente de Enfermer\u00eda del Estado de Oaxaca, el cual tendr\u00e1 el objetivo de conducir [&hellip;]<\/p>\n","protected":false},"author":2,"featured_media":8208,"comment_status":"closed","ping_status":"closed","sticky":false,"template":"","format":"standard","meta":{"footnotes":""},"categories":[1],"tags":[],"class_list":{"0":"post-8207","1":"post","2":"type-post","3":"status-publish","4":"format-standard","5":"has-post-thumbnail","7":"category-sin-categoria"},"yoast_head":"<!-- This site is optimized with the Yoast SEO plugin v27.4 - https:\/\/yoast.com\/product\/yoast-seo-wordpress\/ -->\n<title>Oaxaca reconoce el compromiso y vocaci\u00f3n de servicio de los profesionales en enfermer\u00eda: AMH - LA BRAVA RADIO<\/title>\n<meta name=\"robots\" content=\"index, follow, max-snippet:-1, max-image-preview:large, max-video-preview:-1\" \/>\n<link rel=\"canonical\" href=\"https:\/\/www.bbmnoticias.com\/labravaradiofm\/2022\/01\/06\/rinde-homenaje-murat-a-16-enfermeras-fallecidas-durante-la-pandemia\/\" \/>\n<meta property=\"og:locale\" content=\"es_MX\" \/>\n<meta property=\"og:type\" content=\"article\" \/>\n<meta property=\"og:title\" content=\"Oaxaca reconoce el compromiso y vocaci\u00f3n de servicio de los profesionales en enfermer\u00eda: AMH - LA BRAVA RADIO\" \/>\n<meta property=\"og:description\" content=\"Oaxaca de Ju\u00e1rez, Oax., 06 de enero de 2022.- En el marco del D\u00eda de la y el Enfermero en M\u00e9xico que se conmemora este jueves, el gobernador Alejandro Murat Hinojosa tom\u00f3 protesta a las y los integrantes de la Comisi\u00f3n Permanente de Enfermer\u00eda del Estado de Oaxaca, el cual tendr\u00e1 el objetivo de conducir [&hellip;]\" \/>\n<meta property=\"og:url\" content=\"https:\/\/www.bbmnoticias.com\/labravaradiofm\/2022\/01\/06\/rinde-homenaje-murat-a-16-enfermeras-fallecidas-durante-la-pandemia\/\" \/>\n<meta property=\"og:site_name\" content=\"LA BRAVA RADIO\" \/>\n<meta property=\"article:published_time\" content=\"2022-01-06T19:50:15+00:00\" \/>\n<meta property=\"article:modified_time\" content=\"2022-01-06T20:29:21+00:00\" \/>\n<meta property=\"og:image\" content=\"https:\/\/www.bbmnoticias.com\/labravaradiofm\/wp-content\/uploads\/sites\/5\/2022\/01\/murat-enfermeras.jpg\" \/>\n\t<meta property=\"og:image:width\" content=\"1280\" \/>\n\t<meta property=\"og:image:height\" content=\"852\" \/>\n\t<meta property=\"og:image:type\" content=\"image\/jpeg\" \/>\n<meta name=\"author\" content=\"Staff\" \/>\n<meta name=\"twitter:card\" content=\"summary_large_image\" \/>\n<meta name=\"twitter:label1\" content=\"Escrito por\" \/>\n\t<meta name=\"twitter:data1\" content=\"Staff\" \/>\n\t<meta name=\"twitter:label2\" content=\"Tiempo de lectura\" \/>\n\t<meta name=\"twitter:data2\" content=\"5 minutos\" \/>\n<script type=\"application\/ld+json\" class=\"yoast-schema-graph\">{\"@context\":\"https:\\\/\\\/schema.org\",\"@graph\":[{\"@type\":\"Article\",\"@id\":\"https:\\\/\\\/www.bbmnoticias.com\\\/labravaradiofm\\\/2022\\\/01\\\/06\\\/rinde-homenaje-murat-a-16-enfermeras-fallecidas-durante-la-pandemia\\\/#article\",\"isPartOf\":{\"@id\":\"https:\\\/\\\/www.bbmnoticias.com\\\/labravaradiofm\\\/2022\\\/01\\\/06\\\/rinde-homenaje-murat-a-16-enfermeras-fallecidas-durante-la-pandemia\\\/\"},\"author\":{\"name\":\"Staff\",\"@id\":\"https:\\\/\\\/www.bbmnoticias.com\\\/labravaradiofm\\\/#\\\/schema\\\/person\\\/68a9e9036ef3c5b55aeb2b71dc8bab45\"},\"headline\":\"Oaxaca reconoce el compromiso y vocaci\u00f3n de servicio de los profesionales en enfermer\u00eda: AMH\",\"datePublished\":\"2022-01-06T19:50:15+00:00\",\"dateModified\":\"2022-01-06T20:29:21+00:00\",\"mainEntityOfPage\":{\"@id\":\"https:\\\/\\\/www.bbmnoticias.com\\\/labravaradiofm\\\/2022\\\/01\\\/06\\\/rinde-homenaje-murat-a-16-enfermeras-fallecidas-durante-la-pandemia\\\/\"},\"wordCount\":1068,\"image\":{\"@id\":\"https:\\\/\\\/www.bbmnoticias.com\\\/labravaradiofm\\\/2022\\\/01\\\/06\\\/rinde-homenaje-murat-a-16-enfermeras-fallecidas-durante-la-pandemia\\\/#primaryimage\"},\"thumbnailUrl\":\"https:\\\/\\\/www.bbmnoticias.com\\\/labravaradiofm\\\/wp-content\\\/uploads\\\/sites\\\/5\\\/2022\\\/01\\\/murat-enfermeras.jpg\",\"inLanguage\":\"es\"},{\"@type\":\"WebPage\",\"@id\":\"https:\\\/\\\/www.bbmnoticias.com\\\/labravaradiofm\\\/2022\\\/01\\\/06\\\/rinde-homenaje-murat-a-16-enfermeras-fallecidas-durante-la-pandemia\\\/\",\"url\":\"https:\\\/\\\/www.bbmnoticias.com\\\/labravaradiofm\\\/2022\\\/01\\\/06\\\/rinde-homenaje-murat-a-16-enfermeras-fallecidas-durante-la-pandemia\\\/\",\"name\":\"Oaxaca reconoce el compromiso y vocaci\u00f3n de servicio de los profesionales en enfermer\u00eda: AMH - LA BRAVA RADIO\",\"isPartOf\":{\"@id\":\"https:\\\/\\\/www.bbmnoticias.com\\\/labravaradiofm\\\/#website\"},\"primaryImageOfPage\":{\"@id\":\"https:\\\/\\\/www.bbmnoticias.com\\\/labravaradiofm\\\/2022\\\/01\\\/06\\\/rinde-homenaje-murat-a-16-enfermeras-fallecidas-durante-la-pandemia\\\/#primaryimage\"},\"image\":{\"@id\":\"https:\\\/\\\/www.bbmnoticias.com\\\/labravaradiofm\\\/2022\\\/01\\\/06\\\/rinde-homenaje-murat-a-16-enfermeras-fallecidas-durante-la-pandemia\\\/#primaryimage\"},\"thumbnailUrl\":\"https:\\\/\\\/www.bbmnoticias.com\\\/labravaradiofm\\\/wp-content\\\/uploads\\\/sites\\\/5\\\/2022\\\/01\\\/murat-enfermeras.jpg\",\"datePublished\":\"2022-01-06T19:50:15+00:00\",\"dateModified\":\"2022-01-06T20:29:21+00:00\",\"author\":{\"@id\":\"https:\\\/\\\/www.bbmnoticias.com\\\/labravaradiofm\\\/#\\\/schema\\\/person\\\/68a9e9036ef3c5b55aeb2b71dc8bab45\"},\"breadcrumb\":{\"@id\":\"https:\\\/\\\/www.bbmnoticias.com\\\/labravaradiofm\\\/2022\\\/01\\\/06\\\/rinde-homenaje-murat-a-16-enfermeras-fallecidas-durante-la-pandemia\\\/#breadcrumb\"},\"inLanguage\":\"es\",\"potentialAction\":[{\"@type\":\"ReadAction\",\"target\":[\"https:\\\/\\\/www.bbmnoticias.com\\\/labravaradiofm\\\/2022\\\/01\\\/06\\\/rinde-homenaje-murat-a-16-enfermeras-fallecidas-durante-la-pandemia\\\/\"]}]},{\"@type\":\"ImageObject\",\"inLanguage\":\"es\",\"@id\":\"https:\\\/\\\/www.bbmnoticias.com\\\/labravaradiofm\\\/2022\\\/01\\\/06\\\/rinde-homenaje-murat-a-16-enfermeras-fallecidas-durante-la-pandemia\\\/#primaryimage\",\"url\":\"https:\\\/\\\/www.bbmnoticias.com\\\/labravaradiofm\\\/wp-content\\\/uploads\\\/sites\\\/5\\\/2022\\\/01\\\/murat-enfermeras.jpg\",\"contentUrl\":\"https:\\\/\\\/www.bbmnoticias.com\\\/labravaradiofm\\\/wp-content\\\/uploads\\\/sites\\\/5\\\/2022\\\/01\\\/murat-enfermeras.jpg\",\"width\":1280,\"height\":852},{\"@type\":\"BreadcrumbList\",\"@id\":\"https:\\\/\\\/www.bbmnoticias.com\\\/labravaradiofm\\\/2022\\\/01\\\/06\\\/rinde-homenaje-murat-a-16-enfermeras-fallecidas-durante-la-pandemia\\\/#breadcrumb\",\"itemListElement\":[{\"@type\":\"ListItem\",\"position\":1,\"name\":\"Inicio\",\"item\":\"https:\\\/\\\/www.bbmnoticias.com\\\/labravaradiofm\\\/\"},{\"@type\":\"ListItem\",\"position\":2,\"name\":\"Oaxaca reconoce el compromiso y vocaci\u00f3n de servicio de los profesionales en enfermer\u00eda: AMH\"}]},{\"@type\":\"WebSite\",\"@id\":\"https:\\\/\\\/www.bbmnoticias.com\\\/labravaradiofm\\\/#website\",\"url\":\"https:\\\/\\\/www.bbmnoticias.com\\\/labravaradiofm\\\/\",\"name\":\"LA BRAVA RADIO\",\"description\":\"Empresa productora de medios, Radiodifusi\u00f3n, Noticias, tendencias y todo lo que necesitas saber de la pol\u00edtica mexicana e internacional; entretenimiento, espect\u00e1culos, salud y mucho m\u00e1s.\",\"potentialAction\":[{\"@type\":\"SearchAction\",\"target\":{\"@type\":\"EntryPoint\",\"urlTemplate\":\"https:\\\/\\\/www.bbmnoticias.com\\\/labravaradiofm\\\/?s={search_term_string}\"},\"query-input\":{\"@type\":\"PropertyValueSpecification\",\"valueRequired\":true,\"valueName\":\"search_term_string\"}}],\"inLanguage\":\"es\"},{\"@type\":\"Person\",\"@id\":\"https:\\\/\\\/www.bbmnoticias.com\\\/labravaradiofm\\\/#\\\/schema\\\/person\\\/68a9e9036ef3c5b55aeb2b71dc8bab45\",\"name\":\"Staff\",\"image\":{\"@type\":\"ImageObject\",\"inLanguage\":\"es\",\"@id\":\"https:\\\/\\\/secure.gravatar.com\\\/avatar\\\/fdd21ad66fd8b98c407f9dee5b5e588cfe7f0d8579ec20fa6527cd59bab7f0f0?s=96&d=mm&r=g\",\"url\":\"https:\\\/\\\/secure.gravatar.com\\\/avatar\\\/fdd21ad66fd8b98c407f9dee5b5e588cfe7f0d8579ec20fa6527cd59bab7f0f0?s=96&d=mm&r=g\",\"contentUrl\":\"https:\\\/\\\/secure.gravatar.com\\\/avatar\\\/fdd21ad66fd8b98c407f9dee5b5e588cfe7f0d8579ec20fa6527cd59bab7f0f0?s=96&d=mm&r=g\",\"caption\":\"Staff\"},\"url\":\"https:\\\/\\\/www.bbmnoticias.com\\\/labravaradiofm\\\/author\\\/redaccion\\\/\"}]}<\/script>\n<!-- \/ Yoast SEO plugin. -->","yoast_head_json":{"title":"Oaxaca reconoce el compromiso y vocaci\u00f3n de servicio de los profesionales en enfermer\u00eda: AMH - LA BRAVA RADIO","robots":{"index":"index","follow":"follow","max-snippet":"max-snippet:-1","max-image-preview":"max-image-preview:large","max-video-preview":"max-video-preview:-1"},"canonical":"https:\/\/www.bbmnoticias.com\/labravaradiofm\/2022\/01\/06\/rinde-homenaje-murat-a-16-enfermeras-fallecidas-durante-la-pandemia\/","og_locale":"es_MX","og_type":"article","og_title":"Oaxaca reconoce el compromiso y vocaci\u00f3n de servicio de los profesionales en enfermer\u00eda: AMH - LA BRAVA RADIO","og_description":"Oaxaca de Ju\u00e1rez, Oax., 06 de enero de 2022.- En el marco del D\u00eda de la y el Enfermero en M\u00e9xico que se conmemora este jueves, el gobernador Alejandro Murat Hinojosa tom\u00f3 protesta a las y los integrantes de la Comisi\u00f3n Permanente de Enfermer\u00eda del Estado de Oaxaca, el cual tendr\u00e1 el objetivo de conducir [&hellip;]","og_url":"https:\/\/www.bbmnoticias.com\/labravaradiofm\/2022\/01\/06\/rinde-homenaje-murat-a-16-enfermeras-fallecidas-durante-la-pandemia\/","og_site_name":"LA BRAVA RADIO","article_published_time":"2022-01-06T19:50:15+00:00","article_modified_time":"2022-01-06T20:29:21+00:00","og_image":[{"width":1280,"height":852,"url":"https:\/\/www.bbmnoticias.com\/labravaradiofm\/wp-content\/uploads\/sites\/5\/2022\/01\/murat-enfermeras.jpg","type":"image\/jpeg"}],"author":"Staff","twitter_card":"summary_large_image","twitter_misc":{"Escrito por":"Staff","Tiempo de lectura":"5 minutos"},"schema":{"@context":"https:\/\/schema.org","@graph":[{"@type":"Article","@id":"https:\/\/www.bbmnoticias.com\/labravaradiofm\/2022\/01\/06\/rinde-homenaje-murat-a-16-enfermeras-fallecidas-durante-la-pandemia\/#article","isPartOf":{"@id":"https:\/\/www.bbmnoticias.com\/labravaradiofm\/2022\/01\/06\/rinde-homenaje-murat-a-16-enfermeras-fallecidas-durante-la-pandemia\/"},"author":{"name":"Staff","@id":"https:\/\/www.bbmnoticias.com\/labravaradiofm\/#\/schema\/person\/68a9e9036ef3c5b55aeb2b71dc8bab45"},"headline":"Oaxaca reconoce el compromiso y vocaci\u00f3n de servicio de los profesionales en enfermer\u00eda: AMH","datePublished":"2022-01-06T19:50:15+00:00","dateModified":"2022-01-06T20:29:21+00:00","mainEntityOfPage":{"@id":"https:\/\/www.bbmnoticias.com\/labravaradiofm\/2022\/01\/06\/rinde-homenaje-murat-a-16-enfermeras-fallecidas-durante-la-pandemia\/"},"wordCount":1068,"image":{"@id":"https:\/\/www.bbmnoticias.com\/labravaradiofm\/2022\/01\/06\/rinde-homenaje-murat-a-16-enfermeras-fallecidas-durante-la-pandemia\/#primaryimage"},"thumbnailUrl":"https:\/\/www.bbmnoticias.com\/labravaradiofm\/wp-content\/uploads\/sites\/5\/2022\/01\/murat-enfermeras.jpg","inLanguage":"es"},{"@type":"WebPage","@id":"https:\/\/www.bbmnoticias.com\/labravaradiofm\/2022\/01\/06\/rinde-homenaje-murat-a-16-enfermeras-fallecidas-durante-la-pandemia\/","url":"https:\/\/www.bbmnoticias.com\/labravaradiofm\/2022\/01\/06\/rinde-homenaje-murat-a-16-enfermeras-fallecidas-durante-la-pandemia\/","name":"Oaxaca reconoce el compromiso y vocaci\u00f3n de servicio de los profesionales en enfermer\u00eda: AMH - LA BRAVA RADIO","isPartOf":{"@id":"https:\/\/www.bbmnoticias.com\/labravaradiofm\/#website"},"primaryImageOfPage":{"@id":"https:\/\/www.bbmnoticias.com\/labravaradiofm\/2022\/01\/06\/rinde-homenaje-murat-a-16-enfermeras-fallecidas-durante-la-pandemia\/#primaryimage"},"image":{"@id":"https:\/\/www.bbmnoticias.com\/labravaradiofm\/2022\/01\/06\/rinde-homenaje-murat-a-16-enfermeras-fallecidas-durante-la-pandemia\/#primaryimage"},"thumbnailUrl":"https:\/\/www.bbmnoticias.com\/labravaradiofm\/wp-content\/uploads\/sites\/5\/2022\/01\/murat-enfermeras.jpg","datePublished":"2022-01-06T19:50:15+00:00","dateModified":"2022-01-06T20:29:21+00:00","author":{"@id":"https:\/\/www.bbmnoticias.com\/labravaradiofm\/#\/schema\/person\/68a9e9036ef3c5b55aeb2b71dc8bab45"},"breadcrumb":{"@id":"https:\/\/www.bbmnoticias.com\/labravaradiofm\/2022\/01\/06\/rinde-homenaje-murat-a-16-enfermeras-fallecidas-durante-la-pandemia\/#breadcrumb"},"inLanguage":"es","potentialAction":[{"@type":"ReadAction","target":["https:\/\/www.bbmnoticias.com\/labravaradiofm\/2022\/01\/06\/rinde-homenaje-murat-a-16-enfermeras-fallecidas-durante-la-pandemia\/"]}]},{"@type":"ImageObject","inLanguage":"es","@id":"https:\/\/www.bbmnoticias.com\/labravaradiofm\/2022\/01\/06\/rinde-homenaje-murat-a-16-enfermeras-fallecidas-durante-la-pandemia\/#primaryimage","url":"https:\/\/www.bbmnoticias.com\/labravaradiofm\/wp-content\/uploads\/sites\/5\/2022\/01\/murat-enfermeras.jpg","contentUrl":"https:\/\/www.bbmnoticias.com\/labravaradiofm\/wp-content\/uploads\/sites\/5\/2022\/01\/murat-enfermeras.jpg","width":1280,"height":852},{"@type":"BreadcrumbList","@id":"https:\/\/www.bbmnoticias.com\/labravaradiofm\/2022\/01\/06\/rinde-homenaje-murat-a-16-enfermeras-fallecidas-durante-la-pandemia\/#breadcrumb","itemListElement":[{"@type":"ListItem","position":1,"name":"Inicio","item":"https:\/\/www.bbmnoticias.com\/labravaradiofm\/"},{"@type":"ListItem","position":2,"name":"Oaxaca reconoce el compromiso y vocaci\u00f3n de servicio de los profesionales en enfermer\u00eda: AMH"}]},{"@type":"WebSite","@id":"https:\/\/www.bbmnoticias.com\/labravaradiofm\/#website","url":"https:\/\/www.bbmnoticias.com\/labravaradiofm\/","name":"LA BRAVA RADIO","description":"Empresa productora de medios, Radiodifusi\u00f3n, Noticias, tendencias y todo lo que necesitas saber de la pol\u00edtica mexicana e internacional; entretenimiento, espect\u00e1culos, salud y mucho m\u00e1s.","potentialAction":[{"@type":"SearchAction","target":{"@type":"EntryPoint","urlTemplate":"https:\/\/www.bbmnoticias.com\/labravaradiofm\/?s={search_term_string}"},"query-input":{"@type":"PropertyValueSpecification","valueRequired":true,"valueName":"search_term_string"}}],"inLanguage":"es"},{"@type":"Person","@id":"https:\/\/www.bbmnoticias.com\/labravaradiofm\/#\/schema\/person\/68a9e9036ef3c5b55aeb2b71dc8bab45","name":"Staff","image":{"@type":"ImageObject","inLanguage":"es","@id":"https:\/\/secure.gravatar.com\/avatar\/fdd21ad66fd8b98c407f9dee5b5e588cfe7f0d8579ec20fa6527cd59bab7f0f0?s=96&d=mm&r=g","url":"https:\/\/secure.gravatar.com\/avatar\/fdd21ad66fd8b98c407f9dee5b5e588cfe7f0d8579ec20fa6527cd59bab7f0f0?s=96&d=mm&r=g","contentUrl":"https:\/\/secure.gravatar.com\/avatar\/fdd21ad66fd8b98c407f9dee5b5e588cfe7f0d8579ec20fa6527cd59bab7f0f0?s=96&d=mm&r=g","caption":"Staff"},"url":"https:\/\/www.bbmnoticias.com\/labravaradiofm\/author\/redaccion\/"}]}},"_links":{"self":[{"href":"https:\/\/www.bbmnoticias.com\/labravaradiofm\/wp-json\/wp\/v2\/posts\/8207","targetHints":{"allow":["GET"]}}],"collection":[{"href":"https:\/\/www.bbmnoticias.com\/labravaradiofm\/wp-json\/wp\/v2\/posts"}],"about":[{"href":"https:\/\/www.bbmnoticias.com\/labravaradiofm\/wp-json\/wp\/v2\/types\/post"}],"author":[{"embeddable":true,"href":"https:\/\/www.bbmnoticias.com\/labravaradiofm\/wp-json\/wp\/v2\/users\/2"}],"replies":[{"embeddable":true,"href":"https:\/\/www.bbmnoticias.com\/labravaradiofm\/wp-json\/wp\/v2\/comments?post=8207"}],"version-history":[{"count":0,"href":"https:\/\/www.bbmnoticias.com\/labravaradiofm\/wp-json\/wp\/v2\/posts\/8207\/revisions"}],"wp:featuredmedia":[{"embeddable":true,"href":"https:\/\/www.bbmnoticias.com\/labravaradiofm\/wp-json\/wp\/v2\/media\/8208"}],"wp:attachment":[{"href":"https:\/\/www.bbmnoticias.com\/labravaradiofm\/wp-json\/wp\/v2\/media?parent=8207"}],"wp:term":[{"taxonomy":"category","embeddable":true,"href":"https:\/\/www.bbmnoticias.com\/labravaradiofm\/wp-json\/wp\/v2\/categories?post=8207"},{"taxonomy":"post_tag","embeddable":true,"href":"https:\/\/www.bbmnoticias.com\/labravaradiofm\/wp-json\/wp\/v2\/tags?post=8207"}],"curies":[{"name":"wp","href":"https:\/\/api.w.org\/{rel}","templated":true}]}}