{"id":8201,"date":"2022-01-06T11:59:24","date_gmt":"2022-01-06T17:59:24","guid":{"rendered":"https:\/\/www.bbmnoticias.com\/labravaradiofm\/?p=8201"},"modified":"2022-01-06T11:59:25","modified_gmt":"2022-01-06T17:59:25","slug":"familiares-de-ex-agente-municipal-retenido-en-su-comunidad-protestan-en-la-fiscalia-de-tehuantepec","status":"publish","type":"post","link":"https:\/\/www.bbmnoticias.com\/labravaradiofm\/2022\/01\/06\/familiares-de-ex-agente-municipal-retenido-en-su-comunidad-protestan-en-la-fiscalia-de-tehuantepec\/","title":{"rendered":"Familiares de ex agente municipal retenido en su comunidad, protestan en la Fiscal\u00eda de Tehuantepec"},"content":{"rendered":"<div style=\"margin-top: 0px; margin-bottom: 0px;\" class=\"sharethis-inline-share-buttons\" ><\/div>\n<p>Tehuantepec, Oaxaca. Familiares del ex agente municipal de Rinc\u00f3n Moreno, Sergio M\u00e9ndez M\u00e9ndez, retenido desde ayer en su poblaci\u00f3n, se manifiestan en las oficinas de la fiscal\u00eda local de esta ciudad, para exigir que intervengan para su liberaci\u00f3n.<\/p>\n\n\n\n<p>Adem\u00e1s, piden que se agilice la denuncia que interpusieron hace dos d\u00edas en contra de Isa\u00fal Mart\u00ednez Reyes auto nombrado agente municipal, Juan Carlos L\u00f3pez Gallegos presidente del comit\u00e9 de dignidad ciudadana de Rinc\u00f3n Moreno y el profesor David Rosado Desales y otras personas.<\/p>\n\n\n\n<p>La protesta se mantiene en el barrio de Santa Cruz Tagolaba, donde ubican las oficinas de la fiscal\u00eda local.<\/p>\n\n\n\n<p>A la protesta se sumaron ejidatarios de dicha agencia municipal que con cartulinas de protesta en mano exigen que la fiscal\u00eda act\u00fae para lograr liberar al ex agente municipal.<\/p>\n\n\n\n<p>Cabe recordar que el ex agente fue retenido desde ayer para exigirle a la Presidenta Municipal, Vilma Mart\u00ednez Cort\u00e9s, el reconocimiento de Isa\u00fal Mart\u00ednez Reyes, como autoridad auxiliar en esta comunidad.<\/p>\n","protected":false},"excerpt":{"rendered":"<p>Tehuantepec, Oaxaca. Familiares del ex agente municipal de Rinc\u00f3n Moreno, Sergio M\u00e9ndez M\u00e9ndez, retenido desde ayer en su poblaci\u00f3n, se manifiestan en las oficinas de la fiscal\u00eda local de esta ciudad, para exigir que intervengan para su liberaci\u00f3n. Adem\u00e1s, piden que se agilice la denuncia que interpusieron hace dos d\u00edas en contra de Isa\u00fal Mart\u00ednez [&hellip;]<\/p>\n","protected":false},"author":3,"featured_media":8202,"comment_status":"closed","ping_status":"closed","sticky":false,"template":"","format":"standard","meta":{"footnotes":""},"categories":[1],"tags":[],"class_list":{"0":"post-8201","1":"post","2":"type-post","3":"status-publish","4":"format-standard","5":"has-post-thumbnail","7":"category-sin-categoria"},"yoast_head":"<!-- This site is optimized with the Yoast SEO plugin v27.4 - https:\/\/yoast.com\/product\/yoast-seo-wordpress\/ -->\n<title>Familiares de ex agente municipal retenido en su comunidad, protestan en la Fiscal\u00eda de Tehuantepec - LA BRAVA RADIO<\/title>\n<meta name=\"robots\" content=\"index, follow, max-snippet:-1, max-image-preview:large, max-video-preview:-1\" \/>\n<link rel=\"canonical\" href=\"https:\/\/www.bbmnoticias.com\/labravaradiofm\/2022\/01\/06\/familiares-de-ex-agente-municipal-retenido-en-su-comunidad-protestan-en-la-fiscalia-de-tehuantepec\/\" \/>\n<meta property=\"og:locale\" content=\"es_MX\" \/>\n<meta property=\"og:type\" content=\"article\" \/>\n<meta property=\"og:title\" content=\"Familiares de ex agente municipal retenido en su comunidad, protestan en la Fiscal\u00eda de Tehuantepec - LA BRAVA RADIO\" \/>\n<meta property=\"og:description\" content=\"Tehuantepec, Oaxaca. Familiares del ex agente municipal de Rinc\u00f3n Moreno, Sergio M\u00e9ndez M\u00e9ndez, retenido desde ayer en su poblaci\u00f3n, se manifiestan en las oficinas de la fiscal\u00eda local de esta ciudad, para exigir que intervengan para su liberaci\u00f3n. Adem\u00e1s, piden que se agilice la denuncia que interpusieron hace dos d\u00edas en contra de Isa\u00fal Mart\u00ednez [&hellip;]\" \/>\n<meta property=\"og:url\" content=\"https:\/\/www.bbmnoticias.com\/labravaradiofm\/2022\/01\/06\/familiares-de-ex-agente-municipal-retenido-en-su-comunidad-protestan-en-la-fiscalia-de-tehuantepec\/\" \/>\n<meta property=\"og:site_name\" content=\"LA BRAVA RADIO\" \/>\n<meta property=\"article:author\" content=\"https:\/\/www.facebook.com\/EdwinMeneses30\" \/>\n<meta property=\"article:published_time\" content=\"2022-01-06T17:59:24+00:00\" \/>\n<meta property=\"article:modified_time\" content=\"2022-01-06T17:59:25+00:00\" \/>\n<meta property=\"og:image\" content=\"https:\/\/www.bbmnoticias.com\/labravaradiofm\/wp-content\/uploads\/sites\/5\/2022\/01\/familiares-detenido.jpg\" \/>\n\t<meta property=\"og:image:width\" content=\"900\" \/>\n\t<meta property=\"og:image:height\" content=\"675\" \/>\n\t<meta property=\"og:image:type\" content=\"image\/jpeg\" \/>\n<meta name=\"author\" content=\"Edwin MENESES\" \/>\n<meta name=\"twitter:card\" content=\"summary_large_image\" \/>\n<meta name=\"twitter:creator\" content=\"@https:\/\/twitter.com\/edwin_meneses81\" \/>\n<meta name=\"twitter:label1\" content=\"Escrito por\" \/>\n\t<meta name=\"twitter:data1\" content=\"Edwin MENESES\" \/>\n\t<meta name=\"twitter:label2\" content=\"Tiempo de lectura\" \/>\n\t<meta name=\"twitter:data2\" content=\"1 minuto\" \/>\n<script type=\"application\/ld+json\" class=\"yoast-schema-graph\">{\"@context\":\"https:\\\/\\\/schema.org\",\"@graph\":[{\"@type\":\"Article\",\"@id\":\"https:\\\/\\\/www.bbmnoticias.com\\\/labravaradiofm\\\/2022\\\/01\\\/06\\\/familiares-de-ex-agente-municipal-retenido-en-su-comunidad-protestan-en-la-fiscalia-de-tehuantepec\\\/#article\",\"isPartOf\":{\"@id\":\"https:\\\/\\\/www.bbmnoticias.com\\\/labravaradiofm\\\/2022\\\/01\\\/06\\\/familiares-de-ex-agente-municipal-retenido-en-su-comunidad-protestan-en-la-fiscalia-de-tehuantepec\\\/\"},\"author\":{\"name\":\"Edwin MENESES\",\"@id\":\"https:\\\/\\\/www.bbmnoticias.com\\\/labravaradiofm\\\/#\\\/schema\\\/person\\\/ac8532773d4f65dd24a852ecaf4c3ed0\"},\"headline\":\"Familiares de ex agente municipal retenido en su comunidad, protestan en la Fiscal\u00eda de Tehuantepec\",\"datePublished\":\"2022-01-06T17:59:24+00:00\",\"dateModified\":\"2022-01-06T17:59:25+00:00\",\"mainEntityOfPage\":{\"@id\":\"https:\\\/\\\/www.bbmnoticias.com\\\/labravaradiofm\\\/2022\\\/01\\\/06\\\/familiares-de-ex-agente-municipal-retenido-en-su-comunidad-protestan-en-la-fiscalia-de-tehuantepec\\\/\"},\"wordCount\":196,\"image\":{\"@id\":\"https:\\\/\\\/www.bbmnoticias.com\\\/labravaradiofm\\\/2022\\\/01\\\/06\\\/familiares-de-ex-agente-municipal-retenido-en-su-comunidad-protestan-en-la-fiscalia-de-tehuantepec\\\/#primaryimage\"},\"thumbnailUrl\":\"https:\\\/\\\/www.bbmnoticias.com\\\/labravaradiofm\\\/wp-content\\\/uploads\\\/sites\\\/5\\\/2022\\\/01\\\/familiares-detenido.jpg\",\"inLanguage\":\"es\"},{\"@type\":\"WebPage\",\"@id\":\"https:\\\/\\\/www.bbmnoticias.com\\\/labravaradiofm\\\/2022\\\/01\\\/06\\\/familiares-de-ex-agente-municipal-retenido-en-su-comunidad-protestan-en-la-fiscalia-de-tehuantepec\\\/\",\"url\":\"https:\\\/\\\/www.bbmnoticias.com\\\/labravaradiofm\\\/2022\\\/01\\\/06\\\/familiares-de-ex-agente-municipal-retenido-en-su-comunidad-protestan-en-la-fiscalia-de-tehuantepec\\\/\",\"name\":\"Familiares de ex agente municipal retenido en su comunidad, protestan en la Fiscal\u00eda de Tehuantepec - LA BRAVA RADIO\",\"isPartOf\":{\"@id\":\"https:\\\/\\\/www.bbmnoticias.com\\\/labravaradiofm\\\/#website\"},\"primaryImageOfPage\":{\"@id\":\"https:\\\/\\\/www.bbmnoticias.com\\\/labravaradiofm\\\/2022\\\/01\\\/06\\\/familiares-de-ex-agente-municipal-retenido-en-su-comunidad-protestan-en-la-fiscalia-de-tehuantepec\\\/#primaryimage\"},\"image\":{\"@id\":\"https:\\\/\\\/www.bbmnoticias.com\\\/labravaradiofm\\\/2022\\\/01\\\/06\\\/familiares-de-ex-agente-municipal-retenido-en-su-comunidad-protestan-en-la-fiscalia-de-tehuantepec\\\/#primaryimage\"},\"thumbnailUrl\":\"https:\\\/\\\/www.bbmnoticias.com\\\/labravaradiofm\\\/wp-content\\\/uploads\\\/sites\\\/5\\\/2022\\\/01\\\/familiares-detenido.jpg\",\"datePublished\":\"2022-01-06T17:59:24+00:00\",\"dateModified\":\"2022-01-06T17:59:25+00:00\",\"author\":{\"@id\":\"https:\\\/\\\/www.bbmnoticias.com\\\/labravaradiofm\\\/#\\\/schema\\\/person\\\/ac8532773d4f65dd24a852ecaf4c3ed0\"},\"breadcrumb\":{\"@id\":\"https:\\\/\\\/www.bbmnoticias.com\\\/labravaradiofm\\\/2022\\\/01\\\/06\\\/familiares-de-ex-agente-municipal-retenido-en-su-comunidad-protestan-en-la-fiscalia-de-tehuantepec\\\/#breadcrumb\"},\"inLanguage\":\"es\",\"potentialAction\":[{\"@type\":\"ReadAction\",\"target\":[\"https:\\\/\\\/www.bbmnoticias.com\\\/labravaradiofm\\\/2022\\\/01\\\/06\\\/familiares-de-ex-agente-municipal-retenido-en-su-comunidad-protestan-en-la-fiscalia-de-tehuantepec\\\/\"]}]},{\"@type\":\"ImageObject\",\"inLanguage\":\"es\",\"@id\":\"https:\\\/\\\/www.bbmnoticias.com\\\/labravaradiofm\\\/2022\\\/01\\\/06\\\/familiares-de-ex-agente-municipal-retenido-en-su-comunidad-protestan-en-la-fiscalia-de-tehuantepec\\\/#primaryimage\",\"url\":\"https:\\\/\\\/www.bbmnoticias.com\\\/labravaradiofm\\\/wp-content\\\/uploads\\\/sites\\\/5\\\/2022\\\/01\\\/familiares-detenido.jpg\",\"contentUrl\":\"https:\\\/\\\/www.bbmnoticias.com\\\/labravaradiofm\\\/wp-content\\\/uploads\\\/sites\\\/5\\\/2022\\\/01\\\/familiares-detenido.jpg\",\"width\":900,\"height\":675},{\"@type\":\"BreadcrumbList\",\"@id\":\"https:\\\/\\\/www.bbmnoticias.com\\\/labravaradiofm\\\/2022\\\/01\\\/06\\\/familiares-de-ex-agente-municipal-retenido-en-su-comunidad-protestan-en-la-fiscalia-de-tehuantepec\\\/#breadcrumb\",\"itemListElement\":[{\"@type\":\"ListItem\",\"position\":1,\"name\":\"Inicio\",\"item\":\"https:\\\/\\\/www.bbmnoticias.com\\\/labravaradiofm\\\/\"},{\"@type\":\"ListItem\",\"position\":2,\"name\":\"Familiares de ex agente municipal retenido en su comunidad, protestan en la Fiscal\u00eda de Tehuantepec\"}]},{\"@type\":\"WebSite\",\"@id\":\"https:\\\/\\\/www.bbmnoticias.com\\\/labravaradiofm\\\/#website\",\"url\":\"https:\\\/\\\/www.bbmnoticias.com\\\/labravaradiofm\\\/\",\"name\":\"LA BRAVA RADIO\",\"description\":\"Empresa productora de medios, Radiodifusi\u00f3n, Noticias, tendencias y todo lo que necesitas saber de la pol\u00edtica mexicana e internacional; entretenimiento, espect\u00e1culos, salud y mucho m\u00e1s.\",\"potentialAction\":[{\"@type\":\"SearchAction\",\"target\":{\"@type\":\"EntryPoint\",\"urlTemplate\":\"https:\\\/\\\/www.bbmnoticias.com\\\/labravaradiofm\\\/?s={search_term_string}\"},\"query-input\":{\"@type\":\"PropertyValueSpecification\",\"valueRequired\":true,\"valueName\":\"search_term_string\"}}],\"inLanguage\":\"es\"},{\"@type\":\"Person\",\"@id\":\"https:\\\/\\\/www.bbmnoticias.com\\\/labravaradiofm\\\/#\\\/schema\\\/person\\\/ac8532773d4f65dd24a852ecaf4c3ed0\",\"name\":\"Edwin MENESES\",\"image\":{\"@type\":\"ImageObject\",\"inLanguage\":\"es\",\"@id\":\"https:\\\/\\\/secure.gravatar.com\\\/avatar\\\/202a15439445248653d719ff745fa195bcc0553404b070fe317543754f253c4f?s=96&d=mm&r=g\",\"url\":\"https:\\\/\\\/secure.gravatar.com\\\/avatar\\\/202a15439445248653d719ff745fa195bcc0553404b070fe317543754f253c4f?s=96&d=mm&r=g\",\"contentUrl\":\"https:\\\/\\\/secure.gravatar.com\\\/avatar\\\/202a15439445248653d719ff745fa195bcc0553404b070fe317543754f253c4f?s=96&d=mm&r=g\",\"caption\":\"Edwin MENESES\"},\"sameAs\":[\"https:\\\/\\\/www.bbmnoticias.com\",\"https:\\\/\\\/www.facebook.com\\\/EdwinMeneses30\",\"https:\\\/\\\/x.com\\\/https:\\\/\\\/twitter.com\\\/edwin_meneses81\"],\"url\":\"https:\\\/\\\/www.bbmnoticias.com\\\/labravaradiofm\\\/author\\\/edwin\\\/\"}]}<\/script>\n<!-- \/ Yoast SEO plugin. -->","yoast_head_json":{"title":"Familiares de ex agente municipal retenido en su comunidad, protestan en la Fiscal\u00eda de Tehuantepec - LA BRAVA RADIO","robots":{"index":"index","follow":"follow","max-snippet":"max-snippet:-1","max-image-preview":"max-image-preview:large","max-video-preview":"max-video-preview:-1"},"canonical":"https:\/\/www.bbmnoticias.com\/labravaradiofm\/2022\/01\/06\/familiares-de-ex-agente-municipal-retenido-en-su-comunidad-protestan-en-la-fiscalia-de-tehuantepec\/","og_locale":"es_MX","og_type":"article","og_title":"Familiares de ex agente municipal retenido en su comunidad, protestan en la Fiscal\u00eda de Tehuantepec - LA BRAVA RADIO","og_description":"Tehuantepec, Oaxaca. Familiares del ex agente municipal de Rinc\u00f3n Moreno, Sergio M\u00e9ndez M\u00e9ndez, retenido desde ayer en su poblaci\u00f3n, se manifiestan en las oficinas de la fiscal\u00eda local de esta ciudad, para exigir que intervengan para su liberaci\u00f3n. Adem\u00e1s, piden que se agilice la denuncia que interpusieron hace dos d\u00edas en contra de Isa\u00fal Mart\u00ednez [&hellip;]","og_url":"https:\/\/www.bbmnoticias.com\/labravaradiofm\/2022\/01\/06\/familiares-de-ex-agente-municipal-retenido-en-su-comunidad-protestan-en-la-fiscalia-de-tehuantepec\/","og_site_name":"LA BRAVA RADIO","article_author":"https:\/\/www.facebook.com\/EdwinMeneses30","article_published_time":"2022-01-06T17:59:24+00:00","article_modified_time":"2022-01-06T17:59:25+00:00","og_image":[{"width":900,"height":675,"url":"https:\/\/www.bbmnoticias.com\/labravaradiofm\/wp-content\/uploads\/sites\/5\/2022\/01\/familiares-detenido.jpg","type":"image\/jpeg"}],"author":"Edwin MENESES","twitter_card":"summary_large_image","twitter_creator":"@https:\/\/twitter.com\/edwin_meneses81","twitter_misc":{"Escrito por":"Edwin MENESES","Tiempo de lectura":"1 minuto"},"schema":{"@context":"https:\/\/schema.org","@graph":[{"@type":"Article","@id":"https:\/\/www.bbmnoticias.com\/labravaradiofm\/2022\/01\/06\/familiares-de-ex-agente-municipal-retenido-en-su-comunidad-protestan-en-la-fiscalia-de-tehuantepec\/#article","isPartOf":{"@id":"https:\/\/www.bbmnoticias.com\/labravaradiofm\/2022\/01\/06\/familiares-de-ex-agente-municipal-retenido-en-su-comunidad-protestan-en-la-fiscalia-de-tehuantepec\/"},"author":{"name":"Edwin MENESES","@id":"https:\/\/www.bbmnoticias.com\/labravaradiofm\/#\/schema\/person\/ac8532773d4f65dd24a852ecaf4c3ed0"},"headline":"Familiares de ex agente municipal retenido en su comunidad, protestan en la Fiscal\u00eda de Tehuantepec","datePublished":"2022-01-06T17:59:24+00:00","dateModified":"2022-01-06T17:59:25+00:00","mainEntityOfPage":{"@id":"https:\/\/www.bbmnoticias.com\/labravaradiofm\/2022\/01\/06\/familiares-de-ex-agente-municipal-retenido-en-su-comunidad-protestan-en-la-fiscalia-de-tehuantepec\/"},"wordCount":196,"image":{"@id":"https:\/\/www.bbmnoticias.com\/labravaradiofm\/2022\/01\/06\/familiares-de-ex-agente-municipal-retenido-en-su-comunidad-protestan-en-la-fiscalia-de-tehuantepec\/#primaryimage"},"thumbnailUrl":"https:\/\/www.bbmnoticias.com\/labravaradiofm\/wp-content\/uploads\/sites\/5\/2022\/01\/familiares-detenido.jpg","inLanguage":"es"},{"@type":"WebPage","@id":"https:\/\/www.bbmnoticias.com\/labravaradiofm\/2022\/01\/06\/familiares-de-ex-agente-municipal-retenido-en-su-comunidad-protestan-en-la-fiscalia-de-tehuantepec\/","url":"https:\/\/www.bbmnoticias.com\/labravaradiofm\/2022\/01\/06\/familiares-de-ex-agente-municipal-retenido-en-su-comunidad-protestan-en-la-fiscalia-de-tehuantepec\/","name":"Familiares de ex agente municipal retenido en su comunidad, protestan en la Fiscal\u00eda de Tehuantepec - LA BRAVA RADIO","isPartOf":{"@id":"https:\/\/www.bbmnoticias.com\/labravaradiofm\/#website"},"primaryImageOfPage":{"@id":"https:\/\/www.bbmnoticias.com\/labravaradiofm\/2022\/01\/06\/familiares-de-ex-agente-municipal-retenido-en-su-comunidad-protestan-en-la-fiscalia-de-tehuantepec\/#primaryimage"},"image":{"@id":"https:\/\/www.bbmnoticias.com\/labravaradiofm\/2022\/01\/06\/familiares-de-ex-agente-municipal-retenido-en-su-comunidad-protestan-en-la-fiscalia-de-tehuantepec\/#primaryimage"},"thumbnailUrl":"https:\/\/www.bbmnoticias.com\/labravaradiofm\/wp-content\/uploads\/sites\/5\/2022\/01\/familiares-detenido.jpg","datePublished":"2022-01-06T17:59:24+00:00","dateModified":"2022-01-06T17:59:25+00:00","author":{"@id":"https:\/\/www.bbmnoticias.com\/labravaradiofm\/#\/schema\/person\/ac8532773d4f65dd24a852ecaf4c3ed0"},"breadcrumb":{"@id":"https:\/\/www.bbmnoticias.com\/labravaradiofm\/2022\/01\/06\/familiares-de-ex-agente-municipal-retenido-en-su-comunidad-protestan-en-la-fiscalia-de-tehuantepec\/#breadcrumb"},"inLanguage":"es","potentialAction":[{"@type":"ReadAction","target":["https:\/\/www.bbmnoticias.com\/labravaradiofm\/2022\/01\/06\/familiares-de-ex-agente-municipal-retenido-en-su-comunidad-protestan-en-la-fiscalia-de-tehuantepec\/"]}]},{"@type":"ImageObject","inLanguage":"es","@id":"https:\/\/www.bbmnoticias.com\/labravaradiofm\/2022\/01\/06\/familiares-de-ex-agente-municipal-retenido-en-su-comunidad-protestan-en-la-fiscalia-de-tehuantepec\/#primaryimage","url":"https:\/\/www.bbmnoticias.com\/labravaradiofm\/wp-content\/uploads\/sites\/5\/2022\/01\/familiares-detenido.jpg","contentUrl":"https:\/\/www.bbmnoticias.com\/labravaradiofm\/wp-content\/uploads\/sites\/5\/2022\/01\/familiares-detenido.jpg","width":900,"height":675},{"@type":"BreadcrumbList","@id":"https:\/\/www.bbmnoticias.com\/labravaradiofm\/2022\/01\/06\/familiares-de-ex-agente-municipal-retenido-en-su-comunidad-protestan-en-la-fiscalia-de-tehuantepec\/#breadcrumb","itemListElement":[{"@type":"ListItem","position":1,"name":"Inicio","item":"https:\/\/www.bbmnoticias.com\/labravaradiofm\/"},{"@type":"ListItem","position":2,"name":"Familiares de ex agente municipal retenido en su comunidad, protestan en la Fiscal\u00eda de Tehuantepec"}]},{"@type":"WebSite","@id":"https:\/\/www.bbmnoticias.com\/labravaradiofm\/#website","url":"https:\/\/www.bbmnoticias.com\/labravaradiofm\/","name":"LA BRAVA RADIO","description":"Empresa productora de medios, Radiodifusi\u00f3n, Noticias, tendencias y todo lo que necesitas saber de la pol\u00edtica mexicana e internacional; entretenimiento, espect\u00e1culos, salud y mucho m\u00e1s.","potentialAction":[{"@type":"SearchAction","target":{"@type":"EntryPoint","urlTemplate":"https:\/\/www.bbmnoticias.com\/labravaradiofm\/?s={search_term_string}"},"query-input":{"@type":"PropertyValueSpecification","valueRequired":true,"valueName":"search_term_string"}}],"inLanguage":"es"},{"@type":"Person","@id":"https:\/\/www.bbmnoticias.com\/labravaradiofm\/#\/schema\/person\/ac8532773d4f65dd24a852ecaf4c3ed0","name":"Edwin MENESES","image":{"@type":"ImageObject","inLanguage":"es","@id":"https:\/\/secure.gravatar.com\/avatar\/202a15439445248653d719ff745fa195bcc0553404b070fe317543754f253c4f?s=96&d=mm&r=g","url":"https:\/\/secure.gravatar.com\/avatar\/202a15439445248653d719ff745fa195bcc0553404b070fe317543754f253c4f?s=96&d=mm&r=g","contentUrl":"https:\/\/secure.gravatar.com\/avatar\/202a15439445248653d719ff745fa195bcc0553404b070fe317543754f253c4f?s=96&d=mm&r=g","caption":"Edwin MENESES"},"sameAs":["https:\/\/www.bbmnoticias.com","https:\/\/www.facebook.com\/EdwinMeneses30","https:\/\/x.com\/https:\/\/twitter.com\/edwin_meneses81"],"url":"https:\/\/www.bbmnoticias.com\/labravaradiofm\/author\/edwin\/"}]}},"_links":{"self":[{"href":"https:\/\/www.bbmnoticias.com\/labravaradiofm\/wp-json\/wp\/v2\/posts\/8201","targetHints":{"allow":["GET"]}}],"collection":[{"href":"https:\/\/www.bbmnoticias.com\/labravaradiofm\/wp-json\/wp\/v2\/posts"}],"about":[{"href":"https:\/\/www.bbmnoticias.com\/labravaradiofm\/wp-json\/wp\/v2\/types\/post"}],"author":[{"embeddable":true,"href":"https:\/\/www.bbmnoticias.com\/labravaradiofm\/wp-json\/wp\/v2\/users\/3"}],"replies":[{"embeddable":true,"href":"https:\/\/www.bbmnoticias.com\/labravaradiofm\/wp-json\/wp\/v2\/comments?post=8201"}],"version-history":[{"count":0,"href":"https:\/\/www.bbmnoticias.com\/labravaradiofm\/wp-json\/wp\/v2\/posts\/8201\/revisions"}],"wp:featuredmedia":[{"embeddable":true,"href":"https:\/\/www.bbmnoticias.com\/labravaradiofm\/wp-json\/wp\/v2\/media\/8202"}],"wp:attachment":[{"href":"https:\/\/www.bbmnoticias.com\/labravaradiofm\/wp-json\/wp\/v2\/media?parent=8201"}],"wp:term":[{"taxonomy":"category","embeddable":true,"href":"https:\/\/www.bbmnoticias.com\/labravaradiofm\/wp-json\/wp\/v2\/categories?post=8201"},{"taxonomy":"post_tag","embeddable":true,"href":"https:\/\/www.bbmnoticias.com\/labravaradiofm\/wp-json\/wp\/v2\/tags?post=8201"}],"curies":[{"name":"wp","href":"https:\/\/api.w.org\/{rel}","templated":true}]}}