{"id":8195,"date":"2022-01-06T11:42:47","date_gmt":"2022-01-06T17:42:47","guid":{"rendered":"https:\/\/www.bbmnoticias.com\/labravaradiofm\/?p=8195"},"modified":"2022-01-06T11:42:49","modified_gmt":"2022-01-06T17:42:49","slug":"exhorta-imss-oaxaca-a-poblacion-aplicarse-vacuna-de-influenza-estacional","status":"publish","type":"post","link":"https:\/\/www.bbmnoticias.com\/labravaradiofm\/2022\/01\/06\/exhorta-imss-oaxaca-a-poblacion-aplicarse-vacuna-de-influenza-estacional\/","title":{"rendered":"Exhorta IMSS Oaxaca a poblaci\u00f3n aplicarse vacuna de influenza estacional"},"content":{"rendered":"<div style=\"margin-top: 0px; margin-bottom: 0px;\" class=\"sharethis-inline-share-buttons\" ><\/div>\n<p>Ante los cambios clim\u00e1ticos propios de la temporada de invierno, el Instituto Mexicano del Seguro Social (IMSS) en Oaxaca exhorta a la poblaci\u00f3n aplicarse la vacuna contra la influenza estacional, as\u00ed como completar el esquema de vacunaci\u00f3n universal de los menores de edad, para evitar que enfermen en esta \u00e9poca.<\/p>\n\n\n\n<p>Al respecto la titular de la Jefatura de Prestaciones M\u00e9dicas del IMSS, doctora Martha Escobar V\u00e1zquez, refiri\u00f3 que la vacuna se encuentra disponible en todas las Unidades de Medicina Familiar (UMF), as\u00ed como en los m\u00f3dulos de salud establecidos en las diversas colonias del estado, con la finalidad de garantizar que la poblaci\u00f3n en general obtenga la dosis.<\/p>\n\n\n\n<p>El biol\u00f3gico se enfoca en los grupos vulnerables: ni\u00f1as y ni\u00f1os de 6 meses a cuatro a\u00f1os 11 meses, personas mayores de 60 a\u00f1os, quienes viven con el Virus de<\/p>\n\n\n\n<p>Inmunodeficiencia Humana (VIH), diabetes, obesidad, c\u00e1ncer, enfermedades cardiacas, pulmonares, insuficiencia renal, inmunosupresi\u00f3n adquirida por enfermedad o por tratamiento, as\u00ed como mujeres embarazadas.<\/p>\n\n\n\n<p>Cabe destacar que tanto ni\u00f1as o ni\u00f1os de 6 meses a cuatro a\u00f1os 11 meses deben recibir por primera vez dos dosis con un intervalo m\u00ednimo de cuatro semanas entre cada una. Posteriormente se les aplica una vez al a\u00f1o.<\/p>\n\n\n\n<p>La doctora exhort\u00f3 a todos los padres de familia a verificar el esquema b\u00e1sico de vacunaci\u00f3n de sus hijos y, de faltarle alguna por aplicarle, acudir a su UMF m\u00e1s cercana para completar sus vacunas, ya que de no hacerlo una sola persona no vacunada expone a todos sus contactos y a la sociedad a adquirir enfermedades.<\/p>\n\n\n\n<p>Finalmente, advirti\u00f3 a la poblaci\u00f3n que durante esta temporada invernal si presenta alg\u00fan s\u00edntoma respiratorio, no se automedique, y acuda a su unidad m\u00e9dica, donde ser\u00e1 valorado de forma integral por un profesional de la salud.<\/p>\n","protected":false},"excerpt":{"rendered":"<p>Ante los cambios clim\u00e1ticos propios de la temporada de invierno, el Instituto Mexicano del Seguro Social (IMSS) en Oaxaca exhorta a la poblaci\u00f3n aplicarse la vacuna contra la influenza estacional, as\u00ed como completar el esquema de vacunaci\u00f3n universal de los menores de edad, para evitar que enfermen en esta \u00e9poca. Al respecto la titular de [&hellip;]<\/p>\n","protected":false},"author":2,"featured_media":8196,"comment_status":"closed","ping_status":"closed","sticky":false,"template":"","format":"standard","meta":{"footnotes":""},"categories":[2],"tags":[],"class_list":{"0":"post-8195","1":"post","2":"type-post","3":"status-publish","4":"format-standard","5":"has-post-thumbnail","7":"category-oaxaca"},"yoast_head":"<!-- This site is optimized with the Yoast SEO plugin v27.4 - https:\/\/yoast.com\/product\/yoast-seo-wordpress\/ -->\n<title>Exhorta IMSS Oaxaca a poblaci\u00f3n aplicarse vacuna de influenza estacional - LA BRAVA RADIO<\/title>\n<meta name=\"robots\" content=\"index, follow, max-snippet:-1, max-image-preview:large, max-video-preview:-1\" \/>\n<link rel=\"canonical\" href=\"https:\/\/www.bbmnoticias.com\/labravaradiofm\/2022\/01\/06\/exhorta-imss-oaxaca-a-poblacion-aplicarse-vacuna-de-influenza-estacional\/\" \/>\n<meta property=\"og:locale\" content=\"es_MX\" \/>\n<meta property=\"og:type\" content=\"article\" \/>\n<meta property=\"og:title\" content=\"Exhorta IMSS Oaxaca a poblaci\u00f3n aplicarse vacuna de influenza estacional - LA BRAVA RADIO\" \/>\n<meta property=\"og:description\" content=\"Ante los cambios clim\u00e1ticos propios de la temporada de invierno, el Instituto Mexicano del Seguro Social (IMSS) en Oaxaca exhorta a la poblaci\u00f3n aplicarse la vacuna contra la influenza estacional, as\u00ed como completar el esquema de vacunaci\u00f3n universal de los menores de edad, para evitar que enfermen en esta \u00e9poca. Al respecto la titular de [&hellip;]\" \/>\n<meta property=\"og:url\" content=\"https:\/\/www.bbmnoticias.com\/labravaradiofm\/2022\/01\/06\/exhorta-imss-oaxaca-a-poblacion-aplicarse-vacuna-de-influenza-estacional\/\" \/>\n<meta property=\"og:site_name\" content=\"LA BRAVA RADIO\" \/>\n<meta property=\"article:published_time\" content=\"2022-01-06T17:42:47+00:00\" \/>\n<meta property=\"article:modified_time\" content=\"2022-01-06T17:42:49+00:00\" \/>\n<meta property=\"og:image\" content=\"https:\/\/www.bbmnoticias.com\/labravaradiofm\/wp-content\/uploads\/sites\/5\/2022\/01\/influenza-oaxaca.jpg\" \/>\n\t<meta property=\"og:image:width\" content=\"1280\" \/>\n\t<meta property=\"og:image:height\" content=\"853\" \/>\n\t<meta property=\"og:image:type\" content=\"image\/jpeg\" \/>\n<meta name=\"author\" content=\"Staff\" \/>\n<meta name=\"twitter:card\" content=\"summary_large_image\" \/>\n<meta name=\"twitter:label1\" content=\"Escrito por\" \/>\n\t<meta name=\"twitter:data1\" content=\"Staff\" \/>\n\t<meta name=\"twitter:label2\" content=\"Tiempo de lectura\" \/>\n\t<meta name=\"twitter:data2\" content=\"2 minutos\" \/>\n<script type=\"application\/ld+json\" class=\"yoast-schema-graph\">{\"@context\":\"https:\\\/\\\/schema.org\",\"@graph\":[{\"@type\":\"Article\",\"@id\":\"https:\\\/\\\/www.bbmnoticias.com\\\/labravaradiofm\\\/2022\\\/01\\\/06\\\/exhorta-imss-oaxaca-a-poblacion-aplicarse-vacuna-de-influenza-estacional\\\/#article\",\"isPartOf\":{\"@id\":\"https:\\\/\\\/www.bbmnoticias.com\\\/labravaradiofm\\\/2022\\\/01\\\/06\\\/exhorta-imss-oaxaca-a-poblacion-aplicarse-vacuna-de-influenza-estacional\\\/\"},\"author\":{\"name\":\"Staff\",\"@id\":\"https:\\\/\\\/www.bbmnoticias.com\\\/labravaradiofm\\\/#\\\/schema\\\/person\\\/68a9e9036ef3c5b55aeb2b71dc8bab45\"},\"headline\":\"Exhorta IMSS Oaxaca a poblaci\u00f3n aplicarse vacuna de influenza estacional\",\"datePublished\":\"2022-01-06T17:42:47+00:00\",\"dateModified\":\"2022-01-06T17:42:49+00:00\",\"mainEntityOfPage\":{\"@id\":\"https:\\\/\\\/www.bbmnoticias.com\\\/labravaradiofm\\\/2022\\\/01\\\/06\\\/exhorta-imss-oaxaca-a-poblacion-aplicarse-vacuna-de-influenza-estacional\\\/\"},\"wordCount\":325,\"image\":{\"@id\":\"https:\\\/\\\/www.bbmnoticias.com\\\/labravaradiofm\\\/2022\\\/01\\\/06\\\/exhorta-imss-oaxaca-a-poblacion-aplicarse-vacuna-de-influenza-estacional\\\/#primaryimage\"},\"thumbnailUrl\":\"https:\\\/\\\/www.bbmnoticias.com\\\/labravaradiofm\\\/wp-content\\\/uploads\\\/sites\\\/5\\\/2022\\\/01\\\/influenza-oaxaca.jpg\",\"articleSection\":[\"LOCAL\"],\"inLanguage\":\"es\"},{\"@type\":\"WebPage\",\"@id\":\"https:\\\/\\\/www.bbmnoticias.com\\\/labravaradiofm\\\/2022\\\/01\\\/06\\\/exhorta-imss-oaxaca-a-poblacion-aplicarse-vacuna-de-influenza-estacional\\\/\",\"url\":\"https:\\\/\\\/www.bbmnoticias.com\\\/labravaradiofm\\\/2022\\\/01\\\/06\\\/exhorta-imss-oaxaca-a-poblacion-aplicarse-vacuna-de-influenza-estacional\\\/\",\"name\":\"Exhorta IMSS Oaxaca a poblaci\u00f3n aplicarse vacuna de influenza estacional - LA BRAVA RADIO\",\"isPartOf\":{\"@id\":\"https:\\\/\\\/www.bbmnoticias.com\\\/labravaradiofm\\\/#website\"},\"primaryImageOfPage\":{\"@id\":\"https:\\\/\\\/www.bbmnoticias.com\\\/labravaradiofm\\\/2022\\\/01\\\/06\\\/exhorta-imss-oaxaca-a-poblacion-aplicarse-vacuna-de-influenza-estacional\\\/#primaryimage\"},\"image\":{\"@id\":\"https:\\\/\\\/www.bbmnoticias.com\\\/labravaradiofm\\\/2022\\\/01\\\/06\\\/exhorta-imss-oaxaca-a-poblacion-aplicarse-vacuna-de-influenza-estacional\\\/#primaryimage\"},\"thumbnailUrl\":\"https:\\\/\\\/www.bbmnoticias.com\\\/labravaradiofm\\\/wp-content\\\/uploads\\\/sites\\\/5\\\/2022\\\/01\\\/influenza-oaxaca.jpg\",\"datePublished\":\"2022-01-06T17:42:47+00:00\",\"dateModified\":\"2022-01-06T17:42:49+00:00\",\"author\":{\"@id\":\"https:\\\/\\\/www.bbmnoticias.com\\\/labravaradiofm\\\/#\\\/schema\\\/person\\\/68a9e9036ef3c5b55aeb2b71dc8bab45\"},\"breadcrumb\":{\"@id\":\"https:\\\/\\\/www.bbmnoticias.com\\\/labravaradiofm\\\/2022\\\/01\\\/06\\\/exhorta-imss-oaxaca-a-poblacion-aplicarse-vacuna-de-influenza-estacional\\\/#breadcrumb\"},\"inLanguage\":\"es\",\"potentialAction\":[{\"@type\":\"ReadAction\",\"target\":[\"https:\\\/\\\/www.bbmnoticias.com\\\/labravaradiofm\\\/2022\\\/01\\\/06\\\/exhorta-imss-oaxaca-a-poblacion-aplicarse-vacuna-de-influenza-estacional\\\/\"]}]},{\"@type\":\"ImageObject\",\"inLanguage\":\"es\",\"@id\":\"https:\\\/\\\/www.bbmnoticias.com\\\/labravaradiofm\\\/2022\\\/01\\\/06\\\/exhorta-imss-oaxaca-a-poblacion-aplicarse-vacuna-de-influenza-estacional\\\/#primaryimage\",\"url\":\"https:\\\/\\\/www.bbmnoticias.com\\\/labravaradiofm\\\/wp-content\\\/uploads\\\/sites\\\/5\\\/2022\\\/01\\\/influenza-oaxaca.jpg\",\"contentUrl\":\"https:\\\/\\\/www.bbmnoticias.com\\\/labravaradiofm\\\/wp-content\\\/uploads\\\/sites\\\/5\\\/2022\\\/01\\\/influenza-oaxaca.jpg\",\"width\":1280,\"height\":853},{\"@type\":\"BreadcrumbList\",\"@id\":\"https:\\\/\\\/www.bbmnoticias.com\\\/labravaradiofm\\\/2022\\\/01\\\/06\\\/exhorta-imss-oaxaca-a-poblacion-aplicarse-vacuna-de-influenza-estacional\\\/#breadcrumb\",\"itemListElement\":[{\"@type\":\"ListItem\",\"position\":1,\"name\":\"Inicio\",\"item\":\"https:\\\/\\\/www.bbmnoticias.com\\\/labravaradiofm\\\/\"},{\"@type\":\"ListItem\",\"position\":2,\"name\":\"Exhorta IMSS Oaxaca a poblaci\u00f3n aplicarse vacuna de influenza estacional\"}]},{\"@type\":\"WebSite\",\"@id\":\"https:\\\/\\\/www.bbmnoticias.com\\\/labravaradiofm\\\/#website\",\"url\":\"https:\\\/\\\/www.bbmnoticias.com\\\/labravaradiofm\\\/\",\"name\":\"LA BRAVA RADIO\",\"description\":\"Empresa productora de medios, Radiodifusi\u00f3n, Noticias, tendencias y todo lo que necesitas saber de la pol\u00edtica mexicana e internacional; entretenimiento, espect\u00e1culos, salud y mucho m\u00e1s.\",\"potentialAction\":[{\"@type\":\"SearchAction\",\"target\":{\"@type\":\"EntryPoint\",\"urlTemplate\":\"https:\\\/\\\/www.bbmnoticias.com\\\/labravaradiofm\\\/?s={search_term_string}\"},\"query-input\":{\"@type\":\"PropertyValueSpecification\",\"valueRequired\":true,\"valueName\":\"search_term_string\"}}],\"inLanguage\":\"es\"},{\"@type\":\"Person\",\"@id\":\"https:\\\/\\\/www.bbmnoticias.com\\\/labravaradiofm\\\/#\\\/schema\\\/person\\\/68a9e9036ef3c5b55aeb2b71dc8bab45\",\"name\":\"Staff\",\"image\":{\"@type\":\"ImageObject\",\"inLanguage\":\"es\",\"@id\":\"https:\\\/\\\/secure.gravatar.com\\\/avatar\\\/fdd21ad66fd8b98c407f9dee5b5e588cfe7f0d8579ec20fa6527cd59bab7f0f0?s=96&d=mm&r=g\",\"url\":\"https:\\\/\\\/secure.gravatar.com\\\/avatar\\\/fdd21ad66fd8b98c407f9dee5b5e588cfe7f0d8579ec20fa6527cd59bab7f0f0?s=96&d=mm&r=g\",\"contentUrl\":\"https:\\\/\\\/secure.gravatar.com\\\/avatar\\\/fdd21ad66fd8b98c407f9dee5b5e588cfe7f0d8579ec20fa6527cd59bab7f0f0?s=96&d=mm&r=g\",\"caption\":\"Staff\"},\"url\":\"https:\\\/\\\/www.bbmnoticias.com\\\/labravaradiofm\\\/author\\\/redaccion\\\/\"}]}<\/script>\n<!-- \/ Yoast SEO plugin. -->","yoast_head_json":{"title":"Exhorta IMSS Oaxaca a poblaci\u00f3n aplicarse vacuna de influenza estacional - LA BRAVA RADIO","robots":{"index":"index","follow":"follow","max-snippet":"max-snippet:-1","max-image-preview":"max-image-preview:large","max-video-preview":"max-video-preview:-1"},"canonical":"https:\/\/www.bbmnoticias.com\/labravaradiofm\/2022\/01\/06\/exhorta-imss-oaxaca-a-poblacion-aplicarse-vacuna-de-influenza-estacional\/","og_locale":"es_MX","og_type":"article","og_title":"Exhorta IMSS Oaxaca a poblaci\u00f3n aplicarse vacuna de influenza estacional - LA BRAVA RADIO","og_description":"Ante los cambios clim\u00e1ticos propios de la temporada de invierno, el Instituto Mexicano del Seguro Social (IMSS) en Oaxaca exhorta a la poblaci\u00f3n aplicarse la vacuna contra la influenza estacional, as\u00ed como completar el esquema de vacunaci\u00f3n universal de los menores de edad, para evitar que enfermen en esta \u00e9poca. Al respecto la titular de [&hellip;]","og_url":"https:\/\/www.bbmnoticias.com\/labravaradiofm\/2022\/01\/06\/exhorta-imss-oaxaca-a-poblacion-aplicarse-vacuna-de-influenza-estacional\/","og_site_name":"LA BRAVA RADIO","article_published_time":"2022-01-06T17:42:47+00:00","article_modified_time":"2022-01-06T17:42:49+00:00","og_image":[{"width":1280,"height":853,"url":"https:\/\/www.bbmnoticias.com\/labravaradiofm\/wp-content\/uploads\/sites\/5\/2022\/01\/influenza-oaxaca.jpg","type":"image\/jpeg"}],"author":"Staff","twitter_card":"summary_large_image","twitter_misc":{"Escrito por":"Staff","Tiempo de lectura":"2 minutos"},"schema":{"@context":"https:\/\/schema.org","@graph":[{"@type":"Article","@id":"https:\/\/www.bbmnoticias.com\/labravaradiofm\/2022\/01\/06\/exhorta-imss-oaxaca-a-poblacion-aplicarse-vacuna-de-influenza-estacional\/#article","isPartOf":{"@id":"https:\/\/www.bbmnoticias.com\/labravaradiofm\/2022\/01\/06\/exhorta-imss-oaxaca-a-poblacion-aplicarse-vacuna-de-influenza-estacional\/"},"author":{"name":"Staff","@id":"https:\/\/www.bbmnoticias.com\/labravaradiofm\/#\/schema\/person\/68a9e9036ef3c5b55aeb2b71dc8bab45"},"headline":"Exhorta IMSS Oaxaca a poblaci\u00f3n aplicarse vacuna de influenza estacional","datePublished":"2022-01-06T17:42:47+00:00","dateModified":"2022-01-06T17:42:49+00:00","mainEntityOfPage":{"@id":"https:\/\/www.bbmnoticias.com\/labravaradiofm\/2022\/01\/06\/exhorta-imss-oaxaca-a-poblacion-aplicarse-vacuna-de-influenza-estacional\/"},"wordCount":325,"image":{"@id":"https:\/\/www.bbmnoticias.com\/labravaradiofm\/2022\/01\/06\/exhorta-imss-oaxaca-a-poblacion-aplicarse-vacuna-de-influenza-estacional\/#primaryimage"},"thumbnailUrl":"https:\/\/www.bbmnoticias.com\/labravaradiofm\/wp-content\/uploads\/sites\/5\/2022\/01\/influenza-oaxaca.jpg","articleSection":["LOCAL"],"inLanguage":"es"},{"@type":"WebPage","@id":"https:\/\/www.bbmnoticias.com\/labravaradiofm\/2022\/01\/06\/exhorta-imss-oaxaca-a-poblacion-aplicarse-vacuna-de-influenza-estacional\/","url":"https:\/\/www.bbmnoticias.com\/labravaradiofm\/2022\/01\/06\/exhorta-imss-oaxaca-a-poblacion-aplicarse-vacuna-de-influenza-estacional\/","name":"Exhorta IMSS Oaxaca a poblaci\u00f3n aplicarse vacuna de influenza estacional - LA BRAVA RADIO","isPartOf":{"@id":"https:\/\/www.bbmnoticias.com\/labravaradiofm\/#website"},"primaryImageOfPage":{"@id":"https:\/\/www.bbmnoticias.com\/labravaradiofm\/2022\/01\/06\/exhorta-imss-oaxaca-a-poblacion-aplicarse-vacuna-de-influenza-estacional\/#primaryimage"},"image":{"@id":"https:\/\/www.bbmnoticias.com\/labravaradiofm\/2022\/01\/06\/exhorta-imss-oaxaca-a-poblacion-aplicarse-vacuna-de-influenza-estacional\/#primaryimage"},"thumbnailUrl":"https:\/\/www.bbmnoticias.com\/labravaradiofm\/wp-content\/uploads\/sites\/5\/2022\/01\/influenza-oaxaca.jpg","datePublished":"2022-01-06T17:42:47+00:00","dateModified":"2022-01-06T17:42:49+00:00","author":{"@id":"https:\/\/www.bbmnoticias.com\/labravaradiofm\/#\/schema\/person\/68a9e9036ef3c5b55aeb2b71dc8bab45"},"breadcrumb":{"@id":"https:\/\/www.bbmnoticias.com\/labravaradiofm\/2022\/01\/06\/exhorta-imss-oaxaca-a-poblacion-aplicarse-vacuna-de-influenza-estacional\/#breadcrumb"},"inLanguage":"es","potentialAction":[{"@type":"ReadAction","target":["https:\/\/www.bbmnoticias.com\/labravaradiofm\/2022\/01\/06\/exhorta-imss-oaxaca-a-poblacion-aplicarse-vacuna-de-influenza-estacional\/"]}]},{"@type":"ImageObject","inLanguage":"es","@id":"https:\/\/www.bbmnoticias.com\/labravaradiofm\/2022\/01\/06\/exhorta-imss-oaxaca-a-poblacion-aplicarse-vacuna-de-influenza-estacional\/#primaryimage","url":"https:\/\/www.bbmnoticias.com\/labravaradiofm\/wp-content\/uploads\/sites\/5\/2022\/01\/influenza-oaxaca.jpg","contentUrl":"https:\/\/www.bbmnoticias.com\/labravaradiofm\/wp-content\/uploads\/sites\/5\/2022\/01\/influenza-oaxaca.jpg","width":1280,"height":853},{"@type":"BreadcrumbList","@id":"https:\/\/www.bbmnoticias.com\/labravaradiofm\/2022\/01\/06\/exhorta-imss-oaxaca-a-poblacion-aplicarse-vacuna-de-influenza-estacional\/#breadcrumb","itemListElement":[{"@type":"ListItem","position":1,"name":"Inicio","item":"https:\/\/www.bbmnoticias.com\/labravaradiofm\/"},{"@type":"ListItem","position":2,"name":"Exhorta IMSS Oaxaca a poblaci\u00f3n aplicarse vacuna de influenza estacional"}]},{"@type":"WebSite","@id":"https:\/\/www.bbmnoticias.com\/labravaradiofm\/#website","url":"https:\/\/www.bbmnoticias.com\/labravaradiofm\/","name":"LA BRAVA RADIO","description":"Empresa productora de medios, Radiodifusi\u00f3n, Noticias, tendencias y todo lo que necesitas saber de la pol\u00edtica mexicana e internacional; entretenimiento, espect\u00e1culos, salud y mucho m\u00e1s.","potentialAction":[{"@type":"SearchAction","target":{"@type":"EntryPoint","urlTemplate":"https:\/\/www.bbmnoticias.com\/labravaradiofm\/?s={search_term_string}"},"query-input":{"@type":"PropertyValueSpecification","valueRequired":true,"valueName":"search_term_string"}}],"inLanguage":"es"},{"@type":"Person","@id":"https:\/\/www.bbmnoticias.com\/labravaradiofm\/#\/schema\/person\/68a9e9036ef3c5b55aeb2b71dc8bab45","name":"Staff","image":{"@type":"ImageObject","inLanguage":"es","@id":"https:\/\/secure.gravatar.com\/avatar\/fdd21ad66fd8b98c407f9dee5b5e588cfe7f0d8579ec20fa6527cd59bab7f0f0?s=96&d=mm&r=g","url":"https:\/\/secure.gravatar.com\/avatar\/fdd21ad66fd8b98c407f9dee5b5e588cfe7f0d8579ec20fa6527cd59bab7f0f0?s=96&d=mm&r=g","contentUrl":"https:\/\/secure.gravatar.com\/avatar\/fdd21ad66fd8b98c407f9dee5b5e588cfe7f0d8579ec20fa6527cd59bab7f0f0?s=96&d=mm&r=g","caption":"Staff"},"url":"https:\/\/www.bbmnoticias.com\/labravaradiofm\/author\/redaccion\/"}]}},"_links":{"self":[{"href":"https:\/\/www.bbmnoticias.com\/labravaradiofm\/wp-json\/wp\/v2\/posts\/8195","targetHints":{"allow":["GET"]}}],"collection":[{"href":"https:\/\/www.bbmnoticias.com\/labravaradiofm\/wp-json\/wp\/v2\/posts"}],"about":[{"href":"https:\/\/www.bbmnoticias.com\/labravaradiofm\/wp-json\/wp\/v2\/types\/post"}],"author":[{"embeddable":true,"href":"https:\/\/www.bbmnoticias.com\/labravaradiofm\/wp-json\/wp\/v2\/users\/2"}],"replies":[{"embeddable":true,"href":"https:\/\/www.bbmnoticias.com\/labravaradiofm\/wp-json\/wp\/v2\/comments?post=8195"}],"version-history":[{"count":0,"href":"https:\/\/www.bbmnoticias.com\/labravaradiofm\/wp-json\/wp\/v2\/posts\/8195\/revisions"}],"wp:featuredmedia":[{"embeddable":true,"href":"https:\/\/www.bbmnoticias.com\/labravaradiofm\/wp-json\/wp\/v2\/media\/8196"}],"wp:attachment":[{"href":"https:\/\/www.bbmnoticias.com\/labravaradiofm\/wp-json\/wp\/v2\/media?parent=8195"}],"wp:term":[{"taxonomy":"category","embeddable":true,"href":"https:\/\/www.bbmnoticias.com\/labravaradiofm\/wp-json\/wp\/v2\/categories?post=8195"},{"taxonomy":"post_tag","embeddable":true,"href":"https:\/\/www.bbmnoticias.com\/labravaradiofm\/wp-json\/wp\/v2\/tags?post=8195"}],"curies":[{"name":"wp","href":"https:\/\/api.w.org\/{rel}","templated":true}]}}