{"id":8187,"date":"2022-01-06T09:57:35","date_gmt":"2022-01-06T15:57:35","guid":{"rendered":"https:\/\/www.bbmnoticias.com\/labravaradiofm\/?p=8187"},"modified":"2022-01-06T09:57:36","modified_gmt":"2022-01-06T15:57:36","slug":"incendio-forestal-dana-12-hectareas-de-bosque-en-la-mixteca","status":"publish","type":"post","link":"https:\/\/www.bbmnoticias.com\/labravaradiofm\/2022\/01\/06\/incendio-forestal-dana-12-hectareas-de-bosque-en-la-mixteca\/","title":{"rendered":"Incendio forestal da\u00f1a 12 hect\u00e1reas de bosque en la Mixteca"},"content":{"rendered":"<div style=\"margin-top: 0px; margin-bottom: 0px;\" class=\"sharethis-inline-share-buttons\" ><\/div>\n<p>OAXACA, Oax. 6 de enero de 2022.- Un incendio forestal en la regi\u00f3n Mixteca ya afect\u00f3 m\u00e1s de 12 hect\u00e1reas de bosque y contin\u00faa activo.<\/p>\n\n\n\n<p>La conflagraci\u00f3n est\u00e1 entre Santiago Juxtlahuaca y Putla Villa de Guerrero, la cual reportaron que inici\u00f3 hace tres d\u00edas.<\/p>\n\n\n\n<p>Sin embargo, el director de la Comisi\u00f3n Estatal Forestal, Aar\u00f3n Ju\u00e1rez inform\u00f3 que las brigadas de combate no han podido ingresar por varios frentes debido a un conflicto entre comunidades.<\/p>\n\n\n\n<p>El funcionario detall\u00f3 que lograron ingresar por el frente que va Yosoyuxi pero el que va a San Juan Copala sigue sin atenci\u00f3n por dicha problem\u00e1tica.<\/p>\n\n\n\n<p>Indic\u00f3 que personal de la Secretar\u00eda General de Gobierno est\u00e1 en di\u00e1logo con las autoridades municipales de la zona para que permitan el ingreso de las brigadas y combatan el incendio forestal.<\/p>\n\n\n\n<p>En las brigadas participa personal de las comisiones Estatal y Nacional Forestales, Protecci\u00f3n Civil, Polic\u00eda Estatal y Guardia Nacional.<\/p>\n","protected":false},"excerpt":{"rendered":"<p>OAXACA, Oax. 6 de enero de 2022.- Un incendio forestal en la regi\u00f3n Mixteca ya afect\u00f3 m\u00e1s de 12 hect\u00e1reas de bosque y contin\u00faa activo. La conflagraci\u00f3n est\u00e1 entre Santiago Juxtlahuaca y Putla Villa de Guerrero, la cual reportaron que inici\u00f3 hace tres d\u00edas. Sin embargo, el director de la Comisi\u00f3n Estatal Forestal, Aar\u00f3n Ju\u00e1rez [&hellip;]<\/p>\n","protected":false},"author":5,"featured_media":8188,"comment_status":"closed","ping_status":"closed","sticky":false,"template":"","format":"standard","meta":{"footnotes":""},"categories":[2],"tags":[],"class_list":{"0":"post-8187","1":"post","2":"type-post","3":"status-publish","4":"format-standard","5":"has-post-thumbnail","7":"category-oaxaca"},"yoast_head":"<!-- This site is optimized with the Yoast SEO plugin v27.4 - https:\/\/yoast.com\/product\/yoast-seo-wordpress\/ -->\n<title>Incendio forestal da\u00f1a 12 hect\u00e1reas de bosque en la Mixteca - LA BRAVA RADIO<\/title>\n<meta name=\"robots\" content=\"index, follow, max-snippet:-1, max-image-preview:large, max-video-preview:-1\" \/>\n<link rel=\"canonical\" href=\"https:\/\/www.bbmnoticias.com\/labravaradiofm\/2022\/01\/06\/incendio-forestal-dana-12-hectareas-de-bosque-en-la-mixteca\/\" \/>\n<meta property=\"og:locale\" content=\"es_MX\" \/>\n<meta property=\"og:type\" content=\"article\" \/>\n<meta property=\"og:title\" content=\"Incendio forestal da\u00f1a 12 hect\u00e1reas de bosque en la Mixteca - LA BRAVA RADIO\" \/>\n<meta property=\"og:description\" content=\"OAXACA, Oax. 6 de enero de 2022.- Un incendio forestal en la regi\u00f3n Mixteca ya afect\u00f3 m\u00e1s de 12 hect\u00e1reas de bosque y contin\u00faa activo. La conflagraci\u00f3n est\u00e1 entre Santiago Juxtlahuaca y Putla Villa de Guerrero, la cual reportaron que inici\u00f3 hace tres d\u00edas. Sin embargo, el director de la Comisi\u00f3n Estatal Forestal, Aar\u00f3n Ju\u00e1rez [&hellip;]\" \/>\n<meta property=\"og:url\" content=\"https:\/\/www.bbmnoticias.com\/labravaradiofm\/2022\/01\/06\/incendio-forestal-dana-12-hectareas-de-bosque-en-la-mixteca\/\" \/>\n<meta property=\"og:site_name\" content=\"LA BRAVA RADIO\" \/>\n<meta property=\"article:published_time\" content=\"2022-01-06T15:57:35+00:00\" \/>\n<meta property=\"article:modified_time\" content=\"2022-01-06T15:57:36+00:00\" \/>\n<meta property=\"og:image\" content=\"https:\/\/www.bbmnoticias.com\/labravaradiofm\/wp-content\/uploads\/sites\/5\/2022\/01\/incendio-forestal.jpg\" \/>\n\t<meta property=\"og:image:width\" content=\"780\" \/>\n\t<meta property=\"og:image:height\" content=\"470\" \/>\n\t<meta property=\"og:image:type\" content=\"image\/jpeg\" \/>\n<meta name=\"author\" content=\"Quadratin\" \/>\n<meta name=\"twitter:card\" content=\"summary_large_image\" \/>\n<meta name=\"twitter:label1\" content=\"Escrito por\" \/>\n\t<meta name=\"twitter:data1\" content=\"Quadratin\" \/>\n\t<meta name=\"twitter:label2\" content=\"Tiempo de lectura\" \/>\n\t<meta name=\"twitter:data2\" content=\"1 minuto\" \/>\n<script type=\"application\/ld+json\" class=\"yoast-schema-graph\">{\"@context\":\"https:\\\/\\\/schema.org\",\"@graph\":[{\"@type\":\"Article\",\"@id\":\"https:\\\/\\\/www.bbmnoticias.com\\\/labravaradiofm\\\/2022\\\/01\\\/06\\\/incendio-forestal-dana-12-hectareas-de-bosque-en-la-mixteca\\\/#article\",\"isPartOf\":{\"@id\":\"https:\\\/\\\/www.bbmnoticias.com\\\/labravaradiofm\\\/2022\\\/01\\\/06\\\/incendio-forestal-dana-12-hectareas-de-bosque-en-la-mixteca\\\/\"},\"author\":{\"name\":\"Quadratin\",\"@id\":\"https:\\\/\\\/www.bbmnoticias.com\\\/labravaradiofm\\\/#\\\/schema\\\/person\\\/c316b6f6c03640cce5d9482ba5a8e5c2\"},\"headline\":\"Incendio forestal da\u00f1a 12 hect\u00e1reas de bosque en la Mixteca\",\"datePublished\":\"2022-01-06T15:57:35+00:00\",\"dateModified\":\"2022-01-06T15:57:36+00:00\",\"mainEntityOfPage\":{\"@id\":\"https:\\\/\\\/www.bbmnoticias.com\\\/labravaradiofm\\\/2022\\\/01\\\/06\\\/incendio-forestal-dana-12-hectareas-de-bosque-en-la-mixteca\\\/\"},\"wordCount\":175,\"image\":{\"@id\":\"https:\\\/\\\/www.bbmnoticias.com\\\/labravaradiofm\\\/2022\\\/01\\\/06\\\/incendio-forestal-dana-12-hectareas-de-bosque-en-la-mixteca\\\/#primaryimage\"},\"thumbnailUrl\":\"https:\\\/\\\/www.bbmnoticias.com\\\/labravaradiofm\\\/wp-content\\\/uploads\\\/sites\\\/5\\\/2022\\\/01\\\/incendio-forestal.jpg\",\"articleSection\":[\"LOCAL\"],\"inLanguage\":\"es\"},{\"@type\":\"WebPage\",\"@id\":\"https:\\\/\\\/www.bbmnoticias.com\\\/labravaradiofm\\\/2022\\\/01\\\/06\\\/incendio-forestal-dana-12-hectareas-de-bosque-en-la-mixteca\\\/\",\"url\":\"https:\\\/\\\/www.bbmnoticias.com\\\/labravaradiofm\\\/2022\\\/01\\\/06\\\/incendio-forestal-dana-12-hectareas-de-bosque-en-la-mixteca\\\/\",\"name\":\"Incendio forestal da\u00f1a 12 hect\u00e1reas de bosque en la Mixteca - LA BRAVA RADIO\",\"isPartOf\":{\"@id\":\"https:\\\/\\\/www.bbmnoticias.com\\\/labravaradiofm\\\/#website\"},\"primaryImageOfPage\":{\"@id\":\"https:\\\/\\\/www.bbmnoticias.com\\\/labravaradiofm\\\/2022\\\/01\\\/06\\\/incendio-forestal-dana-12-hectareas-de-bosque-en-la-mixteca\\\/#primaryimage\"},\"image\":{\"@id\":\"https:\\\/\\\/www.bbmnoticias.com\\\/labravaradiofm\\\/2022\\\/01\\\/06\\\/incendio-forestal-dana-12-hectareas-de-bosque-en-la-mixteca\\\/#primaryimage\"},\"thumbnailUrl\":\"https:\\\/\\\/www.bbmnoticias.com\\\/labravaradiofm\\\/wp-content\\\/uploads\\\/sites\\\/5\\\/2022\\\/01\\\/incendio-forestal.jpg\",\"datePublished\":\"2022-01-06T15:57:35+00:00\",\"dateModified\":\"2022-01-06T15:57:36+00:00\",\"author\":{\"@id\":\"https:\\\/\\\/www.bbmnoticias.com\\\/labravaradiofm\\\/#\\\/schema\\\/person\\\/c316b6f6c03640cce5d9482ba5a8e5c2\"},\"breadcrumb\":{\"@id\":\"https:\\\/\\\/www.bbmnoticias.com\\\/labravaradiofm\\\/2022\\\/01\\\/06\\\/incendio-forestal-dana-12-hectareas-de-bosque-en-la-mixteca\\\/#breadcrumb\"},\"inLanguage\":\"es\",\"potentialAction\":[{\"@type\":\"ReadAction\",\"target\":[\"https:\\\/\\\/www.bbmnoticias.com\\\/labravaradiofm\\\/2022\\\/01\\\/06\\\/incendio-forestal-dana-12-hectareas-de-bosque-en-la-mixteca\\\/\"]}]},{\"@type\":\"ImageObject\",\"inLanguage\":\"es\",\"@id\":\"https:\\\/\\\/www.bbmnoticias.com\\\/labravaradiofm\\\/2022\\\/01\\\/06\\\/incendio-forestal-dana-12-hectareas-de-bosque-en-la-mixteca\\\/#primaryimage\",\"url\":\"https:\\\/\\\/www.bbmnoticias.com\\\/labravaradiofm\\\/wp-content\\\/uploads\\\/sites\\\/5\\\/2022\\\/01\\\/incendio-forestal.jpg\",\"contentUrl\":\"https:\\\/\\\/www.bbmnoticias.com\\\/labravaradiofm\\\/wp-content\\\/uploads\\\/sites\\\/5\\\/2022\\\/01\\\/incendio-forestal.jpg\",\"width\":780,\"height\":470},{\"@type\":\"BreadcrumbList\",\"@id\":\"https:\\\/\\\/www.bbmnoticias.com\\\/labravaradiofm\\\/2022\\\/01\\\/06\\\/incendio-forestal-dana-12-hectareas-de-bosque-en-la-mixteca\\\/#breadcrumb\",\"itemListElement\":[{\"@type\":\"ListItem\",\"position\":1,\"name\":\"Inicio\",\"item\":\"https:\\\/\\\/www.bbmnoticias.com\\\/labravaradiofm\\\/\"},{\"@type\":\"ListItem\",\"position\":2,\"name\":\"Incendio forestal da\u00f1a 12 hect\u00e1reas de bosque en la Mixteca\"}]},{\"@type\":\"WebSite\",\"@id\":\"https:\\\/\\\/www.bbmnoticias.com\\\/labravaradiofm\\\/#website\",\"url\":\"https:\\\/\\\/www.bbmnoticias.com\\\/labravaradiofm\\\/\",\"name\":\"LA BRAVA RADIO\",\"description\":\"Empresa productora de medios, Radiodifusi\u00f3n, Noticias, tendencias y todo lo que necesitas saber de la pol\u00edtica mexicana e internacional; entretenimiento, espect\u00e1culos, salud y mucho m\u00e1s.\",\"potentialAction\":[{\"@type\":\"SearchAction\",\"target\":{\"@type\":\"EntryPoint\",\"urlTemplate\":\"https:\\\/\\\/www.bbmnoticias.com\\\/labravaradiofm\\\/?s={search_term_string}\"},\"query-input\":{\"@type\":\"PropertyValueSpecification\",\"valueRequired\":true,\"valueName\":\"search_term_string\"}}],\"inLanguage\":\"es\"},{\"@type\":\"Person\",\"@id\":\"https:\\\/\\\/www.bbmnoticias.com\\\/labravaradiofm\\\/#\\\/schema\\\/person\\\/c316b6f6c03640cce5d9482ba5a8e5c2\",\"name\":\"Quadratin\",\"image\":{\"@type\":\"ImageObject\",\"inLanguage\":\"es\",\"@id\":\"https:\\\/\\\/secure.gravatar.com\\\/avatar\\\/34008d7d72488432d6a74f81e839efc9f754b118786ca32cf39d9d5508a68f63?s=96&d=mm&r=g\",\"url\":\"https:\\\/\\\/secure.gravatar.com\\\/avatar\\\/34008d7d72488432d6a74f81e839efc9f754b118786ca32cf39d9d5508a68f63?s=96&d=mm&r=g\",\"contentUrl\":\"https:\\\/\\\/secure.gravatar.com\\\/avatar\\\/34008d7d72488432d6a74f81e839efc9f754b118786ca32cf39d9d5508a68f63?s=96&d=mm&r=g\",\"caption\":\"Quadratin\"},\"url\":\"https:\\\/\\\/www.bbmnoticias.com\\\/labravaradiofm\\\/author\\\/quadratin\\\/\"}]}<\/script>\n<!-- \/ Yoast SEO plugin. -->","yoast_head_json":{"title":"Incendio forestal da\u00f1a 12 hect\u00e1reas de bosque en la Mixteca - LA BRAVA RADIO","robots":{"index":"index","follow":"follow","max-snippet":"max-snippet:-1","max-image-preview":"max-image-preview:large","max-video-preview":"max-video-preview:-1"},"canonical":"https:\/\/www.bbmnoticias.com\/labravaradiofm\/2022\/01\/06\/incendio-forestal-dana-12-hectareas-de-bosque-en-la-mixteca\/","og_locale":"es_MX","og_type":"article","og_title":"Incendio forestal da\u00f1a 12 hect\u00e1reas de bosque en la Mixteca - LA BRAVA RADIO","og_description":"OAXACA, Oax. 6 de enero de 2022.- Un incendio forestal en la regi\u00f3n Mixteca ya afect\u00f3 m\u00e1s de 12 hect\u00e1reas de bosque y contin\u00faa activo. La conflagraci\u00f3n est\u00e1 entre Santiago Juxtlahuaca y Putla Villa de Guerrero, la cual reportaron que inici\u00f3 hace tres d\u00edas. Sin embargo, el director de la Comisi\u00f3n Estatal Forestal, Aar\u00f3n Ju\u00e1rez [&hellip;]","og_url":"https:\/\/www.bbmnoticias.com\/labravaradiofm\/2022\/01\/06\/incendio-forestal-dana-12-hectareas-de-bosque-en-la-mixteca\/","og_site_name":"LA BRAVA RADIO","article_published_time":"2022-01-06T15:57:35+00:00","article_modified_time":"2022-01-06T15:57:36+00:00","og_image":[{"width":780,"height":470,"url":"https:\/\/www.bbmnoticias.com\/labravaradiofm\/wp-content\/uploads\/sites\/5\/2022\/01\/incendio-forestal.jpg","type":"image\/jpeg"}],"author":"Quadratin","twitter_card":"summary_large_image","twitter_misc":{"Escrito por":"Quadratin","Tiempo de lectura":"1 minuto"},"schema":{"@context":"https:\/\/schema.org","@graph":[{"@type":"Article","@id":"https:\/\/www.bbmnoticias.com\/labravaradiofm\/2022\/01\/06\/incendio-forestal-dana-12-hectareas-de-bosque-en-la-mixteca\/#article","isPartOf":{"@id":"https:\/\/www.bbmnoticias.com\/labravaradiofm\/2022\/01\/06\/incendio-forestal-dana-12-hectareas-de-bosque-en-la-mixteca\/"},"author":{"name":"Quadratin","@id":"https:\/\/www.bbmnoticias.com\/labravaradiofm\/#\/schema\/person\/c316b6f6c03640cce5d9482ba5a8e5c2"},"headline":"Incendio forestal da\u00f1a 12 hect\u00e1reas de bosque en la Mixteca","datePublished":"2022-01-06T15:57:35+00:00","dateModified":"2022-01-06T15:57:36+00:00","mainEntityOfPage":{"@id":"https:\/\/www.bbmnoticias.com\/labravaradiofm\/2022\/01\/06\/incendio-forestal-dana-12-hectareas-de-bosque-en-la-mixteca\/"},"wordCount":175,"image":{"@id":"https:\/\/www.bbmnoticias.com\/labravaradiofm\/2022\/01\/06\/incendio-forestal-dana-12-hectareas-de-bosque-en-la-mixteca\/#primaryimage"},"thumbnailUrl":"https:\/\/www.bbmnoticias.com\/labravaradiofm\/wp-content\/uploads\/sites\/5\/2022\/01\/incendio-forestal.jpg","articleSection":["LOCAL"],"inLanguage":"es"},{"@type":"WebPage","@id":"https:\/\/www.bbmnoticias.com\/labravaradiofm\/2022\/01\/06\/incendio-forestal-dana-12-hectareas-de-bosque-en-la-mixteca\/","url":"https:\/\/www.bbmnoticias.com\/labravaradiofm\/2022\/01\/06\/incendio-forestal-dana-12-hectareas-de-bosque-en-la-mixteca\/","name":"Incendio forestal da\u00f1a 12 hect\u00e1reas de bosque en la Mixteca - LA BRAVA RADIO","isPartOf":{"@id":"https:\/\/www.bbmnoticias.com\/labravaradiofm\/#website"},"primaryImageOfPage":{"@id":"https:\/\/www.bbmnoticias.com\/labravaradiofm\/2022\/01\/06\/incendio-forestal-dana-12-hectareas-de-bosque-en-la-mixteca\/#primaryimage"},"image":{"@id":"https:\/\/www.bbmnoticias.com\/labravaradiofm\/2022\/01\/06\/incendio-forestal-dana-12-hectareas-de-bosque-en-la-mixteca\/#primaryimage"},"thumbnailUrl":"https:\/\/www.bbmnoticias.com\/labravaradiofm\/wp-content\/uploads\/sites\/5\/2022\/01\/incendio-forestal.jpg","datePublished":"2022-01-06T15:57:35+00:00","dateModified":"2022-01-06T15:57:36+00:00","author":{"@id":"https:\/\/www.bbmnoticias.com\/labravaradiofm\/#\/schema\/person\/c316b6f6c03640cce5d9482ba5a8e5c2"},"breadcrumb":{"@id":"https:\/\/www.bbmnoticias.com\/labravaradiofm\/2022\/01\/06\/incendio-forestal-dana-12-hectareas-de-bosque-en-la-mixteca\/#breadcrumb"},"inLanguage":"es","potentialAction":[{"@type":"ReadAction","target":["https:\/\/www.bbmnoticias.com\/labravaradiofm\/2022\/01\/06\/incendio-forestal-dana-12-hectareas-de-bosque-en-la-mixteca\/"]}]},{"@type":"ImageObject","inLanguage":"es","@id":"https:\/\/www.bbmnoticias.com\/labravaradiofm\/2022\/01\/06\/incendio-forestal-dana-12-hectareas-de-bosque-en-la-mixteca\/#primaryimage","url":"https:\/\/www.bbmnoticias.com\/labravaradiofm\/wp-content\/uploads\/sites\/5\/2022\/01\/incendio-forestal.jpg","contentUrl":"https:\/\/www.bbmnoticias.com\/labravaradiofm\/wp-content\/uploads\/sites\/5\/2022\/01\/incendio-forestal.jpg","width":780,"height":470},{"@type":"BreadcrumbList","@id":"https:\/\/www.bbmnoticias.com\/labravaradiofm\/2022\/01\/06\/incendio-forestal-dana-12-hectareas-de-bosque-en-la-mixteca\/#breadcrumb","itemListElement":[{"@type":"ListItem","position":1,"name":"Inicio","item":"https:\/\/www.bbmnoticias.com\/labravaradiofm\/"},{"@type":"ListItem","position":2,"name":"Incendio forestal da\u00f1a 12 hect\u00e1reas de bosque en la Mixteca"}]},{"@type":"WebSite","@id":"https:\/\/www.bbmnoticias.com\/labravaradiofm\/#website","url":"https:\/\/www.bbmnoticias.com\/labravaradiofm\/","name":"LA BRAVA RADIO","description":"Empresa productora de medios, Radiodifusi\u00f3n, Noticias, tendencias y todo lo que necesitas saber de la pol\u00edtica mexicana e internacional; entretenimiento, espect\u00e1culos, salud y mucho m\u00e1s.","potentialAction":[{"@type":"SearchAction","target":{"@type":"EntryPoint","urlTemplate":"https:\/\/www.bbmnoticias.com\/labravaradiofm\/?s={search_term_string}"},"query-input":{"@type":"PropertyValueSpecification","valueRequired":true,"valueName":"search_term_string"}}],"inLanguage":"es"},{"@type":"Person","@id":"https:\/\/www.bbmnoticias.com\/labravaradiofm\/#\/schema\/person\/c316b6f6c03640cce5d9482ba5a8e5c2","name":"Quadratin","image":{"@type":"ImageObject","inLanguage":"es","@id":"https:\/\/secure.gravatar.com\/avatar\/34008d7d72488432d6a74f81e839efc9f754b118786ca32cf39d9d5508a68f63?s=96&d=mm&r=g","url":"https:\/\/secure.gravatar.com\/avatar\/34008d7d72488432d6a74f81e839efc9f754b118786ca32cf39d9d5508a68f63?s=96&d=mm&r=g","contentUrl":"https:\/\/secure.gravatar.com\/avatar\/34008d7d72488432d6a74f81e839efc9f754b118786ca32cf39d9d5508a68f63?s=96&d=mm&r=g","caption":"Quadratin"},"url":"https:\/\/www.bbmnoticias.com\/labravaradiofm\/author\/quadratin\/"}]}},"_links":{"self":[{"href":"https:\/\/www.bbmnoticias.com\/labravaradiofm\/wp-json\/wp\/v2\/posts\/8187","targetHints":{"allow":["GET"]}}],"collection":[{"href":"https:\/\/www.bbmnoticias.com\/labravaradiofm\/wp-json\/wp\/v2\/posts"}],"about":[{"href":"https:\/\/www.bbmnoticias.com\/labravaradiofm\/wp-json\/wp\/v2\/types\/post"}],"author":[{"embeddable":true,"href":"https:\/\/www.bbmnoticias.com\/labravaradiofm\/wp-json\/wp\/v2\/users\/5"}],"replies":[{"embeddable":true,"href":"https:\/\/www.bbmnoticias.com\/labravaradiofm\/wp-json\/wp\/v2\/comments?post=8187"}],"version-history":[{"count":0,"href":"https:\/\/www.bbmnoticias.com\/labravaradiofm\/wp-json\/wp\/v2\/posts\/8187\/revisions"}],"wp:featuredmedia":[{"embeddable":true,"href":"https:\/\/www.bbmnoticias.com\/labravaradiofm\/wp-json\/wp\/v2\/media\/8188"}],"wp:attachment":[{"href":"https:\/\/www.bbmnoticias.com\/labravaradiofm\/wp-json\/wp\/v2\/media?parent=8187"}],"wp:term":[{"taxonomy":"category","embeddable":true,"href":"https:\/\/www.bbmnoticias.com\/labravaradiofm\/wp-json\/wp\/v2\/categories?post=8187"},{"taxonomy":"post_tag","embeddable":true,"href":"https:\/\/www.bbmnoticias.com\/labravaradiofm\/wp-json\/wp\/v2\/tags?post=8187"}],"curies":[{"name":"wp","href":"https:\/\/api.w.org\/{rel}","templated":true}]}}