{"id":8177,"date":"2022-01-06T08:21:03","date_gmt":"2022-01-06T14:21:03","guid":{"rendered":"https:\/\/www.bbmnoticias.com\/labravaradiofm\/?p=8177"},"modified":"2022-01-06T08:23:36","modified_gmt":"2022-01-06T14:23:36","slug":"la-vacuna-de-refuerzo-para-maestras-y-maestros-de-mexico-ya-no-se-aplicara-el-8-de-enero","status":"publish","type":"post","link":"https:\/\/www.bbmnoticias.com\/labravaradiofm\/2022\/01\/06\/la-vacuna-de-refuerzo-para-maestras-y-maestros-de-mexico-ya-no-se-aplicara-el-8-de-enero\/","title":{"rendered":"La vacuna de refuerzo para maestras y maestros de M\u00e9xico ya no se aplicar\u00e1 el 8 de enero"},"content":{"rendered":"<div style=\"margin-top: 0px; margin-bottom: 0px;\" class=\"sharethis-inline-share-buttons\" ><\/div>\n<p>La <strong>vacunaci\u00f3n de refuerzo para maestros y personal educativo<\/strong>ha sido retrasada, inform\u00f3 la <strong>Secretar\u00eda de Salud <\/strong>el 5 de enero.<\/p>\n\n\n\n<p>El retraso del inicio de la vacunaci\u00f3n se debe a que el embarque con vacunas donadas de la farmac\u00e9utica Moderna llegar\u00e1 a M\u00e9xico en otra fecha por las condiciones meteorol\u00f3gicas adversas que prevalecen en Estados Unidos.<\/p>\n\n\n\n<p>La Secretar\u00eda de Salud se\u00f1ala que 90% de la <strong>poblaci\u00f3n objetivo<\/strong>, ya tiene su <strong>esquema de vacunaci\u00f3n completo<\/strong> contra <strong>Covid-19<\/strong>.<\/p>\n\n\n\n<p>Afirm\u00f3 que hasta la fecha se han aplicado 149.5 millones de dosis en el pa\u00eds, mientras que, hasta ahora, 82.1 millones de personas han recibido al menos un biol\u00f3gico.<\/p>\n\n\n\n<p>Como parte de la <strong>Estrategia Nacional de Vacunaci\u00f3n<\/strong>, el martes 5 de enero, se aplicaron 191 mil 455 biol\u00f3gicos, para un total de 149 millones 574 mil 164 dosis aplicadas desde el 24 de diciembre de 2020.<\/p>\n\n\n\n<figure class=\"wp-block-image size-full\"><img loading=\"lazy\" decoding=\"async\" width=\"720\" height=\"405\" src=\"https:\/\/www.bbmnoticias.com\/labravaradiofm\/wp-content\/uploads\/sites\/5\/2022\/01\/jorge-alcocer.jpg\" alt=\"\" class=\"wp-image-8087\" srcset=\"https:\/\/www.bbmnoticias.com\/labravaradiofm\/wp-content\/uploads\/sites\/5\/2022\/01\/jorge-alcocer.jpg 720w, https:\/\/www.bbmnoticias.com\/labravaradiofm\/wp-content\/uploads\/sites\/5\/2022\/01\/jorge-alcocer-300x169.jpg 300w, https:\/\/www.bbmnoticias.com\/labravaradiofm\/wp-content\/uploads\/sites\/5\/2022\/01\/jorge-alcocer-640x360.jpg 640w, https:\/\/www.bbmnoticias.com\/labravaradiofm\/wp-content\/uploads\/sites\/5\/2022\/01\/jorge-alcocer-681x383.jpg 681w\" sizes=\"auto, (max-width: 720px) 100vw, 720px\" \/><\/figure>\n\n\n\n<h2 class=\"wp-block-heading\"><strong>Retrasan vacunaci\u00f3n de refuerzo para maestros y personal educativo<\/strong><\/h2>\n\n\n\n<p>El lunes 4 de enero y durante la <strong>ma\u00f1anera de AMLO<\/strong>, el secretario de Salud, <strong>Jorge Alcocer<\/strong> anunci\u00f3 que la <strong>vacunaci\u00f3n de refuerzo<\/strong> para <strong>maestros<\/strong> y <strong>personal educativo<\/strong> iniciar\u00eda el s\u00e1bado 8 de enero.<\/p>\n\n\n\n<p>Sin embargo, tan solo dos d\u00edas despu\u00e9s la <strong>Secretar\u00eda de Salud<\/strong> anuncia el retraso de la vacunaci\u00f3n de refuerzo para maestros y personal educativo.<\/p>\n\n\n\n<p>El retraso del inicio de la vacunaci\u00f3n se debe a que el embarque con vacunas donadas de la farmac\u00e9utica Moderna llegar\u00e1 a M\u00e9xico en otra fecha por las condiciones meteorol\u00f3gicas adversas que prevalecen en Estados Unidos.<\/p>\n\n\n\n<p>Ser\u00e1 en los pr\u00f3ximos d\u00edas cuandose anuncie una nueva fecha para el inicio de la vacunaci\u00f3n de refuerzo contra Covid-19 para maestras, maestros y personal docente.<\/p>\n\n\n\n<p><\/p>\n\n\n\n<figure class=\"wp-block-image size-large\"><img loading=\"lazy\" decoding=\"async\" width=\"1200\" height=\"800\" src=\"https:\/\/www.bbmnoticias.com\/labravaradiofm\/wp-content\/uploads\/sites\/5\/2022\/01\/vacunas-maestros-2.webp\" alt=\"\" class=\"wp-image-8180\" srcset=\"https:\/\/www.bbmnoticias.com\/labravaradiofm\/wp-content\/uploads\/sites\/5\/2022\/01\/vacunas-maestros-2.webp 1200w, https:\/\/www.bbmnoticias.com\/labravaradiofm\/wp-content\/uploads\/sites\/5\/2022\/01\/vacunas-maestros-2-300x200.webp 300w, https:\/\/www.bbmnoticias.com\/labravaradiofm\/wp-content\/uploads\/sites\/5\/2022\/01\/vacunas-maestros-2-1024x683.webp 1024w, https:\/\/www.bbmnoticias.com\/labravaradiofm\/wp-content\/uploads\/sites\/5\/2022\/01\/vacunas-maestros-2-768x512.webp 768w, https:\/\/www.bbmnoticias.com\/labravaradiofm\/wp-content\/uploads\/sites\/5\/2022\/01\/vacunas-maestros-2-630x420.webp 630w, https:\/\/www.bbmnoticias.com\/labravaradiofm\/wp-content\/uploads\/sites\/5\/2022\/01\/vacunas-maestros-2-640x427.webp 640w, https:\/\/www.bbmnoticias.com\/labravaradiofm\/wp-content\/uploads\/sites\/5\/2022\/01\/vacunas-maestros-2-681x454.webp 681w\" sizes=\"auto, (max-width: 1200px) 100vw, 1200px\" \/><\/figure>\n\n\n\n<h2 class=\"wp-block-heading\"><strong>Por lo menos 2 mil 660 vuelos en los Estados Unidos, fueron cancelados por el mal clima<\/strong><\/h2>\n\n\n\n<p>Cabe recordar que, para finales de 2021, <strong>por lo menos 2 mil 660 vuelos en los Estados Unidos, fueron cancelados <\/strong>por el <strong>mal clima<\/strong>.<\/p>\n\n\n\n<p>Tambi\u00e9n por los <strong>contagios<\/strong> de <strong>Covid-19<\/strong> que se est\u00e1n dando en las <strong>tripulaciones<\/strong> del <strong>transporte a\u00e9reo<\/strong>.<\/p>\n\n\n\n<p>Este mal clima que est\u00e1 reportando Estados Unidos es una mezcla de<strong> lluvia con nieve<\/strong>.<\/p>\n\n\n\n<p>Incluso hay reportes de <strong>tormentas invernales<\/strong>, d\u00f3nde en la capital del pa\u00eds americano, <strong>Washington D.C,<\/strong> se esperan hasta 20 cent\u00edmetros de nieve en su primera tormenta invernal.<\/p>\n\n\n\n<p>Adem\u00e1s de que estas tormentas invernales provocar\u00e1n diversos<strong> cortes de energ\u00eda <\/strong>que afectar\u00e1n a miles de estadounidenses.<\/p>\n\n\n\n<p>Para el pr\u00f3ximo 7 de enero, los <strong>servicios meteorol\u00f3gicos<\/strong> de Estados Unidos pronostican una impactante tormenta invernal.<\/p>\n\n\n\n<p>Por lo que posiblemente, esto afecte al transporte a\u00e9reo y por lo tanto al<strong> embarque de las vacunas de Moderna<\/strong> que se utilizar\u00edan para la vacunaci\u00f3n de refuerzo para los maestros y personal educativo de M\u00e9xico.<\/p>\n","protected":false},"excerpt":{"rendered":"<p>La vacunaci\u00f3n de refuerzo para maestros y personal educativoha sido retrasada, inform\u00f3 la Secretar\u00eda de Salud el 5 de enero. El retraso del inicio de la vacunaci\u00f3n se debe a que el embarque con vacunas donadas de la farmac\u00e9utica Moderna llegar\u00e1 a M\u00e9xico en otra fecha por las condiciones meteorol\u00f3gicas adversas que prevalecen en Estados [&hellip;]<\/p>\n","protected":false},"author":12,"featured_media":8178,"comment_status":"closed","ping_status":"closed","sticky":false,"template":"","format":"standard","meta":{"footnotes":""},"categories":[19],"tags":[],"class_list":{"0":"post-8177","1":"post","2":"type-post","3":"status-publish","4":"format-standard","5":"has-post-thumbnail","7":"category-nacional"},"yoast_head":"<!-- This site is optimized with the Yoast SEO plugin v27.4 - https:\/\/yoast.com\/product\/yoast-seo-wordpress\/ -->\n<title>La vacuna de refuerzo para maestras y maestros de M\u00e9xico ya no se aplicar\u00e1 el 8 de enero - LA BRAVA RADIO<\/title>\n<meta name=\"robots\" content=\"index, follow, max-snippet:-1, max-image-preview:large, max-video-preview:-1\" \/>\n<link rel=\"canonical\" href=\"https:\/\/www.bbmnoticias.com\/labravaradiofm\/2022\/01\/06\/la-vacuna-de-refuerzo-para-maestras-y-maestros-de-mexico-ya-no-se-aplicara-el-8-de-enero\/\" \/>\n<meta property=\"og:locale\" content=\"es_MX\" \/>\n<meta property=\"og:type\" content=\"article\" \/>\n<meta property=\"og:title\" content=\"La vacuna de refuerzo para maestras y maestros de M\u00e9xico ya no se aplicar\u00e1 el 8 de enero - LA BRAVA RADIO\" \/>\n<meta property=\"og:description\" content=\"La vacunaci\u00f3n de refuerzo para maestros y personal educativoha sido retrasada, inform\u00f3 la Secretar\u00eda de Salud el 5 de enero. El retraso del inicio de la vacunaci\u00f3n se debe a que el embarque con vacunas donadas de la farmac\u00e9utica Moderna llegar\u00e1 a M\u00e9xico en otra fecha por las condiciones meteorol\u00f3gicas adversas que prevalecen en Estados [&hellip;]\" \/>\n<meta property=\"og:url\" content=\"https:\/\/www.bbmnoticias.com\/labravaradiofm\/2022\/01\/06\/la-vacuna-de-refuerzo-para-maestras-y-maestros-de-mexico-ya-no-se-aplicara-el-8-de-enero\/\" \/>\n<meta property=\"og:site_name\" content=\"LA BRAVA RADIO\" \/>\n<meta property=\"article:published_time\" content=\"2022-01-06T14:21:03+00:00\" \/>\n<meta property=\"article:modified_time\" content=\"2022-01-06T14:23:36+00:00\" \/>\n<meta property=\"og:image\" content=\"https:\/\/www.bbmnoticias.com\/labravaradiofm\/wp-content\/uploads\/sites\/5\/2022\/01\/vacunas-maestros.jpg\" \/>\n\t<meta property=\"og:image:width\" content=\"640\" \/>\n\t<meta property=\"og:image:height\" content=\"360\" \/>\n\t<meta property=\"og:image:type\" content=\"image\/jpeg\" \/>\n<meta name=\"author\" content=\"SDPnoticias\" \/>\n<meta name=\"twitter:card\" content=\"summary_large_image\" \/>\n<meta name=\"twitter:label1\" content=\"Escrito por\" \/>\n\t<meta name=\"twitter:data1\" content=\"SDPnoticias\" \/>\n\t<meta name=\"twitter:label2\" content=\"Tiempo de lectura\" \/>\n\t<meta name=\"twitter:data2\" content=\"3 minutos\" \/>\n<script type=\"application\/ld+json\" class=\"yoast-schema-graph\">{\"@context\":\"https:\\\/\\\/schema.org\",\"@graph\":[{\"@type\":\"Article\",\"@id\":\"https:\\\/\\\/www.bbmnoticias.com\\\/labravaradiofm\\\/2022\\\/01\\\/06\\\/la-vacuna-de-refuerzo-para-maestras-y-maestros-de-mexico-ya-no-se-aplicara-el-8-de-enero\\\/#article\",\"isPartOf\":{\"@id\":\"https:\\\/\\\/www.bbmnoticias.com\\\/labravaradiofm\\\/2022\\\/01\\\/06\\\/la-vacuna-de-refuerzo-para-maestras-y-maestros-de-mexico-ya-no-se-aplicara-el-8-de-enero\\\/\"},\"author\":{\"name\":\"SDPnoticias\",\"@id\":\"https:\\\/\\\/www.bbmnoticias.com\\\/labravaradiofm\\\/#\\\/schema\\\/person\\\/baf240d77a345f5fbc3dc146f9161af9\"},\"headline\":\"La vacuna de refuerzo para maestras y maestros de M\u00e9xico ya no se aplicar\u00e1 el 8 de enero\",\"datePublished\":\"2022-01-06T14:21:03+00:00\",\"dateModified\":\"2022-01-06T14:23:36+00:00\",\"mainEntityOfPage\":{\"@id\":\"https:\\\/\\\/www.bbmnoticias.com\\\/labravaradiofm\\\/2022\\\/01\\\/06\\\/la-vacuna-de-refuerzo-para-maestras-y-maestros-de-mexico-ya-no-se-aplicara-el-8-de-enero\\\/\"},\"wordCount\":484,\"image\":{\"@id\":\"https:\\\/\\\/www.bbmnoticias.com\\\/labravaradiofm\\\/2022\\\/01\\\/06\\\/la-vacuna-de-refuerzo-para-maestras-y-maestros-de-mexico-ya-no-se-aplicara-el-8-de-enero\\\/#primaryimage\"},\"thumbnailUrl\":\"https:\\\/\\\/www.bbmnoticias.com\\\/labravaradiofm\\\/wp-content\\\/uploads\\\/sites\\\/5\\\/2022\\\/01\\\/vacunas-maestros.jpg\",\"articleSection\":[\"NACIONAL\"],\"inLanguage\":\"es\"},{\"@type\":\"WebPage\",\"@id\":\"https:\\\/\\\/www.bbmnoticias.com\\\/labravaradiofm\\\/2022\\\/01\\\/06\\\/la-vacuna-de-refuerzo-para-maestras-y-maestros-de-mexico-ya-no-se-aplicara-el-8-de-enero\\\/\",\"url\":\"https:\\\/\\\/www.bbmnoticias.com\\\/labravaradiofm\\\/2022\\\/01\\\/06\\\/la-vacuna-de-refuerzo-para-maestras-y-maestros-de-mexico-ya-no-se-aplicara-el-8-de-enero\\\/\",\"name\":\"La vacuna de refuerzo para maestras y maestros de M\u00e9xico ya no se aplicar\u00e1 el 8 de enero - LA BRAVA RADIO\",\"isPartOf\":{\"@id\":\"https:\\\/\\\/www.bbmnoticias.com\\\/labravaradiofm\\\/#website\"},\"primaryImageOfPage\":{\"@id\":\"https:\\\/\\\/www.bbmnoticias.com\\\/labravaradiofm\\\/2022\\\/01\\\/06\\\/la-vacuna-de-refuerzo-para-maestras-y-maestros-de-mexico-ya-no-se-aplicara-el-8-de-enero\\\/#primaryimage\"},\"image\":{\"@id\":\"https:\\\/\\\/www.bbmnoticias.com\\\/labravaradiofm\\\/2022\\\/01\\\/06\\\/la-vacuna-de-refuerzo-para-maestras-y-maestros-de-mexico-ya-no-se-aplicara-el-8-de-enero\\\/#primaryimage\"},\"thumbnailUrl\":\"https:\\\/\\\/www.bbmnoticias.com\\\/labravaradiofm\\\/wp-content\\\/uploads\\\/sites\\\/5\\\/2022\\\/01\\\/vacunas-maestros.jpg\",\"datePublished\":\"2022-01-06T14:21:03+00:00\",\"dateModified\":\"2022-01-06T14:23:36+00:00\",\"author\":{\"@id\":\"https:\\\/\\\/www.bbmnoticias.com\\\/labravaradiofm\\\/#\\\/schema\\\/person\\\/baf240d77a345f5fbc3dc146f9161af9\"},\"breadcrumb\":{\"@id\":\"https:\\\/\\\/www.bbmnoticias.com\\\/labravaradiofm\\\/2022\\\/01\\\/06\\\/la-vacuna-de-refuerzo-para-maestras-y-maestros-de-mexico-ya-no-se-aplicara-el-8-de-enero\\\/#breadcrumb\"},\"inLanguage\":\"es\",\"potentialAction\":[{\"@type\":\"ReadAction\",\"target\":[\"https:\\\/\\\/www.bbmnoticias.com\\\/labravaradiofm\\\/2022\\\/01\\\/06\\\/la-vacuna-de-refuerzo-para-maestras-y-maestros-de-mexico-ya-no-se-aplicara-el-8-de-enero\\\/\"]}]},{\"@type\":\"ImageObject\",\"inLanguage\":\"es\",\"@id\":\"https:\\\/\\\/www.bbmnoticias.com\\\/labravaradiofm\\\/2022\\\/01\\\/06\\\/la-vacuna-de-refuerzo-para-maestras-y-maestros-de-mexico-ya-no-se-aplicara-el-8-de-enero\\\/#primaryimage\",\"url\":\"https:\\\/\\\/www.bbmnoticias.com\\\/labravaradiofm\\\/wp-content\\\/uploads\\\/sites\\\/5\\\/2022\\\/01\\\/vacunas-maestros.jpg\",\"contentUrl\":\"https:\\\/\\\/www.bbmnoticias.com\\\/labravaradiofm\\\/wp-content\\\/uploads\\\/sites\\\/5\\\/2022\\\/01\\\/vacunas-maestros.jpg\",\"width\":640,\"height\":360},{\"@type\":\"BreadcrumbList\",\"@id\":\"https:\\\/\\\/www.bbmnoticias.com\\\/labravaradiofm\\\/2022\\\/01\\\/06\\\/la-vacuna-de-refuerzo-para-maestras-y-maestros-de-mexico-ya-no-se-aplicara-el-8-de-enero\\\/#breadcrumb\",\"itemListElement\":[{\"@type\":\"ListItem\",\"position\":1,\"name\":\"Inicio\",\"item\":\"https:\\\/\\\/www.bbmnoticias.com\\\/labravaradiofm\\\/\"},{\"@type\":\"ListItem\",\"position\":2,\"name\":\"La vacuna de refuerzo para maestras y maestros de M\u00e9xico ya no se aplicar\u00e1 el 8 de enero\"}]},{\"@type\":\"WebSite\",\"@id\":\"https:\\\/\\\/www.bbmnoticias.com\\\/labravaradiofm\\\/#website\",\"url\":\"https:\\\/\\\/www.bbmnoticias.com\\\/labravaradiofm\\\/\",\"name\":\"LA BRAVA RADIO\",\"description\":\"Empresa productora de medios, Radiodifusi\u00f3n, Noticias, tendencias y todo lo que necesitas saber de la pol\u00edtica mexicana e internacional; entretenimiento, espect\u00e1culos, salud y mucho m\u00e1s.\",\"potentialAction\":[{\"@type\":\"SearchAction\",\"target\":{\"@type\":\"EntryPoint\",\"urlTemplate\":\"https:\\\/\\\/www.bbmnoticias.com\\\/labravaradiofm\\\/?s={search_term_string}\"},\"query-input\":{\"@type\":\"PropertyValueSpecification\",\"valueRequired\":true,\"valueName\":\"search_term_string\"}}],\"inLanguage\":\"es\"},{\"@type\":\"Person\",\"@id\":\"https:\\\/\\\/www.bbmnoticias.com\\\/labravaradiofm\\\/#\\\/schema\\\/person\\\/baf240d77a345f5fbc3dc146f9161af9\",\"name\":\"SDPnoticias\",\"image\":{\"@type\":\"ImageObject\",\"inLanguage\":\"es\",\"@id\":\"https:\\\/\\\/secure.gravatar.com\\\/avatar\\\/015ede9175a06d999d8b2b09e108b48c9e008e4ee44a647956086b51bbce326c?s=96&d=mm&r=g\",\"url\":\"https:\\\/\\\/secure.gravatar.com\\\/avatar\\\/015ede9175a06d999d8b2b09e108b48c9e008e4ee44a647956086b51bbce326c?s=96&d=mm&r=g\",\"contentUrl\":\"https:\\\/\\\/secure.gravatar.com\\\/avatar\\\/015ede9175a06d999d8b2b09e108b48c9e008e4ee44a647956086b51bbce326c?s=96&d=mm&r=g\",\"caption\":\"SDPnoticias\"},\"url\":\"https:\\\/\\\/www.bbmnoticias.com\\\/labravaradiofm\\\/author\\\/sdpnoticias\\\/\"}]}<\/script>\n<!-- \/ Yoast SEO plugin. -->","yoast_head_json":{"title":"La vacuna de refuerzo para maestras y maestros de M\u00e9xico ya no se aplicar\u00e1 el 8 de enero - LA BRAVA RADIO","robots":{"index":"index","follow":"follow","max-snippet":"max-snippet:-1","max-image-preview":"max-image-preview:large","max-video-preview":"max-video-preview:-1"},"canonical":"https:\/\/www.bbmnoticias.com\/labravaradiofm\/2022\/01\/06\/la-vacuna-de-refuerzo-para-maestras-y-maestros-de-mexico-ya-no-se-aplicara-el-8-de-enero\/","og_locale":"es_MX","og_type":"article","og_title":"La vacuna de refuerzo para maestras y maestros de M\u00e9xico ya no se aplicar\u00e1 el 8 de enero - LA BRAVA RADIO","og_description":"La vacunaci\u00f3n de refuerzo para maestros y personal educativoha sido retrasada, inform\u00f3 la Secretar\u00eda de Salud el 5 de enero. El retraso del inicio de la vacunaci\u00f3n se debe a que el embarque con vacunas donadas de la farmac\u00e9utica Moderna llegar\u00e1 a M\u00e9xico en otra fecha por las condiciones meteorol\u00f3gicas adversas que prevalecen en Estados [&hellip;]","og_url":"https:\/\/www.bbmnoticias.com\/labravaradiofm\/2022\/01\/06\/la-vacuna-de-refuerzo-para-maestras-y-maestros-de-mexico-ya-no-se-aplicara-el-8-de-enero\/","og_site_name":"LA BRAVA RADIO","article_published_time":"2022-01-06T14:21:03+00:00","article_modified_time":"2022-01-06T14:23:36+00:00","og_image":[{"width":640,"height":360,"url":"https:\/\/www.bbmnoticias.com\/labravaradiofm\/wp-content\/uploads\/sites\/5\/2022\/01\/vacunas-maestros.jpg","type":"image\/jpeg"}],"author":"SDPnoticias","twitter_card":"summary_large_image","twitter_misc":{"Escrito por":"SDPnoticias","Tiempo de lectura":"3 minutos"},"schema":{"@context":"https:\/\/schema.org","@graph":[{"@type":"Article","@id":"https:\/\/www.bbmnoticias.com\/labravaradiofm\/2022\/01\/06\/la-vacuna-de-refuerzo-para-maestras-y-maestros-de-mexico-ya-no-se-aplicara-el-8-de-enero\/#article","isPartOf":{"@id":"https:\/\/www.bbmnoticias.com\/labravaradiofm\/2022\/01\/06\/la-vacuna-de-refuerzo-para-maestras-y-maestros-de-mexico-ya-no-se-aplicara-el-8-de-enero\/"},"author":{"name":"SDPnoticias","@id":"https:\/\/www.bbmnoticias.com\/labravaradiofm\/#\/schema\/person\/baf240d77a345f5fbc3dc146f9161af9"},"headline":"La vacuna de refuerzo para maestras y maestros de M\u00e9xico ya no se aplicar\u00e1 el 8 de enero","datePublished":"2022-01-06T14:21:03+00:00","dateModified":"2022-01-06T14:23:36+00:00","mainEntityOfPage":{"@id":"https:\/\/www.bbmnoticias.com\/labravaradiofm\/2022\/01\/06\/la-vacuna-de-refuerzo-para-maestras-y-maestros-de-mexico-ya-no-se-aplicara-el-8-de-enero\/"},"wordCount":484,"image":{"@id":"https:\/\/www.bbmnoticias.com\/labravaradiofm\/2022\/01\/06\/la-vacuna-de-refuerzo-para-maestras-y-maestros-de-mexico-ya-no-se-aplicara-el-8-de-enero\/#primaryimage"},"thumbnailUrl":"https:\/\/www.bbmnoticias.com\/labravaradiofm\/wp-content\/uploads\/sites\/5\/2022\/01\/vacunas-maestros.jpg","articleSection":["NACIONAL"],"inLanguage":"es"},{"@type":"WebPage","@id":"https:\/\/www.bbmnoticias.com\/labravaradiofm\/2022\/01\/06\/la-vacuna-de-refuerzo-para-maestras-y-maestros-de-mexico-ya-no-se-aplicara-el-8-de-enero\/","url":"https:\/\/www.bbmnoticias.com\/labravaradiofm\/2022\/01\/06\/la-vacuna-de-refuerzo-para-maestras-y-maestros-de-mexico-ya-no-se-aplicara-el-8-de-enero\/","name":"La vacuna de refuerzo para maestras y maestros de M\u00e9xico ya no se aplicar\u00e1 el 8 de enero - LA BRAVA RADIO","isPartOf":{"@id":"https:\/\/www.bbmnoticias.com\/labravaradiofm\/#website"},"primaryImageOfPage":{"@id":"https:\/\/www.bbmnoticias.com\/labravaradiofm\/2022\/01\/06\/la-vacuna-de-refuerzo-para-maestras-y-maestros-de-mexico-ya-no-se-aplicara-el-8-de-enero\/#primaryimage"},"image":{"@id":"https:\/\/www.bbmnoticias.com\/labravaradiofm\/2022\/01\/06\/la-vacuna-de-refuerzo-para-maestras-y-maestros-de-mexico-ya-no-se-aplicara-el-8-de-enero\/#primaryimage"},"thumbnailUrl":"https:\/\/www.bbmnoticias.com\/labravaradiofm\/wp-content\/uploads\/sites\/5\/2022\/01\/vacunas-maestros.jpg","datePublished":"2022-01-06T14:21:03+00:00","dateModified":"2022-01-06T14:23:36+00:00","author":{"@id":"https:\/\/www.bbmnoticias.com\/labravaradiofm\/#\/schema\/person\/baf240d77a345f5fbc3dc146f9161af9"},"breadcrumb":{"@id":"https:\/\/www.bbmnoticias.com\/labravaradiofm\/2022\/01\/06\/la-vacuna-de-refuerzo-para-maestras-y-maestros-de-mexico-ya-no-se-aplicara-el-8-de-enero\/#breadcrumb"},"inLanguage":"es","potentialAction":[{"@type":"ReadAction","target":["https:\/\/www.bbmnoticias.com\/labravaradiofm\/2022\/01\/06\/la-vacuna-de-refuerzo-para-maestras-y-maestros-de-mexico-ya-no-se-aplicara-el-8-de-enero\/"]}]},{"@type":"ImageObject","inLanguage":"es","@id":"https:\/\/www.bbmnoticias.com\/labravaradiofm\/2022\/01\/06\/la-vacuna-de-refuerzo-para-maestras-y-maestros-de-mexico-ya-no-se-aplicara-el-8-de-enero\/#primaryimage","url":"https:\/\/www.bbmnoticias.com\/labravaradiofm\/wp-content\/uploads\/sites\/5\/2022\/01\/vacunas-maestros.jpg","contentUrl":"https:\/\/www.bbmnoticias.com\/labravaradiofm\/wp-content\/uploads\/sites\/5\/2022\/01\/vacunas-maestros.jpg","width":640,"height":360},{"@type":"BreadcrumbList","@id":"https:\/\/www.bbmnoticias.com\/labravaradiofm\/2022\/01\/06\/la-vacuna-de-refuerzo-para-maestras-y-maestros-de-mexico-ya-no-se-aplicara-el-8-de-enero\/#breadcrumb","itemListElement":[{"@type":"ListItem","position":1,"name":"Inicio","item":"https:\/\/www.bbmnoticias.com\/labravaradiofm\/"},{"@type":"ListItem","position":2,"name":"La vacuna de refuerzo para maestras y maestros de M\u00e9xico ya no se aplicar\u00e1 el 8 de enero"}]},{"@type":"WebSite","@id":"https:\/\/www.bbmnoticias.com\/labravaradiofm\/#website","url":"https:\/\/www.bbmnoticias.com\/labravaradiofm\/","name":"LA BRAVA RADIO","description":"Empresa productora de medios, Radiodifusi\u00f3n, Noticias, tendencias y todo lo que necesitas saber de la pol\u00edtica mexicana e internacional; entretenimiento, espect\u00e1culos, salud y mucho m\u00e1s.","potentialAction":[{"@type":"SearchAction","target":{"@type":"EntryPoint","urlTemplate":"https:\/\/www.bbmnoticias.com\/labravaradiofm\/?s={search_term_string}"},"query-input":{"@type":"PropertyValueSpecification","valueRequired":true,"valueName":"search_term_string"}}],"inLanguage":"es"},{"@type":"Person","@id":"https:\/\/www.bbmnoticias.com\/labravaradiofm\/#\/schema\/person\/baf240d77a345f5fbc3dc146f9161af9","name":"SDPnoticias","image":{"@type":"ImageObject","inLanguage":"es","@id":"https:\/\/secure.gravatar.com\/avatar\/015ede9175a06d999d8b2b09e108b48c9e008e4ee44a647956086b51bbce326c?s=96&d=mm&r=g","url":"https:\/\/secure.gravatar.com\/avatar\/015ede9175a06d999d8b2b09e108b48c9e008e4ee44a647956086b51bbce326c?s=96&d=mm&r=g","contentUrl":"https:\/\/secure.gravatar.com\/avatar\/015ede9175a06d999d8b2b09e108b48c9e008e4ee44a647956086b51bbce326c?s=96&d=mm&r=g","caption":"SDPnoticias"},"url":"https:\/\/www.bbmnoticias.com\/labravaradiofm\/author\/sdpnoticias\/"}]}},"_links":{"self":[{"href":"https:\/\/www.bbmnoticias.com\/labravaradiofm\/wp-json\/wp\/v2\/posts\/8177","targetHints":{"allow":["GET"]}}],"collection":[{"href":"https:\/\/www.bbmnoticias.com\/labravaradiofm\/wp-json\/wp\/v2\/posts"}],"about":[{"href":"https:\/\/www.bbmnoticias.com\/labravaradiofm\/wp-json\/wp\/v2\/types\/post"}],"author":[{"embeddable":true,"href":"https:\/\/www.bbmnoticias.com\/labravaradiofm\/wp-json\/wp\/v2\/users\/12"}],"replies":[{"embeddable":true,"href":"https:\/\/www.bbmnoticias.com\/labravaradiofm\/wp-json\/wp\/v2\/comments?post=8177"}],"version-history":[{"count":0,"href":"https:\/\/www.bbmnoticias.com\/labravaradiofm\/wp-json\/wp\/v2\/posts\/8177\/revisions"}],"wp:featuredmedia":[{"embeddable":true,"href":"https:\/\/www.bbmnoticias.com\/labravaradiofm\/wp-json\/wp\/v2\/media\/8178"}],"wp:attachment":[{"href":"https:\/\/www.bbmnoticias.com\/labravaradiofm\/wp-json\/wp\/v2\/media?parent=8177"}],"wp:term":[{"taxonomy":"category","embeddable":true,"href":"https:\/\/www.bbmnoticias.com\/labravaradiofm\/wp-json\/wp\/v2\/categories?post=8177"},{"taxonomy":"post_tag","embeddable":true,"href":"https:\/\/www.bbmnoticias.com\/labravaradiofm\/wp-json\/wp\/v2\/tags?post=8177"}],"curies":[{"name":"wp","href":"https:\/\/api.w.org\/{rel}","templated":true}]}}