{"id":8174,"date":"2022-01-06T08:11:40","date_gmt":"2022-01-06T14:11:40","guid":{"rendered":"https:\/\/www.bbmnoticias.com\/labravaradiofm\/?p=8174"},"modified":"2022-01-06T08:11:42","modified_gmt":"2022-01-06T14:11:42","slug":"repunte-de-casos-activos-y-hospitalizaciones-por-covid-19-se-espera-para-finales-de-enero","status":"publish","type":"post","link":"https:\/\/www.bbmnoticias.com\/labravaradiofm\/2022\/01\/06\/repunte-de-casos-activos-y-hospitalizaciones-por-covid-19-se-espera-para-finales-de-enero\/","title":{"rendered":"Repunte de casos activos y hospitalizaciones por COVID-19, se espera para finales de enero"},"content":{"rendered":"<div style=\"margin-top: 0px; margin-bottom: 0px;\" class=\"sharethis-inline-share-buttons\" ><\/div>\n<p><strong>Oaxaca de Ju\u00e1rez, Oax., 05 de enero de 2022<\/strong>.- El Secretario de Salud del estado de Oaxaca, Juan Carlos M\u00e1rquez Heine, dio a conocer, que en la \u00faltima quincena de enero y primera del mes de febrero, se espera un repunte de casos activos y hospitalizaciones por COVID-19, ello derivado de las reuniones familiares que se efectuaron en el mes de diciembre y al relajamiento de las medidas sanitarias contra la pandemia.&nbsp;<\/p>\n\n\n\n<p>En este sentido, exhort\u00f3 a la poblaci\u00f3n a no bajar la guardia, seguir con las medidas sanitarias para cortar la cadena de contagios, evitar los lugares concurridos y poco ventilados, usar el cubrebocas de forma correcta que cubra nariz y barbilla, aplicar la sana distancia y lavarse las manos.<\/p>\n\n\n\n<p>Y es que este mi\u00e9rcoles, los Servicios de Salud de Oaxaca (SSO) han contabilizado 165 casos nuevos de COVID-19 y dos defunciones, que suman 84 mil 528 casos acumulados y cinco mil 662 decesos, hay 465 casos activos en 68 municipios y 78 mil 401 personas se han recuperado de la enfermedad.&nbsp;<\/p>\n\n\n\n<p>De acuerdo al panorama jurisdiccional, Valles Centrales contabiliza 51 mil 277 casos confirmados y dos mil 515 defunciones; Istmo 11 mil 917 casos confirmados y mil 206 decesos; Mixteca seis mil 551 casos confirmados y 580 muertes; Costa cinco mil 987 casos confirmados y 473 decesos; Tuxtepec cinco mil 814 casos confirmados y 563 defunciones, y la Sierra dos mil 982 casos confirmados y 325 muertes a causa de la enfermedad.&nbsp;<\/p>\n\n\n\n<p>Los 165 casos nuevos se distribuyen en 40 municipios siendo los principales, Oaxaca de Ju\u00e1rez con 44, Santa Mar\u00eda Huatulco 17, Heroica Ciudad de Huajuapan de Le\u00f3n 10, Santa Cruz Xoxocotl\u00e1n y Santo Domingo Ingenio nueve cada uno, Salina Cruz y Pinotepa Nacional ocho, San Pedro Mixtepec Distrito 22 y Santa Luc\u00eda del Camino cinco cada uno, Santa Mar\u00eda Atzompa y Santo Domingo Tehuantepec cuatro cada uno, el resto tres, dos y un solo caso.<\/p>\n\n\n\n<p>De las cinco mil 662 defunciones, por sexo tres mil 613 son hombres y dos mil 49 mujeres, el grupo de edad m\u00e1s afectado son los de 65 y m\u00e1s con dos mil 646, seguido de 50 a 59 con mil 193, y de 60 a 64 con 774, las comorbilidades asociadas son la hipertensi\u00f3n arterial con 39.2%, la diabetes con 36.5%, obesidad 21.1%, e insuficiencia renal 6.4%.<\/p>\n\n\n\n<p>En relaci\u00f3n a la ocupaci\u00f3n hospitalaria para la atenci\u00f3n de pacientes con COVID-19, hay un global de 17.3%, cuatro hospitales se encuentran al 100% de su capacidad, hoy ingresaron dos personas a hospitalizaci\u00f3n.&nbsp;<\/p>\n\n\n\n<p>Hay 73 camas ocupadas de un total de 349 disponibles de un total de 422 para la atenci\u00f3n de la pandemia, la Jurisdicci\u00f3n Sanitaria de la Mixteca registra un 54.1% de saturaci\u00f3n, Tuxtepec 20.6%, Valles Centrales 17.1%, Costa 12.7%, Istmo 6.0%, y Sierra 0%.<\/p>\n","protected":false},"excerpt":{"rendered":"<p>Oaxaca de Ju\u00e1rez, Oax., 05 de enero de 2022.- El Secretario de Salud del estado de Oaxaca, Juan Carlos M\u00e1rquez Heine, dio a conocer, que en la \u00faltima quincena de enero y primera del mes de febrero, se espera un repunte de casos activos y hospitalizaciones por COVID-19, ello derivado de las reuniones familiares que [&hellip;]<\/p>\n","protected":false},"author":2,"featured_media":8175,"comment_status":"closed","ping_status":"closed","sticky":false,"template":"","format":"standard","meta":{"footnotes":""},"categories":[1],"tags":[],"class_list":{"0":"post-8174","1":"post","2":"type-post","3":"status-publish","4":"format-standard","5":"has-post-thumbnail","7":"category-sin-categoria"},"yoast_head":"<!-- This site is optimized with the Yoast SEO plugin v27.4 - https:\/\/yoast.com\/product\/yoast-seo-wordpress\/ -->\n<title>Repunte de casos activos y hospitalizaciones por COVID-19, se espera para finales de enero - LA BRAVA RADIO<\/title>\n<meta name=\"robots\" content=\"index, follow, max-snippet:-1, max-image-preview:large, max-video-preview:-1\" \/>\n<link rel=\"canonical\" href=\"https:\/\/www.bbmnoticias.com\/labravaradiofm\/2022\/01\/06\/repunte-de-casos-activos-y-hospitalizaciones-por-covid-19-se-espera-para-finales-de-enero\/\" \/>\n<meta property=\"og:locale\" content=\"es_MX\" \/>\n<meta property=\"og:type\" content=\"article\" \/>\n<meta property=\"og:title\" content=\"Repunte de casos activos y hospitalizaciones por COVID-19, se espera para finales de enero - LA BRAVA RADIO\" \/>\n<meta property=\"og:description\" content=\"Oaxaca de Ju\u00e1rez, Oax., 05 de enero de 2022.- El Secretario de Salud del estado de Oaxaca, Juan Carlos M\u00e1rquez Heine, dio a conocer, que en la \u00faltima quincena de enero y primera del mes de febrero, se espera un repunte de casos activos y hospitalizaciones por COVID-19, ello derivado de las reuniones familiares que [&hellip;]\" \/>\n<meta property=\"og:url\" content=\"https:\/\/www.bbmnoticias.com\/labravaradiofm\/2022\/01\/06\/repunte-de-casos-activos-y-hospitalizaciones-por-covid-19-se-espera-para-finales-de-enero\/\" \/>\n<meta property=\"og:site_name\" content=\"LA BRAVA RADIO\" \/>\n<meta property=\"article:published_time\" content=\"2022-01-06T14:11:40+00:00\" \/>\n<meta property=\"article:modified_time\" content=\"2022-01-06T14:11:42+00:00\" \/>\n<meta property=\"og:image\" content=\"https:\/\/www.bbmnoticias.com\/labravaradiofm\/wp-content\/uploads\/sites\/5\/2022\/01\/vacunas-oaxaca.jpg\" \/>\n\t<meta property=\"og:image:width\" content=\"720\" \/>\n\t<meta property=\"og:image:height\" content=\"405\" \/>\n\t<meta property=\"og:image:type\" content=\"image\/jpeg\" \/>\n<meta name=\"author\" content=\"Staff\" \/>\n<meta name=\"twitter:card\" content=\"summary_large_image\" \/>\n<meta name=\"twitter:label1\" content=\"Escrito por\" \/>\n\t<meta name=\"twitter:data1\" content=\"Staff\" \/>\n\t<meta name=\"twitter:label2\" content=\"Tiempo de lectura\" \/>\n\t<meta name=\"twitter:data2\" content=\"3 minutos\" \/>\n<script type=\"application\/ld+json\" class=\"yoast-schema-graph\">{\"@context\":\"https:\\\/\\\/schema.org\",\"@graph\":[{\"@type\":\"Article\",\"@id\":\"https:\\\/\\\/www.bbmnoticias.com\\\/labravaradiofm\\\/2022\\\/01\\\/06\\\/repunte-de-casos-activos-y-hospitalizaciones-por-covid-19-se-espera-para-finales-de-enero\\\/#article\",\"isPartOf\":{\"@id\":\"https:\\\/\\\/www.bbmnoticias.com\\\/labravaradiofm\\\/2022\\\/01\\\/06\\\/repunte-de-casos-activos-y-hospitalizaciones-por-covid-19-se-espera-para-finales-de-enero\\\/\"},\"author\":{\"name\":\"Staff\",\"@id\":\"https:\\\/\\\/www.bbmnoticias.com\\\/labravaradiofm\\\/#\\\/schema\\\/person\\\/68a9e9036ef3c5b55aeb2b71dc8bab45\"},\"headline\":\"Repunte de casos activos y hospitalizaciones por COVID-19, se espera para finales de enero\",\"datePublished\":\"2022-01-06T14:11:40+00:00\",\"dateModified\":\"2022-01-06T14:11:42+00:00\",\"mainEntityOfPage\":{\"@id\":\"https:\\\/\\\/www.bbmnoticias.com\\\/labravaradiofm\\\/2022\\\/01\\\/06\\\/repunte-de-casos-activos-y-hospitalizaciones-por-covid-19-se-espera-para-finales-de-enero\\\/\"},\"wordCount\":447,\"image\":{\"@id\":\"https:\\\/\\\/www.bbmnoticias.com\\\/labravaradiofm\\\/2022\\\/01\\\/06\\\/repunte-de-casos-activos-y-hospitalizaciones-por-covid-19-se-espera-para-finales-de-enero\\\/#primaryimage\"},\"thumbnailUrl\":\"https:\\\/\\\/www.bbmnoticias.com\\\/labravaradiofm\\\/wp-content\\\/uploads\\\/sites\\\/5\\\/2022\\\/01\\\/vacunas-oaxaca.jpg\",\"inLanguage\":\"es\"},{\"@type\":\"WebPage\",\"@id\":\"https:\\\/\\\/www.bbmnoticias.com\\\/labravaradiofm\\\/2022\\\/01\\\/06\\\/repunte-de-casos-activos-y-hospitalizaciones-por-covid-19-se-espera-para-finales-de-enero\\\/\",\"url\":\"https:\\\/\\\/www.bbmnoticias.com\\\/labravaradiofm\\\/2022\\\/01\\\/06\\\/repunte-de-casos-activos-y-hospitalizaciones-por-covid-19-se-espera-para-finales-de-enero\\\/\",\"name\":\"Repunte de casos activos y hospitalizaciones por COVID-19, se espera para finales de enero - LA BRAVA RADIO\",\"isPartOf\":{\"@id\":\"https:\\\/\\\/www.bbmnoticias.com\\\/labravaradiofm\\\/#website\"},\"primaryImageOfPage\":{\"@id\":\"https:\\\/\\\/www.bbmnoticias.com\\\/labravaradiofm\\\/2022\\\/01\\\/06\\\/repunte-de-casos-activos-y-hospitalizaciones-por-covid-19-se-espera-para-finales-de-enero\\\/#primaryimage\"},\"image\":{\"@id\":\"https:\\\/\\\/www.bbmnoticias.com\\\/labravaradiofm\\\/2022\\\/01\\\/06\\\/repunte-de-casos-activos-y-hospitalizaciones-por-covid-19-se-espera-para-finales-de-enero\\\/#primaryimage\"},\"thumbnailUrl\":\"https:\\\/\\\/www.bbmnoticias.com\\\/labravaradiofm\\\/wp-content\\\/uploads\\\/sites\\\/5\\\/2022\\\/01\\\/vacunas-oaxaca.jpg\",\"datePublished\":\"2022-01-06T14:11:40+00:00\",\"dateModified\":\"2022-01-06T14:11:42+00:00\",\"author\":{\"@id\":\"https:\\\/\\\/www.bbmnoticias.com\\\/labravaradiofm\\\/#\\\/schema\\\/person\\\/68a9e9036ef3c5b55aeb2b71dc8bab45\"},\"breadcrumb\":{\"@id\":\"https:\\\/\\\/www.bbmnoticias.com\\\/labravaradiofm\\\/2022\\\/01\\\/06\\\/repunte-de-casos-activos-y-hospitalizaciones-por-covid-19-se-espera-para-finales-de-enero\\\/#breadcrumb\"},\"inLanguage\":\"es\",\"potentialAction\":[{\"@type\":\"ReadAction\",\"target\":[\"https:\\\/\\\/www.bbmnoticias.com\\\/labravaradiofm\\\/2022\\\/01\\\/06\\\/repunte-de-casos-activos-y-hospitalizaciones-por-covid-19-se-espera-para-finales-de-enero\\\/\"]}]},{\"@type\":\"ImageObject\",\"inLanguage\":\"es\",\"@id\":\"https:\\\/\\\/www.bbmnoticias.com\\\/labravaradiofm\\\/2022\\\/01\\\/06\\\/repunte-de-casos-activos-y-hospitalizaciones-por-covid-19-se-espera-para-finales-de-enero\\\/#primaryimage\",\"url\":\"https:\\\/\\\/www.bbmnoticias.com\\\/labravaradiofm\\\/wp-content\\\/uploads\\\/sites\\\/5\\\/2022\\\/01\\\/vacunas-oaxaca.jpg\",\"contentUrl\":\"https:\\\/\\\/www.bbmnoticias.com\\\/labravaradiofm\\\/wp-content\\\/uploads\\\/sites\\\/5\\\/2022\\\/01\\\/vacunas-oaxaca.jpg\",\"width\":720,\"height\":405},{\"@type\":\"BreadcrumbList\",\"@id\":\"https:\\\/\\\/www.bbmnoticias.com\\\/labravaradiofm\\\/2022\\\/01\\\/06\\\/repunte-de-casos-activos-y-hospitalizaciones-por-covid-19-se-espera-para-finales-de-enero\\\/#breadcrumb\",\"itemListElement\":[{\"@type\":\"ListItem\",\"position\":1,\"name\":\"Inicio\",\"item\":\"https:\\\/\\\/www.bbmnoticias.com\\\/labravaradiofm\\\/\"},{\"@type\":\"ListItem\",\"position\":2,\"name\":\"Repunte de casos activos y hospitalizaciones por COVID-19, se espera para finales de enero\"}]},{\"@type\":\"WebSite\",\"@id\":\"https:\\\/\\\/www.bbmnoticias.com\\\/labravaradiofm\\\/#website\",\"url\":\"https:\\\/\\\/www.bbmnoticias.com\\\/labravaradiofm\\\/\",\"name\":\"LA BRAVA RADIO\",\"description\":\"Empresa productora de medios, Radiodifusi\u00f3n, Noticias, tendencias y todo lo que necesitas saber de la pol\u00edtica mexicana e internacional; entretenimiento, espect\u00e1culos, salud y mucho m\u00e1s.\",\"potentialAction\":[{\"@type\":\"SearchAction\",\"target\":{\"@type\":\"EntryPoint\",\"urlTemplate\":\"https:\\\/\\\/www.bbmnoticias.com\\\/labravaradiofm\\\/?s={search_term_string}\"},\"query-input\":{\"@type\":\"PropertyValueSpecification\",\"valueRequired\":true,\"valueName\":\"search_term_string\"}}],\"inLanguage\":\"es\"},{\"@type\":\"Person\",\"@id\":\"https:\\\/\\\/www.bbmnoticias.com\\\/labravaradiofm\\\/#\\\/schema\\\/person\\\/68a9e9036ef3c5b55aeb2b71dc8bab45\",\"name\":\"Staff\",\"image\":{\"@type\":\"ImageObject\",\"inLanguage\":\"es\",\"@id\":\"https:\\\/\\\/secure.gravatar.com\\\/avatar\\\/fdd21ad66fd8b98c407f9dee5b5e588cfe7f0d8579ec20fa6527cd59bab7f0f0?s=96&d=mm&r=g\",\"url\":\"https:\\\/\\\/secure.gravatar.com\\\/avatar\\\/fdd21ad66fd8b98c407f9dee5b5e588cfe7f0d8579ec20fa6527cd59bab7f0f0?s=96&d=mm&r=g\",\"contentUrl\":\"https:\\\/\\\/secure.gravatar.com\\\/avatar\\\/fdd21ad66fd8b98c407f9dee5b5e588cfe7f0d8579ec20fa6527cd59bab7f0f0?s=96&d=mm&r=g\",\"caption\":\"Staff\"},\"url\":\"https:\\\/\\\/www.bbmnoticias.com\\\/labravaradiofm\\\/author\\\/redaccion\\\/\"}]}<\/script>\n<!-- \/ Yoast SEO plugin. -->","yoast_head_json":{"title":"Repunte de casos activos y hospitalizaciones por COVID-19, se espera para finales de enero - LA BRAVA RADIO","robots":{"index":"index","follow":"follow","max-snippet":"max-snippet:-1","max-image-preview":"max-image-preview:large","max-video-preview":"max-video-preview:-1"},"canonical":"https:\/\/www.bbmnoticias.com\/labravaradiofm\/2022\/01\/06\/repunte-de-casos-activos-y-hospitalizaciones-por-covid-19-se-espera-para-finales-de-enero\/","og_locale":"es_MX","og_type":"article","og_title":"Repunte de casos activos y hospitalizaciones por COVID-19, se espera para finales de enero - LA BRAVA RADIO","og_description":"Oaxaca de Ju\u00e1rez, Oax., 05 de enero de 2022.- El Secretario de Salud del estado de Oaxaca, Juan Carlos M\u00e1rquez Heine, dio a conocer, que en la \u00faltima quincena de enero y primera del mes de febrero, se espera un repunte de casos activos y hospitalizaciones por COVID-19, ello derivado de las reuniones familiares que [&hellip;]","og_url":"https:\/\/www.bbmnoticias.com\/labravaradiofm\/2022\/01\/06\/repunte-de-casos-activos-y-hospitalizaciones-por-covid-19-se-espera-para-finales-de-enero\/","og_site_name":"LA BRAVA RADIO","article_published_time":"2022-01-06T14:11:40+00:00","article_modified_time":"2022-01-06T14:11:42+00:00","og_image":[{"width":720,"height":405,"url":"https:\/\/www.bbmnoticias.com\/labravaradiofm\/wp-content\/uploads\/sites\/5\/2022\/01\/vacunas-oaxaca.jpg","type":"image\/jpeg"}],"author":"Staff","twitter_card":"summary_large_image","twitter_misc":{"Escrito por":"Staff","Tiempo de lectura":"3 minutos"},"schema":{"@context":"https:\/\/schema.org","@graph":[{"@type":"Article","@id":"https:\/\/www.bbmnoticias.com\/labravaradiofm\/2022\/01\/06\/repunte-de-casos-activos-y-hospitalizaciones-por-covid-19-se-espera-para-finales-de-enero\/#article","isPartOf":{"@id":"https:\/\/www.bbmnoticias.com\/labravaradiofm\/2022\/01\/06\/repunte-de-casos-activos-y-hospitalizaciones-por-covid-19-se-espera-para-finales-de-enero\/"},"author":{"name":"Staff","@id":"https:\/\/www.bbmnoticias.com\/labravaradiofm\/#\/schema\/person\/68a9e9036ef3c5b55aeb2b71dc8bab45"},"headline":"Repunte de casos activos y hospitalizaciones por COVID-19, se espera para finales de enero","datePublished":"2022-01-06T14:11:40+00:00","dateModified":"2022-01-06T14:11:42+00:00","mainEntityOfPage":{"@id":"https:\/\/www.bbmnoticias.com\/labravaradiofm\/2022\/01\/06\/repunte-de-casos-activos-y-hospitalizaciones-por-covid-19-se-espera-para-finales-de-enero\/"},"wordCount":447,"image":{"@id":"https:\/\/www.bbmnoticias.com\/labravaradiofm\/2022\/01\/06\/repunte-de-casos-activos-y-hospitalizaciones-por-covid-19-se-espera-para-finales-de-enero\/#primaryimage"},"thumbnailUrl":"https:\/\/www.bbmnoticias.com\/labravaradiofm\/wp-content\/uploads\/sites\/5\/2022\/01\/vacunas-oaxaca.jpg","inLanguage":"es"},{"@type":"WebPage","@id":"https:\/\/www.bbmnoticias.com\/labravaradiofm\/2022\/01\/06\/repunte-de-casos-activos-y-hospitalizaciones-por-covid-19-se-espera-para-finales-de-enero\/","url":"https:\/\/www.bbmnoticias.com\/labravaradiofm\/2022\/01\/06\/repunte-de-casos-activos-y-hospitalizaciones-por-covid-19-se-espera-para-finales-de-enero\/","name":"Repunte de casos activos y hospitalizaciones por COVID-19, se espera para finales de enero - LA BRAVA RADIO","isPartOf":{"@id":"https:\/\/www.bbmnoticias.com\/labravaradiofm\/#website"},"primaryImageOfPage":{"@id":"https:\/\/www.bbmnoticias.com\/labravaradiofm\/2022\/01\/06\/repunte-de-casos-activos-y-hospitalizaciones-por-covid-19-se-espera-para-finales-de-enero\/#primaryimage"},"image":{"@id":"https:\/\/www.bbmnoticias.com\/labravaradiofm\/2022\/01\/06\/repunte-de-casos-activos-y-hospitalizaciones-por-covid-19-se-espera-para-finales-de-enero\/#primaryimage"},"thumbnailUrl":"https:\/\/www.bbmnoticias.com\/labravaradiofm\/wp-content\/uploads\/sites\/5\/2022\/01\/vacunas-oaxaca.jpg","datePublished":"2022-01-06T14:11:40+00:00","dateModified":"2022-01-06T14:11:42+00:00","author":{"@id":"https:\/\/www.bbmnoticias.com\/labravaradiofm\/#\/schema\/person\/68a9e9036ef3c5b55aeb2b71dc8bab45"},"breadcrumb":{"@id":"https:\/\/www.bbmnoticias.com\/labravaradiofm\/2022\/01\/06\/repunte-de-casos-activos-y-hospitalizaciones-por-covid-19-se-espera-para-finales-de-enero\/#breadcrumb"},"inLanguage":"es","potentialAction":[{"@type":"ReadAction","target":["https:\/\/www.bbmnoticias.com\/labravaradiofm\/2022\/01\/06\/repunte-de-casos-activos-y-hospitalizaciones-por-covid-19-se-espera-para-finales-de-enero\/"]}]},{"@type":"ImageObject","inLanguage":"es","@id":"https:\/\/www.bbmnoticias.com\/labravaradiofm\/2022\/01\/06\/repunte-de-casos-activos-y-hospitalizaciones-por-covid-19-se-espera-para-finales-de-enero\/#primaryimage","url":"https:\/\/www.bbmnoticias.com\/labravaradiofm\/wp-content\/uploads\/sites\/5\/2022\/01\/vacunas-oaxaca.jpg","contentUrl":"https:\/\/www.bbmnoticias.com\/labravaradiofm\/wp-content\/uploads\/sites\/5\/2022\/01\/vacunas-oaxaca.jpg","width":720,"height":405},{"@type":"BreadcrumbList","@id":"https:\/\/www.bbmnoticias.com\/labravaradiofm\/2022\/01\/06\/repunte-de-casos-activos-y-hospitalizaciones-por-covid-19-se-espera-para-finales-de-enero\/#breadcrumb","itemListElement":[{"@type":"ListItem","position":1,"name":"Inicio","item":"https:\/\/www.bbmnoticias.com\/labravaradiofm\/"},{"@type":"ListItem","position":2,"name":"Repunte de casos activos y hospitalizaciones por COVID-19, se espera para finales de enero"}]},{"@type":"WebSite","@id":"https:\/\/www.bbmnoticias.com\/labravaradiofm\/#website","url":"https:\/\/www.bbmnoticias.com\/labravaradiofm\/","name":"LA BRAVA RADIO","description":"Empresa productora de medios, Radiodifusi\u00f3n, Noticias, tendencias y todo lo que necesitas saber de la pol\u00edtica mexicana e internacional; entretenimiento, espect\u00e1culos, salud y mucho m\u00e1s.","potentialAction":[{"@type":"SearchAction","target":{"@type":"EntryPoint","urlTemplate":"https:\/\/www.bbmnoticias.com\/labravaradiofm\/?s={search_term_string}"},"query-input":{"@type":"PropertyValueSpecification","valueRequired":true,"valueName":"search_term_string"}}],"inLanguage":"es"},{"@type":"Person","@id":"https:\/\/www.bbmnoticias.com\/labravaradiofm\/#\/schema\/person\/68a9e9036ef3c5b55aeb2b71dc8bab45","name":"Staff","image":{"@type":"ImageObject","inLanguage":"es","@id":"https:\/\/secure.gravatar.com\/avatar\/fdd21ad66fd8b98c407f9dee5b5e588cfe7f0d8579ec20fa6527cd59bab7f0f0?s=96&d=mm&r=g","url":"https:\/\/secure.gravatar.com\/avatar\/fdd21ad66fd8b98c407f9dee5b5e588cfe7f0d8579ec20fa6527cd59bab7f0f0?s=96&d=mm&r=g","contentUrl":"https:\/\/secure.gravatar.com\/avatar\/fdd21ad66fd8b98c407f9dee5b5e588cfe7f0d8579ec20fa6527cd59bab7f0f0?s=96&d=mm&r=g","caption":"Staff"},"url":"https:\/\/www.bbmnoticias.com\/labravaradiofm\/author\/redaccion\/"}]}},"_links":{"self":[{"href":"https:\/\/www.bbmnoticias.com\/labravaradiofm\/wp-json\/wp\/v2\/posts\/8174","targetHints":{"allow":["GET"]}}],"collection":[{"href":"https:\/\/www.bbmnoticias.com\/labravaradiofm\/wp-json\/wp\/v2\/posts"}],"about":[{"href":"https:\/\/www.bbmnoticias.com\/labravaradiofm\/wp-json\/wp\/v2\/types\/post"}],"author":[{"embeddable":true,"href":"https:\/\/www.bbmnoticias.com\/labravaradiofm\/wp-json\/wp\/v2\/users\/2"}],"replies":[{"embeddable":true,"href":"https:\/\/www.bbmnoticias.com\/labravaradiofm\/wp-json\/wp\/v2\/comments?post=8174"}],"version-history":[{"count":0,"href":"https:\/\/www.bbmnoticias.com\/labravaradiofm\/wp-json\/wp\/v2\/posts\/8174\/revisions"}],"wp:featuredmedia":[{"embeddable":true,"href":"https:\/\/www.bbmnoticias.com\/labravaradiofm\/wp-json\/wp\/v2\/media\/8175"}],"wp:attachment":[{"href":"https:\/\/www.bbmnoticias.com\/labravaradiofm\/wp-json\/wp\/v2\/media?parent=8174"}],"wp:term":[{"taxonomy":"category","embeddable":true,"href":"https:\/\/www.bbmnoticias.com\/labravaradiofm\/wp-json\/wp\/v2\/categories?post=8174"},{"taxonomy":"post_tag","embeddable":true,"href":"https:\/\/www.bbmnoticias.com\/labravaradiofm\/wp-json\/wp\/v2\/tags?post=8174"}],"curies":[{"name":"wp","href":"https:\/\/api.w.org\/{rel}","templated":true}]}}