{"id":8164,"date":"2022-01-05T18:48:22","date_gmt":"2022-01-06T00:48:22","guid":{"rendered":"https:\/\/www.bbmnoticias.com\/labravaradiofm\/?p=8164"},"modified":"2022-01-05T18:48:23","modified_gmt":"2022-01-06T00:48:23","slug":"movilizacion-policiaca-en-salina-cruz-por-detonaciones-de-arma-de-fuego","status":"publish","type":"post","link":"https:\/\/www.bbmnoticias.com\/labravaradiofm\/2022\/01\/05\/movilizacion-policiaca-en-salina-cruz-por-detonaciones-de-arma-de-fuego\/","title":{"rendered":"Movilizaci\u00f3n policiaca en Salina Cruz por detonaciones de arma de fuego"},"content":{"rendered":"<div style=\"margin-top: 0px; margin-bottom: 0px;\" class=\"sharethis-inline-share-buttons\" ><\/div>\n<p>Salina Cruz, Oaxaca. Una movilizaci\u00f3n policiaca se registr\u00f3 este mi\u00e9rcoles, tras reportarse una balacera en pleno centro de esta ciudad.<\/p>\n\n\n\n<p>Un reporte a la comandancia de la polic\u00eda sobre la detonaci\u00f3n de armas de fuego sobre la calle Guaymas y Avenida Tampico, origin\u00f3 que la polic\u00eda municipal se trasladara de inmediato al lugar.<\/p>\n\n\n\n<p>Y es que indicaron que cuatro sujetos cubiertos del rostro a bordo de dos motocicletas realizaron disparos de arma de fuego al parecer a un veh\u00edculo.<\/p>\n\n\n\n<p>Sin embargo, a\u00fan cuando la polic\u00eda en la zona no se encontr\u00f3 ninguna evidencia de lo ocurrido.<\/p>\n\n\n\n<p>No obstante, se mont\u00f3 un operativo en los alrededores y despu\u00e9s se retiraron de la zona.<\/p>\n","protected":false},"excerpt":{"rendered":"<p>Salina Cruz, Oaxaca. Una movilizaci\u00f3n policiaca se registr\u00f3 este mi\u00e9rcoles, tras reportarse una balacera en pleno centro de esta ciudad. Un reporte a la comandancia de la polic\u00eda sobre la detonaci\u00f3n de armas de fuego sobre la calle Guaymas y Avenida Tampico, origin\u00f3 que la polic\u00eda municipal se trasladara de inmediato al lugar. Y es [&hellip;]<\/p>\n","protected":false},"author":2,"featured_media":8165,"comment_status":"closed","ping_status":"closed","sticky":false,"template":"","format":"standard","meta":{"footnotes":""},"categories":[20],"tags":[],"class_list":{"0":"post-8164","1":"post","2":"type-post","3":"status-publish","4":"format-standard","5":"has-post-thumbnail","7":"category-policiaca"},"yoast_head":"<!-- This site is optimized with the Yoast SEO plugin v27.4 - https:\/\/yoast.com\/product\/yoast-seo-wordpress\/ -->\n<title>Movilizaci\u00f3n policiaca en Salina Cruz por detonaciones de arma de fuego - LA BRAVA RADIO<\/title>\n<meta name=\"robots\" content=\"index, follow, max-snippet:-1, max-image-preview:large, max-video-preview:-1\" \/>\n<link rel=\"canonical\" href=\"https:\/\/www.bbmnoticias.com\/labravaradiofm\/2022\/01\/05\/movilizacion-policiaca-en-salina-cruz-por-detonaciones-de-arma-de-fuego\/\" \/>\n<meta property=\"og:locale\" content=\"es_MX\" \/>\n<meta property=\"og:type\" content=\"article\" \/>\n<meta property=\"og:title\" content=\"Movilizaci\u00f3n policiaca en Salina Cruz por detonaciones de arma de fuego - LA BRAVA RADIO\" \/>\n<meta property=\"og:description\" content=\"Salina Cruz, Oaxaca. Una movilizaci\u00f3n policiaca se registr\u00f3 este mi\u00e9rcoles, tras reportarse una balacera en pleno centro de esta ciudad. Un reporte a la comandancia de la polic\u00eda sobre la detonaci\u00f3n de armas de fuego sobre la calle Guaymas y Avenida Tampico, origin\u00f3 que la polic\u00eda municipal se trasladara de inmediato al lugar. Y es [&hellip;]\" \/>\n<meta property=\"og:url\" content=\"https:\/\/www.bbmnoticias.com\/labravaradiofm\/2022\/01\/05\/movilizacion-policiaca-en-salina-cruz-por-detonaciones-de-arma-de-fuego\/\" \/>\n<meta property=\"og:site_name\" content=\"LA BRAVA RADIO\" \/>\n<meta property=\"article:published_time\" content=\"2022-01-06T00:48:22+00:00\" \/>\n<meta property=\"article:modified_time\" content=\"2022-01-06T00:48:23+00:00\" \/>\n<meta property=\"og:image\" content=\"https:\/\/www.bbmnoticias.com\/labravaradiofm\/wp-content\/uploads\/sites\/5\/2022\/01\/FB_IMG_1641429938260.jpg\" \/>\n\t<meta property=\"og:image:width\" content=\"720\" \/>\n\t<meta property=\"og:image:height\" content=\"540\" \/>\n\t<meta property=\"og:image:type\" content=\"image\/jpeg\" \/>\n<meta name=\"author\" content=\"Staff\" \/>\n<meta name=\"twitter:card\" content=\"summary_large_image\" \/>\n<meta name=\"twitter:label1\" content=\"Escrito por\" \/>\n\t<meta name=\"twitter:data1\" content=\"Staff\" \/>\n\t<meta name=\"twitter:label2\" content=\"Tiempo de lectura\" \/>\n\t<meta name=\"twitter:data2\" content=\"1 minuto\" \/>\n<script type=\"application\/ld+json\" class=\"yoast-schema-graph\">{\"@context\":\"https:\\\/\\\/schema.org\",\"@graph\":[{\"@type\":\"Article\",\"@id\":\"https:\\\/\\\/www.bbmnoticias.com\\\/labravaradiofm\\\/2022\\\/01\\\/05\\\/movilizacion-policiaca-en-salina-cruz-por-detonaciones-de-arma-de-fuego\\\/#article\",\"isPartOf\":{\"@id\":\"https:\\\/\\\/www.bbmnoticias.com\\\/labravaradiofm\\\/2022\\\/01\\\/05\\\/movilizacion-policiaca-en-salina-cruz-por-detonaciones-de-arma-de-fuego\\\/\"},\"author\":{\"name\":\"Staff\",\"@id\":\"https:\\\/\\\/www.bbmnoticias.com\\\/labravaradiofm\\\/#\\\/schema\\\/person\\\/68a9e9036ef3c5b55aeb2b71dc8bab45\"},\"headline\":\"Movilizaci\u00f3n policiaca en Salina Cruz por detonaciones de arma de fuego\",\"datePublished\":\"2022-01-06T00:48:22+00:00\",\"dateModified\":\"2022-01-06T00:48:23+00:00\",\"mainEntityOfPage\":{\"@id\":\"https:\\\/\\\/www.bbmnoticias.com\\\/labravaradiofm\\\/2022\\\/01\\\/05\\\/movilizacion-policiaca-en-salina-cruz-por-detonaciones-de-arma-de-fuego\\\/\"},\"wordCount\":133,\"image\":{\"@id\":\"https:\\\/\\\/www.bbmnoticias.com\\\/labravaradiofm\\\/2022\\\/01\\\/05\\\/movilizacion-policiaca-en-salina-cruz-por-detonaciones-de-arma-de-fuego\\\/#primaryimage\"},\"thumbnailUrl\":\"https:\\\/\\\/www.bbmnoticias.com\\\/labravaradiofm\\\/wp-content\\\/uploads\\\/sites\\\/5\\\/2022\\\/01\\\/FB_IMG_1641429938260.jpg\",\"articleSection\":[\"POLICIACA\"],\"inLanguage\":\"es\"},{\"@type\":\"WebPage\",\"@id\":\"https:\\\/\\\/www.bbmnoticias.com\\\/labravaradiofm\\\/2022\\\/01\\\/05\\\/movilizacion-policiaca-en-salina-cruz-por-detonaciones-de-arma-de-fuego\\\/\",\"url\":\"https:\\\/\\\/www.bbmnoticias.com\\\/labravaradiofm\\\/2022\\\/01\\\/05\\\/movilizacion-policiaca-en-salina-cruz-por-detonaciones-de-arma-de-fuego\\\/\",\"name\":\"Movilizaci\u00f3n policiaca en Salina Cruz por detonaciones de arma de fuego - LA BRAVA RADIO\",\"isPartOf\":{\"@id\":\"https:\\\/\\\/www.bbmnoticias.com\\\/labravaradiofm\\\/#website\"},\"primaryImageOfPage\":{\"@id\":\"https:\\\/\\\/www.bbmnoticias.com\\\/labravaradiofm\\\/2022\\\/01\\\/05\\\/movilizacion-policiaca-en-salina-cruz-por-detonaciones-de-arma-de-fuego\\\/#primaryimage\"},\"image\":{\"@id\":\"https:\\\/\\\/www.bbmnoticias.com\\\/labravaradiofm\\\/2022\\\/01\\\/05\\\/movilizacion-policiaca-en-salina-cruz-por-detonaciones-de-arma-de-fuego\\\/#primaryimage\"},\"thumbnailUrl\":\"https:\\\/\\\/www.bbmnoticias.com\\\/labravaradiofm\\\/wp-content\\\/uploads\\\/sites\\\/5\\\/2022\\\/01\\\/FB_IMG_1641429938260.jpg\",\"datePublished\":\"2022-01-06T00:48:22+00:00\",\"dateModified\":\"2022-01-06T00:48:23+00:00\",\"author\":{\"@id\":\"https:\\\/\\\/www.bbmnoticias.com\\\/labravaradiofm\\\/#\\\/schema\\\/person\\\/68a9e9036ef3c5b55aeb2b71dc8bab45\"},\"breadcrumb\":{\"@id\":\"https:\\\/\\\/www.bbmnoticias.com\\\/labravaradiofm\\\/2022\\\/01\\\/05\\\/movilizacion-policiaca-en-salina-cruz-por-detonaciones-de-arma-de-fuego\\\/#breadcrumb\"},\"inLanguage\":\"es\",\"potentialAction\":[{\"@type\":\"ReadAction\",\"target\":[\"https:\\\/\\\/www.bbmnoticias.com\\\/labravaradiofm\\\/2022\\\/01\\\/05\\\/movilizacion-policiaca-en-salina-cruz-por-detonaciones-de-arma-de-fuego\\\/\"]}]},{\"@type\":\"ImageObject\",\"inLanguage\":\"es\",\"@id\":\"https:\\\/\\\/www.bbmnoticias.com\\\/labravaradiofm\\\/2022\\\/01\\\/05\\\/movilizacion-policiaca-en-salina-cruz-por-detonaciones-de-arma-de-fuego\\\/#primaryimage\",\"url\":\"https:\\\/\\\/www.bbmnoticias.com\\\/labravaradiofm\\\/wp-content\\\/uploads\\\/sites\\\/5\\\/2022\\\/01\\\/FB_IMG_1641429938260.jpg\",\"contentUrl\":\"https:\\\/\\\/www.bbmnoticias.com\\\/labravaradiofm\\\/wp-content\\\/uploads\\\/sites\\\/5\\\/2022\\\/01\\\/FB_IMG_1641429938260.jpg\",\"width\":720,\"height\":540},{\"@type\":\"BreadcrumbList\",\"@id\":\"https:\\\/\\\/www.bbmnoticias.com\\\/labravaradiofm\\\/2022\\\/01\\\/05\\\/movilizacion-policiaca-en-salina-cruz-por-detonaciones-de-arma-de-fuego\\\/#breadcrumb\",\"itemListElement\":[{\"@type\":\"ListItem\",\"position\":1,\"name\":\"Inicio\",\"item\":\"https:\\\/\\\/www.bbmnoticias.com\\\/labravaradiofm\\\/\"},{\"@type\":\"ListItem\",\"position\":2,\"name\":\"Movilizaci\u00f3n policiaca en Salina Cruz por detonaciones de arma de fuego\"}]},{\"@type\":\"WebSite\",\"@id\":\"https:\\\/\\\/www.bbmnoticias.com\\\/labravaradiofm\\\/#website\",\"url\":\"https:\\\/\\\/www.bbmnoticias.com\\\/labravaradiofm\\\/\",\"name\":\"LA BRAVA RADIO\",\"description\":\"Empresa productora de medios, Radiodifusi\u00f3n, Noticias, tendencias y todo lo que necesitas saber de la pol\u00edtica mexicana e internacional; entretenimiento, espect\u00e1culos, salud y mucho m\u00e1s.\",\"potentialAction\":[{\"@type\":\"SearchAction\",\"target\":{\"@type\":\"EntryPoint\",\"urlTemplate\":\"https:\\\/\\\/www.bbmnoticias.com\\\/labravaradiofm\\\/?s={search_term_string}\"},\"query-input\":{\"@type\":\"PropertyValueSpecification\",\"valueRequired\":true,\"valueName\":\"search_term_string\"}}],\"inLanguage\":\"es\"},{\"@type\":\"Person\",\"@id\":\"https:\\\/\\\/www.bbmnoticias.com\\\/labravaradiofm\\\/#\\\/schema\\\/person\\\/68a9e9036ef3c5b55aeb2b71dc8bab45\",\"name\":\"Staff\",\"image\":{\"@type\":\"ImageObject\",\"inLanguage\":\"es\",\"@id\":\"https:\\\/\\\/secure.gravatar.com\\\/avatar\\\/fdd21ad66fd8b98c407f9dee5b5e588cfe7f0d8579ec20fa6527cd59bab7f0f0?s=96&d=mm&r=g\",\"url\":\"https:\\\/\\\/secure.gravatar.com\\\/avatar\\\/fdd21ad66fd8b98c407f9dee5b5e588cfe7f0d8579ec20fa6527cd59bab7f0f0?s=96&d=mm&r=g\",\"contentUrl\":\"https:\\\/\\\/secure.gravatar.com\\\/avatar\\\/fdd21ad66fd8b98c407f9dee5b5e588cfe7f0d8579ec20fa6527cd59bab7f0f0?s=96&d=mm&r=g\",\"caption\":\"Staff\"},\"url\":\"https:\\\/\\\/www.bbmnoticias.com\\\/labravaradiofm\\\/author\\\/redaccion\\\/\"}]}<\/script>\n<!-- \/ Yoast SEO plugin. -->","yoast_head_json":{"title":"Movilizaci\u00f3n policiaca en Salina Cruz por detonaciones de arma de fuego - LA BRAVA RADIO","robots":{"index":"index","follow":"follow","max-snippet":"max-snippet:-1","max-image-preview":"max-image-preview:large","max-video-preview":"max-video-preview:-1"},"canonical":"https:\/\/www.bbmnoticias.com\/labravaradiofm\/2022\/01\/05\/movilizacion-policiaca-en-salina-cruz-por-detonaciones-de-arma-de-fuego\/","og_locale":"es_MX","og_type":"article","og_title":"Movilizaci\u00f3n policiaca en Salina Cruz por detonaciones de arma de fuego - LA BRAVA RADIO","og_description":"Salina Cruz, Oaxaca. Una movilizaci\u00f3n policiaca se registr\u00f3 este mi\u00e9rcoles, tras reportarse una balacera en pleno centro de esta ciudad. Un reporte a la comandancia de la polic\u00eda sobre la detonaci\u00f3n de armas de fuego sobre la calle Guaymas y Avenida Tampico, origin\u00f3 que la polic\u00eda municipal se trasladara de inmediato al lugar. Y es [&hellip;]","og_url":"https:\/\/www.bbmnoticias.com\/labravaradiofm\/2022\/01\/05\/movilizacion-policiaca-en-salina-cruz-por-detonaciones-de-arma-de-fuego\/","og_site_name":"LA BRAVA RADIO","article_published_time":"2022-01-06T00:48:22+00:00","article_modified_time":"2022-01-06T00:48:23+00:00","og_image":[{"width":720,"height":540,"url":"https:\/\/www.bbmnoticias.com\/labravaradiofm\/wp-content\/uploads\/sites\/5\/2022\/01\/FB_IMG_1641429938260.jpg","type":"image\/jpeg"}],"author":"Staff","twitter_card":"summary_large_image","twitter_misc":{"Escrito por":"Staff","Tiempo de lectura":"1 minuto"},"schema":{"@context":"https:\/\/schema.org","@graph":[{"@type":"Article","@id":"https:\/\/www.bbmnoticias.com\/labravaradiofm\/2022\/01\/05\/movilizacion-policiaca-en-salina-cruz-por-detonaciones-de-arma-de-fuego\/#article","isPartOf":{"@id":"https:\/\/www.bbmnoticias.com\/labravaradiofm\/2022\/01\/05\/movilizacion-policiaca-en-salina-cruz-por-detonaciones-de-arma-de-fuego\/"},"author":{"name":"Staff","@id":"https:\/\/www.bbmnoticias.com\/labravaradiofm\/#\/schema\/person\/68a9e9036ef3c5b55aeb2b71dc8bab45"},"headline":"Movilizaci\u00f3n policiaca en Salina Cruz por detonaciones de arma de fuego","datePublished":"2022-01-06T00:48:22+00:00","dateModified":"2022-01-06T00:48:23+00:00","mainEntityOfPage":{"@id":"https:\/\/www.bbmnoticias.com\/labravaradiofm\/2022\/01\/05\/movilizacion-policiaca-en-salina-cruz-por-detonaciones-de-arma-de-fuego\/"},"wordCount":133,"image":{"@id":"https:\/\/www.bbmnoticias.com\/labravaradiofm\/2022\/01\/05\/movilizacion-policiaca-en-salina-cruz-por-detonaciones-de-arma-de-fuego\/#primaryimage"},"thumbnailUrl":"https:\/\/www.bbmnoticias.com\/labravaradiofm\/wp-content\/uploads\/sites\/5\/2022\/01\/FB_IMG_1641429938260.jpg","articleSection":["POLICIACA"],"inLanguage":"es"},{"@type":"WebPage","@id":"https:\/\/www.bbmnoticias.com\/labravaradiofm\/2022\/01\/05\/movilizacion-policiaca-en-salina-cruz-por-detonaciones-de-arma-de-fuego\/","url":"https:\/\/www.bbmnoticias.com\/labravaradiofm\/2022\/01\/05\/movilizacion-policiaca-en-salina-cruz-por-detonaciones-de-arma-de-fuego\/","name":"Movilizaci\u00f3n policiaca en Salina Cruz por detonaciones de arma de fuego - LA BRAVA RADIO","isPartOf":{"@id":"https:\/\/www.bbmnoticias.com\/labravaradiofm\/#website"},"primaryImageOfPage":{"@id":"https:\/\/www.bbmnoticias.com\/labravaradiofm\/2022\/01\/05\/movilizacion-policiaca-en-salina-cruz-por-detonaciones-de-arma-de-fuego\/#primaryimage"},"image":{"@id":"https:\/\/www.bbmnoticias.com\/labravaradiofm\/2022\/01\/05\/movilizacion-policiaca-en-salina-cruz-por-detonaciones-de-arma-de-fuego\/#primaryimage"},"thumbnailUrl":"https:\/\/www.bbmnoticias.com\/labravaradiofm\/wp-content\/uploads\/sites\/5\/2022\/01\/FB_IMG_1641429938260.jpg","datePublished":"2022-01-06T00:48:22+00:00","dateModified":"2022-01-06T00:48:23+00:00","author":{"@id":"https:\/\/www.bbmnoticias.com\/labravaradiofm\/#\/schema\/person\/68a9e9036ef3c5b55aeb2b71dc8bab45"},"breadcrumb":{"@id":"https:\/\/www.bbmnoticias.com\/labravaradiofm\/2022\/01\/05\/movilizacion-policiaca-en-salina-cruz-por-detonaciones-de-arma-de-fuego\/#breadcrumb"},"inLanguage":"es","potentialAction":[{"@type":"ReadAction","target":["https:\/\/www.bbmnoticias.com\/labravaradiofm\/2022\/01\/05\/movilizacion-policiaca-en-salina-cruz-por-detonaciones-de-arma-de-fuego\/"]}]},{"@type":"ImageObject","inLanguage":"es","@id":"https:\/\/www.bbmnoticias.com\/labravaradiofm\/2022\/01\/05\/movilizacion-policiaca-en-salina-cruz-por-detonaciones-de-arma-de-fuego\/#primaryimage","url":"https:\/\/www.bbmnoticias.com\/labravaradiofm\/wp-content\/uploads\/sites\/5\/2022\/01\/FB_IMG_1641429938260.jpg","contentUrl":"https:\/\/www.bbmnoticias.com\/labravaradiofm\/wp-content\/uploads\/sites\/5\/2022\/01\/FB_IMG_1641429938260.jpg","width":720,"height":540},{"@type":"BreadcrumbList","@id":"https:\/\/www.bbmnoticias.com\/labravaradiofm\/2022\/01\/05\/movilizacion-policiaca-en-salina-cruz-por-detonaciones-de-arma-de-fuego\/#breadcrumb","itemListElement":[{"@type":"ListItem","position":1,"name":"Inicio","item":"https:\/\/www.bbmnoticias.com\/labravaradiofm\/"},{"@type":"ListItem","position":2,"name":"Movilizaci\u00f3n policiaca en Salina Cruz por detonaciones de arma de fuego"}]},{"@type":"WebSite","@id":"https:\/\/www.bbmnoticias.com\/labravaradiofm\/#website","url":"https:\/\/www.bbmnoticias.com\/labravaradiofm\/","name":"LA BRAVA RADIO","description":"Empresa productora de medios, Radiodifusi\u00f3n, Noticias, tendencias y todo lo que necesitas saber de la pol\u00edtica mexicana e internacional; entretenimiento, espect\u00e1culos, salud y mucho m\u00e1s.","potentialAction":[{"@type":"SearchAction","target":{"@type":"EntryPoint","urlTemplate":"https:\/\/www.bbmnoticias.com\/labravaradiofm\/?s={search_term_string}"},"query-input":{"@type":"PropertyValueSpecification","valueRequired":true,"valueName":"search_term_string"}}],"inLanguage":"es"},{"@type":"Person","@id":"https:\/\/www.bbmnoticias.com\/labravaradiofm\/#\/schema\/person\/68a9e9036ef3c5b55aeb2b71dc8bab45","name":"Staff","image":{"@type":"ImageObject","inLanguage":"es","@id":"https:\/\/secure.gravatar.com\/avatar\/fdd21ad66fd8b98c407f9dee5b5e588cfe7f0d8579ec20fa6527cd59bab7f0f0?s=96&d=mm&r=g","url":"https:\/\/secure.gravatar.com\/avatar\/fdd21ad66fd8b98c407f9dee5b5e588cfe7f0d8579ec20fa6527cd59bab7f0f0?s=96&d=mm&r=g","contentUrl":"https:\/\/secure.gravatar.com\/avatar\/fdd21ad66fd8b98c407f9dee5b5e588cfe7f0d8579ec20fa6527cd59bab7f0f0?s=96&d=mm&r=g","caption":"Staff"},"url":"https:\/\/www.bbmnoticias.com\/labravaradiofm\/author\/redaccion\/"}]}},"_links":{"self":[{"href":"https:\/\/www.bbmnoticias.com\/labravaradiofm\/wp-json\/wp\/v2\/posts\/8164","targetHints":{"allow":["GET"]}}],"collection":[{"href":"https:\/\/www.bbmnoticias.com\/labravaradiofm\/wp-json\/wp\/v2\/posts"}],"about":[{"href":"https:\/\/www.bbmnoticias.com\/labravaradiofm\/wp-json\/wp\/v2\/types\/post"}],"author":[{"embeddable":true,"href":"https:\/\/www.bbmnoticias.com\/labravaradiofm\/wp-json\/wp\/v2\/users\/2"}],"replies":[{"embeddable":true,"href":"https:\/\/www.bbmnoticias.com\/labravaradiofm\/wp-json\/wp\/v2\/comments?post=8164"}],"version-history":[{"count":0,"href":"https:\/\/www.bbmnoticias.com\/labravaradiofm\/wp-json\/wp\/v2\/posts\/8164\/revisions"}],"wp:featuredmedia":[{"embeddable":true,"href":"https:\/\/www.bbmnoticias.com\/labravaradiofm\/wp-json\/wp\/v2\/media\/8165"}],"wp:attachment":[{"href":"https:\/\/www.bbmnoticias.com\/labravaradiofm\/wp-json\/wp\/v2\/media?parent=8164"}],"wp:term":[{"taxonomy":"category","embeddable":true,"href":"https:\/\/www.bbmnoticias.com\/labravaradiofm\/wp-json\/wp\/v2\/categories?post=8164"},{"taxonomy":"post_tag","embeddable":true,"href":"https:\/\/www.bbmnoticias.com\/labravaradiofm\/wp-json\/wp\/v2\/tags?post=8164"}],"curies":[{"name":"wp","href":"https:\/\/api.w.org\/{rel}","templated":true}]}}