{"id":8159,"date":"2022-01-05T15:56:12","date_gmt":"2022-01-05T21:56:12","guid":{"rendered":"https:\/\/www.bbmnoticias.com\/labravaradiofm\/?p=8159"},"modified":"2022-01-05T15:56:14","modified_gmt":"2022-01-05T21:56:14","slug":"fiscalia-de-oaxaca-logra-vinculacion-a-proceso-de-tres-probables-homicidas-de-la-mixteca","status":"publish","type":"post","link":"https:\/\/www.bbmnoticias.com\/labravaradiofm\/2022\/01\/05\/fiscalia-de-oaxaca-logra-vinculacion-a-proceso-de-tres-probables-homicidas-de-la-mixteca\/","title":{"rendered":"Fiscal\u00eda de Oaxaca logra vinculaci\u00f3n a proceso de tres probables homicidas de la Mixteca"},"content":{"rendered":"<div style=\"margin-top: 0px; margin-bottom: 0px;\" class=\"sharethis-inline-share-buttons\" ><\/div>\n<p><strong>Oaxaca de Ju\u00e1rez, Oax., 5 de enero de 2022.-<\/strong>&nbsp;La Fiscal\u00eda General del Estado de Oaxaca (FGEO) obtuvo, del Juzgado de Control, auto de vinculaci\u00f3n a proceso contra tres personas del sexo masculino, identificados como J. C. R. R., G. R. R. y T. A. R. R., probables responsables del delito de homicidio doloso calificado con ventaja en agravio de quien en vida respondi\u00f3 al nombre de I. M. A., cometido en septiembre de 2015, en jurisdicci\u00f3n de San Pedro y San Pablo Tequixtepec, Distrito de Huajuapan.<\/p>\n\n\n\n<p>De acuerdo con la carpeta de investigaci\u00f3n 2847\/HL\/2015, el 25 de septiembre de 2015, la v\u00edctima fue sometida por los tres imputados quienes lo privaron de la vida con disparo de arma de fuego, cuando se encontraba en su domicilio particular, ubicado en la poblaci\u00f3n de Guadalupe Mezquital del referido municipio.<\/p>\n\n\n\n<p>Ante este crimen, la Instituci\u00f3n de procuraci\u00f3n de justicia inici\u00f3 una exhaustiva investigaci\u00f3n -a trav\u00e9s de la Vicefiscal\u00eda Regional de la Mixteca-, logrando la aprehensi\u00f3n de los probables homicidas el pasado 8 de diciembre de 2021, quienes fueron presentados de forma inmediata ante el Juzgado de Control.<\/p>\n\n\n\n<p>En audiencia y tras validar los datos proporcionados por la FGEO, el Juez en turno determin\u00f3 vincular a proceso a J. C. R. R., G. R. R. y T. A. R. R., imponiendo la medida cautelar de prisi\u00f3n preventiva oficiosa y otorg\u00f3 30 d\u00edas para el cierre de investigaci\u00f3n complementaria.<\/p>\n","protected":false},"excerpt":{"rendered":"<p>Oaxaca de Ju\u00e1rez, Oax., 5 de enero de 2022.-&nbsp;La Fiscal\u00eda General del Estado de Oaxaca (FGEO) obtuvo, del Juzgado de Control, auto de vinculaci\u00f3n a proceso contra tres personas del sexo masculino, identificados como J. C. R. R., G. R. R. y T. A. R. R., probables responsables del delito de homicidio doloso calificado con [&hellip;]<\/p>\n","protected":false},"author":2,"featured_media":6994,"comment_status":"closed","ping_status":"closed","sticky":false,"template":"","format":"standard","meta":{"footnotes":""},"categories":[20],"tags":[],"class_list":{"0":"post-8159","1":"post","2":"type-post","3":"status-publish","4":"format-standard","5":"has-post-thumbnail","7":"category-policiaca"},"yoast_head":"<!-- This site is optimized with the Yoast SEO plugin v27.4 - https:\/\/yoast.com\/product\/yoast-seo-wordpress\/ -->\n<title>Fiscal\u00eda de Oaxaca logra vinculaci\u00f3n a proceso de tres probables homicidas de la Mixteca - LA BRAVA RADIO<\/title>\n<meta name=\"robots\" content=\"index, follow, max-snippet:-1, max-image-preview:large, max-video-preview:-1\" \/>\n<link rel=\"canonical\" href=\"https:\/\/www.bbmnoticias.com\/labravaradiofm\/2022\/01\/05\/fiscalia-de-oaxaca-logra-vinculacion-a-proceso-de-tres-probables-homicidas-de-la-mixteca\/\" \/>\n<meta property=\"og:locale\" content=\"es_MX\" \/>\n<meta property=\"og:type\" content=\"article\" \/>\n<meta property=\"og:title\" content=\"Fiscal\u00eda de Oaxaca logra vinculaci\u00f3n a proceso de tres probables homicidas de la Mixteca - LA BRAVA RADIO\" \/>\n<meta property=\"og:description\" content=\"Oaxaca de Ju\u00e1rez, Oax., 5 de enero de 2022.-&nbsp;La Fiscal\u00eda General del Estado de Oaxaca (FGEO) obtuvo, del Juzgado de Control, auto de vinculaci\u00f3n a proceso contra tres personas del sexo masculino, identificados como J. C. R. R., G. R. R. y T. A. R. R., probables responsables del delito de homicidio doloso calificado con [&hellip;]\" \/>\n<meta property=\"og:url\" content=\"https:\/\/www.bbmnoticias.com\/labravaradiofm\/2022\/01\/05\/fiscalia-de-oaxaca-logra-vinculacion-a-proceso-de-tres-probables-homicidas-de-la-mixteca\/\" \/>\n<meta property=\"og:site_name\" content=\"LA BRAVA RADIO\" \/>\n<meta property=\"article:published_time\" content=\"2022-01-05T21:56:12+00:00\" \/>\n<meta property=\"article:modified_time\" content=\"2022-01-05T21:56:14+00:00\" \/>\n<meta property=\"og:image\" content=\"https:\/\/www.bbmnoticias.com\/labravaradiofm\/wp-content\/uploads\/sites\/5\/2021\/12\/detenidos-cuenca.jpg\" \/>\n\t<meta property=\"og:image:width\" content=\"512\" \/>\n\t<meta property=\"og:image:height\" content=\"288\" \/>\n\t<meta property=\"og:image:type\" content=\"image\/jpeg\" \/>\n<meta name=\"author\" content=\"Staff\" \/>\n<meta name=\"twitter:card\" content=\"summary_large_image\" \/>\n<meta name=\"twitter:label1\" content=\"Escrito por\" \/>\n\t<meta name=\"twitter:data1\" content=\"Staff\" \/>\n\t<meta name=\"twitter:label2\" content=\"Tiempo de lectura\" \/>\n\t<meta name=\"twitter:data2\" content=\"2 minutos\" \/>\n<script type=\"application\/ld+json\" class=\"yoast-schema-graph\">{\"@context\":\"https:\\\/\\\/schema.org\",\"@graph\":[{\"@type\":\"Article\",\"@id\":\"https:\\\/\\\/www.bbmnoticias.com\\\/labravaradiofm\\\/2022\\\/01\\\/05\\\/fiscalia-de-oaxaca-logra-vinculacion-a-proceso-de-tres-probables-homicidas-de-la-mixteca\\\/#article\",\"isPartOf\":{\"@id\":\"https:\\\/\\\/www.bbmnoticias.com\\\/labravaradiofm\\\/2022\\\/01\\\/05\\\/fiscalia-de-oaxaca-logra-vinculacion-a-proceso-de-tres-probables-homicidas-de-la-mixteca\\\/\"},\"author\":{\"name\":\"Staff\",\"@id\":\"https:\\\/\\\/www.bbmnoticias.com\\\/labravaradiofm\\\/#\\\/schema\\\/person\\\/68a9e9036ef3c5b55aeb2b71dc8bab45\"},\"headline\":\"Fiscal\u00eda de Oaxaca logra vinculaci\u00f3n a proceso de tres probables homicidas de la Mixteca\",\"datePublished\":\"2022-01-05T21:56:12+00:00\",\"dateModified\":\"2022-01-05T21:56:14+00:00\",\"mainEntityOfPage\":{\"@id\":\"https:\\\/\\\/www.bbmnoticias.com\\\/labravaradiofm\\\/2022\\\/01\\\/05\\\/fiscalia-de-oaxaca-logra-vinculacion-a-proceso-de-tres-probables-homicidas-de-la-mixteca\\\/\"},\"wordCount\":261,\"image\":{\"@id\":\"https:\\\/\\\/www.bbmnoticias.com\\\/labravaradiofm\\\/2022\\\/01\\\/05\\\/fiscalia-de-oaxaca-logra-vinculacion-a-proceso-de-tres-probables-homicidas-de-la-mixteca\\\/#primaryimage\"},\"thumbnailUrl\":\"https:\\\/\\\/www.bbmnoticias.com\\\/labravaradiofm\\\/wp-content\\\/uploads\\\/sites\\\/5\\\/2021\\\/12\\\/detenidos-cuenca.jpg\",\"articleSection\":[\"POLICIACA\"],\"inLanguage\":\"es\"},{\"@type\":\"WebPage\",\"@id\":\"https:\\\/\\\/www.bbmnoticias.com\\\/labravaradiofm\\\/2022\\\/01\\\/05\\\/fiscalia-de-oaxaca-logra-vinculacion-a-proceso-de-tres-probables-homicidas-de-la-mixteca\\\/\",\"url\":\"https:\\\/\\\/www.bbmnoticias.com\\\/labravaradiofm\\\/2022\\\/01\\\/05\\\/fiscalia-de-oaxaca-logra-vinculacion-a-proceso-de-tres-probables-homicidas-de-la-mixteca\\\/\",\"name\":\"Fiscal\u00eda de Oaxaca logra vinculaci\u00f3n a proceso de tres probables homicidas de la Mixteca - LA BRAVA RADIO\",\"isPartOf\":{\"@id\":\"https:\\\/\\\/www.bbmnoticias.com\\\/labravaradiofm\\\/#website\"},\"primaryImageOfPage\":{\"@id\":\"https:\\\/\\\/www.bbmnoticias.com\\\/labravaradiofm\\\/2022\\\/01\\\/05\\\/fiscalia-de-oaxaca-logra-vinculacion-a-proceso-de-tres-probables-homicidas-de-la-mixteca\\\/#primaryimage\"},\"image\":{\"@id\":\"https:\\\/\\\/www.bbmnoticias.com\\\/labravaradiofm\\\/2022\\\/01\\\/05\\\/fiscalia-de-oaxaca-logra-vinculacion-a-proceso-de-tres-probables-homicidas-de-la-mixteca\\\/#primaryimage\"},\"thumbnailUrl\":\"https:\\\/\\\/www.bbmnoticias.com\\\/labravaradiofm\\\/wp-content\\\/uploads\\\/sites\\\/5\\\/2021\\\/12\\\/detenidos-cuenca.jpg\",\"datePublished\":\"2022-01-05T21:56:12+00:00\",\"dateModified\":\"2022-01-05T21:56:14+00:00\",\"author\":{\"@id\":\"https:\\\/\\\/www.bbmnoticias.com\\\/labravaradiofm\\\/#\\\/schema\\\/person\\\/68a9e9036ef3c5b55aeb2b71dc8bab45\"},\"breadcrumb\":{\"@id\":\"https:\\\/\\\/www.bbmnoticias.com\\\/labravaradiofm\\\/2022\\\/01\\\/05\\\/fiscalia-de-oaxaca-logra-vinculacion-a-proceso-de-tres-probables-homicidas-de-la-mixteca\\\/#breadcrumb\"},\"inLanguage\":\"es\",\"potentialAction\":[{\"@type\":\"ReadAction\",\"target\":[\"https:\\\/\\\/www.bbmnoticias.com\\\/labravaradiofm\\\/2022\\\/01\\\/05\\\/fiscalia-de-oaxaca-logra-vinculacion-a-proceso-de-tres-probables-homicidas-de-la-mixteca\\\/\"]}]},{\"@type\":\"ImageObject\",\"inLanguage\":\"es\",\"@id\":\"https:\\\/\\\/www.bbmnoticias.com\\\/labravaradiofm\\\/2022\\\/01\\\/05\\\/fiscalia-de-oaxaca-logra-vinculacion-a-proceso-de-tres-probables-homicidas-de-la-mixteca\\\/#primaryimage\",\"url\":\"https:\\\/\\\/www.bbmnoticias.com\\\/labravaradiofm\\\/wp-content\\\/uploads\\\/sites\\\/5\\\/2021\\\/12\\\/detenidos-cuenca.jpg\",\"contentUrl\":\"https:\\\/\\\/www.bbmnoticias.com\\\/labravaradiofm\\\/wp-content\\\/uploads\\\/sites\\\/5\\\/2021\\\/12\\\/detenidos-cuenca.jpg\",\"width\":512,\"height\":288},{\"@type\":\"BreadcrumbList\",\"@id\":\"https:\\\/\\\/www.bbmnoticias.com\\\/labravaradiofm\\\/2022\\\/01\\\/05\\\/fiscalia-de-oaxaca-logra-vinculacion-a-proceso-de-tres-probables-homicidas-de-la-mixteca\\\/#breadcrumb\",\"itemListElement\":[{\"@type\":\"ListItem\",\"position\":1,\"name\":\"Inicio\",\"item\":\"https:\\\/\\\/www.bbmnoticias.com\\\/labravaradiofm\\\/\"},{\"@type\":\"ListItem\",\"position\":2,\"name\":\"Fiscal\u00eda de Oaxaca logra vinculaci\u00f3n a proceso de tres probables homicidas de la Mixteca\"}]},{\"@type\":\"WebSite\",\"@id\":\"https:\\\/\\\/www.bbmnoticias.com\\\/labravaradiofm\\\/#website\",\"url\":\"https:\\\/\\\/www.bbmnoticias.com\\\/labravaradiofm\\\/\",\"name\":\"LA BRAVA RADIO\",\"description\":\"Empresa productora de medios, Radiodifusi\u00f3n, Noticias, tendencias y todo lo que necesitas saber de la pol\u00edtica mexicana e internacional; entretenimiento, espect\u00e1culos, salud y mucho m\u00e1s.\",\"potentialAction\":[{\"@type\":\"SearchAction\",\"target\":{\"@type\":\"EntryPoint\",\"urlTemplate\":\"https:\\\/\\\/www.bbmnoticias.com\\\/labravaradiofm\\\/?s={search_term_string}\"},\"query-input\":{\"@type\":\"PropertyValueSpecification\",\"valueRequired\":true,\"valueName\":\"search_term_string\"}}],\"inLanguage\":\"es\"},{\"@type\":\"Person\",\"@id\":\"https:\\\/\\\/www.bbmnoticias.com\\\/labravaradiofm\\\/#\\\/schema\\\/person\\\/68a9e9036ef3c5b55aeb2b71dc8bab45\",\"name\":\"Staff\",\"image\":{\"@type\":\"ImageObject\",\"inLanguage\":\"es\",\"@id\":\"https:\\\/\\\/secure.gravatar.com\\\/avatar\\\/fdd21ad66fd8b98c407f9dee5b5e588cfe7f0d8579ec20fa6527cd59bab7f0f0?s=96&d=mm&r=g\",\"url\":\"https:\\\/\\\/secure.gravatar.com\\\/avatar\\\/fdd21ad66fd8b98c407f9dee5b5e588cfe7f0d8579ec20fa6527cd59bab7f0f0?s=96&d=mm&r=g\",\"contentUrl\":\"https:\\\/\\\/secure.gravatar.com\\\/avatar\\\/fdd21ad66fd8b98c407f9dee5b5e588cfe7f0d8579ec20fa6527cd59bab7f0f0?s=96&d=mm&r=g\",\"caption\":\"Staff\"},\"url\":\"https:\\\/\\\/www.bbmnoticias.com\\\/labravaradiofm\\\/author\\\/redaccion\\\/\"}]}<\/script>\n<!-- \/ Yoast SEO plugin. -->","yoast_head_json":{"title":"Fiscal\u00eda de Oaxaca logra vinculaci\u00f3n a proceso de tres probables homicidas de la Mixteca - LA BRAVA RADIO","robots":{"index":"index","follow":"follow","max-snippet":"max-snippet:-1","max-image-preview":"max-image-preview:large","max-video-preview":"max-video-preview:-1"},"canonical":"https:\/\/www.bbmnoticias.com\/labravaradiofm\/2022\/01\/05\/fiscalia-de-oaxaca-logra-vinculacion-a-proceso-de-tres-probables-homicidas-de-la-mixteca\/","og_locale":"es_MX","og_type":"article","og_title":"Fiscal\u00eda de Oaxaca logra vinculaci\u00f3n a proceso de tres probables homicidas de la Mixteca - LA BRAVA RADIO","og_description":"Oaxaca de Ju\u00e1rez, Oax., 5 de enero de 2022.-&nbsp;La Fiscal\u00eda General del Estado de Oaxaca (FGEO) obtuvo, del Juzgado de Control, auto de vinculaci\u00f3n a proceso contra tres personas del sexo masculino, identificados como J. C. R. R., G. R. R. y T. A. R. R., probables responsables del delito de homicidio doloso calificado con [&hellip;]","og_url":"https:\/\/www.bbmnoticias.com\/labravaradiofm\/2022\/01\/05\/fiscalia-de-oaxaca-logra-vinculacion-a-proceso-de-tres-probables-homicidas-de-la-mixteca\/","og_site_name":"LA BRAVA RADIO","article_published_time":"2022-01-05T21:56:12+00:00","article_modified_time":"2022-01-05T21:56:14+00:00","og_image":[{"width":512,"height":288,"url":"https:\/\/www.bbmnoticias.com\/labravaradiofm\/wp-content\/uploads\/sites\/5\/2021\/12\/detenidos-cuenca.jpg","type":"image\/jpeg"}],"author":"Staff","twitter_card":"summary_large_image","twitter_misc":{"Escrito por":"Staff","Tiempo de lectura":"2 minutos"},"schema":{"@context":"https:\/\/schema.org","@graph":[{"@type":"Article","@id":"https:\/\/www.bbmnoticias.com\/labravaradiofm\/2022\/01\/05\/fiscalia-de-oaxaca-logra-vinculacion-a-proceso-de-tres-probables-homicidas-de-la-mixteca\/#article","isPartOf":{"@id":"https:\/\/www.bbmnoticias.com\/labravaradiofm\/2022\/01\/05\/fiscalia-de-oaxaca-logra-vinculacion-a-proceso-de-tres-probables-homicidas-de-la-mixteca\/"},"author":{"name":"Staff","@id":"https:\/\/www.bbmnoticias.com\/labravaradiofm\/#\/schema\/person\/68a9e9036ef3c5b55aeb2b71dc8bab45"},"headline":"Fiscal\u00eda de Oaxaca logra vinculaci\u00f3n a proceso de tres probables homicidas de la Mixteca","datePublished":"2022-01-05T21:56:12+00:00","dateModified":"2022-01-05T21:56:14+00:00","mainEntityOfPage":{"@id":"https:\/\/www.bbmnoticias.com\/labravaradiofm\/2022\/01\/05\/fiscalia-de-oaxaca-logra-vinculacion-a-proceso-de-tres-probables-homicidas-de-la-mixteca\/"},"wordCount":261,"image":{"@id":"https:\/\/www.bbmnoticias.com\/labravaradiofm\/2022\/01\/05\/fiscalia-de-oaxaca-logra-vinculacion-a-proceso-de-tres-probables-homicidas-de-la-mixteca\/#primaryimage"},"thumbnailUrl":"https:\/\/www.bbmnoticias.com\/labravaradiofm\/wp-content\/uploads\/sites\/5\/2021\/12\/detenidos-cuenca.jpg","articleSection":["POLICIACA"],"inLanguage":"es"},{"@type":"WebPage","@id":"https:\/\/www.bbmnoticias.com\/labravaradiofm\/2022\/01\/05\/fiscalia-de-oaxaca-logra-vinculacion-a-proceso-de-tres-probables-homicidas-de-la-mixteca\/","url":"https:\/\/www.bbmnoticias.com\/labravaradiofm\/2022\/01\/05\/fiscalia-de-oaxaca-logra-vinculacion-a-proceso-de-tres-probables-homicidas-de-la-mixteca\/","name":"Fiscal\u00eda de Oaxaca logra vinculaci\u00f3n a proceso de tres probables homicidas de la Mixteca - LA BRAVA RADIO","isPartOf":{"@id":"https:\/\/www.bbmnoticias.com\/labravaradiofm\/#website"},"primaryImageOfPage":{"@id":"https:\/\/www.bbmnoticias.com\/labravaradiofm\/2022\/01\/05\/fiscalia-de-oaxaca-logra-vinculacion-a-proceso-de-tres-probables-homicidas-de-la-mixteca\/#primaryimage"},"image":{"@id":"https:\/\/www.bbmnoticias.com\/labravaradiofm\/2022\/01\/05\/fiscalia-de-oaxaca-logra-vinculacion-a-proceso-de-tres-probables-homicidas-de-la-mixteca\/#primaryimage"},"thumbnailUrl":"https:\/\/www.bbmnoticias.com\/labravaradiofm\/wp-content\/uploads\/sites\/5\/2021\/12\/detenidos-cuenca.jpg","datePublished":"2022-01-05T21:56:12+00:00","dateModified":"2022-01-05T21:56:14+00:00","author":{"@id":"https:\/\/www.bbmnoticias.com\/labravaradiofm\/#\/schema\/person\/68a9e9036ef3c5b55aeb2b71dc8bab45"},"breadcrumb":{"@id":"https:\/\/www.bbmnoticias.com\/labravaradiofm\/2022\/01\/05\/fiscalia-de-oaxaca-logra-vinculacion-a-proceso-de-tres-probables-homicidas-de-la-mixteca\/#breadcrumb"},"inLanguage":"es","potentialAction":[{"@type":"ReadAction","target":["https:\/\/www.bbmnoticias.com\/labravaradiofm\/2022\/01\/05\/fiscalia-de-oaxaca-logra-vinculacion-a-proceso-de-tres-probables-homicidas-de-la-mixteca\/"]}]},{"@type":"ImageObject","inLanguage":"es","@id":"https:\/\/www.bbmnoticias.com\/labravaradiofm\/2022\/01\/05\/fiscalia-de-oaxaca-logra-vinculacion-a-proceso-de-tres-probables-homicidas-de-la-mixteca\/#primaryimage","url":"https:\/\/www.bbmnoticias.com\/labravaradiofm\/wp-content\/uploads\/sites\/5\/2021\/12\/detenidos-cuenca.jpg","contentUrl":"https:\/\/www.bbmnoticias.com\/labravaradiofm\/wp-content\/uploads\/sites\/5\/2021\/12\/detenidos-cuenca.jpg","width":512,"height":288},{"@type":"BreadcrumbList","@id":"https:\/\/www.bbmnoticias.com\/labravaradiofm\/2022\/01\/05\/fiscalia-de-oaxaca-logra-vinculacion-a-proceso-de-tres-probables-homicidas-de-la-mixteca\/#breadcrumb","itemListElement":[{"@type":"ListItem","position":1,"name":"Inicio","item":"https:\/\/www.bbmnoticias.com\/labravaradiofm\/"},{"@type":"ListItem","position":2,"name":"Fiscal\u00eda de Oaxaca logra vinculaci\u00f3n a proceso de tres probables homicidas de la Mixteca"}]},{"@type":"WebSite","@id":"https:\/\/www.bbmnoticias.com\/labravaradiofm\/#website","url":"https:\/\/www.bbmnoticias.com\/labravaradiofm\/","name":"LA BRAVA RADIO","description":"Empresa productora de medios, Radiodifusi\u00f3n, Noticias, tendencias y todo lo que necesitas saber de la pol\u00edtica mexicana e internacional; entretenimiento, espect\u00e1culos, salud y mucho m\u00e1s.","potentialAction":[{"@type":"SearchAction","target":{"@type":"EntryPoint","urlTemplate":"https:\/\/www.bbmnoticias.com\/labravaradiofm\/?s={search_term_string}"},"query-input":{"@type":"PropertyValueSpecification","valueRequired":true,"valueName":"search_term_string"}}],"inLanguage":"es"},{"@type":"Person","@id":"https:\/\/www.bbmnoticias.com\/labravaradiofm\/#\/schema\/person\/68a9e9036ef3c5b55aeb2b71dc8bab45","name":"Staff","image":{"@type":"ImageObject","inLanguage":"es","@id":"https:\/\/secure.gravatar.com\/avatar\/fdd21ad66fd8b98c407f9dee5b5e588cfe7f0d8579ec20fa6527cd59bab7f0f0?s=96&d=mm&r=g","url":"https:\/\/secure.gravatar.com\/avatar\/fdd21ad66fd8b98c407f9dee5b5e588cfe7f0d8579ec20fa6527cd59bab7f0f0?s=96&d=mm&r=g","contentUrl":"https:\/\/secure.gravatar.com\/avatar\/fdd21ad66fd8b98c407f9dee5b5e588cfe7f0d8579ec20fa6527cd59bab7f0f0?s=96&d=mm&r=g","caption":"Staff"},"url":"https:\/\/www.bbmnoticias.com\/labravaradiofm\/author\/redaccion\/"}]}},"_links":{"self":[{"href":"https:\/\/www.bbmnoticias.com\/labravaradiofm\/wp-json\/wp\/v2\/posts\/8159","targetHints":{"allow":["GET"]}}],"collection":[{"href":"https:\/\/www.bbmnoticias.com\/labravaradiofm\/wp-json\/wp\/v2\/posts"}],"about":[{"href":"https:\/\/www.bbmnoticias.com\/labravaradiofm\/wp-json\/wp\/v2\/types\/post"}],"author":[{"embeddable":true,"href":"https:\/\/www.bbmnoticias.com\/labravaradiofm\/wp-json\/wp\/v2\/users\/2"}],"replies":[{"embeddable":true,"href":"https:\/\/www.bbmnoticias.com\/labravaradiofm\/wp-json\/wp\/v2\/comments?post=8159"}],"version-history":[{"count":0,"href":"https:\/\/www.bbmnoticias.com\/labravaradiofm\/wp-json\/wp\/v2\/posts\/8159\/revisions"}],"wp:featuredmedia":[{"embeddable":true,"href":"https:\/\/www.bbmnoticias.com\/labravaradiofm\/wp-json\/wp\/v2\/media\/6994"}],"wp:attachment":[{"href":"https:\/\/www.bbmnoticias.com\/labravaradiofm\/wp-json\/wp\/v2\/media?parent=8159"}],"wp:term":[{"taxonomy":"category","embeddable":true,"href":"https:\/\/www.bbmnoticias.com\/labravaradiofm\/wp-json\/wp\/v2\/categories?post=8159"},{"taxonomy":"post_tag","embeddable":true,"href":"https:\/\/www.bbmnoticias.com\/labravaradiofm\/wp-json\/wp\/v2\/tags?post=8159"}],"curies":[{"name":"wp","href":"https:\/\/api.w.org\/{rel}","templated":true}]}}