{"id":8154,"date":"2022-01-05T15:51:15","date_gmt":"2022-01-05T21:51:15","guid":{"rendered":"https:\/\/www.bbmnoticias.com\/labravaradiofm\/?p=8154"},"modified":"2022-01-05T15:51:17","modified_gmt":"2022-01-05T21:51:17","slug":"mexico-a-la-vanguardia-uno-de-los-paises-que-difunde-mas-rapido-la-cifra-de-empleo-formal","status":"publish","type":"post","link":"https:\/\/www.bbmnoticias.com\/labravaradiofm\/2022\/01\/05\/mexico-a-la-vanguardia-uno-de-los-paises-que-difunde-mas-rapido-la-cifra-de-empleo-formal\/","title":{"rendered":"M\u00e9xico a la vanguardia, uno de los pa\u00edses que difunde m\u00e1s r\u00e1pido la cifra de empleo formal"},"content":{"rendered":"<div style=\"margin-top: 0px; margin-bottom: 0px;\" class=\"sharethis-inline-share-buttons\" ><\/div>\n<p>El 10 de noviembre de 2020, la Junta de Gobierno del Instituto Nacional de Estad\u00edstica y Geograf\u00eda (INEGI) determin\u00f3 como informaci\u00f3n de inter\u00e9s nacional los datos de los puestos de trabajo registrados por los patrones en el Instituto Mexicano del Seguro Social (IMSS). Lo anterior en virtud de que cumple con los cuatro criterios establecidos en el art\u00edculo 78 de la Ley del Sistema Nacional de Informaci\u00f3n Estad\u00edstica y Geogr\u00e1fica.<\/p>\n\n\n\n<p>Con esto se abon\u00f3 a la transparencia, confiabilidad y veracidad alrededor de la informaci\u00f3n que se genera por parte de la Direcci\u00f3n de Incorporaci\u00f3n y Recaudaci\u00f3n del IMSS.<\/p>\n\n\n\n<p>En un proceso de mejora continua, se optimizaron los tiempos de ejecuci\u00f3n y validaci\u00f3n de la informaci\u00f3n procesada, esto permiti\u00f3 que desde el inicio de la pandemia se pudiera contar con datos oportunos desagregados por diferentes dimensiones, lo cual ayud\u00f3 a la toma de decisiones en materia econ\u00f3mico-laboral.<\/p>\n\n\n\n<p>Por otro lado, por primera ocasi\u00f3n en la historia se utilizaron los registros administrativos del IMSS para determinar la poblaci\u00f3n objetivo para canalizar un apoyo econ\u00f3mico.<\/p>\n\n\n\n<p>Derivado de los procesos de mejora del IMSS, se plante\u00f3 al Sistema Nacional de Informaci\u00f3n Estad\u00edstica y Geogr\u00e1fica (SNIEG) del INEGI, que a partir del mes de enero 2022 la fecha de publicaci\u00f3n de las cifras de puestos de trabajo afiliados al Instituto sean los d\u00edas 5 de cada mes o d\u00eda h\u00e1bil siguiente.<\/p>\n\n\n\n<p>Esto implica una reducci\u00f3n de 7 d\u00edas en la difusi\u00f3n de datos de los puestos de trabajo afiliados al IMSS, la cifra m\u00e1s importante de la evoluci\u00f3n del empleo formal del pa\u00eds.&nbsp; Con esto, el IMSS abona a la transparencia y difusi\u00f3n de informaci\u00f3n de calidad, pertinente, veraz y oportuna a toda la sociedad en materia laboral para apoyar al dise\u00f1o y la evaluaci\u00f3n de pol\u00edticas p\u00fablicas.&nbsp;<\/p>\n\n\n\n<p>Esta nueva fecha de publicaci\u00f3n del IMSS pondr\u00e1 a M\u00e9xico en la vanguardia y lo convertir\u00e1 en uno de los pa\u00edses que difunde m\u00e1s r\u00e1pido en el mundo la cifra de empleo formal, a la par de la Oficina de Estad\u00edsticas Laborales de Estados Unidos (U.S. Bureau of Labor Statistics).<\/p>\n\n\n\n<p>Otra de las ventajas de la difusi\u00f3n de las cifras de puestos de trabajo afiliados al IMSS, a diferencia de otras publicaciones, es que \u00e9stas se desagregan por varias dimensiones como son: Delegaci\u00f3n y Subdelegaci\u00f3n de adscripci\u00f3n, entidad federativa, municipio, tama\u00f1o de registro patronal, g\u00e9nero, rango de edad, actividad econ\u00f3mica y rango salarial.<\/p>\n","protected":false},"excerpt":{"rendered":"<p>El 10 de noviembre de 2020, la Junta de Gobierno del Instituto Nacional de Estad\u00edstica y Geograf\u00eda (INEGI) determin\u00f3 como informaci\u00f3n de inter\u00e9s nacional los datos de los puestos de trabajo registrados por los patrones en el Instituto Mexicano del Seguro Social (IMSS). Lo anterior en virtud de que cumple con los cuatro criterios establecidos [&hellip;]<\/p>\n","protected":false},"author":2,"featured_media":8155,"comment_status":"closed","ping_status":"closed","sticky":false,"template":"","format":"standard","meta":{"footnotes":""},"categories":[19],"tags":[],"class_list":{"0":"post-8154","1":"post","2":"type-post","3":"status-publish","4":"format-standard","5":"has-post-thumbnail","7":"category-nacional"},"yoast_head":"<!-- This site is optimized with the Yoast SEO plugin v27.4 - https:\/\/yoast.com\/product\/yoast-seo-wordpress\/ -->\n<title>M\u00e9xico a la vanguardia, uno de los pa\u00edses que difunde m\u00e1s r\u00e1pido la cifra de empleo formal - LA BRAVA RADIO<\/title>\n<meta name=\"robots\" content=\"index, follow, max-snippet:-1, max-image-preview:large, max-video-preview:-1\" \/>\n<link rel=\"canonical\" href=\"https:\/\/www.bbmnoticias.com\/labravaradiofm\/2022\/01\/05\/mexico-a-la-vanguardia-uno-de-los-paises-que-difunde-mas-rapido-la-cifra-de-empleo-formal\/\" \/>\n<meta property=\"og:locale\" content=\"es_MX\" \/>\n<meta property=\"og:type\" content=\"article\" \/>\n<meta property=\"og:title\" content=\"M\u00e9xico a la vanguardia, uno de los pa\u00edses que difunde m\u00e1s r\u00e1pido la cifra de empleo formal - LA BRAVA RADIO\" \/>\n<meta property=\"og:description\" content=\"El 10 de noviembre de 2020, la Junta de Gobierno del Instituto Nacional de Estad\u00edstica y Geograf\u00eda (INEGI) determin\u00f3 como informaci\u00f3n de inter\u00e9s nacional los datos de los puestos de trabajo registrados por los patrones en el Instituto Mexicano del Seguro Social (IMSS). Lo anterior en virtud de que cumple con los cuatro criterios establecidos [&hellip;]\" \/>\n<meta property=\"og:url\" content=\"https:\/\/www.bbmnoticias.com\/labravaradiofm\/2022\/01\/05\/mexico-a-la-vanguardia-uno-de-los-paises-que-difunde-mas-rapido-la-cifra-de-empleo-formal\/\" \/>\n<meta property=\"og:site_name\" content=\"LA BRAVA RADIO\" \/>\n<meta property=\"article:published_time\" content=\"2022-01-05T21:51:15+00:00\" \/>\n<meta property=\"article:modified_time\" content=\"2022-01-05T21:51:17+00:00\" \/>\n<meta property=\"og:image\" content=\"https:\/\/www.bbmnoticias.com\/labravaradiofm\/wp-content\/uploads\/sites\/5\/2022\/01\/empleo-mexico.webp\" \/>\n\t<meta property=\"og:image:width\" content=\"1120\" \/>\n\t<meta property=\"og:image:height\" content=\"633\" \/>\n\t<meta property=\"og:image:type\" content=\"image\/webp\" \/>\n<meta name=\"author\" content=\"Staff\" \/>\n<meta name=\"twitter:card\" content=\"summary_large_image\" \/>\n<meta name=\"twitter:label1\" content=\"Escrito por\" \/>\n\t<meta name=\"twitter:data1\" content=\"Staff\" \/>\n\t<meta name=\"twitter:label2\" content=\"Tiempo de lectura\" \/>\n\t<meta name=\"twitter:data2\" content=\"2 minutos\" \/>\n<script type=\"application\/ld+json\" class=\"yoast-schema-graph\">{\"@context\":\"https:\\\/\\\/schema.org\",\"@graph\":[{\"@type\":\"Article\",\"@id\":\"https:\\\/\\\/www.bbmnoticias.com\\\/labravaradiofm\\\/2022\\\/01\\\/05\\\/mexico-a-la-vanguardia-uno-de-los-paises-que-difunde-mas-rapido-la-cifra-de-empleo-formal\\\/#article\",\"isPartOf\":{\"@id\":\"https:\\\/\\\/www.bbmnoticias.com\\\/labravaradiofm\\\/2022\\\/01\\\/05\\\/mexico-a-la-vanguardia-uno-de-los-paises-que-difunde-mas-rapido-la-cifra-de-empleo-formal\\\/\"},\"author\":{\"name\":\"Staff\",\"@id\":\"https:\\\/\\\/www.bbmnoticias.com\\\/labravaradiofm\\\/#\\\/schema\\\/person\\\/68a9e9036ef3c5b55aeb2b71dc8bab45\"},\"headline\":\"M\u00e9xico a la vanguardia, uno de los pa\u00edses que difunde m\u00e1s r\u00e1pido la cifra de empleo formal\",\"datePublished\":\"2022-01-05T21:51:15+00:00\",\"dateModified\":\"2022-01-05T21:51:17+00:00\",\"mainEntityOfPage\":{\"@id\":\"https:\\\/\\\/www.bbmnoticias.com\\\/labravaradiofm\\\/2022\\\/01\\\/05\\\/mexico-a-la-vanguardia-uno-de-los-paises-que-difunde-mas-rapido-la-cifra-de-empleo-formal\\\/\"},\"wordCount\":465,\"image\":{\"@id\":\"https:\\\/\\\/www.bbmnoticias.com\\\/labravaradiofm\\\/2022\\\/01\\\/05\\\/mexico-a-la-vanguardia-uno-de-los-paises-que-difunde-mas-rapido-la-cifra-de-empleo-formal\\\/#primaryimage\"},\"thumbnailUrl\":\"https:\\\/\\\/www.bbmnoticias.com\\\/labravaradiofm\\\/wp-content\\\/uploads\\\/sites\\\/5\\\/2022\\\/01\\\/empleo-mexico.webp\",\"articleSection\":[\"NACIONAL\"],\"inLanguage\":\"es\"},{\"@type\":\"WebPage\",\"@id\":\"https:\\\/\\\/www.bbmnoticias.com\\\/labravaradiofm\\\/2022\\\/01\\\/05\\\/mexico-a-la-vanguardia-uno-de-los-paises-que-difunde-mas-rapido-la-cifra-de-empleo-formal\\\/\",\"url\":\"https:\\\/\\\/www.bbmnoticias.com\\\/labravaradiofm\\\/2022\\\/01\\\/05\\\/mexico-a-la-vanguardia-uno-de-los-paises-que-difunde-mas-rapido-la-cifra-de-empleo-formal\\\/\",\"name\":\"M\u00e9xico a la vanguardia, uno de los pa\u00edses que difunde m\u00e1s r\u00e1pido la cifra de empleo formal - LA BRAVA RADIO\",\"isPartOf\":{\"@id\":\"https:\\\/\\\/www.bbmnoticias.com\\\/labravaradiofm\\\/#website\"},\"primaryImageOfPage\":{\"@id\":\"https:\\\/\\\/www.bbmnoticias.com\\\/labravaradiofm\\\/2022\\\/01\\\/05\\\/mexico-a-la-vanguardia-uno-de-los-paises-que-difunde-mas-rapido-la-cifra-de-empleo-formal\\\/#primaryimage\"},\"image\":{\"@id\":\"https:\\\/\\\/www.bbmnoticias.com\\\/labravaradiofm\\\/2022\\\/01\\\/05\\\/mexico-a-la-vanguardia-uno-de-los-paises-que-difunde-mas-rapido-la-cifra-de-empleo-formal\\\/#primaryimage\"},\"thumbnailUrl\":\"https:\\\/\\\/www.bbmnoticias.com\\\/labravaradiofm\\\/wp-content\\\/uploads\\\/sites\\\/5\\\/2022\\\/01\\\/empleo-mexico.webp\",\"datePublished\":\"2022-01-05T21:51:15+00:00\",\"dateModified\":\"2022-01-05T21:51:17+00:00\",\"author\":{\"@id\":\"https:\\\/\\\/www.bbmnoticias.com\\\/labravaradiofm\\\/#\\\/schema\\\/person\\\/68a9e9036ef3c5b55aeb2b71dc8bab45\"},\"breadcrumb\":{\"@id\":\"https:\\\/\\\/www.bbmnoticias.com\\\/labravaradiofm\\\/2022\\\/01\\\/05\\\/mexico-a-la-vanguardia-uno-de-los-paises-que-difunde-mas-rapido-la-cifra-de-empleo-formal\\\/#breadcrumb\"},\"inLanguage\":\"es\",\"potentialAction\":[{\"@type\":\"ReadAction\",\"target\":[\"https:\\\/\\\/www.bbmnoticias.com\\\/labravaradiofm\\\/2022\\\/01\\\/05\\\/mexico-a-la-vanguardia-uno-de-los-paises-que-difunde-mas-rapido-la-cifra-de-empleo-formal\\\/\"]}]},{\"@type\":\"ImageObject\",\"inLanguage\":\"es\",\"@id\":\"https:\\\/\\\/www.bbmnoticias.com\\\/labravaradiofm\\\/2022\\\/01\\\/05\\\/mexico-a-la-vanguardia-uno-de-los-paises-que-difunde-mas-rapido-la-cifra-de-empleo-formal\\\/#primaryimage\",\"url\":\"https:\\\/\\\/www.bbmnoticias.com\\\/labravaradiofm\\\/wp-content\\\/uploads\\\/sites\\\/5\\\/2022\\\/01\\\/empleo-mexico.webp\",\"contentUrl\":\"https:\\\/\\\/www.bbmnoticias.com\\\/labravaradiofm\\\/wp-content\\\/uploads\\\/sites\\\/5\\\/2022\\\/01\\\/empleo-mexico.webp\",\"width\":1120,\"height\":633},{\"@type\":\"BreadcrumbList\",\"@id\":\"https:\\\/\\\/www.bbmnoticias.com\\\/labravaradiofm\\\/2022\\\/01\\\/05\\\/mexico-a-la-vanguardia-uno-de-los-paises-que-difunde-mas-rapido-la-cifra-de-empleo-formal\\\/#breadcrumb\",\"itemListElement\":[{\"@type\":\"ListItem\",\"position\":1,\"name\":\"Inicio\",\"item\":\"https:\\\/\\\/www.bbmnoticias.com\\\/labravaradiofm\\\/\"},{\"@type\":\"ListItem\",\"position\":2,\"name\":\"M\u00e9xico a la vanguardia, uno de los pa\u00edses que difunde m\u00e1s r\u00e1pido la cifra de empleo formal\"}]},{\"@type\":\"WebSite\",\"@id\":\"https:\\\/\\\/www.bbmnoticias.com\\\/labravaradiofm\\\/#website\",\"url\":\"https:\\\/\\\/www.bbmnoticias.com\\\/labravaradiofm\\\/\",\"name\":\"LA BRAVA RADIO\",\"description\":\"Empresa productora de medios, Radiodifusi\u00f3n, Noticias, tendencias y todo lo que necesitas saber de la pol\u00edtica mexicana e internacional; entretenimiento, espect\u00e1culos, salud y mucho m\u00e1s.\",\"potentialAction\":[{\"@type\":\"SearchAction\",\"target\":{\"@type\":\"EntryPoint\",\"urlTemplate\":\"https:\\\/\\\/www.bbmnoticias.com\\\/labravaradiofm\\\/?s={search_term_string}\"},\"query-input\":{\"@type\":\"PropertyValueSpecification\",\"valueRequired\":true,\"valueName\":\"search_term_string\"}}],\"inLanguage\":\"es\"},{\"@type\":\"Person\",\"@id\":\"https:\\\/\\\/www.bbmnoticias.com\\\/labravaradiofm\\\/#\\\/schema\\\/person\\\/68a9e9036ef3c5b55aeb2b71dc8bab45\",\"name\":\"Staff\",\"image\":{\"@type\":\"ImageObject\",\"inLanguage\":\"es\",\"@id\":\"https:\\\/\\\/secure.gravatar.com\\\/avatar\\\/fdd21ad66fd8b98c407f9dee5b5e588cfe7f0d8579ec20fa6527cd59bab7f0f0?s=96&d=mm&r=g\",\"url\":\"https:\\\/\\\/secure.gravatar.com\\\/avatar\\\/fdd21ad66fd8b98c407f9dee5b5e588cfe7f0d8579ec20fa6527cd59bab7f0f0?s=96&d=mm&r=g\",\"contentUrl\":\"https:\\\/\\\/secure.gravatar.com\\\/avatar\\\/fdd21ad66fd8b98c407f9dee5b5e588cfe7f0d8579ec20fa6527cd59bab7f0f0?s=96&d=mm&r=g\",\"caption\":\"Staff\"},\"url\":\"https:\\\/\\\/www.bbmnoticias.com\\\/labravaradiofm\\\/author\\\/redaccion\\\/\"}]}<\/script>\n<!-- \/ Yoast SEO plugin. -->","yoast_head_json":{"title":"M\u00e9xico a la vanguardia, uno de los pa\u00edses que difunde m\u00e1s r\u00e1pido la cifra de empleo formal - LA BRAVA RADIO","robots":{"index":"index","follow":"follow","max-snippet":"max-snippet:-1","max-image-preview":"max-image-preview:large","max-video-preview":"max-video-preview:-1"},"canonical":"https:\/\/www.bbmnoticias.com\/labravaradiofm\/2022\/01\/05\/mexico-a-la-vanguardia-uno-de-los-paises-que-difunde-mas-rapido-la-cifra-de-empleo-formal\/","og_locale":"es_MX","og_type":"article","og_title":"M\u00e9xico a la vanguardia, uno de los pa\u00edses que difunde m\u00e1s r\u00e1pido la cifra de empleo formal - LA BRAVA RADIO","og_description":"El 10 de noviembre de 2020, la Junta de Gobierno del Instituto Nacional de Estad\u00edstica y Geograf\u00eda (INEGI) determin\u00f3 como informaci\u00f3n de inter\u00e9s nacional los datos de los puestos de trabajo registrados por los patrones en el Instituto Mexicano del Seguro Social (IMSS). Lo anterior en virtud de que cumple con los cuatro criterios establecidos [&hellip;]","og_url":"https:\/\/www.bbmnoticias.com\/labravaradiofm\/2022\/01\/05\/mexico-a-la-vanguardia-uno-de-los-paises-que-difunde-mas-rapido-la-cifra-de-empleo-formal\/","og_site_name":"LA BRAVA RADIO","article_published_time":"2022-01-05T21:51:15+00:00","article_modified_time":"2022-01-05T21:51:17+00:00","og_image":[{"width":1120,"height":633,"url":"https:\/\/www.bbmnoticias.com\/labravaradiofm\/wp-content\/uploads\/sites\/5\/2022\/01\/empleo-mexico.webp","type":"image\/webp"}],"author":"Staff","twitter_card":"summary_large_image","twitter_misc":{"Escrito por":"Staff","Tiempo de lectura":"2 minutos"},"schema":{"@context":"https:\/\/schema.org","@graph":[{"@type":"Article","@id":"https:\/\/www.bbmnoticias.com\/labravaradiofm\/2022\/01\/05\/mexico-a-la-vanguardia-uno-de-los-paises-que-difunde-mas-rapido-la-cifra-de-empleo-formal\/#article","isPartOf":{"@id":"https:\/\/www.bbmnoticias.com\/labravaradiofm\/2022\/01\/05\/mexico-a-la-vanguardia-uno-de-los-paises-que-difunde-mas-rapido-la-cifra-de-empleo-formal\/"},"author":{"name":"Staff","@id":"https:\/\/www.bbmnoticias.com\/labravaradiofm\/#\/schema\/person\/68a9e9036ef3c5b55aeb2b71dc8bab45"},"headline":"M\u00e9xico a la vanguardia, uno de los pa\u00edses que difunde m\u00e1s r\u00e1pido la cifra de empleo formal","datePublished":"2022-01-05T21:51:15+00:00","dateModified":"2022-01-05T21:51:17+00:00","mainEntityOfPage":{"@id":"https:\/\/www.bbmnoticias.com\/labravaradiofm\/2022\/01\/05\/mexico-a-la-vanguardia-uno-de-los-paises-que-difunde-mas-rapido-la-cifra-de-empleo-formal\/"},"wordCount":465,"image":{"@id":"https:\/\/www.bbmnoticias.com\/labravaradiofm\/2022\/01\/05\/mexico-a-la-vanguardia-uno-de-los-paises-que-difunde-mas-rapido-la-cifra-de-empleo-formal\/#primaryimage"},"thumbnailUrl":"https:\/\/www.bbmnoticias.com\/labravaradiofm\/wp-content\/uploads\/sites\/5\/2022\/01\/empleo-mexico.webp","articleSection":["NACIONAL"],"inLanguage":"es"},{"@type":"WebPage","@id":"https:\/\/www.bbmnoticias.com\/labravaradiofm\/2022\/01\/05\/mexico-a-la-vanguardia-uno-de-los-paises-que-difunde-mas-rapido-la-cifra-de-empleo-formal\/","url":"https:\/\/www.bbmnoticias.com\/labravaradiofm\/2022\/01\/05\/mexico-a-la-vanguardia-uno-de-los-paises-que-difunde-mas-rapido-la-cifra-de-empleo-formal\/","name":"M\u00e9xico a la vanguardia, uno de los pa\u00edses que difunde m\u00e1s r\u00e1pido la cifra de empleo formal - LA BRAVA RADIO","isPartOf":{"@id":"https:\/\/www.bbmnoticias.com\/labravaradiofm\/#website"},"primaryImageOfPage":{"@id":"https:\/\/www.bbmnoticias.com\/labravaradiofm\/2022\/01\/05\/mexico-a-la-vanguardia-uno-de-los-paises-que-difunde-mas-rapido-la-cifra-de-empleo-formal\/#primaryimage"},"image":{"@id":"https:\/\/www.bbmnoticias.com\/labravaradiofm\/2022\/01\/05\/mexico-a-la-vanguardia-uno-de-los-paises-que-difunde-mas-rapido-la-cifra-de-empleo-formal\/#primaryimage"},"thumbnailUrl":"https:\/\/www.bbmnoticias.com\/labravaradiofm\/wp-content\/uploads\/sites\/5\/2022\/01\/empleo-mexico.webp","datePublished":"2022-01-05T21:51:15+00:00","dateModified":"2022-01-05T21:51:17+00:00","author":{"@id":"https:\/\/www.bbmnoticias.com\/labravaradiofm\/#\/schema\/person\/68a9e9036ef3c5b55aeb2b71dc8bab45"},"breadcrumb":{"@id":"https:\/\/www.bbmnoticias.com\/labravaradiofm\/2022\/01\/05\/mexico-a-la-vanguardia-uno-de-los-paises-que-difunde-mas-rapido-la-cifra-de-empleo-formal\/#breadcrumb"},"inLanguage":"es","potentialAction":[{"@type":"ReadAction","target":["https:\/\/www.bbmnoticias.com\/labravaradiofm\/2022\/01\/05\/mexico-a-la-vanguardia-uno-de-los-paises-que-difunde-mas-rapido-la-cifra-de-empleo-formal\/"]}]},{"@type":"ImageObject","inLanguage":"es","@id":"https:\/\/www.bbmnoticias.com\/labravaradiofm\/2022\/01\/05\/mexico-a-la-vanguardia-uno-de-los-paises-que-difunde-mas-rapido-la-cifra-de-empleo-formal\/#primaryimage","url":"https:\/\/www.bbmnoticias.com\/labravaradiofm\/wp-content\/uploads\/sites\/5\/2022\/01\/empleo-mexico.webp","contentUrl":"https:\/\/www.bbmnoticias.com\/labravaradiofm\/wp-content\/uploads\/sites\/5\/2022\/01\/empleo-mexico.webp","width":1120,"height":633},{"@type":"BreadcrumbList","@id":"https:\/\/www.bbmnoticias.com\/labravaradiofm\/2022\/01\/05\/mexico-a-la-vanguardia-uno-de-los-paises-que-difunde-mas-rapido-la-cifra-de-empleo-formal\/#breadcrumb","itemListElement":[{"@type":"ListItem","position":1,"name":"Inicio","item":"https:\/\/www.bbmnoticias.com\/labravaradiofm\/"},{"@type":"ListItem","position":2,"name":"M\u00e9xico a la vanguardia, uno de los pa\u00edses que difunde m\u00e1s r\u00e1pido la cifra de empleo formal"}]},{"@type":"WebSite","@id":"https:\/\/www.bbmnoticias.com\/labravaradiofm\/#website","url":"https:\/\/www.bbmnoticias.com\/labravaradiofm\/","name":"LA BRAVA RADIO","description":"Empresa productora de medios, Radiodifusi\u00f3n, Noticias, tendencias y todo lo que necesitas saber de la pol\u00edtica mexicana e internacional; entretenimiento, espect\u00e1culos, salud y mucho m\u00e1s.","potentialAction":[{"@type":"SearchAction","target":{"@type":"EntryPoint","urlTemplate":"https:\/\/www.bbmnoticias.com\/labravaradiofm\/?s={search_term_string}"},"query-input":{"@type":"PropertyValueSpecification","valueRequired":true,"valueName":"search_term_string"}}],"inLanguage":"es"},{"@type":"Person","@id":"https:\/\/www.bbmnoticias.com\/labravaradiofm\/#\/schema\/person\/68a9e9036ef3c5b55aeb2b71dc8bab45","name":"Staff","image":{"@type":"ImageObject","inLanguage":"es","@id":"https:\/\/secure.gravatar.com\/avatar\/fdd21ad66fd8b98c407f9dee5b5e588cfe7f0d8579ec20fa6527cd59bab7f0f0?s=96&d=mm&r=g","url":"https:\/\/secure.gravatar.com\/avatar\/fdd21ad66fd8b98c407f9dee5b5e588cfe7f0d8579ec20fa6527cd59bab7f0f0?s=96&d=mm&r=g","contentUrl":"https:\/\/secure.gravatar.com\/avatar\/fdd21ad66fd8b98c407f9dee5b5e588cfe7f0d8579ec20fa6527cd59bab7f0f0?s=96&d=mm&r=g","caption":"Staff"},"url":"https:\/\/www.bbmnoticias.com\/labravaradiofm\/author\/redaccion\/"}]}},"_links":{"self":[{"href":"https:\/\/www.bbmnoticias.com\/labravaradiofm\/wp-json\/wp\/v2\/posts\/8154","targetHints":{"allow":["GET"]}}],"collection":[{"href":"https:\/\/www.bbmnoticias.com\/labravaradiofm\/wp-json\/wp\/v2\/posts"}],"about":[{"href":"https:\/\/www.bbmnoticias.com\/labravaradiofm\/wp-json\/wp\/v2\/types\/post"}],"author":[{"embeddable":true,"href":"https:\/\/www.bbmnoticias.com\/labravaradiofm\/wp-json\/wp\/v2\/users\/2"}],"replies":[{"embeddable":true,"href":"https:\/\/www.bbmnoticias.com\/labravaradiofm\/wp-json\/wp\/v2\/comments?post=8154"}],"version-history":[{"count":0,"href":"https:\/\/www.bbmnoticias.com\/labravaradiofm\/wp-json\/wp\/v2\/posts\/8154\/revisions"}],"wp:featuredmedia":[{"embeddable":true,"href":"https:\/\/www.bbmnoticias.com\/labravaradiofm\/wp-json\/wp\/v2\/media\/8155"}],"wp:attachment":[{"href":"https:\/\/www.bbmnoticias.com\/labravaradiofm\/wp-json\/wp\/v2\/media?parent=8154"}],"wp:term":[{"taxonomy":"category","embeddable":true,"href":"https:\/\/www.bbmnoticias.com\/labravaradiofm\/wp-json\/wp\/v2\/categories?post=8154"},{"taxonomy":"post_tag","embeddable":true,"href":"https:\/\/www.bbmnoticias.com\/labravaradiofm\/wp-json\/wp\/v2\/tags?post=8154"}],"curies":[{"name":"wp","href":"https:\/\/api.w.org\/{rel}","templated":true}]}}