{"id":81515,"date":"2026-09-05T09:34:48","date_gmt":"2026-09-05T15:34:48","guid":{"rendered":"https:\/\/www.bbmnoticias.com\/labravaradiofm\/2026\/09\/05\/garcia-harfuch-confirma-dos-agentes-federales-muertos-tras-ataque-armado-en-omealca-veracruz\/"},"modified":"2026-09-05T09:34:50","modified_gmt":"2026-09-05T15:34:50","slug":"garcia-harfuch-confirma-dos-agentes-federales-muertos-tras-ataque-armado-en-omealca-veracruz","status":"publish","type":"post","link":"https:\/\/www.bbmnoticias.com\/labravaradiofm\/2026\/09\/05\/garcia-harfuch-confirma-dos-agentes-federales-muertos-tras-ataque-armado-en-omealca-veracruz\/","title":{"rendered":"Garc\u00eda Harfuch confirma dos agentes federales muertos tras ataque armado en Omealca, Veracruz"},"content":{"rendered":"\n<p class=\"wp-block-paragraph\"><strong>Omealca, Veracruz.\u2014<\/strong> Dos elementos federales murieron y una agente result\u00f3 herida tras un ataque armado registrado mientras realizaban tareas de investigaci\u00f3n en el municipio de <strong>Omealca, Veracruz<\/strong>, inform\u00f3 el secretario de Seguridad y Protecci\u00f3n Ciudadana, Omar Garc\u00eda Harfuch.<\/p>\n\n\n\n<p class=\"wp-block-paragraph\">A trav\u00e9s de una publicaci\u00f3n en su cuenta de X, el funcionario se\u00f1al\u00f3 que los agentes fueron agredidos con disparos de arma de fuego por presuntos integrantes de la delincuencia organizada.<\/p>\n\n\n\n<p class=\"wp-block-paragraph\">Garc\u00eda Harfuch expres\u00f3 sus condolencias a las familias de los elementos fallecidos y manifest\u00f3 su respaldo a la agente que result\u00f3 lesionada.<\/p>\n\n\n\n<p class=\"wp-block-paragraph\">Tras el ataque, las autoridades desplegaron un operativo para <strong>localizar y detener a los responsables<\/strong>.<\/p>\n\n\n\n<p class=\"wp-block-paragraph\">En las acciones participan elementos de la Secretar\u00eda de la Defensa Nacional, Secretar\u00eda de Marina, Guardia Nacional, Secretar\u00eda de Seguridad P\u00fablica y Fiscal\u00eda General del Estado de Veracruz, adem\u00e1s de autoridades de Oaxaca.<\/p>\n\n\n\n<p class=\"wp-block-paragraph\">Las autoridades no han informado hasta el momento sobre personas detenidas por estos hechos ni han precisado las circunstancias en las que ocurri\u00f3 la agresi\u00f3n.<\/p>\n\n\n\n<p class=\"wp-block-paragraph\">El caso permanece bajo investigaci\u00f3n mientras contin\u00faan los operativos de seguridad en la zona.<\/p>\n","protected":false},"excerpt":{"rendered":"<p>Omealca, Veracruz.\u2014 Dos elementos federales murieron y una agente result\u00f3 herida tras un ataque armado registrado mientras realizaban tareas de investigaci\u00f3n en el municipio de Omealca, Veracruz, inform\u00f3 el secretario de Seguridad y Protecci\u00f3n Ciudadana, Omar Garc\u00eda Harfuch. A trav\u00e9s de una publicaci\u00f3n en su cuenta de X, el funcionario se\u00f1al\u00f3 que los agentes fueron [&hellip;]<\/p>\n","protected":false},"author":4,"featured_media":81517,"comment_status":"closed","ping_status":"open","sticky":false,"template":"","format":"standard","meta":{"footnotes":""},"categories":[2,19],"tags":[],"class_list":["post-81515","post","type-post","status-publish","format-standard","has-post-thumbnail","hentry","category-oaxaca","category-nacional"],"yoast_head":"<!-- This site is optimized with the Yoast SEO plugin v28.1 - https:\/\/yoast.com\/product\/yoast-seo-wordpress\/ -->\n<title>Garc\u00eda Harfuch confirma dos agentes federales muertos tras ataque armado en Omealca, Veracruz - LA BRAVA RADIO<\/title>\n<meta name=\"robots\" content=\"index, follow, max-snippet:-1, max-image-preview:large, max-video-preview:-1\" \/>\n<link rel=\"canonical\" href=\"https:\/\/www.bbmnoticias.com\/garcia-harfuch-confirma-dos-agentes-federales-muertos-tras-ataque-armado-en-omealca-veracruz\/\" \/>\n<meta property=\"og:locale\" content=\"es_MX\" \/>\n<meta property=\"og:type\" content=\"article\" \/>\n<meta property=\"og:title\" content=\"Garc\u00eda Harfuch confirma dos agentes federales muertos tras ataque armado en Omealca, Veracruz - LA BRAVA RADIO\" \/>\n<meta property=\"og:description\" content=\"Omealca, Veracruz.\u2014 Dos elementos federales murieron y una agente result\u00f3 herida tras un ataque armado registrado mientras realizaban tareas de investigaci\u00f3n en el municipio de Omealca, Veracruz, inform\u00f3 el secretario de Seguridad y Protecci\u00f3n Ciudadana, Omar Garc\u00eda Harfuch. A trav\u00e9s de una publicaci\u00f3n en su cuenta de X, el funcionario se\u00f1al\u00f3 que los agentes fueron [&hellip;]\" \/>\n<meta property=\"og:url\" content=\"https:\/\/www.bbmnoticias.com\/garcia-harfuch-confirma-dos-agentes-federales-muertos-tras-ataque-armado-en-omealca-veracruz\/\" \/>\n<meta property=\"og:site_name\" content=\"LA BRAVA RADIO\" \/>\n<meta property=\"article:published_time\" content=\"2026-09-05T15:34:48+00:00\" \/>\n<meta property=\"article:modified_time\" content=\"2026-09-05T15:34:50+00:00\" \/>\n<meta property=\"og:image\" content=\"https:\/\/www.bbmnoticias.com\/labravaradiofm\/wp-content\/uploads\/sites\/5\/2026\/09\/omar_garcia_harfuch.webp\" \/>\n\t<meta property=\"og:image:width\" content=\"848\" \/>\n\t<meta property=\"og:image:height\" content=\"477\" \/>\n\t<meta property=\"og:image:type\" content=\"image\/webp\" \/>\n<meta name=\"author\" content=\"Agencias\" \/>\n<meta name=\"twitter:card\" content=\"summary_large_image\" \/>\n<meta name=\"twitter:label1\" content=\"Escrito por\" \/>\n\t<meta name=\"twitter:data1\" content=\"Agencias\" \/>\n\t<meta name=\"twitter:label2\" content=\"Tiempo de lectura\" \/>\n\t<meta name=\"twitter:data2\" content=\"1 minuto\" \/>\n<script type=\"application\/ld+json\" class=\"yoast-schema-graph\">{\"@context\":\"https:\\\/\\\/schema.org\",\"@graph\":[{\"@type\":\"Article\",\"@id\":\"https:\\\/\\\/www.bbmnoticias.com\\\/garcia-harfuch-confirma-dos-agentes-federales-muertos-tras-ataque-armado-en-omealca-veracruz\\\/#article\",\"isPartOf\":{\"@id\":\"https:\\\/\\\/www.bbmnoticias.com\\\/labravaradiofm\\\/2026\\\/09\\\/05\\\/garcia-harfuch-confirma-dos-agentes-federales-muertos-tras-ataque-armado-en-omealca-veracruz\\\/\"},\"author\":{\"name\":\"Agencias\",\"@id\":\"https:\\\/\\\/www.bbmnoticias.com\\\/labravaradiofm\\\/#\\\/schema\\\/person\\\/9fbc5ce7940cac56d0ea1e2b03b6d30c\"},\"headline\":\"Garc\u00eda Harfuch confirma dos agentes federales muertos tras ataque armado en Omealca, Veracruz\",\"datePublished\":\"2026-09-05T15:34:48+00:00\",\"dateModified\":\"2026-09-05T15:34:50+00:00\",\"mainEntityOfPage\":{\"@id\":\"https:\\\/\\\/www.bbmnoticias.com\\\/labravaradiofm\\\/2026\\\/09\\\/05\\\/garcia-harfuch-confirma-dos-agentes-federales-muertos-tras-ataque-armado-en-omealca-veracruz\\\/\"},\"wordCount\":208,\"image\":{\"@id\":\"https:\\\/\\\/www.bbmnoticias.com\\\/garcia-harfuch-confirma-dos-agentes-federales-muertos-tras-ataque-armado-en-omealca-veracruz\\\/#primaryimage\"},\"thumbnailUrl\":\"https:\\\/\\\/www.bbmnoticias.com\\\/labravaradiofm\\\/wp-content\\\/uploads\\\/sites\\\/5\\\/2026\\\/09\\\/omar_garcia_harfuch.webp\",\"articleSection\":[\"LOCAL\",\"NACIONAL\"],\"inLanguage\":\"es\"},{\"@type\":\"WebPage\",\"@id\":\"https:\\\/\\\/www.bbmnoticias.com\\\/labravaradiofm\\\/2026\\\/09\\\/05\\\/garcia-harfuch-confirma-dos-agentes-federales-muertos-tras-ataque-armado-en-omealca-veracruz\\\/\",\"url\":\"https:\\\/\\\/www.bbmnoticias.com\\\/garcia-harfuch-confirma-dos-agentes-federales-muertos-tras-ataque-armado-en-omealca-veracruz\\\/\",\"name\":\"Garc\u00eda Harfuch confirma dos agentes federales muertos tras ataque armado en Omealca, Veracruz - LA BRAVA RADIO\",\"isPartOf\":{\"@id\":\"https:\\\/\\\/www.bbmnoticias.com\\\/labravaradiofm\\\/#website\"},\"primaryImageOfPage\":{\"@id\":\"https:\\\/\\\/www.bbmnoticias.com\\\/garcia-harfuch-confirma-dos-agentes-federales-muertos-tras-ataque-armado-en-omealca-veracruz\\\/#primaryimage\"},\"image\":{\"@id\":\"https:\\\/\\\/www.bbmnoticias.com\\\/garcia-harfuch-confirma-dos-agentes-federales-muertos-tras-ataque-armado-en-omealca-veracruz\\\/#primaryimage\"},\"thumbnailUrl\":\"https:\\\/\\\/www.bbmnoticias.com\\\/labravaradiofm\\\/wp-content\\\/uploads\\\/sites\\\/5\\\/2026\\\/09\\\/omar_garcia_harfuch.webp\",\"datePublished\":\"2026-09-05T15:34:48+00:00\",\"dateModified\":\"2026-09-05T15:34:50+00:00\",\"author\":{\"@id\":\"https:\\\/\\\/www.bbmnoticias.com\\\/labravaradiofm\\\/#\\\/schema\\\/person\\\/9fbc5ce7940cac56d0ea1e2b03b6d30c\"},\"breadcrumb\":{\"@id\":\"https:\\\/\\\/www.bbmnoticias.com\\\/garcia-harfuch-confirma-dos-agentes-federales-muertos-tras-ataque-armado-en-omealca-veracruz\\\/#breadcrumb\"},\"inLanguage\":\"es\",\"potentialAction\":[{\"@type\":\"ReadAction\",\"target\":[\"https:\\\/\\\/www.bbmnoticias.com\\\/garcia-harfuch-confirma-dos-agentes-federales-muertos-tras-ataque-armado-en-omealca-veracruz\\\/\"]}]},{\"@type\":\"ImageObject\",\"inLanguage\":\"es\",\"@id\":\"https:\\\/\\\/www.bbmnoticias.com\\\/garcia-harfuch-confirma-dos-agentes-federales-muertos-tras-ataque-armado-en-omealca-veracruz\\\/#primaryimage\",\"url\":\"https:\\\/\\\/www.bbmnoticias.com\\\/labravaradiofm\\\/wp-content\\\/uploads\\\/sites\\\/5\\\/2026\\\/09\\\/omar_garcia_harfuch.webp\",\"contentUrl\":\"https:\\\/\\\/www.bbmnoticias.com\\\/labravaradiofm\\\/wp-content\\\/uploads\\\/sites\\\/5\\\/2026\\\/09\\\/omar_garcia_harfuch.webp\",\"width\":848,\"height\":477},{\"@type\":\"BreadcrumbList\",\"@id\":\"https:\\\/\\\/www.bbmnoticias.com\\\/garcia-harfuch-confirma-dos-agentes-federales-muertos-tras-ataque-armado-en-omealca-veracruz\\\/#breadcrumb\",\"itemListElement\":[{\"@type\":\"ListItem\",\"position\":1,\"name\":\"Inicio\",\"item\":\"https:\\\/\\\/www.bbmnoticias.com\\\/labravaradiofm\\\/\"},{\"@type\":\"ListItem\",\"position\":2,\"name\":\"Garc\u00eda Harfuch confirma dos agentes federales muertos tras ataque armado en Omealca, Veracruz\"}]},{\"@type\":\"WebSite\",\"@id\":\"https:\\\/\\\/www.bbmnoticias.com\\\/labravaradiofm\\\/#website\",\"url\":\"https:\\\/\\\/www.bbmnoticias.com\\\/labravaradiofm\\\/\",\"name\":\"LA BRAVA RADIO\",\"description\":\"Empresa productora de medios, Radiodifusi\u00f3n, Noticias, tendencias y todo lo que necesitas saber de la pol\u00edtica mexicana e internacional; entretenimiento, espect\u00e1culos, salud y mucho m\u00e1s.\",\"potentialAction\":[{\"@type\":\"SearchAction\",\"target\":{\"@type\":\"EntryPoint\",\"urlTemplate\":\"https:\\\/\\\/www.bbmnoticias.com\\\/labravaradiofm\\\/?s={search_term_string}\"},\"query-input\":{\"@type\":\"PropertyValueSpecification\",\"valueRequired\":true,\"valueName\":\"search_term_string\"}}],\"inLanguage\":\"es\"},{\"@type\":\"Person\",\"@id\":\"https:\\\/\\\/www.bbmnoticias.com\\\/labravaradiofm\\\/#\\\/schema\\\/person\\\/9fbc5ce7940cac56d0ea1e2b03b6d30c\",\"name\":\"Agencias\",\"image\":{\"@type\":\"ImageObject\",\"inLanguage\":\"es\",\"@id\":\"https:\\\/\\\/secure.gravatar.com\\\/avatar\\\/739e0b61adf9e398b425c36718c8752286da0e8cd90f20ce9a86678abc26aa0d?s=96&d=mm&r=g\",\"url\":\"https:\\\/\\\/secure.gravatar.com\\\/avatar\\\/739e0b61adf9e398b425c36718c8752286da0e8cd90f20ce9a86678abc26aa0d?s=96&d=mm&r=g\",\"contentUrl\":\"https:\\\/\\\/secure.gravatar.com\\\/avatar\\\/739e0b61adf9e398b425c36718c8752286da0e8cd90f20ce9a86678abc26aa0d?s=96&d=mm&r=g\",\"caption\":\"Agencias\"},\"url\":\"https:\\\/\\\/www.bbmnoticias.com\\\/labravaradiofm\\\/author\\\/agencias\\\/\"}]}<\/script>\n<!-- \/ Yoast SEO plugin. -->","yoast_head_json":{"title":"Garc\u00eda Harfuch confirma dos agentes federales muertos tras ataque armado en Omealca, Veracruz - LA BRAVA RADIO","robots":{"index":"index","follow":"follow","max-snippet":"max-snippet:-1","max-image-preview":"max-image-preview:large","max-video-preview":"max-video-preview:-1"},"canonical":"https:\/\/www.bbmnoticias.com\/garcia-harfuch-confirma-dos-agentes-federales-muertos-tras-ataque-armado-en-omealca-veracruz\/","og_locale":"es_MX","og_type":"article","og_title":"Garc\u00eda Harfuch confirma dos agentes federales muertos tras ataque armado en Omealca, Veracruz - LA BRAVA RADIO","og_description":"Omealca, Veracruz.\u2014 Dos elementos federales murieron y una agente result\u00f3 herida tras un ataque armado registrado mientras realizaban tareas de investigaci\u00f3n en el municipio de Omealca, Veracruz, inform\u00f3 el secretario de Seguridad y Protecci\u00f3n Ciudadana, Omar Garc\u00eda Harfuch. A trav\u00e9s de una publicaci\u00f3n en su cuenta de X, el funcionario se\u00f1al\u00f3 que los agentes fueron [&hellip;]","og_url":"https:\/\/www.bbmnoticias.com\/garcia-harfuch-confirma-dos-agentes-federales-muertos-tras-ataque-armado-en-omealca-veracruz\/","og_site_name":"LA BRAVA RADIO","article_published_time":"2026-09-05T15:34:48+00:00","article_modified_time":"2026-09-05T15:34:50+00:00","og_image":[{"width":848,"height":477,"url":"https:\/\/www.bbmnoticias.com\/labravaradiofm\/wp-content\/uploads\/sites\/5\/2026\/09\/omar_garcia_harfuch.webp","type":"image\/webp"}],"author":"Agencias","twitter_card":"summary_large_image","twitter_misc":{"Escrito por":"Agencias","Tiempo de lectura":"1 minuto"},"schema":{"@context":"https:\/\/schema.org","@graph":[{"@type":"Article","@id":"https:\/\/www.bbmnoticias.com\/garcia-harfuch-confirma-dos-agentes-federales-muertos-tras-ataque-armado-en-omealca-veracruz\/#article","isPartOf":{"@id":"https:\/\/www.bbmnoticias.com\/labravaradiofm\/2026\/09\/05\/garcia-harfuch-confirma-dos-agentes-federales-muertos-tras-ataque-armado-en-omealca-veracruz\/"},"author":{"name":"Agencias","@id":"https:\/\/www.bbmnoticias.com\/labravaradiofm\/#\/schema\/person\/9fbc5ce7940cac56d0ea1e2b03b6d30c"},"headline":"Garc\u00eda Harfuch confirma dos agentes federales muertos tras ataque armado en Omealca, Veracruz","datePublished":"2026-09-05T15:34:48+00:00","dateModified":"2026-09-05T15:34:50+00:00","mainEntityOfPage":{"@id":"https:\/\/www.bbmnoticias.com\/labravaradiofm\/2026\/09\/05\/garcia-harfuch-confirma-dos-agentes-federales-muertos-tras-ataque-armado-en-omealca-veracruz\/"},"wordCount":208,"image":{"@id":"https:\/\/www.bbmnoticias.com\/garcia-harfuch-confirma-dos-agentes-federales-muertos-tras-ataque-armado-en-omealca-veracruz\/#primaryimage"},"thumbnailUrl":"https:\/\/www.bbmnoticias.com\/labravaradiofm\/wp-content\/uploads\/sites\/5\/2026\/09\/omar_garcia_harfuch.webp","articleSection":["LOCAL","NACIONAL"],"inLanguage":"es"},{"@type":"WebPage","@id":"https:\/\/www.bbmnoticias.com\/labravaradiofm\/2026\/09\/05\/garcia-harfuch-confirma-dos-agentes-federales-muertos-tras-ataque-armado-en-omealca-veracruz\/","url":"https:\/\/www.bbmnoticias.com\/garcia-harfuch-confirma-dos-agentes-federales-muertos-tras-ataque-armado-en-omealca-veracruz\/","name":"Garc\u00eda Harfuch confirma dos agentes federales muertos tras ataque armado en Omealca, Veracruz - LA BRAVA RADIO","isPartOf":{"@id":"https:\/\/www.bbmnoticias.com\/labravaradiofm\/#website"},"primaryImageOfPage":{"@id":"https:\/\/www.bbmnoticias.com\/garcia-harfuch-confirma-dos-agentes-federales-muertos-tras-ataque-armado-en-omealca-veracruz\/#primaryimage"},"image":{"@id":"https:\/\/www.bbmnoticias.com\/garcia-harfuch-confirma-dos-agentes-federales-muertos-tras-ataque-armado-en-omealca-veracruz\/#primaryimage"},"thumbnailUrl":"https:\/\/www.bbmnoticias.com\/labravaradiofm\/wp-content\/uploads\/sites\/5\/2026\/09\/omar_garcia_harfuch.webp","datePublished":"2026-09-05T15:34:48+00:00","dateModified":"2026-09-05T15:34:50+00:00","author":{"@id":"https:\/\/www.bbmnoticias.com\/labravaradiofm\/#\/schema\/person\/9fbc5ce7940cac56d0ea1e2b03b6d30c"},"breadcrumb":{"@id":"https:\/\/www.bbmnoticias.com\/garcia-harfuch-confirma-dos-agentes-federales-muertos-tras-ataque-armado-en-omealca-veracruz\/#breadcrumb"},"inLanguage":"es","potentialAction":[{"@type":"ReadAction","target":["https:\/\/www.bbmnoticias.com\/garcia-harfuch-confirma-dos-agentes-federales-muertos-tras-ataque-armado-en-omealca-veracruz\/"]}]},{"@type":"ImageObject","inLanguage":"es","@id":"https:\/\/www.bbmnoticias.com\/garcia-harfuch-confirma-dos-agentes-federales-muertos-tras-ataque-armado-en-omealca-veracruz\/#primaryimage","url":"https:\/\/www.bbmnoticias.com\/labravaradiofm\/wp-content\/uploads\/sites\/5\/2026\/09\/omar_garcia_harfuch.webp","contentUrl":"https:\/\/www.bbmnoticias.com\/labravaradiofm\/wp-content\/uploads\/sites\/5\/2026\/09\/omar_garcia_harfuch.webp","width":848,"height":477},{"@type":"BreadcrumbList","@id":"https:\/\/www.bbmnoticias.com\/garcia-harfuch-confirma-dos-agentes-federales-muertos-tras-ataque-armado-en-omealca-veracruz\/#breadcrumb","itemListElement":[{"@type":"ListItem","position":1,"name":"Inicio","item":"https:\/\/www.bbmnoticias.com\/labravaradiofm\/"},{"@type":"ListItem","position":2,"name":"Garc\u00eda Harfuch confirma dos agentes federales muertos tras ataque armado en Omealca, Veracruz"}]},{"@type":"WebSite","@id":"https:\/\/www.bbmnoticias.com\/labravaradiofm\/#website","url":"https:\/\/www.bbmnoticias.com\/labravaradiofm\/","name":"LA BRAVA RADIO","description":"Empresa productora de medios, Radiodifusi\u00f3n, Noticias, tendencias y todo lo que necesitas saber de la pol\u00edtica mexicana e internacional; entretenimiento, espect\u00e1culos, salud y mucho m\u00e1s.","potentialAction":[{"@type":"SearchAction","target":{"@type":"EntryPoint","urlTemplate":"https:\/\/www.bbmnoticias.com\/labravaradiofm\/?s={search_term_string}"},"query-input":{"@type":"PropertyValueSpecification","valueRequired":true,"valueName":"search_term_string"}}],"inLanguage":"es"},{"@type":"Person","@id":"https:\/\/www.bbmnoticias.com\/labravaradiofm\/#\/schema\/person\/9fbc5ce7940cac56d0ea1e2b03b6d30c","name":"Agencias","image":{"@type":"ImageObject","inLanguage":"es","@id":"https:\/\/secure.gravatar.com\/avatar\/739e0b61adf9e398b425c36718c8752286da0e8cd90f20ce9a86678abc26aa0d?s=96&d=mm&r=g","url":"https:\/\/secure.gravatar.com\/avatar\/739e0b61adf9e398b425c36718c8752286da0e8cd90f20ce9a86678abc26aa0d?s=96&d=mm&r=g","contentUrl":"https:\/\/secure.gravatar.com\/avatar\/739e0b61adf9e398b425c36718c8752286da0e8cd90f20ce9a86678abc26aa0d?s=96&d=mm&r=g","caption":"Agencias"},"url":"https:\/\/www.bbmnoticias.com\/labravaradiofm\/author\/agencias\/"}]}},"_links":{"self":[{"href":"https:\/\/www.bbmnoticias.com\/labravaradiofm\/wp-json\/wp\/v2\/posts\/81515","targetHints":{"allow":["GET"]}}],"collection":[{"href":"https:\/\/www.bbmnoticias.com\/labravaradiofm\/wp-json\/wp\/v2\/posts"}],"about":[{"href":"https:\/\/www.bbmnoticias.com\/labravaradiofm\/wp-json\/wp\/v2\/types\/post"}],"author":[{"embeddable":true,"href":"https:\/\/www.bbmnoticias.com\/labravaradiofm\/wp-json\/wp\/v2\/users\/4"}],"replies":[{"embeddable":true,"href":"https:\/\/www.bbmnoticias.com\/labravaradiofm\/wp-json\/wp\/v2\/comments?post=81515"}],"version-history":[{"count":1,"href":"https:\/\/www.bbmnoticias.com\/labravaradiofm\/wp-json\/wp\/v2\/posts\/81515\/revisions"}],"predecessor-version":[{"id":81516,"href":"https:\/\/www.bbmnoticias.com\/labravaradiofm\/wp-json\/wp\/v2\/posts\/81515\/revisions\/81516"}],"wp:featuredmedia":[{"embeddable":true,"href":"https:\/\/www.bbmnoticias.com\/labravaradiofm\/wp-json\/wp\/v2\/media\/81517"}],"wp:attachment":[{"href":"https:\/\/www.bbmnoticias.com\/labravaradiofm\/wp-json\/wp\/v2\/media?parent=81515"}],"wp:term":[{"taxonomy":"category","embeddable":true,"href":"https:\/\/www.bbmnoticias.com\/labravaradiofm\/wp-json\/wp\/v2\/categories?post=81515"},{"taxonomy":"post_tag","embeddable":true,"href":"https:\/\/www.bbmnoticias.com\/labravaradiofm\/wp-json\/wp\/v2\/tags?post=81515"}],"curies":[{"name":"wp","href":"https:\/\/api.w.org\/{rel}","templated":true}]}}