{"id":81494,"date":"2026-09-04T13:57:03","date_gmt":"2026-09-04T19:57:03","guid":{"rendered":"https:\/\/www.bbmnoticias.com\/labravaradiofm\/2026\/09\/04\/sheinbaum-fobaproa-es-impagable-nunca-se-va-a-acabar-de-pagar\/"},"modified":"2026-09-04T13:57:06","modified_gmt":"2026-09-04T19:57:06","slug":"sheinbaum-fobaproa-es-impagable-nunca-se-va-a-acabar-de-pagar","status":"publish","type":"post","link":"https:\/\/www.bbmnoticias.com\/labravaradiofm\/2026\/09\/04\/sheinbaum-fobaproa-es-impagable-nunca-se-va-a-acabar-de-pagar\/","title":{"rendered":"Sheinbaum: Fobaproa &#8220;es impagable, nunca se va a acabar de pagar\u201d"},"content":{"rendered":"\n<h3 class=\"wp-block-heading\">Sheinbaum acusa que el rescate del Fobaproa es \u201cimpagable\u201d y defiende continuidad de la 4T<\/h3>\n\n\n\n<p class=\"wp-block-paragraph\"><strong>Zacatecas, Zac., 4 de septiembre de 2026.<\/strong>\u2014 La presidenta <strong>Claudia Sheinbaum Pardo<\/strong> afirm\u00f3 que el rescate financiero conocido como Fobaproa, impulsado durante el gobierno de Ernesto Zedillo en la d\u00e9cada de 1990, representa una deuda que \u201ces impagable\u201d y que el pa\u00eds continuar\u00e1 cubriendo.<\/p>\n\n\n\n<p class=\"wp-block-paragraph\">Durante la asamblea <strong>\u201cHonestidad y resultados\u201d<\/strong>, realizada en Zacatecas como parte de su informe sobre los primeros dos a\u00f1os de su administraci\u00f3n, Sheinbaum sostuvo que el rescate benefici\u00f3 principalmente a empresas y bancos, mientras que miles de familias enfrentaron el crecimiento de sus deudas y la p\u00e9rdida de bienes.<\/p>\n\n\n\n<p class=\"wp-block-paragraph\">La mandataria record\u00f3 que durante aquella crisis algunas personas que hab\u00edan adquirido cr\u00e9ditos para comprar maquinaria o viviendas vieron multiplicarse sus adeudos debido al incremento de las tasas de inter\u00e9s.<\/p>\n\n\n\n<p class=\"wp-block-paragraph\">De acuerdo con cifras de la Secretar\u00eda de Hacienda citadas por la presidenta, para abril de 2025 el rescate hab\u00eda representado un pago acumulado de <strong>945 mil 895 millones de pesos en intereses<\/strong>. Con una actualizaci\u00f3n por inflaci\u00f3n, esa cantidad superaba entonces los dos billones de pesos.<\/p>\n\n\n\n<p class=\"wp-block-paragraph\">Sheinbaum tambi\u00e9n relacion\u00f3 aquella crisis con un incremento de la migraci\u00f3n hacia Estados Unidos y critic\u00f3 las pol\u00edticas de privatizaci\u00f3n implementadas durante el periodo de 1994 a 2000.<\/p>\n\n\n\n<h3 class=\"wp-block-heading\">\u201cNo hay divisi\u00f3n\u201d en el movimiento, afirma<\/h3>\n\n\n\n<p class=\"wp-block-paragraph\">En su mensaje, la presidenta rechaz\u00f3 las versiones sobre una supuesta divisi\u00f3n dentro del movimiento que encabeza y asegur\u00f3 que existe unidad en torno a un proyecto pol\u00edtico que, dijo, mantiene como prioridad al pueblo de M\u00e9xico.<\/p>\n\n\n\n<p class=\"wp-block-paragraph\">\u201cVamos bien\u201d, sostuvo Sheinbaum, quien afirm\u00f3 sentirse optimista y destac\u00f3 el respaldo ciudadano a su modelo econ\u00f3mico, pol\u00edtico y social.<\/p>\n\n\n\n<p class=\"wp-block-paragraph\">La mandataria tambi\u00e9n cuestion\u00f3 las campa\u00f1as en redes sociales que, seg\u00fan se\u00f1al\u00f3, buscan afectar a su gobierno y afirm\u00f3 que existe una relaci\u00f3n de respaldo entre el gobierno federal y la poblaci\u00f3n.<\/p>\n\n\n\n<h3 class=\"wp-block-heading\">Presumen programas sociales en Zacatecas<\/h3>\n\n\n\n<p class=\"wp-block-paragraph\">Sheinbaum inform\u00f3 que, de los aproximadamente <strong>1.62 millones de habitantes de Zacatecas<\/strong>, alrededor de <strong>710 mil reciben alg\u00fan apoyo directo del Gobierno de M\u00e9xico<\/strong>, de acuerdo con las cifras presentadas durante el acto.<\/p>\n\n\n\n<p class=\"wp-block-paragraph\">Entre los programas mencionados se encuentran las pensiones para adultos mayores y personas con discapacidad, <strong>J\u00f3venes Construyendo el Futuro<\/strong>, becas para estudiantes de nivel medio superior, la pensi\u00f3n <strong>Mujeres Bienestar<\/strong> y apoyos para estudiantes de secundaria.<\/p>\n\n\n\n<p class=\"wp-block-paragraph\">Tambi\u00e9n destac\u00f3 programas dirigidos al campo, incluidos los <strong>precios de garant\u00eda<\/strong> para productos como ma\u00edz, frijol, trigo, arroz y leche, as\u00ed como acciones en materia de salud, infraestructura carretera y educaci\u00f3n.<\/p>\n\n\n\n<h3 class=\"wp-block-heading\">Monreal respalda a Sheinbaum<\/h3>\n\n\n\n<p class=\"wp-block-paragraph\">Durante el evento, el gobernador de Zacatecas, <strong>David Monreal \u00c1vila<\/strong>, expres\u00f3 su respaldo a la presidenta y destac\u00f3 la coordinaci\u00f3n entre los gobiernos estatal y federal, particularmente en materia de seguridad.<\/p>\n\n\n\n<p class=\"wp-block-paragraph\">Monreal asegur\u00f3 que los cuestionamientos contra Sheinbaum no han debilitado su administraci\u00f3n y destac\u00f3 lo que consider\u00f3 su alto nivel de respaldo ciudadano.<\/p>\n\n\n\n<p class=\"wp-block-paragraph\">Ante las presiones externas, el gobernador retom\u00f3 una de las frases que han marcado el discurso del gobierno federal: <strong>\u201ccooperaci\u00f3n s\u00ed, subordinaci\u00f3n, jam\u00e1s\u201d<\/strong>.<\/p>\n\n\n\n<p class=\"wp-block-paragraph\">Al concluir el mensaje de la presidenta, simpatizantes presentes en el acto corearon: <strong>\u201c\u00a1No est\u00e1s sola!\u201d<\/strong>.<\/p>\n","protected":false},"excerpt":{"rendered":"<p>Sheinbaum acusa que el rescate del Fobaproa es \u201cimpagable\u201d y defiende continuidad de la 4T Zacatecas, Zac., 4 de septiembre de 2026.\u2014 La presidenta Claudia Sheinbaum Pardo afirm\u00f3 que el rescate financiero conocido como Fobaproa, impulsado durante el gobierno de Ernesto Zedillo en la d\u00e9cada de 1990, representa una deuda que \u201ces impagable\u201d y que [&hellip;]<\/p>\n","protected":false},"author":2,"featured_media":81496,"comment_status":"closed","ping_status":"open","sticky":false,"template":"","format":"standard","meta":{"footnotes":""},"categories":[2,19],"tags":[],"class_list":["post-81494","post","type-post","status-publish","format-standard","has-post-thumbnail","hentry","category-oaxaca","category-nacional"],"yoast_head":"<!-- This site is optimized with the Yoast SEO plugin v28.1 - https:\/\/yoast.com\/product\/yoast-seo-wordpress\/ -->\n<title>Sheinbaum: Fobaproa &quot;es impagable, nunca se va a acabar de pagar\u201d - LA BRAVA RADIO<\/title>\n<meta name=\"robots\" content=\"index, follow, max-snippet:-1, max-image-preview:large, max-video-preview:-1\" \/>\n<link rel=\"canonical\" href=\"https:\/\/www.bbmnoticias.com\/sheinbaum-fobaproa-es-impagable-nunca-se-va-a-acabar-de-pagar\/\" \/>\n<meta property=\"og:locale\" content=\"es_MX\" \/>\n<meta property=\"og:type\" content=\"article\" \/>\n<meta property=\"og:title\" content=\"Sheinbaum: Fobaproa &quot;es impagable, nunca se va a acabar de pagar\u201d - LA BRAVA RADIO\" \/>\n<meta property=\"og:description\" content=\"Sheinbaum acusa que el rescate del Fobaproa es \u201cimpagable\u201d y defiende continuidad de la 4T Zacatecas, Zac., 4 de septiembre de 2026.\u2014 La presidenta Claudia Sheinbaum Pardo afirm\u00f3 que el rescate financiero conocido como Fobaproa, impulsado durante el gobierno de Ernesto Zedillo en la d\u00e9cada de 1990, representa una deuda que \u201ces impagable\u201d y que [&hellip;]\" \/>\n<meta property=\"og:url\" content=\"https:\/\/www.bbmnoticias.com\/sheinbaum-fobaproa-es-impagable-nunca-se-va-a-acabar-de-pagar\/\" \/>\n<meta property=\"og:site_name\" content=\"LA BRAVA RADIO\" \/>\n<meta property=\"article:published_time\" content=\"2026-09-04T19:57:03+00:00\" \/>\n<meta property=\"article:modified_time\" content=\"2026-09-04T19:57:06+00:00\" \/>\n<meta property=\"og:image\" content=\"https:\/\/www.bbmnoticias.com\/labravaradiofm\/wp-content\/uploads\/sites\/5\/2026\/09\/sheinbaum-impagable-deuda-que-contrajo-zedillo-con-el-fobaproa.webp\" \/>\n\t<meta property=\"og:image:width\" content=\"1200\" \/>\n\t<meta property=\"og:image:height\" content=\"898\" \/>\n\t<meta property=\"og:image:type\" content=\"image\/webp\" \/>\n<meta name=\"author\" content=\"Staff\" \/>\n<meta name=\"twitter:card\" content=\"summary_large_image\" \/>\n<meta name=\"twitter:label1\" content=\"Escrito por\" \/>\n\t<meta name=\"twitter:data1\" content=\"Staff\" \/>\n\t<meta name=\"twitter:label2\" content=\"Tiempo de lectura\" \/>\n\t<meta name=\"twitter:data2\" content=\"3 minutos\" \/>\n<script type=\"application\/ld+json\" class=\"yoast-schema-graph\">{\"@context\":\"https:\\\/\\\/schema.org\",\"@graph\":[{\"@type\":\"Article\",\"@id\":\"https:\\\/\\\/www.bbmnoticias.com\\\/sheinbaum-fobaproa-es-impagable-nunca-se-va-a-acabar-de-pagar\\\/#article\",\"isPartOf\":{\"@id\":\"https:\\\/\\\/www.bbmnoticias.com\\\/labravaradiofm\\\/2026\\\/09\\\/04\\\/sheinbaum-fobaproa-es-impagable-nunca-se-va-a-acabar-de-pagar\\\/\"},\"author\":{\"name\":\"Staff\",\"@id\":\"https:\\\/\\\/www.bbmnoticias.com\\\/labravaradiofm\\\/#\\\/schema\\\/person\\\/9eb037257fc48a09cdf31d9a2f45619f\"},\"headline\":\"Sheinbaum: Fobaproa &#8220;es impagable, nunca se va a acabar de pagar\u201d\",\"datePublished\":\"2026-09-04T19:57:03+00:00\",\"dateModified\":\"2026-09-04T19:57:06+00:00\",\"mainEntityOfPage\":{\"@id\":\"https:\\\/\\\/www.bbmnoticias.com\\\/labravaradiofm\\\/2026\\\/09\\\/04\\\/sheinbaum-fobaproa-es-impagable-nunca-se-va-a-acabar-de-pagar\\\/\"},\"wordCount\":554,\"image\":{\"@id\":\"https:\\\/\\\/www.bbmnoticias.com\\\/sheinbaum-fobaproa-es-impagable-nunca-se-va-a-acabar-de-pagar\\\/#primaryimage\"},\"thumbnailUrl\":\"https:\\\/\\\/www.bbmnoticias.com\\\/labravaradiofm\\\/wp-content\\\/uploads\\\/sites\\\/5\\\/2026\\\/09\\\/sheinbaum-impagable-deuda-que-contrajo-zedillo-con-el-fobaproa.webp\",\"articleSection\":[\"LOCAL\",\"NACIONAL\"],\"inLanguage\":\"es\"},{\"@type\":\"WebPage\",\"@id\":\"https:\\\/\\\/www.bbmnoticias.com\\\/labravaradiofm\\\/2026\\\/09\\\/04\\\/sheinbaum-fobaproa-es-impagable-nunca-se-va-a-acabar-de-pagar\\\/\",\"url\":\"https:\\\/\\\/www.bbmnoticias.com\\\/sheinbaum-fobaproa-es-impagable-nunca-se-va-a-acabar-de-pagar\\\/\",\"name\":\"Sheinbaum: Fobaproa \\\"es impagable, nunca se va a acabar de pagar\u201d - LA BRAVA RADIO\",\"isPartOf\":{\"@id\":\"https:\\\/\\\/www.bbmnoticias.com\\\/labravaradiofm\\\/#website\"},\"primaryImageOfPage\":{\"@id\":\"https:\\\/\\\/www.bbmnoticias.com\\\/sheinbaum-fobaproa-es-impagable-nunca-se-va-a-acabar-de-pagar\\\/#primaryimage\"},\"image\":{\"@id\":\"https:\\\/\\\/www.bbmnoticias.com\\\/sheinbaum-fobaproa-es-impagable-nunca-se-va-a-acabar-de-pagar\\\/#primaryimage\"},\"thumbnailUrl\":\"https:\\\/\\\/www.bbmnoticias.com\\\/labravaradiofm\\\/wp-content\\\/uploads\\\/sites\\\/5\\\/2026\\\/09\\\/sheinbaum-impagable-deuda-que-contrajo-zedillo-con-el-fobaproa.webp\",\"datePublished\":\"2026-09-04T19:57:03+00:00\",\"dateModified\":\"2026-09-04T19:57:06+00:00\",\"author\":{\"@id\":\"https:\\\/\\\/www.bbmnoticias.com\\\/labravaradiofm\\\/#\\\/schema\\\/person\\\/9eb037257fc48a09cdf31d9a2f45619f\"},\"breadcrumb\":{\"@id\":\"https:\\\/\\\/www.bbmnoticias.com\\\/sheinbaum-fobaproa-es-impagable-nunca-se-va-a-acabar-de-pagar\\\/#breadcrumb\"},\"inLanguage\":\"es\",\"potentialAction\":[{\"@type\":\"ReadAction\",\"target\":[\"https:\\\/\\\/www.bbmnoticias.com\\\/sheinbaum-fobaproa-es-impagable-nunca-se-va-a-acabar-de-pagar\\\/\"]}]},{\"@type\":\"ImageObject\",\"inLanguage\":\"es\",\"@id\":\"https:\\\/\\\/www.bbmnoticias.com\\\/sheinbaum-fobaproa-es-impagable-nunca-se-va-a-acabar-de-pagar\\\/#primaryimage\",\"url\":\"https:\\\/\\\/www.bbmnoticias.com\\\/labravaradiofm\\\/wp-content\\\/uploads\\\/sites\\\/5\\\/2026\\\/09\\\/sheinbaum-impagable-deuda-que-contrajo-zedillo-con-el-fobaproa.webp\",\"contentUrl\":\"https:\\\/\\\/www.bbmnoticias.com\\\/labravaradiofm\\\/wp-content\\\/uploads\\\/sites\\\/5\\\/2026\\\/09\\\/sheinbaum-impagable-deuda-que-contrajo-zedillo-con-el-fobaproa.webp\",\"width\":1200,\"height\":898},{\"@type\":\"BreadcrumbList\",\"@id\":\"https:\\\/\\\/www.bbmnoticias.com\\\/sheinbaum-fobaproa-es-impagable-nunca-se-va-a-acabar-de-pagar\\\/#breadcrumb\",\"itemListElement\":[{\"@type\":\"ListItem\",\"position\":1,\"name\":\"Inicio\",\"item\":\"https:\\\/\\\/www.bbmnoticias.com\\\/labravaradiofm\\\/\"},{\"@type\":\"ListItem\",\"position\":2,\"name\":\"Sheinbaum: Fobaproa &#8220;es impagable, nunca se va a acabar de pagar\u201d\"}]},{\"@type\":\"WebSite\",\"@id\":\"https:\\\/\\\/www.bbmnoticias.com\\\/labravaradiofm\\\/#website\",\"url\":\"https:\\\/\\\/www.bbmnoticias.com\\\/labravaradiofm\\\/\",\"name\":\"LA BRAVA RADIO\",\"description\":\"Empresa productora de medios, Radiodifusi\u00f3n, Noticias, tendencias y todo lo que necesitas saber de la pol\u00edtica mexicana e internacional; entretenimiento, espect\u00e1culos, salud y mucho m\u00e1s.\",\"potentialAction\":[{\"@type\":\"SearchAction\",\"target\":{\"@type\":\"EntryPoint\",\"urlTemplate\":\"https:\\\/\\\/www.bbmnoticias.com\\\/labravaradiofm\\\/?s={search_term_string}\"},\"query-input\":{\"@type\":\"PropertyValueSpecification\",\"valueRequired\":true,\"valueName\":\"search_term_string\"}}],\"inLanguage\":\"es\"},{\"@type\":\"Person\",\"@id\":\"https:\\\/\\\/www.bbmnoticias.com\\\/labravaradiofm\\\/#\\\/schema\\\/person\\\/9eb037257fc48a09cdf31d9a2f45619f\",\"name\":\"Staff\",\"image\":{\"@type\":\"ImageObject\",\"inLanguage\":\"es\",\"@id\":\"https:\\\/\\\/secure.gravatar.com\\\/avatar\\\/fdd21ad66fd8b98c407f9dee5b5e588cfe7f0d8579ec20fa6527cd59bab7f0f0?s=96&d=mm&r=g\",\"url\":\"https:\\\/\\\/secure.gravatar.com\\\/avatar\\\/fdd21ad66fd8b98c407f9dee5b5e588cfe7f0d8579ec20fa6527cd59bab7f0f0?s=96&d=mm&r=g\",\"contentUrl\":\"https:\\\/\\\/secure.gravatar.com\\\/avatar\\\/fdd21ad66fd8b98c407f9dee5b5e588cfe7f0d8579ec20fa6527cd59bab7f0f0?s=96&d=mm&r=g\",\"caption\":\"Staff\"},\"url\":\"https:\\\/\\\/www.bbmnoticias.com\\\/labravaradiofm\\\/author\\\/redaccion\\\/\"}]}<\/script>\n<!-- \/ Yoast SEO plugin. -->","yoast_head_json":{"title":"Sheinbaum: Fobaproa \"es impagable, nunca se va a acabar de pagar\u201d - LA BRAVA RADIO","robots":{"index":"index","follow":"follow","max-snippet":"max-snippet:-1","max-image-preview":"max-image-preview:large","max-video-preview":"max-video-preview:-1"},"canonical":"https:\/\/www.bbmnoticias.com\/sheinbaum-fobaproa-es-impagable-nunca-se-va-a-acabar-de-pagar\/","og_locale":"es_MX","og_type":"article","og_title":"Sheinbaum: Fobaproa \"es impagable, nunca se va a acabar de pagar\u201d - LA BRAVA RADIO","og_description":"Sheinbaum acusa que el rescate del Fobaproa es \u201cimpagable\u201d y defiende continuidad de la 4T Zacatecas, Zac., 4 de septiembre de 2026.\u2014 La presidenta Claudia Sheinbaum Pardo afirm\u00f3 que el rescate financiero conocido como Fobaproa, impulsado durante el gobierno de Ernesto Zedillo en la d\u00e9cada de 1990, representa una deuda que \u201ces impagable\u201d y que [&hellip;]","og_url":"https:\/\/www.bbmnoticias.com\/sheinbaum-fobaproa-es-impagable-nunca-se-va-a-acabar-de-pagar\/","og_site_name":"LA BRAVA RADIO","article_published_time":"2026-09-04T19:57:03+00:00","article_modified_time":"2026-09-04T19:57:06+00:00","og_image":[{"width":1200,"height":898,"url":"https:\/\/www.bbmnoticias.com\/labravaradiofm\/wp-content\/uploads\/sites\/5\/2026\/09\/sheinbaum-impagable-deuda-que-contrajo-zedillo-con-el-fobaproa.webp","type":"image\/webp"}],"author":"Staff","twitter_card":"summary_large_image","twitter_misc":{"Escrito por":"Staff","Tiempo de lectura":"3 minutos"},"schema":{"@context":"https:\/\/schema.org","@graph":[{"@type":"Article","@id":"https:\/\/www.bbmnoticias.com\/sheinbaum-fobaproa-es-impagable-nunca-se-va-a-acabar-de-pagar\/#article","isPartOf":{"@id":"https:\/\/www.bbmnoticias.com\/labravaradiofm\/2026\/09\/04\/sheinbaum-fobaproa-es-impagable-nunca-se-va-a-acabar-de-pagar\/"},"author":{"name":"Staff","@id":"https:\/\/www.bbmnoticias.com\/labravaradiofm\/#\/schema\/person\/9eb037257fc48a09cdf31d9a2f45619f"},"headline":"Sheinbaum: Fobaproa &#8220;es impagable, nunca se va a acabar de pagar\u201d","datePublished":"2026-09-04T19:57:03+00:00","dateModified":"2026-09-04T19:57:06+00:00","mainEntityOfPage":{"@id":"https:\/\/www.bbmnoticias.com\/labravaradiofm\/2026\/09\/04\/sheinbaum-fobaproa-es-impagable-nunca-se-va-a-acabar-de-pagar\/"},"wordCount":554,"image":{"@id":"https:\/\/www.bbmnoticias.com\/sheinbaum-fobaproa-es-impagable-nunca-se-va-a-acabar-de-pagar\/#primaryimage"},"thumbnailUrl":"https:\/\/www.bbmnoticias.com\/labravaradiofm\/wp-content\/uploads\/sites\/5\/2026\/09\/sheinbaum-impagable-deuda-que-contrajo-zedillo-con-el-fobaproa.webp","articleSection":["LOCAL","NACIONAL"],"inLanguage":"es"},{"@type":"WebPage","@id":"https:\/\/www.bbmnoticias.com\/labravaradiofm\/2026\/09\/04\/sheinbaum-fobaproa-es-impagable-nunca-se-va-a-acabar-de-pagar\/","url":"https:\/\/www.bbmnoticias.com\/sheinbaum-fobaproa-es-impagable-nunca-se-va-a-acabar-de-pagar\/","name":"Sheinbaum: Fobaproa \"es impagable, nunca se va a acabar de pagar\u201d - LA BRAVA RADIO","isPartOf":{"@id":"https:\/\/www.bbmnoticias.com\/labravaradiofm\/#website"},"primaryImageOfPage":{"@id":"https:\/\/www.bbmnoticias.com\/sheinbaum-fobaproa-es-impagable-nunca-se-va-a-acabar-de-pagar\/#primaryimage"},"image":{"@id":"https:\/\/www.bbmnoticias.com\/sheinbaum-fobaproa-es-impagable-nunca-se-va-a-acabar-de-pagar\/#primaryimage"},"thumbnailUrl":"https:\/\/www.bbmnoticias.com\/labravaradiofm\/wp-content\/uploads\/sites\/5\/2026\/09\/sheinbaum-impagable-deuda-que-contrajo-zedillo-con-el-fobaproa.webp","datePublished":"2026-09-04T19:57:03+00:00","dateModified":"2026-09-04T19:57:06+00:00","author":{"@id":"https:\/\/www.bbmnoticias.com\/labravaradiofm\/#\/schema\/person\/9eb037257fc48a09cdf31d9a2f45619f"},"breadcrumb":{"@id":"https:\/\/www.bbmnoticias.com\/sheinbaum-fobaproa-es-impagable-nunca-se-va-a-acabar-de-pagar\/#breadcrumb"},"inLanguage":"es","potentialAction":[{"@type":"ReadAction","target":["https:\/\/www.bbmnoticias.com\/sheinbaum-fobaproa-es-impagable-nunca-se-va-a-acabar-de-pagar\/"]}]},{"@type":"ImageObject","inLanguage":"es","@id":"https:\/\/www.bbmnoticias.com\/sheinbaum-fobaproa-es-impagable-nunca-se-va-a-acabar-de-pagar\/#primaryimage","url":"https:\/\/www.bbmnoticias.com\/labravaradiofm\/wp-content\/uploads\/sites\/5\/2026\/09\/sheinbaum-impagable-deuda-que-contrajo-zedillo-con-el-fobaproa.webp","contentUrl":"https:\/\/www.bbmnoticias.com\/labravaradiofm\/wp-content\/uploads\/sites\/5\/2026\/09\/sheinbaum-impagable-deuda-que-contrajo-zedillo-con-el-fobaproa.webp","width":1200,"height":898},{"@type":"BreadcrumbList","@id":"https:\/\/www.bbmnoticias.com\/sheinbaum-fobaproa-es-impagable-nunca-se-va-a-acabar-de-pagar\/#breadcrumb","itemListElement":[{"@type":"ListItem","position":1,"name":"Inicio","item":"https:\/\/www.bbmnoticias.com\/labravaradiofm\/"},{"@type":"ListItem","position":2,"name":"Sheinbaum: Fobaproa &#8220;es impagable, nunca se va a acabar de pagar\u201d"}]},{"@type":"WebSite","@id":"https:\/\/www.bbmnoticias.com\/labravaradiofm\/#website","url":"https:\/\/www.bbmnoticias.com\/labravaradiofm\/","name":"LA BRAVA RADIO","description":"Empresa productora de medios, Radiodifusi\u00f3n, Noticias, tendencias y todo lo que necesitas saber de la pol\u00edtica mexicana e internacional; entretenimiento, espect\u00e1culos, salud y mucho m\u00e1s.","potentialAction":[{"@type":"SearchAction","target":{"@type":"EntryPoint","urlTemplate":"https:\/\/www.bbmnoticias.com\/labravaradiofm\/?s={search_term_string}"},"query-input":{"@type":"PropertyValueSpecification","valueRequired":true,"valueName":"search_term_string"}}],"inLanguage":"es"},{"@type":"Person","@id":"https:\/\/www.bbmnoticias.com\/labravaradiofm\/#\/schema\/person\/9eb037257fc48a09cdf31d9a2f45619f","name":"Staff","image":{"@type":"ImageObject","inLanguage":"es","@id":"https:\/\/secure.gravatar.com\/avatar\/fdd21ad66fd8b98c407f9dee5b5e588cfe7f0d8579ec20fa6527cd59bab7f0f0?s=96&d=mm&r=g","url":"https:\/\/secure.gravatar.com\/avatar\/fdd21ad66fd8b98c407f9dee5b5e588cfe7f0d8579ec20fa6527cd59bab7f0f0?s=96&d=mm&r=g","contentUrl":"https:\/\/secure.gravatar.com\/avatar\/fdd21ad66fd8b98c407f9dee5b5e588cfe7f0d8579ec20fa6527cd59bab7f0f0?s=96&d=mm&r=g","caption":"Staff"},"url":"https:\/\/www.bbmnoticias.com\/labravaradiofm\/author\/redaccion\/"}]}},"_links":{"self":[{"href":"https:\/\/www.bbmnoticias.com\/labravaradiofm\/wp-json\/wp\/v2\/posts\/81494","targetHints":{"allow":["GET"]}}],"collection":[{"href":"https:\/\/www.bbmnoticias.com\/labravaradiofm\/wp-json\/wp\/v2\/posts"}],"about":[{"href":"https:\/\/www.bbmnoticias.com\/labravaradiofm\/wp-json\/wp\/v2\/types\/post"}],"author":[{"embeddable":true,"href":"https:\/\/www.bbmnoticias.com\/labravaradiofm\/wp-json\/wp\/v2\/users\/2"}],"replies":[{"embeddable":true,"href":"https:\/\/www.bbmnoticias.com\/labravaradiofm\/wp-json\/wp\/v2\/comments?post=81494"}],"version-history":[{"count":1,"href":"https:\/\/www.bbmnoticias.com\/labravaradiofm\/wp-json\/wp\/v2\/posts\/81494\/revisions"}],"predecessor-version":[{"id":81495,"href":"https:\/\/www.bbmnoticias.com\/labravaradiofm\/wp-json\/wp\/v2\/posts\/81494\/revisions\/81495"}],"wp:featuredmedia":[{"embeddable":true,"href":"https:\/\/www.bbmnoticias.com\/labravaradiofm\/wp-json\/wp\/v2\/media\/81496"}],"wp:attachment":[{"href":"https:\/\/www.bbmnoticias.com\/labravaradiofm\/wp-json\/wp\/v2\/media?parent=81494"}],"wp:term":[{"taxonomy":"category","embeddable":true,"href":"https:\/\/www.bbmnoticias.com\/labravaradiofm\/wp-json\/wp\/v2\/categories?post=81494"},{"taxonomy":"post_tag","embeddable":true,"href":"https:\/\/www.bbmnoticias.com\/labravaradiofm\/wp-json\/wp\/v2\/tags?post=81494"}],"curies":[{"name":"wp","href":"https:\/\/api.w.org\/{rel}","templated":true}]}}