{"id":81488,"date":"2026-09-04T12:39:30","date_gmt":"2026-09-04T18:39:30","guid":{"rendered":"https:\/\/www.bbmnoticias.com\/labravaradiofm\/2026\/09\/04\/asesinan-a-diputado-federal-zenyazen-escobar-en-veracruz\/"},"modified":"2026-09-04T12:39:32","modified_gmt":"2026-09-04T18:39:32","slug":"asesinan-a-diputado-federal-zenyazen-escobar-en-veracruz","status":"publish","type":"post","link":"https:\/\/www.bbmnoticias.com\/labravaradiofm\/2026\/09\/04\/asesinan-a-diputado-federal-zenyazen-escobar-en-veracruz\/","title":{"rendered":"Asesinan a diputado federal Zenyazen Escobar en Veracruz"},"content":{"rendered":"\n<p class=\"wp-block-paragraph\"><strong>Xalapa, Ver., 4 de septiembre de 2026.<\/strong>\u2014 El diputado federal de Morena, <strong>Zenyazen Escobar Garc\u00eda<\/strong>, fue localizado sin vida este viernes en inmediaciones de la comunidad de La Gloria, en el municipio de Puente Nacional, Veracruz.<\/p>\n\n\n\n<p class=\"wp-block-paragraph\">De acuerdo con reportes difundidos este viernes, el legislador habr\u00eda sido v\u00edctima de una agresi\u00f3n con arma de fuego cuando se encontraba sobre la carretera Xalapa-Veracruz. La Fiscal\u00eda General del Estado inici\u00f3 las investigaciones correspondientes para esclarecer los hechos.<\/p>\n\n\n\n<p class=\"wp-block-paragraph\">Hasta el momento, las autoridades no han informado p\u00fablicamente sobre personas detenidas ni han establecido una l\u00ednea de investigaci\u00f3n sobre el homicidio. Por ello, cualquier versi\u00f3n sobre el m\u00f3vil deber\u00e1 ser considerada preliminar hasta que sea confirmada por la autoridad ministerial.<\/p>\n\n\n\n<p class=\"wp-block-paragraph\">Zenyazen Escobar Garc\u00eda, originario de <strong>R\u00edo Blanco, Veracruz<\/strong>, ten\u00eda trayectoria en el movimiento magisterial y fue dirigente del Movimiento Magisterial Popular Veracruzano (MMPV). Posteriormente se desempe\u00f1\u00f3 como secretario de Educaci\u00f3n de Veracruz durante la administraci\u00f3n del entonces gobernador Cuitl\u00e1huac Garc\u00eda Jim\u00e9nez y lleg\u00f3 a la C\u00e1mara de Diputados como legislador federal de Morena. La Fiscal\u00eda General del Estado de Veracruz, encabezada por <strong>Lisbeth Aurelia Jim\u00e9nez Aguirre<\/strong>, mantiene las diligencias para esclarecer el homicidio y determinar las responsabilidades correspondientes.<\/p>\n","protected":false},"excerpt":{"rendered":"<p>Xalapa, Ver., 4 de septiembre de 2026.\u2014 El diputado federal de Morena, Zenyazen Escobar Garc\u00eda, fue localizado sin vida este viernes en inmediaciones de la comunidad de La Gloria, en el municipio de Puente Nacional, Veracruz. De acuerdo con reportes difundidos este viernes, el legislador habr\u00eda sido v\u00edctima de una agresi\u00f3n con arma de fuego [&hellip;]<\/p>\n","protected":false},"author":4,"featured_media":81490,"comment_status":"closed","ping_status":"open","sticky":false,"template":"","format":"standard","meta":{"footnotes":""},"categories":[2,19],"tags":[],"class_list":["post-81488","post","type-post","status-publish","format-standard","has-post-thumbnail","hentry","category-oaxaca","category-nacional"],"yoast_head":"<!-- This site is optimized with the Yoast SEO plugin v28.1 - https:\/\/yoast.com\/product\/yoast-seo-wordpress\/ -->\n<title>Asesinan a diputado federal Zenyazen Escobar en Veracruz - LA BRAVA RADIO<\/title>\n<meta name=\"robots\" content=\"index, follow, max-snippet:-1, max-image-preview:large, max-video-preview:-1\" \/>\n<link rel=\"canonical\" href=\"https:\/\/www.bbmnoticias.com\/asesinan-a-diputado-federal-zenyazen-escobar-en-veracruz\/\" \/>\n<meta property=\"og:locale\" content=\"es_MX\" \/>\n<meta property=\"og:type\" content=\"article\" \/>\n<meta property=\"og:title\" content=\"Asesinan a diputado federal Zenyazen Escobar en Veracruz - LA BRAVA RADIO\" \/>\n<meta property=\"og:description\" content=\"Xalapa, Ver., 4 de septiembre de 2026.\u2014 El diputado federal de Morena, Zenyazen Escobar Garc\u00eda, fue localizado sin vida este viernes en inmediaciones de la comunidad de La Gloria, en el municipio de Puente Nacional, Veracruz. De acuerdo con reportes difundidos este viernes, el legislador habr\u00eda sido v\u00edctima de una agresi\u00f3n con arma de fuego [&hellip;]\" \/>\n<meta property=\"og:url\" content=\"https:\/\/www.bbmnoticias.com\/asesinan-a-diputado-federal-zenyazen-escobar-en-veracruz\/\" \/>\n<meta property=\"og:site_name\" content=\"LA BRAVA RADIO\" \/>\n<meta property=\"article:published_time\" content=\"2026-09-04T18:39:30+00:00\" \/>\n<meta property=\"article:modified_time\" content=\"2026-09-04T18:39:32+00:00\" \/>\n<meta property=\"og:image\" content=\"https:\/\/www.bbmnoticias.com\/labravaradiofm\/wp-content\/uploads\/sites\/5\/2026\/09\/zenyazen-escobar-diputado-federal-de-morena-fue-encontrado-muerto-en-veracruz.webp\" \/>\n\t<meta property=\"og:image:width\" content=\"1200\" \/>\n\t<meta property=\"og:image:height\" content=\"801\" \/>\n\t<meta property=\"og:image:type\" content=\"image\/webp\" \/>\n<meta name=\"author\" content=\"Agencias\" \/>\n<meta name=\"twitter:card\" content=\"summary_large_image\" \/>\n<meta name=\"twitter:label1\" content=\"Escrito por\" \/>\n\t<meta name=\"twitter:data1\" content=\"Agencias\" \/>\n\t<meta name=\"twitter:label2\" content=\"Tiempo de lectura\" \/>\n\t<meta name=\"twitter:data2\" content=\"1 minuto\" \/>\n<script type=\"application\/ld+json\" class=\"yoast-schema-graph\">{\"@context\":\"https:\\\/\\\/schema.org\",\"@graph\":[{\"@type\":\"Article\",\"@id\":\"https:\\\/\\\/www.bbmnoticias.com\\\/asesinan-a-diputado-federal-zenyazen-escobar-en-veracruz\\\/#article\",\"isPartOf\":{\"@id\":\"https:\\\/\\\/www.bbmnoticias.com\\\/labravaradiofm\\\/2026\\\/09\\\/04\\\/asesinan-a-diputado-federal-zenyazen-escobar-en-veracruz\\\/\"},\"author\":{\"name\":\"Agencias\",\"@id\":\"https:\\\/\\\/www.bbmnoticias.com\\\/labravaradiofm\\\/#\\\/schema\\\/person\\\/9fbc5ce7940cac56d0ea1e2b03b6d30c\"},\"headline\":\"Asesinan a diputado federal Zenyazen Escobar en Veracruz\",\"datePublished\":\"2026-09-04T18:39:30+00:00\",\"dateModified\":\"2026-09-04T18:39:32+00:00\",\"mainEntityOfPage\":{\"@id\":\"https:\\\/\\\/www.bbmnoticias.com\\\/labravaradiofm\\\/2026\\\/09\\\/04\\\/asesinan-a-diputado-federal-zenyazen-escobar-en-veracruz\\\/\"},\"wordCount\":221,\"image\":{\"@id\":\"https:\\\/\\\/www.bbmnoticias.com\\\/asesinan-a-diputado-federal-zenyazen-escobar-en-veracruz\\\/#primaryimage\"},\"thumbnailUrl\":\"https:\\\/\\\/www.bbmnoticias.com\\\/labravaradiofm\\\/wp-content\\\/uploads\\\/sites\\\/5\\\/2026\\\/09\\\/zenyazen-escobar-diputado-federal-de-morena-fue-encontrado-muerto-en-veracruz.webp\",\"articleSection\":[\"LOCAL\",\"NACIONAL\"],\"inLanguage\":\"es\"},{\"@type\":\"WebPage\",\"@id\":\"https:\\\/\\\/www.bbmnoticias.com\\\/labravaradiofm\\\/2026\\\/09\\\/04\\\/asesinan-a-diputado-federal-zenyazen-escobar-en-veracruz\\\/\",\"url\":\"https:\\\/\\\/www.bbmnoticias.com\\\/asesinan-a-diputado-federal-zenyazen-escobar-en-veracruz\\\/\",\"name\":\"Asesinan a diputado federal Zenyazen Escobar en Veracruz - LA BRAVA RADIO\",\"isPartOf\":{\"@id\":\"https:\\\/\\\/www.bbmnoticias.com\\\/labravaradiofm\\\/#website\"},\"primaryImageOfPage\":{\"@id\":\"https:\\\/\\\/www.bbmnoticias.com\\\/asesinan-a-diputado-federal-zenyazen-escobar-en-veracruz\\\/#primaryimage\"},\"image\":{\"@id\":\"https:\\\/\\\/www.bbmnoticias.com\\\/asesinan-a-diputado-federal-zenyazen-escobar-en-veracruz\\\/#primaryimage\"},\"thumbnailUrl\":\"https:\\\/\\\/www.bbmnoticias.com\\\/labravaradiofm\\\/wp-content\\\/uploads\\\/sites\\\/5\\\/2026\\\/09\\\/zenyazen-escobar-diputado-federal-de-morena-fue-encontrado-muerto-en-veracruz.webp\",\"datePublished\":\"2026-09-04T18:39:30+00:00\",\"dateModified\":\"2026-09-04T18:39:32+00:00\",\"author\":{\"@id\":\"https:\\\/\\\/www.bbmnoticias.com\\\/labravaradiofm\\\/#\\\/schema\\\/person\\\/9fbc5ce7940cac56d0ea1e2b03b6d30c\"},\"breadcrumb\":{\"@id\":\"https:\\\/\\\/www.bbmnoticias.com\\\/asesinan-a-diputado-federal-zenyazen-escobar-en-veracruz\\\/#breadcrumb\"},\"inLanguage\":\"es\",\"potentialAction\":[{\"@type\":\"ReadAction\",\"target\":[\"https:\\\/\\\/www.bbmnoticias.com\\\/asesinan-a-diputado-federal-zenyazen-escobar-en-veracruz\\\/\"]}]},{\"@type\":\"ImageObject\",\"inLanguage\":\"es\",\"@id\":\"https:\\\/\\\/www.bbmnoticias.com\\\/asesinan-a-diputado-federal-zenyazen-escobar-en-veracruz\\\/#primaryimage\",\"url\":\"https:\\\/\\\/www.bbmnoticias.com\\\/labravaradiofm\\\/wp-content\\\/uploads\\\/sites\\\/5\\\/2026\\\/09\\\/zenyazen-escobar-diputado-federal-de-morena-fue-encontrado-muerto-en-veracruz.webp\",\"contentUrl\":\"https:\\\/\\\/www.bbmnoticias.com\\\/labravaradiofm\\\/wp-content\\\/uploads\\\/sites\\\/5\\\/2026\\\/09\\\/zenyazen-escobar-diputado-federal-de-morena-fue-encontrado-muerto-en-veracruz.webp\",\"width\":1200,\"height\":801},{\"@type\":\"BreadcrumbList\",\"@id\":\"https:\\\/\\\/www.bbmnoticias.com\\\/asesinan-a-diputado-federal-zenyazen-escobar-en-veracruz\\\/#breadcrumb\",\"itemListElement\":[{\"@type\":\"ListItem\",\"position\":1,\"name\":\"Inicio\",\"item\":\"https:\\\/\\\/www.bbmnoticias.com\\\/labravaradiofm\\\/\"},{\"@type\":\"ListItem\",\"position\":2,\"name\":\"Asesinan a diputado federal Zenyazen Escobar en Veracruz\"}]},{\"@type\":\"WebSite\",\"@id\":\"https:\\\/\\\/www.bbmnoticias.com\\\/labravaradiofm\\\/#website\",\"url\":\"https:\\\/\\\/www.bbmnoticias.com\\\/labravaradiofm\\\/\",\"name\":\"LA BRAVA RADIO\",\"description\":\"Empresa productora de medios, Radiodifusi\u00f3n, Noticias, tendencias y todo lo que necesitas saber de la pol\u00edtica mexicana e internacional; entretenimiento, espect\u00e1culos, salud y mucho m\u00e1s.\",\"potentialAction\":[{\"@type\":\"SearchAction\",\"target\":{\"@type\":\"EntryPoint\",\"urlTemplate\":\"https:\\\/\\\/www.bbmnoticias.com\\\/labravaradiofm\\\/?s={search_term_string}\"},\"query-input\":{\"@type\":\"PropertyValueSpecification\",\"valueRequired\":true,\"valueName\":\"search_term_string\"}}],\"inLanguage\":\"es\"},{\"@type\":\"Person\",\"@id\":\"https:\\\/\\\/www.bbmnoticias.com\\\/labravaradiofm\\\/#\\\/schema\\\/person\\\/9fbc5ce7940cac56d0ea1e2b03b6d30c\",\"name\":\"Agencias\",\"image\":{\"@type\":\"ImageObject\",\"inLanguage\":\"es\",\"@id\":\"https:\\\/\\\/secure.gravatar.com\\\/avatar\\\/739e0b61adf9e398b425c36718c8752286da0e8cd90f20ce9a86678abc26aa0d?s=96&d=mm&r=g\",\"url\":\"https:\\\/\\\/secure.gravatar.com\\\/avatar\\\/739e0b61adf9e398b425c36718c8752286da0e8cd90f20ce9a86678abc26aa0d?s=96&d=mm&r=g\",\"contentUrl\":\"https:\\\/\\\/secure.gravatar.com\\\/avatar\\\/739e0b61adf9e398b425c36718c8752286da0e8cd90f20ce9a86678abc26aa0d?s=96&d=mm&r=g\",\"caption\":\"Agencias\"},\"url\":\"https:\\\/\\\/www.bbmnoticias.com\\\/labravaradiofm\\\/author\\\/agencias\\\/\"}]}<\/script>\n<!-- \/ Yoast SEO plugin. -->","yoast_head_json":{"title":"Asesinan a diputado federal Zenyazen Escobar en Veracruz - LA BRAVA RADIO","robots":{"index":"index","follow":"follow","max-snippet":"max-snippet:-1","max-image-preview":"max-image-preview:large","max-video-preview":"max-video-preview:-1"},"canonical":"https:\/\/www.bbmnoticias.com\/asesinan-a-diputado-federal-zenyazen-escobar-en-veracruz\/","og_locale":"es_MX","og_type":"article","og_title":"Asesinan a diputado federal Zenyazen Escobar en Veracruz - LA BRAVA RADIO","og_description":"Xalapa, Ver., 4 de septiembre de 2026.\u2014 El diputado federal de Morena, Zenyazen Escobar Garc\u00eda, fue localizado sin vida este viernes en inmediaciones de la comunidad de La Gloria, en el municipio de Puente Nacional, Veracruz. De acuerdo con reportes difundidos este viernes, el legislador habr\u00eda sido v\u00edctima de una agresi\u00f3n con arma de fuego [&hellip;]","og_url":"https:\/\/www.bbmnoticias.com\/asesinan-a-diputado-federal-zenyazen-escobar-en-veracruz\/","og_site_name":"LA BRAVA RADIO","article_published_time":"2026-09-04T18:39:30+00:00","article_modified_time":"2026-09-04T18:39:32+00:00","og_image":[{"width":1200,"height":801,"url":"https:\/\/www.bbmnoticias.com\/labravaradiofm\/wp-content\/uploads\/sites\/5\/2026\/09\/zenyazen-escobar-diputado-federal-de-morena-fue-encontrado-muerto-en-veracruz.webp","type":"image\/webp"}],"author":"Agencias","twitter_card":"summary_large_image","twitter_misc":{"Escrito por":"Agencias","Tiempo de lectura":"1 minuto"},"schema":{"@context":"https:\/\/schema.org","@graph":[{"@type":"Article","@id":"https:\/\/www.bbmnoticias.com\/asesinan-a-diputado-federal-zenyazen-escobar-en-veracruz\/#article","isPartOf":{"@id":"https:\/\/www.bbmnoticias.com\/labravaradiofm\/2026\/09\/04\/asesinan-a-diputado-federal-zenyazen-escobar-en-veracruz\/"},"author":{"name":"Agencias","@id":"https:\/\/www.bbmnoticias.com\/labravaradiofm\/#\/schema\/person\/9fbc5ce7940cac56d0ea1e2b03b6d30c"},"headline":"Asesinan a diputado federal Zenyazen Escobar en Veracruz","datePublished":"2026-09-04T18:39:30+00:00","dateModified":"2026-09-04T18:39:32+00:00","mainEntityOfPage":{"@id":"https:\/\/www.bbmnoticias.com\/labravaradiofm\/2026\/09\/04\/asesinan-a-diputado-federal-zenyazen-escobar-en-veracruz\/"},"wordCount":221,"image":{"@id":"https:\/\/www.bbmnoticias.com\/asesinan-a-diputado-federal-zenyazen-escobar-en-veracruz\/#primaryimage"},"thumbnailUrl":"https:\/\/www.bbmnoticias.com\/labravaradiofm\/wp-content\/uploads\/sites\/5\/2026\/09\/zenyazen-escobar-diputado-federal-de-morena-fue-encontrado-muerto-en-veracruz.webp","articleSection":["LOCAL","NACIONAL"],"inLanguage":"es"},{"@type":"WebPage","@id":"https:\/\/www.bbmnoticias.com\/labravaradiofm\/2026\/09\/04\/asesinan-a-diputado-federal-zenyazen-escobar-en-veracruz\/","url":"https:\/\/www.bbmnoticias.com\/asesinan-a-diputado-federal-zenyazen-escobar-en-veracruz\/","name":"Asesinan a diputado federal Zenyazen Escobar en Veracruz - LA BRAVA RADIO","isPartOf":{"@id":"https:\/\/www.bbmnoticias.com\/labravaradiofm\/#website"},"primaryImageOfPage":{"@id":"https:\/\/www.bbmnoticias.com\/asesinan-a-diputado-federal-zenyazen-escobar-en-veracruz\/#primaryimage"},"image":{"@id":"https:\/\/www.bbmnoticias.com\/asesinan-a-diputado-federal-zenyazen-escobar-en-veracruz\/#primaryimage"},"thumbnailUrl":"https:\/\/www.bbmnoticias.com\/labravaradiofm\/wp-content\/uploads\/sites\/5\/2026\/09\/zenyazen-escobar-diputado-federal-de-morena-fue-encontrado-muerto-en-veracruz.webp","datePublished":"2026-09-04T18:39:30+00:00","dateModified":"2026-09-04T18:39:32+00:00","author":{"@id":"https:\/\/www.bbmnoticias.com\/labravaradiofm\/#\/schema\/person\/9fbc5ce7940cac56d0ea1e2b03b6d30c"},"breadcrumb":{"@id":"https:\/\/www.bbmnoticias.com\/asesinan-a-diputado-federal-zenyazen-escobar-en-veracruz\/#breadcrumb"},"inLanguage":"es","potentialAction":[{"@type":"ReadAction","target":["https:\/\/www.bbmnoticias.com\/asesinan-a-diputado-federal-zenyazen-escobar-en-veracruz\/"]}]},{"@type":"ImageObject","inLanguage":"es","@id":"https:\/\/www.bbmnoticias.com\/asesinan-a-diputado-federal-zenyazen-escobar-en-veracruz\/#primaryimage","url":"https:\/\/www.bbmnoticias.com\/labravaradiofm\/wp-content\/uploads\/sites\/5\/2026\/09\/zenyazen-escobar-diputado-federal-de-morena-fue-encontrado-muerto-en-veracruz.webp","contentUrl":"https:\/\/www.bbmnoticias.com\/labravaradiofm\/wp-content\/uploads\/sites\/5\/2026\/09\/zenyazen-escobar-diputado-federal-de-morena-fue-encontrado-muerto-en-veracruz.webp","width":1200,"height":801},{"@type":"BreadcrumbList","@id":"https:\/\/www.bbmnoticias.com\/asesinan-a-diputado-federal-zenyazen-escobar-en-veracruz\/#breadcrumb","itemListElement":[{"@type":"ListItem","position":1,"name":"Inicio","item":"https:\/\/www.bbmnoticias.com\/labravaradiofm\/"},{"@type":"ListItem","position":2,"name":"Asesinan a diputado federal Zenyazen Escobar en Veracruz"}]},{"@type":"WebSite","@id":"https:\/\/www.bbmnoticias.com\/labravaradiofm\/#website","url":"https:\/\/www.bbmnoticias.com\/labravaradiofm\/","name":"LA BRAVA RADIO","description":"Empresa productora de medios, Radiodifusi\u00f3n, Noticias, tendencias y todo lo que necesitas saber de la pol\u00edtica mexicana e internacional; entretenimiento, espect\u00e1culos, salud y mucho m\u00e1s.","potentialAction":[{"@type":"SearchAction","target":{"@type":"EntryPoint","urlTemplate":"https:\/\/www.bbmnoticias.com\/labravaradiofm\/?s={search_term_string}"},"query-input":{"@type":"PropertyValueSpecification","valueRequired":true,"valueName":"search_term_string"}}],"inLanguage":"es"},{"@type":"Person","@id":"https:\/\/www.bbmnoticias.com\/labravaradiofm\/#\/schema\/person\/9fbc5ce7940cac56d0ea1e2b03b6d30c","name":"Agencias","image":{"@type":"ImageObject","inLanguage":"es","@id":"https:\/\/secure.gravatar.com\/avatar\/739e0b61adf9e398b425c36718c8752286da0e8cd90f20ce9a86678abc26aa0d?s=96&d=mm&r=g","url":"https:\/\/secure.gravatar.com\/avatar\/739e0b61adf9e398b425c36718c8752286da0e8cd90f20ce9a86678abc26aa0d?s=96&d=mm&r=g","contentUrl":"https:\/\/secure.gravatar.com\/avatar\/739e0b61adf9e398b425c36718c8752286da0e8cd90f20ce9a86678abc26aa0d?s=96&d=mm&r=g","caption":"Agencias"},"url":"https:\/\/www.bbmnoticias.com\/labravaradiofm\/author\/agencias\/"}]}},"_links":{"self":[{"href":"https:\/\/www.bbmnoticias.com\/labravaradiofm\/wp-json\/wp\/v2\/posts\/81488","targetHints":{"allow":["GET"]}}],"collection":[{"href":"https:\/\/www.bbmnoticias.com\/labravaradiofm\/wp-json\/wp\/v2\/posts"}],"about":[{"href":"https:\/\/www.bbmnoticias.com\/labravaradiofm\/wp-json\/wp\/v2\/types\/post"}],"author":[{"embeddable":true,"href":"https:\/\/www.bbmnoticias.com\/labravaradiofm\/wp-json\/wp\/v2\/users\/4"}],"replies":[{"embeddable":true,"href":"https:\/\/www.bbmnoticias.com\/labravaradiofm\/wp-json\/wp\/v2\/comments?post=81488"}],"version-history":[{"count":1,"href":"https:\/\/www.bbmnoticias.com\/labravaradiofm\/wp-json\/wp\/v2\/posts\/81488\/revisions"}],"predecessor-version":[{"id":81489,"href":"https:\/\/www.bbmnoticias.com\/labravaradiofm\/wp-json\/wp\/v2\/posts\/81488\/revisions\/81489"}],"wp:featuredmedia":[{"embeddable":true,"href":"https:\/\/www.bbmnoticias.com\/labravaradiofm\/wp-json\/wp\/v2\/media\/81490"}],"wp:attachment":[{"href":"https:\/\/www.bbmnoticias.com\/labravaradiofm\/wp-json\/wp\/v2\/media?parent=81488"}],"wp:term":[{"taxonomy":"category","embeddable":true,"href":"https:\/\/www.bbmnoticias.com\/labravaradiofm\/wp-json\/wp\/v2\/categories?post=81488"},{"taxonomy":"post_tag","embeddable":true,"href":"https:\/\/www.bbmnoticias.com\/labravaradiofm\/wp-json\/wp\/v2\/tags?post=81488"}],"curies":[{"name":"wp","href":"https:\/\/api.w.org\/{rel}","templated":true}]}}