{"id":81485,"date":"2026-09-04T12:17:27","date_gmt":"2026-09-04T18:17:27","guid":{"rendered":"https:\/\/www.bbmnoticias.com\/labravaradiofm\/2026\/09\/04\/yo-la-construi-director-de-bomberos-de-juchitan-se-resiste-a-dejar-el-cargo-y-pretende-imponer-su-mando\/"},"modified":"2026-09-04T12:17:29","modified_gmt":"2026-09-04T18:17:29","slug":"yo-la-construi-director-de-bomberos-de-juchitan-se-resiste-a-dejar-el-cargo-y-pretende-imponer-su-mando","status":"publish","type":"post","link":"https:\/\/www.bbmnoticias.com\/labravaradiofm\/2026\/09\/04\/yo-la-construi-director-de-bomberos-de-juchitan-se-resiste-a-dejar-el-cargo-y-pretende-imponer-su-mando\/","title":{"rendered":"!Yo la constru\u00ed! Director de Bomberos de Juchit\u00e1n se resiste a dejar el cargo y pretende imponer su mando"},"content":{"rendered":"\n<p class=\"wp-block-paragraph\">Juchit\u00e1n de Zaragoza, Oaxaca.\u2013 Lo que inici\u00f3 como una notificaci\u00f3n administrativa por la presunta destituci\u00f3n del director de Bomberos de Juchit\u00e1n, Francisco \u201cPaco\u201d V\u00e1squez, termin\u00f3 evidenciando una disputa por el control de la estaci\u00f3n y un abierto desaf\u00edo a la actual estructura de mando del Bomberos GobOaxaca.<\/p>\n\n\n\n<p class=\"wp-block-paragraph\">De acuerdo con reportes iniciales, personal administrativo de la Estaci\u00f3n Sur de Oaxaca de Ju\u00e1rez e integrantes de la Comisi\u00f3n de Honor y Justicia del HCBO acudieron a Juchit\u00e1n para notificar a V\u00e1squez sobre su separaci\u00f3n del cargo.<\/p>\n\n\n\n<p class=\"wp-block-paragraph\">Sin embargo, el funcionario se habr\u00eda negado a recibir la notificaci\u00f3n y, posteriormente, habr\u00eda impedido la salida del personal que acudi\u00f3 a realizar el procedimiento, manteni\u00e9ndolos dentro de las instalaciones hasta que, seg\u00fan los reportes, se presentara el secretario de Seguridad P\u00fablica.<\/p>\n\n\n\n<p class=\"wp-block-paragraph\">La postura de Paco V\u00e1squez parece ser clara: no reconoce la orden y pretende mantener el control de la estaci\u00f3n.<\/p>\n\n\n\n<p class=\"wp-block-paragraph\">En declaraciones realizadas ante medios locales, V\u00e1squez asegur\u00f3 que \u00e9l construy\u00f3 la estaci\u00f3n de Juchit\u00e1n y que \u201cnadie se la va a quitar\u201d, adem\u00e1s de afirmar que ha intentado hacer llegar su inconformidad al gobernador y al titular de Seguridad P\u00fablica.<\/p>\n\n\n\n<p class=\"wp-block-paragraph\">Pero hay un elemento todav\u00eda m\u00e1s delicado:*V\u00e1squez desconoce al actual director del Heroico Cuerpo de Bomberos, Jorge Arturo Rivas Fern\u00e1ndez del R\u00edo, e insiste en reconocer como mando a Manuel Maza S\u00e1nchez y argumenta que es capricho de este \u00faltimo hacerse del control de la estaci\u00f3n.<\/p>\n\n\n\n<p class=\"wp-block-paragraph\">Es decir, mientras existe una estructura institucional que se\u00f1ala a un director en funciones, el responsable de la estaci\u00f3n de Juchit\u00e1n estar\u00eda actuando bajo su propia interpretaci\u00f3n de qui\u00e9n tiene autoridad sobre los elementos y las instalaciones.<\/p>\n\n\n\n<p class=\"wp-block-paragraph\">\u00bfUNA ESTACI\u00d3N PUEDE TENER SU PROPIO JEFE?<\/p>\n\n\n\n<p class=\"wp-block-paragraph\">La pregunta que queda sobre la mesa es precisamente esa:<\/p>\n\n\n\n<p class=\"wp-block-paragraph\">\u00bfFrancisco V\u00e1squez pretende convertirse en la autoridad m\u00e1xima de la estaci\u00f3n de Juchit\u00e1n, por encima de la Direcci\u00f3n Estatal del Heroico Cuerpo de Bomberos?<\/p>\n\n\n\n<p class=\"wp-block-paragraph\">Porque una cosa es defender la permanencia de una estaci\u00f3n, cuestionar una decisi\u00f3n administrativa o manifestar desacuerdo con una reestructuraci\u00f3n; otra muy distinta ser\u00eda impedir que personal institucional salga de las instalaciones y desconocer a quien actualmente ostenta la direcci\u00f3n del organismo.<\/p>\n\n\n\n<p class=\"wp-block-paragraph\">V\u00e1squez tambi\u00e9n ha cuestionado que los bomberos de Juchit\u00e1n sean trasladados a Oaxaca para recibir capacitaci\u00f3n, se\u00f1alando que podr\u00eda tratarse de una estrategia para desmantelar la estaci\u00f3n.<\/p>\n\n\n\n<p class=\"wp-block-paragraph\">Pero capacitar al personal no deber\u00eda ser visto como una amenaza. Por el contrario, un cuerpo de emergencia requiere elementos preparados, certificados y actualizados.<\/p>\n\n\n\n<p class=\"wp-block-paragraph\">Y si el argumento es que la estaci\u00f3n de Juchit\u00e1n fue construida con esfuerzo, eso merece reconocimiento; pero ninguna estaci\u00f3n, uniforme o recurso p\u00fablico pertenece personalmente a un director.<\/p>\n\n\n\n<p class=\"wp-block-paragraph\">EL CONFLICTO YA NO PARECE SER SOLO POR UN CARGO<\/p>\n\n\n\n<p class=\"wp-block-paragraph\">Hasta el cierre de esta nota, los reportes indicaban que el personal retenido no ser\u00eda dejado en libertad hasta que el secretario de Seguridad P\u00fablica acudiera personalmente a negociar.<\/p>\n\n\n\n<p class=\"wp-block-paragraph\">La situaci\u00f3n podr\u00eda escalar si las autoridades no establecen con claridad qui\u00e9n tiene el mando legal y administrativo de la estaci\u00f3n de Juchit\u00e1n y cu\u00e1les son las facultades de su director.<\/p>\n\n\n\n<p class=\"wp-block-paragraph\">Porque si un funcionario puede desconocer a su superior, impedir una notificaci\u00f3n y mantener dentro de una instalaci\u00f3n p\u00fablica a personal que acudi\u00f3 a realizar funciones administrativas, entonces la discusi\u00f3n ya no ser\u00eda solamente sobre una destituci\u00f3n.<\/p>\n\n\n\n<p class=\"wp-block-paragraph\">Ser\u00eda una disputa abierta por el control de una instituci\u00f3n p\u00fablica.<\/p>\n\n\n\n<p class=\"wp-block-paragraph\">\u00bfPaco V\u00e1squez est\u00e1 defendiendo a los Bomberos de Juchit\u00e1n o intentando imponer su propio mando sobre la estaci\u00f3n?<\/p>\n\n\n\n<p class=\"wp-block-paragraph\">La SSPC Oaxaca tendr\u00e1 la \u00faltima palabra.<\/p>\n","protected":false},"excerpt":{"rendered":"<p>Juchit\u00e1n de Zaragoza, Oaxaca.\u2013 Lo que inici\u00f3 como una notificaci\u00f3n administrativa por la presunta destituci\u00f3n del director de Bomberos de Juchit\u00e1n, Francisco \u201cPaco\u201d V\u00e1squez, termin\u00f3 evidenciando una disputa por el control de la estaci\u00f3n y un abierto desaf\u00edo a la actual estructura de mando del Bomberos GobOaxaca. De acuerdo con reportes iniciales, personal administrativo de [&hellip;]<\/p>\n","protected":false},"author":2,"featured_media":81487,"comment_status":"closed","ping_status":"open","sticky":false,"template":"","format":"standard","meta":{"footnotes":""},"categories":[2],"tags":[],"class_list":["post-81485","post","type-post","status-publish","format-standard","has-post-thumbnail","hentry","category-oaxaca"],"yoast_head":"<!-- This site is optimized with the Yoast SEO plugin v28.1 - https:\/\/yoast.com\/product\/yoast-seo-wordpress\/ -->\n<title>!Yo la constru\u00ed! Director de Bomberos de Juchit\u00e1n se resiste a dejar el cargo y pretende imponer su mando - LA BRAVA RADIO<\/title>\n<meta name=\"robots\" content=\"index, follow, max-snippet:-1, max-image-preview:large, max-video-preview:-1\" \/>\n<link rel=\"canonical\" href=\"https:\/\/www.bbmnoticias.com\/yo-la-construi-director-de-bomberos-de-juchitan-se-resiste-a-dejar-el-cargo-y-pretende-imponer-su-mando\/\" \/>\n<meta property=\"og:locale\" content=\"es_MX\" \/>\n<meta property=\"og:type\" content=\"article\" \/>\n<meta property=\"og:title\" content=\"!Yo la constru\u00ed! Director de Bomberos de Juchit\u00e1n se resiste a dejar el cargo y pretende imponer su mando - LA BRAVA RADIO\" \/>\n<meta property=\"og:description\" content=\"Juchit\u00e1n de Zaragoza, Oaxaca.\u2013 Lo que inici\u00f3 como una notificaci\u00f3n administrativa por la presunta destituci\u00f3n del director de Bomberos de Juchit\u00e1n, Francisco \u201cPaco\u201d V\u00e1squez, termin\u00f3 evidenciando una disputa por el control de la estaci\u00f3n y un abierto desaf\u00edo a la actual estructura de mando del Bomberos GobOaxaca. De acuerdo con reportes iniciales, personal administrativo de [&hellip;]\" \/>\n<meta property=\"og:url\" content=\"https:\/\/www.bbmnoticias.com\/yo-la-construi-director-de-bomberos-de-juchitan-se-resiste-a-dejar-el-cargo-y-pretende-imponer-su-mando\/\" \/>\n<meta property=\"og:site_name\" content=\"LA BRAVA RADIO\" \/>\n<meta property=\"article:published_time\" content=\"2026-09-04T18:17:27+00:00\" \/>\n<meta property=\"article:modified_time\" content=\"2026-09-04T18:17:29+00:00\" \/>\n<meta property=\"og:image\" content=\"https:\/\/www.bbmnoticias.com\/labravaradiofm\/wp-content\/uploads\/sites\/5\/2026\/09\/comunicado_proteccion_civil.jpg\" \/>\n\t<meta property=\"og:image:width\" content=\"800\" \/>\n\t<meta property=\"og:image:height\" content=\"450\" \/>\n\t<meta property=\"og:image:type\" content=\"image\/jpeg\" \/>\n<meta name=\"author\" content=\"Staff\" \/>\n<meta name=\"twitter:card\" content=\"summary_large_image\" \/>\n<meta name=\"twitter:label1\" content=\"Escrito por\" \/>\n\t<meta name=\"twitter:data1\" content=\"Staff\" \/>\n\t<meta name=\"twitter:label2\" content=\"Tiempo de lectura\" \/>\n\t<meta name=\"twitter:data2\" content=\"3 minutos\" \/>\n<script type=\"application\/ld+json\" class=\"yoast-schema-graph\">{\"@context\":\"https:\\\/\\\/schema.org\",\"@graph\":[{\"@type\":\"Article\",\"@id\":\"https:\\\/\\\/www.bbmnoticias.com\\\/yo-la-construi-director-de-bomberos-de-juchitan-se-resiste-a-dejar-el-cargo-y-pretende-imponer-su-mando\\\/#article\",\"isPartOf\":{\"@id\":\"https:\\\/\\\/www.bbmnoticias.com\\\/labravaradiofm\\\/2026\\\/09\\\/04\\\/yo-la-construi-director-de-bomberos-de-juchitan-se-resiste-a-dejar-el-cargo-y-pretende-imponer-su-mando\\\/\"},\"author\":{\"name\":\"Staff\",\"@id\":\"https:\\\/\\\/www.bbmnoticias.com\\\/labravaradiofm\\\/#\\\/schema\\\/person\\\/9eb037257fc48a09cdf31d9a2f45619f\"},\"headline\":\"!Yo la constru\u00ed! Director de Bomberos de Juchit\u00e1n se resiste a dejar el cargo y pretende imponer su mando\",\"datePublished\":\"2026-09-04T18:17:27+00:00\",\"dateModified\":\"2026-09-04T18:17:29+00:00\",\"mainEntityOfPage\":{\"@id\":\"https:\\\/\\\/www.bbmnoticias.com\\\/labravaradiofm\\\/2026\\\/09\\\/04\\\/yo-la-construi-director-de-bomberos-de-juchitan-se-resiste-a-dejar-el-cargo-y-pretende-imponer-su-mando\\\/\"},\"wordCount\":680,\"image\":{\"@id\":\"https:\\\/\\\/www.bbmnoticias.com\\\/yo-la-construi-director-de-bomberos-de-juchitan-se-resiste-a-dejar-el-cargo-y-pretende-imponer-su-mando\\\/#primaryimage\"},\"thumbnailUrl\":\"https:\\\/\\\/www.bbmnoticias.com\\\/labravaradiofm\\\/wp-content\\\/uploads\\\/sites\\\/5\\\/2026\\\/09\\\/comunicado_proteccion_civil.jpg\",\"articleSection\":[\"LOCAL\"],\"inLanguage\":\"es\"},{\"@type\":\"WebPage\",\"@id\":\"https:\\\/\\\/www.bbmnoticias.com\\\/labravaradiofm\\\/2026\\\/09\\\/04\\\/yo-la-construi-director-de-bomberos-de-juchitan-se-resiste-a-dejar-el-cargo-y-pretende-imponer-su-mando\\\/\",\"url\":\"https:\\\/\\\/www.bbmnoticias.com\\\/yo-la-construi-director-de-bomberos-de-juchitan-se-resiste-a-dejar-el-cargo-y-pretende-imponer-su-mando\\\/\",\"name\":\"!Yo la constru\u00ed! Director de Bomberos de Juchit\u00e1n se resiste a dejar el cargo y pretende imponer su mando - LA BRAVA RADIO\",\"isPartOf\":{\"@id\":\"https:\\\/\\\/www.bbmnoticias.com\\\/labravaradiofm\\\/#website\"},\"primaryImageOfPage\":{\"@id\":\"https:\\\/\\\/www.bbmnoticias.com\\\/yo-la-construi-director-de-bomberos-de-juchitan-se-resiste-a-dejar-el-cargo-y-pretende-imponer-su-mando\\\/#primaryimage\"},\"image\":{\"@id\":\"https:\\\/\\\/www.bbmnoticias.com\\\/yo-la-construi-director-de-bomberos-de-juchitan-se-resiste-a-dejar-el-cargo-y-pretende-imponer-su-mando\\\/#primaryimage\"},\"thumbnailUrl\":\"https:\\\/\\\/www.bbmnoticias.com\\\/labravaradiofm\\\/wp-content\\\/uploads\\\/sites\\\/5\\\/2026\\\/09\\\/comunicado_proteccion_civil.jpg\",\"datePublished\":\"2026-09-04T18:17:27+00:00\",\"dateModified\":\"2026-09-04T18:17:29+00:00\",\"author\":{\"@id\":\"https:\\\/\\\/www.bbmnoticias.com\\\/labravaradiofm\\\/#\\\/schema\\\/person\\\/9eb037257fc48a09cdf31d9a2f45619f\"},\"breadcrumb\":{\"@id\":\"https:\\\/\\\/www.bbmnoticias.com\\\/yo-la-construi-director-de-bomberos-de-juchitan-se-resiste-a-dejar-el-cargo-y-pretende-imponer-su-mando\\\/#breadcrumb\"},\"inLanguage\":\"es\",\"potentialAction\":[{\"@type\":\"ReadAction\",\"target\":[\"https:\\\/\\\/www.bbmnoticias.com\\\/yo-la-construi-director-de-bomberos-de-juchitan-se-resiste-a-dejar-el-cargo-y-pretende-imponer-su-mando\\\/\"]}]},{\"@type\":\"ImageObject\",\"inLanguage\":\"es\",\"@id\":\"https:\\\/\\\/www.bbmnoticias.com\\\/yo-la-construi-director-de-bomberos-de-juchitan-se-resiste-a-dejar-el-cargo-y-pretende-imponer-su-mando\\\/#primaryimage\",\"url\":\"https:\\\/\\\/www.bbmnoticias.com\\\/labravaradiofm\\\/wp-content\\\/uploads\\\/sites\\\/5\\\/2026\\\/09\\\/comunicado_proteccion_civil.jpg\",\"contentUrl\":\"https:\\\/\\\/www.bbmnoticias.com\\\/labravaradiofm\\\/wp-content\\\/uploads\\\/sites\\\/5\\\/2026\\\/09\\\/comunicado_proteccion_civil.jpg\",\"width\":800,\"height\":450},{\"@type\":\"BreadcrumbList\",\"@id\":\"https:\\\/\\\/www.bbmnoticias.com\\\/yo-la-construi-director-de-bomberos-de-juchitan-se-resiste-a-dejar-el-cargo-y-pretende-imponer-su-mando\\\/#breadcrumb\",\"itemListElement\":[{\"@type\":\"ListItem\",\"position\":1,\"name\":\"Inicio\",\"item\":\"https:\\\/\\\/www.bbmnoticias.com\\\/labravaradiofm\\\/\"},{\"@type\":\"ListItem\",\"position\":2,\"name\":\"!Yo la constru\u00ed! Director de Bomberos de Juchit\u00e1n se resiste a dejar el cargo y pretende imponer su mando\"}]},{\"@type\":\"WebSite\",\"@id\":\"https:\\\/\\\/www.bbmnoticias.com\\\/labravaradiofm\\\/#website\",\"url\":\"https:\\\/\\\/www.bbmnoticias.com\\\/labravaradiofm\\\/\",\"name\":\"LA BRAVA RADIO\",\"description\":\"Empresa productora de medios, Radiodifusi\u00f3n, Noticias, tendencias y todo lo que necesitas saber de la pol\u00edtica mexicana e internacional; entretenimiento, espect\u00e1culos, salud y mucho m\u00e1s.\",\"potentialAction\":[{\"@type\":\"SearchAction\",\"target\":{\"@type\":\"EntryPoint\",\"urlTemplate\":\"https:\\\/\\\/www.bbmnoticias.com\\\/labravaradiofm\\\/?s={search_term_string}\"},\"query-input\":{\"@type\":\"PropertyValueSpecification\",\"valueRequired\":true,\"valueName\":\"search_term_string\"}}],\"inLanguage\":\"es\"},{\"@type\":\"Person\",\"@id\":\"https:\\\/\\\/www.bbmnoticias.com\\\/labravaradiofm\\\/#\\\/schema\\\/person\\\/9eb037257fc48a09cdf31d9a2f45619f\",\"name\":\"Staff\",\"image\":{\"@type\":\"ImageObject\",\"inLanguage\":\"es\",\"@id\":\"https:\\\/\\\/secure.gravatar.com\\\/avatar\\\/fdd21ad66fd8b98c407f9dee5b5e588cfe7f0d8579ec20fa6527cd59bab7f0f0?s=96&d=mm&r=g\",\"url\":\"https:\\\/\\\/secure.gravatar.com\\\/avatar\\\/fdd21ad66fd8b98c407f9dee5b5e588cfe7f0d8579ec20fa6527cd59bab7f0f0?s=96&d=mm&r=g\",\"contentUrl\":\"https:\\\/\\\/secure.gravatar.com\\\/avatar\\\/fdd21ad66fd8b98c407f9dee5b5e588cfe7f0d8579ec20fa6527cd59bab7f0f0?s=96&d=mm&r=g\",\"caption\":\"Staff\"},\"url\":\"https:\\\/\\\/www.bbmnoticias.com\\\/labravaradiofm\\\/author\\\/redaccion\\\/\"}]}<\/script>\n<!-- \/ Yoast SEO plugin. -->","yoast_head_json":{"title":"!Yo la constru\u00ed! Director de Bomberos de Juchit\u00e1n se resiste a dejar el cargo y pretende imponer su mando - LA BRAVA RADIO","robots":{"index":"index","follow":"follow","max-snippet":"max-snippet:-1","max-image-preview":"max-image-preview:large","max-video-preview":"max-video-preview:-1"},"canonical":"https:\/\/www.bbmnoticias.com\/yo-la-construi-director-de-bomberos-de-juchitan-se-resiste-a-dejar-el-cargo-y-pretende-imponer-su-mando\/","og_locale":"es_MX","og_type":"article","og_title":"!Yo la constru\u00ed! Director de Bomberos de Juchit\u00e1n se resiste a dejar el cargo y pretende imponer su mando - LA BRAVA RADIO","og_description":"Juchit\u00e1n de Zaragoza, Oaxaca.\u2013 Lo que inici\u00f3 como una notificaci\u00f3n administrativa por la presunta destituci\u00f3n del director de Bomberos de Juchit\u00e1n, Francisco \u201cPaco\u201d V\u00e1squez, termin\u00f3 evidenciando una disputa por el control de la estaci\u00f3n y un abierto desaf\u00edo a la actual estructura de mando del Bomberos GobOaxaca. De acuerdo con reportes iniciales, personal administrativo de [&hellip;]","og_url":"https:\/\/www.bbmnoticias.com\/yo-la-construi-director-de-bomberos-de-juchitan-se-resiste-a-dejar-el-cargo-y-pretende-imponer-su-mando\/","og_site_name":"LA BRAVA RADIO","article_published_time":"2026-09-04T18:17:27+00:00","article_modified_time":"2026-09-04T18:17:29+00:00","og_image":[{"width":800,"height":450,"url":"https:\/\/www.bbmnoticias.com\/labravaradiofm\/wp-content\/uploads\/sites\/5\/2026\/09\/comunicado_proteccion_civil.jpg","type":"image\/jpeg"}],"author":"Staff","twitter_card":"summary_large_image","twitter_misc":{"Escrito por":"Staff","Tiempo de lectura":"3 minutos"},"schema":{"@context":"https:\/\/schema.org","@graph":[{"@type":"Article","@id":"https:\/\/www.bbmnoticias.com\/yo-la-construi-director-de-bomberos-de-juchitan-se-resiste-a-dejar-el-cargo-y-pretende-imponer-su-mando\/#article","isPartOf":{"@id":"https:\/\/www.bbmnoticias.com\/labravaradiofm\/2026\/09\/04\/yo-la-construi-director-de-bomberos-de-juchitan-se-resiste-a-dejar-el-cargo-y-pretende-imponer-su-mando\/"},"author":{"name":"Staff","@id":"https:\/\/www.bbmnoticias.com\/labravaradiofm\/#\/schema\/person\/9eb037257fc48a09cdf31d9a2f45619f"},"headline":"!Yo la constru\u00ed! Director de Bomberos de Juchit\u00e1n se resiste a dejar el cargo y pretende imponer su mando","datePublished":"2026-09-04T18:17:27+00:00","dateModified":"2026-09-04T18:17:29+00:00","mainEntityOfPage":{"@id":"https:\/\/www.bbmnoticias.com\/labravaradiofm\/2026\/09\/04\/yo-la-construi-director-de-bomberos-de-juchitan-se-resiste-a-dejar-el-cargo-y-pretende-imponer-su-mando\/"},"wordCount":680,"image":{"@id":"https:\/\/www.bbmnoticias.com\/yo-la-construi-director-de-bomberos-de-juchitan-se-resiste-a-dejar-el-cargo-y-pretende-imponer-su-mando\/#primaryimage"},"thumbnailUrl":"https:\/\/www.bbmnoticias.com\/labravaradiofm\/wp-content\/uploads\/sites\/5\/2026\/09\/comunicado_proteccion_civil.jpg","articleSection":["LOCAL"],"inLanguage":"es"},{"@type":"WebPage","@id":"https:\/\/www.bbmnoticias.com\/labravaradiofm\/2026\/09\/04\/yo-la-construi-director-de-bomberos-de-juchitan-se-resiste-a-dejar-el-cargo-y-pretende-imponer-su-mando\/","url":"https:\/\/www.bbmnoticias.com\/yo-la-construi-director-de-bomberos-de-juchitan-se-resiste-a-dejar-el-cargo-y-pretende-imponer-su-mando\/","name":"!Yo la constru\u00ed! Director de Bomberos de Juchit\u00e1n se resiste a dejar el cargo y pretende imponer su mando - LA BRAVA RADIO","isPartOf":{"@id":"https:\/\/www.bbmnoticias.com\/labravaradiofm\/#website"},"primaryImageOfPage":{"@id":"https:\/\/www.bbmnoticias.com\/yo-la-construi-director-de-bomberos-de-juchitan-se-resiste-a-dejar-el-cargo-y-pretende-imponer-su-mando\/#primaryimage"},"image":{"@id":"https:\/\/www.bbmnoticias.com\/yo-la-construi-director-de-bomberos-de-juchitan-se-resiste-a-dejar-el-cargo-y-pretende-imponer-su-mando\/#primaryimage"},"thumbnailUrl":"https:\/\/www.bbmnoticias.com\/labravaradiofm\/wp-content\/uploads\/sites\/5\/2026\/09\/comunicado_proteccion_civil.jpg","datePublished":"2026-09-04T18:17:27+00:00","dateModified":"2026-09-04T18:17:29+00:00","author":{"@id":"https:\/\/www.bbmnoticias.com\/labravaradiofm\/#\/schema\/person\/9eb037257fc48a09cdf31d9a2f45619f"},"breadcrumb":{"@id":"https:\/\/www.bbmnoticias.com\/yo-la-construi-director-de-bomberos-de-juchitan-se-resiste-a-dejar-el-cargo-y-pretende-imponer-su-mando\/#breadcrumb"},"inLanguage":"es","potentialAction":[{"@type":"ReadAction","target":["https:\/\/www.bbmnoticias.com\/yo-la-construi-director-de-bomberos-de-juchitan-se-resiste-a-dejar-el-cargo-y-pretende-imponer-su-mando\/"]}]},{"@type":"ImageObject","inLanguage":"es","@id":"https:\/\/www.bbmnoticias.com\/yo-la-construi-director-de-bomberos-de-juchitan-se-resiste-a-dejar-el-cargo-y-pretende-imponer-su-mando\/#primaryimage","url":"https:\/\/www.bbmnoticias.com\/labravaradiofm\/wp-content\/uploads\/sites\/5\/2026\/09\/comunicado_proteccion_civil.jpg","contentUrl":"https:\/\/www.bbmnoticias.com\/labravaradiofm\/wp-content\/uploads\/sites\/5\/2026\/09\/comunicado_proteccion_civil.jpg","width":800,"height":450},{"@type":"BreadcrumbList","@id":"https:\/\/www.bbmnoticias.com\/yo-la-construi-director-de-bomberos-de-juchitan-se-resiste-a-dejar-el-cargo-y-pretende-imponer-su-mando\/#breadcrumb","itemListElement":[{"@type":"ListItem","position":1,"name":"Inicio","item":"https:\/\/www.bbmnoticias.com\/labravaradiofm\/"},{"@type":"ListItem","position":2,"name":"!Yo la constru\u00ed! Director de Bomberos de Juchit\u00e1n se resiste a dejar el cargo y pretende imponer su mando"}]},{"@type":"WebSite","@id":"https:\/\/www.bbmnoticias.com\/labravaradiofm\/#website","url":"https:\/\/www.bbmnoticias.com\/labravaradiofm\/","name":"LA BRAVA RADIO","description":"Empresa productora de medios, Radiodifusi\u00f3n, Noticias, tendencias y todo lo que necesitas saber de la pol\u00edtica mexicana e internacional; entretenimiento, espect\u00e1culos, salud y mucho m\u00e1s.","potentialAction":[{"@type":"SearchAction","target":{"@type":"EntryPoint","urlTemplate":"https:\/\/www.bbmnoticias.com\/labravaradiofm\/?s={search_term_string}"},"query-input":{"@type":"PropertyValueSpecification","valueRequired":true,"valueName":"search_term_string"}}],"inLanguage":"es"},{"@type":"Person","@id":"https:\/\/www.bbmnoticias.com\/labravaradiofm\/#\/schema\/person\/9eb037257fc48a09cdf31d9a2f45619f","name":"Staff","image":{"@type":"ImageObject","inLanguage":"es","@id":"https:\/\/secure.gravatar.com\/avatar\/fdd21ad66fd8b98c407f9dee5b5e588cfe7f0d8579ec20fa6527cd59bab7f0f0?s=96&d=mm&r=g","url":"https:\/\/secure.gravatar.com\/avatar\/fdd21ad66fd8b98c407f9dee5b5e588cfe7f0d8579ec20fa6527cd59bab7f0f0?s=96&d=mm&r=g","contentUrl":"https:\/\/secure.gravatar.com\/avatar\/fdd21ad66fd8b98c407f9dee5b5e588cfe7f0d8579ec20fa6527cd59bab7f0f0?s=96&d=mm&r=g","caption":"Staff"},"url":"https:\/\/www.bbmnoticias.com\/labravaradiofm\/author\/redaccion\/"}]}},"_links":{"self":[{"href":"https:\/\/www.bbmnoticias.com\/labravaradiofm\/wp-json\/wp\/v2\/posts\/81485","targetHints":{"allow":["GET"]}}],"collection":[{"href":"https:\/\/www.bbmnoticias.com\/labravaradiofm\/wp-json\/wp\/v2\/posts"}],"about":[{"href":"https:\/\/www.bbmnoticias.com\/labravaradiofm\/wp-json\/wp\/v2\/types\/post"}],"author":[{"embeddable":true,"href":"https:\/\/www.bbmnoticias.com\/labravaradiofm\/wp-json\/wp\/v2\/users\/2"}],"replies":[{"embeddable":true,"href":"https:\/\/www.bbmnoticias.com\/labravaradiofm\/wp-json\/wp\/v2\/comments?post=81485"}],"version-history":[{"count":1,"href":"https:\/\/www.bbmnoticias.com\/labravaradiofm\/wp-json\/wp\/v2\/posts\/81485\/revisions"}],"predecessor-version":[{"id":81486,"href":"https:\/\/www.bbmnoticias.com\/labravaradiofm\/wp-json\/wp\/v2\/posts\/81485\/revisions\/81486"}],"wp:featuredmedia":[{"embeddable":true,"href":"https:\/\/www.bbmnoticias.com\/labravaradiofm\/wp-json\/wp\/v2\/media\/81487"}],"wp:attachment":[{"href":"https:\/\/www.bbmnoticias.com\/labravaradiofm\/wp-json\/wp\/v2\/media?parent=81485"}],"wp:term":[{"taxonomy":"category","embeddable":true,"href":"https:\/\/www.bbmnoticias.com\/labravaradiofm\/wp-json\/wp\/v2\/categories?post=81485"},{"taxonomy":"post_tag","embeddable":true,"href":"https:\/\/www.bbmnoticias.com\/labravaradiofm\/wp-json\/wp\/v2\/tags?post=81485"}],"curies":[{"name":"wp","href":"https:\/\/api.w.org\/{rel}","templated":true}]}}