{"id":81482,"date":"2026-09-04T12:18:19","date_gmt":"2026-09-04T18:12:40","guid":{"rendered":"https:\/\/www.bbmnoticias.com\/labravaradiofm\/2026\/09\/04\/detienen-a-dos-hombres-y-aseguran-vehiculo-con-presunta-droga-en-la-sierra-de-flores-magon\/"},"modified":"2026-09-04T12:18:23","modified_gmt":"2026-09-04T18:18:23","slug":"detienen-a-dos-hombres-y-aseguran-vehiculo-con-presunta-droga-en-la-sierra-de-flores-magon","status":"publish","type":"post","link":"https:\/\/www.bbmnoticias.com\/labravaradiofm\/2026\/09\/04\/detienen-a-dos-hombres-y-aseguran-vehiculo-con-presunta-droga-en-la-sierra-de-flores-magon\/","title":{"rendered":"Detienen a dos hombres y aseguran veh\u00edculo con presunta droga en la Sierra de Flores Mag\u00f3n"},"content":{"rendered":"\n<p class=\"wp-block-paragraph\"><strong>Oaxaca de Ju\u00e1rez, Oax.<\/strong>\u2014 Dos hombres fueron detenidos por elementos de la Agencia Estatal de Investigaciones (AEI) durante un operativo sobre la Carretera Federal 182, en la regi\u00f3n de la Sierra de Flores Mag\u00f3n, inform\u00f3 la Fiscal\u00eda General del Estado de Oaxaca (FGEO).<\/p>\n\n\n\n<p class=\"wp-block-paragraph\">La intervenci\u00f3n ocurri\u00f3 en el kil\u00f3metro 54 del tramo <strong>Santa Cruz Acatepec-Huautla de Jim\u00e9nez<\/strong>, donde agentes adscritos a la Vicefiscal\u00eda General de Control Regional realizaban labores de investigaci\u00f3n y vigilancia.<\/p>\n\n\n\n<p class=\"wp-block-paragraph\">De acuerdo con el informe policial, los detenidos fueron identificados con las iniciales <strong>E.P.B. y R.L.P.R.<\/strong>, quienes viajaban a bordo de un veh\u00edculo Nissan Tsuru, color rojo, con placas de circulaci\u00f3n del Estado de M\u00e9xico.<\/p>\n\n\n\n<p class=\"wp-block-paragraph\">Durante la intervenci\u00f3n, los agentes localizaron una sustancia con caracter\u00edsticas similares al <strong>cristal<\/strong>, por lo que procedieron al aseguramiento del veh\u00edculo y de la sustancia para realizar los an\u00e1lisis correspondientes.<\/p>\n\n\n\n<p class=\"wp-block-paragraph\">Los dos hombres fueron puestos a disposici\u00f3n de la autoridad competente, que continuar\u00e1 con las investigaciones para determinar su posible responsabilidad y definir su situaci\u00f3n jur\u00eddica.<\/p>\n\n\n\n<p class=\"wp-block-paragraph\"><\/p>\n","protected":false},"excerpt":{"rendered":"<p>Oaxaca de Ju\u00e1rez, Oax.\u2014 Dos hombres fueron detenidos por elementos de la Agencia Estatal de Investigaciones (AEI) durante un operativo sobre la Carretera Federal 182, en la regi\u00f3n de la Sierra de Flores Mag\u00f3n, inform\u00f3 la Fiscal\u00eda General del Estado de Oaxaca (FGEO). La intervenci\u00f3n ocurri\u00f3 en el kil\u00f3metro 54 del tramo Santa Cruz Acatepec-Huautla [&hellip;]<\/p>\n","protected":false},"author":2,"featured_media":81484,"comment_status":"closed","ping_status":"open","sticky":false,"template":"","format":"standard","meta":{"footnotes":""},"categories":[2,20],"tags":[],"class_list":["post-81482","post","type-post","status-publish","format-standard","has-post-thumbnail","hentry","category-oaxaca","category-policiaca"],"yoast_head":"<!-- This site is optimized with the Yoast SEO plugin v28.1 - https:\/\/yoast.com\/product\/yoast-seo-wordpress\/ -->\n<title>Detienen a dos hombres y aseguran veh\u00edculo con presunta droga en la Sierra de Flores Mag\u00f3n - LA BRAVA RADIO<\/title>\n<meta name=\"robots\" content=\"index, follow, max-snippet:-1, max-image-preview:large, max-video-preview:-1\" \/>\n<link rel=\"canonical\" href=\"https:\/\/www.bbmnoticias.com\/detienen-a-dos-hombres-y-aseguran-vehiculo-con-presunta-droga-en-la-sierra-de-flores-magon\/\" \/>\n<meta property=\"og:locale\" content=\"es_MX\" \/>\n<meta property=\"og:type\" content=\"article\" \/>\n<meta property=\"og:title\" content=\"Detienen a dos hombres y aseguran veh\u00edculo con presunta droga en la Sierra de Flores Mag\u00f3n - LA BRAVA RADIO\" \/>\n<meta property=\"og:description\" content=\"Oaxaca de Ju\u00e1rez, Oax.\u2014 Dos hombres fueron detenidos por elementos de la Agencia Estatal de Investigaciones (AEI) durante un operativo sobre la Carretera Federal 182, en la regi\u00f3n de la Sierra de Flores Mag\u00f3n, inform\u00f3 la Fiscal\u00eda General del Estado de Oaxaca (FGEO). La intervenci\u00f3n ocurri\u00f3 en el kil\u00f3metro 54 del tramo Santa Cruz Acatepec-Huautla [&hellip;]\" \/>\n<meta property=\"og:url\" content=\"https:\/\/www.bbmnoticias.com\/detienen-a-dos-hombres-y-aseguran-vehiculo-con-presunta-droga-en-la-sierra-de-flores-magon\/\" \/>\n<meta property=\"og:site_name\" content=\"LA BRAVA RADIO\" \/>\n<meta property=\"article:published_time\" content=\"2026-09-04T18:12:40+00:00\" \/>\n<meta property=\"article:modified_time\" content=\"2026-09-04T18:18:23+00:00\" \/>\n<meta property=\"og:image\" content=\"https:\/\/www.bbmnoticias.com\/labravaradiofm\/wp-content\/uploads\/sites\/5\/2026\/09\/personas_detenidas.jpg\" \/>\n\t<meta property=\"og:image:width\" content=\"800\" \/>\n\t<meta property=\"og:image:height\" content=\"516\" \/>\n\t<meta property=\"og:image:type\" content=\"image\/jpeg\" \/>\n<meta name=\"author\" content=\"Staff\" \/>\n<meta name=\"twitter:card\" content=\"summary_large_image\" \/>\n<meta name=\"twitter:label1\" content=\"Escrito por\" \/>\n\t<meta name=\"twitter:data1\" content=\"Staff\" \/>\n\t<meta name=\"twitter:label2\" content=\"Tiempo de lectura\" \/>\n\t<meta name=\"twitter:data2\" content=\"1 minuto\" \/>\n<script type=\"application\/ld+json\" class=\"yoast-schema-graph\">{\"@context\":\"https:\\\/\\\/schema.org\",\"@graph\":[{\"@type\":\"Article\",\"@id\":\"https:\\\/\\\/www.bbmnoticias.com\\\/detienen-a-dos-hombres-y-aseguran-vehiculo-con-presunta-droga-en-la-sierra-de-flores-magon\\\/#article\",\"isPartOf\":{\"@id\":\"https:\\\/\\\/www.bbmnoticias.com\\\/labravaradiofm\\\/2026\\\/09\\\/04\\\/detienen-a-dos-hombres-y-aseguran-vehiculo-con-presunta-droga-en-la-sierra-de-flores-magon\\\/\"},\"author\":{\"name\":\"Staff\",\"@id\":\"https:\\\/\\\/www.bbmnoticias.com\\\/labravaradiofm\\\/#\\\/schema\\\/person\\\/9eb037257fc48a09cdf31d9a2f45619f\"},\"headline\":\"Detienen a dos hombres y aseguran veh\u00edculo con presunta droga en la Sierra de Flores Mag\u00f3n\",\"datePublished\":\"2026-09-04T18:12:40+00:00\",\"dateModified\":\"2026-09-04T18:18:23+00:00\",\"mainEntityOfPage\":{\"@id\":\"https:\\\/\\\/www.bbmnoticias.com\\\/labravaradiofm\\\/2026\\\/09\\\/04\\\/detienen-a-dos-hombres-y-aseguran-vehiculo-con-presunta-droga-en-la-sierra-de-flores-magon\\\/\"},\"wordCount\":204,\"image\":{\"@id\":\"https:\\\/\\\/www.bbmnoticias.com\\\/detienen-a-dos-hombres-y-aseguran-vehiculo-con-presunta-droga-en-la-sierra-de-flores-magon\\\/#primaryimage\"},\"thumbnailUrl\":\"https:\\\/\\\/www.bbmnoticias.com\\\/labravaradiofm\\\/wp-content\\\/uploads\\\/sites\\\/5\\\/2026\\\/09\\\/personas_detenidas.jpg\",\"articleSection\":[\"LOCAL\",\"POLICIACA\"],\"inLanguage\":\"es\"},{\"@type\":\"WebPage\",\"@id\":\"https:\\\/\\\/www.bbmnoticias.com\\\/labravaradiofm\\\/2026\\\/09\\\/04\\\/detienen-a-dos-hombres-y-aseguran-vehiculo-con-presunta-droga-en-la-sierra-de-flores-magon\\\/\",\"url\":\"https:\\\/\\\/www.bbmnoticias.com\\\/detienen-a-dos-hombres-y-aseguran-vehiculo-con-presunta-droga-en-la-sierra-de-flores-magon\\\/\",\"name\":\"Detienen a dos hombres y aseguran veh\u00edculo con presunta droga en la Sierra de Flores Mag\u00f3n - LA BRAVA RADIO\",\"isPartOf\":{\"@id\":\"https:\\\/\\\/www.bbmnoticias.com\\\/labravaradiofm\\\/#website\"},\"primaryImageOfPage\":{\"@id\":\"https:\\\/\\\/www.bbmnoticias.com\\\/detienen-a-dos-hombres-y-aseguran-vehiculo-con-presunta-droga-en-la-sierra-de-flores-magon\\\/#primaryimage\"},\"image\":{\"@id\":\"https:\\\/\\\/www.bbmnoticias.com\\\/detienen-a-dos-hombres-y-aseguran-vehiculo-con-presunta-droga-en-la-sierra-de-flores-magon\\\/#primaryimage\"},\"thumbnailUrl\":\"https:\\\/\\\/www.bbmnoticias.com\\\/labravaradiofm\\\/wp-content\\\/uploads\\\/sites\\\/5\\\/2026\\\/09\\\/personas_detenidas.jpg\",\"datePublished\":\"2026-09-04T18:12:40+00:00\",\"dateModified\":\"2026-09-04T18:18:23+00:00\",\"author\":{\"@id\":\"https:\\\/\\\/www.bbmnoticias.com\\\/labravaradiofm\\\/#\\\/schema\\\/person\\\/9eb037257fc48a09cdf31d9a2f45619f\"},\"breadcrumb\":{\"@id\":\"https:\\\/\\\/www.bbmnoticias.com\\\/detienen-a-dos-hombres-y-aseguran-vehiculo-con-presunta-droga-en-la-sierra-de-flores-magon\\\/#breadcrumb\"},\"inLanguage\":\"es\",\"potentialAction\":[{\"@type\":\"ReadAction\",\"target\":[\"https:\\\/\\\/www.bbmnoticias.com\\\/detienen-a-dos-hombres-y-aseguran-vehiculo-con-presunta-droga-en-la-sierra-de-flores-magon\\\/\"]}]},{\"@type\":\"ImageObject\",\"inLanguage\":\"es\",\"@id\":\"https:\\\/\\\/www.bbmnoticias.com\\\/detienen-a-dos-hombres-y-aseguran-vehiculo-con-presunta-droga-en-la-sierra-de-flores-magon\\\/#primaryimage\",\"url\":\"https:\\\/\\\/www.bbmnoticias.com\\\/labravaradiofm\\\/wp-content\\\/uploads\\\/sites\\\/5\\\/2026\\\/09\\\/personas_detenidas.jpg\",\"contentUrl\":\"https:\\\/\\\/www.bbmnoticias.com\\\/labravaradiofm\\\/wp-content\\\/uploads\\\/sites\\\/5\\\/2026\\\/09\\\/personas_detenidas.jpg\",\"width\":800,\"height\":516},{\"@type\":\"BreadcrumbList\",\"@id\":\"https:\\\/\\\/www.bbmnoticias.com\\\/detienen-a-dos-hombres-y-aseguran-vehiculo-con-presunta-droga-en-la-sierra-de-flores-magon\\\/#breadcrumb\",\"itemListElement\":[{\"@type\":\"ListItem\",\"position\":1,\"name\":\"Inicio\",\"item\":\"https:\\\/\\\/www.bbmnoticias.com\\\/labravaradiofm\\\/\"},{\"@type\":\"ListItem\",\"position\":2,\"name\":\"Detienen a dos hombres y aseguran veh\u00edculo con presunta droga en la Sierra de Flores Mag\u00f3n\"}]},{\"@type\":\"WebSite\",\"@id\":\"https:\\\/\\\/www.bbmnoticias.com\\\/labravaradiofm\\\/#website\",\"url\":\"https:\\\/\\\/www.bbmnoticias.com\\\/labravaradiofm\\\/\",\"name\":\"LA BRAVA RADIO\",\"description\":\"Empresa productora de medios, Radiodifusi\u00f3n, Noticias, tendencias y todo lo que necesitas saber de la pol\u00edtica mexicana e internacional; entretenimiento, espect\u00e1culos, salud y mucho m\u00e1s.\",\"potentialAction\":[{\"@type\":\"SearchAction\",\"target\":{\"@type\":\"EntryPoint\",\"urlTemplate\":\"https:\\\/\\\/www.bbmnoticias.com\\\/labravaradiofm\\\/?s={search_term_string}\"},\"query-input\":{\"@type\":\"PropertyValueSpecification\",\"valueRequired\":true,\"valueName\":\"search_term_string\"}}],\"inLanguage\":\"es\"},{\"@type\":\"Person\",\"@id\":\"https:\\\/\\\/www.bbmnoticias.com\\\/labravaradiofm\\\/#\\\/schema\\\/person\\\/9eb037257fc48a09cdf31d9a2f45619f\",\"name\":\"Staff\",\"image\":{\"@type\":\"ImageObject\",\"inLanguage\":\"es\",\"@id\":\"https:\\\/\\\/secure.gravatar.com\\\/avatar\\\/fdd21ad66fd8b98c407f9dee5b5e588cfe7f0d8579ec20fa6527cd59bab7f0f0?s=96&d=mm&r=g\",\"url\":\"https:\\\/\\\/secure.gravatar.com\\\/avatar\\\/fdd21ad66fd8b98c407f9dee5b5e588cfe7f0d8579ec20fa6527cd59bab7f0f0?s=96&d=mm&r=g\",\"contentUrl\":\"https:\\\/\\\/secure.gravatar.com\\\/avatar\\\/fdd21ad66fd8b98c407f9dee5b5e588cfe7f0d8579ec20fa6527cd59bab7f0f0?s=96&d=mm&r=g\",\"caption\":\"Staff\"},\"url\":\"https:\\\/\\\/www.bbmnoticias.com\\\/labravaradiofm\\\/author\\\/redaccion\\\/\"}]}<\/script>\n<!-- \/ Yoast SEO plugin. -->","yoast_head_json":{"title":"Detienen a dos hombres y aseguran veh\u00edculo con presunta droga en la Sierra de Flores Mag\u00f3n - LA BRAVA RADIO","robots":{"index":"index","follow":"follow","max-snippet":"max-snippet:-1","max-image-preview":"max-image-preview:large","max-video-preview":"max-video-preview:-1"},"canonical":"https:\/\/www.bbmnoticias.com\/detienen-a-dos-hombres-y-aseguran-vehiculo-con-presunta-droga-en-la-sierra-de-flores-magon\/","og_locale":"es_MX","og_type":"article","og_title":"Detienen a dos hombres y aseguran veh\u00edculo con presunta droga en la Sierra de Flores Mag\u00f3n - LA BRAVA RADIO","og_description":"Oaxaca de Ju\u00e1rez, Oax.\u2014 Dos hombres fueron detenidos por elementos de la Agencia Estatal de Investigaciones (AEI) durante un operativo sobre la Carretera Federal 182, en la regi\u00f3n de la Sierra de Flores Mag\u00f3n, inform\u00f3 la Fiscal\u00eda General del Estado de Oaxaca (FGEO). La intervenci\u00f3n ocurri\u00f3 en el kil\u00f3metro 54 del tramo Santa Cruz Acatepec-Huautla [&hellip;]","og_url":"https:\/\/www.bbmnoticias.com\/detienen-a-dos-hombres-y-aseguran-vehiculo-con-presunta-droga-en-la-sierra-de-flores-magon\/","og_site_name":"LA BRAVA RADIO","article_published_time":"2026-09-04T18:12:40+00:00","article_modified_time":"2026-09-04T18:18:23+00:00","og_image":[{"width":800,"height":516,"url":"https:\/\/www.bbmnoticias.com\/labravaradiofm\/wp-content\/uploads\/sites\/5\/2026\/09\/personas_detenidas.jpg","type":"image\/jpeg"}],"author":"Staff","twitter_card":"summary_large_image","twitter_misc":{"Escrito por":"Staff","Tiempo de lectura":"1 minuto"},"schema":{"@context":"https:\/\/schema.org","@graph":[{"@type":"Article","@id":"https:\/\/www.bbmnoticias.com\/detienen-a-dos-hombres-y-aseguran-vehiculo-con-presunta-droga-en-la-sierra-de-flores-magon\/#article","isPartOf":{"@id":"https:\/\/www.bbmnoticias.com\/labravaradiofm\/2026\/09\/04\/detienen-a-dos-hombres-y-aseguran-vehiculo-con-presunta-droga-en-la-sierra-de-flores-magon\/"},"author":{"name":"Staff","@id":"https:\/\/www.bbmnoticias.com\/labravaradiofm\/#\/schema\/person\/9eb037257fc48a09cdf31d9a2f45619f"},"headline":"Detienen a dos hombres y aseguran veh\u00edculo con presunta droga en la Sierra de Flores Mag\u00f3n","datePublished":"2026-09-04T18:12:40+00:00","dateModified":"2026-09-04T18:18:23+00:00","mainEntityOfPage":{"@id":"https:\/\/www.bbmnoticias.com\/labravaradiofm\/2026\/09\/04\/detienen-a-dos-hombres-y-aseguran-vehiculo-con-presunta-droga-en-la-sierra-de-flores-magon\/"},"wordCount":204,"image":{"@id":"https:\/\/www.bbmnoticias.com\/detienen-a-dos-hombres-y-aseguran-vehiculo-con-presunta-droga-en-la-sierra-de-flores-magon\/#primaryimage"},"thumbnailUrl":"https:\/\/www.bbmnoticias.com\/labravaradiofm\/wp-content\/uploads\/sites\/5\/2026\/09\/personas_detenidas.jpg","articleSection":["LOCAL","POLICIACA"],"inLanguage":"es"},{"@type":"WebPage","@id":"https:\/\/www.bbmnoticias.com\/labravaradiofm\/2026\/09\/04\/detienen-a-dos-hombres-y-aseguran-vehiculo-con-presunta-droga-en-la-sierra-de-flores-magon\/","url":"https:\/\/www.bbmnoticias.com\/detienen-a-dos-hombres-y-aseguran-vehiculo-con-presunta-droga-en-la-sierra-de-flores-magon\/","name":"Detienen a dos hombres y aseguran veh\u00edculo con presunta droga en la Sierra de Flores Mag\u00f3n - LA BRAVA RADIO","isPartOf":{"@id":"https:\/\/www.bbmnoticias.com\/labravaradiofm\/#website"},"primaryImageOfPage":{"@id":"https:\/\/www.bbmnoticias.com\/detienen-a-dos-hombres-y-aseguran-vehiculo-con-presunta-droga-en-la-sierra-de-flores-magon\/#primaryimage"},"image":{"@id":"https:\/\/www.bbmnoticias.com\/detienen-a-dos-hombres-y-aseguran-vehiculo-con-presunta-droga-en-la-sierra-de-flores-magon\/#primaryimage"},"thumbnailUrl":"https:\/\/www.bbmnoticias.com\/labravaradiofm\/wp-content\/uploads\/sites\/5\/2026\/09\/personas_detenidas.jpg","datePublished":"2026-09-04T18:12:40+00:00","dateModified":"2026-09-04T18:18:23+00:00","author":{"@id":"https:\/\/www.bbmnoticias.com\/labravaradiofm\/#\/schema\/person\/9eb037257fc48a09cdf31d9a2f45619f"},"breadcrumb":{"@id":"https:\/\/www.bbmnoticias.com\/detienen-a-dos-hombres-y-aseguran-vehiculo-con-presunta-droga-en-la-sierra-de-flores-magon\/#breadcrumb"},"inLanguage":"es","potentialAction":[{"@type":"ReadAction","target":["https:\/\/www.bbmnoticias.com\/detienen-a-dos-hombres-y-aseguran-vehiculo-con-presunta-droga-en-la-sierra-de-flores-magon\/"]}]},{"@type":"ImageObject","inLanguage":"es","@id":"https:\/\/www.bbmnoticias.com\/detienen-a-dos-hombres-y-aseguran-vehiculo-con-presunta-droga-en-la-sierra-de-flores-magon\/#primaryimage","url":"https:\/\/www.bbmnoticias.com\/labravaradiofm\/wp-content\/uploads\/sites\/5\/2026\/09\/personas_detenidas.jpg","contentUrl":"https:\/\/www.bbmnoticias.com\/labravaradiofm\/wp-content\/uploads\/sites\/5\/2026\/09\/personas_detenidas.jpg","width":800,"height":516},{"@type":"BreadcrumbList","@id":"https:\/\/www.bbmnoticias.com\/detienen-a-dos-hombres-y-aseguran-vehiculo-con-presunta-droga-en-la-sierra-de-flores-magon\/#breadcrumb","itemListElement":[{"@type":"ListItem","position":1,"name":"Inicio","item":"https:\/\/www.bbmnoticias.com\/labravaradiofm\/"},{"@type":"ListItem","position":2,"name":"Detienen a dos hombres y aseguran veh\u00edculo con presunta droga en la Sierra de Flores Mag\u00f3n"}]},{"@type":"WebSite","@id":"https:\/\/www.bbmnoticias.com\/labravaradiofm\/#website","url":"https:\/\/www.bbmnoticias.com\/labravaradiofm\/","name":"LA BRAVA RADIO","description":"Empresa productora de medios, Radiodifusi\u00f3n, Noticias, tendencias y todo lo que necesitas saber de la pol\u00edtica mexicana e internacional; entretenimiento, espect\u00e1culos, salud y mucho m\u00e1s.","potentialAction":[{"@type":"SearchAction","target":{"@type":"EntryPoint","urlTemplate":"https:\/\/www.bbmnoticias.com\/labravaradiofm\/?s={search_term_string}"},"query-input":{"@type":"PropertyValueSpecification","valueRequired":true,"valueName":"search_term_string"}}],"inLanguage":"es"},{"@type":"Person","@id":"https:\/\/www.bbmnoticias.com\/labravaradiofm\/#\/schema\/person\/9eb037257fc48a09cdf31d9a2f45619f","name":"Staff","image":{"@type":"ImageObject","inLanguage":"es","@id":"https:\/\/secure.gravatar.com\/avatar\/fdd21ad66fd8b98c407f9dee5b5e588cfe7f0d8579ec20fa6527cd59bab7f0f0?s=96&d=mm&r=g","url":"https:\/\/secure.gravatar.com\/avatar\/fdd21ad66fd8b98c407f9dee5b5e588cfe7f0d8579ec20fa6527cd59bab7f0f0?s=96&d=mm&r=g","contentUrl":"https:\/\/secure.gravatar.com\/avatar\/fdd21ad66fd8b98c407f9dee5b5e588cfe7f0d8579ec20fa6527cd59bab7f0f0?s=96&d=mm&r=g","caption":"Staff"},"url":"https:\/\/www.bbmnoticias.com\/labravaradiofm\/author\/redaccion\/"}]}},"_links":{"self":[{"href":"https:\/\/www.bbmnoticias.com\/labravaradiofm\/wp-json\/wp\/v2\/posts\/81482","targetHints":{"allow":["GET"]}}],"collection":[{"href":"https:\/\/www.bbmnoticias.com\/labravaradiofm\/wp-json\/wp\/v2\/posts"}],"about":[{"href":"https:\/\/www.bbmnoticias.com\/labravaradiofm\/wp-json\/wp\/v2\/types\/post"}],"author":[{"embeddable":true,"href":"https:\/\/www.bbmnoticias.com\/labravaradiofm\/wp-json\/wp\/v2\/users\/2"}],"replies":[{"embeddable":true,"href":"https:\/\/www.bbmnoticias.com\/labravaradiofm\/wp-json\/wp\/v2\/comments?post=81482"}],"version-history":[{"count":1,"href":"https:\/\/www.bbmnoticias.com\/labravaradiofm\/wp-json\/wp\/v2\/posts\/81482\/revisions"}],"predecessor-version":[{"id":81483,"href":"https:\/\/www.bbmnoticias.com\/labravaradiofm\/wp-json\/wp\/v2\/posts\/81482\/revisions\/81483"}],"wp:featuredmedia":[{"embeddable":true,"href":"https:\/\/www.bbmnoticias.com\/labravaradiofm\/wp-json\/wp\/v2\/media\/81484"}],"wp:attachment":[{"href":"https:\/\/www.bbmnoticias.com\/labravaradiofm\/wp-json\/wp\/v2\/media?parent=81482"}],"wp:term":[{"taxonomy":"category","embeddable":true,"href":"https:\/\/www.bbmnoticias.com\/labravaradiofm\/wp-json\/wp\/v2\/categories?post=81482"},{"taxonomy":"post_tag","embeddable":true,"href":"https:\/\/www.bbmnoticias.com\/labravaradiofm\/wp-json\/wp\/v2\/tags?post=81482"}],"curies":[{"name":"wp","href":"https:\/\/api.w.org\/{rel}","templated":true}]}}