{"id":81479,"date":"2026-09-04T10:30:58","date_gmt":"2026-09-04T16:30:58","guid":{"rendered":"https:\/\/www.bbmnoticias.com\/labravaradiofm\/2026\/09\/04\/oaxaca-estrenara-la-primera-constitucion-intercultural-antonino-morales\/"},"modified":"2026-09-04T10:31:03","modified_gmt":"2026-09-04T16:31:03","slug":"oaxaca-estrenara-la-primera-constitucion-intercultural-antonino-morales","status":"publish","type":"post","link":"https:\/\/www.bbmnoticias.com\/labravaradiofm\/2026\/09\/04\/oaxaca-estrenara-la-primera-constitucion-intercultural-antonino-morales\/","title":{"rendered":"Oaxaca estrenar\u00e1 la primera constituci\u00f3n intercultural: Antonino Morales"},"content":{"rendered":"\n<p class=\"wp-block-paragraph\">El senador Antonino Morales Toledo celebr\u00f3 la presentaci\u00f3n formal del proyecto de nueva Constituci\u00f3n para el estado, realizada por el Gobierno de Oaxaca ante el Congreso local. El legislador calific\u00f3 la iniciativa como un parteaguas en la historia jur\u00eddica del pa\u00eds, al tratarse de una carta magna elaborada con la participaci\u00f3n directa de los pueblos originarios y afromexicano.<\/p>\n\n\n\n<p class=\"wp-block-paragraph\">\u201cEl gobernador Salom\u00f3n Jara Cruz demuestra que gobernar es escuchar. Este proyecto no sale de una oficina gubernamental como en el pasado, es el resultado de m\u00e1s de 8 mil voces reunidas en las ocho regiones del estado. Por primera vez, una Constituci\u00f3n se hace desde abajo hacia arriba, reconociendo a nuestros 16 pueblos originarios y al pueblo afromexicano en condiciones de igualdad\u201d, destac\u00f3 el senador Morales Toledo.<\/p>\n\n\n\n<p class=\"wp-block-paragraph\">Por primera vez en el pa\u00eds, se incluyen tres principios fundamentales en una Constituci\u00f3n: la interculturalidad, ser integral y popular. La iniciativa enviada por el Ejecutivo estatal busca sustituir la Constituci\u00f3n de 1922, que tras m\u00e1s de 850 reformas hab\u00eda perdido orden y coherencia.<\/p>\n\n\n\n<p class=\"wp-block-paragraph\">El nuevo texto reduce de 142 a 81 art\u00edculos, actualiza el lenguaje, elimina contradicciones y, sobre todo, incorpora una visi\u00f3n intercultural \u00fanica en M\u00e9xico. Entre sus avances, eleva a rango constitucional la Sala de Justicia Ind\u00edgena y Afromexicana, reconoce a la Madre Tierra como ser viviente y convierte en derechos los programas sociales que antes depend\u00edan solo de la voluntad del gobierno.<\/p>\n\n\n\n<p class=\"wp-block-paragraph\">El senador subray\u00f3 que esta iniciativa retoma el esp\u00edritu de la hist\u00f3rica reforma al Art\u00edculo 2 constitucional impulsada por el expresidente Andr\u00e9s Manuel L\u00f3pez Obrador, y materializada por la presidenta Claudia Sheinbaum Pardo, y la traduce en acciones concretas para Oaxaca.<\/p>\n\n\n\n<p class=\"wp-block-paragraph\">\u201cEl gobernador Salom\u00f3n Jara Cruz est\u00e1 escribiendo un cap\u00edtulo fundamental en esta transformaci\u00f3n. As\u00ed como a nivel nacional se devolvi\u00f3 el poder al pueblo, en Oaxaca hoy ese mandato se convierte en letra constitucional con la voz de las comunidades. En nuestra tierra no solo elegimos gobernantes, legisladores y jueces, ahora construimos juntos las leyes que definen nuestro presente y nuestro futuro. Este es el segundo piso de la Cuarta Transformaci\u00f3n en Oaxaca\u201d, afirm\u00f3.<\/p>\n\n\n\n<p class=\"wp-block-paragraph\">La nueva Constituci\u00f3n, que incorpora m\u00e1s de mil 800 participaciones en mesas tem\u00e1ticas y 129 iniciativas de diputados, tambi\u00e9n fortalece los mecanismos de participaci\u00f3n comunitaria como la guelaguetza, el tequio y la faena, y establece l\u00edmites a fen\u00f3menos como la gentrificaci\u00f3n y el uso indebido de la inteligencia artificial.<\/p>\n\n\n\n<p class=\"wp-block-paragraph\">Finalmente, el senador Morales Toledo hizo un llamado al Congreso del Estado para que apruebe este proyecto que, dijo, \u201ces el pacto de nuestros pueblos que exigen justicia y deciden su propio destino. Con esta iniciativa el gobernador Salom\u00f3n Jara Cruz coloca a Oaxaca en la vanguardia de la Cuarta Transformaci\u00f3n\u201d.<\/p>\n","protected":false},"excerpt":{"rendered":"<p>El senador Antonino Morales Toledo celebr\u00f3 la presentaci\u00f3n formal del proyecto de nueva Constituci\u00f3n para el estado, realizada por el Gobierno de Oaxaca ante el Congreso local. El legislador calific\u00f3 la iniciativa como un parteaguas en la historia jur\u00eddica del pa\u00eds, al tratarse de una carta magna elaborada con la participaci\u00f3n directa de los pueblos [&hellip;]<\/p>\n","protected":false},"author":2,"featured_media":81481,"comment_status":"closed","ping_status":"open","sticky":false,"template":"","format":"standard","meta":{"footnotes":""},"categories":[2],"tags":[],"class_list":["post-81479","post","type-post","status-publish","format-standard","has-post-thumbnail","hentry","category-oaxaca"],"yoast_head":"<!-- This site is optimized with the Yoast SEO plugin v28.1 - https:\/\/yoast.com\/product\/yoast-seo-wordpress\/ -->\n<title>Oaxaca estrenar\u00e1 la primera constituci\u00f3n intercultural: Antonino Morales - LA BRAVA RADIO<\/title>\n<meta name=\"robots\" content=\"index, follow, max-snippet:-1, max-image-preview:large, max-video-preview:-1\" \/>\n<link rel=\"canonical\" href=\"https:\/\/www.bbmnoticias.com\/oaxaca-estrenara-la-primera-constitucion-intercultural-antonino-morales\/\" \/>\n<meta property=\"og:locale\" content=\"es_MX\" \/>\n<meta property=\"og:type\" content=\"article\" \/>\n<meta property=\"og:title\" content=\"Oaxaca estrenar\u00e1 la primera constituci\u00f3n intercultural: Antonino Morales - LA BRAVA RADIO\" \/>\n<meta property=\"og:description\" content=\"El senador Antonino Morales Toledo celebr\u00f3 la presentaci\u00f3n formal del proyecto de nueva Constituci\u00f3n para el estado, realizada por el Gobierno de Oaxaca ante el Congreso local. El legislador calific\u00f3 la iniciativa como un parteaguas en la historia jur\u00eddica del pa\u00eds, al tratarse de una carta magna elaborada con la participaci\u00f3n directa de los pueblos [&hellip;]\" \/>\n<meta property=\"og:url\" content=\"https:\/\/www.bbmnoticias.com\/oaxaca-estrenara-la-primera-constitucion-intercultural-antonino-morales\/\" \/>\n<meta property=\"og:site_name\" content=\"LA BRAVA RADIO\" \/>\n<meta property=\"article:published_time\" content=\"2026-09-04T16:30:58+00:00\" \/>\n<meta property=\"article:modified_time\" content=\"2026-09-04T16:31:03+00:00\" \/>\n<meta property=\"og:image\" content=\"https:\/\/www.bbmnoticias.com\/labravaradiofm\/wp-content\/uploads\/sites\/5\/2026\/09\/nino_morales-1.jpg\" \/>\n\t<meta property=\"og:image:width\" content=\"800\" \/>\n\t<meta property=\"og:image:height\" content=\"500\" \/>\n\t<meta property=\"og:image:type\" content=\"image\/jpeg\" \/>\n<meta name=\"author\" content=\"Staff\" \/>\n<meta name=\"twitter:card\" content=\"summary_large_image\" \/>\n<meta name=\"twitter:label1\" content=\"Escrito por\" \/>\n\t<meta name=\"twitter:data1\" content=\"Staff\" \/>\n\t<meta name=\"twitter:label2\" content=\"Tiempo de lectura\" \/>\n\t<meta name=\"twitter:data2\" content=\"2 minutos\" \/>\n<script type=\"application\/ld+json\" class=\"yoast-schema-graph\">{\"@context\":\"https:\\\/\\\/schema.org\",\"@graph\":[{\"@type\":\"Article\",\"@id\":\"https:\\\/\\\/www.bbmnoticias.com\\\/oaxaca-estrenara-la-primera-constitucion-intercultural-antonino-morales\\\/#article\",\"isPartOf\":{\"@id\":\"https:\\\/\\\/www.bbmnoticias.com\\\/labravaradiofm\\\/2026\\\/09\\\/04\\\/oaxaca-estrenara-la-primera-constitucion-intercultural-antonino-morales\\\/\"},\"author\":{\"name\":\"Staff\",\"@id\":\"https:\\\/\\\/www.bbmnoticias.com\\\/labravaradiofm\\\/#\\\/schema\\\/person\\\/9eb037257fc48a09cdf31d9a2f45619f\"},\"headline\":\"Oaxaca estrenar\u00e1 la primera constituci\u00f3n intercultural: Antonino Morales\",\"datePublished\":\"2026-09-04T16:30:58+00:00\",\"dateModified\":\"2026-09-04T16:31:03+00:00\",\"mainEntityOfPage\":{\"@id\":\"https:\\\/\\\/www.bbmnoticias.com\\\/labravaradiofm\\\/2026\\\/09\\\/04\\\/oaxaca-estrenara-la-primera-constitucion-intercultural-antonino-morales\\\/\"},\"wordCount\":484,\"image\":{\"@id\":\"https:\\\/\\\/www.bbmnoticias.com\\\/oaxaca-estrenara-la-primera-constitucion-intercultural-antonino-morales\\\/#primaryimage\"},\"thumbnailUrl\":\"https:\\\/\\\/www.bbmnoticias.com\\\/labravaradiofm\\\/wp-content\\\/uploads\\\/sites\\\/5\\\/2026\\\/09\\\/nino_morales-1.jpg\",\"articleSection\":[\"LOCAL\"],\"inLanguage\":\"es\"},{\"@type\":\"WebPage\",\"@id\":\"https:\\\/\\\/www.bbmnoticias.com\\\/labravaradiofm\\\/2026\\\/09\\\/04\\\/oaxaca-estrenara-la-primera-constitucion-intercultural-antonino-morales\\\/\",\"url\":\"https:\\\/\\\/www.bbmnoticias.com\\\/oaxaca-estrenara-la-primera-constitucion-intercultural-antonino-morales\\\/\",\"name\":\"Oaxaca estrenar\u00e1 la primera constituci\u00f3n intercultural: Antonino Morales - LA BRAVA RADIO\",\"isPartOf\":{\"@id\":\"https:\\\/\\\/www.bbmnoticias.com\\\/labravaradiofm\\\/#website\"},\"primaryImageOfPage\":{\"@id\":\"https:\\\/\\\/www.bbmnoticias.com\\\/oaxaca-estrenara-la-primera-constitucion-intercultural-antonino-morales\\\/#primaryimage\"},\"image\":{\"@id\":\"https:\\\/\\\/www.bbmnoticias.com\\\/oaxaca-estrenara-la-primera-constitucion-intercultural-antonino-morales\\\/#primaryimage\"},\"thumbnailUrl\":\"https:\\\/\\\/www.bbmnoticias.com\\\/labravaradiofm\\\/wp-content\\\/uploads\\\/sites\\\/5\\\/2026\\\/09\\\/nino_morales-1.jpg\",\"datePublished\":\"2026-09-04T16:30:58+00:00\",\"dateModified\":\"2026-09-04T16:31:03+00:00\",\"author\":{\"@id\":\"https:\\\/\\\/www.bbmnoticias.com\\\/labravaradiofm\\\/#\\\/schema\\\/person\\\/9eb037257fc48a09cdf31d9a2f45619f\"},\"breadcrumb\":{\"@id\":\"https:\\\/\\\/www.bbmnoticias.com\\\/oaxaca-estrenara-la-primera-constitucion-intercultural-antonino-morales\\\/#breadcrumb\"},\"inLanguage\":\"es\",\"potentialAction\":[{\"@type\":\"ReadAction\",\"target\":[\"https:\\\/\\\/www.bbmnoticias.com\\\/oaxaca-estrenara-la-primera-constitucion-intercultural-antonino-morales\\\/\"]}]},{\"@type\":\"ImageObject\",\"inLanguage\":\"es\",\"@id\":\"https:\\\/\\\/www.bbmnoticias.com\\\/oaxaca-estrenara-la-primera-constitucion-intercultural-antonino-morales\\\/#primaryimage\",\"url\":\"https:\\\/\\\/www.bbmnoticias.com\\\/labravaradiofm\\\/wp-content\\\/uploads\\\/sites\\\/5\\\/2026\\\/09\\\/nino_morales-1.jpg\",\"contentUrl\":\"https:\\\/\\\/www.bbmnoticias.com\\\/labravaradiofm\\\/wp-content\\\/uploads\\\/sites\\\/5\\\/2026\\\/09\\\/nino_morales-1.jpg\",\"width\":800,\"height\":500},{\"@type\":\"BreadcrumbList\",\"@id\":\"https:\\\/\\\/www.bbmnoticias.com\\\/oaxaca-estrenara-la-primera-constitucion-intercultural-antonino-morales\\\/#breadcrumb\",\"itemListElement\":[{\"@type\":\"ListItem\",\"position\":1,\"name\":\"Inicio\",\"item\":\"https:\\\/\\\/www.bbmnoticias.com\\\/labravaradiofm\\\/\"},{\"@type\":\"ListItem\",\"position\":2,\"name\":\"Oaxaca estrenar\u00e1 la primera constituci\u00f3n intercultural: Antonino Morales\"}]},{\"@type\":\"WebSite\",\"@id\":\"https:\\\/\\\/www.bbmnoticias.com\\\/labravaradiofm\\\/#website\",\"url\":\"https:\\\/\\\/www.bbmnoticias.com\\\/labravaradiofm\\\/\",\"name\":\"LA BRAVA RADIO\",\"description\":\"Empresa productora de medios, Radiodifusi\u00f3n, Noticias, tendencias y todo lo que necesitas saber de la pol\u00edtica mexicana e internacional; entretenimiento, espect\u00e1culos, salud y mucho m\u00e1s.\",\"potentialAction\":[{\"@type\":\"SearchAction\",\"target\":{\"@type\":\"EntryPoint\",\"urlTemplate\":\"https:\\\/\\\/www.bbmnoticias.com\\\/labravaradiofm\\\/?s={search_term_string}\"},\"query-input\":{\"@type\":\"PropertyValueSpecification\",\"valueRequired\":true,\"valueName\":\"search_term_string\"}}],\"inLanguage\":\"es\"},{\"@type\":\"Person\",\"@id\":\"https:\\\/\\\/www.bbmnoticias.com\\\/labravaradiofm\\\/#\\\/schema\\\/person\\\/9eb037257fc48a09cdf31d9a2f45619f\",\"name\":\"Staff\",\"image\":{\"@type\":\"ImageObject\",\"inLanguage\":\"es\",\"@id\":\"https:\\\/\\\/secure.gravatar.com\\\/avatar\\\/fdd21ad66fd8b98c407f9dee5b5e588cfe7f0d8579ec20fa6527cd59bab7f0f0?s=96&d=mm&r=g\",\"url\":\"https:\\\/\\\/secure.gravatar.com\\\/avatar\\\/fdd21ad66fd8b98c407f9dee5b5e588cfe7f0d8579ec20fa6527cd59bab7f0f0?s=96&d=mm&r=g\",\"contentUrl\":\"https:\\\/\\\/secure.gravatar.com\\\/avatar\\\/fdd21ad66fd8b98c407f9dee5b5e588cfe7f0d8579ec20fa6527cd59bab7f0f0?s=96&d=mm&r=g\",\"caption\":\"Staff\"},\"url\":\"https:\\\/\\\/www.bbmnoticias.com\\\/labravaradiofm\\\/author\\\/redaccion\\\/\"}]}<\/script>\n<!-- \/ Yoast SEO plugin. -->","yoast_head_json":{"title":"Oaxaca estrenar\u00e1 la primera constituci\u00f3n intercultural: Antonino Morales - LA BRAVA RADIO","robots":{"index":"index","follow":"follow","max-snippet":"max-snippet:-1","max-image-preview":"max-image-preview:large","max-video-preview":"max-video-preview:-1"},"canonical":"https:\/\/www.bbmnoticias.com\/oaxaca-estrenara-la-primera-constitucion-intercultural-antonino-morales\/","og_locale":"es_MX","og_type":"article","og_title":"Oaxaca estrenar\u00e1 la primera constituci\u00f3n intercultural: Antonino Morales - LA BRAVA RADIO","og_description":"El senador Antonino Morales Toledo celebr\u00f3 la presentaci\u00f3n formal del proyecto de nueva Constituci\u00f3n para el estado, realizada por el Gobierno de Oaxaca ante el Congreso local. El legislador calific\u00f3 la iniciativa como un parteaguas en la historia jur\u00eddica del pa\u00eds, al tratarse de una carta magna elaborada con la participaci\u00f3n directa de los pueblos [&hellip;]","og_url":"https:\/\/www.bbmnoticias.com\/oaxaca-estrenara-la-primera-constitucion-intercultural-antonino-morales\/","og_site_name":"LA BRAVA RADIO","article_published_time":"2026-09-04T16:30:58+00:00","article_modified_time":"2026-09-04T16:31:03+00:00","og_image":[{"width":800,"height":500,"url":"https:\/\/www.bbmnoticias.com\/labravaradiofm\/wp-content\/uploads\/sites\/5\/2026\/09\/nino_morales-1.jpg","type":"image\/jpeg"}],"author":"Staff","twitter_card":"summary_large_image","twitter_misc":{"Escrito por":"Staff","Tiempo de lectura":"2 minutos"},"schema":{"@context":"https:\/\/schema.org","@graph":[{"@type":"Article","@id":"https:\/\/www.bbmnoticias.com\/oaxaca-estrenara-la-primera-constitucion-intercultural-antonino-morales\/#article","isPartOf":{"@id":"https:\/\/www.bbmnoticias.com\/labravaradiofm\/2026\/09\/04\/oaxaca-estrenara-la-primera-constitucion-intercultural-antonino-morales\/"},"author":{"name":"Staff","@id":"https:\/\/www.bbmnoticias.com\/labravaradiofm\/#\/schema\/person\/9eb037257fc48a09cdf31d9a2f45619f"},"headline":"Oaxaca estrenar\u00e1 la primera constituci\u00f3n intercultural: Antonino Morales","datePublished":"2026-09-04T16:30:58+00:00","dateModified":"2026-09-04T16:31:03+00:00","mainEntityOfPage":{"@id":"https:\/\/www.bbmnoticias.com\/labravaradiofm\/2026\/09\/04\/oaxaca-estrenara-la-primera-constitucion-intercultural-antonino-morales\/"},"wordCount":484,"image":{"@id":"https:\/\/www.bbmnoticias.com\/oaxaca-estrenara-la-primera-constitucion-intercultural-antonino-morales\/#primaryimage"},"thumbnailUrl":"https:\/\/www.bbmnoticias.com\/labravaradiofm\/wp-content\/uploads\/sites\/5\/2026\/09\/nino_morales-1.jpg","articleSection":["LOCAL"],"inLanguage":"es"},{"@type":"WebPage","@id":"https:\/\/www.bbmnoticias.com\/labravaradiofm\/2026\/09\/04\/oaxaca-estrenara-la-primera-constitucion-intercultural-antonino-morales\/","url":"https:\/\/www.bbmnoticias.com\/oaxaca-estrenara-la-primera-constitucion-intercultural-antonino-morales\/","name":"Oaxaca estrenar\u00e1 la primera constituci\u00f3n intercultural: Antonino Morales - LA BRAVA RADIO","isPartOf":{"@id":"https:\/\/www.bbmnoticias.com\/labravaradiofm\/#website"},"primaryImageOfPage":{"@id":"https:\/\/www.bbmnoticias.com\/oaxaca-estrenara-la-primera-constitucion-intercultural-antonino-morales\/#primaryimage"},"image":{"@id":"https:\/\/www.bbmnoticias.com\/oaxaca-estrenara-la-primera-constitucion-intercultural-antonino-morales\/#primaryimage"},"thumbnailUrl":"https:\/\/www.bbmnoticias.com\/labravaradiofm\/wp-content\/uploads\/sites\/5\/2026\/09\/nino_morales-1.jpg","datePublished":"2026-09-04T16:30:58+00:00","dateModified":"2026-09-04T16:31:03+00:00","author":{"@id":"https:\/\/www.bbmnoticias.com\/labravaradiofm\/#\/schema\/person\/9eb037257fc48a09cdf31d9a2f45619f"},"breadcrumb":{"@id":"https:\/\/www.bbmnoticias.com\/oaxaca-estrenara-la-primera-constitucion-intercultural-antonino-morales\/#breadcrumb"},"inLanguage":"es","potentialAction":[{"@type":"ReadAction","target":["https:\/\/www.bbmnoticias.com\/oaxaca-estrenara-la-primera-constitucion-intercultural-antonino-morales\/"]}]},{"@type":"ImageObject","inLanguage":"es","@id":"https:\/\/www.bbmnoticias.com\/oaxaca-estrenara-la-primera-constitucion-intercultural-antonino-morales\/#primaryimage","url":"https:\/\/www.bbmnoticias.com\/labravaradiofm\/wp-content\/uploads\/sites\/5\/2026\/09\/nino_morales-1.jpg","contentUrl":"https:\/\/www.bbmnoticias.com\/labravaradiofm\/wp-content\/uploads\/sites\/5\/2026\/09\/nino_morales-1.jpg","width":800,"height":500},{"@type":"BreadcrumbList","@id":"https:\/\/www.bbmnoticias.com\/oaxaca-estrenara-la-primera-constitucion-intercultural-antonino-morales\/#breadcrumb","itemListElement":[{"@type":"ListItem","position":1,"name":"Inicio","item":"https:\/\/www.bbmnoticias.com\/labravaradiofm\/"},{"@type":"ListItem","position":2,"name":"Oaxaca estrenar\u00e1 la primera constituci\u00f3n intercultural: Antonino Morales"}]},{"@type":"WebSite","@id":"https:\/\/www.bbmnoticias.com\/labravaradiofm\/#website","url":"https:\/\/www.bbmnoticias.com\/labravaradiofm\/","name":"LA BRAVA RADIO","description":"Empresa productora de medios, Radiodifusi\u00f3n, Noticias, tendencias y todo lo que necesitas saber de la pol\u00edtica mexicana e internacional; entretenimiento, espect\u00e1culos, salud y mucho m\u00e1s.","potentialAction":[{"@type":"SearchAction","target":{"@type":"EntryPoint","urlTemplate":"https:\/\/www.bbmnoticias.com\/labravaradiofm\/?s={search_term_string}"},"query-input":{"@type":"PropertyValueSpecification","valueRequired":true,"valueName":"search_term_string"}}],"inLanguage":"es"},{"@type":"Person","@id":"https:\/\/www.bbmnoticias.com\/labravaradiofm\/#\/schema\/person\/9eb037257fc48a09cdf31d9a2f45619f","name":"Staff","image":{"@type":"ImageObject","inLanguage":"es","@id":"https:\/\/secure.gravatar.com\/avatar\/fdd21ad66fd8b98c407f9dee5b5e588cfe7f0d8579ec20fa6527cd59bab7f0f0?s=96&d=mm&r=g","url":"https:\/\/secure.gravatar.com\/avatar\/fdd21ad66fd8b98c407f9dee5b5e588cfe7f0d8579ec20fa6527cd59bab7f0f0?s=96&d=mm&r=g","contentUrl":"https:\/\/secure.gravatar.com\/avatar\/fdd21ad66fd8b98c407f9dee5b5e588cfe7f0d8579ec20fa6527cd59bab7f0f0?s=96&d=mm&r=g","caption":"Staff"},"url":"https:\/\/www.bbmnoticias.com\/labravaradiofm\/author\/redaccion\/"}]}},"_links":{"self":[{"href":"https:\/\/www.bbmnoticias.com\/labravaradiofm\/wp-json\/wp\/v2\/posts\/81479","targetHints":{"allow":["GET"]}}],"collection":[{"href":"https:\/\/www.bbmnoticias.com\/labravaradiofm\/wp-json\/wp\/v2\/posts"}],"about":[{"href":"https:\/\/www.bbmnoticias.com\/labravaradiofm\/wp-json\/wp\/v2\/types\/post"}],"author":[{"embeddable":true,"href":"https:\/\/www.bbmnoticias.com\/labravaradiofm\/wp-json\/wp\/v2\/users\/2"}],"replies":[{"embeddable":true,"href":"https:\/\/www.bbmnoticias.com\/labravaradiofm\/wp-json\/wp\/v2\/comments?post=81479"}],"version-history":[{"count":1,"href":"https:\/\/www.bbmnoticias.com\/labravaradiofm\/wp-json\/wp\/v2\/posts\/81479\/revisions"}],"predecessor-version":[{"id":81480,"href":"https:\/\/www.bbmnoticias.com\/labravaradiofm\/wp-json\/wp\/v2\/posts\/81479\/revisions\/81480"}],"wp:featuredmedia":[{"embeddable":true,"href":"https:\/\/www.bbmnoticias.com\/labravaradiofm\/wp-json\/wp\/v2\/media\/81481"}],"wp:attachment":[{"href":"https:\/\/www.bbmnoticias.com\/labravaradiofm\/wp-json\/wp\/v2\/media?parent=81479"}],"wp:term":[{"taxonomy":"category","embeddable":true,"href":"https:\/\/www.bbmnoticias.com\/labravaradiofm\/wp-json\/wp\/v2\/categories?post=81479"},{"taxonomy":"post_tag","embeddable":true,"href":"https:\/\/www.bbmnoticias.com\/labravaradiofm\/wp-json\/wp\/v2\/tags?post=81479"}],"curies":[{"name":"wp","href":"https:\/\/api.w.org\/{rel}","templated":true}]}}