{"id":81472,"date":"2026-09-04T10:06:28","date_gmt":"2026-09-04T15:33:18","guid":{"rendered":"https:\/\/www.bbmnoticias.com\/labravaradiofm\/2026\/09\/04\/la-sego-despliega-operativo-preventivo-y-busca-solucion-pacifica-al-conflicto-en-chimalapas\/"},"modified":"2026-09-04T10:06:30","modified_gmt":"2026-09-04T16:06:30","slug":"la-sego-despliega-operativo-preventivo-y-busca-solucion-pacifica-al-conflicto-en-chimalapas","status":"publish","type":"post","link":"https:\/\/www.bbmnoticias.com\/labravaradiofm\/2026\/09\/04\/la-sego-despliega-operativo-preventivo-y-busca-solucion-pacifica-al-conflicto-en-chimalapas\/","title":{"rendered":"Gobierno de Oaxaca prioriza di\u00e1logo y paz ante conflicto agrario en Los Chimalapas"},"content":{"rendered":"\n<p class=\"wp-block-paragraph\">La Secretar\u00eda de Gobierno de Oaxaca, acompa\u00f1ada por un grupo interinstitucional, mantiene atenci\u00f3n permanente en territorio para encontrar, mediante el di\u00e1logo pac\u00edfico, una soluci\u00f3n al conflicto de orden agrario entre los Chimalapas y el ejido Gustavo D\u00edaz Ordaz. La apuesta del Gobierno de Oaxaca es la paz, la conciliaci\u00f3n y la construcci\u00f3n de acuerdos con todas las comunidades que enfrentan situaciones de conflictividad territorial con antecedentes de m\u00e1s de 60 a\u00f1os. Construir condiciones de paz es fundamental para que las familias puedan vivir con tranquilidad y seguridad.<\/p>\n\n\n\n<p class=\"wp-block-paragraph\">Ante esta situaci\u00f3n, se mantiene un despliegue de seguridad p\u00fablica con el objetivo de prevenir cualquier hecho de violencia, generar condiciones de tranquilidad y evitar que la situaci\u00f3n escale a un conflicto mayor, privilegiando en todo momento la v\u00eda institucional y el di\u00e1logo. En la zona se encuentra presente, adem\u00e1s de la Secretar\u00eda de Gobierno y la Secretar\u00eda de Seguridad y Protecci\u00f3n Ciudadana, la Representaci\u00f3n de la Secretar\u00eda de Gobernaci\u00f3n en Oaxaca, la Coordinaci\u00f3n de Delegados de Paz Social, la Junta de Conciliaci\u00f3n Agraria, as\u00ed como la Defensor\u00eda de los Derechos Humanos del Pueblo de Oaxaca.<\/p>\n\n\n\n<p class=\"wp-block-paragraph\">El Gobierno de Oaxaca mantiene comunicaci\u00f3n permanente con la Secretar\u00eda de Gobernaci\u00f3n y con el Gobierno de Chiapas para fortalecer la coordinaci\u00f3n institucional y continuar atendiendo la situaci\u00f3n; y reitera su compromiso de construir soluciones pac\u00edficas mediante el di\u00e1logo, el respeto y la conciliaci\u00f3n entre las comunidades.<\/p>\n\n\n\n<figure class=\"wp-block-embed is-type-rich is-provider-x wp-block-embed-x\"><div class=\"wp-block-embed__wrapper\">\n<blockquote class=\"twitter-tweet\" data-width=\"550\" data-dnt=\"true\"><p lang=\"es\" dir=\"ltr\">La Secretar\u00eda de Gobierno de <a href=\"https:\/\/x.com\/hashtag\/Oaxaca?src=hash&amp;ref_src=twsrc%5Etfw\">#Oaxaca<\/a>, acompa\u00f1ada por un grupo interinstitucional, mantiene atenci\u00f3n permanente en territorio para encontrar, mediante el di\u00e1logo pac\u00edfico, una soluci\u00f3n al conflicto de orden agrario entre los <a href=\"https:\/\/x.com\/hashtag\/Chimalapas?src=hash&amp;ref_src=twsrc%5Etfw\">#Chimalapas<\/a> y el ejido Gustavo D\u00edaz Ordaz. <a href=\"https:\/\/t.co\/s7sIiZOt1j\">pic.twitter.com\/s7sIiZOt1j<\/a><\/p>&mdash; bbmnoticias (@bbmnoticias1) <a href=\"https:\/\/x.com\/bbmnoticias1\/status\/2095897831059914889?ref_src=twsrc%5Etfw\">September 4, 2026<\/a><\/blockquote><script async src=\"https:\/\/platform.x.com\/widgets.js\" charset=\"utf-8\"><\/script>\n<\/div><\/figure>\n","protected":false},"excerpt":{"rendered":"<p>La Secretar\u00eda de Gobierno de Oaxaca, acompa\u00f1ada por un grupo interinstitucional, mantiene atenci\u00f3n permanente en territorio para encontrar, mediante el di\u00e1logo pac\u00edfico, una soluci\u00f3n al conflicto de orden agrario entre los Chimalapas y el ejido Gustavo D\u00edaz Ordaz. La apuesta del Gobierno de Oaxaca es la paz, la conciliaci\u00f3n y la construcci\u00f3n de acuerdos con [&hellip;]<\/p>\n","protected":false},"author":2,"featured_media":81474,"comment_status":"closed","ping_status":"open","sticky":false,"template":"","format":"standard","meta":{"footnotes":""},"categories":[2],"tags":[],"class_list":["post-81472","post","type-post","status-publish","format-standard","has-post-thumbnail","hentry","category-oaxaca"],"yoast_head":"<!-- This site is optimized with the Yoast SEO plugin v28.1 - https:\/\/yoast.com\/product\/yoast-seo-wordpress\/ -->\n<title>Gobierno de Oaxaca prioriza di\u00e1logo y paz ante conflicto agrario en Los Chimalapas - LA BRAVA RADIO<\/title>\n<meta name=\"robots\" content=\"index, follow, max-snippet:-1, max-image-preview:large, max-video-preview:-1\" \/>\n<link rel=\"canonical\" href=\"https:\/\/www.bbmnoticias.com\/la-sego-despliega-operativo-preventivo-y-busca-solucion-pacifica-al-conflicto-en-chimalapas\/\" \/>\n<meta property=\"og:locale\" content=\"es_MX\" \/>\n<meta property=\"og:type\" content=\"article\" \/>\n<meta property=\"og:title\" content=\"Gobierno de Oaxaca prioriza di\u00e1logo y paz ante conflicto agrario en Los Chimalapas - LA BRAVA RADIO\" \/>\n<meta property=\"og:description\" content=\"La Secretar\u00eda de Gobierno de Oaxaca, acompa\u00f1ada por un grupo interinstitucional, mantiene atenci\u00f3n permanente en territorio para encontrar, mediante el di\u00e1logo pac\u00edfico, una soluci\u00f3n al conflicto de orden agrario entre los Chimalapas y el ejido Gustavo D\u00edaz Ordaz. La apuesta del Gobierno de Oaxaca es la paz, la conciliaci\u00f3n y la construcci\u00f3n de acuerdos con [&hellip;]\" \/>\n<meta property=\"og:url\" content=\"https:\/\/www.bbmnoticias.com\/la-sego-despliega-operativo-preventivo-y-busca-solucion-pacifica-al-conflicto-en-chimalapas\/\" \/>\n<meta property=\"og:site_name\" content=\"LA BRAVA RADIO\" \/>\n<meta property=\"article:published_time\" content=\"2026-09-04T15:33:18+00:00\" \/>\n<meta property=\"article:modified_time\" content=\"2026-09-04T16:06:30+00:00\" \/>\n<meta property=\"og:image\" content=\"https:\/\/www.bbmnoticias.com\/labravaradiofm\/wp-content\/uploads\/sites\/5\/2026\/09\/sego_chimalapas.jpg\" \/>\n\t<meta property=\"og:image:width\" content=\"800\" \/>\n\t<meta property=\"og:image:height\" content=\"444\" \/>\n\t<meta property=\"og:image:type\" content=\"image\/jpeg\" \/>\n<meta name=\"author\" content=\"Staff\" \/>\n<meta name=\"twitter:card\" content=\"summary_large_image\" \/>\n<meta name=\"twitter:label1\" content=\"Escrito por\" \/>\n\t<meta name=\"twitter:data1\" content=\"Staff\" \/>\n\t<meta name=\"twitter:label2\" content=\"Tiempo de lectura\" \/>\n\t<meta name=\"twitter:data2\" content=\"2 minutos\" \/>\n<script type=\"application\/ld+json\" class=\"yoast-schema-graph\">{\"@context\":\"https:\\\/\\\/schema.org\",\"@graph\":[{\"@type\":\"Article\",\"@id\":\"https:\\\/\\\/www.bbmnoticias.com\\\/la-sego-despliega-operativo-preventivo-y-busca-solucion-pacifica-al-conflicto-en-chimalapas\\\/#article\",\"isPartOf\":{\"@id\":\"https:\\\/\\\/www.bbmnoticias.com\\\/labravaradiofm\\\/2026\\\/09\\\/04\\\/la-sego-despliega-operativo-preventivo-y-busca-solucion-pacifica-al-conflicto-en-chimalapas\\\/\"},\"author\":{\"name\":\"Staff\",\"@id\":\"https:\\\/\\\/www.bbmnoticias.com\\\/labravaradiofm\\\/#\\\/schema\\\/person\\\/9eb037257fc48a09cdf31d9a2f45619f\"},\"headline\":\"Gobierno de Oaxaca prioriza di\u00e1logo y paz ante conflicto agrario en Los Chimalapas\",\"datePublished\":\"2026-09-04T15:33:18+00:00\",\"dateModified\":\"2026-09-04T16:06:30+00:00\",\"mainEntityOfPage\":{\"@id\":\"https:\\\/\\\/www.bbmnoticias.com\\\/labravaradiofm\\\/2026\\\/09\\\/04\\\/la-sego-despliega-operativo-preventivo-y-busca-solucion-pacifica-al-conflicto-en-chimalapas\\\/\"},\"wordCount\":282,\"image\":{\"@id\":\"https:\\\/\\\/www.bbmnoticias.com\\\/la-sego-despliega-operativo-preventivo-y-busca-solucion-pacifica-al-conflicto-en-chimalapas\\\/#primaryimage\"},\"thumbnailUrl\":\"https:\\\/\\\/www.bbmnoticias.com\\\/labravaradiofm\\\/wp-content\\\/uploads\\\/sites\\\/5\\\/2026\\\/09\\\/sego_chimalapas.jpg\",\"articleSection\":[\"LOCAL\"],\"inLanguage\":\"es\"},{\"@type\":\"WebPage\",\"@id\":\"https:\\\/\\\/www.bbmnoticias.com\\\/labravaradiofm\\\/2026\\\/09\\\/04\\\/la-sego-despliega-operativo-preventivo-y-busca-solucion-pacifica-al-conflicto-en-chimalapas\\\/\",\"url\":\"https:\\\/\\\/www.bbmnoticias.com\\\/la-sego-despliega-operativo-preventivo-y-busca-solucion-pacifica-al-conflicto-en-chimalapas\\\/\",\"name\":\"Gobierno de Oaxaca prioriza di\u00e1logo y paz ante conflicto agrario en Los Chimalapas - LA BRAVA RADIO\",\"isPartOf\":{\"@id\":\"https:\\\/\\\/www.bbmnoticias.com\\\/labravaradiofm\\\/#website\"},\"primaryImageOfPage\":{\"@id\":\"https:\\\/\\\/www.bbmnoticias.com\\\/la-sego-despliega-operativo-preventivo-y-busca-solucion-pacifica-al-conflicto-en-chimalapas\\\/#primaryimage\"},\"image\":{\"@id\":\"https:\\\/\\\/www.bbmnoticias.com\\\/la-sego-despliega-operativo-preventivo-y-busca-solucion-pacifica-al-conflicto-en-chimalapas\\\/#primaryimage\"},\"thumbnailUrl\":\"https:\\\/\\\/www.bbmnoticias.com\\\/labravaradiofm\\\/wp-content\\\/uploads\\\/sites\\\/5\\\/2026\\\/09\\\/sego_chimalapas.jpg\",\"datePublished\":\"2026-09-04T15:33:18+00:00\",\"dateModified\":\"2026-09-04T16:06:30+00:00\",\"author\":{\"@id\":\"https:\\\/\\\/www.bbmnoticias.com\\\/labravaradiofm\\\/#\\\/schema\\\/person\\\/9eb037257fc48a09cdf31d9a2f45619f\"},\"breadcrumb\":{\"@id\":\"https:\\\/\\\/www.bbmnoticias.com\\\/la-sego-despliega-operativo-preventivo-y-busca-solucion-pacifica-al-conflicto-en-chimalapas\\\/#breadcrumb\"},\"inLanguage\":\"es\",\"potentialAction\":[{\"@type\":\"ReadAction\",\"target\":[\"https:\\\/\\\/www.bbmnoticias.com\\\/la-sego-despliega-operativo-preventivo-y-busca-solucion-pacifica-al-conflicto-en-chimalapas\\\/\"]}]},{\"@type\":\"ImageObject\",\"inLanguage\":\"es\",\"@id\":\"https:\\\/\\\/www.bbmnoticias.com\\\/la-sego-despliega-operativo-preventivo-y-busca-solucion-pacifica-al-conflicto-en-chimalapas\\\/#primaryimage\",\"url\":\"https:\\\/\\\/www.bbmnoticias.com\\\/labravaradiofm\\\/wp-content\\\/uploads\\\/sites\\\/5\\\/2026\\\/09\\\/sego_chimalapas.jpg\",\"contentUrl\":\"https:\\\/\\\/www.bbmnoticias.com\\\/labravaradiofm\\\/wp-content\\\/uploads\\\/sites\\\/5\\\/2026\\\/09\\\/sego_chimalapas.jpg\",\"width\":800,\"height\":444},{\"@type\":\"BreadcrumbList\",\"@id\":\"https:\\\/\\\/www.bbmnoticias.com\\\/la-sego-despliega-operativo-preventivo-y-busca-solucion-pacifica-al-conflicto-en-chimalapas\\\/#breadcrumb\",\"itemListElement\":[{\"@type\":\"ListItem\",\"position\":1,\"name\":\"Inicio\",\"item\":\"https:\\\/\\\/www.bbmnoticias.com\\\/labravaradiofm\\\/\"},{\"@type\":\"ListItem\",\"position\":2,\"name\":\"Gobierno de Oaxaca prioriza di\u00e1logo y paz ante conflicto agrario en Los Chimalapas\"}]},{\"@type\":\"WebSite\",\"@id\":\"https:\\\/\\\/www.bbmnoticias.com\\\/labravaradiofm\\\/#website\",\"url\":\"https:\\\/\\\/www.bbmnoticias.com\\\/labravaradiofm\\\/\",\"name\":\"LA BRAVA RADIO\",\"description\":\"Empresa productora de medios, Radiodifusi\u00f3n, Noticias, tendencias y todo lo que necesitas saber de la pol\u00edtica mexicana e internacional; entretenimiento, espect\u00e1culos, salud y mucho m\u00e1s.\",\"potentialAction\":[{\"@type\":\"SearchAction\",\"target\":{\"@type\":\"EntryPoint\",\"urlTemplate\":\"https:\\\/\\\/www.bbmnoticias.com\\\/labravaradiofm\\\/?s={search_term_string}\"},\"query-input\":{\"@type\":\"PropertyValueSpecification\",\"valueRequired\":true,\"valueName\":\"search_term_string\"}}],\"inLanguage\":\"es\"},{\"@type\":\"Person\",\"@id\":\"https:\\\/\\\/www.bbmnoticias.com\\\/labravaradiofm\\\/#\\\/schema\\\/person\\\/9eb037257fc48a09cdf31d9a2f45619f\",\"name\":\"Staff\",\"image\":{\"@type\":\"ImageObject\",\"inLanguage\":\"es\",\"@id\":\"https:\\\/\\\/secure.gravatar.com\\\/avatar\\\/fdd21ad66fd8b98c407f9dee5b5e588cfe7f0d8579ec20fa6527cd59bab7f0f0?s=96&d=mm&r=g\",\"url\":\"https:\\\/\\\/secure.gravatar.com\\\/avatar\\\/fdd21ad66fd8b98c407f9dee5b5e588cfe7f0d8579ec20fa6527cd59bab7f0f0?s=96&d=mm&r=g\",\"contentUrl\":\"https:\\\/\\\/secure.gravatar.com\\\/avatar\\\/fdd21ad66fd8b98c407f9dee5b5e588cfe7f0d8579ec20fa6527cd59bab7f0f0?s=96&d=mm&r=g\",\"caption\":\"Staff\"},\"url\":\"https:\\\/\\\/www.bbmnoticias.com\\\/labravaradiofm\\\/author\\\/redaccion\\\/\"}]}<\/script>\n<!-- \/ Yoast SEO plugin. -->","yoast_head_json":{"title":"Gobierno de Oaxaca prioriza di\u00e1logo y paz ante conflicto agrario en Los Chimalapas - LA BRAVA RADIO","robots":{"index":"index","follow":"follow","max-snippet":"max-snippet:-1","max-image-preview":"max-image-preview:large","max-video-preview":"max-video-preview:-1"},"canonical":"https:\/\/www.bbmnoticias.com\/la-sego-despliega-operativo-preventivo-y-busca-solucion-pacifica-al-conflicto-en-chimalapas\/","og_locale":"es_MX","og_type":"article","og_title":"Gobierno de Oaxaca prioriza di\u00e1logo y paz ante conflicto agrario en Los Chimalapas - LA BRAVA RADIO","og_description":"La Secretar\u00eda de Gobierno de Oaxaca, acompa\u00f1ada por un grupo interinstitucional, mantiene atenci\u00f3n permanente en territorio para encontrar, mediante el di\u00e1logo pac\u00edfico, una soluci\u00f3n al conflicto de orden agrario entre los Chimalapas y el ejido Gustavo D\u00edaz Ordaz. La apuesta del Gobierno de Oaxaca es la paz, la conciliaci\u00f3n y la construcci\u00f3n de acuerdos con [&hellip;]","og_url":"https:\/\/www.bbmnoticias.com\/la-sego-despliega-operativo-preventivo-y-busca-solucion-pacifica-al-conflicto-en-chimalapas\/","og_site_name":"LA BRAVA RADIO","article_published_time":"2026-09-04T15:33:18+00:00","article_modified_time":"2026-09-04T16:06:30+00:00","og_image":[{"width":800,"height":444,"url":"https:\/\/www.bbmnoticias.com\/labravaradiofm\/wp-content\/uploads\/sites\/5\/2026\/09\/sego_chimalapas.jpg","type":"image\/jpeg"}],"author":"Staff","twitter_card":"summary_large_image","twitter_misc":{"Escrito por":"Staff","Tiempo de lectura":"2 minutos"},"schema":{"@context":"https:\/\/schema.org","@graph":[{"@type":"Article","@id":"https:\/\/www.bbmnoticias.com\/la-sego-despliega-operativo-preventivo-y-busca-solucion-pacifica-al-conflicto-en-chimalapas\/#article","isPartOf":{"@id":"https:\/\/www.bbmnoticias.com\/labravaradiofm\/2026\/09\/04\/la-sego-despliega-operativo-preventivo-y-busca-solucion-pacifica-al-conflicto-en-chimalapas\/"},"author":{"name":"Staff","@id":"https:\/\/www.bbmnoticias.com\/labravaradiofm\/#\/schema\/person\/9eb037257fc48a09cdf31d9a2f45619f"},"headline":"Gobierno de Oaxaca prioriza di\u00e1logo y paz ante conflicto agrario en Los Chimalapas","datePublished":"2026-09-04T15:33:18+00:00","dateModified":"2026-09-04T16:06:30+00:00","mainEntityOfPage":{"@id":"https:\/\/www.bbmnoticias.com\/labravaradiofm\/2026\/09\/04\/la-sego-despliega-operativo-preventivo-y-busca-solucion-pacifica-al-conflicto-en-chimalapas\/"},"wordCount":282,"image":{"@id":"https:\/\/www.bbmnoticias.com\/la-sego-despliega-operativo-preventivo-y-busca-solucion-pacifica-al-conflicto-en-chimalapas\/#primaryimage"},"thumbnailUrl":"https:\/\/www.bbmnoticias.com\/labravaradiofm\/wp-content\/uploads\/sites\/5\/2026\/09\/sego_chimalapas.jpg","articleSection":["LOCAL"],"inLanguage":"es"},{"@type":"WebPage","@id":"https:\/\/www.bbmnoticias.com\/labravaradiofm\/2026\/09\/04\/la-sego-despliega-operativo-preventivo-y-busca-solucion-pacifica-al-conflicto-en-chimalapas\/","url":"https:\/\/www.bbmnoticias.com\/la-sego-despliega-operativo-preventivo-y-busca-solucion-pacifica-al-conflicto-en-chimalapas\/","name":"Gobierno de Oaxaca prioriza di\u00e1logo y paz ante conflicto agrario en Los Chimalapas - LA BRAVA RADIO","isPartOf":{"@id":"https:\/\/www.bbmnoticias.com\/labravaradiofm\/#website"},"primaryImageOfPage":{"@id":"https:\/\/www.bbmnoticias.com\/la-sego-despliega-operativo-preventivo-y-busca-solucion-pacifica-al-conflicto-en-chimalapas\/#primaryimage"},"image":{"@id":"https:\/\/www.bbmnoticias.com\/la-sego-despliega-operativo-preventivo-y-busca-solucion-pacifica-al-conflicto-en-chimalapas\/#primaryimage"},"thumbnailUrl":"https:\/\/www.bbmnoticias.com\/labravaradiofm\/wp-content\/uploads\/sites\/5\/2026\/09\/sego_chimalapas.jpg","datePublished":"2026-09-04T15:33:18+00:00","dateModified":"2026-09-04T16:06:30+00:00","author":{"@id":"https:\/\/www.bbmnoticias.com\/labravaradiofm\/#\/schema\/person\/9eb037257fc48a09cdf31d9a2f45619f"},"breadcrumb":{"@id":"https:\/\/www.bbmnoticias.com\/la-sego-despliega-operativo-preventivo-y-busca-solucion-pacifica-al-conflicto-en-chimalapas\/#breadcrumb"},"inLanguage":"es","potentialAction":[{"@type":"ReadAction","target":["https:\/\/www.bbmnoticias.com\/la-sego-despliega-operativo-preventivo-y-busca-solucion-pacifica-al-conflicto-en-chimalapas\/"]}]},{"@type":"ImageObject","inLanguage":"es","@id":"https:\/\/www.bbmnoticias.com\/la-sego-despliega-operativo-preventivo-y-busca-solucion-pacifica-al-conflicto-en-chimalapas\/#primaryimage","url":"https:\/\/www.bbmnoticias.com\/labravaradiofm\/wp-content\/uploads\/sites\/5\/2026\/09\/sego_chimalapas.jpg","contentUrl":"https:\/\/www.bbmnoticias.com\/labravaradiofm\/wp-content\/uploads\/sites\/5\/2026\/09\/sego_chimalapas.jpg","width":800,"height":444},{"@type":"BreadcrumbList","@id":"https:\/\/www.bbmnoticias.com\/la-sego-despliega-operativo-preventivo-y-busca-solucion-pacifica-al-conflicto-en-chimalapas\/#breadcrumb","itemListElement":[{"@type":"ListItem","position":1,"name":"Inicio","item":"https:\/\/www.bbmnoticias.com\/labravaradiofm\/"},{"@type":"ListItem","position":2,"name":"Gobierno de Oaxaca prioriza di\u00e1logo y paz ante conflicto agrario en Los Chimalapas"}]},{"@type":"WebSite","@id":"https:\/\/www.bbmnoticias.com\/labravaradiofm\/#website","url":"https:\/\/www.bbmnoticias.com\/labravaradiofm\/","name":"LA BRAVA RADIO","description":"Empresa productora de medios, Radiodifusi\u00f3n, Noticias, tendencias y todo lo que necesitas saber de la pol\u00edtica mexicana e internacional; entretenimiento, espect\u00e1culos, salud y mucho m\u00e1s.","potentialAction":[{"@type":"SearchAction","target":{"@type":"EntryPoint","urlTemplate":"https:\/\/www.bbmnoticias.com\/labravaradiofm\/?s={search_term_string}"},"query-input":{"@type":"PropertyValueSpecification","valueRequired":true,"valueName":"search_term_string"}}],"inLanguage":"es"},{"@type":"Person","@id":"https:\/\/www.bbmnoticias.com\/labravaradiofm\/#\/schema\/person\/9eb037257fc48a09cdf31d9a2f45619f","name":"Staff","image":{"@type":"ImageObject","inLanguage":"es","@id":"https:\/\/secure.gravatar.com\/avatar\/fdd21ad66fd8b98c407f9dee5b5e588cfe7f0d8579ec20fa6527cd59bab7f0f0?s=96&d=mm&r=g","url":"https:\/\/secure.gravatar.com\/avatar\/fdd21ad66fd8b98c407f9dee5b5e588cfe7f0d8579ec20fa6527cd59bab7f0f0?s=96&d=mm&r=g","contentUrl":"https:\/\/secure.gravatar.com\/avatar\/fdd21ad66fd8b98c407f9dee5b5e588cfe7f0d8579ec20fa6527cd59bab7f0f0?s=96&d=mm&r=g","caption":"Staff"},"url":"https:\/\/www.bbmnoticias.com\/labravaradiofm\/author\/redaccion\/"}]}},"_links":{"self":[{"href":"https:\/\/www.bbmnoticias.com\/labravaradiofm\/wp-json\/wp\/v2\/posts\/81472","targetHints":{"allow":["GET"]}}],"collection":[{"href":"https:\/\/www.bbmnoticias.com\/labravaradiofm\/wp-json\/wp\/v2\/posts"}],"about":[{"href":"https:\/\/www.bbmnoticias.com\/labravaradiofm\/wp-json\/wp\/v2\/types\/post"}],"author":[{"embeddable":true,"href":"https:\/\/www.bbmnoticias.com\/labravaradiofm\/wp-json\/wp\/v2\/users\/2"}],"replies":[{"embeddable":true,"href":"https:\/\/www.bbmnoticias.com\/labravaradiofm\/wp-json\/wp\/v2\/comments?post=81472"}],"version-history":[{"count":2,"href":"https:\/\/www.bbmnoticias.com\/labravaradiofm\/wp-json\/wp\/v2\/posts\/81472\/revisions"}],"predecessor-version":[{"id":81475,"href":"https:\/\/www.bbmnoticias.com\/labravaradiofm\/wp-json\/wp\/v2\/posts\/81472\/revisions\/81475"}],"wp:featuredmedia":[{"embeddable":true,"href":"https:\/\/www.bbmnoticias.com\/labravaradiofm\/wp-json\/wp\/v2\/media\/81474"}],"wp:attachment":[{"href":"https:\/\/www.bbmnoticias.com\/labravaradiofm\/wp-json\/wp\/v2\/media?parent=81472"}],"wp:term":[{"taxonomy":"category","embeddable":true,"href":"https:\/\/www.bbmnoticias.com\/labravaradiofm\/wp-json\/wp\/v2\/categories?post=81472"},{"taxonomy":"post_tag","embeddable":true,"href":"https:\/\/www.bbmnoticias.com\/labravaradiofm\/wp-json\/wp\/v2\/tags?post=81472"}],"curies":[{"name":"wp","href":"https:\/\/api.w.org\/{rel}","templated":true}]}}