{"id":81469,"date":"2026-09-04T09:02:02","date_gmt":"2026-09-04T15:02:02","guid":{"rendered":"https:\/\/www.bbmnoticias.com\/labravaradiofm\/2026\/09\/04\/tension-en-los-chimalapas-por-movilizacion-de-comuneros-de-san-miguel-chimalapa\/"},"modified":"2026-09-04T09:02:05","modified_gmt":"2026-09-04T15:02:05","slug":"tension-en-los-chimalapas-por-movilizacion-de-comuneros-de-san-miguel-chimalapa","status":"publish","type":"post","link":"https:\/\/www.bbmnoticias.com\/labravaradiofm\/2026\/09\/04\/tension-en-los-chimalapas-por-movilizacion-de-comuneros-de-san-miguel-chimalapa\/","title":{"rendered":"Tensi\u00f3n en Los Chimalapas por movilizaci\u00f3n de comuneros de San Miguel Chimalapa"},"content":{"rendered":"\n<p class=\"wp-block-paragraph\"><strong>Oaxaca de Ju\u00e1rez, Oax., 4 de septiembre de 2026.<\/strong>\u2014 La disputa territorial entre Oaxaca y Chiapas elev\u00f3 este viernes la tensi\u00f3n en la zona oriente de <strong>Los Chimalapas<\/strong>, luego del anuncio de una movilizaci\u00f3n de comuneros de San Miguel Chimalapa hacia el ejido Gustavo D\u00edaz Ordaz.<\/p>\n\n\n\n<p class=\"wp-block-paragraph\">El <strong>Comit\u00e9 Nacional para la Defensa y Conservaci\u00f3n de Los Chimalapas<\/strong> se\u00f1al\u00f3 que durante la madrugada habr\u00edan llegado alrededor de 50 patrullas con m\u00e1s de 500 elementos del grupo Pakal, corporaci\u00f3n de seguridad de Chiapas, para reforzar la vigilancia en la comunidad.<\/p>\n\n\n\n<p class=\"wp-block-paragraph\">Hasta el momento, este se\u00f1alamiento debe entenderse como una versi\u00f3n atribuida a la organizaci\u00f3n, en tanto no se cuenta con una confirmaci\u00f3n independiente sobre el n\u00famero de elementos desplegados ni sobre el alcance del operativo.<\/p>\n\n\n\n<p class=\"wp-block-paragraph\">La presencia policial estar\u00eda relacionada, seg\u00fan la misma fuente, con la movilizaci\u00f3n anunciada por alrededor de 500 comuneros zoques de <strong>San Miguel Chimalapa<\/strong>, quienes buscan trasladarse este viernes al ejido Gustavo D\u00edaz Ordaz.<\/p>\n\n\n\n<p class=\"wp-block-paragraph\">Los comuneros sostienen que el plazo otorgado a los habitantes del ejido habr\u00eda concluido y demandan que reconozcan que el asentamiento se encuentra dentro de territorio comunal de Oaxaca. Entre sus planteamientos tambi\u00e9n se encuentra la disoluci\u00f3n del ejido y la incorporaci\u00f3n de sus habitantes al <strong>Estatuto Comunal de San Miguel Chimalapa<\/strong>.<\/p>\n\n\n\n<p class=\"wp-block-paragraph\">De acuerdo con la postura de los comuneros, este esquema permitir\u00eda a los habitantes conservar sus viviendas y \u00e1reas de trabajo, aunque el planteamiento forma parte de una disputa agraria y territorial que mantiene diferencias entre las partes involucradas.<\/p>\n\n\n\n<h2 class=\"wp-block-heading\">Buscan evitar una confrontaci\u00f3n<\/h2>\n\n\n\n<p class=\"wp-block-paragraph\">El nuevo episodio ocurre pese a los llamados al di\u00e1logo y a la presencia de fuerzas federales en la regi\u00f3n.<\/p>\n\n\n\n<p class=\"wp-block-paragraph\">La <strong>Procuradur\u00eda Agraria<\/strong> plante\u00f3 instalar una mesa de negociaci\u00f3n el pr\u00f3ximo <strong>lunes 7 de septiembre en Oaxaca<\/strong>, con la condici\u00f3n de que sea suspendida la movilizaci\u00f3n prevista para este viernes.<\/p>\n\n\n\n<p class=\"wp-block-paragraph\">La disputa territorial y agraria entre comunidades de Oaxaca y Chiapas tiene un largo historial de conflictos, resoluciones y reclamos relacionados con la posesi\u00f3n y reconocimiento de tierras en la regi\u00f3n de Los Chimalapas.<\/p>\n\n\n\n<p class=\"wp-block-paragraph\">Ante la movilizaci\u00f3n anunciada y el despliegue de elementos de seguridad reportado por organizaciones, la atenci\u00f3n se concentra ahora en evitar un nuevo enfrentamiento y mantener abiertos los canales institucionales de di\u00e1logo.<\/p>\n\n\n\n<p class=\"wp-block-paragraph\">Las autoridades de ambos estados y las instancias federales ser\u00e1n determinantes para garantizar la seguridad de las comunidades y encauzar el conflicto por las v\u00edas legales correspondientes.<\/p>\n\n\n\n<p class=\"wp-block-paragraph\"><\/p>\n","protected":false},"excerpt":{"rendered":"<p>Oaxaca de Ju\u00e1rez, Oax., 4 de septiembre de 2026.\u2014 La disputa territorial entre Oaxaca y Chiapas elev\u00f3 este viernes la tensi\u00f3n en la zona oriente de Los Chimalapas, luego del anuncio de una movilizaci\u00f3n de comuneros de San Miguel Chimalapa hacia el ejido Gustavo D\u00edaz Ordaz. El Comit\u00e9 Nacional para la Defensa y Conservaci\u00f3n de [&hellip;]<\/p>\n","protected":false},"author":2,"featured_media":81471,"comment_status":"closed","ping_status":"open","sticky":false,"template":"","format":"standard","meta":{"footnotes":""},"categories":[2],"tags":[],"class_list":["post-81469","post","type-post","status-publish","format-standard","has-post-thumbnail","hentry","category-oaxaca"],"yoast_head":"<!-- This site is optimized with the Yoast SEO plugin v28.1 - https:\/\/yoast.com\/product\/yoast-seo-wordpress\/ -->\n<title>Tensi\u00f3n en Los Chimalapas por movilizaci\u00f3n de comuneros de San Miguel Chimalapa - LA BRAVA RADIO<\/title>\n<meta name=\"robots\" content=\"index, follow, max-snippet:-1, max-image-preview:large, max-video-preview:-1\" \/>\n<link rel=\"canonical\" href=\"https:\/\/www.bbmnoticias.com\/tension-en-los-chimalapas-por-movilizacion-de-comuneros-de-san-miguel-chimalapa\/\" \/>\n<meta property=\"og:locale\" content=\"es_MX\" \/>\n<meta property=\"og:type\" content=\"article\" \/>\n<meta property=\"og:title\" content=\"Tensi\u00f3n en Los Chimalapas por movilizaci\u00f3n de comuneros de San Miguel Chimalapa - LA BRAVA RADIO\" \/>\n<meta property=\"og:description\" content=\"Oaxaca de Ju\u00e1rez, Oax., 4 de septiembre de 2026.\u2014 La disputa territorial entre Oaxaca y Chiapas elev\u00f3 este viernes la tensi\u00f3n en la zona oriente de Los Chimalapas, luego del anuncio de una movilizaci\u00f3n de comuneros de San Miguel Chimalapa hacia el ejido Gustavo D\u00edaz Ordaz. El Comit\u00e9 Nacional para la Defensa y Conservaci\u00f3n de [&hellip;]\" \/>\n<meta property=\"og:url\" content=\"https:\/\/www.bbmnoticias.com\/tension-en-los-chimalapas-por-movilizacion-de-comuneros-de-san-miguel-chimalapa\/\" \/>\n<meta property=\"og:site_name\" content=\"LA BRAVA RADIO\" \/>\n<meta property=\"article:published_time\" content=\"2026-09-04T15:02:02+00:00\" \/>\n<meta property=\"article:modified_time\" content=\"2026-09-04T15:02:05+00:00\" \/>\n<meta property=\"og:image\" content=\"https:\/\/www.bbmnoticias.com\/labravaradiofm\/wp-content\/uploads\/sites\/5\/2026\/09\/chimalapas_oaxaca.jpg\" \/>\n\t<meta property=\"og:image:width\" content=\"800\" \/>\n\t<meta property=\"og:image:height\" content=\"440\" \/>\n\t<meta property=\"og:image:type\" content=\"image\/jpeg\" \/>\n<meta name=\"author\" content=\"Staff\" \/>\n<meta name=\"twitter:card\" content=\"summary_large_image\" \/>\n<meta name=\"twitter:label1\" content=\"Escrito por\" \/>\n\t<meta name=\"twitter:data1\" content=\"Staff\" \/>\n\t<meta name=\"twitter:label2\" content=\"Tiempo de lectura\" \/>\n\t<meta name=\"twitter:data2\" content=\"2 minutos\" \/>\n<script type=\"application\/ld+json\" class=\"yoast-schema-graph\">{\"@context\":\"https:\\\/\\\/schema.org\",\"@graph\":[{\"@type\":\"Article\",\"@id\":\"https:\\\/\\\/www.bbmnoticias.com\\\/tension-en-los-chimalapas-por-movilizacion-de-comuneros-de-san-miguel-chimalapa\\\/#article\",\"isPartOf\":{\"@id\":\"https:\\\/\\\/www.bbmnoticias.com\\\/labravaradiofm\\\/2026\\\/09\\\/04\\\/tension-en-los-chimalapas-por-movilizacion-de-comuneros-de-san-miguel-chimalapa\\\/\"},\"author\":{\"name\":\"Staff\",\"@id\":\"https:\\\/\\\/www.bbmnoticias.com\\\/labravaradiofm\\\/#\\\/schema\\\/person\\\/9eb037257fc48a09cdf31d9a2f45619f\"},\"headline\":\"Tensi\u00f3n en Los Chimalapas por movilizaci\u00f3n de comuneros de San Miguel Chimalapa\",\"datePublished\":\"2026-09-04T15:02:02+00:00\",\"dateModified\":\"2026-09-04T15:02:05+00:00\",\"mainEntityOfPage\":{\"@id\":\"https:\\\/\\\/www.bbmnoticias.com\\\/labravaradiofm\\\/2026\\\/09\\\/04\\\/tension-en-los-chimalapas-por-movilizacion-de-comuneros-de-san-miguel-chimalapa\\\/\"},\"wordCount\":440,\"image\":{\"@id\":\"https:\\\/\\\/www.bbmnoticias.com\\\/tension-en-los-chimalapas-por-movilizacion-de-comuneros-de-san-miguel-chimalapa\\\/#primaryimage\"},\"thumbnailUrl\":\"https:\\\/\\\/www.bbmnoticias.com\\\/labravaradiofm\\\/wp-content\\\/uploads\\\/sites\\\/5\\\/2026\\\/09\\\/chimalapas_oaxaca.jpg\",\"articleSection\":[\"LOCAL\"],\"inLanguage\":\"es\"},{\"@type\":\"WebPage\",\"@id\":\"https:\\\/\\\/www.bbmnoticias.com\\\/labravaradiofm\\\/2026\\\/09\\\/04\\\/tension-en-los-chimalapas-por-movilizacion-de-comuneros-de-san-miguel-chimalapa\\\/\",\"url\":\"https:\\\/\\\/www.bbmnoticias.com\\\/tension-en-los-chimalapas-por-movilizacion-de-comuneros-de-san-miguel-chimalapa\\\/\",\"name\":\"Tensi\u00f3n en Los Chimalapas por movilizaci\u00f3n de comuneros de San Miguel Chimalapa - LA BRAVA RADIO\",\"isPartOf\":{\"@id\":\"https:\\\/\\\/www.bbmnoticias.com\\\/labravaradiofm\\\/#website\"},\"primaryImageOfPage\":{\"@id\":\"https:\\\/\\\/www.bbmnoticias.com\\\/tension-en-los-chimalapas-por-movilizacion-de-comuneros-de-san-miguel-chimalapa\\\/#primaryimage\"},\"image\":{\"@id\":\"https:\\\/\\\/www.bbmnoticias.com\\\/tension-en-los-chimalapas-por-movilizacion-de-comuneros-de-san-miguel-chimalapa\\\/#primaryimage\"},\"thumbnailUrl\":\"https:\\\/\\\/www.bbmnoticias.com\\\/labravaradiofm\\\/wp-content\\\/uploads\\\/sites\\\/5\\\/2026\\\/09\\\/chimalapas_oaxaca.jpg\",\"datePublished\":\"2026-09-04T15:02:02+00:00\",\"dateModified\":\"2026-09-04T15:02:05+00:00\",\"author\":{\"@id\":\"https:\\\/\\\/www.bbmnoticias.com\\\/labravaradiofm\\\/#\\\/schema\\\/person\\\/9eb037257fc48a09cdf31d9a2f45619f\"},\"breadcrumb\":{\"@id\":\"https:\\\/\\\/www.bbmnoticias.com\\\/tension-en-los-chimalapas-por-movilizacion-de-comuneros-de-san-miguel-chimalapa\\\/#breadcrumb\"},\"inLanguage\":\"es\",\"potentialAction\":[{\"@type\":\"ReadAction\",\"target\":[\"https:\\\/\\\/www.bbmnoticias.com\\\/tension-en-los-chimalapas-por-movilizacion-de-comuneros-de-san-miguel-chimalapa\\\/\"]}]},{\"@type\":\"ImageObject\",\"inLanguage\":\"es\",\"@id\":\"https:\\\/\\\/www.bbmnoticias.com\\\/tension-en-los-chimalapas-por-movilizacion-de-comuneros-de-san-miguel-chimalapa\\\/#primaryimage\",\"url\":\"https:\\\/\\\/www.bbmnoticias.com\\\/labravaradiofm\\\/wp-content\\\/uploads\\\/sites\\\/5\\\/2026\\\/09\\\/chimalapas_oaxaca.jpg\",\"contentUrl\":\"https:\\\/\\\/www.bbmnoticias.com\\\/labravaradiofm\\\/wp-content\\\/uploads\\\/sites\\\/5\\\/2026\\\/09\\\/chimalapas_oaxaca.jpg\",\"width\":800,\"height\":440},{\"@type\":\"BreadcrumbList\",\"@id\":\"https:\\\/\\\/www.bbmnoticias.com\\\/tension-en-los-chimalapas-por-movilizacion-de-comuneros-de-san-miguel-chimalapa\\\/#breadcrumb\",\"itemListElement\":[{\"@type\":\"ListItem\",\"position\":1,\"name\":\"Inicio\",\"item\":\"https:\\\/\\\/www.bbmnoticias.com\\\/labravaradiofm\\\/\"},{\"@type\":\"ListItem\",\"position\":2,\"name\":\"Tensi\u00f3n en Los Chimalapas por movilizaci\u00f3n de comuneros de San Miguel Chimalapa\"}]},{\"@type\":\"WebSite\",\"@id\":\"https:\\\/\\\/www.bbmnoticias.com\\\/labravaradiofm\\\/#website\",\"url\":\"https:\\\/\\\/www.bbmnoticias.com\\\/labravaradiofm\\\/\",\"name\":\"LA BRAVA RADIO\",\"description\":\"Empresa productora de medios, Radiodifusi\u00f3n, Noticias, tendencias y todo lo que necesitas saber de la pol\u00edtica mexicana e internacional; entretenimiento, espect\u00e1culos, salud y mucho m\u00e1s.\",\"potentialAction\":[{\"@type\":\"SearchAction\",\"target\":{\"@type\":\"EntryPoint\",\"urlTemplate\":\"https:\\\/\\\/www.bbmnoticias.com\\\/labravaradiofm\\\/?s={search_term_string}\"},\"query-input\":{\"@type\":\"PropertyValueSpecification\",\"valueRequired\":true,\"valueName\":\"search_term_string\"}}],\"inLanguage\":\"es\"},{\"@type\":\"Person\",\"@id\":\"https:\\\/\\\/www.bbmnoticias.com\\\/labravaradiofm\\\/#\\\/schema\\\/person\\\/9eb037257fc48a09cdf31d9a2f45619f\",\"name\":\"Staff\",\"image\":{\"@type\":\"ImageObject\",\"inLanguage\":\"es\",\"@id\":\"https:\\\/\\\/secure.gravatar.com\\\/avatar\\\/fdd21ad66fd8b98c407f9dee5b5e588cfe7f0d8579ec20fa6527cd59bab7f0f0?s=96&d=mm&r=g\",\"url\":\"https:\\\/\\\/secure.gravatar.com\\\/avatar\\\/fdd21ad66fd8b98c407f9dee5b5e588cfe7f0d8579ec20fa6527cd59bab7f0f0?s=96&d=mm&r=g\",\"contentUrl\":\"https:\\\/\\\/secure.gravatar.com\\\/avatar\\\/fdd21ad66fd8b98c407f9dee5b5e588cfe7f0d8579ec20fa6527cd59bab7f0f0?s=96&d=mm&r=g\",\"caption\":\"Staff\"},\"url\":\"https:\\\/\\\/www.bbmnoticias.com\\\/labravaradiofm\\\/author\\\/redaccion\\\/\"}]}<\/script>\n<!-- \/ Yoast SEO plugin. -->","yoast_head_json":{"title":"Tensi\u00f3n en Los Chimalapas por movilizaci\u00f3n de comuneros de San Miguel Chimalapa - LA BRAVA RADIO","robots":{"index":"index","follow":"follow","max-snippet":"max-snippet:-1","max-image-preview":"max-image-preview:large","max-video-preview":"max-video-preview:-1"},"canonical":"https:\/\/www.bbmnoticias.com\/tension-en-los-chimalapas-por-movilizacion-de-comuneros-de-san-miguel-chimalapa\/","og_locale":"es_MX","og_type":"article","og_title":"Tensi\u00f3n en Los Chimalapas por movilizaci\u00f3n de comuneros de San Miguel Chimalapa - LA BRAVA RADIO","og_description":"Oaxaca de Ju\u00e1rez, Oax., 4 de septiembre de 2026.\u2014 La disputa territorial entre Oaxaca y Chiapas elev\u00f3 este viernes la tensi\u00f3n en la zona oriente de Los Chimalapas, luego del anuncio de una movilizaci\u00f3n de comuneros de San Miguel Chimalapa hacia el ejido Gustavo D\u00edaz Ordaz. El Comit\u00e9 Nacional para la Defensa y Conservaci\u00f3n de [&hellip;]","og_url":"https:\/\/www.bbmnoticias.com\/tension-en-los-chimalapas-por-movilizacion-de-comuneros-de-san-miguel-chimalapa\/","og_site_name":"LA BRAVA RADIO","article_published_time":"2026-09-04T15:02:02+00:00","article_modified_time":"2026-09-04T15:02:05+00:00","og_image":[{"width":800,"height":440,"url":"https:\/\/www.bbmnoticias.com\/labravaradiofm\/wp-content\/uploads\/sites\/5\/2026\/09\/chimalapas_oaxaca.jpg","type":"image\/jpeg"}],"author":"Staff","twitter_card":"summary_large_image","twitter_misc":{"Escrito por":"Staff","Tiempo de lectura":"2 minutos"},"schema":{"@context":"https:\/\/schema.org","@graph":[{"@type":"Article","@id":"https:\/\/www.bbmnoticias.com\/tension-en-los-chimalapas-por-movilizacion-de-comuneros-de-san-miguel-chimalapa\/#article","isPartOf":{"@id":"https:\/\/www.bbmnoticias.com\/labravaradiofm\/2026\/09\/04\/tension-en-los-chimalapas-por-movilizacion-de-comuneros-de-san-miguel-chimalapa\/"},"author":{"name":"Staff","@id":"https:\/\/www.bbmnoticias.com\/labravaradiofm\/#\/schema\/person\/9eb037257fc48a09cdf31d9a2f45619f"},"headline":"Tensi\u00f3n en Los Chimalapas por movilizaci\u00f3n de comuneros de San Miguel Chimalapa","datePublished":"2026-09-04T15:02:02+00:00","dateModified":"2026-09-04T15:02:05+00:00","mainEntityOfPage":{"@id":"https:\/\/www.bbmnoticias.com\/labravaradiofm\/2026\/09\/04\/tension-en-los-chimalapas-por-movilizacion-de-comuneros-de-san-miguel-chimalapa\/"},"wordCount":440,"image":{"@id":"https:\/\/www.bbmnoticias.com\/tension-en-los-chimalapas-por-movilizacion-de-comuneros-de-san-miguel-chimalapa\/#primaryimage"},"thumbnailUrl":"https:\/\/www.bbmnoticias.com\/labravaradiofm\/wp-content\/uploads\/sites\/5\/2026\/09\/chimalapas_oaxaca.jpg","articleSection":["LOCAL"],"inLanguage":"es"},{"@type":"WebPage","@id":"https:\/\/www.bbmnoticias.com\/labravaradiofm\/2026\/09\/04\/tension-en-los-chimalapas-por-movilizacion-de-comuneros-de-san-miguel-chimalapa\/","url":"https:\/\/www.bbmnoticias.com\/tension-en-los-chimalapas-por-movilizacion-de-comuneros-de-san-miguel-chimalapa\/","name":"Tensi\u00f3n en Los Chimalapas por movilizaci\u00f3n de comuneros de San Miguel Chimalapa - LA BRAVA RADIO","isPartOf":{"@id":"https:\/\/www.bbmnoticias.com\/labravaradiofm\/#website"},"primaryImageOfPage":{"@id":"https:\/\/www.bbmnoticias.com\/tension-en-los-chimalapas-por-movilizacion-de-comuneros-de-san-miguel-chimalapa\/#primaryimage"},"image":{"@id":"https:\/\/www.bbmnoticias.com\/tension-en-los-chimalapas-por-movilizacion-de-comuneros-de-san-miguel-chimalapa\/#primaryimage"},"thumbnailUrl":"https:\/\/www.bbmnoticias.com\/labravaradiofm\/wp-content\/uploads\/sites\/5\/2026\/09\/chimalapas_oaxaca.jpg","datePublished":"2026-09-04T15:02:02+00:00","dateModified":"2026-09-04T15:02:05+00:00","author":{"@id":"https:\/\/www.bbmnoticias.com\/labravaradiofm\/#\/schema\/person\/9eb037257fc48a09cdf31d9a2f45619f"},"breadcrumb":{"@id":"https:\/\/www.bbmnoticias.com\/tension-en-los-chimalapas-por-movilizacion-de-comuneros-de-san-miguel-chimalapa\/#breadcrumb"},"inLanguage":"es","potentialAction":[{"@type":"ReadAction","target":["https:\/\/www.bbmnoticias.com\/tension-en-los-chimalapas-por-movilizacion-de-comuneros-de-san-miguel-chimalapa\/"]}]},{"@type":"ImageObject","inLanguage":"es","@id":"https:\/\/www.bbmnoticias.com\/tension-en-los-chimalapas-por-movilizacion-de-comuneros-de-san-miguel-chimalapa\/#primaryimage","url":"https:\/\/www.bbmnoticias.com\/labravaradiofm\/wp-content\/uploads\/sites\/5\/2026\/09\/chimalapas_oaxaca.jpg","contentUrl":"https:\/\/www.bbmnoticias.com\/labravaradiofm\/wp-content\/uploads\/sites\/5\/2026\/09\/chimalapas_oaxaca.jpg","width":800,"height":440},{"@type":"BreadcrumbList","@id":"https:\/\/www.bbmnoticias.com\/tension-en-los-chimalapas-por-movilizacion-de-comuneros-de-san-miguel-chimalapa\/#breadcrumb","itemListElement":[{"@type":"ListItem","position":1,"name":"Inicio","item":"https:\/\/www.bbmnoticias.com\/labravaradiofm\/"},{"@type":"ListItem","position":2,"name":"Tensi\u00f3n en Los Chimalapas por movilizaci\u00f3n de comuneros de San Miguel Chimalapa"}]},{"@type":"WebSite","@id":"https:\/\/www.bbmnoticias.com\/labravaradiofm\/#website","url":"https:\/\/www.bbmnoticias.com\/labravaradiofm\/","name":"LA BRAVA RADIO","description":"Empresa productora de medios, Radiodifusi\u00f3n, Noticias, tendencias y todo lo que necesitas saber de la pol\u00edtica mexicana e internacional; entretenimiento, espect\u00e1culos, salud y mucho m\u00e1s.","potentialAction":[{"@type":"SearchAction","target":{"@type":"EntryPoint","urlTemplate":"https:\/\/www.bbmnoticias.com\/labravaradiofm\/?s={search_term_string}"},"query-input":{"@type":"PropertyValueSpecification","valueRequired":true,"valueName":"search_term_string"}}],"inLanguage":"es"},{"@type":"Person","@id":"https:\/\/www.bbmnoticias.com\/labravaradiofm\/#\/schema\/person\/9eb037257fc48a09cdf31d9a2f45619f","name":"Staff","image":{"@type":"ImageObject","inLanguage":"es","@id":"https:\/\/secure.gravatar.com\/avatar\/fdd21ad66fd8b98c407f9dee5b5e588cfe7f0d8579ec20fa6527cd59bab7f0f0?s=96&d=mm&r=g","url":"https:\/\/secure.gravatar.com\/avatar\/fdd21ad66fd8b98c407f9dee5b5e588cfe7f0d8579ec20fa6527cd59bab7f0f0?s=96&d=mm&r=g","contentUrl":"https:\/\/secure.gravatar.com\/avatar\/fdd21ad66fd8b98c407f9dee5b5e588cfe7f0d8579ec20fa6527cd59bab7f0f0?s=96&d=mm&r=g","caption":"Staff"},"url":"https:\/\/www.bbmnoticias.com\/labravaradiofm\/author\/redaccion\/"}]}},"_links":{"self":[{"href":"https:\/\/www.bbmnoticias.com\/labravaradiofm\/wp-json\/wp\/v2\/posts\/81469","targetHints":{"allow":["GET"]}}],"collection":[{"href":"https:\/\/www.bbmnoticias.com\/labravaradiofm\/wp-json\/wp\/v2\/posts"}],"about":[{"href":"https:\/\/www.bbmnoticias.com\/labravaradiofm\/wp-json\/wp\/v2\/types\/post"}],"author":[{"embeddable":true,"href":"https:\/\/www.bbmnoticias.com\/labravaradiofm\/wp-json\/wp\/v2\/users\/2"}],"replies":[{"embeddable":true,"href":"https:\/\/www.bbmnoticias.com\/labravaradiofm\/wp-json\/wp\/v2\/comments?post=81469"}],"version-history":[{"count":1,"href":"https:\/\/www.bbmnoticias.com\/labravaradiofm\/wp-json\/wp\/v2\/posts\/81469\/revisions"}],"predecessor-version":[{"id":81470,"href":"https:\/\/www.bbmnoticias.com\/labravaradiofm\/wp-json\/wp\/v2\/posts\/81469\/revisions\/81470"}],"wp:featuredmedia":[{"embeddable":true,"href":"https:\/\/www.bbmnoticias.com\/labravaradiofm\/wp-json\/wp\/v2\/media\/81471"}],"wp:attachment":[{"href":"https:\/\/www.bbmnoticias.com\/labravaradiofm\/wp-json\/wp\/v2\/media?parent=81469"}],"wp:term":[{"taxonomy":"category","embeddable":true,"href":"https:\/\/www.bbmnoticias.com\/labravaradiofm\/wp-json\/wp\/v2\/categories?post=81469"},{"taxonomy":"post_tag","embeddable":true,"href":"https:\/\/www.bbmnoticias.com\/labravaradiofm\/wp-json\/wp\/v2\/tags?post=81469"}],"curies":[{"name":"wp","href":"https:\/\/api.w.org\/{rel}","templated":true}]}}