{"id":81466,"date":"2026-09-04T08:33:03","date_gmt":"2026-09-04T14:33:03","guid":{"rendered":"https:\/\/www.bbmnoticias.com\/labravaradiofm\/2026\/09\/04\/detienen-a-hombre-senalado-como-probable-responsable-de-feminicidio-ocurrido-en-reyes-etla\/"},"modified":"2026-09-04T08:33:06","modified_gmt":"2026-09-04T14:33:06","slug":"detienen-a-hombre-senalado-como-probable-responsable-de-feminicidio-ocurrido-en-reyes-etla","status":"publish","type":"post","link":"https:\/\/www.bbmnoticias.com\/labravaradiofm\/2026\/09\/04\/detienen-a-hombre-senalado-como-probable-responsable-de-feminicidio-ocurrido-en-reyes-etla\/","title":{"rendered":"Detienen a hombre se\u00f1alado como probable responsable de feminicidio ocurrido en Reyes Etla"},"content":{"rendered":"\n<p class=\"wp-block-paragraph\"><strong>Oaxaca de Ju\u00e1rez, Oax.<\/strong>\u2014 La Fiscal\u00eda General del Estado de Oaxaca (FGEO) inform\u00f3 sobre la ejecuci\u00f3n de una orden de aprehensi\u00f3n contra un hombre identificado con las iniciales <strong>C.C.C.<\/strong>, se\u00f1alado como probable responsable del delito de feminicidio cometido en el Valle de Etla.<\/p>\n\n\n\n<p class=\"wp-block-paragraph\">De acuerdo con la informaci\u00f3n oficial, los hechos se remontan al <strong>28 de octubre de 2018<\/strong>, cuando fue localizado el cuerpo sin vida de una mujer en el paraje conocido como <em>El Escobal<\/em>, en el municipio de <strong>Reyes Etla<\/strong>.<\/p>\n\n\n\n<p class=\"wp-block-paragraph\">Como parte de las investigaciones, se realizaron estudios periciales y la necropsia correspondiente, mediante los cuales se determin\u00f3 que la causa de muerte fue <strong>asfixia por estrangulaci\u00f3n manual<\/strong>.<\/p>\n\n\n\n<p class=\"wp-block-paragraph\">La FGEO se\u00f1al\u00f3 que, a trav\u00e9s de la Vicefiscal\u00eda General de Control Regional, desarroll\u00f3 investigaciones especializadas y con perspectiva de g\u00e9nero para esclarecer los hechos y determinar las posibles responsabilidades.<\/p>\n\n\n\n<p class=\"wp-block-paragraph\">Como resultado de las diligencias, un juez otorg\u00f3 una orden de aprehensi\u00f3n contra C.C.C., misma que fue cumplimentada por elementos de la Agencia Estatal de Investigaciones tras realizar labores de b\u00fasqueda y localizaci\u00f3n.<\/p>\n\n\n\n<p class=\"wp-block-paragraph\">El detenido qued\u00f3 a disposici\u00f3n de la autoridad judicial correspondiente, que ser\u00e1 la encargada de determinar su situaci\u00f3n jur\u00eddica conforme al debido proceso.<\/p>\n\n\n\n<p class=\"wp-block-paragraph\"><strong>La persona se\u00f1alada debe ser considerada inocente mientras no exista una resoluci\u00f3n judicial firme que determine su responsabilidad.<\/strong><\/p>\n\n\n\n<p class=\"wp-block-paragraph\"><\/p>\n","protected":false},"excerpt":{"rendered":"<p>Oaxaca de Ju\u00e1rez, Oax.\u2014 La Fiscal\u00eda General del Estado de Oaxaca (FGEO) inform\u00f3 sobre la ejecuci\u00f3n de una orden de aprehensi\u00f3n contra un hombre identificado con las iniciales C.C.C., se\u00f1alado como probable responsable del delito de feminicidio cometido en el Valle de Etla. De acuerdo con la informaci\u00f3n oficial, los hechos se remontan al 28 [&hellip;]<\/p>\n","protected":false},"author":2,"featured_media":81468,"comment_status":"closed","ping_status":"open","sticky":false,"template":"","format":"standard","meta":{"footnotes":""},"categories":[2,20],"tags":[],"class_list":["post-81466","post","type-post","status-publish","format-standard","has-post-thumbnail","hentry","category-oaxaca","category-policiaca"],"yoast_head":"<!-- This site is optimized with the Yoast SEO plugin v28.1 - https:\/\/yoast.com\/product\/yoast-seo-wordpress\/ -->\n<title>Detienen a hombre se\u00f1alado como probable responsable de feminicidio ocurrido en Reyes Etla - LA BRAVA RADIO<\/title>\n<meta name=\"robots\" content=\"index, follow, max-snippet:-1, max-image-preview:large, max-video-preview:-1\" \/>\n<link rel=\"canonical\" href=\"https:\/\/www.bbmnoticias.com\/detienen-a-hombre-senalado-como-probable-responsable-de-feminicidio-ocurrido-en-reyes-etla\/\" \/>\n<meta property=\"og:locale\" content=\"es_MX\" \/>\n<meta property=\"og:type\" content=\"article\" \/>\n<meta property=\"og:title\" content=\"Detienen a hombre se\u00f1alado como probable responsable de feminicidio ocurrido en Reyes Etla - LA BRAVA RADIO\" \/>\n<meta property=\"og:description\" content=\"Oaxaca de Ju\u00e1rez, Oax.\u2014 La Fiscal\u00eda General del Estado de Oaxaca (FGEO) inform\u00f3 sobre la ejecuci\u00f3n de una orden de aprehensi\u00f3n contra un hombre identificado con las iniciales C.C.C., se\u00f1alado como probable responsable del delito de feminicidio cometido en el Valle de Etla. De acuerdo con la informaci\u00f3n oficial, los hechos se remontan al 28 [&hellip;]\" \/>\n<meta property=\"og:url\" content=\"https:\/\/www.bbmnoticias.com\/detienen-a-hombre-senalado-como-probable-responsable-de-feminicidio-ocurrido-en-reyes-etla\/\" \/>\n<meta property=\"og:site_name\" content=\"LA BRAVA RADIO\" \/>\n<meta property=\"article:published_time\" content=\"2026-09-04T14:33:03+00:00\" \/>\n<meta property=\"article:modified_time\" content=\"2026-09-04T14:33:06+00:00\" \/>\n<meta property=\"og:image\" content=\"https:\/\/www.bbmnoticias.com\/labravaradiofm\/wp-content\/uploads\/sites\/5\/2026\/09\/presunto_agresor-3.jpg\" \/>\n\t<meta property=\"og:image:width\" content=\"800\" \/>\n\t<meta property=\"og:image:height\" content=\"450\" \/>\n\t<meta property=\"og:image:type\" content=\"image\/jpeg\" \/>\n<meta name=\"author\" content=\"Staff\" \/>\n<meta name=\"twitter:card\" content=\"summary_large_image\" \/>\n<meta name=\"twitter:label1\" content=\"Escrito por\" \/>\n\t<meta name=\"twitter:data1\" content=\"Staff\" \/>\n\t<meta name=\"twitter:label2\" content=\"Tiempo de lectura\" \/>\n\t<meta name=\"twitter:data2\" content=\"1 minuto\" \/>\n<script type=\"application\/ld+json\" class=\"yoast-schema-graph\">{\"@context\":\"https:\\\/\\\/schema.org\",\"@graph\":[{\"@type\":\"Article\",\"@id\":\"https:\\\/\\\/www.bbmnoticias.com\\\/detienen-a-hombre-senalado-como-probable-responsable-de-feminicidio-ocurrido-en-reyes-etla\\\/#article\",\"isPartOf\":{\"@id\":\"https:\\\/\\\/www.bbmnoticias.com\\\/labravaradiofm\\\/2026\\\/09\\\/04\\\/detienen-a-hombre-senalado-como-probable-responsable-de-feminicidio-ocurrido-en-reyes-etla\\\/\"},\"author\":{\"name\":\"Staff\",\"@id\":\"https:\\\/\\\/www.bbmnoticias.com\\\/labravaradiofm\\\/#\\\/schema\\\/person\\\/9eb037257fc48a09cdf31d9a2f45619f\"},\"headline\":\"Detienen a hombre se\u00f1alado como probable responsable de feminicidio ocurrido en Reyes Etla\",\"datePublished\":\"2026-09-04T14:33:03+00:00\",\"dateModified\":\"2026-09-04T14:33:06+00:00\",\"mainEntityOfPage\":{\"@id\":\"https:\\\/\\\/www.bbmnoticias.com\\\/labravaradiofm\\\/2026\\\/09\\\/04\\\/detienen-a-hombre-senalado-como-probable-responsable-de-feminicidio-ocurrido-en-reyes-etla\\\/\"},\"wordCount\":249,\"image\":{\"@id\":\"https:\\\/\\\/www.bbmnoticias.com\\\/detienen-a-hombre-senalado-como-probable-responsable-de-feminicidio-ocurrido-en-reyes-etla\\\/#primaryimage\"},\"thumbnailUrl\":\"https:\\\/\\\/www.bbmnoticias.com\\\/labravaradiofm\\\/wp-content\\\/uploads\\\/sites\\\/5\\\/2026\\\/09\\\/presunto_agresor-3.jpg\",\"articleSection\":[\"LOCAL\",\"POLICIACA\"],\"inLanguage\":\"es\"},{\"@type\":\"WebPage\",\"@id\":\"https:\\\/\\\/www.bbmnoticias.com\\\/labravaradiofm\\\/2026\\\/09\\\/04\\\/detienen-a-hombre-senalado-como-probable-responsable-de-feminicidio-ocurrido-en-reyes-etla\\\/\",\"url\":\"https:\\\/\\\/www.bbmnoticias.com\\\/detienen-a-hombre-senalado-como-probable-responsable-de-feminicidio-ocurrido-en-reyes-etla\\\/\",\"name\":\"Detienen a hombre se\u00f1alado como probable responsable de feminicidio ocurrido en Reyes Etla - LA BRAVA RADIO\",\"isPartOf\":{\"@id\":\"https:\\\/\\\/www.bbmnoticias.com\\\/labravaradiofm\\\/#website\"},\"primaryImageOfPage\":{\"@id\":\"https:\\\/\\\/www.bbmnoticias.com\\\/detienen-a-hombre-senalado-como-probable-responsable-de-feminicidio-ocurrido-en-reyes-etla\\\/#primaryimage\"},\"image\":{\"@id\":\"https:\\\/\\\/www.bbmnoticias.com\\\/detienen-a-hombre-senalado-como-probable-responsable-de-feminicidio-ocurrido-en-reyes-etla\\\/#primaryimage\"},\"thumbnailUrl\":\"https:\\\/\\\/www.bbmnoticias.com\\\/labravaradiofm\\\/wp-content\\\/uploads\\\/sites\\\/5\\\/2026\\\/09\\\/presunto_agresor-3.jpg\",\"datePublished\":\"2026-09-04T14:33:03+00:00\",\"dateModified\":\"2026-09-04T14:33:06+00:00\",\"author\":{\"@id\":\"https:\\\/\\\/www.bbmnoticias.com\\\/labravaradiofm\\\/#\\\/schema\\\/person\\\/9eb037257fc48a09cdf31d9a2f45619f\"},\"breadcrumb\":{\"@id\":\"https:\\\/\\\/www.bbmnoticias.com\\\/detienen-a-hombre-senalado-como-probable-responsable-de-feminicidio-ocurrido-en-reyes-etla\\\/#breadcrumb\"},\"inLanguage\":\"es\",\"potentialAction\":[{\"@type\":\"ReadAction\",\"target\":[\"https:\\\/\\\/www.bbmnoticias.com\\\/detienen-a-hombre-senalado-como-probable-responsable-de-feminicidio-ocurrido-en-reyes-etla\\\/\"]}]},{\"@type\":\"ImageObject\",\"inLanguage\":\"es\",\"@id\":\"https:\\\/\\\/www.bbmnoticias.com\\\/detienen-a-hombre-senalado-como-probable-responsable-de-feminicidio-ocurrido-en-reyes-etla\\\/#primaryimage\",\"url\":\"https:\\\/\\\/www.bbmnoticias.com\\\/labravaradiofm\\\/wp-content\\\/uploads\\\/sites\\\/5\\\/2026\\\/09\\\/presunto_agresor-3.jpg\",\"contentUrl\":\"https:\\\/\\\/www.bbmnoticias.com\\\/labravaradiofm\\\/wp-content\\\/uploads\\\/sites\\\/5\\\/2026\\\/09\\\/presunto_agresor-3.jpg\",\"width\":800,\"height\":450},{\"@type\":\"BreadcrumbList\",\"@id\":\"https:\\\/\\\/www.bbmnoticias.com\\\/detienen-a-hombre-senalado-como-probable-responsable-de-feminicidio-ocurrido-en-reyes-etla\\\/#breadcrumb\",\"itemListElement\":[{\"@type\":\"ListItem\",\"position\":1,\"name\":\"Inicio\",\"item\":\"https:\\\/\\\/www.bbmnoticias.com\\\/labravaradiofm\\\/\"},{\"@type\":\"ListItem\",\"position\":2,\"name\":\"Detienen a hombre se\u00f1alado como probable responsable de feminicidio ocurrido en Reyes Etla\"}]},{\"@type\":\"WebSite\",\"@id\":\"https:\\\/\\\/www.bbmnoticias.com\\\/labravaradiofm\\\/#website\",\"url\":\"https:\\\/\\\/www.bbmnoticias.com\\\/labravaradiofm\\\/\",\"name\":\"LA BRAVA RADIO\",\"description\":\"Empresa productora de medios, Radiodifusi\u00f3n, Noticias, tendencias y todo lo que necesitas saber de la pol\u00edtica mexicana e internacional; entretenimiento, espect\u00e1culos, salud y mucho m\u00e1s.\",\"potentialAction\":[{\"@type\":\"SearchAction\",\"target\":{\"@type\":\"EntryPoint\",\"urlTemplate\":\"https:\\\/\\\/www.bbmnoticias.com\\\/labravaradiofm\\\/?s={search_term_string}\"},\"query-input\":{\"@type\":\"PropertyValueSpecification\",\"valueRequired\":true,\"valueName\":\"search_term_string\"}}],\"inLanguage\":\"es\"},{\"@type\":\"Person\",\"@id\":\"https:\\\/\\\/www.bbmnoticias.com\\\/labravaradiofm\\\/#\\\/schema\\\/person\\\/9eb037257fc48a09cdf31d9a2f45619f\",\"name\":\"Staff\",\"image\":{\"@type\":\"ImageObject\",\"inLanguage\":\"es\",\"@id\":\"https:\\\/\\\/secure.gravatar.com\\\/avatar\\\/fdd21ad66fd8b98c407f9dee5b5e588cfe7f0d8579ec20fa6527cd59bab7f0f0?s=96&d=mm&r=g\",\"url\":\"https:\\\/\\\/secure.gravatar.com\\\/avatar\\\/fdd21ad66fd8b98c407f9dee5b5e588cfe7f0d8579ec20fa6527cd59bab7f0f0?s=96&d=mm&r=g\",\"contentUrl\":\"https:\\\/\\\/secure.gravatar.com\\\/avatar\\\/fdd21ad66fd8b98c407f9dee5b5e588cfe7f0d8579ec20fa6527cd59bab7f0f0?s=96&d=mm&r=g\",\"caption\":\"Staff\"},\"url\":\"https:\\\/\\\/www.bbmnoticias.com\\\/labravaradiofm\\\/author\\\/redaccion\\\/\"}]}<\/script>\n<!-- \/ Yoast SEO plugin. -->","yoast_head_json":{"title":"Detienen a hombre se\u00f1alado como probable responsable de feminicidio ocurrido en Reyes Etla - LA BRAVA RADIO","robots":{"index":"index","follow":"follow","max-snippet":"max-snippet:-1","max-image-preview":"max-image-preview:large","max-video-preview":"max-video-preview:-1"},"canonical":"https:\/\/www.bbmnoticias.com\/detienen-a-hombre-senalado-como-probable-responsable-de-feminicidio-ocurrido-en-reyes-etla\/","og_locale":"es_MX","og_type":"article","og_title":"Detienen a hombre se\u00f1alado como probable responsable de feminicidio ocurrido en Reyes Etla - LA BRAVA RADIO","og_description":"Oaxaca de Ju\u00e1rez, Oax.\u2014 La Fiscal\u00eda General del Estado de Oaxaca (FGEO) inform\u00f3 sobre la ejecuci\u00f3n de una orden de aprehensi\u00f3n contra un hombre identificado con las iniciales C.C.C., se\u00f1alado como probable responsable del delito de feminicidio cometido en el Valle de Etla. De acuerdo con la informaci\u00f3n oficial, los hechos se remontan al 28 [&hellip;]","og_url":"https:\/\/www.bbmnoticias.com\/detienen-a-hombre-senalado-como-probable-responsable-de-feminicidio-ocurrido-en-reyes-etla\/","og_site_name":"LA BRAVA RADIO","article_published_time":"2026-09-04T14:33:03+00:00","article_modified_time":"2026-09-04T14:33:06+00:00","og_image":[{"width":800,"height":450,"url":"https:\/\/www.bbmnoticias.com\/labravaradiofm\/wp-content\/uploads\/sites\/5\/2026\/09\/presunto_agresor-3.jpg","type":"image\/jpeg"}],"author":"Staff","twitter_card":"summary_large_image","twitter_misc":{"Escrito por":"Staff","Tiempo de lectura":"1 minuto"},"schema":{"@context":"https:\/\/schema.org","@graph":[{"@type":"Article","@id":"https:\/\/www.bbmnoticias.com\/detienen-a-hombre-senalado-como-probable-responsable-de-feminicidio-ocurrido-en-reyes-etla\/#article","isPartOf":{"@id":"https:\/\/www.bbmnoticias.com\/labravaradiofm\/2026\/09\/04\/detienen-a-hombre-senalado-como-probable-responsable-de-feminicidio-ocurrido-en-reyes-etla\/"},"author":{"name":"Staff","@id":"https:\/\/www.bbmnoticias.com\/labravaradiofm\/#\/schema\/person\/9eb037257fc48a09cdf31d9a2f45619f"},"headline":"Detienen a hombre se\u00f1alado como probable responsable de feminicidio ocurrido en Reyes Etla","datePublished":"2026-09-04T14:33:03+00:00","dateModified":"2026-09-04T14:33:06+00:00","mainEntityOfPage":{"@id":"https:\/\/www.bbmnoticias.com\/labravaradiofm\/2026\/09\/04\/detienen-a-hombre-senalado-como-probable-responsable-de-feminicidio-ocurrido-en-reyes-etla\/"},"wordCount":249,"image":{"@id":"https:\/\/www.bbmnoticias.com\/detienen-a-hombre-senalado-como-probable-responsable-de-feminicidio-ocurrido-en-reyes-etla\/#primaryimage"},"thumbnailUrl":"https:\/\/www.bbmnoticias.com\/labravaradiofm\/wp-content\/uploads\/sites\/5\/2026\/09\/presunto_agresor-3.jpg","articleSection":["LOCAL","POLICIACA"],"inLanguage":"es"},{"@type":"WebPage","@id":"https:\/\/www.bbmnoticias.com\/labravaradiofm\/2026\/09\/04\/detienen-a-hombre-senalado-como-probable-responsable-de-feminicidio-ocurrido-en-reyes-etla\/","url":"https:\/\/www.bbmnoticias.com\/detienen-a-hombre-senalado-como-probable-responsable-de-feminicidio-ocurrido-en-reyes-etla\/","name":"Detienen a hombre se\u00f1alado como probable responsable de feminicidio ocurrido en Reyes Etla - LA BRAVA RADIO","isPartOf":{"@id":"https:\/\/www.bbmnoticias.com\/labravaradiofm\/#website"},"primaryImageOfPage":{"@id":"https:\/\/www.bbmnoticias.com\/detienen-a-hombre-senalado-como-probable-responsable-de-feminicidio-ocurrido-en-reyes-etla\/#primaryimage"},"image":{"@id":"https:\/\/www.bbmnoticias.com\/detienen-a-hombre-senalado-como-probable-responsable-de-feminicidio-ocurrido-en-reyes-etla\/#primaryimage"},"thumbnailUrl":"https:\/\/www.bbmnoticias.com\/labravaradiofm\/wp-content\/uploads\/sites\/5\/2026\/09\/presunto_agresor-3.jpg","datePublished":"2026-09-04T14:33:03+00:00","dateModified":"2026-09-04T14:33:06+00:00","author":{"@id":"https:\/\/www.bbmnoticias.com\/labravaradiofm\/#\/schema\/person\/9eb037257fc48a09cdf31d9a2f45619f"},"breadcrumb":{"@id":"https:\/\/www.bbmnoticias.com\/detienen-a-hombre-senalado-como-probable-responsable-de-feminicidio-ocurrido-en-reyes-etla\/#breadcrumb"},"inLanguage":"es","potentialAction":[{"@type":"ReadAction","target":["https:\/\/www.bbmnoticias.com\/detienen-a-hombre-senalado-como-probable-responsable-de-feminicidio-ocurrido-en-reyes-etla\/"]}]},{"@type":"ImageObject","inLanguage":"es","@id":"https:\/\/www.bbmnoticias.com\/detienen-a-hombre-senalado-como-probable-responsable-de-feminicidio-ocurrido-en-reyes-etla\/#primaryimage","url":"https:\/\/www.bbmnoticias.com\/labravaradiofm\/wp-content\/uploads\/sites\/5\/2026\/09\/presunto_agresor-3.jpg","contentUrl":"https:\/\/www.bbmnoticias.com\/labravaradiofm\/wp-content\/uploads\/sites\/5\/2026\/09\/presunto_agresor-3.jpg","width":800,"height":450},{"@type":"BreadcrumbList","@id":"https:\/\/www.bbmnoticias.com\/detienen-a-hombre-senalado-como-probable-responsable-de-feminicidio-ocurrido-en-reyes-etla\/#breadcrumb","itemListElement":[{"@type":"ListItem","position":1,"name":"Inicio","item":"https:\/\/www.bbmnoticias.com\/labravaradiofm\/"},{"@type":"ListItem","position":2,"name":"Detienen a hombre se\u00f1alado como probable responsable de feminicidio ocurrido en Reyes Etla"}]},{"@type":"WebSite","@id":"https:\/\/www.bbmnoticias.com\/labravaradiofm\/#website","url":"https:\/\/www.bbmnoticias.com\/labravaradiofm\/","name":"LA BRAVA RADIO","description":"Empresa productora de medios, Radiodifusi\u00f3n, Noticias, tendencias y todo lo que necesitas saber de la pol\u00edtica mexicana e internacional; entretenimiento, espect\u00e1culos, salud y mucho m\u00e1s.","potentialAction":[{"@type":"SearchAction","target":{"@type":"EntryPoint","urlTemplate":"https:\/\/www.bbmnoticias.com\/labravaradiofm\/?s={search_term_string}"},"query-input":{"@type":"PropertyValueSpecification","valueRequired":true,"valueName":"search_term_string"}}],"inLanguage":"es"},{"@type":"Person","@id":"https:\/\/www.bbmnoticias.com\/labravaradiofm\/#\/schema\/person\/9eb037257fc48a09cdf31d9a2f45619f","name":"Staff","image":{"@type":"ImageObject","inLanguage":"es","@id":"https:\/\/secure.gravatar.com\/avatar\/fdd21ad66fd8b98c407f9dee5b5e588cfe7f0d8579ec20fa6527cd59bab7f0f0?s=96&d=mm&r=g","url":"https:\/\/secure.gravatar.com\/avatar\/fdd21ad66fd8b98c407f9dee5b5e588cfe7f0d8579ec20fa6527cd59bab7f0f0?s=96&d=mm&r=g","contentUrl":"https:\/\/secure.gravatar.com\/avatar\/fdd21ad66fd8b98c407f9dee5b5e588cfe7f0d8579ec20fa6527cd59bab7f0f0?s=96&d=mm&r=g","caption":"Staff"},"url":"https:\/\/www.bbmnoticias.com\/labravaradiofm\/author\/redaccion\/"}]}},"_links":{"self":[{"href":"https:\/\/www.bbmnoticias.com\/labravaradiofm\/wp-json\/wp\/v2\/posts\/81466","targetHints":{"allow":["GET"]}}],"collection":[{"href":"https:\/\/www.bbmnoticias.com\/labravaradiofm\/wp-json\/wp\/v2\/posts"}],"about":[{"href":"https:\/\/www.bbmnoticias.com\/labravaradiofm\/wp-json\/wp\/v2\/types\/post"}],"author":[{"embeddable":true,"href":"https:\/\/www.bbmnoticias.com\/labravaradiofm\/wp-json\/wp\/v2\/users\/2"}],"replies":[{"embeddable":true,"href":"https:\/\/www.bbmnoticias.com\/labravaradiofm\/wp-json\/wp\/v2\/comments?post=81466"}],"version-history":[{"count":1,"href":"https:\/\/www.bbmnoticias.com\/labravaradiofm\/wp-json\/wp\/v2\/posts\/81466\/revisions"}],"predecessor-version":[{"id":81467,"href":"https:\/\/www.bbmnoticias.com\/labravaradiofm\/wp-json\/wp\/v2\/posts\/81466\/revisions\/81467"}],"wp:featuredmedia":[{"embeddable":true,"href":"https:\/\/www.bbmnoticias.com\/labravaradiofm\/wp-json\/wp\/v2\/media\/81468"}],"wp:attachment":[{"href":"https:\/\/www.bbmnoticias.com\/labravaradiofm\/wp-json\/wp\/v2\/media?parent=81466"}],"wp:term":[{"taxonomy":"category","embeddable":true,"href":"https:\/\/www.bbmnoticias.com\/labravaradiofm\/wp-json\/wp\/v2\/categories?post=81466"},{"taxonomy":"post_tag","embeddable":true,"href":"https:\/\/www.bbmnoticias.com\/labravaradiofm\/wp-json\/wp\/v2\/tags?post=81466"}],"curies":[{"name":"wp","href":"https:\/\/api.w.org\/{rel}","templated":true}]}}