{"id":81460,"date":"2026-09-03T19:43:50","date_gmt":"2026-09-04T01:43:50","guid":{"rendered":"https:\/\/www.bbmnoticias.com\/labravaradiofm\/2026\/09\/03\/aclaran-que-imagen-que-circula-con-el-nombre-de-rodolfo-leon-aragon-no-corresponde-a-una-propuesta-partidista\/"},"modified":"2026-09-03T19:43:52","modified_gmt":"2026-09-04T01:43:52","slug":"aclaran-que-imagen-que-circula-con-el-nombre-de-rodolfo-leon-aragon-no-corresponde-a-una-propuesta-partidista","status":"publish","type":"post","link":"https:\/\/www.bbmnoticias.com\/labravaradiofm\/2026\/09\/03\/aclaran-que-imagen-que-circula-con-el-nombre-de-rodolfo-leon-aragon-no-corresponde-a-una-propuesta-partidista\/","title":{"rendered":"Aclaran que imagen que circula con el nombre de Rodolfo Le\u00f3n Arag\u00f3n no corresponde a una propuesta partidista"},"content":{"rendered":"\n<p class=\"wp-block-paragraph\">Salina Cruz, Oaxaca. Ante la circulaci\u00f3n en redes sociales de una imagen con el nombre del Lic. Rodolfo Le\u00f3n Arag\u00f3n, se ha se\u00f1alado que dicho material no corresponde a una propuesta oficial ni representa alg\u00fan color o identidad partidista atribuible al tambi\u00e9n ex presidente municipal.<\/p>\n\n\n\n<p class=\"wp-block-paragraph\">De acuerdo con la aclaraci\u00f3n difundida, Le\u00f3n Arag\u00f3n manifest\u00f3 respeto por la ideolog\u00eda y los colores de los partidos pol\u00edticos, por lo que rechaz\u00f3 que la imagen que circula pueda ser tomada como una definici\u00f3n partidista o como una propuesta respaldada formalmente por alguna organizaci\u00f3n pol\u00edtica.<\/p>\n\n\n\n<p class=\"wp-block-paragraph\">Asimismo, se advirti\u00f3 que diversas p\u00e1ginas y perfiles en redes sociales est\u00e1n utilizando su nombre para difundir dicho contenido, situaci\u00f3n que, seg\u00fan la postura expresada, podr\u00eda generar confusi\u00f3n entre la ciudadan\u00eda de Salina Cruz respecto a su origen y significado.<\/p>\n\n\n\n<p class=\"wp-block-paragraph\">Por ello, se hizo un llamado a la poblaci\u00f3n a verificar la procedencia de cualquier publicaci\u00f3n antes de compartirla, particularmente aquellas que utilicen nombres, fotograf\u00edas o elementos gr\u00e1ficos de personajes p\u00fablicos sin se\u00f1alar claramente su fuente.<\/p>\n\n\n\n<p class=\"wp-block-paragraph\"><\/p>\n","protected":false},"excerpt":{"rendered":"<p>Salina Cruz, Oaxaca. Ante la circulaci\u00f3n en redes sociales de una imagen con el nombre del Lic. Rodolfo Le\u00f3n Arag\u00f3n, se ha se\u00f1alado que dicho material no corresponde a una propuesta oficial ni representa alg\u00fan color o identidad partidista atribuible al tambi\u00e9n ex presidente municipal. De acuerdo con la aclaraci\u00f3n difundida, Le\u00f3n Arag\u00f3n manifest\u00f3 respeto [&hellip;]<\/p>\n","protected":false},"author":2,"featured_media":81462,"comment_status":"closed","ping_status":"open","sticky":false,"template":"","format":"standard","meta":{"footnotes":""},"categories":[2],"tags":[],"class_list":["post-81460","post","type-post","status-publish","format-standard","has-post-thumbnail","hentry","category-oaxaca"],"yoast_head":"<!-- This site is optimized with the Yoast SEO plugin v28.1 - https:\/\/yoast.com\/product\/yoast-seo-wordpress\/ -->\n<title>Aclaran que imagen que circula con el nombre de Rodolfo Le\u00f3n Arag\u00f3n no corresponde a una propuesta partidista - LA BRAVA RADIO<\/title>\n<meta name=\"robots\" content=\"index, follow, max-snippet:-1, max-image-preview:large, max-video-preview:-1\" \/>\n<link rel=\"canonical\" href=\"https:\/\/www.bbmnoticias.com\/aclaran-que-imagen-que-circula-con-el-nombre-de-rodolfo-leon-aragon-no-corresponde-a-una-propuesta-partidista\/\" \/>\n<meta property=\"og:locale\" content=\"es_MX\" \/>\n<meta property=\"og:type\" content=\"article\" \/>\n<meta property=\"og:title\" content=\"Aclaran que imagen que circula con el nombre de Rodolfo Le\u00f3n Arag\u00f3n no corresponde a una propuesta partidista - LA BRAVA RADIO\" \/>\n<meta property=\"og:description\" content=\"Salina Cruz, Oaxaca. Ante la circulaci\u00f3n en redes sociales de una imagen con el nombre del Lic. Rodolfo Le\u00f3n Arag\u00f3n, se ha se\u00f1alado que dicho material no corresponde a una propuesta oficial ni representa alg\u00fan color o identidad partidista atribuible al tambi\u00e9n ex presidente municipal. De acuerdo con la aclaraci\u00f3n difundida, Le\u00f3n Arag\u00f3n manifest\u00f3 respeto [&hellip;]\" \/>\n<meta property=\"og:url\" content=\"https:\/\/www.bbmnoticias.com\/aclaran-que-imagen-que-circula-con-el-nombre-de-rodolfo-leon-aragon-no-corresponde-a-una-propuesta-partidista\/\" \/>\n<meta property=\"og:site_name\" content=\"LA BRAVA RADIO\" \/>\n<meta property=\"article:published_time\" content=\"2026-09-04T01:43:50+00:00\" \/>\n<meta property=\"article:modified_time\" content=\"2026-09-04T01:43:52+00:00\" \/>\n<meta property=\"og:image\" content=\"https:\/\/www.bbmnoticias.com\/labravaradiofm\/wp-content\/uploads\/sites\/5\/2026\/09\/coco_leon.jpg\" \/>\n\t<meta property=\"og:image:width\" content=\"800\" \/>\n\t<meta property=\"og:image:height\" content=\"450\" \/>\n\t<meta property=\"og:image:type\" content=\"image\/jpeg\" \/>\n<meta name=\"author\" content=\"Staff\" \/>\n<meta name=\"twitter:card\" content=\"summary_large_image\" \/>\n<meta name=\"twitter:label1\" content=\"Escrito por\" \/>\n\t<meta name=\"twitter:data1\" content=\"Staff\" \/>\n\t<meta name=\"twitter:label2\" content=\"Tiempo de lectura\" \/>\n\t<meta name=\"twitter:data2\" content=\"1 minuto\" \/>\n<script type=\"application\/ld+json\" class=\"yoast-schema-graph\">{\"@context\":\"https:\\\/\\\/schema.org\",\"@graph\":[{\"@type\":\"Article\",\"@id\":\"https:\\\/\\\/www.bbmnoticias.com\\\/aclaran-que-imagen-que-circula-con-el-nombre-de-rodolfo-leon-aragon-no-corresponde-a-una-propuesta-partidista\\\/#article\",\"isPartOf\":{\"@id\":\"https:\\\/\\\/www.bbmnoticias.com\\\/labravaradiofm\\\/2026\\\/09\\\/03\\\/aclaran-que-imagen-que-circula-con-el-nombre-de-rodolfo-leon-aragon-no-corresponde-a-una-propuesta-partidista\\\/\"},\"author\":{\"name\":\"Staff\",\"@id\":\"https:\\\/\\\/www.bbmnoticias.com\\\/labravaradiofm\\\/#\\\/schema\\\/person\\\/9eb037257fc48a09cdf31d9a2f45619f\"},\"headline\":\"Aclaran que imagen que circula con el nombre de Rodolfo Le\u00f3n Arag\u00f3n no corresponde a una propuesta partidista\",\"datePublished\":\"2026-09-04T01:43:50+00:00\",\"dateModified\":\"2026-09-04T01:43:52+00:00\",\"mainEntityOfPage\":{\"@id\":\"https:\\\/\\\/www.bbmnoticias.com\\\/labravaradiofm\\\/2026\\\/09\\\/03\\\/aclaran-que-imagen-que-circula-con-el-nombre-de-rodolfo-leon-aragon-no-corresponde-a-una-propuesta-partidista\\\/\"},\"wordCount\":214,\"image\":{\"@id\":\"https:\\\/\\\/www.bbmnoticias.com\\\/aclaran-que-imagen-que-circula-con-el-nombre-de-rodolfo-leon-aragon-no-corresponde-a-una-propuesta-partidista\\\/#primaryimage\"},\"thumbnailUrl\":\"https:\\\/\\\/www.bbmnoticias.com\\\/labravaradiofm\\\/wp-content\\\/uploads\\\/sites\\\/5\\\/2026\\\/09\\\/coco_leon.jpg\",\"articleSection\":[\"LOCAL\"],\"inLanguage\":\"es\"},{\"@type\":\"WebPage\",\"@id\":\"https:\\\/\\\/www.bbmnoticias.com\\\/labravaradiofm\\\/2026\\\/09\\\/03\\\/aclaran-que-imagen-que-circula-con-el-nombre-de-rodolfo-leon-aragon-no-corresponde-a-una-propuesta-partidista\\\/\",\"url\":\"https:\\\/\\\/www.bbmnoticias.com\\\/aclaran-que-imagen-que-circula-con-el-nombre-de-rodolfo-leon-aragon-no-corresponde-a-una-propuesta-partidista\\\/\",\"name\":\"Aclaran que imagen que circula con el nombre de Rodolfo Le\u00f3n Arag\u00f3n no corresponde a una propuesta partidista - LA BRAVA RADIO\",\"isPartOf\":{\"@id\":\"https:\\\/\\\/www.bbmnoticias.com\\\/labravaradiofm\\\/#website\"},\"primaryImageOfPage\":{\"@id\":\"https:\\\/\\\/www.bbmnoticias.com\\\/aclaran-que-imagen-que-circula-con-el-nombre-de-rodolfo-leon-aragon-no-corresponde-a-una-propuesta-partidista\\\/#primaryimage\"},\"image\":{\"@id\":\"https:\\\/\\\/www.bbmnoticias.com\\\/aclaran-que-imagen-que-circula-con-el-nombre-de-rodolfo-leon-aragon-no-corresponde-a-una-propuesta-partidista\\\/#primaryimage\"},\"thumbnailUrl\":\"https:\\\/\\\/www.bbmnoticias.com\\\/labravaradiofm\\\/wp-content\\\/uploads\\\/sites\\\/5\\\/2026\\\/09\\\/coco_leon.jpg\",\"datePublished\":\"2026-09-04T01:43:50+00:00\",\"dateModified\":\"2026-09-04T01:43:52+00:00\",\"author\":{\"@id\":\"https:\\\/\\\/www.bbmnoticias.com\\\/labravaradiofm\\\/#\\\/schema\\\/person\\\/9eb037257fc48a09cdf31d9a2f45619f\"},\"breadcrumb\":{\"@id\":\"https:\\\/\\\/www.bbmnoticias.com\\\/aclaran-que-imagen-que-circula-con-el-nombre-de-rodolfo-leon-aragon-no-corresponde-a-una-propuesta-partidista\\\/#breadcrumb\"},\"inLanguage\":\"es\",\"potentialAction\":[{\"@type\":\"ReadAction\",\"target\":[\"https:\\\/\\\/www.bbmnoticias.com\\\/aclaran-que-imagen-que-circula-con-el-nombre-de-rodolfo-leon-aragon-no-corresponde-a-una-propuesta-partidista\\\/\"]}]},{\"@type\":\"ImageObject\",\"inLanguage\":\"es\",\"@id\":\"https:\\\/\\\/www.bbmnoticias.com\\\/aclaran-que-imagen-que-circula-con-el-nombre-de-rodolfo-leon-aragon-no-corresponde-a-una-propuesta-partidista\\\/#primaryimage\",\"url\":\"https:\\\/\\\/www.bbmnoticias.com\\\/labravaradiofm\\\/wp-content\\\/uploads\\\/sites\\\/5\\\/2026\\\/09\\\/coco_leon.jpg\",\"contentUrl\":\"https:\\\/\\\/www.bbmnoticias.com\\\/labravaradiofm\\\/wp-content\\\/uploads\\\/sites\\\/5\\\/2026\\\/09\\\/coco_leon.jpg\",\"width\":800,\"height\":450},{\"@type\":\"BreadcrumbList\",\"@id\":\"https:\\\/\\\/www.bbmnoticias.com\\\/aclaran-que-imagen-que-circula-con-el-nombre-de-rodolfo-leon-aragon-no-corresponde-a-una-propuesta-partidista\\\/#breadcrumb\",\"itemListElement\":[{\"@type\":\"ListItem\",\"position\":1,\"name\":\"Inicio\",\"item\":\"https:\\\/\\\/www.bbmnoticias.com\\\/labravaradiofm\\\/\"},{\"@type\":\"ListItem\",\"position\":2,\"name\":\"Aclaran que imagen que circula con el nombre de Rodolfo Le\u00f3n Arag\u00f3n no corresponde a una propuesta partidista\"}]},{\"@type\":\"WebSite\",\"@id\":\"https:\\\/\\\/www.bbmnoticias.com\\\/labravaradiofm\\\/#website\",\"url\":\"https:\\\/\\\/www.bbmnoticias.com\\\/labravaradiofm\\\/\",\"name\":\"LA BRAVA RADIO\",\"description\":\"Empresa productora de medios, Radiodifusi\u00f3n, Noticias, tendencias y todo lo que necesitas saber de la pol\u00edtica mexicana e internacional; entretenimiento, espect\u00e1culos, salud y mucho m\u00e1s.\",\"potentialAction\":[{\"@type\":\"SearchAction\",\"target\":{\"@type\":\"EntryPoint\",\"urlTemplate\":\"https:\\\/\\\/www.bbmnoticias.com\\\/labravaradiofm\\\/?s={search_term_string}\"},\"query-input\":{\"@type\":\"PropertyValueSpecification\",\"valueRequired\":true,\"valueName\":\"search_term_string\"}}],\"inLanguage\":\"es\"},{\"@type\":\"Person\",\"@id\":\"https:\\\/\\\/www.bbmnoticias.com\\\/labravaradiofm\\\/#\\\/schema\\\/person\\\/9eb037257fc48a09cdf31d9a2f45619f\",\"name\":\"Staff\",\"image\":{\"@type\":\"ImageObject\",\"inLanguage\":\"es\",\"@id\":\"https:\\\/\\\/secure.gravatar.com\\\/avatar\\\/fdd21ad66fd8b98c407f9dee5b5e588cfe7f0d8579ec20fa6527cd59bab7f0f0?s=96&d=mm&r=g\",\"url\":\"https:\\\/\\\/secure.gravatar.com\\\/avatar\\\/fdd21ad66fd8b98c407f9dee5b5e588cfe7f0d8579ec20fa6527cd59bab7f0f0?s=96&d=mm&r=g\",\"contentUrl\":\"https:\\\/\\\/secure.gravatar.com\\\/avatar\\\/fdd21ad66fd8b98c407f9dee5b5e588cfe7f0d8579ec20fa6527cd59bab7f0f0?s=96&d=mm&r=g\",\"caption\":\"Staff\"},\"url\":\"https:\\\/\\\/www.bbmnoticias.com\\\/labravaradiofm\\\/author\\\/redaccion\\\/\"}]}<\/script>\n<!-- \/ Yoast SEO plugin. -->","yoast_head_json":{"title":"Aclaran que imagen que circula con el nombre de Rodolfo Le\u00f3n Arag\u00f3n no corresponde a una propuesta partidista - LA BRAVA RADIO","robots":{"index":"index","follow":"follow","max-snippet":"max-snippet:-1","max-image-preview":"max-image-preview:large","max-video-preview":"max-video-preview:-1"},"canonical":"https:\/\/www.bbmnoticias.com\/aclaran-que-imagen-que-circula-con-el-nombre-de-rodolfo-leon-aragon-no-corresponde-a-una-propuesta-partidista\/","og_locale":"es_MX","og_type":"article","og_title":"Aclaran que imagen que circula con el nombre de Rodolfo Le\u00f3n Arag\u00f3n no corresponde a una propuesta partidista - LA BRAVA RADIO","og_description":"Salina Cruz, Oaxaca. Ante la circulaci\u00f3n en redes sociales de una imagen con el nombre del Lic. Rodolfo Le\u00f3n Arag\u00f3n, se ha se\u00f1alado que dicho material no corresponde a una propuesta oficial ni representa alg\u00fan color o identidad partidista atribuible al tambi\u00e9n ex presidente municipal. De acuerdo con la aclaraci\u00f3n difundida, Le\u00f3n Arag\u00f3n manifest\u00f3 respeto [&hellip;]","og_url":"https:\/\/www.bbmnoticias.com\/aclaran-que-imagen-que-circula-con-el-nombre-de-rodolfo-leon-aragon-no-corresponde-a-una-propuesta-partidista\/","og_site_name":"LA BRAVA RADIO","article_published_time":"2026-09-04T01:43:50+00:00","article_modified_time":"2026-09-04T01:43:52+00:00","og_image":[{"width":800,"height":450,"url":"https:\/\/www.bbmnoticias.com\/labravaradiofm\/wp-content\/uploads\/sites\/5\/2026\/09\/coco_leon.jpg","type":"image\/jpeg"}],"author":"Staff","twitter_card":"summary_large_image","twitter_misc":{"Escrito por":"Staff","Tiempo de lectura":"1 minuto"},"schema":{"@context":"https:\/\/schema.org","@graph":[{"@type":"Article","@id":"https:\/\/www.bbmnoticias.com\/aclaran-que-imagen-que-circula-con-el-nombre-de-rodolfo-leon-aragon-no-corresponde-a-una-propuesta-partidista\/#article","isPartOf":{"@id":"https:\/\/www.bbmnoticias.com\/labravaradiofm\/2026\/09\/03\/aclaran-que-imagen-que-circula-con-el-nombre-de-rodolfo-leon-aragon-no-corresponde-a-una-propuesta-partidista\/"},"author":{"name":"Staff","@id":"https:\/\/www.bbmnoticias.com\/labravaradiofm\/#\/schema\/person\/9eb037257fc48a09cdf31d9a2f45619f"},"headline":"Aclaran que imagen que circula con el nombre de Rodolfo Le\u00f3n Arag\u00f3n no corresponde a una propuesta partidista","datePublished":"2026-09-04T01:43:50+00:00","dateModified":"2026-09-04T01:43:52+00:00","mainEntityOfPage":{"@id":"https:\/\/www.bbmnoticias.com\/labravaradiofm\/2026\/09\/03\/aclaran-que-imagen-que-circula-con-el-nombre-de-rodolfo-leon-aragon-no-corresponde-a-una-propuesta-partidista\/"},"wordCount":214,"image":{"@id":"https:\/\/www.bbmnoticias.com\/aclaran-que-imagen-que-circula-con-el-nombre-de-rodolfo-leon-aragon-no-corresponde-a-una-propuesta-partidista\/#primaryimage"},"thumbnailUrl":"https:\/\/www.bbmnoticias.com\/labravaradiofm\/wp-content\/uploads\/sites\/5\/2026\/09\/coco_leon.jpg","articleSection":["LOCAL"],"inLanguage":"es"},{"@type":"WebPage","@id":"https:\/\/www.bbmnoticias.com\/labravaradiofm\/2026\/09\/03\/aclaran-que-imagen-que-circula-con-el-nombre-de-rodolfo-leon-aragon-no-corresponde-a-una-propuesta-partidista\/","url":"https:\/\/www.bbmnoticias.com\/aclaran-que-imagen-que-circula-con-el-nombre-de-rodolfo-leon-aragon-no-corresponde-a-una-propuesta-partidista\/","name":"Aclaran que imagen que circula con el nombre de Rodolfo Le\u00f3n Arag\u00f3n no corresponde a una propuesta partidista - LA BRAVA RADIO","isPartOf":{"@id":"https:\/\/www.bbmnoticias.com\/labravaradiofm\/#website"},"primaryImageOfPage":{"@id":"https:\/\/www.bbmnoticias.com\/aclaran-que-imagen-que-circula-con-el-nombre-de-rodolfo-leon-aragon-no-corresponde-a-una-propuesta-partidista\/#primaryimage"},"image":{"@id":"https:\/\/www.bbmnoticias.com\/aclaran-que-imagen-que-circula-con-el-nombre-de-rodolfo-leon-aragon-no-corresponde-a-una-propuesta-partidista\/#primaryimage"},"thumbnailUrl":"https:\/\/www.bbmnoticias.com\/labravaradiofm\/wp-content\/uploads\/sites\/5\/2026\/09\/coco_leon.jpg","datePublished":"2026-09-04T01:43:50+00:00","dateModified":"2026-09-04T01:43:52+00:00","author":{"@id":"https:\/\/www.bbmnoticias.com\/labravaradiofm\/#\/schema\/person\/9eb037257fc48a09cdf31d9a2f45619f"},"breadcrumb":{"@id":"https:\/\/www.bbmnoticias.com\/aclaran-que-imagen-que-circula-con-el-nombre-de-rodolfo-leon-aragon-no-corresponde-a-una-propuesta-partidista\/#breadcrumb"},"inLanguage":"es","potentialAction":[{"@type":"ReadAction","target":["https:\/\/www.bbmnoticias.com\/aclaran-que-imagen-que-circula-con-el-nombre-de-rodolfo-leon-aragon-no-corresponde-a-una-propuesta-partidista\/"]}]},{"@type":"ImageObject","inLanguage":"es","@id":"https:\/\/www.bbmnoticias.com\/aclaran-que-imagen-que-circula-con-el-nombre-de-rodolfo-leon-aragon-no-corresponde-a-una-propuesta-partidista\/#primaryimage","url":"https:\/\/www.bbmnoticias.com\/labravaradiofm\/wp-content\/uploads\/sites\/5\/2026\/09\/coco_leon.jpg","contentUrl":"https:\/\/www.bbmnoticias.com\/labravaradiofm\/wp-content\/uploads\/sites\/5\/2026\/09\/coco_leon.jpg","width":800,"height":450},{"@type":"BreadcrumbList","@id":"https:\/\/www.bbmnoticias.com\/aclaran-que-imagen-que-circula-con-el-nombre-de-rodolfo-leon-aragon-no-corresponde-a-una-propuesta-partidista\/#breadcrumb","itemListElement":[{"@type":"ListItem","position":1,"name":"Inicio","item":"https:\/\/www.bbmnoticias.com\/labravaradiofm\/"},{"@type":"ListItem","position":2,"name":"Aclaran que imagen que circula con el nombre de Rodolfo Le\u00f3n Arag\u00f3n no corresponde a una propuesta partidista"}]},{"@type":"WebSite","@id":"https:\/\/www.bbmnoticias.com\/labravaradiofm\/#website","url":"https:\/\/www.bbmnoticias.com\/labravaradiofm\/","name":"LA BRAVA RADIO","description":"Empresa productora de medios, Radiodifusi\u00f3n, Noticias, tendencias y todo lo que necesitas saber de la pol\u00edtica mexicana e internacional; entretenimiento, espect\u00e1culos, salud y mucho m\u00e1s.","potentialAction":[{"@type":"SearchAction","target":{"@type":"EntryPoint","urlTemplate":"https:\/\/www.bbmnoticias.com\/labravaradiofm\/?s={search_term_string}"},"query-input":{"@type":"PropertyValueSpecification","valueRequired":true,"valueName":"search_term_string"}}],"inLanguage":"es"},{"@type":"Person","@id":"https:\/\/www.bbmnoticias.com\/labravaradiofm\/#\/schema\/person\/9eb037257fc48a09cdf31d9a2f45619f","name":"Staff","image":{"@type":"ImageObject","inLanguage":"es","@id":"https:\/\/secure.gravatar.com\/avatar\/fdd21ad66fd8b98c407f9dee5b5e588cfe7f0d8579ec20fa6527cd59bab7f0f0?s=96&d=mm&r=g","url":"https:\/\/secure.gravatar.com\/avatar\/fdd21ad66fd8b98c407f9dee5b5e588cfe7f0d8579ec20fa6527cd59bab7f0f0?s=96&d=mm&r=g","contentUrl":"https:\/\/secure.gravatar.com\/avatar\/fdd21ad66fd8b98c407f9dee5b5e588cfe7f0d8579ec20fa6527cd59bab7f0f0?s=96&d=mm&r=g","caption":"Staff"},"url":"https:\/\/www.bbmnoticias.com\/labravaradiofm\/author\/redaccion\/"}]}},"_links":{"self":[{"href":"https:\/\/www.bbmnoticias.com\/labravaradiofm\/wp-json\/wp\/v2\/posts\/81460","targetHints":{"allow":["GET"]}}],"collection":[{"href":"https:\/\/www.bbmnoticias.com\/labravaradiofm\/wp-json\/wp\/v2\/posts"}],"about":[{"href":"https:\/\/www.bbmnoticias.com\/labravaradiofm\/wp-json\/wp\/v2\/types\/post"}],"author":[{"embeddable":true,"href":"https:\/\/www.bbmnoticias.com\/labravaradiofm\/wp-json\/wp\/v2\/users\/2"}],"replies":[{"embeddable":true,"href":"https:\/\/www.bbmnoticias.com\/labravaradiofm\/wp-json\/wp\/v2\/comments?post=81460"}],"version-history":[{"count":1,"href":"https:\/\/www.bbmnoticias.com\/labravaradiofm\/wp-json\/wp\/v2\/posts\/81460\/revisions"}],"predecessor-version":[{"id":81461,"href":"https:\/\/www.bbmnoticias.com\/labravaradiofm\/wp-json\/wp\/v2\/posts\/81460\/revisions\/81461"}],"wp:featuredmedia":[{"embeddable":true,"href":"https:\/\/www.bbmnoticias.com\/labravaradiofm\/wp-json\/wp\/v2\/media\/81462"}],"wp:attachment":[{"href":"https:\/\/www.bbmnoticias.com\/labravaradiofm\/wp-json\/wp\/v2\/media?parent=81460"}],"wp:term":[{"taxonomy":"category","embeddable":true,"href":"https:\/\/www.bbmnoticias.com\/labravaradiofm\/wp-json\/wp\/v2\/categories?post=81460"},{"taxonomy":"post_tag","embeddable":true,"href":"https:\/\/www.bbmnoticias.com\/labravaradiofm\/wp-json\/wp\/v2\/tags?post=81460"}],"curies":[{"name":"wp","href":"https:\/\/api.w.org\/{rel}","templated":true}]}}