{"id":81457,"date":"2026-09-03T17:43:35","date_gmt":"2026-09-03T23:43:35","guid":{"rendered":"https:\/\/www.bbmnoticias.com\/labravaradiofm\/2026\/09\/03\/fgeo-aprehende-a-hombre-investigado-por-probable-violacion-agravada-y-abuso-sexual-agravado-contra-su-hija-menor-de-edad-en-la-costa\/"},"modified":"2026-09-03T17:43:38","modified_gmt":"2026-09-03T23:43:38","slug":"fgeo-aprehende-a-hombre-investigado-por-probable-violacion-agravada-y-abuso-sexual-agravado-contra-su-hija-menor-de-edad-en-la-costa","status":"publish","type":"post","link":"https:\/\/www.bbmnoticias.com\/labravaradiofm\/2026\/09\/03\/fgeo-aprehende-a-hombre-investigado-por-probable-violacion-agravada-y-abuso-sexual-agravado-contra-su-hija-menor-de-edad-en-la-costa\/","title":{"rendered":"FGEO aprehende a hombre investigado por probable violaci\u00f3n agravada y abuso sexual agravado contra su hija menor de edad en la Costa"},"content":{"rendered":"\n<p class=\"wp-block-paragraph\">La Fiscal\u00eda General del Estado de Oaxaca (FGEO), ejecut\u00f3 una orden de aprehensi\u00f3n contra un hombre identificado como R.R.J., por su probable responsabilidad en los delitos de violaci\u00f3n agravada y abuso sexual agravado, cometidos en agravio de una menor de edad, ocurrida en la regi\u00f3n de la Costa.<\/p>\n\n\n\n<p class=\"wp-block-paragraph\">De acuerdo con las investigaciones ministeriales, los hechos se habr\u00edan registrado en diversas ocasiones entre 2021 y noviembre de 2025, periodo durante el cual la v\u00edctima habr\u00eda sido agredida sexualmente.<\/p>\n\n\n\n<p class=\"wp-block-paragraph\">La investigaci\u00f3n se\u00f1ala que la v\u00edctima es hija del probable responsable y que, durante el periodo referido, habr\u00eda recibido amenazas relacionadas con su integridad y la de su madre, con la finalidad de evitar que comunicara los hechos.<\/p>\n\n\n\n<p class=\"wp-block-paragraph\">Posteriormente, la madre de la menor habr\u00eda advertido cambios en su comportamiento, situaci\u00f3n que permiti\u00f3 conocer lo ocurrido y presentar la denuncia correspondiente ante la autoridad ministerial.<\/p>\n\n\n\n<p class=\"wp-block-paragraph\">Derivado de las diligencias realizadas por la Vicefiscal\u00eda Regional de la Costa, se obtuvieron elementos suficientes que permitieron solicitar ante el Juez de Control una orden de aprehensi\u00f3n, por los delitos de violaci\u00f3n agravada y abuso sexual agravado.<\/p>\n\n\n\n<p class=\"wp-block-paragraph\">Como resultado de los trabajos de investigaci\u00f3n para dar cumplimiento al mandamiento judicial, agentes de la Agencia Estatal de Investigaciones (AEI) localizaron y detuvieron a R.R.J., por su probable responsabilidad en los delitos referidos cuando se encontraba en jurisdicci\u00f3n de la localidad de Samaritan, Tonameca en la regi\u00f3n de la Costa.<\/p>\n\n\n\n<p class=\"wp-block-paragraph\">Tras su detenci\u00f3n, fue puesto a disposici\u00f3n del Agente del Ministerio P\u00fablico de la Fiscal\u00eda Especializada para la Atenci\u00f3n de Delitos contra la Mujer por Raz\u00f3n de G\u00e9nero, autoridad que continuar\u00e1 con las diligencias y actos procesales correspondientes.<\/p>\n\n\n\n<p class=\"wp-block-paragraph\">La Fiscal\u00eda de Oaxaca reitera su compromiso de garantizar el acceso a la justicia para las v\u00edctimas de delitos, especialmente en casos que atentan contra la integridad y desarrollo de ni\u00f1as, ni\u00f1os y adolescentes, priorizando investigaciones con perspectiva de g\u00e9nero e infancia.<\/p>\n","protected":false},"excerpt":{"rendered":"<p>La Fiscal\u00eda General del Estado de Oaxaca (FGEO), ejecut\u00f3 una orden de aprehensi\u00f3n contra un hombre identificado como R.R.J., por su probable responsabilidad en los delitos de violaci\u00f3n agravada y abuso sexual agravado, cometidos en agravio de una menor de edad, ocurrida en la regi\u00f3n de la Costa. De acuerdo con las investigaciones ministeriales, los [&hellip;]<\/p>\n","protected":false},"author":2,"featured_media":81459,"comment_status":"closed","ping_status":"open","sticky":false,"template":"","format":"standard","meta":{"footnotes":""},"categories":[2,20],"tags":[],"class_list":["post-81457","post","type-post","status-publish","format-standard","has-post-thumbnail","hentry","category-oaxaca","category-policiaca"],"yoast_head":"<!-- This site is optimized with the Yoast SEO plugin v28.1 - https:\/\/yoast.com\/product\/yoast-seo-wordpress\/ -->\n<title>FGEO aprehende a hombre investigado por probable violaci\u00f3n agravada y abuso sexual agravado contra su hija menor de edad en la Costa - LA BRAVA RADIO<\/title>\n<meta name=\"robots\" content=\"index, follow, max-snippet:-1, max-image-preview:large, max-video-preview:-1\" \/>\n<link rel=\"canonical\" href=\"https:\/\/www.bbmnoticias.com\/fgeo-aprehende-a-hombre-investigado-por-probable-violacion-agravada-y-abuso-sexual-agravado-contra-su-hija-menor-de-edad-en-la-costa\/\" \/>\n<meta property=\"og:locale\" content=\"es_MX\" \/>\n<meta property=\"og:type\" content=\"article\" \/>\n<meta property=\"og:title\" content=\"FGEO aprehende a hombre investigado por probable violaci\u00f3n agravada y abuso sexual agravado contra su hija menor de edad en la Costa - LA BRAVA RADIO\" \/>\n<meta property=\"og:description\" content=\"La Fiscal\u00eda General del Estado de Oaxaca (FGEO), ejecut\u00f3 una orden de aprehensi\u00f3n contra un hombre identificado como R.R.J., por su probable responsabilidad en los delitos de violaci\u00f3n agravada y abuso sexual agravado, cometidos en agravio de una menor de edad, ocurrida en la regi\u00f3n de la Costa. De acuerdo con las investigaciones ministeriales, los [&hellip;]\" \/>\n<meta property=\"og:url\" content=\"https:\/\/www.bbmnoticias.com\/fgeo-aprehende-a-hombre-investigado-por-probable-violacion-agravada-y-abuso-sexual-agravado-contra-su-hija-menor-de-edad-en-la-costa\/\" \/>\n<meta property=\"og:site_name\" content=\"LA BRAVA RADIO\" \/>\n<meta property=\"article:published_time\" content=\"2026-09-03T23:43:35+00:00\" \/>\n<meta property=\"article:modified_time\" content=\"2026-09-03T23:43:38+00:00\" \/>\n<meta property=\"og:image\" content=\"https:\/\/www.bbmnoticias.com\/labravaradiofm\/wp-content\/uploads\/sites\/5\/2026\/09\/rrj.jpg\" \/>\n\t<meta property=\"og:image:width\" content=\"752\" \/>\n\t<meta property=\"og:image:height\" content=\"510\" \/>\n\t<meta property=\"og:image:type\" content=\"image\/jpeg\" \/>\n<meta name=\"author\" content=\"Staff\" \/>\n<meta name=\"twitter:card\" content=\"summary_large_image\" \/>\n<meta name=\"twitter:label1\" content=\"Escrito por\" \/>\n\t<meta name=\"twitter:data1\" content=\"Staff\" \/>\n\t<meta name=\"twitter:label2\" content=\"Tiempo de lectura\" \/>\n\t<meta name=\"twitter:data2\" content=\"2 minutos\" \/>\n<script type=\"application\/ld+json\" class=\"yoast-schema-graph\">{\"@context\":\"https:\\\/\\\/schema.org\",\"@graph\":[{\"@type\":\"Article\",\"@id\":\"https:\\\/\\\/www.bbmnoticias.com\\\/fgeo-aprehende-a-hombre-investigado-por-probable-violacion-agravada-y-abuso-sexual-agravado-contra-su-hija-menor-de-edad-en-la-costa\\\/#article\",\"isPartOf\":{\"@id\":\"https:\\\/\\\/www.bbmnoticias.com\\\/labravaradiofm\\\/2026\\\/09\\\/03\\\/fgeo-aprehende-a-hombre-investigado-por-probable-violacion-agravada-y-abuso-sexual-agravado-contra-su-hija-menor-de-edad-en-la-costa\\\/\"},\"author\":{\"name\":\"Staff\",\"@id\":\"https:\\\/\\\/www.bbmnoticias.com\\\/labravaradiofm\\\/#\\\/schema\\\/person\\\/9eb037257fc48a09cdf31d9a2f45619f\"},\"headline\":\"FGEO aprehende a hombre investigado por probable violaci\u00f3n agravada y abuso sexual agravado contra su hija menor de edad en la Costa\",\"datePublished\":\"2026-09-03T23:43:35+00:00\",\"dateModified\":\"2026-09-03T23:43:38+00:00\",\"mainEntityOfPage\":{\"@id\":\"https:\\\/\\\/www.bbmnoticias.com\\\/labravaradiofm\\\/2026\\\/09\\\/03\\\/fgeo-aprehende-a-hombre-investigado-por-probable-violacion-agravada-y-abuso-sexual-agravado-contra-su-hija-menor-de-edad-en-la-costa\\\/\"},\"wordCount\":368,\"image\":{\"@id\":\"https:\\\/\\\/www.bbmnoticias.com\\\/fgeo-aprehende-a-hombre-investigado-por-probable-violacion-agravada-y-abuso-sexual-agravado-contra-su-hija-menor-de-edad-en-la-costa\\\/#primaryimage\"},\"thumbnailUrl\":\"https:\\\/\\\/www.bbmnoticias.com\\\/labravaradiofm\\\/wp-content\\\/uploads\\\/sites\\\/5\\\/2026\\\/09\\\/rrj.jpg\",\"articleSection\":[\"LOCAL\",\"POLICIACA\"],\"inLanguage\":\"es\"},{\"@type\":\"WebPage\",\"@id\":\"https:\\\/\\\/www.bbmnoticias.com\\\/labravaradiofm\\\/2026\\\/09\\\/03\\\/fgeo-aprehende-a-hombre-investigado-por-probable-violacion-agravada-y-abuso-sexual-agravado-contra-su-hija-menor-de-edad-en-la-costa\\\/\",\"url\":\"https:\\\/\\\/www.bbmnoticias.com\\\/fgeo-aprehende-a-hombre-investigado-por-probable-violacion-agravada-y-abuso-sexual-agravado-contra-su-hija-menor-de-edad-en-la-costa\\\/\",\"name\":\"FGEO aprehende a hombre investigado por probable violaci\u00f3n agravada y abuso sexual agravado contra su hija menor de edad en la Costa - LA BRAVA RADIO\",\"isPartOf\":{\"@id\":\"https:\\\/\\\/www.bbmnoticias.com\\\/labravaradiofm\\\/#website\"},\"primaryImageOfPage\":{\"@id\":\"https:\\\/\\\/www.bbmnoticias.com\\\/fgeo-aprehende-a-hombre-investigado-por-probable-violacion-agravada-y-abuso-sexual-agravado-contra-su-hija-menor-de-edad-en-la-costa\\\/#primaryimage\"},\"image\":{\"@id\":\"https:\\\/\\\/www.bbmnoticias.com\\\/fgeo-aprehende-a-hombre-investigado-por-probable-violacion-agravada-y-abuso-sexual-agravado-contra-su-hija-menor-de-edad-en-la-costa\\\/#primaryimage\"},\"thumbnailUrl\":\"https:\\\/\\\/www.bbmnoticias.com\\\/labravaradiofm\\\/wp-content\\\/uploads\\\/sites\\\/5\\\/2026\\\/09\\\/rrj.jpg\",\"datePublished\":\"2026-09-03T23:43:35+00:00\",\"dateModified\":\"2026-09-03T23:43:38+00:00\",\"author\":{\"@id\":\"https:\\\/\\\/www.bbmnoticias.com\\\/labravaradiofm\\\/#\\\/schema\\\/person\\\/9eb037257fc48a09cdf31d9a2f45619f\"},\"breadcrumb\":{\"@id\":\"https:\\\/\\\/www.bbmnoticias.com\\\/fgeo-aprehende-a-hombre-investigado-por-probable-violacion-agravada-y-abuso-sexual-agravado-contra-su-hija-menor-de-edad-en-la-costa\\\/#breadcrumb\"},\"inLanguage\":\"es\",\"potentialAction\":[{\"@type\":\"ReadAction\",\"target\":[\"https:\\\/\\\/www.bbmnoticias.com\\\/fgeo-aprehende-a-hombre-investigado-por-probable-violacion-agravada-y-abuso-sexual-agravado-contra-su-hija-menor-de-edad-en-la-costa\\\/\"]}]},{\"@type\":\"ImageObject\",\"inLanguage\":\"es\",\"@id\":\"https:\\\/\\\/www.bbmnoticias.com\\\/fgeo-aprehende-a-hombre-investigado-por-probable-violacion-agravada-y-abuso-sexual-agravado-contra-su-hija-menor-de-edad-en-la-costa\\\/#primaryimage\",\"url\":\"https:\\\/\\\/www.bbmnoticias.com\\\/labravaradiofm\\\/wp-content\\\/uploads\\\/sites\\\/5\\\/2026\\\/09\\\/rrj.jpg\",\"contentUrl\":\"https:\\\/\\\/www.bbmnoticias.com\\\/labravaradiofm\\\/wp-content\\\/uploads\\\/sites\\\/5\\\/2026\\\/09\\\/rrj.jpg\",\"width\":752,\"height\":510},{\"@type\":\"BreadcrumbList\",\"@id\":\"https:\\\/\\\/www.bbmnoticias.com\\\/fgeo-aprehende-a-hombre-investigado-por-probable-violacion-agravada-y-abuso-sexual-agravado-contra-su-hija-menor-de-edad-en-la-costa\\\/#breadcrumb\",\"itemListElement\":[{\"@type\":\"ListItem\",\"position\":1,\"name\":\"Inicio\",\"item\":\"https:\\\/\\\/www.bbmnoticias.com\\\/labravaradiofm\\\/\"},{\"@type\":\"ListItem\",\"position\":2,\"name\":\"FGEO aprehende a hombre investigado por probable violaci\u00f3n agravada y abuso sexual agravado contra su hija menor de edad en la Costa\"}]},{\"@type\":\"WebSite\",\"@id\":\"https:\\\/\\\/www.bbmnoticias.com\\\/labravaradiofm\\\/#website\",\"url\":\"https:\\\/\\\/www.bbmnoticias.com\\\/labravaradiofm\\\/\",\"name\":\"LA BRAVA RADIO\",\"description\":\"Empresa productora de medios, Radiodifusi\u00f3n, Noticias, tendencias y todo lo que necesitas saber de la pol\u00edtica mexicana e internacional; entretenimiento, espect\u00e1culos, salud y mucho m\u00e1s.\",\"potentialAction\":[{\"@type\":\"SearchAction\",\"target\":{\"@type\":\"EntryPoint\",\"urlTemplate\":\"https:\\\/\\\/www.bbmnoticias.com\\\/labravaradiofm\\\/?s={search_term_string}\"},\"query-input\":{\"@type\":\"PropertyValueSpecification\",\"valueRequired\":true,\"valueName\":\"search_term_string\"}}],\"inLanguage\":\"es\"},{\"@type\":\"Person\",\"@id\":\"https:\\\/\\\/www.bbmnoticias.com\\\/labravaradiofm\\\/#\\\/schema\\\/person\\\/9eb037257fc48a09cdf31d9a2f45619f\",\"name\":\"Staff\",\"image\":{\"@type\":\"ImageObject\",\"inLanguage\":\"es\",\"@id\":\"https:\\\/\\\/secure.gravatar.com\\\/avatar\\\/fdd21ad66fd8b98c407f9dee5b5e588cfe7f0d8579ec20fa6527cd59bab7f0f0?s=96&d=mm&r=g\",\"url\":\"https:\\\/\\\/secure.gravatar.com\\\/avatar\\\/fdd21ad66fd8b98c407f9dee5b5e588cfe7f0d8579ec20fa6527cd59bab7f0f0?s=96&d=mm&r=g\",\"contentUrl\":\"https:\\\/\\\/secure.gravatar.com\\\/avatar\\\/fdd21ad66fd8b98c407f9dee5b5e588cfe7f0d8579ec20fa6527cd59bab7f0f0?s=96&d=mm&r=g\",\"caption\":\"Staff\"},\"url\":\"https:\\\/\\\/www.bbmnoticias.com\\\/labravaradiofm\\\/author\\\/redaccion\\\/\"}]}<\/script>\n<!-- \/ Yoast SEO plugin. -->","yoast_head_json":{"title":"FGEO aprehende a hombre investigado por probable violaci\u00f3n agravada y abuso sexual agravado contra su hija menor de edad en la Costa - LA BRAVA RADIO","robots":{"index":"index","follow":"follow","max-snippet":"max-snippet:-1","max-image-preview":"max-image-preview:large","max-video-preview":"max-video-preview:-1"},"canonical":"https:\/\/www.bbmnoticias.com\/fgeo-aprehende-a-hombre-investigado-por-probable-violacion-agravada-y-abuso-sexual-agravado-contra-su-hija-menor-de-edad-en-la-costa\/","og_locale":"es_MX","og_type":"article","og_title":"FGEO aprehende a hombre investigado por probable violaci\u00f3n agravada y abuso sexual agravado contra su hija menor de edad en la Costa - LA BRAVA RADIO","og_description":"La Fiscal\u00eda General del Estado de Oaxaca (FGEO), ejecut\u00f3 una orden de aprehensi\u00f3n contra un hombre identificado como R.R.J., por su probable responsabilidad en los delitos de violaci\u00f3n agravada y abuso sexual agravado, cometidos en agravio de una menor de edad, ocurrida en la regi\u00f3n de la Costa. De acuerdo con las investigaciones ministeriales, los [&hellip;]","og_url":"https:\/\/www.bbmnoticias.com\/fgeo-aprehende-a-hombre-investigado-por-probable-violacion-agravada-y-abuso-sexual-agravado-contra-su-hija-menor-de-edad-en-la-costa\/","og_site_name":"LA BRAVA RADIO","article_published_time":"2026-09-03T23:43:35+00:00","article_modified_time":"2026-09-03T23:43:38+00:00","og_image":[{"width":752,"height":510,"url":"https:\/\/www.bbmnoticias.com\/labravaradiofm\/wp-content\/uploads\/sites\/5\/2026\/09\/rrj.jpg","type":"image\/jpeg"}],"author":"Staff","twitter_card":"summary_large_image","twitter_misc":{"Escrito por":"Staff","Tiempo de lectura":"2 minutos"},"schema":{"@context":"https:\/\/schema.org","@graph":[{"@type":"Article","@id":"https:\/\/www.bbmnoticias.com\/fgeo-aprehende-a-hombre-investigado-por-probable-violacion-agravada-y-abuso-sexual-agravado-contra-su-hija-menor-de-edad-en-la-costa\/#article","isPartOf":{"@id":"https:\/\/www.bbmnoticias.com\/labravaradiofm\/2026\/09\/03\/fgeo-aprehende-a-hombre-investigado-por-probable-violacion-agravada-y-abuso-sexual-agravado-contra-su-hija-menor-de-edad-en-la-costa\/"},"author":{"name":"Staff","@id":"https:\/\/www.bbmnoticias.com\/labravaradiofm\/#\/schema\/person\/9eb037257fc48a09cdf31d9a2f45619f"},"headline":"FGEO aprehende a hombre investigado por probable violaci\u00f3n agravada y abuso sexual agravado contra su hija menor de edad en la Costa","datePublished":"2026-09-03T23:43:35+00:00","dateModified":"2026-09-03T23:43:38+00:00","mainEntityOfPage":{"@id":"https:\/\/www.bbmnoticias.com\/labravaradiofm\/2026\/09\/03\/fgeo-aprehende-a-hombre-investigado-por-probable-violacion-agravada-y-abuso-sexual-agravado-contra-su-hija-menor-de-edad-en-la-costa\/"},"wordCount":368,"image":{"@id":"https:\/\/www.bbmnoticias.com\/fgeo-aprehende-a-hombre-investigado-por-probable-violacion-agravada-y-abuso-sexual-agravado-contra-su-hija-menor-de-edad-en-la-costa\/#primaryimage"},"thumbnailUrl":"https:\/\/www.bbmnoticias.com\/labravaradiofm\/wp-content\/uploads\/sites\/5\/2026\/09\/rrj.jpg","articleSection":["LOCAL","POLICIACA"],"inLanguage":"es"},{"@type":"WebPage","@id":"https:\/\/www.bbmnoticias.com\/labravaradiofm\/2026\/09\/03\/fgeo-aprehende-a-hombre-investigado-por-probable-violacion-agravada-y-abuso-sexual-agravado-contra-su-hija-menor-de-edad-en-la-costa\/","url":"https:\/\/www.bbmnoticias.com\/fgeo-aprehende-a-hombre-investigado-por-probable-violacion-agravada-y-abuso-sexual-agravado-contra-su-hija-menor-de-edad-en-la-costa\/","name":"FGEO aprehende a hombre investigado por probable violaci\u00f3n agravada y abuso sexual agravado contra su hija menor de edad en la Costa - LA BRAVA RADIO","isPartOf":{"@id":"https:\/\/www.bbmnoticias.com\/labravaradiofm\/#website"},"primaryImageOfPage":{"@id":"https:\/\/www.bbmnoticias.com\/fgeo-aprehende-a-hombre-investigado-por-probable-violacion-agravada-y-abuso-sexual-agravado-contra-su-hija-menor-de-edad-en-la-costa\/#primaryimage"},"image":{"@id":"https:\/\/www.bbmnoticias.com\/fgeo-aprehende-a-hombre-investigado-por-probable-violacion-agravada-y-abuso-sexual-agravado-contra-su-hija-menor-de-edad-en-la-costa\/#primaryimage"},"thumbnailUrl":"https:\/\/www.bbmnoticias.com\/labravaradiofm\/wp-content\/uploads\/sites\/5\/2026\/09\/rrj.jpg","datePublished":"2026-09-03T23:43:35+00:00","dateModified":"2026-09-03T23:43:38+00:00","author":{"@id":"https:\/\/www.bbmnoticias.com\/labravaradiofm\/#\/schema\/person\/9eb037257fc48a09cdf31d9a2f45619f"},"breadcrumb":{"@id":"https:\/\/www.bbmnoticias.com\/fgeo-aprehende-a-hombre-investigado-por-probable-violacion-agravada-y-abuso-sexual-agravado-contra-su-hija-menor-de-edad-en-la-costa\/#breadcrumb"},"inLanguage":"es","potentialAction":[{"@type":"ReadAction","target":["https:\/\/www.bbmnoticias.com\/fgeo-aprehende-a-hombre-investigado-por-probable-violacion-agravada-y-abuso-sexual-agravado-contra-su-hija-menor-de-edad-en-la-costa\/"]}]},{"@type":"ImageObject","inLanguage":"es","@id":"https:\/\/www.bbmnoticias.com\/fgeo-aprehende-a-hombre-investigado-por-probable-violacion-agravada-y-abuso-sexual-agravado-contra-su-hija-menor-de-edad-en-la-costa\/#primaryimage","url":"https:\/\/www.bbmnoticias.com\/labravaradiofm\/wp-content\/uploads\/sites\/5\/2026\/09\/rrj.jpg","contentUrl":"https:\/\/www.bbmnoticias.com\/labravaradiofm\/wp-content\/uploads\/sites\/5\/2026\/09\/rrj.jpg","width":752,"height":510},{"@type":"BreadcrumbList","@id":"https:\/\/www.bbmnoticias.com\/fgeo-aprehende-a-hombre-investigado-por-probable-violacion-agravada-y-abuso-sexual-agravado-contra-su-hija-menor-de-edad-en-la-costa\/#breadcrumb","itemListElement":[{"@type":"ListItem","position":1,"name":"Inicio","item":"https:\/\/www.bbmnoticias.com\/labravaradiofm\/"},{"@type":"ListItem","position":2,"name":"FGEO aprehende a hombre investigado por probable violaci\u00f3n agravada y abuso sexual agravado contra su hija menor de edad en la Costa"}]},{"@type":"WebSite","@id":"https:\/\/www.bbmnoticias.com\/labravaradiofm\/#website","url":"https:\/\/www.bbmnoticias.com\/labravaradiofm\/","name":"LA BRAVA RADIO","description":"Empresa productora de medios, Radiodifusi\u00f3n, Noticias, tendencias y todo lo que necesitas saber de la pol\u00edtica mexicana e internacional; entretenimiento, espect\u00e1culos, salud y mucho m\u00e1s.","potentialAction":[{"@type":"SearchAction","target":{"@type":"EntryPoint","urlTemplate":"https:\/\/www.bbmnoticias.com\/labravaradiofm\/?s={search_term_string}"},"query-input":{"@type":"PropertyValueSpecification","valueRequired":true,"valueName":"search_term_string"}}],"inLanguage":"es"},{"@type":"Person","@id":"https:\/\/www.bbmnoticias.com\/labravaradiofm\/#\/schema\/person\/9eb037257fc48a09cdf31d9a2f45619f","name":"Staff","image":{"@type":"ImageObject","inLanguage":"es","@id":"https:\/\/secure.gravatar.com\/avatar\/fdd21ad66fd8b98c407f9dee5b5e588cfe7f0d8579ec20fa6527cd59bab7f0f0?s=96&d=mm&r=g","url":"https:\/\/secure.gravatar.com\/avatar\/fdd21ad66fd8b98c407f9dee5b5e588cfe7f0d8579ec20fa6527cd59bab7f0f0?s=96&d=mm&r=g","contentUrl":"https:\/\/secure.gravatar.com\/avatar\/fdd21ad66fd8b98c407f9dee5b5e588cfe7f0d8579ec20fa6527cd59bab7f0f0?s=96&d=mm&r=g","caption":"Staff"},"url":"https:\/\/www.bbmnoticias.com\/labravaradiofm\/author\/redaccion\/"}]}},"_links":{"self":[{"href":"https:\/\/www.bbmnoticias.com\/labravaradiofm\/wp-json\/wp\/v2\/posts\/81457","targetHints":{"allow":["GET"]}}],"collection":[{"href":"https:\/\/www.bbmnoticias.com\/labravaradiofm\/wp-json\/wp\/v2\/posts"}],"about":[{"href":"https:\/\/www.bbmnoticias.com\/labravaradiofm\/wp-json\/wp\/v2\/types\/post"}],"author":[{"embeddable":true,"href":"https:\/\/www.bbmnoticias.com\/labravaradiofm\/wp-json\/wp\/v2\/users\/2"}],"replies":[{"embeddable":true,"href":"https:\/\/www.bbmnoticias.com\/labravaradiofm\/wp-json\/wp\/v2\/comments?post=81457"}],"version-history":[{"count":1,"href":"https:\/\/www.bbmnoticias.com\/labravaradiofm\/wp-json\/wp\/v2\/posts\/81457\/revisions"}],"predecessor-version":[{"id":81458,"href":"https:\/\/www.bbmnoticias.com\/labravaradiofm\/wp-json\/wp\/v2\/posts\/81457\/revisions\/81458"}],"wp:featuredmedia":[{"embeddable":true,"href":"https:\/\/www.bbmnoticias.com\/labravaradiofm\/wp-json\/wp\/v2\/media\/81459"}],"wp:attachment":[{"href":"https:\/\/www.bbmnoticias.com\/labravaradiofm\/wp-json\/wp\/v2\/media?parent=81457"}],"wp:term":[{"taxonomy":"category","embeddable":true,"href":"https:\/\/www.bbmnoticias.com\/labravaradiofm\/wp-json\/wp\/v2\/categories?post=81457"},{"taxonomy":"post_tag","embeddable":true,"href":"https:\/\/www.bbmnoticias.com\/labravaradiofm\/wp-json\/wp\/v2\/tags?post=81457"}],"curies":[{"name":"wp","href":"https:\/\/api.w.org\/{rel}","templated":true}]}}