{"id":81454,"date":"2026-09-03T17:33:10","date_gmt":"2026-09-03T23:33:10","guid":{"rendered":"https:\/\/www.bbmnoticias.com\/labravaradiofm\/2026\/09\/03\/al-menos-135-doctores-contagiados-en-brote-de-salmonela-en-el-hospital-generall-de-mexico-salud\/"},"modified":"2026-09-03T17:33:12","modified_gmt":"2026-09-03T23:33:12","slug":"al-menos-135-doctores-contagiados-en-brote-de-salmonela-en-el-hospital-generall-de-mexico-salud","status":"publish","type":"post","link":"https:\/\/www.bbmnoticias.com\/labravaradiofm\/2026\/09\/03\/al-menos-135-doctores-contagiados-en-brote-de-salmonela-en-el-hospital-generall-de-mexico-salud\/","title":{"rendered":"Al menos 135 doctores contagiados en brote de salmonela en el Hospital Generall de M\u00e9xico: Salud"},"content":{"rendered":"\n<p class=\"wp-block-paragraph\">La <strong>Secretar\u00eda de Salud<\/strong> inform\u00f3 que <strong>135 m\u00e9dicos residentes y de alta especialidad<\/strong> contrajeron un brote de gastroenteritis infecciosa aguda por el consumo de alimentos proporcionados en el <strong>Hospital General de M\u00e9xico \u201cDr. Eduardo Liceaga\u201d<\/strong>.<\/p>\n\n\n\n<p class=\"wp-block-paragraph\">Asimismo, la instituci\u00f3n se\u00f1al\u00f3 que la comida provino del servicio de comedor institucional subrogado y confirm\u00f3 que el personal afectado fue atendido m\u00e9dicamente, report\u00e1ndose en estado estable.<\/p>\n\n\n\n<p class=\"wp-block-paragraph\">\u201cEl <strong>Hospital General de M\u00e9xico &#8220;Dr. Eduardo Liceaga&#8221;<\/strong> identific\u00f3 un brote de gastroenteritis infecciosa aguda entre m\u00e9dicos residentes y de alta especialidad, asociado temporalmente al consumo de alimentos proporcionados por el servicio subrogado de comedor institucional, quienes reciben atenci\u00f3n m\u00e9dica y se encuentran estables\u201d, expuso en una tarjeta informativa.<\/p>\n\n\n\n<p class=\"wp-block-paragraph\">De acuerdo con la dependencia, el evento fue identificado el <strong>31 de agosto<\/strong>, luego de un incremento s\u00fabito de personas con s\u00edntomas gastrointestinales, principalmente con dolor abdominal, diarrea, febr\u00edcula y v\u00f3mito.<\/p>\n\n\n\n<p class=\"wp-block-paragraph\">Luego de tres d\u00edas, la <strong>Secretar\u00eda de Salud<\/strong> puntualiz\u00f3 que, al corte del <strong>3 de septiembre<\/strong>, <strong>41 personas<\/strong> permanecen hospitalizadas, en vigilancia y con tratamiento. Aunado a ello, enfatiz\u00f3 que se encuentran estables y bajo vigilancia m\u00e9dica.<\/p>\n\n\n\n<p class=\"wp-block-paragraph\">Como parte del proceso de investigaci\u00f3n, la dependencia destac\u00f3 que se realizaron estudios de laboratorio que corroboraron la presencia de <strong>Salmonella spp.<\/strong> en distintos de los casos analizados. Adem\u00e1s, en dos de ellos, se identific\u00f3 coinfecci\u00f3n con <strong>Escherichia coli enterotoxig\u00e9nica (ETEC)<\/strong>.<\/p>\n\n\n\n<p class=\"wp-block-paragraph\">Por ello, el <strong>Hospital General de M\u00e9xico &#8220;Dr. Eduardo Liceaga&#8221;<\/strong> suspendi\u00f3 de manera inmediata el servicio subrogado de comedor para m\u00e9dicos residentes y mantiene una estrategia de b\u00fasqueda y seguimiento de casos entre las personas potencialmente expuestas.<\/p>\n\n\n\n<p class=\"wp-block-paragraph\">\u201cLa investigaci\u00f3n epidemiol\u00f3gica y sanitaria contin\u00faa para determinar la fuente espec\u00edfica de contaminaci\u00f3n y establecer las medidas adicionales de prevenci\u00f3n y control\u201d, enfatiz\u00f3.<\/p>\n\n\n\n<p class=\"wp-block-paragraph\">Tras el brote, la <strong>Facultad de Medicina de la Universidad Nacional Aut\u00f3noma de M\u00e9xico (UNAM)<\/strong> anunci\u00f3 la aplicaci\u00f3n de medidas de apoyo y seguimiento para los m\u00e9dicos residentes y los estudiantes de posgrado que resultaron afectados por esta bacteria.<\/p>\n","protected":false},"excerpt":{"rendered":"<p>La Secretar\u00eda de Salud inform\u00f3 que 135 m\u00e9dicos residentes y de alta especialidad contrajeron un brote de gastroenteritis infecciosa aguda por el consumo de alimentos proporcionados en el Hospital General de M\u00e9xico \u201cDr. Eduardo Liceaga\u201d. Asimismo, la instituci\u00f3n se\u00f1al\u00f3 que la comida provino del servicio de comedor institucional subrogado y confirm\u00f3 que el personal afectado [&hellip;]<\/p>\n","protected":false},"author":15,"featured_media":81456,"comment_status":"closed","ping_status":"open","sticky":false,"template":"","format":"standard","meta":{"footnotes":""},"categories":[2,19],"tags":[],"class_list":["post-81454","post","type-post","status-publish","format-standard","has-post-thumbnail","hentry","category-oaxaca","category-nacional"],"yoast_head":"<!-- This site is optimized with the Yoast SEO plugin v28.1 - https:\/\/yoast.com\/product\/yoast-seo-wordpress\/ -->\n<title>Al menos 135 doctores contagiados en brote de salmonela en el Hospital Generall de M\u00e9xico: Salud - LA BRAVA RADIO<\/title>\n<meta name=\"robots\" content=\"index, follow, max-snippet:-1, max-image-preview:large, max-video-preview:-1\" \/>\n<link rel=\"canonical\" href=\"https:\/\/www.bbmnoticias.com\/al-menos-135-doctores-contagiados-en-brote-de-salmonela-en-el-hospital-generall-de-mexico-salud\/\" \/>\n<meta property=\"og:locale\" content=\"es_MX\" \/>\n<meta property=\"og:type\" content=\"article\" \/>\n<meta property=\"og:title\" content=\"Al menos 135 doctores contagiados en brote de salmonela en el Hospital Generall de M\u00e9xico: Salud - LA BRAVA RADIO\" \/>\n<meta property=\"og:description\" content=\"La Secretar\u00eda de Salud inform\u00f3 que 135 m\u00e9dicos residentes y de alta especialidad contrajeron un brote de gastroenteritis infecciosa aguda por el consumo de alimentos proporcionados en el Hospital General de M\u00e9xico \u201cDr. Eduardo Liceaga\u201d. Asimismo, la instituci\u00f3n se\u00f1al\u00f3 que la comida provino del servicio de comedor institucional subrogado y confirm\u00f3 que el personal afectado [&hellip;]\" \/>\n<meta property=\"og:url\" content=\"https:\/\/www.bbmnoticias.com\/al-menos-135-doctores-contagiados-en-brote-de-salmonela-en-el-hospital-generall-de-mexico-salud\/\" \/>\n<meta property=\"og:site_name\" content=\"LA BRAVA RADIO\" \/>\n<meta property=\"article:published_time\" content=\"2026-09-03T23:33:10+00:00\" \/>\n<meta property=\"article:modified_time\" content=\"2026-09-03T23:33:12+00:00\" \/>\n<meta property=\"og:image\" content=\"https:\/\/www.bbmnoticias.com\/labravaradiofm\/wp-content\/uploads\/sites\/5\/2026\/09\/HRURBAJXEAQTEou.jpg\" \/>\n\t<meta property=\"og:image:width\" content=\"1151\" \/>\n\t<meta property=\"og:image:height\" content=\"900\" \/>\n\t<meta property=\"og:image:type\" content=\"image\/jpeg\" \/>\n<meta name=\"author\" content=\"El Heraldo\" \/>\n<meta name=\"twitter:card\" content=\"summary_large_image\" \/>\n<meta name=\"twitter:label1\" content=\"Escrito por\" \/>\n\t<meta name=\"twitter:data1\" content=\"El Heraldo\" \/>\n\t<meta name=\"twitter:label2\" content=\"Tiempo de lectura\" \/>\n\t<meta name=\"twitter:data2\" content=\"2 minutos\" \/>\n<script type=\"application\/ld+json\" class=\"yoast-schema-graph\">{\"@context\":\"https:\\\/\\\/schema.org\",\"@graph\":[{\"@type\":\"Article\",\"@id\":\"https:\\\/\\\/www.bbmnoticias.com\\\/al-menos-135-doctores-contagiados-en-brote-de-salmonela-en-el-hospital-generall-de-mexico-salud\\\/#article\",\"isPartOf\":{\"@id\":\"https:\\\/\\\/www.bbmnoticias.com\\\/labravaradiofm\\\/2026\\\/09\\\/03\\\/al-menos-135-doctores-contagiados-en-brote-de-salmonela-en-el-hospital-generall-de-mexico-salud\\\/\"},\"author\":{\"name\":\"El Heraldo\",\"@id\":\"https:\\\/\\\/www.bbmnoticias.com\\\/labravaradiofm\\\/#\\\/schema\\\/person\\\/32f1fc7382033a43789e6a250ee81243\"},\"headline\":\"Al menos 135 doctores contagiados en brote de salmonela en el Hospital Generall de M\u00e9xico: Salud\",\"datePublished\":\"2026-09-03T23:33:10+00:00\",\"dateModified\":\"2026-09-03T23:33:12+00:00\",\"mainEntityOfPage\":{\"@id\":\"https:\\\/\\\/www.bbmnoticias.com\\\/labravaradiofm\\\/2026\\\/09\\\/03\\\/al-menos-135-doctores-contagiados-en-brote-de-salmonela-en-el-hospital-generall-de-mexico-salud\\\/\"},\"wordCount\":366,\"image\":{\"@id\":\"https:\\\/\\\/www.bbmnoticias.com\\\/al-menos-135-doctores-contagiados-en-brote-de-salmonela-en-el-hospital-generall-de-mexico-salud\\\/#primaryimage\"},\"thumbnailUrl\":\"https:\\\/\\\/www.bbmnoticias.com\\\/labravaradiofm\\\/wp-content\\\/uploads\\\/sites\\\/5\\\/2026\\\/09\\\/HRURBAJXEAQTEou.jpg\",\"articleSection\":[\"LOCAL\",\"NACIONAL\"],\"inLanguage\":\"es\"},{\"@type\":\"WebPage\",\"@id\":\"https:\\\/\\\/www.bbmnoticias.com\\\/labravaradiofm\\\/2026\\\/09\\\/03\\\/al-menos-135-doctores-contagiados-en-brote-de-salmonela-en-el-hospital-generall-de-mexico-salud\\\/\",\"url\":\"https:\\\/\\\/www.bbmnoticias.com\\\/al-menos-135-doctores-contagiados-en-brote-de-salmonela-en-el-hospital-generall-de-mexico-salud\\\/\",\"name\":\"Al menos 135 doctores contagiados en brote de salmonela en el Hospital Generall de M\u00e9xico: Salud - LA BRAVA RADIO\",\"isPartOf\":{\"@id\":\"https:\\\/\\\/www.bbmnoticias.com\\\/labravaradiofm\\\/#website\"},\"primaryImageOfPage\":{\"@id\":\"https:\\\/\\\/www.bbmnoticias.com\\\/al-menos-135-doctores-contagiados-en-brote-de-salmonela-en-el-hospital-generall-de-mexico-salud\\\/#primaryimage\"},\"image\":{\"@id\":\"https:\\\/\\\/www.bbmnoticias.com\\\/al-menos-135-doctores-contagiados-en-brote-de-salmonela-en-el-hospital-generall-de-mexico-salud\\\/#primaryimage\"},\"thumbnailUrl\":\"https:\\\/\\\/www.bbmnoticias.com\\\/labravaradiofm\\\/wp-content\\\/uploads\\\/sites\\\/5\\\/2026\\\/09\\\/HRURBAJXEAQTEou.jpg\",\"datePublished\":\"2026-09-03T23:33:10+00:00\",\"dateModified\":\"2026-09-03T23:33:12+00:00\",\"author\":{\"@id\":\"https:\\\/\\\/www.bbmnoticias.com\\\/labravaradiofm\\\/#\\\/schema\\\/person\\\/32f1fc7382033a43789e6a250ee81243\"},\"breadcrumb\":{\"@id\":\"https:\\\/\\\/www.bbmnoticias.com\\\/al-menos-135-doctores-contagiados-en-brote-de-salmonela-en-el-hospital-generall-de-mexico-salud\\\/#breadcrumb\"},\"inLanguage\":\"es\",\"potentialAction\":[{\"@type\":\"ReadAction\",\"target\":[\"https:\\\/\\\/www.bbmnoticias.com\\\/al-menos-135-doctores-contagiados-en-brote-de-salmonela-en-el-hospital-generall-de-mexico-salud\\\/\"]}]},{\"@type\":\"ImageObject\",\"inLanguage\":\"es\",\"@id\":\"https:\\\/\\\/www.bbmnoticias.com\\\/al-menos-135-doctores-contagiados-en-brote-de-salmonela-en-el-hospital-generall-de-mexico-salud\\\/#primaryimage\",\"url\":\"https:\\\/\\\/www.bbmnoticias.com\\\/labravaradiofm\\\/wp-content\\\/uploads\\\/sites\\\/5\\\/2026\\\/09\\\/HRURBAJXEAQTEou.jpg\",\"contentUrl\":\"https:\\\/\\\/www.bbmnoticias.com\\\/labravaradiofm\\\/wp-content\\\/uploads\\\/sites\\\/5\\\/2026\\\/09\\\/HRURBAJXEAQTEou.jpg\",\"width\":1151,\"height\":900},{\"@type\":\"BreadcrumbList\",\"@id\":\"https:\\\/\\\/www.bbmnoticias.com\\\/al-menos-135-doctores-contagiados-en-brote-de-salmonela-en-el-hospital-generall-de-mexico-salud\\\/#breadcrumb\",\"itemListElement\":[{\"@type\":\"ListItem\",\"position\":1,\"name\":\"Inicio\",\"item\":\"https:\\\/\\\/www.bbmnoticias.com\\\/labravaradiofm\\\/\"},{\"@type\":\"ListItem\",\"position\":2,\"name\":\"Al menos 135 doctores contagiados en brote de salmonela en el Hospital Generall de M\u00e9xico: Salud\"}]},{\"@type\":\"WebSite\",\"@id\":\"https:\\\/\\\/www.bbmnoticias.com\\\/labravaradiofm\\\/#website\",\"url\":\"https:\\\/\\\/www.bbmnoticias.com\\\/labravaradiofm\\\/\",\"name\":\"LA BRAVA RADIO\",\"description\":\"Empresa productora de medios, Radiodifusi\u00f3n, Noticias, tendencias y todo lo que necesitas saber de la pol\u00edtica mexicana e internacional; entretenimiento, espect\u00e1culos, salud y mucho m\u00e1s.\",\"potentialAction\":[{\"@type\":\"SearchAction\",\"target\":{\"@type\":\"EntryPoint\",\"urlTemplate\":\"https:\\\/\\\/www.bbmnoticias.com\\\/labravaradiofm\\\/?s={search_term_string}\"},\"query-input\":{\"@type\":\"PropertyValueSpecification\",\"valueRequired\":true,\"valueName\":\"search_term_string\"}}],\"inLanguage\":\"es\"},{\"@type\":\"Person\",\"@id\":\"https:\\\/\\\/www.bbmnoticias.com\\\/labravaradiofm\\\/#\\\/schema\\\/person\\\/32f1fc7382033a43789e6a250ee81243\",\"name\":\"El Heraldo\",\"image\":{\"@type\":\"ImageObject\",\"inLanguage\":\"es\",\"@id\":\"https:\\\/\\\/secure.gravatar.com\\\/avatar\\\/463017be041288b5a196814ef7242bd62699b857f306e4b5b61b533e8a87f404?s=96&d=mm&r=g\",\"url\":\"https:\\\/\\\/secure.gravatar.com\\\/avatar\\\/463017be041288b5a196814ef7242bd62699b857f306e4b5b61b533e8a87f404?s=96&d=mm&r=g\",\"contentUrl\":\"https:\\\/\\\/secure.gravatar.com\\\/avatar\\\/463017be041288b5a196814ef7242bd62699b857f306e4b5b61b533e8a87f404?s=96&d=mm&r=g\",\"caption\":\"El Heraldo\"},\"url\":\"https:\\\/\\\/www.bbmnoticias.com\\\/labravaradiofm\\\/author\\\/heraldo\\\/\"}]}<\/script>\n<!-- \/ Yoast SEO plugin. -->","yoast_head_json":{"title":"Al menos 135 doctores contagiados en brote de salmonela en el Hospital Generall de M\u00e9xico: Salud - LA BRAVA RADIO","robots":{"index":"index","follow":"follow","max-snippet":"max-snippet:-1","max-image-preview":"max-image-preview:large","max-video-preview":"max-video-preview:-1"},"canonical":"https:\/\/www.bbmnoticias.com\/al-menos-135-doctores-contagiados-en-brote-de-salmonela-en-el-hospital-generall-de-mexico-salud\/","og_locale":"es_MX","og_type":"article","og_title":"Al menos 135 doctores contagiados en brote de salmonela en el Hospital Generall de M\u00e9xico: Salud - LA BRAVA RADIO","og_description":"La Secretar\u00eda de Salud inform\u00f3 que 135 m\u00e9dicos residentes y de alta especialidad contrajeron un brote de gastroenteritis infecciosa aguda por el consumo de alimentos proporcionados en el Hospital General de M\u00e9xico \u201cDr. Eduardo Liceaga\u201d. Asimismo, la instituci\u00f3n se\u00f1al\u00f3 que la comida provino del servicio de comedor institucional subrogado y confirm\u00f3 que el personal afectado [&hellip;]","og_url":"https:\/\/www.bbmnoticias.com\/al-menos-135-doctores-contagiados-en-brote-de-salmonela-en-el-hospital-generall-de-mexico-salud\/","og_site_name":"LA BRAVA RADIO","article_published_time":"2026-09-03T23:33:10+00:00","article_modified_time":"2026-09-03T23:33:12+00:00","og_image":[{"width":1151,"height":900,"url":"https:\/\/www.bbmnoticias.com\/labravaradiofm\/wp-content\/uploads\/sites\/5\/2026\/09\/HRURBAJXEAQTEou.jpg","type":"image\/jpeg"}],"author":"El Heraldo","twitter_card":"summary_large_image","twitter_misc":{"Escrito por":"El Heraldo","Tiempo de lectura":"2 minutos"},"schema":{"@context":"https:\/\/schema.org","@graph":[{"@type":"Article","@id":"https:\/\/www.bbmnoticias.com\/al-menos-135-doctores-contagiados-en-brote-de-salmonela-en-el-hospital-generall-de-mexico-salud\/#article","isPartOf":{"@id":"https:\/\/www.bbmnoticias.com\/labravaradiofm\/2026\/09\/03\/al-menos-135-doctores-contagiados-en-brote-de-salmonela-en-el-hospital-generall-de-mexico-salud\/"},"author":{"name":"El Heraldo","@id":"https:\/\/www.bbmnoticias.com\/labravaradiofm\/#\/schema\/person\/32f1fc7382033a43789e6a250ee81243"},"headline":"Al menos 135 doctores contagiados en brote de salmonela en el Hospital Generall de M\u00e9xico: Salud","datePublished":"2026-09-03T23:33:10+00:00","dateModified":"2026-09-03T23:33:12+00:00","mainEntityOfPage":{"@id":"https:\/\/www.bbmnoticias.com\/labravaradiofm\/2026\/09\/03\/al-menos-135-doctores-contagiados-en-brote-de-salmonela-en-el-hospital-generall-de-mexico-salud\/"},"wordCount":366,"image":{"@id":"https:\/\/www.bbmnoticias.com\/al-menos-135-doctores-contagiados-en-brote-de-salmonela-en-el-hospital-generall-de-mexico-salud\/#primaryimage"},"thumbnailUrl":"https:\/\/www.bbmnoticias.com\/labravaradiofm\/wp-content\/uploads\/sites\/5\/2026\/09\/HRURBAJXEAQTEou.jpg","articleSection":["LOCAL","NACIONAL"],"inLanguage":"es"},{"@type":"WebPage","@id":"https:\/\/www.bbmnoticias.com\/labravaradiofm\/2026\/09\/03\/al-menos-135-doctores-contagiados-en-brote-de-salmonela-en-el-hospital-generall-de-mexico-salud\/","url":"https:\/\/www.bbmnoticias.com\/al-menos-135-doctores-contagiados-en-brote-de-salmonela-en-el-hospital-generall-de-mexico-salud\/","name":"Al menos 135 doctores contagiados en brote de salmonela en el Hospital Generall de M\u00e9xico: Salud - LA BRAVA RADIO","isPartOf":{"@id":"https:\/\/www.bbmnoticias.com\/labravaradiofm\/#website"},"primaryImageOfPage":{"@id":"https:\/\/www.bbmnoticias.com\/al-menos-135-doctores-contagiados-en-brote-de-salmonela-en-el-hospital-generall-de-mexico-salud\/#primaryimage"},"image":{"@id":"https:\/\/www.bbmnoticias.com\/al-menos-135-doctores-contagiados-en-brote-de-salmonela-en-el-hospital-generall-de-mexico-salud\/#primaryimage"},"thumbnailUrl":"https:\/\/www.bbmnoticias.com\/labravaradiofm\/wp-content\/uploads\/sites\/5\/2026\/09\/HRURBAJXEAQTEou.jpg","datePublished":"2026-09-03T23:33:10+00:00","dateModified":"2026-09-03T23:33:12+00:00","author":{"@id":"https:\/\/www.bbmnoticias.com\/labravaradiofm\/#\/schema\/person\/32f1fc7382033a43789e6a250ee81243"},"breadcrumb":{"@id":"https:\/\/www.bbmnoticias.com\/al-menos-135-doctores-contagiados-en-brote-de-salmonela-en-el-hospital-generall-de-mexico-salud\/#breadcrumb"},"inLanguage":"es","potentialAction":[{"@type":"ReadAction","target":["https:\/\/www.bbmnoticias.com\/al-menos-135-doctores-contagiados-en-brote-de-salmonela-en-el-hospital-generall-de-mexico-salud\/"]}]},{"@type":"ImageObject","inLanguage":"es","@id":"https:\/\/www.bbmnoticias.com\/al-menos-135-doctores-contagiados-en-brote-de-salmonela-en-el-hospital-generall-de-mexico-salud\/#primaryimage","url":"https:\/\/www.bbmnoticias.com\/labravaradiofm\/wp-content\/uploads\/sites\/5\/2026\/09\/HRURBAJXEAQTEou.jpg","contentUrl":"https:\/\/www.bbmnoticias.com\/labravaradiofm\/wp-content\/uploads\/sites\/5\/2026\/09\/HRURBAJXEAQTEou.jpg","width":1151,"height":900},{"@type":"BreadcrumbList","@id":"https:\/\/www.bbmnoticias.com\/al-menos-135-doctores-contagiados-en-brote-de-salmonela-en-el-hospital-generall-de-mexico-salud\/#breadcrumb","itemListElement":[{"@type":"ListItem","position":1,"name":"Inicio","item":"https:\/\/www.bbmnoticias.com\/labravaradiofm\/"},{"@type":"ListItem","position":2,"name":"Al menos 135 doctores contagiados en brote de salmonela en el Hospital Generall de M\u00e9xico: Salud"}]},{"@type":"WebSite","@id":"https:\/\/www.bbmnoticias.com\/labravaradiofm\/#website","url":"https:\/\/www.bbmnoticias.com\/labravaradiofm\/","name":"LA BRAVA RADIO","description":"Empresa productora de medios, Radiodifusi\u00f3n, Noticias, tendencias y todo lo que necesitas saber de la pol\u00edtica mexicana e internacional; entretenimiento, espect\u00e1culos, salud y mucho m\u00e1s.","potentialAction":[{"@type":"SearchAction","target":{"@type":"EntryPoint","urlTemplate":"https:\/\/www.bbmnoticias.com\/labravaradiofm\/?s={search_term_string}"},"query-input":{"@type":"PropertyValueSpecification","valueRequired":true,"valueName":"search_term_string"}}],"inLanguage":"es"},{"@type":"Person","@id":"https:\/\/www.bbmnoticias.com\/labravaradiofm\/#\/schema\/person\/32f1fc7382033a43789e6a250ee81243","name":"El Heraldo","image":{"@type":"ImageObject","inLanguage":"es","@id":"https:\/\/secure.gravatar.com\/avatar\/463017be041288b5a196814ef7242bd62699b857f306e4b5b61b533e8a87f404?s=96&d=mm&r=g","url":"https:\/\/secure.gravatar.com\/avatar\/463017be041288b5a196814ef7242bd62699b857f306e4b5b61b533e8a87f404?s=96&d=mm&r=g","contentUrl":"https:\/\/secure.gravatar.com\/avatar\/463017be041288b5a196814ef7242bd62699b857f306e4b5b61b533e8a87f404?s=96&d=mm&r=g","caption":"El Heraldo"},"url":"https:\/\/www.bbmnoticias.com\/labravaradiofm\/author\/heraldo\/"}]}},"_links":{"self":[{"href":"https:\/\/www.bbmnoticias.com\/labravaradiofm\/wp-json\/wp\/v2\/posts\/81454","targetHints":{"allow":["GET"]}}],"collection":[{"href":"https:\/\/www.bbmnoticias.com\/labravaradiofm\/wp-json\/wp\/v2\/posts"}],"about":[{"href":"https:\/\/www.bbmnoticias.com\/labravaradiofm\/wp-json\/wp\/v2\/types\/post"}],"author":[{"embeddable":true,"href":"https:\/\/www.bbmnoticias.com\/labravaradiofm\/wp-json\/wp\/v2\/users\/15"}],"replies":[{"embeddable":true,"href":"https:\/\/www.bbmnoticias.com\/labravaradiofm\/wp-json\/wp\/v2\/comments?post=81454"}],"version-history":[{"count":1,"href":"https:\/\/www.bbmnoticias.com\/labravaradiofm\/wp-json\/wp\/v2\/posts\/81454\/revisions"}],"predecessor-version":[{"id":81455,"href":"https:\/\/www.bbmnoticias.com\/labravaradiofm\/wp-json\/wp\/v2\/posts\/81454\/revisions\/81455"}],"wp:featuredmedia":[{"embeddable":true,"href":"https:\/\/www.bbmnoticias.com\/labravaradiofm\/wp-json\/wp\/v2\/media\/81456"}],"wp:attachment":[{"href":"https:\/\/www.bbmnoticias.com\/labravaradiofm\/wp-json\/wp\/v2\/media?parent=81454"}],"wp:term":[{"taxonomy":"category","embeddable":true,"href":"https:\/\/www.bbmnoticias.com\/labravaradiofm\/wp-json\/wp\/v2\/categories?post=81454"},{"taxonomy":"post_tag","embeddable":true,"href":"https:\/\/www.bbmnoticias.com\/labravaradiofm\/wp-json\/wp\/v2\/tags?post=81454"}],"curies":[{"name":"wp","href":"https:\/\/api.w.org\/{rel}","templated":true}]}}