{"id":81451,"date":"2026-09-03T17:23:58","date_gmt":"2026-09-03T23:23:58","guid":{"rendered":"https:\/\/www.bbmnoticias.com\/labravaradiofm\/2026\/09\/03\/desapariciones-son-prioridad-para-el-gobierno-de-mexico-garcia-harfuch\/"},"modified":"2026-09-03T17:24:01","modified_gmt":"2026-09-03T23:24:01","slug":"desapariciones-son-prioridad-para-el-gobierno-de-mexico-garcia-harfuch","status":"publish","type":"post","link":"https:\/\/www.bbmnoticias.com\/labravaradiofm\/2026\/09\/03\/desapariciones-son-prioridad-para-el-gobierno-de-mexico-garcia-harfuch\/","title":{"rendered":"Desapariciones son prioridad para el Gobierno de M\u00e9xico: Garc\u00eda Harfuch"},"content":{"rendered":"\n<p class=\"wp-block-paragraph\">La atenci\u00f3n a los casos de desapariciones y no localizaci\u00f3n es una prioridad para el Gobierno de M\u00e9xico, afirm\u00f3 el titular de la Secretar\u00eda de Seguridad y Protecci\u00f3n Ciudadana (SSPC), Omar Garc\u00eda Harfuch, por tratarse de una situaci\u00f3n que calific\u00f3 como dolorosa.<\/p>\n\n\n\n<p class=\"wp-block-paragraph\">El funcionario poste\u00f3 un mensaje en su cuenta de X sobre la visita que realiz\u00f3, junto con la secretaria de Gobernaci\u00f3n (Segob), Rosa Icela Rodr\u00edguez, al Puesto de Mando de la Alerta Nacional de B\u00fasqueda Inmediata (ANBI).<\/p>\n\n\n\n<h3 class=\"wp-block-heading\">La desaparici\u00f3n y no localizaci\u00f3n de personas es una de las problem\u00e1ticas m\u00e1s dolorosas que enfrenta nuestro pa\u00eds y su atenci\u00f3n es una prioridad para el Gobierno de M\u00e9xico.<\/h3>\n\n\n\n<h3 class=\"wp-block-heading\">Hoy, junto con la Secretaria @rosaicela_, acudimos al Puesto de Mando de la Alerta Nacional de B\u00fasqueda Inmediata (ANBI), iniciativa impulsada por la Presidenta @Claudiashein para fortalecer la respuesta del Estado y activar de manera inmediata con las instituciones del @GabSeguridadMX y las 32, entidades federativas, las capacidades de b\u00fasqueda y localizaci\u00f3n\u201d, indic\u00f3 Garc\u00eda Harfuch.<\/h3>\n\n\n\n<p class=\"wp-block-paragraph\">En su mensaje, el responsable de las pol\u00edticas de Seguridad P\u00fablica y Protecci\u00f3n Civil del Gobierno de M\u00e9xico explic\u00f3 que con el uso de la alerta se logra la localizaci\u00f3n del 50 por ciento de las personas en las primeras 24 horas del reporte.<\/p>\n\n\n\n<h3 class=\"wp-block-heading\">Actualmente, el 50% de las personas reportadas mediante esta alerta son localizadas durante las primeras 24 horas. Seguiremos fortaleciendo la coordinaci\u00f3n, la tecnolog\u00eda y las capacidades de las instituciones. Ante una desaparici\u00f3n, cada minuto cuenta. Nuestra obligaci\u00f3n es buscar, localizar y acompa\u00f1ar a las familias\u201d, escribi\u00f3 Garc\u00eda Harfuch.<\/h3>\n\n\n\n<h2 class=\"wp-block-heading\">Garc\u00eda Harfuch confirma detenci\u00f3n de &#8220;El Amarillo&#8221;<\/h2>\n\n\n\n<p class=\"wp-block-paragraph\"><em>Joseph Na\u2019a<\/em><\/p>\n\n\n\n<p class=\"wp-block-paragraph\">El secretario de Seguridad y Protecci\u00f3n Ciudadana, Omar Garc\u00eda Harfuch, inform\u00f3 sobre la detenci\u00f3n de Gov\u00e9n Ulisses \u201cN\u201d, alias \u201cEl Gob\u00e9n\u201d y \u201cEl Amarillo\u201d, quien fue capturado junto con dos presuntos escoltas durante un operativo federal desplegado en Lomas de Angel\u00f3polis, Puebla. De acuerdo con las autoridades, el detenido es considerado uno de los principales generadores de violencia en Acapulco, Guerrero.<\/p>\n\n\n\n<p class=\"wp-block-paragraph\">A trav\u00e9s de sus redes sociales, el vocero del Gabinete de Seguridad se\u00f1al\u00f3 que elementos federales detuvieron en Lomas de Angel\u00f3polis, Puebla, a Gov\u00e9n Ulisses \u201cN\u201d, alias \u201cEl Amarillo\u201d y\/o \u201cEl Gob\u00e9n\u201d, se\u00f1alado por autoridades como presunto dirigente de una c\u00e9lula delictiva relacionada con el grupo criminal conocido como \u201cLos Rusos\u201d, con operaciones principalmente en Acapulco, Guerrero.<\/p>\n\n\n\n<p class=\"wp-block-paragraph\">Gov\u00e9n Ulisses \u201cN\u201d era considerado un objetivo prioritario debido a su presunta participaci\u00f3n en actividades criminales relacionadas con extorsiones, secuestros, privaci\u00f3n ilegal de la libertad, homicidios, as\u00ed como tr\u00e1fico y distribuci\u00f3n de drogas.<\/p>\n\n\n\n<h3 class=\"wp-block-heading\">Captura gracias a trabajos de inteligencia<\/h3>\n\n\n\n<p class=\"wp-block-paragraph\">La captura se concret\u00f3 como resultado de trabajos de inteligencia e investigaci\u00f3n desarrollados por la Agencia de Investigaci\u00f3n Criminal y la Fiscal\u00eda Especializada en Materia de Delincuencia Organizada (FEMDO), de la Fiscal\u00eda General de la Rep\u00fablica, en coordinaci\u00f3n con la Secretar\u00eda de Seguridad y Protecci\u00f3n Ciudadana y la Secretar\u00eda de Marina.<\/p>\n\n\n\n<p class=\"wp-block-paragraph\">En las labores tambi\u00e9n particip\u00f3 el Centro Nacional de Inteligencia, adem\u00e1s de autoridades de Puebla y Guerrero.<\/p>\n\n\n\n<p class=\"wp-block-paragraph\">Las autoridades lo ubican adem\u00e1s como uno de los principales generadores de violencia vinculados con la organizaci\u00f3n delictiva a la que presuntamente pertenec\u00eda y cuya presencia se concentra en el puerto de Acapulco.<\/p>\n\n\n\n<p class=\"wp-block-paragraph\">Durante el despliegue tambi\u00e9n fueron capturadas dos personas identificadas como presuntos integrantes de su c\u00edrculo de seguridad y quienes las investigaciones, se desempe\u00f1aban como escoltas.<\/p>\n\n\n\n<p class=\"wp-block-paragraph\">En el operativo fueron aseguradas armas, diversas cantidades de droga y veh\u00edculos de lujo. Hasta el momento, las autoridades no han dado a conocer p\u00fablicamente el n\u00famero ni las caracter\u00edsticas del armamento, los narc\u00f3ticos o las unidades decomisadas.<\/p>\n\n\n\n<p class=\"wp-block-paragraph\">De manera paralela a las detenciones, fuerzas federales continuaron con cateos en diferentes inmuebles de la zona de Lomas de Angel\u00f3polis, como parte de las investigaciones relacionadas con la estructura criminal.<\/p>\n\n\n\n<p class=\"wp-block-paragraph\">Garc\u00eda Harfuch destac\u00f3 la coordinaci\u00f3n entre las dependencias federales y reconoci\u00f3 la colaboraci\u00f3n de los gobiernos de Puebla y Guerrero para el desarrollo del operativo.<\/p>\n\n\n\n<p class=\"wp-block-paragraph\">Las personas detenidas deber\u00e1n quedar a disposici\u00f3n de la autoridad ministerial correspondiente, que determinar\u00e1 su situaci\u00f3n jur\u00eddica y continuar\u00e1 con las investigaciones para establecer su probable responsabilidad en los delitos que les sean imputados.<\/p>\n","protected":false},"excerpt":{"rendered":"<p>La atenci\u00f3n a los casos de desapariciones y no localizaci\u00f3n es una prioridad para el Gobierno de M\u00e9xico, afirm\u00f3 el titular de la Secretar\u00eda de Seguridad y Protecci\u00f3n Ciudadana (SSPC), Omar Garc\u00eda Harfuch, por tratarse de una situaci\u00f3n que calific\u00f3 como dolorosa. El funcionario poste\u00f3 un mensaje en su cuenta de X sobre la visita [&hellip;]<\/p>\n","protected":false},"author":8,"featured_media":81453,"comment_status":"closed","ping_status":"open","sticky":false,"template":"","format":"standard","meta":{"footnotes":""},"categories":[2,19],"tags":[],"class_list":["post-81451","post","type-post","status-publish","format-standard","has-post-thumbnail","hentry","category-oaxaca","category-nacional"],"yoast_head":"<!-- This site is optimized with the Yoast SEO plugin v28.1 - https:\/\/yoast.com\/product\/yoast-seo-wordpress\/ -->\n<title>Desapariciones son prioridad para el Gobierno de M\u00e9xico: Garc\u00eda Harfuch - LA BRAVA RADIO<\/title>\n<meta name=\"robots\" content=\"index, follow, max-snippet:-1, max-image-preview:large, max-video-preview:-1\" \/>\n<link rel=\"canonical\" href=\"https:\/\/www.bbmnoticias.com\/desapariciones-son-prioridad-para-el-gobierno-de-mexico-garcia-harfuch\/\" \/>\n<meta property=\"og:locale\" content=\"es_MX\" \/>\n<meta property=\"og:type\" content=\"article\" \/>\n<meta property=\"og:title\" content=\"Desapariciones son prioridad para el Gobierno de M\u00e9xico: Garc\u00eda Harfuch - LA BRAVA RADIO\" \/>\n<meta property=\"og:description\" content=\"La atenci\u00f3n a los casos de desapariciones y no localizaci\u00f3n es una prioridad para el Gobierno de M\u00e9xico, afirm\u00f3 el titular de la Secretar\u00eda de Seguridad y Protecci\u00f3n Ciudadana (SSPC), Omar Garc\u00eda Harfuch, por tratarse de una situaci\u00f3n que calific\u00f3 como dolorosa. El funcionario poste\u00f3 un mensaje en su cuenta de X sobre la visita [&hellip;]\" \/>\n<meta property=\"og:url\" content=\"https:\/\/www.bbmnoticias.com\/desapariciones-son-prioridad-para-el-gobierno-de-mexico-garcia-harfuch\/\" \/>\n<meta property=\"og:site_name\" content=\"LA BRAVA RADIO\" \/>\n<meta property=\"article:published_time\" content=\"2026-09-03T23:23:58+00:00\" \/>\n<meta property=\"article:modified_time\" content=\"2026-09-03T23:24:01+00:00\" \/>\n<meta property=\"og:image\" content=\"https:\/\/www.bbmnoticias.com\/labravaradiofm\/wp-content\/uploads\/sites\/5\/2026\/09\/6a99fa3c97285.jpeg\" \/>\n\t<meta property=\"og:image:width\" content=\"813\" \/>\n\t<meta property=\"og:image:height\" content=\"542\" \/>\n\t<meta property=\"og:image:type\" content=\"image\/jpeg\" \/>\n<meta name=\"author\" content=\"Exc\u00e9lsior\" \/>\n<meta name=\"twitter:card\" content=\"summary_large_image\" \/>\n<meta name=\"twitter:label1\" content=\"Escrito por\" \/>\n\t<meta name=\"twitter:data1\" content=\"Exc\u00e9lsior\" \/>\n\t<meta name=\"twitter:label2\" content=\"Tiempo de lectura\" \/>\n\t<meta name=\"twitter:data2\" content=\"4 minutos\" \/>\n<script type=\"application\/ld+json\" class=\"yoast-schema-graph\">{\"@context\":\"https:\\\/\\\/schema.org\",\"@graph\":[{\"@type\":\"Article\",\"@id\":\"https:\\\/\\\/www.bbmnoticias.com\\\/desapariciones-son-prioridad-para-el-gobierno-de-mexico-garcia-harfuch\\\/#article\",\"isPartOf\":{\"@id\":\"https:\\\/\\\/www.bbmnoticias.com\\\/labravaradiofm\\\/2026\\\/09\\\/03\\\/desapariciones-son-prioridad-para-el-gobierno-de-mexico-garcia-harfuch\\\/\"},\"author\":{\"name\":\"Exc\u00e9lsior\",\"@id\":\"https:\\\/\\\/www.bbmnoticias.com\\\/labravaradiofm\\\/#\\\/schema\\\/person\\\/92571928210861b7374edfc7068926ba\"},\"headline\":\"Desapariciones son prioridad para el Gobierno de M\u00e9xico: Garc\u00eda Harfuch\",\"datePublished\":\"2026-09-03T23:23:58+00:00\",\"dateModified\":\"2026-09-03T23:24:01+00:00\",\"mainEntityOfPage\":{\"@id\":\"https:\\\/\\\/www.bbmnoticias.com\\\/labravaradiofm\\\/2026\\\/09\\\/03\\\/desapariciones-son-prioridad-para-el-gobierno-de-mexico-garcia-harfuch\\\/\"},\"wordCount\":766,\"image\":{\"@id\":\"https:\\\/\\\/www.bbmnoticias.com\\\/desapariciones-son-prioridad-para-el-gobierno-de-mexico-garcia-harfuch\\\/#primaryimage\"},\"thumbnailUrl\":\"https:\\\/\\\/www.bbmnoticias.com\\\/labravaradiofm\\\/wp-content\\\/uploads\\\/sites\\\/5\\\/2026\\\/09\\\/6a99fa3c97285.jpeg\",\"articleSection\":[\"LOCAL\",\"NACIONAL\"],\"inLanguage\":\"es\"},{\"@type\":\"WebPage\",\"@id\":\"https:\\\/\\\/www.bbmnoticias.com\\\/labravaradiofm\\\/2026\\\/09\\\/03\\\/desapariciones-son-prioridad-para-el-gobierno-de-mexico-garcia-harfuch\\\/\",\"url\":\"https:\\\/\\\/www.bbmnoticias.com\\\/desapariciones-son-prioridad-para-el-gobierno-de-mexico-garcia-harfuch\\\/\",\"name\":\"Desapariciones son prioridad para el Gobierno de M\u00e9xico: Garc\u00eda Harfuch - LA BRAVA RADIO\",\"isPartOf\":{\"@id\":\"https:\\\/\\\/www.bbmnoticias.com\\\/labravaradiofm\\\/#website\"},\"primaryImageOfPage\":{\"@id\":\"https:\\\/\\\/www.bbmnoticias.com\\\/desapariciones-son-prioridad-para-el-gobierno-de-mexico-garcia-harfuch\\\/#primaryimage\"},\"image\":{\"@id\":\"https:\\\/\\\/www.bbmnoticias.com\\\/desapariciones-son-prioridad-para-el-gobierno-de-mexico-garcia-harfuch\\\/#primaryimage\"},\"thumbnailUrl\":\"https:\\\/\\\/www.bbmnoticias.com\\\/labravaradiofm\\\/wp-content\\\/uploads\\\/sites\\\/5\\\/2026\\\/09\\\/6a99fa3c97285.jpeg\",\"datePublished\":\"2026-09-03T23:23:58+00:00\",\"dateModified\":\"2026-09-03T23:24:01+00:00\",\"author\":{\"@id\":\"https:\\\/\\\/www.bbmnoticias.com\\\/labravaradiofm\\\/#\\\/schema\\\/person\\\/92571928210861b7374edfc7068926ba\"},\"breadcrumb\":{\"@id\":\"https:\\\/\\\/www.bbmnoticias.com\\\/desapariciones-son-prioridad-para-el-gobierno-de-mexico-garcia-harfuch\\\/#breadcrumb\"},\"inLanguage\":\"es\",\"potentialAction\":[{\"@type\":\"ReadAction\",\"target\":[\"https:\\\/\\\/www.bbmnoticias.com\\\/desapariciones-son-prioridad-para-el-gobierno-de-mexico-garcia-harfuch\\\/\"]}]},{\"@type\":\"ImageObject\",\"inLanguage\":\"es\",\"@id\":\"https:\\\/\\\/www.bbmnoticias.com\\\/desapariciones-son-prioridad-para-el-gobierno-de-mexico-garcia-harfuch\\\/#primaryimage\",\"url\":\"https:\\\/\\\/www.bbmnoticias.com\\\/labravaradiofm\\\/wp-content\\\/uploads\\\/sites\\\/5\\\/2026\\\/09\\\/6a99fa3c97285.jpeg\",\"contentUrl\":\"https:\\\/\\\/www.bbmnoticias.com\\\/labravaradiofm\\\/wp-content\\\/uploads\\\/sites\\\/5\\\/2026\\\/09\\\/6a99fa3c97285.jpeg\",\"width\":813,\"height\":542},{\"@type\":\"BreadcrumbList\",\"@id\":\"https:\\\/\\\/www.bbmnoticias.com\\\/desapariciones-son-prioridad-para-el-gobierno-de-mexico-garcia-harfuch\\\/#breadcrumb\",\"itemListElement\":[{\"@type\":\"ListItem\",\"position\":1,\"name\":\"Inicio\",\"item\":\"https:\\\/\\\/www.bbmnoticias.com\\\/labravaradiofm\\\/\"},{\"@type\":\"ListItem\",\"position\":2,\"name\":\"Desapariciones son prioridad para el Gobierno de M\u00e9xico: Garc\u00eda Harfuch\"}]},{\"@type\":\"WebSite\",\"@id\":\"https:\\\/\\\/www.bbmnoticias.com\\\/labravaradiofm\\\/#website\",\"url\":\"https:\\\/\\\/www.bbmnoticias.com\\\/labravaradiofm\\\/\",\"name\":\"LA BRAVA RADIO\",\"description\":\"Empresa productora de medios, Radiodifusi\u00f3n, Noticias, tendencias y todo lo que necesitas saber de la pol\u00edtica mexicana e internacional; entretenimiento, espect\u00e1culos, salud y mucho m\u00e1s.\",\"potentialAction\":[{\"@type\":\"SearchAction\",\"target\":{\"@type\":\"EntryPoint\",\"urlTemplate\":\"https:\\\/\\\/www.bbmnoticias.com\\\/labravaradiofm\\\/?s={search_term_string}\"},\"query-input\":{\"@type\":\"PropertyValueSpecification\",\"valueRequired\":true,\"valueName\":\"search_term_string\"}}],\"inLanguage\":\"es\"},{\"@type\":\"Person\",\"@id\":\"https:\\\/\\\/www.bbmnoticias.com\\\/labravaradiofm\\\/#\\\/schema\\\/person\\\/92571928210861b7374edfc7068926ba\",\"name\":\"Exc\u00e9lsior\",\"image\":{\"@type\":\"ImageObject\",\"inLanguage\":\"es\",\"@id\":\"https:\\\/\\\/secure.gravatar.com\\\/avatar\\\/497265c4dbe1cd0e2f3f1b19aba0f5779c7f95d09e139a5b83c1ecd47b4e780d?s=96&d=mm&r=g\",\"url\":\"https:\\\/\\\/secure.gravatar.com\\\/avatar\\\/497265c4dbe1cd0e2f3f1b19aba0f5779c7f95d09e139a5b83c1ecd47b4e780d?s=96&d=mm&r=g\",\"contentUrl\":\"https:\\\/\\\/secure.gravatar.com\\\/avatar\\\/497265c4dbe1cd0e2f3f1b19aba0f5779c7f95d09e139a5b83c1ecd47b4e780d?s=96&d=mm&r=g\",\"caption\":\"Exc\u00e9lsior\"},\"url\":\"https:\\\/\\\/www.bbmnoticias.com\\\/labravaradiofm\\\/author\\\/excelsior\\\/\"}]}<\/script>\n<!-- \/ Yoast SEO plugin. -->","yoast_head_json":{"title":"Desapariciones son prioridad para el Gobierno de M\u00e9xico: Garc\u00eda Harfuch - LA BRAVA RADIO","robots":{"index":"index","follow":"follow","max-snippet":"max-snippet:-1","max-image-preview":"max-image-preview:large","max-video-preview":"max-video-preview:-1"},"canonical":"https:\/\/www.bbmnoticias.com\/desapariciones-son-prioridad-para-el-gobierno-de-mexico-garcia-harfuch\/","og_locale":"es_MX","og_type":"article","og_title":"Desapariciones son prioridad para el Gobierno de M\u00e9xico: Garc\u00eda Harfuch - LA BRAVA RADIO","og_description":"La atenci\u00f3n a los casos de desapariciones y no localizaci\u00f3n es una prioridad para el Gobierno de M\u00e9xico, afirm\u00f3 el titular de la Secretar\u00eda de Seguridad y Protecci\u00f3n Ciudadana (SSPC), Omar Garc\u00eda Harfuch, por tratarse de una situaci\u00f3n que calific\u00f3 como dolorosa. El funcionario poste\u00f3 un mensaje en su cuenta de X sobre la visita [&hellip;]","og_url":"https:\/\/www.bbmnoticias.com\/desapariciones-son-prioridad-para-el-gobierno-de-mexico-garcia-harfuch\/","og_site_name":"LA BRAVA RADIO","article_published_time":"2026-09-03T23:23:58+00:00","article_modified_time":"2026-09-03T23:24:01+00:00","og_image":[{"width":813,"height":542,"url":"https:\/\/www.bbmnoticias.com\/labravaradiofm\/wp-content\/uploads\/sites\/5\/2026\/09\/6a99fa3c97285.jpeg","type":"image\/jpeg"}],"author":"Exc\u00e9lsior","twitter_card":"summary_large_image","twitter_misc":{"Escrito por":"Exc\u00e9lsior","Tiempo de lectura":"4 minutos"},"schema":{"@context":"https:\/\/schema.org","@graph":[{"@type":"Article","@id":"https:\/\/www.bbmnoticias.com\/desapariciones-son-prioridad-para-el-gobierno-de-mexico-garcia-harfuch\/#article","isPartOf":{"@id":"https:\/\/www.bbmnoticias.com\/labravaradiofm\/2026\/09\/03\/desapariciones-son-prioridad-para-el-gobierno-de-mexico-garcia-harfuch\/"},"author":{"name":"Exc\u00e9lsior","@id":"https:\/\/www.bbmnoticias.com\/labravaradiofm\/#\/schema\/person\/92571928210861b7374edfc7068926ba"},"headline":"Desapariciones son prioridad para el Gobierno de M\u00e9xico: Garc\u00eda Harfuch","datePublished":"2026-09-03T23:23:58+00:00","dateModified":"2026-09-03T23:24:01+00:00","mainEntityOfPage":{"@id":"https:\/\/www.bbmnoticias.com\/labravaradiofm\/2026\/09\/03\/desapariciones-son-prioridad-para-el-gobierno-de-mexico-garcia-harfuch\/"},"wordCount":766,"image":{"@id":"https:\/\/www.bbmnoticias.com\/desapariciones-son-prioridad-para-el-gobierno-de-mexico-garcia-harfuch\/#primaryimage"},"thumbnailUrl":"https:\/\/www.bbmnoticias.com\/labravaradiofm\/wp-content\/uploads\/sites\/5\/2026\/09\/6a99fa3c97285.jpeg","articleSection":["LOCAL","NACIONAL"],"inLanguage":"es"},{"@type":"WebPage","@id":"https:\/\/www.bbmnoticias.com\/labravaradiofm\/2026\/09\/03\/desapariciones-son-prioridad-para-el-gobierno-de-mexico-garcia-harfuch\/","url":"https:\/\/www.bbmnoticias.com\/desapariciones-son-prioridad-para-el-gobierno-de-mexico-garcia-harfuch\/","name":"Desapariciones son prioridad para el Gobierno de M\u00e9xico: Garc\u00eda Harfuch - LA BRAVA RADIO","isPartOf":{"@id":"https:\/\/www.bbmnoticias.com\/labravaradiofm\/#website"},"primaryImageOfPage":{"@id":"https:\/\/www.bbmnoticias.com\/desapariciones-son-prioridad-para-el-gobierno-de-mexico-garcia-harfuch\/#primaryimage"},"image":{"@id":"https:\/\/www.bbmnoticias.com\/desapariciones-son-prioridad-para-el-gobierno-de-mexico-garcia-harfuch\/#primaryimage"},"thumbnailUrl":"https:\/\/www.bbmnoticias.com\/labravaradiofm\/wp-content\/uploads\/sites\/5\/2026\/09\/6a99fa3c97285.jpeg","datePublished":"2026-09-03T23:23:58+00:00","dateModified":"2026-09-03T23:24:01+00:00","author":{"@id":"https:\/\/www.bbmnoticias.com\/labravaradiofm\/#\/schema\/person\/92571928210861b7374edfc7068926ba"},"breadcrumb":{"@id":"https:\/\/www.bbmnoticias.com\/desapariciones-son-prioridad-para-el-gobierno-de-mexico-garcia-harfuch\/#breadcrumb"},"inLanguage":"es","potentialAction":[{"@type":"ReadAction","target":["https:\/\/www.bbmnoticias.com\/desapariciones-son-prioridad-para-el-gobierno-de-mexico-garcia-harfuch\/"]}]},{"@type":"ImageObject","inLanguage":"es","@id":"https:\/\/www.bbmnoticias.com\/desapariciones-son-prioridad-para-el-gobierno-de-mexico-garcia-harfuch\/#primaryimage","url":"https:\/\/www.bbmnoticias.com\/labravaradiofm\/wp-content\/uploads\/sites\/5\/2026\/09\/6a99fa3c97285.jpeg","contentUrl":"https:\/\/www.bbmnoticias.com\/labravaradiofm\/wp-content\/uploads\/sites\/5\/2026\/09\/6a99fa3c97285.jpeg","width":813,"height":542},{"@type":"BreadcrumbList","@id":"https:\/\/www.bbmnoticias.com\/desapariciones-son-prioridad-para-el-gobierno-de-mexico-garcia-harfuch\/#breadcrumb","itemListElement":[{"@type":"ListItem","position":1,"name":"Inicio","item":"https:\/\/www.bbmnoticias.com\/labravaradiofm\/"},{"@type":"ListItem","position":2,"name":"Desapariciones son prioridad para el Gobierno de M\u00e9xico: Garc\u00eda Harfuch"}]},{"@type":"WebSite","@id":"https:\/\/www.bbmnoticias.com\/labravaradiofm\/#website","url":"https:\/\/www.bbmnoticias.com\/labravaradiofm\/","name":"LA BRAVA RADIO","description":"Empresa productora de medios, Radiodifusi\u00f3n, Noticias, tendencias y todo lo que necesitas saber de la pol\u00edtica mexicana e internacional; entretenimiento, espect\u00e1culos, salud y mucho m\u00e1s.","potentialAction":[{"@type":"SearchAction","target":{"@type":"EntryPoint","urlTemplate":"https:\/\/www.bbmnoticias.com\/labravaradiofm\/?s={search_term_string}"},"query-input":{"@type":"PropertyValueSpecification","valueRequired":true,"valueName":"search_term_string"}}],"inLanguage":"es"},{"@type":"Person","@id":"https:\/\/www.bbmnoticias.com\/labravaradiofm\/#\/schema\/person\/92571928210861b7374edfc7068926ba","name":"Exc\u00e9lsior","image":{"@type":"ImageObject","inLanguage":"es","@id":"https:\/\/secure.gravatar.com\/avatar\/497265c4dbe1cd0e2f3f1b19aba0f5779c7f95d09e139a5b83c1ecd47b4e780d?s=96&d=mm&r=g","url":"https:\/\/secure.gravatar.com\/avatar\/497265c4dbe1cd0e2f3f1b19aba0f5779c7f95d09e139a5b83c1ecd47b4e780d?s=96&d=mm&r=g","contentUrl":"https:\/\/secure.gravatar.com\/avatar\/497265c4dbe1cd0e2f3f1b19aba0f5779c7f95d09e139a5b83c1ecd47b4e780d?s=96&d=mm&r=g","caption":"Exc\u00e9lsior"},"url":"https:\/\/www.bbmnoticias.com\/labravaradiofm\/author\/excelsior\/"}]}},"_links":{"self":[{"href":"https:\/\/www.bbmnoticias.com\/labravaradiofm\/wp-json\/wp\/v2\/posts\/81451","targetHints":{"allow":["GET"]}}],"collection":[{"href":"https:\/\/www.bbmnoticias.com\/labravaradiofm\/wp-json\/wp\/v2\/posts"}],"about":[{"href":"https:\/\/www.bbmnoticias.com\/labravaradiofm\/wp-json\/wp\/v2\/types\/post"}],"author":[{"embeddable":true,"href":"https:\/\/www.bbmnoticias.com\/labravaradiofm\/wp-json\/wp\/v2\/users\/8"}],"replies":[{"embeddable":true,"href":"https:\/\/www.bbmnoticias.com\/labravaradiofm\/wp-json\/wp\/v2\/comments?post=81451"}],"version-history":[{"count":1,"href":"https:\/\/www.bbmnoticias.com\/labravaradiofm\/wp-json\/wp\/v2\/posts\/81451\/revisions"}],"predecessor-version":[{"id":81452,"href":"https:\/\/www.bbmnoticias.com\/labravaradiofm\/wp-json\/wp\/v2\/posts\/81451\/revisions\/81452"}],"wp:featuredmedia":[{"embeddable":true,"href":"https:\/\/www.bbmnoticias.com\/labravaradiofm\/wp-json\/wp\/v2\/media\/81453"}],"wp:attachment":[{"href":"https:\/\/www.bbmnoticias.com\/labravaradiofm\/wp-json\/wp\/v2\/media?parent=81451"}],"wp:term":[{"taxonomy":"category","embeddable":true,"href":"https:\/\/www.bbmnoticias.com\/labravaradiofm\/wp-json\/wp\/v2\/categories?post=81451"},{"taxonomy":"post_tag","embeddable":true,"href":"https:\/\/www.bbmnoticias.com\/labravaradiofm\/wp-json\/wp\/v2\/tags?post=81451"}],"curies":[{"name":"wp","href":"https:\/\/api.w.org\/{rel}","templated":true}]}}