{"id":81445,"date":"2026-09-03T17:18:54","date_gmt":"2026-09-03T23:18:54","guid":{"rendered":"https:\/\/www.bbmnoticias.com\/labravaradiofm\/2026\/09\/03\/inicia-fiscalia-de-oaxaca-investigacion-a-traves-de-su-contraloria-general-para-esclarecer-manejo-de-vehiculo-asegurado-y-deslindar-responsabilidades\/"},"modified":"2026-09-03T17:18:56","modified_gmt":"2026-09-03T23:18:56","slug":"inicia-fiscalia-de-oaxaca-investigacion-a-traves-de-su-contraloria-general-para-esclarecer-manejo-de-vehiculo-asegurado-y-deslindar-responsabilidades","status":"publish","type":"post","link":"https:\/\/www.bbmnoticias.com\/labravaradiofm\/2026\/09\/03\/inicia-fiscalia-de-oaxaca-investigacion-a-traves-de-su-contraloria-general-para-esclarecer-manejo-de-vehiculo-asegurado-y-deslindar-responsabilidades\/","title":{"rendered":"Inicia Fiscal\u00eda de Oaxaca investigaci\u00f3n a trav\u00e9s de su Contralor\u00eda General para esclarecer manejo de veh\u00edculo asegurado y deslindar responsabilidades"},"content":{"rendered":"\n<p class=\"wp-block-paragraph\">En relaci\u00f3n con las publicaciones difundidas en redes sociales y medios de comunicaci\u00f3n respecto al supuesto uso indebido de un veh\u00edculo asegurado durante un cateo, la Fiscal\u00eda General del Estado de Oaxaca (FGEO) informa que ha ordenado el inicio inmediato de una investigaci\u00f3n formal.<\/p>\n\n\n\n<p class=\"wp-block-paragraph\">Este proceso, que se llevar\u00e1 a cabo de manera transparente y exhaustiva a trav\u00e9s de la Contralor\u00eda General, tiene el prop\u00f3sito de revisar a detalle los protocolos de actuaci\u00f3n, la cadena de custodia y el destino final de los bienes asegurados dentro de las carpetas de investigaci\u00f3n vigentes.<\/p>\n\n\n\n<p class=\"wp-block-paragraph\">Asimismo, como parte fundamental de la informaci\u00f3n legal sobre este asunto, la instituci\u00f3n precisa que respecto a la unidad de motor en cuesti\u00f3n existe un proceso de extinci\u00f3n de dominio solicitado formalmente desde el 17 de febrero de 2026, integr\u00e1ndose como parte del curso jur\u00eddico de los bienes asegurados vinculados a actividades il\u00edcitas.<\/p>\n\n\n\n<p class=\"wp-block-paragraph\">Para garantizar la prontitud y eficacia de esta indagatoria interna, la Contralor\u00eda General cuenta a partir de este momento con un plazo improrrogable de un mes para concluir el proceso administrativo y determinar con absoluta precisi\u00f3n si existi\u00f3 alguna irregularidad o responsabilidad por parte de servidores p\u00fablicos en el resguardo de la unidad de motor.<\/p>\n\n\n\n<p class=\"wp-block-paragraph\">La Fiscal\u00eda General del Estado es enf\u00e1tica al se\u00f1alar que, de comprobarse cualquier actuaci\u00f3n fuera del marco legal, se aplicar\u00e1n las sanciones administrativas y penales correspondientes sin ning\u00fan tipo de tolerancia, reafirmando el compromiso institucional de actuar bajo los principios de legalidad, \u00e9tica y estricta rendici\u00f3n de cuentas.<\/p>\n\n\n\n<p class=\"wp-block-paragraph\"><\/p>\n","protected":false},"excerpt":{"rendered":"<p>En relaci\u00f3n con las publicaciones difundidas en redes sociales y medios de comunicaci\u00f3n respecto al supuesto uso indebido de un veh\u00edculo asegurado durante un cateo, la Fiscal\u00eda General del Estado de Oaxaca (FGEO) informa que ha ordenado el inicio inmediato de una investigaci\u00f3n formal. Este proceso, que se llevar\u00e1 a cabo de manera transparente y [&hellip;]<\/p>\n","protected":false},"author":2,"featured_media":81447,"comment_status":"closed","ping_status":"open","sticky":false,"template":"","format":"standard","meta":{"footnotes":""},"categories":[2,20],"tags":[],"class_list":["post-81445","post","type-post","status-publish","format-standard","has-post-thumbnail","hentry","category-oaxaca","category-policiaca"],"yoast_head":"<!-- This site is optimized with the Yoast SEO plugin v28.1 - https:\/\/yoast.com\/product\/yoast-seo-wordpress\/ -->\n<title>Inicia Fiscal\u00eda de Oaxaca investigaci\u00f3n a trav\u00e9s de su Contralor\u00eda General para esclarecer manejo de veh\u00edculo asegurado y deslindar responsabilidades - LA BRAVA RADIO<\/title>\n<meta name=\"robots\" content=\"index, follow, max-snippet:-1, max-image-preview:large, max-video-preview:-1\" \/>\n<link rel=\"canonical\" href=\"https:\/\/www.bbmnoticias.com\/inicia-fiscalia-de-oaxaca-investigacion-a-traves-de-su-contraloria-general-para-esclarecer-manejo-de-vehiculo-asegurado-y-deslindar-responsabilidades\/\" \/>\n<meta property=\"og:locale\" content=\"es_MX\" \/>\n<meta property=\"og:type\" content=\"article\" \/>\n<meta property=\"og:title\" content=\"Inicia Fiscal\u00eda de Oaxaca investigaci\u00f3n a trav\u00e9s de su Contralor\u00eda General para esclarecer manejo de veh\u00edculo asegurado y deslindar responsabilidades - LA BRAVA RADIO\" \/>\n<meta property=\"og:description\" content=\"En relaci\u00f3n con las publicaciones difundidas en redes sociales y medios de comunicaci\u00f3n respecto al supuesto uso indebido de un veh\u00edculo asegurado durante un cateo, la Fiscal\u00eda General del Estado de Oaxaca (FGEO) informa que ha ordenado el inicio inmediato de una investigaci\u00f3n formal. Este proceso, que se llevar\u00e1 a cabo de manera transparente y [&hellip;]\" \/>\n<meta property=\"og:url\" content=\"https:\/\/www.bbmnoticias.com\/inicia-fiscalia-de-oaxaca-investigacion-a-traves-de-su-contraloria-general-para-esclarecer-manejo-de-vehiculo-asegurado-y-deslindar-responsabilidades\/\" \/>\n<meta property=\"og:site_name\" content=\"LA BRAVA RADIO\" \/>\n<meta property=\"article:published_time\" content=\"2026-09-03T23:18:54+00:00\" \/>\n<meta property=\"article:modified_time\" content=\"2026-09-03T23:18:56+00:00\" \/>\n<meta property=\"og:image\" content=\"https:\/\/www.bbmnoticias.com\/labravaradiofm\/wp-content\/uploads\/sites\/5\/2026\/09\/FGO.jpg\" \/>\n\t<meta property=\"og:image:width\" content=\"1200\" \/>\n\t<meta property=\"og:image:height\" content=\"600\" \/>\n\t<meta property=\"og:image:type\" content=\"image\/jpeg\" \/>\n<meta name=\"author\" content=\"Staff\" \/>\n<meta name=\"twitter:card\" content=\"summary_large_image\" \/>\n<meta name=\"twitter:label1\" content=\"Escrito por\" \/>\n\t<meta name=\"twitter:data1\" content=\"Staff\" \/>\n\t<meta name=\"twitter:label2\" content=\"Tiempo de lectura\" \/>\n\t<meta name=\"twitter:data2\" content=\"1 minuto\" \/>\n<script type=\"application\/ld+json\" class=\"yoast-schema-graph\">{\"@context\":\"https:\\\/\\\/schema.org\",\"@graph\":[{\"@type\":\"Article\",\"@id\":\"https:\\\/\\\/www.bbmnoticias.com\\\/inicia-fiscalia-de-oaxaca-investigacion-a-traves-de-su-contraloria-general-para-esclarecer-manejo-de-vehiculo-asegurado-y-deslindar-responsabilidades\\\/#article\",\"isPartOf\":{\"@id\":\"https:\\\/\\\/www.bbmnoticias.com\\\/labravaradiofm\\\/2026\\\/09\\\/03\\\/inicia-fiscalia-de-oaxaca-investigacion-a-traves-de-su-contraloria-general-para-esclarecer-manejo-de-vehiculo-asegurado-y-deslindar-responsabilidades\\\/\"},\"author\":{\"name\":\"Staff\",\"@id\":\"https:\\\/\\\/www.bbmnoticias.com\\\/labravaradiofm\\\/#\\\/schema\\\/person\\\/9eb037257fc48a09cdf31d9a2f45619f\"},\"headline\":\"Inicia Fiscal\u00eda de Oaxaca investigaci\u00f3n a trav\u00e9s de su Contralor\u00eda General para esclarecer manejo de veh\u00edculo asegurado y deslindar responsabilidades\",\"datePublished\":\"2026-09-03T23:18:54+00:00\",\"dateModified\":\"2026-09-03T23:18:56+00:00\",\"mainEntityOfPage\":{\"@id\":\"https:\\\/\\\/www.bbmnoticias.com\\\/labravaradiofm\\\/2026\\\/09\\\/03\\\/inicia-fiscalia-de-oaxaca-investigacion-a-traves-de-su-contraloria-general-para-esclarecer-manejo-de-vehiculo-asegurado-y-deslindar-responsabilidades\\\/\"},\"wordCount\":298,\"image\":{\"@id\":\"https:\\\/\\\/www.bbmnoticias.com\\\/inicia-fiscalia-de-oaxaca-investigacion-a-traves-de-su-contraloria-general-para-esclarecer-manejo-de-vehiculo-asegurado-y-deslindar-responsabilidades\\\/#primaryimage\"},\"thumbnailUrl\":\"https:\\\/\\\/www.bbmnoticias.com\\\/labravaradiofm\\\/wp-content\\\/uploads\\\/sites\\\/5\\\/2026\\\/09\\\/FGO.jpg\",\"articleSection\":[\"LOCAL\",\"POLICIACA\"],\"inLanguage\":\"es\"},{\"@type\":\"WebPage\",\"@id\":\"https:\\\/\\\/www.bbmnoticias.com\\\/labravaradiofm\\\/2026\\\/09\\\/03\\\/inicia-fiscalia-de-oaxaca-investigacion-a-traves-de-su-contraloria-general-para-esclarecer-manejo-de-vehiculo-asegurado-y-deslindar-responsabilidades\\\/\",\"url\":\"https:\\\/\\\/www.bbmnoticias.com\\\/inicia-fiscalia-de-oaxaca-investigacion-a-traves-de-su-contraloria-general-para-esclarecer-manejo-de-vehiculo-asegurado-y-deslindar-responsabilidades\\\/\",\"name\":\"Inicia Fiscal\u00eda de Oaxaca investigaci\u00f3n a trav\u00e9s de su Contralor\u00eda General para esclarecer manejo de veh\u00edculo asegurado y deslindar responsabilidades - LA BRAVA RADIO\",\"isPartOf\":{\"@id\":\"https:\\\/\\\/www.bbmnoticias.com\\\/labravaradiofm\\\/#website\"},\"primaryImageOfPage\":{\"@id\":\"https:\\\/\\\/www.bbmnoticias.com\\\/inicia-fiscalia-de-oaxaca-investigacion-a-traves-de-su-contraloria-general-para-esclarecer-manejo-de-vehiculo-asegurado-y-deslindar-responsabilidades\\\/#primaryimage\"},\"image\":{\"@id\":\"https:\\\/\\\/www.bbmnoticias.com\\\/inicia-fiscalia-de-oaxaca-investigacion-a-traves-de-su-contraloria-general-para-esclarecer-manejo-de-vehiculo-asegurado-y-deslindar-responsabilidades\\\/#primaryimage\"},\"thumbnailUrl\":\"https:\\\/\\\/www.bbmnoticias.com\\\/labravaradiofm\\\/wp-content\\\/uploads\\\/sites\\\/5\\\/2026\\\/09\\\/FGO.jpg\",\"datePublished\":\"2026-09-03T23:18:54+00:00\",\"dateModified\":\"2026-09-03T23:18:56+00:00\",\"author\":{\"@id\":\"https:\\\/\\\/www.bbmnoticias.com\\\/labravaradiofm\\\/#\\\/schema\\\/person\\\/9eb037257fc48a09cdf31d9a2f45619f\"},\"breadcrumb\":{\"@id\":\"https:\\\/\\\/www.bbmnoticias.com\\\/inicia-fiscalia-de-oaxaca-investigacion-a-traves-de-su-contraloria-general-para-esclarecer-manejo-de-vehiculo-asegurado-y-deslindar-responsabilidades\\\/#breadcrumb\"},\"inLanguage\":\"es\",\"potentialAction\":[{\"@type\":\"ReadAction\",\"target\":[\"https:\\\/\\\/www.bbmnoticias.com\\\/inicia-fiscalia-de-oaxaca-investigacion-a-traves-de-su-contraloria-general-para-esclarecer-manejo-de-vehiculo-asegurado-y-deslindar-responsabilidades\\\/\"]}]},{\"@type\":\"ImageObject\",\"inLanguage\":\"es\",\"@id\":\"https:\\\/\\\/www.bbmnoticias.com\\\/inicia-fiscalia-de-oaxaca-investigacion-a-traves-de-su-contraloria-general-para-esclarecer-manejo-de-vehiculo-asegurado-y-deslindar-responsabilidades\\\/#primaryimage\",\"url\":\"https:\\\/\\\/www.bbmnoticias.com\\\/labravaradiofm\\\/wp-content\\\/uploads\\\/sites\\\/5\\\/2026\\\/09\\\/FGO.jpg\",\"contentUrl\":\"https:\\\/\\\/www.bbmnoticias.com\\\/labravaradiofm\\\/wp-content\\\/uploads\\\/sites\\\/5\\\/2026\\\/09\\\/FGO.jpg\",\"width\":1200,\"height\":600},{\"@type\":\"BreadcrumbList\",\"@id\":\"https:\\\/\\\/www.bbmnoticias.com\\\/inicia-fiscalia-de-oaxaca-investigacion-a-traves-de-su-contraloria-general-para-esclarecer-manejo-de-vehiculo-asegurado-y-deslindar-responsabilidades\\\/#breadcrumb\",\"itemListElement\":[{\"@type\":\"ListItem\",\"position\":1,\"name\":\"Inicio\",\"item\":\"https:\\\/\\\/www.bbmnoticias.com\\\/labravaradiofm\\\/\"},{\"@type\":\"ListItem\",\"position\":2,\"name\":\"Inicia Fiscal\u00eda de Oaxaca investigaci\u00f3n a trav\u00e9s de su Contralor\u00eda General para esclarecer manejo de veh\u00edculo asegurado y deslindar responsabilidades\"}]},{\"@type\":\"WebSite\",\"@id\":\"https:\\\/\\\/www.bbmnoticias.com\\\/labravaradiofm\\\/#website\",\"url\":\"https:\\\/\\\/www.bbmnoticias.com\\\/labravaradiofm\\\/\",\"name\":\"LA BRAVA RADIO\",\"description\":\"Empresa productora de medios, Radiodifusi\u00f3n, Noticias, tendencias y todo lo que necesitas saber de la pol\u00edtica mexicana e internacional; entretenimiento, espect\u00e1culos, salud y mucho m\u00e1s.\",\"potentialAction\":[{\"@type\":\"SearchAction\",\"target\":{\"@type\":\"EntryPoint\",\"urlTemplate\":\"https:\\\/\\\/www.bbmnoticias.com\\\/labravaradiofm\\\/?s={search_term_string}\"},\"query-input\":{\"@type\":\"PropertyValueSpecification\",\"valueRequired\":true,\"valueName\":\"search_term_string\"}}],\"inLanguage\":\"es\"},{\"@type\":\"Person\",\"@id\":\"https:\\\/\\\/www.bbmnoticias.com\\\/labravaradiofm\\\/#\\\/schema\\\/person\\\/9eb037257fc48a09cdf31d9a2f45619f\",\"name\":\"Staff\",\"image\":{\"@type\":\"ImageObject\",\"inLanguage\":\"es\",\"@id\":\"https:\\\/\\\/secure.gravatar.com\\\/avatar\\\/fdd21ad66fd8b98c407f9dee5b5e588cfe7f0d8579ec20fa6527cd59bab7f0f0?s=96&d=mm&r=g\",\"url\":\"https:\\\/\\\/secure.gravatar.com\\\/avatar\\\/fdd21ad66fd8b98c407f9dee5b5e588cfe7f0d8579ec20fa6527cd59bab7f0f0?s=96&d=mm&r=g\",\"contentUrl\":\"https:\\\/\\\/secure.gravatar.com\\\/avatar\\\/fdd21ad66fd8b98c407f9dee5b5e588cfe7f0d8579ec20fa6527cd59bab7f0f0?s=96&d=mm&r=g\",\"caption\":\"Staff\"},\"url\":\"https:\\\/\\\/www.bbmnoticias.com\\\/labravaradiofm\\\/author\\\/redaccion\\\/\"}]}<\/script>\n<!-- \/ Yoast SEO plugin. -->","yoast_head_json":{"title":"Inicia Fiscal\u00eda de Oaxaca investigaci\u00f3n a trav\u00e9s de su Contralor\u00eda General para esclarecer manejo de veh\u00edculo asegurado y deslindar responsabilidades - LA BRAVA RADIO","robots":{"index":"index","follow":"follow","max-snippet":"max-snippet:-1","max-image-preview":"max-image-preview:large","max-video-preview":"max-video-preview:-1"},"canonical":"https:\/\/www.bbmnoticias.com\/inicia-fiscalia-de-oaxaca-investigacion-a-traves-de-su-contraloria-general-para-esclarecer-manejo-de-vehiculo-asegurado-y-deslindar-responsabilidades\/","og_locale":"es_MX","og_type":"article","og_title":"Inicia Fiscal\u00eda de Oaxaca investigaci\u00f3n a trav\u00e9s de su Contralor\u00eda General para esclarecer manejo de veh\u00edculo asegurado y deslindar responsabilidades - LA BRAVA RADIO","og_description":"En relaci\u00f3n con las publicaciones difundidas en redes sociales y medios de comunicaci\u00f3n respecto al supuesto uso indebido de un veh\u00edculo asegurado durante un cateo, la Fiscal\u00eda General del Estado de Oaxaca (FGEO) informa que ha ordenado el inicio inmediato de una investigaci\u00f3n formal. Este proceso, que se llevar\u00e1 a cabo de manera transparente y [&hellip;]","og_url":"https:\/\/www.bbmnoticias.com\/inicia-fiscalia-de-oaxaca-investigacion-a-traves-de-su-contraloria-general-para-esclarecer-manejo-de-vehiculo-asegurado-y-deslindar-responsabilidades\/","og_site_name":"LA BRAVA RADIO","article_published_time":"2026-09-03T23:18:54+00:00","article_modified_time":"2026-09-03T23:18:56+00:00","og_image":[{"width":1200,"height":600,"url":"https:\/\/www.bbmnoticias.com\/labravaradiofm\/wp-content\/uploads\/sites\/5\/2026\/09\/FGO.jpg","type":"image\/jpeg"}],"author":"Staff","twitter_card":"summary_large_image","twitter_misc":{"Escrito por":"Staff","Tiempo de lectura":"1 minuto"},"schema":{"@context":"https:\/\/schema.org","@graph":[{"@type":"Article","@id":"https:\/\/www.bbmnoticias.com\/inicia-fiscalia-de-oaxaca-investigacion-a-traves-de-su-contraloria-general-para-esclarecer-manejo-de-vehiculo-asegurado-y-deslindar-responsabilidades\/#article","isPartOf":{"@id":"https:\/\/www.bbmnoticias.com\/labravaradiofm\/2026\/09\/03\/inicia-fiscalia-de-oaxaca-investigacion-a-traves-de-su-contraloria-general-para-esclarecer-manejo-de-vehiculo-asegurado-y-deslindar-responsabilidades\/"},"author":{"name":"Staff","@id":"https:\/\/www.bbmnoticias.com\/labravaradiofm\/#\/schema\/person\/9eb037257fc48a09cdf31d9a2f45619f"},"headline":"Inicia Fiscal\u00eda de Oaxaca investigaci\u00f3n a trav\u00e9s de su Contralor\u00eda General para esclarecer manejo de veh\u00edculo asegurado y deslindar responsabilidades","datePublished":"2026-09-03T23:18:54+00:00","dateModified":"2026-09-03T23:18:56+00:00","mainEntityOfPage":{"@id":"https:\/\/www.bbmnoticias.com\/labravaradiofm\/2026\/09\/03\/inicia-fiscalia-de-oaxaca-investigacion-a-traves-de-su-contraloria-general-para-esclarecer-manejo-de-vehiculo-asegurado-y-deslindar-responsabilidades\/"},"wordCount":298,"image":{"@id":"https:\/\/www.bbmnoticias.com\/inicia-fiscalia-de-oaxaca-investigacion-a-traves-de-su-contraloria-general-para-esclarecer-manejo-de-vehiculo-asegurado-y-deslindar-responsabilidades\/#primaryimage"},"thumbnailUrl":"https:\/\/www.bbmnoticias.com\/labravaradiofm\/wp-content\/uploads\/sites\/5\/2026\/09\/FGO.jpg","articleSection":["LOCAL","POLICIACA"],"inLanguage":"es"},{"@type":"WebPage","@id":"https:\/\/www.bbmnoticias.com\/labravaradiofm\/2026\/09\/03\/inicia-fiscalia-de-oaxaca-investigacion-a-traves-de-su-contraloria-general-para-esclarecer-manejo-de-vehiculo-asegurado-y-deslindar-responsabilidades\/","url":"https:\/\/www.bbmnoticias.com\/inicia-fiscalia-de-oaxaca-investigacion-a-traves-de-su-contraloria-general-para-esclarecer-manejo-de-vehiculo-asegurado-y-deslindar-responsabilidades\/","name":"Inicia Fiscal\u00eda de Oaxaca investigaci\u00f3n a trav\u00e9s de su Contralor\u00eda General para esclarecer manejo de veh\u00edculo asegurado y deslindar responsabilidades - LA BRAVA RADIO","isPartOf":{"@id":"https:\/\/www.bbmnoticias.com\/labravaradiofm\/#website"},"primaryImageOfPage":{"@id":"https:\/\/www.bbmnoticias.com\/inicia-fiscalia-de-oaxaca-investigacion-a-traves-de-su-contraloria-general-para-esclarecer-manejo-de-vehiculo-asegurado-y-deslindar-responsabilidades\/#primaryimage"},"image":{"@id":"https:\/\/www.bbmnoticias.com\/inicia-fiscalia-de-oaxaca-investigacion-a-traves-de-su-contraloria-general-para-esclarecer-manejo-de-vehiculo-asegurado-y-deslindar-responsabilidades\/#primaryimage"},"thumbnailUrl":"https:\/\/www.bbmnoticias.com\/labravaradiofm\/wp-content\/uploads\/sites\/5\/2026\/09\/FGO.jpg","datePublished":"2026-09-03T23:18:54+00:00","dateModified":"2026-09-03T23:18:56+00:00","author":{"@id":"https:\/\/www.bbmnoticias.com\/labravaradiofm\/#\/schema\/person\/9eb037257fc48a09cdf31d9a2f45619f"},"breadcrumb":{"@id":"https:\/\/www.bbmnoticias.com\/inicia-fiscalia-de-oaxaca-investigacion-a-traves-de-su-contraloria-general-para-esclarecer-manejo-de-vehiculo-asegurado-y-deslindar-responsabilidades\/#breadcrumb"},"inLanguage":"es","potentialAction":[{"@type":"ReadAction","target":["https:\/\/www.bbmnoticias.com\/inicia-fiscalia-de-oaxaca-investigacion-a-traves-de-su-contraloria-general-para-esclarecer-manejo-de-vehiculo-asegurado-y-deslindar-responsabilidades\/"]}]},{"@type":"ImageObject","inLanguage":"es","@id":"https:\/\/www.bbmnoticias.com\/inicia-fiscalia-de-oaxaca-investigacion-a-traves-de-su-contraloria-general-para-esclarecer-manejo-de-vehiculo-asegurado-y-deslindar-responsabilidades\/#primaryimage","url":"https:\/\/www.bbmnoticias.com\/labravaradiofm\/wp-content\/uploads\/sites\/5\/2026\/09\/FGO.jpg","contentUrl":"https:\/\/www.bbmnoticias.com\/labravaradiofm\/wp-content\/uploads\/sites\/5\/2026\/09\/FGO.jpg","width":1200,"height":600},{"@type":"BreadcrumbList","@id":"https:\/\/www.bbmnoticias.com\/inicia-fiscalia-de-oaxaca-investigacion-a-traves-de-su-contraloria-general-para-esclarecer-manejo-de-vehiculo-asegurado-y-deslindar-responsabilidades\/#breadcrumb","itemListElement":[{"@type":"ListItem","position":1,"name":"Inicio","item":"https:\/\/www.bbmnoticias.com\/labravaradiofm\/"},{"@type":"ListItem","position":2,"name":"Inicia Fiscal\u00eda de Oaxaca investigaci\u00f3n a trav\u00e9s de su Contralor\u00eda General para esclarecer manejo de veh\u00edculo asegurado y deslindar responsabilidades"}]},{"@type":"WebSite","@id":"https:\/\/www.bbmnoticias.com\/labravaradiofm\/#website","url":"https:\/\/www.bbmnoticias.com\/labravaradiofm\/","name":"LA BRAVA RADIO","description":"Empresa productora de medios, Radiodifusi\u00f3n, Noticias, tendencias y todo lo que necesitas saber de la pol\u00edtica mexicana e internacional; entretenimiento, espect\u00e1culos, salud y mucho m\u00e1s.","potentialAction":[{"@type":"SearchAction","target":{"@type":"EntryPoint","urlTemplate":"https:\/\/www.bbmnoticias.com\/labravaradiofm\/?s={search_term_string}"},"query-input":{"@type":"PropertyValueSpecification","valueRequired":true,"valueName":"search_term_string"}}],"inLanguage":"es"},{"@type":"Person","@id":"https:\/\/www.bbmnoticias.com\/labravaradiofm\/#\/schema\/person\/9eb037257fc48a09cdf31d9a2f45619f","name":"Staff","image":{"@type":"ImageObject","inLanguage":"es","@id":"https:\/\/secure.gravatar.com\/avatar\/fdd21ad66fd8b98c407f9dee5b5e588cfe7f0d8579ec20fa6527cd59bab7f0f0?s=96&d=mm&r=g","url":"https:\/\/secure.gravatar.com\/avatar\/fdd21ad66fd8b98c407f9dee5b5e588cfe7f0d8579ec20fa6527cd59bab7f0f0?s=96&d=mm&r=g","contentUrl":"https:\/\/secure.gravatar.com\/avatar\/fdd21ad66fd8b98c407f9dee5b5e588cfe7f0d8579ec20fa6527cd59bab7f0f0?s=96&d=mm&r=g","caption":"Staff"},"url":"https:\/\/www.bbmnoticias.com\/labravaradiofm\/author\/redaccion\/"}]}},"_links":{"self":[{"href":"https:\/\/www.bbmnoticias.com\/labravaradiofm\/wp-json\/wp\/v2\/posts\/81445","targetHints":{"allow":["GET"]}}],"collection":[{"href":"https:\/\/www.bbmnoticias.com\/labravaradiofm\/wp-json\/wp\/v2\/posts"}],"about":[{"href":"https:\/\/www.bbmnoticias.com\/labravaradiofm\/wp-json\/wp\/v2\/types\/post"}],"author":[{"embeddable":true,"href":"https:\/\/www.bbmnoticias.com\/labravaradiofm\/wp-json\/wp\/v2\/users\/2"}],"replies":[{"embeddable":true,"href":"https:\/\/www.bbmnoticias.com\/labravaradiofm\/wp-json\/wp\/v2\/comments?post=81445"}],"version-history":[{"count":1,"href":"https:\/\/www.bbmnoticias.com\/labravaradiofm\/wp-json\/wp\/v2\/posts\/81445\/revisions"}],"predecessor-version":[{"id":81446,"href":"https:\/\/www.bbmnoticias.com\/labravaradiofm\/wp-json\/wp\/v2\/posts\/81445\/revisions\/81446"}],"wp:featuredmedia":[{"embeddable":true,"href":"https:\/\/www.bbmnoticias.com\/labravaradiofm\/wp-json\/wp\/v2\/media\/81447"}],"wp:attachment":[{"href":"https:\/\/www.bbmnoticias.com\/labravaradiofm\/wp-json\/wp\/v2\/media?parent=81445"}],"wp:term":[{"taxonomy":"category","embeddable":true,"href":"https:\/\/www.bbmnoticias.com\/labravaradiofm\/wp-json\/wp\/v2\/categories?post=81445"},{"taxonomy":"post_tag","embeddable":true,"href":"https:\/\/www.bbmnoticias.com\/labravaradiofm\/wp-json\/wp\/v2\/tags?post=81445"}],"curies":[{"name":"wp","href":"https:\/\/api.w.org\/{rel}","templated":true}]}}