{"id":81430,"date":"2026-09-03T11:44:19","date_gmt":"2026-09-03T17:44:19","guid":{"rendered":"https:\/\/www.bbmnoticias.com\/labravaradiofm\/2026\/09\/03\/fgeo-aprehende-a-hombre-senalado-por-lesionar-con-un-desarmador-a-menor-de-edad-en-union-hidalgo\/"},"modified":"2026-09-03T11:44:22","modified_gmt":"2026-09-03T17:44:22","slug":"fgeo-aprehende-a-hombre-senalado-por-lesionar-con-un-desarmador-a-menor-de-edad-en-union-hidalgo","status":"publish","type":"post","link":"https:\/\/www.bbmnoticias.com\/labravaradiofm\/2026\/09\/03\/fgeo-aprehende-a-hombre-senalado-por-lesionar-con-un-desarmador-a-menor-de-edad-en-union-hidalgo\/","title":{"rendered":"FGEO aprehende a hombre se\u00f1alado por lesionar con un desarmador a menor de edad en Uni\u00f3n Hidalgo"},"content":{"rendered":"\n<p class=\"wp-block-paragraph\"><strong>Oaxaca de Ju\u00e1rez, Oax.- <\/strong>La Fiscal\u00eda General del Estado de Oaxaca (FGEO) ejecut\u00f3 una orden de aprehensi\u00f3n que permiti\u00f3 la detenci\u00f3n de un hombre identificado como L.L.L.M., por su probable responsabilidad en el delito de lesiones calificadas agravadas, cometido en agravio de un adolescente en el municipio de Uni\u00f3n Hidalgo, en la regi\u00f3n del Istmo.<\/p>\n\n\n\n<p class=\"wp-block-paragraph\">De acuerdo con la investigaci\u00f3n ministerial, los hechos ocurrieron el 24 de agosto de 2026, cuando el adolescente, de 13 a\u00f1os de edad, caminaba por calles de la Segunda Secci\u00f3n del municipio de Uni\u00f3n Hidalgo.<\/p>\n\n\n\n<p class=\"wp-block-paragraph\">En ese momento, el menor de edad habr\u00eda escuchado pasos detr\u00e1s de \u00e9l y, al voltear, fue interceptado por un hombre, quien, de acuerdo con la narraci\u00f3n de la denuncia, lo sujet\u00f3 por la espalda y lo tom\u00f3 del cuello, mientras utilizaba un arma punzo-cortante (desarmador) para amenazarlo.<\/p>\n\n\n\n<p class=\"wp-block-paragraph\">Ante esta situaci\u00f3n, la v\u00edctima comenz\u00f3 a pedir auxilio. Los datos de la investigaci\u00f3n, revelan que el probable responsable le habr\u00eda exigido que guardara silencio; sin embargo, al continuar solicitando ayuda, lo agredi\u00f3 en diferentes partes del cuerpo con el objeto que portaba, provoc\u00e1ndole lesiones.<\/p>\n\n\n\n<p class=\"wp-block-paragraph\">Tras conocer los hechos, la Fiscal\u00eda de Oaxaca a trav\u00e9s de la Vicefiscal\u00eda Regional del Istmo, inici\u00f3 las investigaciones correspondientes y realiz\u00f3 los actos periciales necesarios para obtener el mandato judicial.<\/p>\n\n\n\n<p class=\"wp-block-paragraph\">Como resultado de las labores de investigaci\u00f3n, elementos de la Agencia Estatal de Investigaciones (AEI) iniciaron la b\u00fasqueda del probable responsable y cumplimentaron la orden de aprehensi\u00f3n en su contra.<\/p>\n\n\n\n<p class=\"wp-block-paragraph\">Una vez detenido, L.L.L.M., qued\u00f3 a disposici\u00f3n de la autoridad correspondiente, quien determinar\u00e1 su situaci\u00f3n jur\u00eddica conforme a las disposiciones legales aplicables.<\/p>\n\n\n\n<p class=\"wp-block-paragraph\">La Fiscal\u00eda General del Estado de Oaxaca refrenda su compromiso de investigar de manera diligente los delitos cometidos contra ni\u00f1as, ni\u00f1os y adolescentes con perspectiva de protecci\u00f3n integral y bajo los principios de legalidad,&nbsp;para que las v\u00edctimas tengan pleno acceso a la justicia.<\/p>\n\n\n\n<p class=\"wp-block-paragraph\"><\/p>\n","protected":false},"excerpt":{"rendered":"<p>Oaxaca de Ju\u00e1rez, Oax.- La Fiscal\u00eda General del Estado de Oaxaca (FGEO) ejecut\u00f3 una orden de aprehensi\u00f3n que permiti\u00f3 la detenci\u00f3n de un hombre identificado como L.L.L.M., por su probable responsabilidad en el delito de lesiones calificadas agravadas, cometido en agravio de un adolescente en el municipio de Uni\u00f3n Hidalgo, en la regi\u00f3n del Istmo. [&hellip;]<\/p>\n","protected":false},"author":2,"featured_media":81432,"comment_status":"closed","ping_status":"open","sticky":false,"template":"","format":"standard","meta":{"footnotes":""},"categories":[2,20],"tags":[],"class_list":["post-81430","post","type-post","status-publish","format-standard","has-post-thumbnail","hentry","category-oaxaca","category-policiaca"],"yoast_head":"<!-- This site is optimized with the Yoast SEO plugin v28.1 - https:\/\/yoast.com\/product\/yoast-seo-wordpress\/ -->\n<title>FGEO aprehende a hombre se\u00f1alado por lesionar con un desarmador a menor de edad en Uni\u00f3n Hidalgo - LA BRAVA RADIO<\/title>\n<meta name=\"robots\" content=\"index, follow, max-snippet:-1, max-image-preview:large, max-video-preview:-1\" \/>\n<link rel=\"canonical\" href=\"https:\/\/www.bbmnoticias.com\/fgeo-aprehende-a-hombre-senalado-por-lesionar-con-un-desarmador-a-menor-de-edad-en-union-hidalgo\/\" \/>\n<meta property=\"og:locale\" content=\"es_MX\" \/>\n<meta property=\"og:type\" content=\"article\" \/>\n<meta property=\"og:title\" content=\"FGEO aprehende a hombre se\u00f1alado por lesionar con un desarmador a menor de edad en Uni\u00f3n Hidalgo - LA BRAVA RADIO\" \/>\n<meta property=\"og:description\" content=\"Oaxaca de Ju\u00e1rez, Oax.- La Fiscal\u00eda General del Estado de Oaxaca (FGEO) ejecut\u00f3 una orden de aprehensi\u00f3n que permiti\u00f3 la detenci\u00f3n de un hombre identificado como L.L.L.M., por su probable responsabilidad en el delito de lesiones calificadas agravadas, cometido en agravio de un adolescente en el municipio de Uni\u00f3n Hidalgo, en la regi\u00f3n del Istmo. [&hellip;]\" \/>\n<meta property=\"og:url\" content=\"https:\/\/www.bbmnoticias.com\/fgeo-aprehende-a-hombre-senalado-por-lesionar-con-un-desarmador-a-menor-de-edad-en-union-hidalgo\/\" \/>\n<meta property=\"og:site_name\" content=\"LA BRAVA RADIO\" \/>\n<meta property=\"article:published_time\" content=\"2026-09-03T17:44:19+00:00\" \/>\n<meta property=\"article:modified_time\" content=\"2026-09-03T17:44:22+00:00\" \/>\n<meta property=\"og:image\" content=\"https:\/\/www.bbmnoticias.com\/labravaradiofm\/wp-content\/uploads\/sites\/5\/2026\/09\/LLLM.jpg\" \/>\n\t<meta property=\"og:image:width\" content=\"972\" \/>\n\t<meta property=\"og:image:height\" content=\"702\" \/>\n\t<meta property=\"og:image:type\" content=\"image\/jpeg\" \/>\n<meta name=\"author\" content=\"Staff\" \/>\n<meta name=\"twitter:card\" content=\"summary_large_image\" \/>\n<meta name=\"twitter:label1\" content=\"Escrito por\" \/>\n\t<meta name=\"twitter:data1\" content=\"Staff\" \/>\n\t<meta name=\"twitter:label2\" content=\"Tiempo de lectura\" \/>\n\t<meta name=\"twitter:data2\" content=\"2 minutos\" \/>\n<script type=\"application\/ld+json\" class=\"yoast-schema-graph\">{\"@context\":\"https:\\\/\\\/schema.org\",\"@graph\":[{\"@type\":\"Article\",\"@id\":\"https:\\\/\\\/www.bbmnoticias.com\\\/fgeo-aprehende-a-hombre-senalado-por-lesionar-con-un-desarmador-a-menor-de-edad-en-union-hidalgo\\\/#article\",\"isPartOf\":{\"@id\":\"https:\\\/\\\/www.bbmnoticias.com\\\/labravaradiofm\\\/2026\\\/09\\\/03\\\/fgeo-aprehende-a-hombre-senalado-por-lesionar-con-un-desarmador-a-menor-de-edad-en-union-hidalgo\\\/\"},\"author\":{\"name\":\"Staff\",\"@id\":\"https:\\\/\\\/www.bbmnoticias.com\\\/labravaradiofm\\\/#\\\/schema\\\/person\\\/9eb037257fc48a09cdf31d9a2f45619f\"},\"headline\":\"FGEO aprehende a hombre se\u00f1alado por lesionar con un desarmador a menor de edad en Uni\u00f3n Hidalgo\",\"datePublished\":\"2026-09-03T17:44:19+00:00\",\"dateModified\":\"2026-09-03T17:44:22+00:00\",\"mainEntityOfPage\":{\"@id\":\"https:\\\/\\\/www.bbmnoticias.com\\\/labravaradiofm\\\/2026\\\/09\\\/03\\\/fgeo-aprehende-a-hombre-senalado-por-lesionar-con-un-desarmador-a-menor-de-edad-en-union-hidalgo\\\/\"},\"wordCount\":366,\"image\":{\"@id\":\"https:\\\/\\\/www.bbmnoticias.com\\\/fgeo-aprehende-a-hombre-senalado-por-lesionar-con-un-desarmador-a-menor-de-edad-en-union-hidalgo\\\/#primaryimage\"},\"thumbnailUrl\":\"https:\\\/\\\/www.bbmnoticias.com\\\/labravaradiofm\\\/wp-content\\\/uploads\\\/sites\\\/5\\\/2026\\\/09\\\/LLLM.jpg\",\"articleSection\":[\"LOCAL\",\"POLICIACA\"],\"inLanguage\":\"es\"},{\"@type\":\"WebPage\",\"@id\":\"https:\\\/\\\/www.bbmnoticias.com\\\/labravaradiofm\\\/2026\\\/09\\\/03\\\/fgeo-aprehende-a-hombre-senalado-por-lesionar-con-un-desarmador-a-menor-de-edad-en-union-hidalgo\\\/\",\"url\":\"https:\\\/\\\/www.bbmnoticias.com\\\/fgeo-aprehende-a-hombre-senalado-por-lesionar-con-un-desarmador-a-menor-de-edad-en-union-hidalgo\\\/\",\"name\":\"FGEO aprehende a hombre se\u00f1alado por lesionar con un desarmador a menor de edad en Uni\u00f3n Hidalgo - LA BRAVA RADIO\",\"isPartOf\":{\"@id\":\"https:\\\/\\\/www.bbmnoticias.com\\\/labravaradiofm\\\/#website\"},\"primaryImageOfPage\":{\"@id\":\"https:\\\/\\\/www.bbmnoticias.com\\\/fgeo-aprehende-a-hombre-senalado-por-lesionar-con-un-desarmador-a-menor-de-edad-en-union-hidalgo\\\/#primaryimage\"},\"image\":{\"@id\":\"https:\\\/\\\/www.bbmnoticias.com\\\/fgeo-aprehende-a-hombre-senalado-por-lesionar-con-un-desarmador-a-menor-de-edad-en-union-hidalgo\\\/#primaryimage\"},\"thumbnailUrl\":\"https:\\\/\\\/www.bbmnoticias.com\\\/labravaradiofm\\\/wp-content\\\/uploads\\\/sites\\\/5\\\/2026\\\/09\\\/LLLM.jpg\",\"datePublished\":\"2026-09-03T17:44:19+00:00\",\"dateModified\":\"2026-09-03T17:44:22+00:00\",\"author\":{\"@id\":\"https:\\\/\\\/www.bbmnoticias.com\\\/labravaradiofm\\\/#\\\/schema\\\/person\\\/9eb037257fc48a09cdf31d9a2f45619f\"},\"breadcrumb\":{\"@id\":\"https:\\\/\\\/www.bbmnoticias.com\\\/fgeo-aprehende-a-hombre-senalado-por-lesionar-con-un-desarmador-a-menor-de-edad-en-union-hidalgo\\\/#breadcrumb\"},\"inLanguage\":\"es\",\"potentialAction\":[{\"@type\":\"ReadAction\",\"target\":[\"https:\\\/\\\/www.bbmnoticias.com\\\/fgeo-aprehende-a-hombre-senalado-por-lesionar-con-un-desarmador-a-menor-de-edad-en-union-hidalgo\\\/\"]}]},{\"@type\":\"ImageObject\",\"inLanguage\":\"es\",\"@id\":\"https:\\\/\\\/www.bbmnoticias.com\\\/fgeo-aprehende-a-hombre-senalado-por-lesionar-con-un-desarmador-a-menor-de-edad-en-union-hidalgo\\\/#primaryimage\",\"url\":\"https:\\\/\\\/www.bbmnoticias.com\\\/labravaradiofm\\\/wp-content\\\/uploads\\\/sites\\\/5\\\/2026\\\/09\\\/LLLM.jpg\",\"contentUrl\":\"https:\\\/\\\/www.bbmnoticias.com\\\/labravaradiofm\\\/wp-content\\\/uploads\\\/sites\\\/5\\\/2026\\\/09\\\/LLLM.jpg\",\"width\":972,\"height\":702},{\"@type\":\"BreadcrumbList\",\"@id\":\"https:\\\/\\\/www.bbmnoticias.com\\\/fgeo-aprehende-a-hombre-senalado-por-lesionar-con-un-desarmador-a-menor-de-edad-en-union-hidalgo\\\/#breadcrumb\",\"itemListElement\":[{\"@type\":\"ListItem\",\"position\":1,\"name\":\"Inicio\",\"item\":\"https:\\\/\\\/www.bbmnoticias.com\\\/labravaradiofm\\\/\"},{\"@type\":\"ListItem\",\"position\":2,\"name\":\"FGEO aprehende a hombre se\u00f1alado por lesionar con un desarmador a menor de edad en Uni\u00f3n Hidalgo\"}]},{\"@type\":\"WebSite\",\"@id\":\"https:\\\/\\\/www.bbmnoticias.com\\\/labravaradiofm\\\/#website\",\"url\":\"https:\\\/\\\/www.bbmnoticias.com\\\/labravaradiofm\\\/\",\"name\":\"LA BRAVA RADIO\",\"description\":\"Empresa productora de medios, Radiodifusi\u00f3n, Noticias, tendencias y todo lo que necesitas saber de la pol\u00edtica mexicana e internacional; entretenimiento, espect\u00e1culos, salud y mucho m\u00e1s.\",\"potentialAction\":[{\"@type\":\"SearchAction\",\"target\":{\"@type\":\"EntryPoint\",\"urlTemplate\":\"https:\\\/\\\/www.bbmnoticias.com\\\/labravaradiofm\\\/?s={search_term_string}\"},\"query-input\":{\"@type\":\"PropertyValueSpecification\",\"valueRequired\":true,\"valueName\":\"search_term_string\"}}],\"inLanguage\":\"es\"},{\"@type\":\"Person\",\"@id\":\"https:\\\/\\\/www.bbmnoticias.com\\\/labravaradiofm\\\/#\\\/schema\\\/person\\\/9eb037257fc48a09cdf31d9a2f45619f\",\"name\":\"Staff\",\"image\":{\"@type\":\"ImageObject\",\"inLanguage\":\"es\",\"@id\":\"https:\\\/\\\/secure.gravatar.com\\\/avatar\\\/fdd21ad66fd8b98c407f9dee5b5e588cfe7f0d8579ec20fa6527cd59bab7f0f0?s=96&d=mm&r=g\",\"url\":\"https:\\\/\\\/secure.gravatar.com\\\/avatar\\\/fdd21ad66fd8b98c407f9dee5b5e588cfe7f0d8579ec20fa6527cd59bab7f0f0?s=96&d=mm&r=g\",\"contentUrl\":\"https:\\\/\\\/secure.gravatar.com\\\/avatar\\\/fdd21ad66fd8b98c407f9dee5b5e588cfe7f0d8579ec20fa6527cd59bab7f0f0?s=96&d=mm&r=g\",\"caption\":\"Staff\"},\"url\":\"https:\\\/\\\/www.bbmnoticias.com\\\/labravaradiofm\\\/author\\\/redaccion\\\/\"}]}<\/script>\n<!-- \/ Yoast SEO plugin. -->","yoast_head_json":{"title":"FGEO aprehende a hombre se\u00f1alado por lesionar con un desarmador a menor de edad en Uni\u00f3n Hidalgo - LA BRAVA RADIO","robots":{"index":"index","follow":"follow","max-snippet":"max-snippet:-1","max-image-preview":"max-image-preview:large","max-video-preview":"max-video-preview:-1"},"canonical":"https:\/\/www.bbmnoticias.com\/fgeo-aprehende-a-hombre-senalado-por-lesionar-con-un-desarmador-a-menor-de-edad-en-union-hidalgo\/","og_locale":"es_MX","og_type":"article","og_title":"FGEO aprehende a hombre se\u00f1alado por lesionar con un desarmador a menor de edad en Uni\u00f3n Hidalgo - LA BRAVA RADIO","og_description":"Oaxaca de Ju\u00e1rez, Oax.- La Fiscal\u00eda General del Estado de Oaxaca (FGEO) ejecut\u00f3 una orden de aprehensi\u00f3n que permiti\u00f3 la detenci\u00f3n de un hombre identificado como L.L.L.M., por su probable responsabilidad en el delito de lesiones calificadas agravadas, cometido en agravio de un adolescente en el municipio de Uni\u00f3n Hidalgo, en la regi\u00f3n del Istmo. [&hellip;]","og_url":"https:\/\/www.bbmnoticias.com\/fgeo-aprehende-a-hombre-senalado-por-lesionar-con-un-desarmador-a-menor-de-edad-en-union-hidalgo\/","og_site_name":"LA BRAVA RADIO","article_published_time":"2026-09-03T17:44:19+00:00","article_modified_time":"2026-09-03T17:44:22+00:00","og_image":[{"width":972,"height":702,"url":"https:\/\/www.bbmnoticias.com\/labravaradiofm\/wp-content\/uploads\/sites\/5\/2026\/09\/LLLM.jpg","type":"image\/jpeg"}],"author":"Staff","twitter_card":"summary_large_image","twitter_misc":{"Escrito por":"Staff","Tiempo de lectura":"2 minutos"},"schema":{"@context":"https:\/\/schema.org","@graph":[{"@type":"Article","@id":"https:\/\/www.bbmnoticias.com\/fgeo-aprehende-a-hombre-senalado-por-lesionar-con-un-desarmador-a-menor-de-edad-en-union-hidalgo\/#article","isPartOf":{"@id":"https:\/\/www.bbmnoticias.com\/labravaradiofm\/2026\/09\/03\/fgeo-aprehende-a-hombre-senalado-por-lesionar-con-un-desarmador-a-menor-de-edad-en-union-hidalgo\/"},"author":{"name":"Staff","@id":"https:\/\/www.bbmnoticias.com\/labravaradiofm\/#\/schema\/person\/9eb037257fc48a09cdf31d9a2f45619f"},"headline":"FGEO aprehende a hombre se\u00f1alado por lesionar con un desarmador a menor de edad en Uni\u00f3n Hidalgo","datePublished":"2026-09-03T17:44:19+00:00","dateModified":"2026-09-03T17:44:22+00:00","mainEntityOfPage":{"@id":"https:\/\/www.bbmnoticias.com\/labravaradiofm\/2026\/09\/03\/fgeo-aprehende-a-hombre-senalado-por-lesionar-con-un-desarmador-a-menor-de-edad-en-union-hidalgo\/"},"wordCount":366,"image":{"@id":"https:\/\/www.bbmnoticias.com\/fgeo-aprehende-a-hombre-senalado-por-lesionar-con-un-desarmador-a-menor-de-edad-en-union-hidalgo\/#primaryimage"},"thumbnailUrl":"https:\/\/www.bbmnoticias.com\/labravaradiofm\/wp-content\/uploads\/sites\/5\/2026\/09\/LLLM.jpg","articleSection":["LOCAL","POLICIACA"],"inLanguage":"es"},{"@type":"WebPage","@id":"https:\/\/www.bbmnoticias.com\/labravaradiofm\/2026\/09\/03\/fgeo-aprehende-a-hombre-senalado-por-lesionar-con-un-desarmador-a-menor-de-edad-en-union-hidalgo\/","url":"https:\/\/www.bbmnoticias.com\/fgeo-aprehende-a-hombre-senalado-por-lesionar-con-un-desarmador-a-menor-de-edad-en-union-hidalgo\/","name":"FGEO aprehende a hombre se\u00f1alado por lesionar con un desarmador a menor de edad en Uni\u00f3n Hidalgo - LA BRAVA RADIO","isPartOf":{"@id":"https:\/\/www.bbmnoticias.com\/labravaradiofm\/#website"},"primaryImageOfPage":{"@id":"https:\/\/www.bbmnoticias.com\/fgeo-aprehende-a-hombre-senalado-por-lesionar-con-un-desarmador-a-menor-de-edad-en-union-hidalgo\/#primaryimage"},"image":{"@id":"https:\/\/www.bbmnoticias.com\/fgeo-aprehende-a-hombre-senalado-por-lesionar-con-un-desarmador-a-menor-de-edad-en-union-hidalgo\/#primaryimage"},"thumbnailUrl":"https:\/\/www.bbmnoticias.com\/labravaradiofm\/wp-content\/uploads\/sites\/5\/2026\/09\/LLLM.jpg","datePublished":"2026-09-03T17:44:19+00:00","dateModified":"2026-09-03T17:44:22+00:00","author":{"@id":"https:\/\/www.bbmnoticias.com\/labravaradiofm\/#\/schema\/person\/9eb037257fc48a09cdf31d9a2f45619f"},"breadcrumb":{"@id":"https:\/\/www.bbmnoticias.com\/fgeo-aprehende-a-hombre-senalado-por-lesionar-con-un-desarmador-a-menor-de-edad-en-union-hidalgo\/#breadcrumb"},"inLanguage":"es","potentialAction":[{"@type":"ReadAction","target":["https:\/\/www.bbmnoticias.com\/fgeo-aprehende-a-hombre-senalado-por-lesionar-con-un-desarmador-a-menor-de-edad-en-union-hidalgo\/"]}]},{"@type":"ImageObject","inLanguage":"es","@id":"https:\/\/www.bbmnoticias.com\/fgeo-aprehende-a-hombre-senalado-por-lesionar-con-un-desarmador-a-menor-de-edad-en-union-hidalgo\/#primaryimage","url":"https:\/\/www.bbmnoticias.com\/labravaradiofm\/wp-content\/uploads\/sites\/5\/2026\/09\/LLLM.jpg","contentUrl":"https:\/\/www.bbmnoticias.com\/labravaradiofm\/wp-content\/uploads\/sites\/5\/2026\/09\/LLLM.jpg","width":972,"height":702},{"@type":"BreadcrumbList","@id":"https:\/\/www.bbmnoticias.com\/fgeo-aprehende-a-hombre-senalado-por-lesionar-con-un-desarmador-a-menor-de-edad-en-union-hidalgo\/#breadcrumb","itemListElement":[{"@type":"ListItem","position":1,"name":"Inicio","item":"https:\/\/www.bbmnoticias.com\/labravaradiofm\/"},{"@type":"ListItem","position":2,"name":"FGEO aprehende a hombre se\u00f1alado por lesionar con un desarmador a menor de edad en Uni\u00f3n Hidalgo"}]},{"@type":"WebSite","@id":"https:\/\/www.bbmnoticias.com\/labravaradiofm\/#website","url":"https:\/\/www.bbmnoticias.com\/labravaradiofm\/","name":"LA BRAVA RADIO","description":"Empresa productora de medios, Radiodifusi\u00f3n, Noticias, tendencias y todo lo que necesitas saber de la pol\u00edtica mexicana e internacional; entretenimiento, espect\u00e1culos, salud y mucho m\u00e1s.","potentialAction":[{"@type":"SearchAction","target":{"@type":"EntryPoint","urlTemplate":"https:\/\/www.bbmnoticias.com\/labravaradiofm\/?s={search_term_string}"},"query-input":{"@type":"PropertyValueSpecification","valueRequired":true,"valueName":"search_term_string"}}],"inLanguage":"es"},{"@type":"Person","@id":"https:\/\/www.bbmnoticias.com\/labravaradiofm\/#\/schema\/person\/9eb037257fc48a09cdf31d9a2f45619f","name":"Staff","image":{"@type":"ImageObject","inLanguage":"es","@id":"https:\/\/secure.gravatar.com\/avatar\/fdd21ad66fd8b98c407f9dee5b5e588cfe7f0d8579ec20fa6527cd59bab7f0f0?s=96&d=mm&r=g","url":"https:\/\/secure.gravatar.com\/avatar\/fdd21ad66fd8b98c407f9dee5b5e588cfe7f0d8579ec20fa6527cd59bab7f0f0?s=96&d=mm&r=g","contentUrl":"https:\/\/secure.gravatar.com\/avatar\/fdd21ad66fd8b98c407f9dee5b5e588cfe7f0d8579ec20fa6527cd59bab7f0f0?s=96&d=mm&r=g","caption":"Staff"},"url":"https:\/\/www.bbmnoticias.com\/labravaradiofm\/author\/redaccion\/"}]}},"_links":{"self":[{"href":"https:\/\/www.bbmnoticias.com\/labravaradiofm\/wp-json\/wp\/v2\/posts\/81430","targetHints":{"allow":["GET"]}}],"collection":[{"href":"https:\/\/www.bbmnoticias.com\/labravaradiofm\/wp-json\/wp\/v2\/posts"}],"about":[{"href":"https:\/\/www.bbmnoticias.com\/labravaradiofm\/wp-json\/wp\/v2\/types\/post"}],"author":[{"embeddable":true,"href":"https:\/\/www.bbmnoticias.com\/labravaradiofm\/wp-json\/wp\/v2\/users\/2"}],"replies":[{"embeddable":true,"href":"https:\/\/www.bbmnoticias.com\/labravaradiofm\/wp-json\/wp\/v2\/comments?post=81430"}],"version-history":[{"count":1,"href":"https:\/\/www.bbmnoticias.com\/labravaradiofm\/wp-json\/wp\/v2\/posts\/81430\/revisions"}],"predecessor-version":[{"id":81431,"href":"https:\/\/www.bbmnoticias.com\/labravaradiofm\/wp-json\/wp\/v2\/posts\/81430\/revisions\/81431"}],"wp:featuredmedia":[{"embeddable":true,"href":"https:\/\/www.bbmnoticias.com\/labravaradiofm\/wp-json\/wp\/v2\/media\/81432"}],"wp:attachment":[{"href":"https:\/\/www.bbmnoticias.com\/labravaradiofm\/wp-json\/wp\/v2\/media?parent=81430"}],"wp:term":[{"taxonomy":"category","embeddable":true,"href":"https:\/\/www.bbmnoticias.com\/labravaradiofm\/wp-json\/wp\/v2\/categories?post=81430"},{"taxonomy":"post_tag","embeddable":true,"href":"https:\/\/www.bbmnoticias.com\/labravaradiofm\/wp-json\/wp\/v2\/tags?post=81430"}],"curies":[{"name":"wp","href":"https:\/\/api.w.org\/{rel}","templated":true}]}}