{"id":81412,"date":"2026-09-03T08:51:28","date_gmt":"2026-09-03T14:51:28","guid":{"rendered":"https:\/\/www.bbmnoticias.com\/labravaradiofm\/2026\/09\/03\/fiscalia-de-oaxaca-aprehende-a-sindico-y-regidor-por-violencia-politica-contra-presidenta-municipal\/"},"modified":"2026-09-03T08:51:31","modified_gmt":"2026-09-03T14:51:31","slug":"fiscalia-de-oaxaca-aprehende-a-sindico-y-regidor-por-violencia-politica-contra-presidenta-municipal","status":"publish","type":"post","link":"https:\/\/www.bbmnoticias.com\/labravaradiofm\/2026\/09\/03\/fiscalia-de-oaxaca-aprehende-a-sindico-y-regidor-por-violencia-politica-contra-presidenta-municipal\/","title":{"rendered":"Fiscal\u00eda de Oaxaca aprehende a S\u00edndico y Regidor por violencia pol\u00edtica contra presidenta municipal"},"content":{"rendered":"\n<p class=\"wp-block-paragraph\">Oaxaca de Ju\u00e1rez, Oax.-\u00a0 La Fiscal\u00eda General del Estado de Oaxaca (FGEO) ejecut\u00f3 \u00f3rdenes de aprehensi\u00f3n contra dos hombres identificados como A.B.R. y J.M.M.\u00a0 -Regidor de Hacienda y S\u00edndico Municipal, respectivamente-, por su probable responsabilidad en el delito de violencia pol\u00edtica agravada contra las mujeres en raz\u00f3n de g\u00e9nero, cometida en agravio de la presidenta municipal de Santiago Cho\u00e1pam, en la regi\u00f3n de la Cuenca.<\/p>\n\n\n\n<p class=\"wp-block-paragraph\">De acuerdo con la carpeta de investigaci\u00f3n, los hechos ocurrieron en junio de 2026, cuando la v\u00edctima se encontraba en la cancha municipal de la agencia de Santo Domingo Latani, perteneciente a Santiago Cho\u00e1pam, donde se desarrollaba una reuni\u00f3n con integrantes de la comunidad, autoridades municipales y comunitarias.<\/p>\n\n\n\n<p class=\"wp-block-paragraph\">Durante este encuentro, la v\u00edctima habr\u00eda sido desacreditada en el ejercicio de sus funciones como presidenta municipal, as\u00ed como habr\u00eda sufrido amenazas e intimidaci\u00f3n, adem\u00e1s de ser retenida contra su voluntad y obligada a firmar un acta mediante la cual pretend\u00edan hacerla renunciar a su cargo y desconocerla como autoridad municipal.<\/p>\n\n\n\n<p class=\"wp-block-paragraph\">&nbsp;Posteriormente, despu\u00e9s de firmar el documento fue dejada en libertad un d\u00eda despu\u00e9s.<\/p>\n\n\n\n<p class=\"wp-block-paragraph\">Desde que tuvo conocimiento de los hechos, la FGEO inici\u00f3 las investigaciones correspondientes bajo perspectiva de g\u00e9nero, reconociendo que las agresiones contra mujeres que participan en la vida p\u00fablica y ejercen cargos de representaci\u00f3n constituyen una forma de violencia que busca limitar, menoscabar o impedir el ejercicio de sus derechos pol\u00edtico-electorales.<\/p>\n\n\n\n<p class=\"wp-block-paragraph\">Como resultado de las investigaciones realizadas por la Fiscal\u00eda Especializada en Delitos Electorales, se obtuvieron las \u00f3rdenes de aprehensi\u00f3n correspondientes, mismas que fueron ejecutadas contra A.B.R. y J.M.M., quienes se desempe\u00f1aban como Regidor de Hacienda y S\u00edndico Municipal de la comunidad.<\/p>\n\n\n\n<p class=\"wp-block-paragraph\">Los detenidos quedaron a disposici\u00f3n de la autoridad ministerial, instancia que determinar\u00e1 su situaci\u00f3n jur\u00eddica.<\/p>\n\n\n\n<p class=\"wp-block-paragraph\"><\/p>\n","protected":false},"excerpt":{"rendered":"<p>Oaxaca de Ju\u00e1rez, Oax.-\u00a0 La Fiscal\u00eda General del Estado de Oaxaca (FGEO) ejecut\u00f3 \u00f3rdenes de aprehensi\u00f3n contra dos hombres identificados como A.B.R. y J.M.M.\u00a0 -Regidor de Hacienda y S\u00edndico Municipal, respectivamente-, por su probable responsabilidad en el delito de violencia pol\u00edtica agravada contra las mujeres en raz\u00f3n de g\u00e9nero, cometida en agravio de la presidenta [&hellip;]<\/p>\n","protected":false},"author":2,"featured_media":81414,"comment_status":"closed","ping_status":"open","sticky":false,"template":"","format":"standard","meta":{"footnotes":""},"categories":[2,20],"tags":[],"class_list":["post-81412","post","type-post","status-publish","format-standard","has-post-thumbnail","hentry","category-oaxaca","category-policiaca"],"yoast_head":"<!-- This site is optimized with the Yoast SEO plugin v28.1 - https:\/\/yoast.com\/product\/yoast-seo-wordpress\/ -->\n<title>Fiscal\u00eda de Oaxaca aprehende a S\u00edndico y Regidor por violencia pol\u00edtica contra presidenta municipal - LA BRAVA RADIO<\/title>\n<meta name=\"robots\" content=\"index, follow, max-snippet:-1, max-image-preview:large, max-video-preview:-1\" \/>\n<link rel=\"canonical\" href=\"https:\/\/www.bbmnoticias.com\/fiscalia-de-oaxaca-aprehende-a-sindico-y-regidor-por-violencia-politica-contra-presidenta-municipal\/\" \/>\n<meta property=\"og:locale\" content=\"es_MX\" \/>\n<meta property=\"og:type\" content=\"article\" \/>\n<meta property=\"og:title\" content=\"Fiscal\u00eda de Oaxaca aprehende a S\u00edndico y Regidor por violencia pol\u00edtica contra presidenta municipal - LA BRAVA RADIO\" \/>\n<meta property=\"og:description\" content=\"Oaxaca de Ju\u00e1rez, Oax.-\u00a0 La Fiscal\u00eda General del Estado de Oaxaca (FGEO) ejecut\u00f3 \u00f3rdenes de aprehensi\u00f3n contra dos hombres identificados como A.B.R. y J.M.M.\u00a0 -Regidor de Hacienda y S\u00edndico Municipal, respectivamente-, por su probable responsabilidad en el delito de violencia pol\u00edtica agravada contra las mujeres en raz\u00f3n de g\u00e9nero, cometida en agravio de la presidenta [&hellip;]\" \/>\n<meta property=\"og:url\" content=\"https:\/\/www.bbmnoticias.com\/fiscalia-de-oaxaca-aprehende-a-sindico-y-regidor-por-violencia-politica-contra-presidenta-municipal\/\" \/>\n<meta property=\"og:site_name\" content=\"LA BRAVA RADIO\" \/>\n<meta property=\"article:published_time\" content=\"2026-09-03T14:51:28+00:00\" \/>\n<meta property=\"article:modified_time\" content=\"2026-09-03T14:51:31+00:00\" \/>\n<meta property=\"og:image\" content=\"https:\/\/www.bbmnoticias.com\/labravaradiofm\/wp-content\/uploads\/sites\/5\/2026\/09\/asaeo_oaxaca.jpg\" \/>\n\t<meta property=\"og:image:width\" content=\"800\" \/>\n\t<meta property=\"og:image:height\" content=\"456\" \/>\n\t<meta property=\"og:image:type\" content=\"image\/jpeg\" \/>\n<meta name=\"author\" content=\"Staff\" \/>\n<meta name=\"twitter:card\" content=\"summary_large_image\" \/>\n<meta name=\"twitter:label1\" content=\"Escrito por\" \/>\n\t<meta name=\"twitter:data1\" content=\"Staff\" \/>\n\t<meta name=\"twitter:label2\" content=\"Tiempo de lectura\" \/>\n\t<meta name=\"twitter:data2\" content=\"2 minutos\" \/>\n<script type=\"application\/ld+json\" class=\"yoast-schema-graph\">{\"@context\":\"https:\\\/\\\/schema.org\",\"@graph\":[{\"@type\":\"Article\",\"@id\":\"https:\\\/\\\/www.bbmnoticias.com\\\/fiscalia-de-oaxaca-aprehende-a-sindico-y-regidor-por-violencia-politica-contra-presidenta-municipal\\\/#article\",\"isPartOf\":{\"@id\":\"https:\\\/\\\/www.bbmnoticias.com\\\/labravaradiofm\\\/2026\\\/09\\\/03\\\/fiscalia-de-oaxaca-aprehende-a-sindico-y-regidor-por-violencia-politica-contra-presidenta-municipal\\\/\"},\"author\":{\"name\":\"Staff\",\"@id\":\"https:\\\/\\\/www.bbmnoticias.com\\\/labravaradiofm\\\/#\\\/schema\\\/person\\\/9eb037257fc48a09cdf31d9a2f45619f\"},\"headline\":\"Fiscal\u00eda de Oaxaca aprehende a S\u00edndico y Regidor por violencia pol\u00edtica contra presidenta municipal\",\"datePublished\":\"2026-09-03T14:51:28+00:00\",\"dateModified\":\"2026-09-03T14:51:31+00:00\",\"mainEntityOfPage\":{\"@id\":\"https:\\\/\\\/www.bbmnoticias.com\\\/labravaradiofm\\\/2026\\\/09\\\/03\\\/fiscalia-de-oaxaca-aprehende-a-sindico-y-regidor-por-violencia-politica-contra-presidenta-municipal\\\/\"},\"wordCount\":343,\"image\":{\"@id\":\"https:\\\/\\\/www.bbmnoticias.com\\\/fiscalia-de-oaxaca-aprehende-a-sindico-y-regidor-por-violencia-politica-contra-presidenta-municipal\\\/#primaryimage\"},\"thumbnailUrl\":\"https:\\\/\\\/www.bbmnoticias.com\\\/labravaradiofm\\\/wp-content\\\/uploads\\\/sites\\\/5\\\/2026\\\/09\\\/asaeo_oaxaca.jpg\",\"articleSection\":[\"LOCAL\",\"POLICIACA\"],\"inLanguage\":\"es\"},{\"@type\":\"WebPage\",\"@id\":\"https:\\\/\\\/www.bbmnoticias.com\\\/labravaradiofm\\\/2026\\\/09\\\/03\\\/fiscalia-de-oaxaca-aprehende-a-sindico-y-regidor-por-violencia-politica-contra-presidenta-municipal\\\/\",\"url\":\"https:\\\/\\\/www.bbmnoticias.com\\\/fiscalia-de-oaxaca-aprehende-a-sindico-y-regidor-por-violencia-politica-contra-presidenta-municipal\\\/\",\"name\":\"Fiscal\u00eda de Oaxaca aprehende a S\u00edndico y Regidor por violencia pol\u00edtica contra presidenta municipal - LA BRAVA RADIO\",\"isPartOf\":{\"@id\":\"https:\\\/\\\/www.bbmnoticias.com\\\/labravaradiofm\\\/#website\"},\"primaryImageOfPage\":{\"@id\":\"https:\\\/\\\/www.bbmnoticias.com\\\/fiscalia-de-oaxaca-aprehende-a-sindico-y-regidor-por-violencia-politica-contra-presidenta-municipal\\\/#primaryimage\"},\"image\":{\"@id\":\"https:\\\/\\\/www.bbmnoticias.com\\\/fiscalia-de-oaxaca-aprehende-a-sindico-y-regidor-por-violencia-politica-contra-presidenta-municipal\\\/#primaryimage\"},\"thumbnailUrl\":\"https:\\\/\\\/www.bbmnoticias.com\\\/labravaradiofm\\\/wp-content\\\/uploads\\\/sites\\\/5\\\/2026\\\/09\\\/asaeo_oaxaca.jpg\",\"datePublished\":\"2026-09-03T14:51:28+00:00\",\"dateModified\":\"2026-09-03T14:51:31+00:00\",\"author\":{\"@id\":\"https:\\\/\\\/www.bbmnoticias.com\\\/labravaradiofm\\\/#\\\/schema\\\/person\\\/9eb037257fc48a09cdf31d9a2f45619f\"},\"breadcrumb\":{\"@id\":\"https:\\\/\\\/www.bbmnoticias.com\\\/fiscalia-de-oaxaca-aprehende-a-sindico-y-regidor-por-violencia-politica-contra-presidenta-municipal\\\/#breadcrumb\"},\"inLanguage\":\"es\",\"potentialAction\":[{\"@type\":\"ReadAction\",\"target\":[\"https:\\\/\\\/www.bbmnoticias.com\\\/fiscalia-de-oaxaca-aprehende-a-sindico-y-regidor-por-violencia-politica-contra-presidenta-municipal\\\/\"]}]},{\"@type\":\"ImageObject\",\"inLanguage\":\"es\",\"@id\":\"https:\\\/\\\/www.bbmnoticias.com\\\/fiscalia-de-oaxaca-aprehende-a-sindico-y-regidor-por-violencia-politica-contra-presidenta-municipal\\\/#primaryimage\",\"url\":\"https:\\\/\\\/www.bbmnoticias.com\\\/labravaradiofm\\\/wp-content\\\/uploads\\\/sites\\\/5\\\/2026\\\/09\\\/asaeo_oaxaca.jpg\",\"contentUrl\":\"https:\\\/\\\/www.bbmnoticias.com\\\/labravaradiofm\\\/wp-content\\\/uploads\\\/sites\\\/5\\\/2026\\\/09\\\/asaeo_oaxaca.jpg\",\"width\":800,\"height\":456},{\"@type\":\"BreadcrumbList\",\"@id\":\"https:\\\/\\\/www.bbmnoticias.com\\\/fiscalia-de-oaxaca-aprehende-a-sindico-y-regidor-por-violencia-politica-contra-presidenta-municipal\\\/#breadcrumb\",\"itemListElement\":[{\"@type\":\"ListItem\",\"position\":1,\"name\":\"Inicio\",\"item\":\"https:\\\/\\\/www.bbmnoticias.com\\\/labravaradiofm\\\/\"},{\"@type\":\"ListItem\",\"position\":2,\"name\":\"Fiscal\u00eda de Oaxaca aprehende a S\u00edndico y Regidor por violencia pol\u00edtica contra presidenta municipal\"}]},{\"@type\":\"WebSite\",\"@id\":\"https:\\\/\\\/www.bbmnoticias.com\\\/labravaradiofm\\\/#website\",\"url\":\"https:\\\/\\\/www.bbmnoticias.com\\\/labravaradiofm\\\/\",\"name\":\"LA BRAVA RADIO\",\"description\":\"Empresa productora de medios, Radiodifusi\u00f3n, Noticias, tendencias y todo lo que necesitas saber de la pol\u00edtica mexicana e internacional; entretenimiento, espect\u00e1culos, salud y mucho m\u00e1s.\",\"potentialAction\":[{\"@type\":\"SearchAction\",\"target\":{\"@type\":\"EntryPoint\",\"urlTemplate\":\"https:\\\/\\\/www.bbmnoticias.com\\\/labravaradiofm\\\/?s={search_term_string}\"},\"query-input\":{\"@type\":\"PropertyValueSpecification\",\"valueRequired\":true,\"valueName\":\"search_term_string\"}}],\"inLanguage\":\"es\"},{\"@type\":\"Person\",\"@id\":\"https:\\\/\\\/www.bbmnoticias.com\\\/labravaradiofm\\\/#\\\/schema\\\/person\\\/9eb037257fc48a09cdf31d9a2f45619f\",\"name\":\"Staff\",\"image\":{\"@type\":\"ImageObject\",\"inLanguage\":\"es\",\"@id\":\"https:\\\/\\\/secure.gravatar.com\\\/avatar\\\/fdd21ad66fd8b98c407f9dee5b5e588cfe7f0d8579ec20fa6527cd59bab7f0f0?s=96&d=mm&r=g\",\"url\":\"https:\\\/\\\/secure.gravatar.com\\\/avatar\\\/fdd21ad66fd8b98c407f9dee5b5e588cfe7f0d8579ec20fa6527cd59bab7f0f0?s=96&d=mm&r=g\",\"contentUrl\":\"https:\\\/\\\/secure.gravatar.com\\\/avatar\\\/fdd21ad66fd8b98c407f9dee5b5e588cfe7f0d8579ec20fa6527cd59bab7f0f0?s=96&d=mm&r=g\",\"caption\":\"Staff\"},\"url\":\"https:\\\/\\\/www.bbmnoticias.com\\\/labravaradiofm\\\/author\\\/redaccion\\\/\"}]}<\/script>\n<!-- \/ Yoast SEO plugin. -->","yoast_head_json":{"title":"Fiscal\u00eda de Oaxaca aprehende a S\u00edndico y Regidor por violencia pol\u00edtica contra presidenta municipal - LA BRAVA RADIO","robots":{"index":"index","follow":"follow","max-snippet":"max-snippet:-1","max-image-preview":"max-image-preview:large","max-video-preview":"max-video-preview:-1"},"canonical":"https:\/\/www.bbmnoticias.com\/fiscalia-de-oaxaca-aprehende-a-sindico-y-regidor-por-violencia-politica-contra-presidenta-municipal\/","og_locale":"es_MX","og_type":"article","og_title":"Fiscal\u00eda de Oaxaca aprehende a S\u00edndico y Regidor por violencia pol\u00edtica contra presidenta municipal - LA BRAVA RADIO","og_description":"Oaxaca de Ju\u00e1rez, Oax.-\u00a0 La Fiscal\u00eda General del Estado de Oaxaca (FGEO) ejecut\u00f3 \u00f3rdenes de aprehensi\u00f3n contra dos hombres identificados como A.B.R. y J.M.M.\u00a0 -Regidor de Hacienda y S\u00edndico Municipal, respectivamente-, por su probable responsabilidad en el delito de violencia pol\u00edtica agravada contra las mujeres en raz\u00f3n de g\u00e9nero, cometida en agravio de la presidenta [&hellip;]","og_url":"https:\/\/www.bbmnoticias.com\/fiscalia-de-oaxaca-aprehende-a-sindico-y-regidor-por-violencia-politica-contra-presidenta-municipal\/","og_site_name":"LA BRAVA RADIO","article_published_time":"2026-09-03T14:51:28+00:00","article_modified_time":"2026-09-03T14:51:31+00:00","og_image":[{"width":800,"height":456,"url":"https:\/\/www.bbmnoticias.com\/labravaradiofm\/wp-content\/uploads\/sites\/5\/2026\/09\/asaeo_oaxaca.jpg","type":"image\/jpeg"}],"author":"Staff","twitter_card":"summary_large_image","twitter_misc":{"Escrito por":"Staff","Tiempo de lectura":"2 minutos"},"schema":{"@context":"https:\/\/schema.org","@graph":[{"@type":"Article","@id":"https:\/\/www.bbmnoticias.com\/fiscalia-de-oaxaca-aprehende-a-sindico-y-regidor-por-violencia-politica-contra-presidenta-municipal\/#article","isPartOf":{"@id":"https:\/\/www.bbmnoticias.com\/labravaradiofm\/2026\/09\/03\/fiscalia-de-oaxaca-aprehende-a-sindico-y-regidor-por-violencia-politica-contra-presidenta-municipal\/"},"author":{"name":"Staff","@id":"https:\/\/www.bbmnoticias.com\/labravaradiofm\/#\/schema\/person\/9eb037257fc48a09cdf31d9a2f45619f"},"headline":"Fiscal\u00eda de Oaxaca aprehende a S\u00edndico y Regidor por violencia pol\u00edtica contra presidenta municipal","datePublished":"2026-09-03T14:51:28+00:00","dateModified":"2026-09-03T14:51:31+00:00","mainEntityOfPage":{"@id":"https:\/\/www.bbmnoticias.com\/labravaradiofm\/2026\/09\/03\/fiscalia-de-oaxaca-aprehende-a-sindico-y-regidor-por-violencia-politica-contra-presidenta-municipal\/"},"wordCount":343,"image":{"@id":"https:\/\/www.bbmnoticias.com\/fiscalia-de-oaxaca-aprehende-a-sindico-y-regidor-por-violencia-politica-contra-presidenta-municipal\/#primaryimage"},"thumbnailUrl":"https:\/\/www.bbmnoticias.com\/labravaradiofm\/wp-content\/uploads\/sites\/5\/2026\/09\/asaeo_oaxaca.jpg","articleSection":["LOCAL","POLICIACA"],"inLanguage":"es"},{"@type":"WebPage","@id":"https:\/\/www.bbmnoticias.com\/labravaradiofm\/2026\/09\/03\/fiscalia-de-oaxaca-aprehende-a-sindico-y-regidor-por-violencia-politica-contra-presidenta-municipal\/","url":"https:\/\/www.bbmnoticias.com\/fiscalia-de-oaxaca-aprehende-a-sindico-y-regidor-por-violencia-politica-contra-presidenta-municipal\/","name":"Fiscal\u00eda de Oaxaca aprehende a S\u00edndico y Regidor por violencia pol\u00edtica contra presidenta municipal - LA BRAVA RADIO","isPartOf":{"@id":"https:\/\/www.bbmnoticias.com\/labravaradiofm\/#website"},"primaryImageOfPage":{"@id":"https:\/\/www.bbmnoticias.com\/fiscalia-de-oaxaca-aprehende-a-sindico-y-regidor-por-violencia-politica-contra-presidenta-municipal\/#primaryimage"},"image":{"@id":"https:\/\/www.bbmnoticias.com\/fiscalia-de-oaxaca-aprehende-a-sindico-y-regidor-por-violencia-politica-contra-presidenta-municipal\/#primaryimage"},"thumbnailUrl":"https:\/\/www.bbmnoticias.com\/labravaradiofm\/wp-content\/uploads\/sites\/5\/2026\/09\/asaeo_oaxaca.jpg","datePublished":"2026-09-03T14:51:28+00:00","dateModified":"2026-09-03T14:51:31+00:00","author":{"@id":"https:\/\/www.bbmnoticias.com\/labravaradiofm\/#\/schema\/person\/9eb037257fc48a09cdf31d9a2f45619f"},"breadcrumb":{"@id":"https:\/\/www.bbmnoticias.com\/fiscalia-de-oaxaca-aprehende-a-sindico-y-regidor-por-violencia-politica-contra-presidenta-municipal\/#breadcrumb"},"inLanguage":"es","potentialAction":[{"@type":"ReadAction","target":["https:\/\/www.bbmnoticias.com\/fiscalia-de-oaxaca-aprehende-a-sindico-y-regidor-por-violencia-politica-contra-presidenta-municipal\/"]}]},{"@type":"ImageObject","inLanguage":"es","@id":"https:\/\/www.bbmnoticias.com\/fiscalia-de-oaxaca-aprehende-a-sindico-y-regidor-por-violencia-politica-contra-presidenta-municipal\/#primaryimage","url":"https:\/\/www.bbmnoticias.com\/labravaradiofm\/wp-content\/uploads\/sites\/5\/2026\/09\/asaeo_oaxaca.jpg","contentUrl":"https:\/\/www.bbmnoticias.com\/labravaradiofm\/wp-content\/uploads\/sites\/5\/2026\/09\/asaeo_oaxaca.jpg","width":800,"height":456},{"@type":"BreadcrumbList","@id":"https:\/\/www.bbmnoticias.com\/fiscalia-de-oaxaca-aprehende-a-sindico-y-regidor-por-violencia-politica-contra-presidenta-municipal\/#breadcrumb","itemListElement":[{"@type":"ListItem","position":1,"name":"Inicio","item":"https:\/\/www.bbmnoticias.com\/labravaradiofm\/"},{"@type":"ListItem","position":2,"name":"Fiscal\u00eda de Oaxaca aprehende a S\u00edndico y Regidor por violencia pol\u00edtica contra presidenta municipal"}]},{"@type":"WebSite","@id":"https:\/\/www.bbmnoticias.com\/labravaradiofm\/#website","url":"https:\/\/www.bbmnoticias.com\/labravaradiofm\/","name":"LA BRAVA RADIO","description":"Empresa productora de medios, Radiodifusi\u00f3n, Noticias, tendencias y todo lo que necesitas saber de la pol\u00edtica mexicana e internacional; entretenimiento, espect\u00e1culos, salud y mucho m\u00e1s.","potentialAction":[{"@type":"SearchAction","target":{"@type":"EntryPoint","urlTemplate":"https:\/\/www.bbmnoticias.com\/labravaradiofm\/?s={search_term_string}"},"query-input":{"@type":"PropertyValueSpecification","valueRequired":true,"valueName":"search_term_string"}}],"inLanguage":"es"},{"@type":"Person","@id":"https:\/\/www.bbmnoticias.com\/labravaradiofm\/#\/schema\/person\/9eb037257fc48a09cdf31d9a2f45619f","name":"Staff","image":{"@type":"ImageObject","inLanguage":"es","@id":"https:\/\/secure.gravatar.com\/avatar\/fdd21ad66fd8b98c407f9dee5b5e588cfe7f0d8579ec20fa6527cd59bab7f0f0?s=96&d=mm&r=g","url":"https:\/\/secure.gravatar.com\/avatar\/fdd21ad66fd8b98c407f9dee5b5e588cfe7f0d8579ec20fa6527cd59bab7f0f0?s=96&d=mm&r=g","contentUrl":"https:\/\/secure.gravatar.com\/avatar\/fdd21ad66fd8b98c407f9dee5b5e588cfe7f0d8579ec20fa6527cd59bab7f0f0?s=96&d=mm&r=g","caption":"Staff"},"url":"https:\/\/www.bbmnoticias.com\/labravaradiofm\/author\/redaccion\/"}]}},"_links":{"self":[{"href":"https:\/\/www.bbmnoticias.com\/labravaradiofm\/wp-json\/wp\/v2\/posts\/81412","targetHints":{"allow":["GET"]}}],"collection":[{"href":"https:\/\/www.bbmnoticias.com\/labravaradiofm\/wp-json\/wp\/v2\/posts"}],"about":[{"href":"https:\/\/www.bbmnoticias.com\/labravaradiofm\/wp-json\/wp\/v2\/types\/post"}],"author":[{"embeddable":true,"href":"https:\/\/www.bbmnoticias.com\/labravaradiofm\/wp-json\/wp\/v2\/users\/2"}],"replies":[{"embeddable":true,"href":"https:\/\/www.bbmnoticias.com\/labravaradiofm\/wp-json\/wp\/v2\/comments?post=81412"}],"version-history":[{"count":1,"href":"https:\/\/www.bbmnoticias.com\/labravaradiofm\/wp-json\/wp\/v2\/posts\/81412\/revisions"}],"predecessor-version":[{"id":81413,"href":"https:\/\/www.bbmnoticias.com\/labravaradiofm\/wp-json\/wp\/v2\/posts\/81412\/revisions\/81413"}],"wp:featuredmedia":[{"embeddable":true,"href":"https:\/\/www.bbmnoticias.com\/labravaradiofm\/wp-json\/wp\/v2\/media\/81414"}],"wp:attachment":[{"href":"https:\/\/www.bbmnoticias.com\/labravaradiofm\/wp-json\/wp\/v2\/media?parent=81412"}],"wp:term":[{"taxonomy":"category","embeddable":true,"href":"https:\/\/www.bbmnoticias.com\/labravaradiofm\/wp-json\/wp\/v2\/categories?post=81412"},{"taxonomy":"post_tag","embeddable":true,"href":"https:\/\/www.bbmnoticias.com\/labravaradiofm\/wp-json\/wp\/v2\/tags?post=81412"}],"curies":[{"name":"wp","href":"https:\/\/api.w.org\/{rel}","templated":true}]}}