{"id":81406,"date":"2026-09-02T20:45:55","date_gmt":"2026-09-03T02:45:55","guid":{"rendered":"https:\/\/www.bbmnoticias.com\/labravaradiofm\/2026\/09\/02\/hombre-muere-tras-presunta-agresion-con-arma-de-fuego-en-la-colonia-reforma\/"},"modified":"2026-09-02T20:45:57","modified_gmt":"2026-09-03T02:45:57","slug":"hombre-muere-tras-presunta-agresion-con-arma-de-fuego-en-la-colonia-reforma","status":"publish","type":"post","link":"https:\/\/www.bbmnoticias.com\/labravaradiofm\/2026\/09\/02\/hombre-muere-tras-presunta-agresion-con-arma-de-fuego-en-la-colonia-reforma\/","title":{"rendered":"Hombre muere tras presunta agresi\u00f3n con arma de fuego en la colonia Reforma"},"content":{"rendered":"\n<p class=\"wp-block-paragraph\"><strong>Oaxaca, Oax.<\/strong>\u2014 Una fuerte movilizaci\u00f3n de corporaciones de seguridad se registr\u00f3 la noche de este mi\u00e9rcoles en la colonia Reforma, luego de un reporte sobre presuntas detonaciones de arma de fuego en el cruce de las calles Pensamientos y Sabinos.<\/p>\n\n\n\n<p class=\"wp-block-paragraph\">Al lugar acudieron elementos de las polic\u00edas estatal y municipal, quienes localizaron a un hombre de aproximadamente 30 a\u00f1os de edad con una lesi\u00f3n a la altura del pecho, aparentemente ocasionada por un proyectil de arma de fuego.<\/p>\n\n\n\n<p class=\"wp-block-paragraph\">Ante la emergencia, se solicit\u00f3 el apoyo de servicios m\u00e9dicos. Minutos despu\u00e9s arrib\u00f3 la ambulancia A001 del HCBO; sin embargo, los param\u00e9dicos confirmaron que la v\u00edctima ya no contaba con signos vitales.<\/p>\n\n\n\n<p class=\"wp-block-paragraph\">La zona fue acordonada y permanece bajo resguardo de las corporaciones policiales, mientras se espera el arribo de elementos de la Agencia Estatal de Investigaciones (AEI) y personal especializado, quienes realizar\u00e1n las diligencias correspondientes para esclarecer los hechos.<\/p>\n\n\n\n<p class=\"wp-block-paragraph\">Hasta el momento, no se ha informado oficialmente sobre la identidad de la v\u00edctima ni sobre personas detenidas por este hecho.<\/p>\n\n\n\n<p class=\"wp-block-paragraph\"><\/p>\n","protected":false},"excerpt":{"rendered":"<p>Oaxaca, Oax.\u2014 Una fuerte movilizaci\u00f3n de corporaciones de seguridad se registr\u00f3 la noche de este mi\u00e9rcoles en la colonia Reforma, luego de un reporte sobre presuntas detonaciones de arma de fuego en el cruce de las calles Pensamientos y Sabinos. Al lugar acudieron elementos de las polic\u00edas estatal y municipal, quienes localizaron a un hombre [&hellip;]<\/p>\n","protected":false},"author":2,"featured_media":81408,"comment_status":"closed","ping_status":"open","sticky":false,"template":"","format":"standard","meta":{"footnotes":""},"categories":[2,20],"tags":[],"class_list":["post-81406","post","type-post","status-publish","format-standard","has-post-thumbnail","hentry","category-oaxaca","category-policiaca"],"yoast_head":"<!-- This site is optimized with the Yoast SEO plugin v28.1 - https:\/\/yoast.com\/product\/yoast-seo-wordpress\/ -->\n<title>Hombre muere tras presunta agresi\u00f3n con arma de fuego en la colonia Reforma - LA BRAVA RADIO<\/title>\n<meta name=\"robots\" content=\"index, follow, max-snippet:-1, max-image-preview:large, max-video-preview:-1\" \/>\n<link rel=\"canonical\" href=\"https:\/\/www.bbmnoticias.com\/hombre-muere-tras-presunta-agresion-con-arma-de-fuego-en-la-colonia-reforma\/\" \/>\n<meta property=\"og:locale\" content=\"es_MX\" \/>\n<meta property=\"og:type\" content=\"article\" \/>\n<meta property=\"og:title\" content=\"Hombre muere tras presunta agresi\u00f3n con arma de fuego en la colonia Reforma - LA BRAVA RADIO\" \/>\n<meta property=\"og:description\" content=\"Oaxaca, Oax.\u2014 Una fuerte movilizaci\u00f3n de corporaciones de seguridad se registr\u00f3 la noche de este mi\u00e9rcoles en la colonia Reforma, luego de un reporte sobre presuntas detonaciones de arma de fuego en el cruce de las calles Pensamientos y Sabinos. Al lugar acudieron elementos de las polic\u00edas estatal y municipal, quienes localizaron a un hombre [&hellip;]\" \/>\n<meta property=\"og:url\" content=\"https:\/\/www.bbmnoticias.com\/hombre-muere-tras-presunta-agresion-con-arma-de-fuego-en-la-colonia-reforma\/\" \/>\n<meta property=\"og:site_name\" content=\"LA BRAVA RADIO\" \/>\n<meta property=\"article:published_time\" content=\"2026-09-03T02:45:55+00:00\" \/>\n<meta property=\"article:modified_time\" content=\"2026-09-03T02:45:57+00:00\" \/>\n<meta property=\"og:image\" content=\"https:\/\/www.bbmnoticias.com\/labravaradiofm\/wp-content\/uploads\/sites\/5\/2026\/09\/ejecutado_col_reforma.jpg\" \/>\n\t<meta property=\"og:image:width\" content=\"800\" \/>\n\t<meta property=\"og:image:height\" content=\"600\" \/>\n\t<meta property=\"og:image:type\" content=\"image\/jpeg\" \/>\n<meta name=\"author\" content=\"Staff\" \/>\n<meta name=\"twitter:card\" content=\"summary_large_image\" \/>\n<meta name=\"twitter:label1\" content=\"Escrito por\" \/>\n\t<meta name=\"twitter:data1\" content=\"Staff\" \/>\n\t<meta name=\"twitter:label2\" content=\"Tiempo de lectura\" \/>\n\t<meta name=\"twitter:data2\" content=\"1 minuto\" \/>\n<script type=\"application\/ld+json\" class=\"yoast-schema-graph\">{\"@context\":\"https:\\\/\\\/schema.org\",\"@graph\":[{\"@type\":\"Article\",\"@id\":\"https:\\\/\\\/www.bbmnoticias.com\\\/hombre-muere-tras-presunta-agresion-con-arma-de-fuego-en-la-colonia-reforma\\\/#article\",\"isPartOf\":{\"@id\":\"https:\\\/\\\/www.bbmnoticias.com\\\/labravaradiofm\\\/2026\\\/09\\\/02\\\/hombre-muere-tras-presunta-agresion-con-arma-de-fuego-en-la-colonia-reforma\\\/\"},\"author\":{\"name\":\"Staff\",\"@id\":\"https:\\\/\\\/www.bbmnoticias.com\\\/labravaradiofm\\\/#\\\/schema\\\/person\\\/9eb037257fc48a09cdf31d9a2f45619f\"},\"headline\":\"Hombre muere tras presunta agresi\u00f3n con arma de fuego en la colonia Reforma\",\"datePublished\":\"2026-09-03T02:45:55+00:00\",\"dateModified\":\"2026-09-03T02:45:57+00:00\",\"mainEntityOfPage\":{\"@id\":\"https:\\\/\\\/www.bbmnoticias.com\\\/labravaradiofm\\\/2026\\\/09\\\/02\\\/hombre-muere-tras-presunta-agresion-con-arma-de-fuego-en-la-colonia-reforma\\\/\"},\"wordCount\":193,\"image\":{\"@id\":\"https:\\\/\\\/www.bbmnoticias.com\\\/hombre-muere-tras-presunta-agresion-con-arma-de-fuego-en-la-colonia-reforma\\\/#primaryimage\"},\"thumbnailUrl\":\"https:\\\/\\\/www.bbmnoticias.com\\\/labravaradiofm\\\/wp-content\\\/uploads\\\/sites\\\/5\\\/2026\\\/09\\\/ejecutado_col_reforma.jpg\",\"articleSection\":[\"LOCAL\",\"POLICIACA\"],\"inLanguage\":\"es\"},{\"@type\":\"WebPage\",\"@id\":\"https:\\\/\\\/www.bbmnoticias.com\\\/labravaradiofm\\\/2026\\\/09\\\/02\\\/hombre-muere-tras-presunta-agresion-con-arma-de-fuego-en-la-colonia-reforma\\\/\",\"url\":\"https:\\\/\\\/www.bbmnoticias.com\\\/hombre-muere-tras-presunta-agresion-con-arma-de-fuego-en-la-colonia-reforma\\\/\",\"name\":\"Hombre muere tras presunta agresi\u00f3n con arma de fuego en la colonia Reforma - LA BRAVA RADIO\",\"isPartOf\":{\"@id\":\"https:\\\/\\\/www.bbmnoticias.com\\\/labravaradiofm\\\/#website\"},\"primaryImageOfPage\":{\"@id\":\"https:\\\/\\\/www.bbmnoticias.com\\\/hombre-muere-tras-presunta-agresion-con-arma-de-fuego-en-la-colonia-reforma\\\/#primaryimage\"},\"image\":{\"@id\":\"https:\\\/\\\/www.bbmnoticias.com\\\/hombre-muere-tras-presunta-agresion-con-arma-de-fuego-en-la-colonia-reforma\\\/#primaryimage\"},\"thumbnailUrl\":\"https:\\\/\\\/www.bbmnoticias.com\\\/labravaradiofm\\\/wp-content\\\/uploads\\\/sites\\\/5\\\/2026\\\/09\\\/ejecutado_col_reforma.jpg\",\"datePublished\":\"2026-09-03T02:45:55+00:00\",\"dateModified\":\"2026-09-03T02:45:57+00:00\",\"author\":{\"@id\":\"https:\\\/\\\/www.bbmnoticias.com\\\/labravaradiofm\\\/#\\\/schema\\\/person\\\/9eb037257fc48a09cdf31d9a2f45619f\"},\"breadcrumb\":{\"@id\":\"https:\\\/\\\/www.bbmnoticias.com\\\/hombre-muere-tras-presunta-agresion-con-arma-de-fuego-en-la-colonia-reforma\\\/#breadcrumb\"},\"inLanguage\":\"es\",\"potentialAction\":[{\"@type\":\"ReadAction\",\"target\":[\"https:\\\/\\\/www.bbmnoticias.com\\\/hombre-muere-tras-presunta-agresion-con-arma-de-fuego-en-la-colonia-reforma\\\/\"]}]},{\"@type\":\"ImageObject\",\"inLanguage\":\"es\",\"@id\":\"https:\\\/\\\/www.bbmnoticias.com\\\/hombre-muere-tras-presunta-agresion-con-arma-de-fuego-en-la-colonia-reforma\\\/#primaryimage\",\"url\":\"https:\\\/\\\/www.bbmnoticias.com\\\/labravaradiofm\\\/wp-content\\\/uploads\\\/sites\\\/5\\\/2026\\\/09\\\/ejecutado_col_reforma.jpg\",\"contentUrl\":\"https:\\\/\\\/www.bbmnoticias.com\\\/labravaradiofm\\\/wp-content\\\/uploads\\\/sites\\\/5\\\/2026\\\/09\\\/ejecutado_col_reforma.jpg\",\"width\":800,\"height\":600},{\"@type\":\"BreadcrumbList\",\"@id\":\"https:\\\/\\\/www.bbmnoticias.com\\\/hombre-muere-tras-presunta-agresion-con-arma-de-fuego-en-la-colonia-reforma\\\/#breadcrumb\",\"itemListElement\":[{\"@type\":\"ListItem\",\"position\":1,\"name\":\"Inicio\",\"item\":\"https:\\\/\\\/www.bbmnoticias.com\\\/labravaradiofm\\\/\"},{\"@type\":\"ListItem\",\"position\":2,\"name\":\"Hombre muere tras presunta agresi\u00f3n con arma de fuego en la colonia Reforma\"}]},{\"@type\":\"WebSite\",\"@id\":\"https:\\\/\\\/www.bbmnoticias.com\\\/labravaradiofm\\\/#website\",\"url\":\"https:\\\/\\\/www.bbmnoticias.com\\\/labravaradiofm\\\/\",\"name\":\"LA BRAVA RADIO\",\"description\":\"Empresa productora de medios, Radiodifusi\u00f3n, Noticias, tendencias y todo lo que necesitas saber de la pol\u00edtica mexicana e internacional; entretenimiento, espect\u00e1culos, salud y mucho m\u00e1s.\",\"potentialAction\":[{\"@type\":\"SearchAction\",\"target\":{\"@type\":\"EntryPoint\",\"urlTemplate\":\"https:\\\/\\\/www.bbmnoticias.com\\\/labravaradiofm\\\/?s={search_term_string}\"},\"query-input\":{\"@type\":\"PropertyValueSpecification\",\"valueRequired\":true,\"valueName\":\"search_term_string\"}}],\"inLanguage\":\"es\"},{\"@type\":\"Person\",\"@id\":\"https:\\\/\\\/www.bbmnoticias.com\\\/labravaradiofm\\\/#\\\/schema\\\/person\\\/9eb037257fc48a09cdf31d9a2f45619f\",\"name\":\"Staff\",\"image\":{\"@type\":\"ImageObject\",\"inLanguage\":\"es\",\"@id\":\"https:\\\/\\\/secure.gravatar.com\\\/avatar\\\/fdd21ad66fd8b98c407f9dee5b5e588cfe7f0d8579ec20fa6527cd59bab7f0f0?s=96&d=mm&r=g\",\"url\":\"https:\\\/\\\/secure.gravatar.com\\\/avatar\\\/fdd21ad66fd8b98c407f9dee5b5e588cfe7f0d8579ec20fa6527cd59bab7f0f0?s=96&d=mm&r=g\",\"contentUrl\":\"https:\\\/\\\/secure.gravatar.com\\\/avatar\\\/fdd21ad66fd8b98c407f9dee5b5e588cfe7f0d8579ec20fa6527cd59bab7f0f0?s=96&d=mm&r=g\",\"caption\":\"Staff\"},\"url\":\"https:\\\/\\\/www.bbmnoticias.com\\\/labravaradiofm\\\/author\\\/redaccion\\\/\"}]}<\/script>\n<!-- \/ Yoast SEO plugin. -->","yoast_head_json":{"title":"Hombre muere tras presunta agresi\u00f3n con arma de fuego en la colonia Reforma - LA BRAVA RADIO","robots":{"index":"index","follow":"follow","max-snippet":"max-snippet:-1","max-image-preview":"max-image-preview:large","max-video-preview":"max-video-preview:-1"},"canonical":"https:\/\/www.bbmnoticias.com\/hombre-muere-tras-presunta-agresion-con-arma-de-fuego-en-la-colonia-reforma\/","og_locale":"es_MX","og_type":"article","og_title":"Hombre muere tras presunta agresi\u00f3n con arma de fuego en la colonia Reforma - LA BRAVA RADIO","og_description":"Oaxaca, Oax.\u2014 Una fuerte movilizaci\u00f3n de corporaciones de seguridad se registr\u00f3 la noche de este mi\u00e9rcoles en la colonia Reforma, luego de un reporte sobre presuntas detonaciones de arma de fuego en el cruce de las calles Pensamientos y Sabinos. Al lugar acudieron elementos de las polic\u00edas estatal y municipal, quienes localizaron a un hombre [&hellip;]","og_url":"https:\/\/www.bbmnoticias.com\/hombre-muere-tras-presunta-agresion-con-arma-de-fuego-en-la-colonia-reforma\/","og_site_name":"LA BRAVA RADIO","article_published_time":"2026-09-03T02:45:55+00:00","article_modified_time":"2026-09-03T02:45:57+00:00","og_image":[{"width":800,"height":600,"url":"https:\/\/www.bbmnoticias.com\/labravaradiofm\/wp-content\/uploads\/sites\/5\/2026\/09\/ejecutado_col_reforma.jpg","type":"image\/jpeg"}],"author":"Staff","twitter_card":"summary_large_image","twitter_misc":{"Escrito por":"Staff","Tiempo de lectura":"1 minuto"},"schema":{"@context":"https:\/\/schema.org","@graph":[{"@type":"Article","@id":"https:\/\/www.bbmnoticias.com\/hombre-muere-tras-presunta-agresion-con-arma-de-fuego-en-la-colonia-reforma\/#article","isPartOf":{"@id":"https:\/\/www.bbmnoticias.com\/labravaradiofm\/2026\/09\/02\/hombre-muere-tras-presunta-agresion-con-arma-de-fuego-en-la-colonia-reforma\/"},"author":{"name":"Staff","@id":"https:\/\/www.bbmnoticias.com\/labravaradiofm\/#\/schema\/person\/9eb037257fc48a09cdf31d9a2f45619f"},"headline":"Hombre muere tras presunta agresi\u00f3n con arma de fuego en la colonia Reforma","datePublished":"2026-09-03T02:45:55+00:00","dateModified":"2026-09-03T02:45:57+00:00","mainEntityOfPage":{"@id":"https:\/\/www.bbmnoticias.com\/labravaradiofm\/2026\/09\/02\/hombre-muere-tras-presunta-agresion-con-arma-de-fuego-en-la-colonia-reforma\/"},"wordCount":193,"image":{"@id":"https:\/\/www.bbmnoticias.com\/hombre-muere-tras-presunta-agresion-con-arma-de-fuego-en-la-colonia-reforma\/#primaryimage"},"thumbnailUrl":"https:\/\/www.bbmnoticias.com\/labravaradiofm\/wp-content\/uploads\/sites\/5\/2026\/09\/ejecutado_col_reforma.jpg","articleSection":["LOCAL","POLICIACA"],"inLanguage":"es"},{"@type":"WebPage","@id":"https:\/\/www.bbmnoticias.com\/labravaradiofm\/2026\/09\/02\/hombre-muere-tras-presunta-agresion-con-arma-de-fuego-en-la-colonia-reforma\/","url":"https:\/\/www.bbmnoticias.com\/hombre-muere-tras-presunta-agresion-con-arma-de-fuego-en-la-colonia-reforma\/","name":"Hombre muere tras presunta agresi\u00f3n con arma de fuego en la colonia Reforma - LA BRAVA RADIO","isPartOf":{"@id":"https:\/\/www.bbmnoticias.com\/labravaradiofm\/#website"},"primaryImageOfPage":{"@id":"https:\/\/www.bbmnoticias.com\/hombre-muere-tras-presunta-agresion-con-arma-de-fuego-en-la-colonia-reforma\/#primaryimage"},"image":{"@id":"https:\/\/www.bbmnoticias.com\/hombre-muere-tras-presunta-agresion-con-arma-de-fuego-en-la-colonia-reforma\/#primaryimage"},"thumbnailUrl":"https:\/\/www.bbmnoticias.com\/labravaradiofm\/wp-content\/uploads\/sites\/5\/2026\/09\/ejecutado_col_reforma.jpg","datePublished":"2026-09-03T02:45:55+00:00","dateModified":"2026-09-03T02:45:57+00:00","author":{"@id":"https:\/\/www.bbmnoticias.com\/labravaradiofm\/#\/schema\/person\/9eb037257fc48a09cdf31d9a2f45619f"},"breadcrumb":{"@id":"https:\/\/www.bbmnoticias.com\/hombre-muere-tras-presunta-agresion-con-arma-de-fuego-en-la-colonia-reforma\/#breadcrumb"},"inLanguage":"es","potentialAction":[{"@type":"ReadAction","target":["https:\/\/www.bbmnoticias.com\/hombre-muere-tras-presunta-agresion-con-arma-de-fuego-en-la-colonia-reforma\/"]}]},{"@type":"ImageObject","inLanguage":"es","@id":"https:\/\/www.bbmnoticias.com\/hombre-muere-tras-presunta-agresion-con-arma-de-fuego-en-la-colonia-reforma\/#primaryimage","url":"https:\/\/www.bbmnoticias.com\/labravaradiofm\/wp-content\/uploads\/sites\/5\/2026\/09\/ejecutado_col_reforma.jpg","contentUrl":"https:\/\/www.bbmnoticias.com\/labravaradiofm\/wp-content\/uploads\/sites\/5\/2026\/09\/ejecutado_col_reforma.jpg","width":800,"height":600},{"@type":"BreadcrumbList","@id":"https:\/\/www.bbmnoticias.com\/hombre-muere-tras-presunta-agresion-con-arma-de-fuego-en-la-colonia-reforma\/#breadcrumb","itemListElement":[{"@type":"ListItem","position":1,"name":"Inicio","item":"https:\/\/www.bbmnoticias.com\/labravaradiofm\/"},{"@type":"ListItem","position":2,"name":"Hombre muere tras presunta agresi\u00f3n con arma de fuego en la colonia Reforma"}]},{"@type":"WebSite","@id":"https:\/\/www.bbmnoticias.com\/labravaradiofm\/#website","url":"https:\/\/www.bbmnoticias.com\/labravaradiofm\/","name":"LA BRAVA RADIO","description":"Empresa productora de medios, Radiodifusi\u00f3n, Noticias, tendencias y todo lo que necesitas saber de la pol\u00edtica mexicana e internacional; entretenimiento, espect\u00e1culos, salud y mucho m\u00e1s.","potentialAction":[{"@type":"SearchAction","target":{"@type":"EntryPoint","urlTemplate":"https:\/\/www.bbmnoticias.com\/labravaradiofm\/?s={search_term_string}"},"query-input":{"@type":"PropertyValueSpecification","valueRequired":true,"valueName":"search_term_string"}}],"inLanguage":"es"},{"@type":"Person","@id":"https:\/\/www.bbmnoticias.com\/labravaradiofm\/#\/schema\/person\/9eb037257fc48a09cdf31d9a2f45619f","name":"Staff","image":{"@type":"ImageObject","inLanguage":"es","@id":"https:\/\/secure.gravatar.com\/avatar\/fdd21ad66fd8b98c407f9dee5b5e588cfe7f0d8579ec20fa6527cd59bab7f0f0?s=96&d=mm&r=g","url":"https:\/\/secure.gravatar.com\/avatar\/fdd21ad66fd8b98c407f9dee5b5e588cfe7f0d8579ec20fa6527cd59bab7f0f0?s=96&d=mm&r=g","contentUrl":"https:\/\/secure.gravatar.com\/avatar\/fdd21ad66fd8b98c407f9dee5b5e588cfe7f0d8579ec20fa6527cd59bab7f0f0?s=96&d=mm&r=g","caption":"Staff"},"url":"https:\/\/www.bbmnoticias.com\/labravaradiofm\/author\/redaccion\/"}]}},"_links":{"self":[{"href":"https:\/\/www.bbmnoticias.com\/labravaradiofm\/wp-json\/wp\/v2\/posts\/81406","targetHints":{"allow":["GET"]}}],"collection":[{"href":"https:\/\/www.bbmnoticias.com\/labravaradiofm\/wp-json\/wp\/v2\/posts"}],"about":[{"href":"https:\/\/www.bbmnoticias.com\/labravaradiofm\/wp-json\/wp\/v2\/types\/post"}],"author":[{"embeddable":true,"href":"https:\/\/www.bbmnoticias.com\/labravaradiofm\/wp-json\/wp\/v2\/users\/2"}],"replies":[{"embeddable":true,"href":"https:\/\/www.bbmnoticias.com\/labravaradiofm\/wp-json\/wp\/v2\/comments?post=81406"}],"version-history":[{"count":1,"href":"https:\/\/www.bbmnoticias.com\/labravaradiofm\/wp-json\/wp\/v2\/posts\/81406\/revisions"}],"predecessor-version":[{"id":81407,"href":"https:\/\/www.bbmnoticias.com\/labravaradiofm\/wp-json\/wp\/v2\/posts\/81406\/revisions\/81407"}],"wp:featuredmedia":[{"embeddable":true,"href":"https:\/\/www.bbmnoticias.com\/labravaradiofm\/wp-json\/wp\/v2\/media\/81408"}],"wp:attachment":[{"href":"https:\/\/www.bbmnoticias.com\/labravaradiofm\/wp-json\/wp\/v2\/media?parent=81406"}],"wp:term":[{"taxonomy":"category","embeddable":true,"href":"https:\/\/www.bbmnoticias.com\/labravaradiofm\/wp-json\/wp\/v2\/categories?post=81406"},{"taxonomy":"post_tag","embeddable":true,"href":"https:\/\/www.bbmnoticias.com\/labravaradiofm\/wp-json\/wp\/v2\/tags?post=81406"}],"curies":[{"name":"wp","href":"https:\/\/api.w.org\/{rel}","templated":true}]}}