{"id":81400,"date":"2026-09-02T19:11:32","date_gmt":"2026-09-03T01:11:32","guid":{"rendered":"https:\/\/www.bbmnoticias.com\/labravaradiofm\/2026\/09\/02\/asesino-de-jonathan-melendez-y-su-familia-uso-silenciador-y-cambio-placas-a-vehiculo\/"},"modified":"2026-09-02T19:11:35","modified_gmt":"2026-09-03T01:11:35","slug":"asesino-de-jonathan-melendez-y-su-familia-uso-silenciador-y-cambio-placas-a-vehiculo","status":"publish","type":"post","link":"https:\/\/www.bbmnoticias.com\/labravaradiofm\/2026\/09\/02\/asesino-de-jonathan-melendez-y-su-familia-uso-silenciador-y-cambio-placas-a-vehiculo\/","title":{"rendered":"Asesino de Jonathan Mel\u00e9ndez y su familia uso silenciador y cambi\u00f3 placas a veh\u00edculo"},"content":{"rendered":"\n<p class=\"wp-block-paragraph\">El reportero Carlos Jim\u00e9nez dio a conocer en sus redes sociales que los involucrados en el asesinato de Jonathan Mel\u00e9ndez Ochoa, tecladista de Camilo S\u00e9ptimo, y su familia, usaron armas con silenciador y le cambiaron las placas al auto en el que llegaron hasta el departamento del m\u00fasico, ubicado en Atizap\u00e1n de Zaragoza, en el Estado de M\u00e9xico.<\/p>\n\n\n\n<p class=\"wp-block-paragraph\">En el mensaje, Carlos Jim\u00e9nez detalla que Diego &#8220;N&#8221;, sujeto ligado al asesinato del tecladista y su familia lleg\u00f3 al domicilio en un veh\u00edculo Kia gris que portaba las placas de un veh\u00edculo \u00d3nix.<\/p>\n\n\n\n<p class=\"wp-block-paragraph\">En la publicaci\u00f3n, el reportero tambi\u00e9n muestra la licencia de conducir que dej\u00f3 Gerardo &#8220;N&#8221; que utiliz\u00f3 el hombre para ingresar a la privada residencial donde se ubica el domicilio del tecladista.<\/p>\n\n\n\n<p class=\"wp-block-paragraph\">Resalt\u00f3 que gracias a esta licencia de conducir, la polic\u00eda de Atizap\u00e1n inici\u00f3 con la b\u00fasqueda de los sujetos involucrados en la muerte de Jonathan Mel\u00e9ndez Ochoa y su familia.<\/p>\n\n\n\n<h2 class=\"wp-block-heading\">Con gorra y mochila, as\u00ed lleg\u00f3 el asesino de Jonathan Mel\u00e9ndez y su familia<\/h2>\n\n\n\n<p class=\"wp-block-paragraph\"><em>Por Joseph Na\u2019a<\/em><\/p>\n\n\n\n<p class=\"wp-block-paragraph\">Un video de apenas 24 segundos se convirti\u00f3 en una de las im\u00e1genes que rodean la investigaci\u00f3n por el asesinato de Jonathan Mel\u00e9ndez Ochoa, tecladista de Camilo S\u00e9ptimo. En la grabaci\u00f3n aparece Diego Sebasti\u00e1n Rosen, se\u00f1alado como socio y principal sospechoso del crimen, mientras sube hacia su departamento en Atizap\u00e1n de Zaragoza.<\/p>\n\n\n\n<p class=\"wp-block-paragraph\">La escena parece cotidiana.<\/p>\n\n\n\n<p class=\"wp-block-paragraph\">Un elevador. Un hombre con gorra verde, lentes oscuros, chamarra negra y mochila. Durante unos instantes permanece dentro de la cabina y, en determinado momento, levanta la mirada hacia la parte superior, aparentemente hacia una c\u00e1mara de videovigilancia.<\/p>\n\n\n\n<p class=\"wp-block-paragraph\">Son apenas 24 segundos, pero el video adquiri\u00f3 relevancia despu\u00e9s de que el periodista especializado en seguridad Carlos Jim\u00e9nez, conocido como C4, lo difundiera con una frase:<\/p>\n\n\n\n<p class=\"wp-block-paragraph\">\u201cAyer subi\u00f3 as\u00ed hasta su PH en Atizap\u00e1n\u201d.<\/p>\n\n\n\n<p class=\"wp-block-paragraph\">La imagen forma parte de los elementos que han comenzado a rodear un crimen ocurrido en un departamento de Atizap\u00e1n de Zaragoza y que termin\u00f3 con cuatro personas muertas.<\/p>\n\n\n\n<h3 class=\"wp-block-heading\">La reuni\u00f3n que termin\u00f3 en tragedia<\/h3>\n\n\n\n<p class=\"wp-block-paragraph\">De acuerdo con la informaci\u00f3n conocida del caso, las investigaciones ubican el crimen entre las 17:30 y las 19:40 horas del martes 1 de septiembre de 2026.<\/p>\n\n\n\n<p class=\"wp-block-paragraph\">Jonathan Mel\u00e9ndez Ochoa, de 38 a\u00f1os, se encontraba en su domicilio junto con su esposa, Ana Paola, de 35 a\u00f1os y con cuatro meses de embarazo; su hija de apenas tres a\u00f1os, y una mujer de 21 a\u00f1os que trabajaba en la vivienda.<\/p>\n\n\n\n<p class=\"wp-block-paragraph\">Horas despu\u00e9s, alrededor de las 23:50 horas, lleg\u00f3 el reporte a la Polic\u00eda Municipal de Atizap\u00e1n de Zaragoza.<\/p>\n\n\n\n<p class=\"wp-block-paragraph\">Cuando las autoridades ingresaron al inmueble encontraron una escena brutal.<\/p>\n\n\n\n<p class=\"wp-block-paragraph\">Las cuatro personas hab\u00edan muerto.<\/p>\n\n\n\n<p class=\"wp-block-paragraph\">Los primeros peritajes establecieron que dos de las v\u00edctimas fueron encontradas maniatadas. Tres presentaban heridas producidas por arma de fuego en la cabeza y otra ten\u00eda un impacto en la espalda.<\/p>\n\n\n\n<p class=\"wp-block-paragraph\">En medio de aquella escena hab\u00eda, adem\u00e1s, un sobreviviente inesperado: un ni\u00f1o de seis a\u00f1os, localizado en una de las habitaciones, con vida y sin signos de violencia.<\/p>\n\n\n\n<p class=\"wp-block-paragraph\">La mascota de la familia, un perro, tambi\u00e9n fue encontrada muerta y atada dentro del inmueble.<\/p>\n","protected":false},"excerpt":{"rendered":"<p>El reportero Carlos Jim\u00e9nez dio a conocer en sus redes sociales que los involucrados en el asesinato de Jonathan Mel\u00e9ndez Ochoa, tecladista de Camilo S\u00e9ptimo, y su familia, usaron armas con silenciador y le cambiaron las placas al auto en el que llegaron hasta el departamento del m\u00fasico, ubicado en Atizap\u00e1n de Zaragoza, en el [&hellip;]<\/p>\n","protected":false},"author":8,"featured_media":81402,"comment_status":"closed","ping_status":"open","sticky":false,"template":"","format":"standard","meta":{"footnotes":""},"categories":[2,19],"tags":[],"class_list":["post-81400","post","type-post","status-publish","format-standard","has-post-thumbnail","hentry","category-oaxaca","category-nacional"],"yoast_head":"<!-- This site is optimized with the Yoast SEO plugin v28.1 - https:\/\/yoast.com\/product\/yoast-seo-wordpress\/ -->\n<title>Asesino de Jonathan Mel\u00e9ndez y su familia uso silenciador y cambi\u00f3 placas a veh\u00edculo - LA BRAVA RADIO<\/title>\n<meta name=\"robots\" content=\"index, follow, max-snippet:-1, max-image-preview:large, max-video-preview:-1\" \/>\n<link rel=\"canonical\" href=\"https:\/\/www.bbmnoticias.com\/asesino-de-jonathan-melendez-y-su-familia-uso-silenciador-y-cambio-placas-a-vehiculo\/\" \/>\n<meta property=\"og:locale\" content=\"es_MX\" \/>\n<meta property=\"og:type\" content=\"article\" \/>\n<meta property=\"og:title\" content=\"Asesino de Jonathan Mel\u00e9ndez y su familia uso silenciador y cambi\u00f3 placas a veh\u00edculo - LA BRAVA RADIO\" \/>\n<meta property=\"og:description\" content=\"El reportero Carlos Jim\u00e9nez dio a conocer en sus redes sociales que los involucrados en el asesinato de Jonathan Mel\u00e9ndez Ochoa, tecladista de Camilo S\u00e9ptimo, y su familia, usaron armas con silenciador y le cambiaron las placas al auto en el que llegaron hasta el departamento del m\u00fasico, ubicado en Atizap\u00e1n de Zaragoza, en el [&hellip;]\" \/>\n<meta property=\"og:url\" content=\"https:\/\/www.bbmnoticias.com\/asesino-de-jonathan-melendez-y-su-familia-uso-silenciador-y-cambio-placas-a-vehiculo\/\" \/>\n<meta property=\"og:site_name\" content=\"LA BRAVA RADIO\" \/>\n<meta property=\"article:published_time\" content=\"2026-09-03T01:11:32+00:00\" \/>\n<meta property=\"article:modified_time\" content=\"2026-09-03T01:11:35+00:00\" \/>\n<meta property=\"og:image\" content=\"https:\/\/www.bbmnoticias.com\/labravaradiofm\/wp-content\/uploads\/sites\/5\/2026\/09\/v0jM4B-r.jpg\" \/>\n\t<meta property=\"og:image:width\" content=\"680\" \/>\n\t<meta property=\"og:image:height\" content=\"383\" \/>\n\t<meta property=\"og:image:type\" content=\"image\/jpeg\" \/>\n<meta name=\"author\" content=\"Exc\u00e9lsior\" \/>\n<meta name=\"twitter:card\" content=\"summary_large_image\" \/>\n<meta name=\"twitter:label1\" content=\"Escrito por\" \/>\n\t<meta name=\"twitter:data1\" content=\"Exc\u00e9lsior\" \/>\n\t<meta name=\"twitter:label2\" content=\"Tiempo de lectura\" \/>\n\t<meta name=\"twitter:data2\" content=\"3 minutos\" \/>\n<script type=\"application\/ld+json\" class=\"yoast-schema-graph\">{\"@context\":\"https:\\\/\\\/schema.org\",\"@graph\":[{\"@type\":\"Article\",\"@id\":\"https:\\\/\\\/www.bbmnoticias.com\\\/asesino-de-jonathan-melendez-y-su-familia-uso-silenciador-y-cambio-placas-a-vehiculo\\\/#article\",\"isPartOf\":{\"@id\":\"https:\\\/\\\/www.bbmnoticias.com\\\/labravaradiofm\\\/2026\\\/09\\\/02\\\/asesino-de-jonathan-melendez-y-su-familia-uso-silenciador-y-cambio-placas-a-vehiculo\\\/\"},\"author\":{\"name\":\"Exc\u00e9lsior\",\"@id\":\"https:\\\/\\\/www.bbmnoticias.com\\\/labravaradiofm\\\/#\\\/schema\\\/person\\\/92571928210861b7374edfc7068926ba\"},\"headline\":\"Asesino de Jonathan Mel\u00e9ndez y su familia uso silenciador y cambi\u00f3 placas a veh\u00edculo\",\"datePublished\":\"2026-09-03T01:11:32+00:00\",\"dateModified\":\"2026-09-03T01:11:35+00:00\",\"mainEntityOfPage\":{\"@id\":\"https:\\\/\\\/www.bbmnoticias.com\\\/labravaradiofm\\\/2026\\\/09\\\/02\\\/asesino-de-jonathan-melendez-y-su-familia-uso-silenciador-y-cambio-placas-a-vehiculo\\\/\"},\"wordCount\":567,\"image\":{\"@id\":\"https:\\\/\\\/www.bbmnoticias.com\\\/asesino-de-jonathan-melendez-y-su-familia-uso-silenciador-y-cambio-placas-a-vehiculo\\\/#primaryimage\"},\"thumbnailUrl\":\"https:\\\/\\\/www.bbmnoticias.com\\\/labravaradiofm\\\/wp-content\\\/uploads\\\/sites\\\/5\\\/2026\\\/09\\\/v0jM4B-r.jpg\",\"articleSection\":[\"LOCAL\",\"NACIONAL\"],\"inLanguage\":\"es\"},{\"@type\":\"WebPage\",\"@id\":\"https:\\\/\\\/www.bbmnoticias.com\\\/labravaradiofm\\\/2026\\\/09\\\/02\\\/asesino-de-jonathan-melendez-y-su-familia-uso-silenciador-y-cambio-placas-a-vehiculo\\\/\",\"url\":\"https:\\\/\\\/www.bbmnoticias.com\\\/asesino-de-jonathan-melendez-y-su-familia-uso-silenciador-y-cambio-placas-a-vehiculo\\\/\",\"name\":\"Asesino de Jonathan Mel\u00e9ndez y su familia uso silenciador y cambi\u00f3 placas a veh\u00edculo - LA BRAVA RADIO\",\"isPartOf\":{\"@id\":\"https:\\\/\\\/www.bbmnoticias.com\\\/labravaradiofm\\\/#website\"},\"primaryImageOfPage\":{\"@id\":\"https:\\\/\\\/www.bbmnoticias.com\\\/asesino-de-jonathan-melendez-y-su-familia-uso-silenciador-y-cambio-placas-a-vehiculo\\\/#primaryimage\"},\"image\":{\"@id\":\"https:\\\/\\\/www.bbmnoticias.com\\\/asesino-de-jonathan-melendez-y-su-familia-uso-silenciador-y-cambio-placas-a-vehiculo\\\/#primaryimage\"},\"thumbnailUrl\":\"https:\\\/\\\/www.bbmnoticias.com\\\/labravaradiofm\\\/wp-content\\\/uploads\\\/sites\\\/5\\\/2026\\\/09\\\/v0jM4B-r.jpg\",\"datePublished\":\"2026-09-03T01:11:32+00:00\",\"dateModified\":\"2026-09-03T01:11:35+00:00\",\"author\":{\"@id\":\"https:\\\/\\\/www.bbmnoticias.com\\\/labravaradiofm\\\/#\\\/schema\\\/person\\\/92571928210861b7374edfc7068926ba\"},\"breadcrumb\":{\"@id\":\"https:\\\/\\\/www.bbmnoticias.com\\\/asesino-de-jonathan-melendez-y-su-familia-uso-silenciador-y-cambio-placas-a-vehiculo\\\/#breadcrumb\"},\"inLanguage\":\"es\",\"potentialAction\":[{\"@type\":\"ReadAction\",\"target\":[\"https:\\\/\\\/www.bbmnoticias.com\\\/asesino-de-jonathan-melendez-y-su-familia-uso-silenciador-y-cambio-placas-a-vehiculo\\\/\"]}]},{\"@type\":\"ImageObject\",\"inLanguage\":\"es\",\"@id\":\"https:\\\/\\\/www.bbmnoticias.com\\\/asesino-de-jonathan-melendez-y-su-familia-uso-silenciador-y-cambio-placas-a-vehiculo\\\/#primaryimage\",\"url\":\"https:\\\/\\\/www.bbmnoticias.com\\\/labravaradiofm\\\/wp-content\\\/uploads\\\/sites\\\/5\\\/2026\\\/09\\\/v0jM4B-r.jpg\",\"contentUrl\":\"https:\\\/\\\/www.bbmnoticias.com\\\/labravaradiofm\\\/wp-content\\\/uploads\\\/sites\\\/5\\\/2026\\\/09\\\/v0jM4B-r.jpg\",\"width\":680,\"height\":383},{\"@type\":\"BreadcrumbList\",\"@id\":\"https:\\\/\\\/www.bbmnoticias.com\\\/asesino-de-jonathan-melendez-y-su-familia-uso-silenciador-y-cambio-placas-a-vehiculo\\\/#breadcrumb\",\"itemListElement\":[{\"@type\":\"ListItem\",\"position\":1,\"name\":\"Inicio\",\"item\":\"https:\\\/\\\/www.bbmnoticias.com\\\/labravaradiofm\\\/\"},{\"@type\":\"ListItem\",\"position\":2,\"name\":\"Asesino de Jonathan Mel\u00e9ndez y su familia uso silenciador y cambi\u00f3 placas a veh\u00edculo\"}]},{\"@type\":\"WebSite\",\"@id\":\"https:\\\/\\\/www.bbmnoticias.com\\\/labravaradiofm\\\/#website\",\"url\":\"https:\\\/\\\/www.bbmnoticias.com\\\/labravaradiofm\\\/\",\"name\":\"LA BRAVA RADIO\",\"description\":\"Empresa productora de medios, Radiodifusi\u00f3n, Noticias, tendencias y todo lo que necesitas saber de la pol\u00edtica mexicana e internacional; entretenimiento, espect\u00e1culos, salud y mucho m\u00e1s.\",\"potentialAction\":[{\"@type\":\"SearchAction\",\"target\":{\"@type\":\"EntryPoint\",\"urlTemplate\":\"https:\\\/\\\/www.bbmnoticias.com\\\/labravaradiofm\\\/?s={search_term_string}\"},\"query-input\":{\"@type\":\"PropertyValueSpecification\",\"valueRequired\":true,\"valueName\":\"search_term_string\"}}],\"inLanguage\":\"es\"},{\"@type\":\"Person\",\"@id\":\"https:\\\/\\\/www.bbmnoticias.com\\\/labravaradiofm\\\/#\\\/schema\\\/person\\\/92571928210861b7374edfc7068926ba\",\"name\":\"Exc\u00e9lsior\",\"image\":{\"@type\":\"ImageObject\",\"inLanguage\":\"es\",\"@id\":\"https:\\\/\\\/secure.gravatar.com\\\/avatar\\\/497265c4dbe1cd0e2f3f1b19aba0f5779c7f95d09e139a5b83c1ecd47b4e780d?s=96&d=mm&r=g\",\"url\":\"https:\\\/\\\/secure.gravatar.com\\\/avatar\\\/497265c4dbe1cd0e2f3f1b19aba0f5779c7f95d09e139a5b83c1ecd47b4e780d?s=96&d=mm&r=g\",\"contentUrl\":\"https:\\\/\\\/secure.gravatar.com\\\/avatar\\\/497265c4dbe1cd0e2f3f1b19aba0f5779c7f95d09e139a5b83c1ecd47b4e780d?s=96&d=mm&r=g\",\"caption\":\"Exc\u00e9lsior\"},\"url\":\"https:\\\/\\\/www.bbmnoticias.com\\\/labravaradiofm\\\/author\\\/excelsior\\\/\"}]}<\/script>\n<!-- \/ Yoast SEO plugin. -->","yoast_head_json":{"title":"Asesino de Jonathan Mel\u00e9ndez y su familia uso silenciador y cambi\u00f3 placas a veh\u00edculo - LA BRAVA RADIO","robots":{"index":"index","follow":"follow","max-snippet":"max-snippet:-1","max-image-preview":"max-image-preview:large","max-video-preview":"max-video-preview:-1"},"canonical":"https:\/\/www.bbmnoticias.com\/asesino-de-jonathan-melendez-y-su-familia-uso-silenciador-y-cambio-placas-a-vehiculo\/","og_locale":"es_MX","og_type":"article","og_title":"Asesino de Jonathan Mel\u00e9ndez y su familia uso silenciador y cambi\u00f3 placas a veh\u00edculo - LA BRAVA RADIO","og_description":"El reportero Carlos Jim\u00e9nez dio a conocer en sus redes sociales que los involucrados en el asesinato de Jonathan Mel\u00e9ndez Ochoa, tecladista de Camilo S\u00e9ptimo, y su familia, usaron armas con silenciador y le cambiaron las placas al auto en el que llegaron hasta el departamento del m\u00fasico, ubicado en Atizap\u00e1n de Zaragoza, en el [&hellip;]","og_url":"https:\/\/www.bbmnoticias.com\/asesino-de-jonathan-melendez-y-su-familia-uso-silenciador-y-cambio-placas-a-vehiculo\/","og_site_name":"LA BRAVA RADIO","article_published_time":"2026-09-03T01:11:32+00:00","article_modified_time":"2026-09-03T01:11:35+00:00","og_image":[{"width":680,"height":383,"url":"https:\/\/www.bbmnoticias.com\/labravaradiofm\/wp-content\/uploads\/sites\/5\/2026\/09\/v0jM4B-r.jpg","type":"image\/jpeg"}],"author":"Exc\u00e9lsior","twitter_card":"summary_large_image","twitter_misc":{"Escrito por":"Exc\u00e9lsior","Tiempo de lectura":"3 minutos"},"schema":{"@context":"https:\/\/schema.org","@graph":[{"@type":"Article","@id":"https:\/\/www.bbmnoticias.com\/asesino-de-jonathan-melendez-y-su-familia-uso-silenciador-y-cambio-placas-a-vehiculo\/#article","isPartOf":{"@id":"https:\/\/www.bbmnoticias.com\/labravaradiofm\/2026\/09\/02\/asesino-de-jonathan-melendez-y-su-familia-uso-silenciador-y-cambio-placas-a-vehiculo\/"},"author":{"name":"Exc\u00e9lsior","@id":"https:\/\/www.bbmnoticias.com\/labravaradiofm\/#\/schema\/person\/92571928210861b7374edfc7068926ba"},"headline":"Asesino de Jonathan Mel\u00e9ndez y su familia uso silenciador y cambi\u00f3 placas a veh\u00edculo","datePublished":"2026-09-03T01:11:32+00:00","dateModified":"2026-09-03T01:11:35+00:00","mainEntityOfPage":{"@id":"https:\/\/www.bbmnoticias.com\/labravaradiofm\/2026\/09\/02\/asesino-de-jonathan-melendez-y-su-familia-uso-silenciador-y-cambio-placas-a-vehiculo\/"},"wordCount":567,"image":{"@id":"https:\/\/www.bbmnoticias.com\/asesino-de-jonathan-melendez-y-su-familia-uso-silenciador-y-cambio-placas-a-vehiculo\/#primaryimage"},"thumbnailUrl":"https:\/\/www.bbmnoticias.com\/labravaradiofm\/wp-content\/uploads\/sites\/5\/2026\/09\/v0jM4B-r.jpg","articleSection":["LOCAL","NACIONAL"],"inLanguage":"es"},{"@type":"WebPage","@id":"https:\/\/www.bbmnoticias.com\/labravaradiofm\/2026\/09\/02\/asesino-de-jonathan-melendez-y-su-familia-uso-silenciador-y-cambio-placas-a-vehiculo\/","url":"https:\/\/www.bbmnoticias.com\/asesino-de-jonathan-melendez-y-su-familia-uso-silenciador-y-cambio-placas-a-vehiculo\/","name":"Asesino de Jonathan Mel\u00e9ndez y su familia uso silenciador y cambi\u00f3 placas a veh\u00edculo - LA BRAVA RADIO","isPartOf":{"@id":"https:\/\/www.bbmnoticias.com\/labravaradiofm\/#website"},"primaryImageOfPage":{"@id":"https:\/\/www.bbmnoticias.com\/asesino-de-jonathan-melendez-y-su-familia-uso-silenciador-y-cambio-placas-a-vehiculo\/#primaryimage"},"image":{"@id":"https:\/\/www.bbmnoticias.com\/asesino-de-jonathan-melendez-y-su-familia-uso-silenciador-y-cambio-placas-a-vehiculo\/#primaryimage"},"thumbnailUrl":"https:\/\/www.bbmnoticias.com\/labravaradiofm\/wp-content\/uploads\/sites\/5\/2026\/09\/v0jM4B-r.jpg","datePublished":"2026-09-03T01:11:32+00:00","dateModified":"2026-09-03T01:11:35+00:00","author":{"@id":"https:\/\/www.bbmnoticias.com\/labravaradiofm\/#\/schema\/person\/92571928210861b7374edfc7068926ba"},"breadcrumb":{"@id":"https:\/\/www.bbmnoticias.com\/asesino-de-jonathan-melendez-y-su-familia-uso-silenciador-y-cambio-placas-a-vehiculo\/#breadcrumb"},"inLanguage":"es","potentialAction":[{"@type":"ReadAction","target":["https:\/\/www.bbmnoticias.com\/asesino-de-jonathan-melendez-y-su-familia-uso-silenciador-y-cambio-placas-a-vehiculo\/"]}]},{"@type":"ImageObject","inLanguage":"es","@id":"https:\/\/www.bbmnoticias.com\/asesino-de-jonathan-melendez-y-su-familia-uso-silenciador-y-cambio-placas-a-vehiculo\/#primaryimage","url":"https:\/\/www.bbmnoticias.com\/labravaradiofm\/wp-content\/uploads\/sites\/5\/2026\/09\/v0jM4B-r.jpg","contentUrl":"https:\/\/www.bbmnoticias.com\/labravaradiofm\/wp-content\/uploads\/sites\/5\/2026\/09\/v0jM4B-r.jpg","width":680,"height":383},{"@type":"BreadcrumbList","@id":"https:\/\/www.bbmnoticias.com\/asesino-de-jonathan-melendez-y-su-familia-uso-silenciador-y-cambio-placas-a-vehiculo\/#breadcrumb","itemListElement":[{"@type":"ListItem","position":1,"name":"Inicio","item":"https:\/\/www.bbmnoticias.com\/labravaradiofm\/"},{"@type":"ListItem","position":2,"name":"Asesino de Jonathan Mel\u00e9ndez y su familia uso silenciador y cambi\u00f3 placas a veh\u00edculo"}]},{"@type":"WebSite","@id":"https:\/\/www.bbmnoticias.com\/labravaradiofm\/#website","url":"https:\/\/www.bbmnoticias.com\/labravaradiofm\/","name":"LA BRAVA RADIO","description":"Empresa productora de medios, Radiodifusi\u00f3n, Noticias, tendencias y todo lo que necesitas saber de la pol\u00edtica mexicana e internacional; entretenimiento, espect\u00e1culos, salud y mucho m\u00e1s.","potentialAction":[{"@type":"SearchAction","target":{"@type":"EntryPoint","urlTemplate":"https:\/\/www.bbmnoticias.com\/labravaradiofm\/?s={search_term_string}"},"query-input":{"@type":"PropertyValueSpecification","valueRequired":true,"valueName":"search_term_string"}}],"inLanguage":"es"},{"@type":"Person","@id":"https:\/\/www.bbmnoticias.com\/labravaradiofm\/#\/schema\/person\/92571928210861b7374edfc7068926ba","name":"Exc\u00e9lsior","image":{"@type":"ImageObject","inLanguage":"es","@id":"https:\/\/secure.gravatar.com\/avatar\/497265c4dbe1cd0e2f3f1b19aba0f5779c7f95d09e139a5b83c1ecd47b4e780d?s=96&d=mm&r=g","url":"https:\/\/secure.gravatar.com\/avatar\/497265c4dbe1cd0e2f3f1b19aba0f5779c7f95d09e139a5b83c1ecd47b4e780d?s=96&d=mm&r=g","contentUrl":"https:\/\/secure.gravatar.com\/avatar\/497265c4dbe1cd0e2f3f1b19aba0f5779c7f95d09e139a5b83c1ecd47b4e780d?s=96&d=mm&r=g","caption":"Exc\u00e9lsior"},"url":"https:\/\/www.bbmnoticias.com\/labravaradiofm\/author\/excelsior\/"}]}},"_links":{"self":[{"href":"https:\/\/www.bbmnoticias.com\/labravaradiofm\/wp-json\/wp\/v2\/posts\/81400","targetHints":{"allow":["GET"]}}],"collection":[{"href":"https:\/\/www.bbmnoticias.com\/labravaradiofm\/wp-json\/wp\/v2\/posts"}],"about":[{"href":"https:\/\/www.bbmnoticias.com\/labravaradiofm\/wp-json\/wp\/v2\/types\/post"}],"author":[{"embeddable":true,"href":"https:\/\/www.bbmnoticias.com\/labravaradiofm\/wp-json\/wp\/v2\/users\/8"}],"replies":[{"embeddable":true,"href":"https:\/\/www.bbmnoticias.com\/labravaradiofm\/wp-json\/wp\/v2\/comments?post=81400"}],"version-history":[{"count":1,"href":"https:\/\/www.bbmnoticias.com\/labravaradiofm\/wp-json\/wp\/v2\/posts\/81400\/revisions"}],"predecessor-version":[{"id":81401,"href":"https:\/\/www.bbmnoticias.com\/labravaradiofm\/wp-json\/wp\/v2\/posts\/81400\/revisions\/81401"}],"wp:featuredmedia":[{"embeddable":true,"href":"https:\/\/www.bbmnoticias.com\/labravaradiofm\/wp-json\/wp\/v2\/media\/81402"}],"wp:attachment":[{"href":"https:\/\/www.bbmnoticias.com\/labravaradiofm\/wp-json\/wp\/v2\/media?parent=81400"}],"wp:term":[{"taxonomy":"category","embeddable":true,"href":"https:\/\/www.bbmnoticias.com\/labravaradiofm\/wp-json\/wp\/v2\/categories?post=81400"},{"taxonomy":"post_tag","embeddable":true,"href":"https:\/\/www.bbmnoticias.com\/labravaradiofm\/wp-json\/wp\/v2\/tags?post=81400"}],"curies":[{"name":"wp","href":"https:\/\/api.w.org\/{rel}","templated":true}]}}