{"id":81394,"date":"2026-09-02T18:21:18","date_gmt":"2026-09-03T00:21:18","guid":{"rendered":"https:\/\/www.bbmnoticias.com\/labravaradiofm\/2026\/09\/02\/quien-era-ana-paula-esposa-embarazada-del-tecladista-de-camilo-septimo-que-tambien-fue-asesinada\/"},"modified":"2026-09-02T18:21:21","modified_gmt":"2026-09-03T00:21:21","slug":"quien-era-ana-paula-esposa-embarazada-del-tecladista-de-camilo-septimo-que-tambien-fue-asesinada","status":"publish","type":"post","link":"https:\/\/www.bbmnoticias.com\/labravaradiofm\/2026\/09\/02\/quien-era-ana-paula-esposa-embarazada-del-tecladista-de-camilo-septimo-que-tambien-fue-asesinada\/","title":{"rendered":"\u00bfQui\u00e9n era Ana Paula? Esposa embarazada del tecladista de Camilo S\u00e9ptimo que tambi\u00e9n fue asesinada"},"content":{"rendered":"\n<p class=\"wp-block-paragraph\">Ana Paula, <strong>esposa de Jonathan Mel\u00e9ndez, tecladista de Camilo S\u00e9ptimo<\/strong>, quien estaba embarazada, tambi\u00e9n fue <strong>asesinada junto al m\u00fasico<\/strong> al interior de un departamento en el fraccionamiento Grand Viure, en la Zona Esmeralda de Atizap\u00e1n de Zaragoza, en el Estado de M\u00e9xico (Edomex).<\/p>\n\n\n\n<p class=\"wp-block-paragraph\">Las otras v\u00edctimas del ataque fueron la <strong>hija de la pareja, de tres <\/strong><strong>a\u00f1os de edad<\/strong>; adem\u00e1s de <strong>la trabajadora dom\u00e9stica <\/strong>que se encontraba en el lugar el d\u00eda de los hechos. La mascota de la familia tambi\u00e9n fue ultimada en el sitio. El \u00fanico sobreviviente fue un ni\u00f1o de 6 a\u00f1os, de acuerdo con las autoridades.<\/p>\n\n\n\n<p class=\"wp-block-paragraph\">Ana Paula, de 35 a\u00f1os, se encontraba <strong>entre el cuarto y quinto mes de gestaci\u00f3n<\/strong>. Pese a su condici\u00f3n, los responsables le quitaron la vida.<\/p>\n\n\n\n<p class=\"wp-block-paragraph\">Aunque Ana Paula manten\u00eda un perfil discreto y hay poca informaci\u00f3n p\u00fablica acerca de ella debido a que<strong> se manten\u00eda alejada de los reflectores<\/strong>, tanto su perfil como el de su pareja Jonathan Mel\u00e9ndez en Instagram dejan ver algunos datos.<\/p>\n\n\n\n<p class=\"wp-block-paragraph\">Ana Paula fue identificada en redes sociales como @anapaugb, ten\u00eda <strong>35 a\u00f1os <\/strong>y, seg\u00fan los reportes, estaba embarazada.<\/p>\n\n\n\n<p class=\"wp-block-paragraph\">Era <strong>madre de una ni\u00f1a peque\u00f1a de 3 a\u00f1os<\/strong> que tambi\u00e9n fue ultimada en el departamento ubicado en Atizap\u00e1n.<\/p>\n\n\n\n<p class=\"wp-block-paragraph\">Jonathan Mel\u00e9ndez sol\u00eda llamarla de cari\u00f1o <strong>Paulita<\/strong>, tal como se puede ver en publicaciones realizadas por el m\u00fasico en sus redes sociales.<\/p>\n\n\n\n<p class=\"wp-block-paragraph\">En el <strong>perfil del tecladista de Camilo S\u00e9ptimo<\/strong>, se puede ver que fueron juntos en 2019 a un viaje a Paris.<\/p>\n\n\n\n<p class=\"wp-block-paragraph\">Pese a la fama de su esposo, ella optaba por la discreci\u00f3n en su vida, por lo que incluso <strong>manten\u00eda <\/strong><strong>restringido<\/strong><strong> el acceso a sus perfiles<\/strong> en plataformas digitales, como en Instagram, en donde ten\u00eda apenas 131 seguidores y 730 publicaciones.<\/p>\n\n\n\n<p class=\"wp-block-paragraph\">En la foto de su perfil, aparec\u00eda Ana Paula con un traje de ba\u00f1o, sentada, viendo hacia al mar. La descripci\u00f3n en esa imagen solo ten\u00eda algunos emojis de una luna, un coraz\u00f3n y un ojo turco.<\/p>\n\n\n\n<p class=\"wp-block-paragraph\">Hasta ahora, es la \u00fanica informaci\u00f3n que se puede encontrar de Ana Paula Barragan, pues <strong>no existen otros datos p\u00fablicos sobre su vida.<\/strong><\/p>\n\n\n\n<h2 class=\"wp-block-heading\">\u00bfPor qu\u00e9 asesinaron a&nbsp;Jonathan \u201cHonas\u201d Mel\u00e9ndez?<\/h2>\n\n\n\n<p class=\"wp-block-paragraph\">El asesinato del m\u00fasico y de su familia caus\u00f3 gran conmoci\u00f3n en redes sociales. Seguidores de Camilo S\u00e9ptimo han mostrado su tristeza por el <strong>crimen que tom\u00f3 <\/strong><strong>pro<\/strong><strong> sorpresa a todos<\/strong>, puesto que, pese a la fama de Jonathan, tambi\u00e9n conocido como \u201cHonas\u201d, su familia<strong> llevaba una vida reservada.<\/strong><\/p>\n\n\n\n<p class=\"wp-block-paragraph\">Mel\u00e9ndez era el \u00fanico que estaba en el ojo medi\u00e1tico por su presencia en la banda mexicana Camilo S\u00e9ptimo, pero tambi\u00e9n <strong>optaba por reservar su vida privada<\/strong>.<\/p>\n\n\n\n<p class=\"wp-block-paragraph\">Lo anterior se puede ver en su cuenta de Instagram, en donde sol\u00eda compartir pocos detalles de su vida y los principales contenidos trataban sobre la<strong>s presentaciones de la banda<\/strong> de la que fue fundador.<\/p>\n\n\n\n<p class=\"wp-block-paragraph\">Lo que se sabe del crimen es que uno de los detenidos, identificado como <strong>Diego Sebasti\u00e1n \u201cN\u201d, era socio de Jonathan <\/strong>y, de acuerdo con las autoridades, habr\u00eda utilizado la relaci\u00f3n de confianza que manten\u00eda con el m\u00fasico para ingresar al domicilio sin necesidad de forzar las entradas. El segundo detenido fue identificado como<strong> Gerardo \u201cN\u201d,<\/strong> quien tambi\u00e9n es investigado por su presunta participaci\u00f3n en los hechos.<\/p>\n\n\n\n<p class=\"wp-block-paragraph\">De acuerdo con lo<strong> informado por Omar Garc\u00eda Harfuch<\/strong>, tras los asesinatos, autoridades lograron ubicar a los presuntos responsables y detenerlos en menos de 12 horas.<\/p>\n\n\n\n<p class=\"wp-block-paragraph\">Sin embargo, el funcionario <strong>no confirm\u00f3 hasta ahora cu\u00e1l fue el m\u00f3vil del crimen.<\/strong>Aunque se han mencionado posibles <strong>conflictos econ\u00f3micos<\/strong>, problemas entre Jonathan y su socio o incluso un robo, estas versiones forman parte de las l\u00edneas de investigaci\u00f3n y todav\u00eda no pueden darse como la causa confirmada del asesinato.<\/p>\n\n\n\n<p class=\"wp-block-paragraph\">Uno de los elementos que llam\u00f3 la atenci\u00f3n de los investigadores fue precisamente la relaci\u00f3n entre Jonathan y Diego Sebasti\u00e1n \u201cN\u201d, ya que esta habr\u00eda permitido al detenido entrar a la vivienda con la confianza de que no levantar\u00eda sospechas. Adem\u00e1s, antes de reunirse con su socio, <strong>Jonathan habr\u00eda pedido a un amigo que alertara a las autoridades<\/strong> si dejaba de tener comunicaci\u00f3n con \u00e9l.<\/p>\n\n\n\n<h3 class=\"wp-block-heading\">\u00bfQui\u00e9n es Camilo S\u00e9ptimo?<\/h3>\n\n\n\n<p class=\"wp-block-paragraph\">Camilo S\u00e9ptimo es una banda mexicana de rock alternativo e indie pop<strong> originaria de la Ciudad de M\u00e9xico.<\/strong> El grupo comenz\u00f3 su trayectoria en <strong>2013<\/strong> y con el paso de los a\u00f1os se convirti\u00f3 en uno de los proyectos m\u00e1s reconocidos de la escena independiente del pa\u00eds. Su m\u00fasica combina elementos de rock, synthpop y sonidos electr\u00f3nicos, con letras centradas principalmente en el amor, la nostalgia, las relaciones y las emociones.<\/p>\n\n\n\n<p class=\"wp-block-paragraph\">A lo largo de su carrera, la agrupaci\u00f3n ha conseguido una <strong>importante base de seguidores<\/strong> gracias a canciones como \u201cNo conf\u00edes en m\u00ed\u201d, \u201cMi\u00e9nteme\u201d, \u201cContacto\u201d, \u201cVicio\u201d, \u201cInevitable\u201d y \u201cGal\u00e1ctica\u201d. Su crecimiento los llev\u00f3 de presentarse en peque\u00f1os foros a escenarios de mayor capacidad, adem\u00e1s de realizar presentaciones en distintas ciudades de M\u00e9xico y otros pa\u00edses.<\/p>\n\n\n\n<p class=\"wp-block-paragraph\">Respecto a su peculiar nombre,<strong> Camilo S\u00e9ptimo surgi\u00f3 pr\u00e1cticamente como una broma<\/strong>. Manuel \u201cCoe\u201d Mendoza, vocalista y bajista de la banda, ha contado que durante una etapa anterior de su carrera un amigo le sugiri\u00f3 hacer m\u00fasica al estilo de<strong> Camilo Sesto<\/strong>. En tono de juego, Coe respondi\u00f3 que entonces \u00e9l se llamar\u00eda \u201cCamilo S\u00e9ptimo\u201d. La frase termin\u00f3 gust\u00e1ndoles tanto que decidieron conservarla como el nombre del nuevo proyecto.<\/p>\n\n\n\n<p class=\"wp-block-paragraph\">Por ello, aunque el nombre puede hacer pensar en el reconocido cantante espa\u00f1ol Camilo Sesto,<strong> la banda no tiene una relaci\u00f3n directa con \u00e9l<\/strong>. El nombre naci\u00f3 simplemente de aquella ocurrencia y termin\u00f3 convirti\u00e9ndose en una de las se\u00f1as de identidad del grupo.<\/p>\n\n\n\n<h3 class=\"wp-block-heading\">Integrantes de la banda mexicana<\/h3>\n\n\n\n<p class=\"wp-block-paragraph\">La formaci\u00f3n oficial y fundadora de Camilo S\u00e9ptimo est\u00e1 integrada por<strong> tres m\u00fasicos:<\/strong><\/p>\n\n\n\n<ul class=\"wp-block-list\">\n<li>Manuel \u201cCoe\u201d Mendoza \u2014 voz y bajo.<\/li>\n\n\n\n<li>Jonathan \u201cHonas\u201d Mel\u00e9ndez \u2014 teclados y sintetizadores.<\/li>\n\n\n\n<li>Erik V\u00e1zquez \u2014 guitarra.<\/li>\n<\/ul>\n\n\n\n<p class=\"wp-block-paragraph\">Adem\u00e1s, la banda ha contado con m\u00fasicos de apoyo para sus presentaciones en vivo, entre ellos C\u00e9sar Cardiel y Marco Alarc\u00f3n, en la bater\u00eda, as\u00ed como Claudio Cruz, en las percusiones.<\/p>\n\n\n\n<p class=\"wp-block-paragraph\"><strong>Jonathan Mel\u00e9ndez era uno de los tres integrantes originales <\/strong>y fundadores, por lo que su papel dentro de la agrupaci\u00f3n iba m\u00e1s all\u00e1 de ser \u00fanicamente el tecladista.<\/p>\n","protected":false},"excerpt":{"rendered":"<p>Ana Paula, esposa de Jonathan Mel\u00e9ndez, tecladista de Camilo S\u00e9ptimo, quien estaba embarazada, tambi\u00e9n fue asesinada junto al m\u00fasico al interior de un departamento en el fraccionamiento Grand Viure, en la Zona Esmeralda de Atizap\u00e1n de Zaragoza, en el Estado de M\u00e9xico (Edomex). Las otras v\u00edctimas del ataque fueron la hija de la pareja, de [&hellip;]<\/p>\n","protected":false},"author":8,"featured_media":81396,"comment_status":"closed","ping_status":"open","sticky":false,"template":"","format":"standard","meta":{"footnotes":""},"categories":[949,2],"tags":[],"class_list":["post-81394","post","type-post","status-publish","format-standard","has-post-thumbnail","hentry","category-espectaculos","category-oaxaca"],"yoast_head":"<!-- This site is optimized with the Yoast SEO plugin v28.1 - https:\/\/yoast.com\/product\/yoast-seo-wordpress\/ -->\n<title>\u00bfQui\u00e9n era Ana Paula? Esposa embarazada del tecladista de Camilo S\u00e9ptimo que tambi\u00e9n fue asesinada - LA BRAVA RADIO<\/title>\n<meta name=\"robots\" content=\"index, follow, max-snippet:-1, max-image-preview:large, max-video-preview:-1\" \/>\n<link rel=\"canonical\" href=\"https:\/\/www.bbmnoticias.com\/quien-era-ana-paula-esposa-embarazada-del-tecladista-de-camilo-septimo-que-tambien-fue-asesinada\/\" \/>\n<meta property=\"og:locale\" content=\"es_MX\" \/>\n<meta property=\"og:type\" content=\"article\" \/>\n<meta property=\"og:title\" content=\"\u00bfQui\u00e9n era Ana Paula? Esposa embarazada del tecladista de Camilo S\u00e9ptimo que tambi\u00e9n fue asesinada - LA BRAVA RADIO\" \/>\n<meta property=\"og:description\" content=\"Ana Paula, esposa de Jonathan Mel\u00e9ndez, tecladista de Camilo S\u00e9ptimo, quien estaba embarazada, tambi\u00e9n fue asesinada junto al m\u00fasico al interior de un departamento en el fraccionamiento Grand Viure, en la Zona Esmeralda de Atizap\u00e1n de Zaragoza, en el Estado de M\u00e9xico (Edomex). Las otras v\u00edctimas del ataque fueron la hija de la pareja, de [&hellip;]\" \/>\n<meta property=\"og:url\" content=\"https:\/\/www.bbmnoticias.com\/quien-era-ana-paula-esposa-embarazada-del-tecladista-de-camilo-septimo-que-tambien-fue-asesinada\/\" \/>\n<meta property=\"og:site_name\" content=\"LA BRAVA RADIO\" \/>\n<meta property=\"article:published_time\" content=\"2026-09-03T00:21:18+00:00\" \/>\n<meta property=\"article:modified_time\" content=\"2026-09-03T00:21:21+00:00\" \/>\n<meta property=\"og:image\" content=\"https:\/\/www.bbmnoticias.com\/labravaradiofm\/wp-content\/uploads\/sites\/5\/2026\/09\/6a98b6c357626.jpeg\" \/>\n\t<meta property=\"og:image:width\" content=\"813\" \/>\n\t<meta property=\"og:image:height\" content=\"542\" \/>\n\t<meta property=\"og:image:type\" content=\"image\/jpeg\" \/>\n<meta name=\"author\" content=\"Exc\u00e9lsior\" \/>\n<meta name=\"twitter:card\" content=\"summary_large_image\" \/>\n<meta name=\"twitter:label1\" content=\"Escrito por\" \/>\n\t<meta name=\"twitter:data1\" content=\"Exc\u00e9lsior\" \/>\n\t<meta name=\"twitter:label2\" content=\"Tiempo de lectura\" \/>\n\t<meta name=\"twitter:data2\" content=\"6 minutos\" \/>\n<script type=\"application\/ld+json\" class=\"yoast-schema-graph\">{\"@context\":\"https:\\\/\\\/schema.org\",\"@graph\":[{\"@type\":\"Article\",\"@id\":\"https:\\\/\\\/www.bbmnoticias.com\\\/quien-era-ana-paula-esposa-embarazada-del-tecladista-de-camilo-septimo-que-tambien-fue-asesinada\\\/#article\",\"isPartOf\":{\"@id\":\"https:\\\/\\\/www.bbmnoticias.com\\\/labravaradiofm\\\/2026\\\/09\\\/02\\\/quien-era-ana-paula-esposa-embarazada-del-tecladista-de-camilo-septimo-que-tambien-fue-asesinada\\\/\"},\"author\":{\"name\":\"Exc\u00e9lsior\",\"@id\":\"https:\\\/\\\/www.bbmnoticias.com\\\/labravaradiofm\\\/#\\\/schema\\\/person\\\/92571928210861b7374edfc7068926ba\"},\"headline\":\"\u00bfQui\u00e9n era Ana Paula? Esposa embarazada del tecladista de Camilo S\u00e9ptimo que tambi\u00e9n fue asesinada\",\"datePublished\":\"2026-09-03T00:21:18+00:00\",\"dateModified\":\"2026-09-03T00:21:21+00:00\",\"mainEntityOfPage\":{\"@id\":\"https:\\\/\\\/www.bbmnoticias.com\\\/labravaradiofm\\\/2026\\\/09\\\/02\\\/quien-era-ana-paula-esposa-embarazada-del-tecladista-de-camilo-septimo-que-tambien-fue-asesinada\\\/\"},\"wordCount\":1134,\"image\":{\"@id\":\"https:\\\/\\\/www.bbmnoticias.com\\\/quien-era-ana-paula-esposa-embarazada-del-tecladista-de-camilo-septimo-que-tambien-fue-asesinada\\\/#primaryimage\"},\"thumbnailUrl\":\"https:\\\/\\\/www.bbmnoticias.com\\\/labravaradiofm\\\/wp-content\\\/uploads\\\/sites\\\/5\\\/2026\\\/09\\\/6a98b6c357626.jpeg\",\"articleSection\":[\"ESPECT\u00c1CULOS\",\"LOCAL\"],\"inLanguage\":\"es\"},{\"@type\":\"WebPage\",\"@id\":\"https:\\\/\\\/www.bbmnoticias.com\\\/labravaradiofm\\\/2026\\\/09\\\/02\\\/quien-era-ana-paula-esposa-embarazada-del-tecladista-de-camilo-septimo-que-tambien-fue-asesinada\\\/\",\"url\":\"https:\\\/\\\/www.bbmnoticias.com\\\/quien-era-ana-paula-esposa-embarazada-del-tecladista-de-camilo-septimo-que-tambien-fue-asesinada\\\/\",\"name\":\"\u00bfQui\u00e9n era Ana Paula? Esposa embarazada del tecladista de Camilo S\u00e9ptimo que tambi\u00e9n fue asesinada - LA BRAVA RADIO\",\"isPartOf\":{\"@id\":\"https:\\\/\\\/www.bbmnoticias.com\\\/labravaradiofm\\\/#website\"},\"primaryImageOfPage\":{\"@id\":\"https:\\\/\\\/www.bbmnoticias.com\\\/quien-era-ana-paula-esposa-embarazada-del-tecladista-de-camilo-septimo-que-tambien-fue-asesinada\\\/#primaryimage\"},\"image\":{\"@id\":\"https:\\\/\\\/www.bbmnoticias.com\\\/quien-era-ana-paula-esposa-embarazada-del-tecladista-de-camilo-septimo-que-tambien-fue-asesinada\\\/#primaryimage\"},\"thumbnailUrl\":\"https:\\\/\\\/www.bbmnoticias.com\\\/labravaradiofm\\\/wp-content\\\/uploads\\\/sites\\\/5\\\/2026\\\/09\\\/6a98b6c357626.jpeg\",\"datePublished\":\"2026-09-03T00:21:18+00:00\",\"dateModified\":\"2026-09-03T00:21:21+00:00\",\"author\":{\"@id\":\"https:\\\/\\\/www.bbmnoticias.com\\\/labravaradiofm\\\/#\\\/schema\\\/person\\\/92571928210861b7374edfc7068926ba\"},\"breadcrumb\":{\"@id\":\"https:\\\/\\\/www.bbmnoticias.com\\\/quien-era-ana-paula-esposa-embarazada-del-tecladista-de-camilo-septimo-que-tambien-fue-asesinada\\\/#breadcrumb\"},\"inLanguage\":\"es\",\"potentialAction\":[{\"@type\":\"ReadAction\",\"target\":[\"https:\\\/\\\/www.bbmnoticias.com\\\/quien-era-ana-paula-esposa-embarazada-del-tecladista-de-camilo-septimo-que-tambien-fue-asesinada\\\/\"]}]},{\"@type\":\"ImageObject\",\"inLanguage\":\"es\",\"@id\":\"https:\\\/\\\/www.bbmnoticias.com\\\/quien-era-ana-paula-esposa-embarazada-del-tecladista-de-camilo-septimo-que-tambien-fue-asesinada\\\/#primaryimage\",\"url\":\"https:\\\/\\\/www.bbmnoticias.com\\\/labravaradiofm\\\/wp-content\\\/uploads\\\/sites\\\/5\\\/2026\\\/09\\\/6a98b6c357626.jpeg\",\"contentUrl\":\"https:\\\/\\\/www.bbmnoticias.com\\\/labravaradiofm\\\/wp-content\\\/uploads\\\/sites\\\/5\\\/2026\\\/09\\\/6a98b6c357626.jpeg\",\"width\":813,\"height\":542},{\"@type\":\"BreadcrumbList\",\"@id\":\"https:\\\/\\\/www.bbmnoticias.com\\\/quien-era-ana-paula-esposa-embarazada-del-tecladista-de-camilo-septimo-que-tambien-fue-asesinada\\\/#breadcrumb\",\"itemListElement\":[{\"@type\":\"ListItem\",\"position\":1,\"name\":\"Inicio\",\"item\":\"https:\\\/\\\/www.bbmnoticias.com\\\/labravaradiofm\\\/\"},{\"@type\":\"ListItem\",\"position\":2,\"name\":\"\u00bfQui\u00e9n era Ana Paula? Esposa embarazada del tecladista de Camilo S\u00e9ptimo que tambi\u00e9n fue asesinada\"}]},{\"@type\":\"WebSite\",\"@id\":\"https:\\\/\\\/www.bbmnoticias.com\\\/labravaradiofm\\\/#website\",\"url\":\"https:\\\/\\\/www.bbmnoticias.com\\\/labravaradiofm\\\/\",\"name\":\"LA BRAVA RADIO\",\"description\":\"Empresa productora de medios, Radiodifusi\u00f3n, Noticias, tendencias y todo lo que necesitas saber de la pol\u00edtica mexicana e internacional; entretenimiento, espect\u00e1culos, salud y mucho m\u00e1s.\",\"potentialAction\":[{\"@type\":\"SearchAction\",\"target\":{\"@type\":\"EntryPoint\",\"urlTemplate\":\"https:\\\/\\\/www.bbmnoticias.com\\\/labravaradiofm\\\/?s={search_term_string}\"},\"query-input\":{\"@type\":\"PropertyValueSpecification\",\"valueRequired\":true,\"valueName\":\"search_term_string\"}}],\"inLanguage\":\"es\"},{\"@type\":\"Person\",\"@id\":\"https:\\\/\\\/www.bbmnoticias.com\\\/labravaradiofm\\\/#\\\/schema\\\/person\\\/92571928210861b7374edfc7068926ba\",\"name\":\"Exc\u00e9lsior\",\"image\":{\"@type\":\"ImageObject\",\"inLanguage\":\"es\",\"@id\":\"https:\\\/\\\/secure.gravatar.com\\\/avatar\\\/497265c4dbe1cd0e2f3f1b19aba0f5779c7f95d09e139a5b83c1ecd47b4e780d?s=96&d=mm&r=g\",\"url\":\"https:\\\/\\\/secure.gravatar.com\\\/avatar\\\/497265c4dbe1cd0e2f3f1b19aba0f5779c7f95d09e139a5b83c1ecd47b4e780d?s=96&d=mm&r=g\",\"contentUrl\":\"https:\\\/\\\/secure.gravatar.com\\\/avatar\\\/497265c4dbe1cd0e2f3f1b19aba0f5779c7f95d09e139a5b83c1ecd47b4e780d?s=96&d=mm&r=g\",\"caption\":\"Exc\u00e9lsior\"},\"url\":\"https:\\\/\\\/www.bbmnoticias.com\\\/labravaradiofm\\\/author\\\/excelsior\\\/\"}]}<\/script>\n<!-- \/ Yoast SEO plugin. -->","yoast_head_json":{"title":"\u00bfQui\u00e9n era Ana Paula? Esposa embarazada del tecladista de Camilo S\u00e9ptimo que tambi\u00e9n fue asesinada - LA BRAVA RADIO","robots":{"index":"index","follow":"follow","max-snippet":"max-snippet:-1","max-image-preview":"max-image-preview:large","max-video-preview":"max-video-preview:-1"},"canonical":"https:\/\/www.bbmnoticias.com\/quien-era-ana-paula-esposa-embarazada-del-tecladista-de-camilo-septimo-que-tambien-fue-asesinada\/","og_locale":"es_MX","og_type":"article","og_title":"\u00bfQui\u00e9n era Ana Paula? Esposa embarazada del tecladista de Camilo S\u00e9ptimo que tambi\u00e9n fue asesinada - LA BRAVA RADIO","og_description":"Ana Paula, esposa de Jonathan Mel\u00e9ndez, tecladista de Camilo S\u00e9ptimo, quien estaba embarazada, tambi\u00e9n fue asesinada junto al m\u00fasico al interior de un departamento en el fraccionamiento Grand Viure, en la Zona Esmeralda de Atizap\u00e1n de Zaragoza, en el Estado de M\u00e9xico (Edomex). Las otras v\u00edctimas del ataque fueron la hija de la pareja, de [&hellip;]","og_url":"https:\/\/www.bbmnoticias.com\/quien-era-ana-paula-esposa-embarazada-del-tecladista-de-camilo-septimo-que-tambien-fue-asesinada\/","og_site_name":"LA BRAVA RADIO","article_published_time":"2026-09-03T00:21:18+00:00","article_modified_time":"2026-09-03T00:21:21+00:00","og_image":[{"width":813,"height":542,"url":"https:\/\/www.bbmnoticias.com\/labravaradiofm\/wp-content\/uploads\/sites\/5\/2026\/09\/6a98b6c357626.jpeg","type":"image\/jpeg"}],"author":"Exc\u00e9lsior","twitter_card":"summary_large_image","twitter_misc":{"Escrito por":"Exc\u00e9lsior","Tiempo de lectura":"6 minutos"},"schema":{"@context":"https:\/\/schema.org","@graph":[{"@type":"Article","@id":"https:\/\/www.bbmnoticias.com\/quien-era-ana-paula-esposa-embarazada-del-tecladista-de-camilo-septimo-que-tambien-fue-asesinada\/#article","isPartOf":{"@id":"https:\/\/www.bbmnoticias.com\/labravaradiofm\/2026\/09\/02\/quien-era-ana-paula-esposa-embarazada-del-tecladista-de-camilo-septimo-que-tambien-fue-asesinada\/"},"author":{"name":"Exc\u00e9lsior","@id":"https:\/\/www.bbmnoticias.com\/labravaradiofm\/#\/schema\/person\/92571928210861b7374edfc7068926ba"},"headline":"\u00bfQui\u00e9n era Ana Paula? Esposa embarazada del tecladista de Camilo S\u00e9ptimo que tambi\u00e9n fue asesinada","datePublished":"2026-09-03T00:21:18+00:00","dateModified":"2026-09-03T00:21:21+00:00","mainEntityOfPage":{"@id":"https:\/\/www.bbmnoticias.com\/labravaradiofm\/2026\/09\/02\/quien-era-ana-paula-esposa-embarazada-del-tecladista-de-camilo-septimo-que-tambien-fue-asesinada\/"},"wordCount":1134,"image":{"@id":"https:\/\/www.bbmnoticias.com\/quien-era-ana-paula-esposa-embarazada-del-tecladista-de-camilo-septimo-que-tambien-fue-asesinada\/#primaryimage"},"thumbnailUrl":"https:\/\/www.bbmnoticias.com\/labravaradiofm\/wp-content\/uploads\/sites\/5\/2026\/09\/6a98b6c357626.jpeg","articleSection":["ESPECT\u00c1CULOS","LOCAL"],"inLanguage":"es"},{"@type":"WebPage","@id":"https:\/\/www.bbmnoticias.com\/labravaradiofm\/2026\/09\/02\/quien-era-ana-paula-esposa-embarazada-del-tecladista-de-camilo-septimo-que-tambien-fue-asesinada\/","url":"https:\/\/www.bbmnoticias.com\/quien-era-ana-paula-esposa-embarazada-del-tecladista-de-camilo-septimo-que-tambien-fue-asesinada\/","name":"\u00bfQui\u00e9n era Ana Paula? Esposa embarazada del tecladista de Camilo S\u00e9ptimo que tambi\u00e9n fue asesinada - LA BRAVA RADIO","isPartOf":{"@id":"https:\/\/www.bbmnoticias.com\/labravaradiofm\/#website"},"primaryImageOfPage":{"@id":"https:\/\/www.bbmnoticias.com\/quien-era-ana-paula-esposa-embarazada-del-tecladista-de-camilo-septimo-que-tambien-fue-asesinada\/#primaryimage"},"image":{"@id":"https:\/\/www.bbmnoticias.com\/quien-era-ana-paula-esposa-embarazada-del-tecladista-de-camilo-septimo-que-tambien-fue-asesinada\/#primaryimage"},"thumbnailUrl":"https:\/\/www.bbmnoticias.com\/labravaradiofm\/wp-content\/uploads\/sites\/5\/2026\/09\/6a98b6c357626.jpeg","datePublished":"2026-09-03T00:21:18+00:00","dateModified":"2026-09-03T00:21:21+00:00","author":{"@id":"https:\/\/www.bbmnoticias.com\/labravaradiofm\/#\/schema\/person\/92571928210861b7374edfc7068926ba"},"breadcrumb":{"@id":"https:\/\/www.bbmnoticias.com\/quien-era-ana-paula-esposa-embarazada-del-tecladista-de-camilo-septimo-que-tambien-fue-asesinada\/#breadcrumb"},"inLanguage":"es","potentialAction":[{"@type":"ReadAction","target":["https:\/\/www.bbmnoticias.com\/quien-era-ana-paula-esposa-embarazada-del-tecladista-de-camilo-septimo-que-tambien-fue-asesinada\/"]}]},{"@type":"ImageObject","inLanguage":"es","@id":"https:\/\/www.bbmnoticias.com\/quien-era-ana-paula-esposa-embarazada-del-tecladista-de-camilo-septimo-que-tambien-fue-asesinada\/#primaryimage","url":"https:\/\/www.bbmnoticias.com\/labravaradiofm\/wp-content\/uploads\/sites\/5\/2026\/09\/6a98b6c357626.jpeg","contentUrl":"https:\/\/www.bbmnoticias.com\/labravaradiofm\/wp-content\/uploads\/sites\/5\/2026\/09\/6a98b6c357626.jpeg","width":813,"height":542},{"@type":"BreadcrumbList","@id":"https:\/\/www.bbmnoticias.com\/quien-era-ana-paula-esposa-embarazada-del-tecladista-de-camilo-septimo-que-tambien-fue-asesinada\/#breadcrumb","itemListElement":[{"@type":"ListItem","position":1,"name":"Inicio","item":"https:\/\/www.bbmnoticias.com\/labravaradiofm\/"},{"@type":"ListItem","position":2,"name":"\u00bfQui\u00e9n era Ana Paula? Esposa embarazada del tecladista de Camilo S\u00e9ptimo que tambi\u00e9n fue asesinada"}]},{"@type":"WebSite","@id":"https:\/\/www.bbmnoticias.com\/labravaradiofm\/#website","url":"https:\/\/www.bbmnoticias.com\/labravaradiofm\/","name":"LA BRAVA RADIO","description":"Empresa productora de medios, Radiodifusi\u00f3n, Noticias, tendencias y todo lo que necesitas saber de la pol\u00edtica mexicana e internacional; entretenimiento, espect\u00e1culos, salud y mucho m\u00e1s.","potentialAction":[{"@type":"SearchAction","target":{"@type":"EntryPoint","urlTemplate":"https:\/\/www.bbmnoticias.com\/labravaradiofm\/?s={search_term_string}"},"query-input":{"@type":"PropertyValueSpecification","valueRequired":true,"valueName":"search_term_string"}}],"inLanguage":"es"},{"@type":"Person","@id":"https:\/\/www.bbmnoticias.com\/labravaradiofm\/#\/schema\/person\/92571928210861b7374edfc7068926ba","name":"Exc\u00e9lsior","image":{"@type":"ImageObject","inLanguage":"es","@id":"https:\/\/secure.gravatar.com\/avatar\/497265c4dbe1cd0e2f3f1b19aba0f5779c7f95d09e139a5b83c1ecd47b4e780d?s=96&d=mm&r=g","url":"https:\/\/secure.gravatar.com\/avatar\/497265c4dbe1cd0e2f3f1b19aba0f5779c7f95d09e139a5b83c1ecd47b4e780d?s=96&d=mm&r=g","contentUrl":"https:\/\/secure.gravatar.com\/avatar\/497265c4dbe1cd0e2f3f1b19aba0f5779c7f95d09e139a5b83c1ecd47b4e780d?s=96&d=mm&r=g","caption":"Exc\u00e9lsior"},"url":"https:\/\/www.bbmnoticias.com\/labravaradiofm\/author\/excelsior\/"}]}},"_links":{"self":[{"href":"https:\/\/www.bbmnoticias.com\/labravaradiofm\/wp-json\/wp\/v2\/posts\/81394","targetHints":{"allow":["GET"]}}],"collection":[{"href":"https:\/\/www.bbmnoticias.com\/labravaradiofm\/wp-json\/wp\/v2\/posts"}],"about":[{"href":"https:\/\/www.bbmnoticias.com\/labravaradiofm\/wp-json\/wp\/v2\/types\/post"}],"author":[{"embeddable":true,"href":"https:\/\/www.bbmnoticias.com\/labravaradiofm\/wp-json\/wp\/v2\/users\/8"}],"replies":[{"embeddable":true,"href":"https:\/\/www.bbmnoticias.com\/labravaradiofm\/wp-json\/wp\/v2\/comments?post=81394"}],"version-history":[{"count":1,"href":"https:\/\/www.bbmnoticias.com\/labravaradiofm\/wp-json\/wp\/v2\/posts\/81394\/revisions"}],"predecessor-version":[{"id":81395,"href":"https:\/\/www.bbmnoticias.com\/labravaradiofm\/wp-json\/wp\/v2\/posts\/81394\/revisions\/81395"}],"wp:featuredmedia":[{"embeddable":true,"href":"https:\/\/www.bbmnoticias.com\/labravaradiofm\/wp-json\/wp\/v2\/media\/81396"}],"wp:attachment":[{"href":"https:\/\/www.bbmnoticias.com\/labravaradiofm\/wp-json\/wp\/v2\/media?parent=81394"}],"wp:term":[{"taxonomy":"category","embeddable":true,"href":"https:\/\/www.bbmnoticias.com\/labravaradiofm\/wp-json\/wp\/v2\/categories?post=81394"},{"taxonomy":"post_tag","embeddable":true,"href":"https:\/\/www.bbmnoticias.com\/labravaradiofm\/wp-json\/wp\/v2\/tags?post=81394"}],"curies":[{"name":"wp","href":"https:\/\/api.w.org\/{rel}","templated":true}]}}