{"id":81388,"date":"2026-09-02T17:50:14","date_gmt":"2026-09-02T23:50:14","guid":{"rendered":"https:\/\/www.bbmnoticias.com\/labravaradiofm\/2026\/09\/02\/oaxaca-fortalece-certeza-juridica-de-las-familias-con-campana-septiembre-mes-del-testamento\/"},"modified":"2026-09-02T17:50:18","modified_gmt":"2026-09-02T23:50:18","slug":"oaxaca-fortalece-certeza-juridica-de-las-familias-con-campana-septiembre-mes-del-testamento","status":"publish","type":"post","link":"https:\/\/www.bbmnoticias.com\/labravaradiofm\/2026\/09\/02\/oaxaca-fortalece-certeza-juridica-de-las-familias-con-campana-septiembre-mes-del-testamento\/","title":{"rendered":"Oaxaca fortalece certeza jur\u00eddica de las familias con campa\u00f1a \u201cSeptiembre, Mes del Testamento\u201d"},"content":{"rendered":"\n<p class=\"wp-block-paragraph\"><strong>Oaxaca de Ju\u00e1rez, Oax.-<\/strong> El Gobernador Salom\u00f3n Jara Cruz dio inicio en Oaxaca a la campa\u00f1a nacional \u201cSeptiembre, Mes del Testamento, \u00a1Hereda Bienestar, no Problemas!\u201d, estrategia que fomenta la cultura de previsi\u00f3n y certeza jur\u00eddica para que las personas puedan decidir libremente el destino de su patrimonio y brindar tranquilidad a sus familias.<\/p>\n\n\n\n<p class=\"wp-block-paragraph\">Durante el arranque, el Gobernador destac\u00f3 que \u201chacer un testamento representa un acto de responsabilidad y amor hacia la familia, al permitir tomar con anticipaci\u00f3n decisiones que pueden prevenir conflictos, proteger el patrimonio construido a lo largo de una vida y dar certeza a quienes m\u00e1s se quiere\u201d. En este sentido, reconoci\u00f3 la colaboraci\u00f3n del Colegio de Notarios de Oaxaca y de las y los profesionales que participan en esta campa\u00f1a.<\/p>\n\n\n\n<p class=\"wp-block-paragraph\">El titular de la Consejer\u00eda Jur\u00eddica y Asistencia Legal, Geovany V\u00e1squez Sagrero, se\u00f1al\u00f3 que la realizaci\u00f3n de un testamento contribuye a fortalecer la cultura de la legalidad y a prevenir juicios que pueden prolongarse y generar costos, adem\u00e1s de conflictos entre integrantes de las familias. Por ello, llam\u00f3 a aprovechar las facilidades que ofrece esta campa\u00f1a.<\/p>\n\n\n\n<p class=\"wp-block-paragraph\">El director general de Notar\u00edas y del Archivo General de Notar\u00edas del Estado de Oaxaca, V\u00edctor Manuel Aguilar, quien inform\u00f3 los beneficios que se ofrecer\u00e1n como parte de la campa\u00f1a, donde las 74 notar\u00edas p\u00fablicas del estado participar\u00e1n para acercar este servicio a las familias de las ocho regiones de Oaxaca.<\/p>\n\n\n\n<p class=\"wp-block-paragraph\">Durante este periodo se ofrecen: Testamento Universal por mil pesos, asesor\u00edas gratuitas para las personas interesadas y horario ampliado. De igual forma se dio a conocer que, a nivel nacional, Oaxaca es el estado donde el testamento universal tiene el menor costo.<\/p>\n\n\n\n<p class=\"wp-block-paragraph\">Se inform\u00f3 que la entidad ha registrado un crecimiento en el n\u00famero de testamentos realizados durante los primeros tres a\u00f1os de la administraci\u00f3n estatal, al pasar de 500 en el primer a\u00f1o a 600 en el segundo y 700 en el tercero, por lo que para este a\u00f1o se busca superar esta cifra.<\/p>\n\n\n\n<p class=\"wp-block-paragraph\">Con esta campa\u00f1a, el Gobierno del Estado facilita el acceso a los tr\u00e1mites notariales y promueve una cultura de previsi\u00f3n para que las personas puedan proteger su patrimonio, establecer legalmente su voluntad y evitar conflictos futuros entre sus familias.<\/p>\n\n\n\n<p class=\"wp-block-paragraph\"><\/p>\n","protected":false},"excerpt":{"rendered":"<p>Oaxaca de Ju\u00e1rez, Oax.- El Gobernador Salom\u00f3n Jara Cruz dio inicio en Oaxaca a la campa\u00f1a nacional \u201cSeptiembre, Mes del Testamento, \u00a1Hereda Bienestar, no Problemas!\u201d, estrategia que fomenta la cultura de previsi\u00f3n y certeza jur\u00eddica para que las personas puedan decidir libremente el destino de su patrimonio y brindar tranquilidad a sus familias. Durante el [&hellip;]<\/p>\n","protected":false},"author":2,"featured_media":81390,"comment_status":"closed","ping_status":"open","sticky":false,"template":"","format":"standard","meta":{"footnotes":""},"categories":[2],"tags":[],"class_list":["post-81388","post","type-post","status-publish","format-standard","has-post-thumbnail","hentry","category-oaxaca"],"yoast_head":"<!-- This site is optimized with the Yoast SEO plugin v28.1 - https:\/\/yoast.com\/product\/yoast-seo-wordpress\/ -->\n<title>Oaxaca fortalece certeza jur\u00eddica de las familias con campa\u00f1a \u201cSeptiembre, Mes del Testamento\u201d - LA BRAVA RADIO<\/title>\n<meta name=\"robots\" content=\"index, follow, max-snippet:-1, max-image-preview:large, max-video-preview:-1\" \/>\n<link rel=\"canonical\" href=\"https:\/\/www.bbmnoticias.com\/oaxaca-fortalece-certeza-juridica-de-las-familias-con-campana-septiembre-mes-del-testamento\/\" \/>\n<meta property=\"og:locale\" content=\"es_MX\" \/>\n<meta property=\"og:type\" content=\"article\" \/>\n<meta property=\"og:title\" content=\"Oaxaca fortalece certeza jur\u00eddica de las familias con campa\u00f1a \u201cSeptiembre, Mes del Testamento\u201d - LA BRAVA RADIO\" \/>\n<meta property=\"og:description\" content=\"Oaxaca de Ju\u00e1rez, Oax.- El Gobernador Salom\u00f3n Jara Cruz dio inicio en Oaxaca a la campa\u00f1a nacional \u201cSeptiembre, Mes del Testamento, \u00a1Hereda Bienestar, no Problemas!\u201d, estrategia que fomenta la cultura de previsi\u00f3n y certeza jur\u00eddica para que las personas puedan decidir libremente el destino de su patrimonio y brindar tranquilidad a sus familias. Durante el [&hellip;]\" \/>\n<meta property=\"og:url\" content=\"https:\/\/www.bbmnoticias.com\/oaxaca-fortalece-certeza-juridica-de-las-familias-con-campana-septiembre-mes-del-testamento\/\" \/>\n<meta property=\"og:site_name\" content=\"LA BRAVA RADIO\" \/>\n<meta property=\"article:published_time\" content=\"2026-09-02T23:50:14+00:00\" \/>\n<meta property=\"article:modified_time\" content=\"2026-09-02T23:50:18+00:00\" \/>\n<meta property=\"og:image\" content=\"https:\/\/www.bbmnoticias.com\/labravaradiofm\/wp-content\/uploads\/sites\/5\/2026\/09\/Oaxaca-fortalece-certeza-juridica-de-las-familias-con-campana-Septiembre-Mes-del-Testamento.jpg\" \/>\n\t<meta property=\"og:image:width\" content=\"1209\" \/>\n\t<meta property=\"og:image:height\" content=\"676\" \/>\n\t<meta property=\"og:image:type\" content=\"image\/jpeg\" \/>\n<meta name=\"author\" content=\"Staff\" \/>\n<meta name=\"twitter:card\" content=\"summary_large_image\" \/>\n<meta name=\"twitter:label1\" content=\"Escrito por\" \/>\n\t<meta name=\"twitter:data1\" content=\"Staff\" \/>\n\t<meta name=\"twitter:label2\" content=\"Tiempo de lectura\" \/>\n\t<meta name=\"twitter:data2\" content=\"2 minutos\" \/>\n<script type=\"application\/ld+json\" class=\"yoast-schema-graph\">{\"@context\":\"https:\\\/\\\/schema.org\",\"@graph\":[{\"@type\":\"Article\",\"@id\":\"https:\\\/\\\/www.bbmnoticias.com\\\/oaxaca-fortalece-certeza-juridica-de-las-familias-con-campana-septiembre-mes-del-testamento\\\/#article\",\"isPartOf\":{\"@id\":\"https:\\\/\\\/www.bbmnoticias.com\\\/labravaradiofm\\\/2026\\\/09\\\/02\\\/oaxaca-fortalece-certeza-juridica-de-las-familias-con-campana-septiembre-mes-del-testamento\\\/\"},\"author\":{\"name\":\"Staff\",\"@id\":\"https:\\\/\\\/www.bbmnoticias.com\\\/labravaradiofm\\\/#\\\/schema\\\/person\\\/9eb037257fc48a09cdf31d9a2f45619f\"},\"headline\":\"Oaxaca fortalece certeza jur\u00eddica de las familias con campa\u00f1a \u201cSeptiembre, Mes del Testamento\u201d\",\"datePublished\":\"2026-09-02T23:50:14+00:00\",\"dateModified\":\"2026-09-02T23:50:18+00:00\",\"mainEntityOfPage\":{\"@id\":\"https:\\\/\\\/www.bbmnoticias.com\\\/labravaradiofm\\\/2026\\\/09\\\/02\\\/oaxaca-fortalece-certeza-juridica-de-las-familias-con-campana-septiembre-mes-del-testamento\\\/\"},\"wordCount\":410,\"image\":{\"@id\":\"https:\\\/\\\/www.bbmnoticias.com\\\/oaxaca-fortalece-certeza-juridica-de-las-familias-con-campana-septiembre-mes-del-testamento\\\/#primaryimage\"},\"thumbnailUrl\":\"https:\\\/\\\/www.bbmnoticias.com\\\/labravaradiofm\\\/wp-content\\\/uploads\\\/sites\\\/5\\\/2026\\\/09\\\/Oaxaca-fortalece-certeza-juridica-de-las-familias-con-campana-Septiembre-Mes-del-Testamento.jpg\",\"articleSection\":[\"LOCAL\"],\"inLanguage\":\"es\"},{\"@type\":\"WebPage\",\"@id\":\"https:\\\/\\\/www.bbmnoticias.com\\\/labravaradiofm\\\/2026\\\/09\\\/02\\\/oaxaca-fortalece-certeza-juridica-de-las-familias-con-campana-septiembre-mes-del-testamento\\\/\",\"url\":\"https:\\\/\\\/www.bbmnoticias.com\\\/oaxaca-fortalece-certeza-juridica-de-las-familias-con-campana-septiembre-mes-del-testamento\\\/\",\"name\":\"Oaxaca fortalece certeza jur\u00eddica de las familias con campa\u00f1a \u201cSeptiembre, Mes del Testamento\u201d - LA BRAVA RADIO\",\"isPartOf\":{\"@id\":\"https:\\\/\\\/www.bbmnoticias.com\\\/labravaradiofm\\\/#website\"},\"primaryImageOfPage\":{\"@id\":\"https:\\\/\\\/www.bbmnoticias.com\\\/oaxaca-fortalece-certeza-juridica-de-las-familias-con-campana-septiembre-mes-del-testamento\\\/#primaryimage\"},\"image\":{\"@id\":\"https:\\\/\\\/www.bbmnoticias.com\\\/oaxaca-fortalece-certeza-juridica-de-las-familias-con-campana-septiembre-mes-del-testamento\\\/#primaryimage\"},\"thumbnailUrl\":\"https:\\\/\\\/www.bbmnoticias.com\\\/labravaradiofm\\\/wp-content\\\/uploads\\\/sites\\\/5\\\/2026\\\/09\\\/Oaxaca-fortalece-certeza-juridica-de-las-familias-con-campana-Septiembre-Mes-del-Testamento.jpg\",\"datePublished\":\"2026-09-02T23:50:14+00:00\",\"dateModified\":\"2026-09-02T23:50:18+00:00\",\"author\":{\"@id\":\"https:\\\/\\\/www.bbmnoticias.com\\\/labravaradiofm\\\/#\\\/schema\\\/person\\\/9eb037257fc48a09cdf31d9a2f45619f\"},\"breadcrumb\":{\"@id\":\"https:\\\/\\\/www.bbmnoticias.com\\\/oaxaca-fortalece-certeza-juridica-de-las-familias-con-campana-septiembre-mes-del-testamento\\\/#breadcrumb\"},\"inLanguage\":\"es\",\"potentialAction\":[{\"@type\":\"ReadAction\",\"target\":[\"https:\\\/\\\/www.bbmnoticias.com\\\/oaxaca-fortalece-certeza-juridica-de-las-familias-con-campana-septiembre-mes-del-testamento\\\/\"]}]},{\"@type\":\"ImageObject\",\"inLanguage\":\"es\",\"@id\":\"https:\\\/\\\/www.bbmnoticias.com\\\/oaxaca-fortalece-certeza-juridica-de-las-familias-con-campana-septiembre-mes-del-testamento\\\/#primaryimage\",\"url\":\"https:\\\/\\\/www.bbmnoticias.com\\\/labravaradiofm\\\/wp-content\\\/uploads\\\/sites\\\/5\\\/2026\\\/09\\\/Oaxaca-fortalece-certeza-juridica-de-las-familias-con-campana-Septiembre-Mes-del-Testamento.jpg\",\"contentUrl\":\"https:\\\/\\\/www.bbmnoticias.com\\\/labravaradiofm\\\/wp-content\\\/uploads\\\/sites\\\/5\\\/2026\\\/09\\\/Oaxaca-fortalece-certeza-juridica-de-las-familias-con-campana-Septiembre-Mes-del-Testamento.jpg\",\"width\":1209,\"height\":676},{\"@type\":\"BreadcrumbList\",\"@id\":\"https:\\\/\\\/www.bbmnoticias.com\\\/oaxaca-fortalece-certeza-juridica-de-las-familias-con-campana-septiembre-mes-del-testamento\\\/#breadcrumb\",\"itemListElement\":[{\"@type\":\"ListItem\",\"position\":1,\"name\":\"Inicio\",\"item\":\"https:\\\/\\\/www.bbmnoticias.com\\\/labravaradiofm\\\/\"},{\"@type\":\"ListItem\",\"position\":2,\"name\":\"Oaxaca fortalece certeza jur\u00eddica de las familias con campa\u00f1a \u201cSeptiembre, Mes del Testamento\u201d\"}]},{\"@type\":\"WebSite\",\"@id\":\"https:\\\/\\\/www.bbmnoticias.com\\\/labravaradiofm\\\/#website\",\"url\":\"https:\\\/\\\/www.bbmnoticias.com\\\/labravaradiofm\\\/\",\"name\":\"LA BRAVA RADIO\",\"description\":\"Empresa productora de medios, Radiodifusi\u00f3n, Noticias, tendencias y todo lo que necesitas saber de la pol\u00edtica mexicana e internacional; entretenimiento, espect\u00e1culos, salud y mucho m\u00e1s.\",\"potentialAction\":[{\"@type\":\"SearchAction\",\"target\":{\"@type\":\"EntryPoint\",\"urlTemplate\":\"https:\\\/\\\/www.bbmnoticias.com\\\/labravaradiofm\\\/?s={search_term_string}\"},\"query-input\":{\"@type\":\"PropertyValueSpecification\",\"valueRequired\":true,\"valueName\":\"search_term_string\"}}],\"inLanguage\":\"es\"},{\"@type\":\"Person\",\"@id\":\"https:\\\/\\\/www.bbmnoticias.com\\\/labravaradiofm\\\/#\\\/schema\\\/person\\\/9eb037257fc48a09cdf31d9a2f45619f\",\"name\":\"Staff\",\"image\":{\"@type\":\"ImageObject\",\"inLanguage\":\"es\",\"@id\":\"https:\\\/\\\/secure.gravatar.com\\\/avatar\\\/fdd21ad66fd8b98c407f9dee5b5e588cfe7f0d8579ec20fa6527cd59bab7f0f0?s=96&d=mm&r=g\",\"url\":\"https:\\\/\\\/secure.gravatar.com\\\/avatar\\\/fdd21ad66fd8b98c407f9dee5b5e588cfe7f0d8579ec20fa6527cd59bab7f0f0?s=96&d=mm&r=g\",\"contentUrl\":\"https:\\\/\\\/secure.gravatar.com\\\/avatar\\\/fdd21ad66fd8b98c407f9dee5b5e588cfe7f0d8579ec20fa6527cd59bab7f0f0?s=96&d=mm&r=g\",\"caption\":\"Staff\"},\"url\":\"https:\\\/\\\/www.bbmnoticias.com\\\/labravaradiofm\\\/author\\\/redaccion\\\/\"}]}<\/script>\n<!-- \/ Yoast SEO plugin. -->","yoast_head_json":{"title":"Oaxaca fortalece certeza jur\u00eddica de las familias con campa\u00f1a \u201cSeptiembre, Mes del Testamento\u201d - LA BRAVA RADIO","robots":{"index":"index","follow":"follow","max-snippet":"max-snippet:-1","max-image-preview":"max-image-preview:large","max-video-preview":"max-video-preview:-1"},"canonical":"https:\/\/www.bbmnoticias.com\/oaxaca-fortalece-certeza-juridica-de-las-familias-con-campana-septiembre-mes-del-testamento\/","og_locale":"es_MX","og_type":"article","og_title":"Oaxaca fortalece certeza jur\u00eddica de las familias con campa\u00f1a \u201cSeptiembre, Mes del Testamento\u201d - LA BRAVA RADIO","og_description":"Oaxaca de Ju\u00e1rez, Oax.- El Gobernador Salom\u00f3n Jara Cruz dio inicio en Oaxaca a la campa\u00f1a nacional \u201cSeptiembre, Mes del Testamento, \u00a1Hereda Bienestar, no Problemas!\u201d, estrategia que fomenta la cultura de previsi\u00f3n y certeza jur\u00eddica para que las personas puedan decidir libremente el destino de su patrimonio y brindar tranquilidad a sus familias. Durante el [&hellip;]","og_url":"https:\/\/www.bbmnoticias.com\/oaxaca-fortalece-certeza-juridica-de-las-familias-con-campana-septiembre-mes-del-testamento\/","og_site_name":"LA BRAVA RADIO","article_published_time":"2026-09-02T23:50:14+00:00","article_modified_time":"2026-09-02T23:50:18+00:00","og_image":[{"width":1209,"height":676,"url":"https:\/\/www.bbmnoticias.com\/labravaradiofm\/wp-content\/uploads\/sites\/5\/2026\/09\/Oaxaca-fortalece-certeza-juridica-de-las-familias-con-campana-Septiembre-Mes-del-Testamento.jpg","type":"image\/jpeg"}],"author":"Staff","twitter_card":"summary_large_image","twitter_misc":{"Escrito por":"Staff","Tiempo de lectura":"2 minutos"},"schema":{"@context":"https:\/\/schema.org","@graph":[{"@type":"Article","@id":"https:\/\/www.bbmnoticias.com\/oaxaca-fortalece-certeza-juridica-de-las-familias-con-campana-septiembre-mes-del-testamento\/#article","isPartOf":{"@id":"https:\/\/www.bbmnoticias.com\/labravaradiofm\/2026\/09\/02\/oaxaca-fortalece-certeza-juridica-de-las-familias-con-campana-septiembre-mes-del-testamento\/"},"author":{"name":"Staff","@id":"https:\/\/www.bbmnoticias.com\/labravaradiofm\/#\/schema\/person\/9eb037257fc48a09cdf31d9a2f45619f"},"headline":"Oaxaca fortalece certeza jur\u00eddica de las familias con campa\u00f1a \u201cSeptiembre, Mes del Testamento\u201d","datePublished":"2026-09-02T23:50:14+00:00","dateModified":"2026-09-02T23:50:18+00:00","mainEntityOfPage":{"@id":"https:\/\/www.bbmnoticias.com\/labravaradiofm\/2026\/09\/02\/oaxaca-fortalece-certeza-juridica-de-las-familias-con-campana-septiembre-mes-del-testamento\/"},"wordCount":410,"image":{"@id":"https:\/\/www.bbmnoticias.com\/oaxaca-fortalece-certeza-juridica-de-las-familias-con-campana-septiembre-mes-del-testamento\/#primaryimage"},"thumbnailUrl":"https:\/\/www.bbmnoticias.com\/labravaradiofm\/wp-content\/uploads\/sites\/5\/2026\/09\/Oaxaca-fortalece-certeza-juridica-de-las-familias-con-campana-Septiembre-Mes-del-Testamento.jpg","articleSection":["LOCAL"],"inLanguage":"es"},{"@type":"WebPage","@id":"https:\/\/www.bbmnoticias.com\/labravaradiofm\/2026\/09\/02\/oaxaca-fortalece-certeza-juridica-de-las-familias-con-campana-septiembre-mes-del-testamento\/","url":"https:\/\/www.bbmnoticias.com\/oaxaca-fortalece-certeza-juridica-de-las-familias-con-campana-septiembre-mes-del-testamento\/","name":"Oaxaca fortalece certeza jur\u00eddica de las familias con campa\u00f1a \u201cSeptiembre, Mes del Testamento\u201d - LA BRAVA RADIO","isPartOf":{"@id":"https:\/\/www.bbmnoticias.com\/labravaradiofm\/#website"},"primaryImageOfPage":{"@id":"https:\/\/www.bbmnoticias.com\/oaxaca-fortalece-certeza-juridica-de-las-familias-con-campana-septiembre-mes-del-testamento\/#primaryimage"},"image":{"@id":"https:\/\/www.bbmnoticias.com\/oaxaca-fortalece-certeza-juridica-de-las-familias-con-campana-septiembre-mes-del-testamento\/#primaryimage"},"thumbnailUrl":"https:\/\/www.bbmnoticias.com\/labravaradiofm\/wp-content\/uploads\/sites\/5\/2026\/09\/Oaxaca-fortalece-certeza-juridica-de-las-familias-con-campana-Septiembre-Mes-del-Testamento.jpg","datePublished":"2026-09-02T23:50:14+00:00","dateModified":"2026-09-02T23:50:18+00:00","author":{"@id":"https:\/\/www.bbmnoticias.com\/labravaradiofm\/#\/schema\/person\/9eb037257fc48a09cdf31d9a2f45619f"},"breadcrumb":{"@id":"https:\/\/www.bbmnoticias.com\/oaxaca-fortalece-certeza-juridica-de-las-familias-con-campana-septiembre-mes-del-testamento\/#breadcrumb"},"inLanguage":"es","potentialAction":[{"@type":"ReadAction","target":["https:\/\/www.bbmnoticias.com\/oaxaca-fortalece-certeza-juridica-de-las-familias-con-campana-septiembre-mes-del-testamento\/"]}]},{"@type":"ImageObject","inLanguage":"es","@id":"https:\/\/www.bbmnoticias.com\/oaxaca-fortalece-certeza-juridica-de-las-familias-con-campana-septiembre-mes-del-testamento\/#primaryimage","url":"https:\/\/www.bbmnoticias.com\/labravaradiofm\/wp-content\/uploads\/sites\/5\/2026\/09\/Oaxaca-fortalece-certeza-juridica-de-las-familias-con-campana-Septiembre-Mes-del-Testamento.jpg","contentUrl":"https:\/\/www.bbmnoticias.com\/labravaradiofm\/wp-content\/uploads\/sites\/5\/2026\/09\/Oaxaca-fortalece-certeza-juridica-de-las-familias-con-campana-Septiembre-Mes-del-Testamento.jpg","width":1209,"height":676},{"@type":"BreadcrumbList","@id":"https:\/\/www.bbmnoticias.com\/oaxaca-fortalece-certeza-juridica-de-las-familias-con-campana-septiembre-mes-del-testamento\/#breadcrumb","itemListElement":[{"@type":"ListItem","position":1,"name":"Inicio","item":"https:\/\/www.bbmnoticias.com\/labravaradiofm\/"},{"@type":"ListItem","position":2,"name":"Oaxaca fortalece certeza jur\u00eddica de las familias con campa\u00f1a \u201cSeptiembre, Mes del Testamento\u201d"}]},{"@type":"WebSite","@id":"https:\/\/www.bbmnoticias.com\/labravaradiofm\/#website","url":"https:\/\/www.bbmnoticias.com\/labravaradiofm\/","name":"LA BRAVA RADIO","description":"Empresa productora de medios, Radiodifusi\u00f3n, Noticias, tendencias y todo lo que necesitas saber de la pol\u00edtica mexicana e internacional; entretenimiento, espect\u00e1culos, salud y mucho m\u00e1s.","potentialAction":[{"@type":"SearchAction","target":{"@type":"EntryPoint","urlTemplate":"https:\/\/www.bbmnoticias.com\/labravaradiofm\/?s={search_term_string}"},"query-input":{"@type":"PropertyValueSpecification","valueRequired":true,"valueName":"search_term_string"}}],"inLanguage":"es"},{"@type":"Person","@id":"https:\/\/www.bbmnoticias.com\/labravaradiofm\/#\/schema\/person\/9eb037257fc48a09cdf31d9a2f45619f","name":"Staff","image":{"@type":"ImageObject","inLanguage":"es","@id":"https:\/\/secure.gravatar.com\/avatar\/fdd21ad66fd8b98c407f9dee5b5e588cfe7f0d8579ec20fa6527cd59bab7f0f0?s=96&d=mm&r=g","url":"https:\/\/secure.gravatar.com\/avatar\/fdd21ad66fd8b98c407f9dee5b5e588cfe7f0d8579ec20fa6527cd59bab7f0f0?s=96&d=mm&r=g","contentUrl":"https:\/\/secure.gravatar.com\/avatar\/fdd21ad66fd8b98c407f9dee5b5e588cfe7f0d8579ec20fa6527cd59bab7f0f0?s=96&d=mm&r=g","caption":"Staff"},"url":"https:\/\/www.bbmnoticias.com\/labravaradiofm\/author\/redaccion\/"}]}},"_links":{"self":[{"href":"https:\/\/www.bbmnoticias.com\/labravaradiofm\/wp-json\/wp\/v2\/posts\/81388","targetHints":{"allow":["GET"]}}],"collection":[{"href":"https:\/\/www.bbmnoticias.com\/labravaradiofm\/wp-json\/wp\/v2\/posts"}],"about":[{"href":"https:\/\/www.bbmnoticias.com\/labravaradiofm\/wp-json\/wp\/v2\/types\/post"}],"author":[{"embeddable":true,"href":"https:\/\/www.bbmnoticias.com\/labravaradiofm\/wp-json\/wp\/v2\/users\/2"}],"replies":[{"embeddable":true,"href":"https:\/\/www.bbmnoticias.com\/labravaradiofm\/wp-json\/wp\/v2\/comments?post=81388"}],"version-history":[{"count":1,"href":"https:\/\/www.bbmnoticias.com\/labravaradiofm\/wp-json\/wp\/v2\/posts\/81388\/revisions"}],"predecessor-version":[{"id":81389,"href":"https:\/\/www.bbmnoticias.com\/labravaradiofm\/wp-json\/wp\/v2\/posts\/81388\/revisions\/81389"}],"wp:featuredmedia":[{"embeddable":true,"href":"https:\/\/www.bbmnoticias.com\/labravaradiofm\/wp-json\/wp\/v2\/media\/81390"}],"wp:attachment":[{"href":"https:\/\/www.bbmnoticias.com\/labravaradiofm\/wp-json\/wp\/v2\/media?parent=81388"}],"wp:term":[{"taxonomy":"category","embeddable":true,"href":"https:\/\/www.bbmnoticias.com\/labravaradiofm\/wp-json\/wp\/v2\/categories?post=81388"},{"taxonomy":"post_tag","embeddable":true,"href":"https:\/\/www.bbmnoticias.com\/labravaradiofm\/wp-json\/wp\/v2\/tags?post=81388"}],"curies":[{"name":"wp","href":"https:\/\/api.w.org\/{rel}","templated":true}]}}