{"id":81382,"date":"2026-09-02T14:49:43","date_gmt":"2026-09-02T20:49:43","guid":{"rendered":"https:\/\/www.bbmnoticias.com\/labravaradiofm\/2026\/09\/02\/comunidades-de-cintalapa-marchan-contra-amenazas-de-desalojo-en-la-zona-de-chimalapas\/"},"modified":"2026-09-02T14:49:46","modified_gmt":"2026-09-02T20:49:46","slug":"comunidades-de-cintalapa-marchan-contra-amenazas-de-desalojo-en-la-zona-de-chimalapas","status":"publish","type":"post","link":"https:\/\/www.bbmnoticias.com\/labravaradiofm\/2026\/09\/02\/comunidades-de-cintalapa-marchan-contra-amenazas-de-desalojo-en-la-zona-de-chimalapas\/","title":{"rendered":"Comunidades de Cintalapa marchan contra amenazas de desalojo en la zona de Chimalapas"},"content":{"rendered":"\n<p class=\"wp-block-paragraph\"><strong>Cientos de pobladores de 17 comunidades exigieron respeto a sus derechos agrarios y denunciaron amenazas de desalojo por parte de comuneros de localidades ubicadas en territorio oaxaque\u00f1o.<\/strong><\/p>\n\n\n\n<p class=\"wp-block-paragraph\"><strong>San Crist\u00f3bal de Las Casas, Chis.<\/strong>\u2014 Cientos de pobladores de 17 comunidades de la zona noroeste de Cintalapa marcharon este mi\u00e9rcoles por las calles de la cabecera municipal para exigir respeto a sus derechos agrarios y advertir que no permitir\u00e1n ser desalojados de las tierras que, aseguran, han ocupado durante m\u00e1s de seis d\u00e9cadas.<\/p>\n\n\n\n<p class=\"wp-block-paragraph\">Los manifestantes, integrantes del Consejo Regional de la zona Noroeste de Cintalapa, se concentraron en el parque Bicentenario y posteriormente avanzaron hacia la plaza central, donde, frente a la alcald\u00eda, dieron lectura a un comunicado en el que denunciaron amenazas y presiones de comuneros de la regi\u00f3n de Los Chimalapas.<\/p>\n\n\n\n<p class=\"wp-block-paragraph\">Los pobladores se\u00f1alaron que las comunidades han sido acusadas de encontrarse asentadas en tierras pertenecientes a los comuneros chimalapas, situaci\u00f3n que, afirmaron, ha derivado en amenazas, intentos de desalojo y hechos violentos registrados en a\u00f1os anteriores.<\/p>\n\n\n\n<p class=\"wp-block-paragraph\">\u201cLa acusaci\u00f3n de los comuneros chimalapas diciendo que nos encontramos en sus tierras ha significado amenazas, desalojos y quema de cl\u00ednicas, edificios p\u00fablicos y hasta muertos\u201d, se\u00f1alaron, al tiempo que acusaron que las imputaciones en su contra se han sustentado en testimonios que consideran falsos y sin pruebas s\u00f3lidas.<\/p>\n\n\n\n<p class=\"wp-block-paragraph\">Durante la movilizaci\u00f3n, los habitantes portaron pancartas y matas con mensajes alusivos a la defensa de sus derechos agrarios y territoriales.<\/p>\n\n\n\n<p class=\"wp-block-paragraph\">En su pronunciamiento, aseguraron que ante las amenazas han recurrido a tribunales federales y a distintas instancias del gobierno estatal y federal en busca de protecci\u00f3n. Sin embargo, afirmaron que no han encontrado una respuesta satisfactoria pese a haber participado en audiencias ante la Secretar\u00eda de Gobernaci\u00f3n, la Suprema Corte de Justicia de la Naci\u00f3n (SCJN) y otras autoridades.<\/p>\n\n\n\n<p class=\"wp-block-paragraph\">Los pobladores se\u00f1alaron que el conflicto se agrav\u00f3 a partir de la resoluci\u00f3n de la SCJN emitida en 2012, relacionada con los l\u00edmites territoriales entre Chiapas y Oaxaca. De acuerdo con su interpretaci\u00f3n, el fallo estableci\u00f3 que las tierras que han ocupado durante m\u00e1s de 60 a\u00f1os se encuentran dentro del territorio oaxaque\u00f1o, pese a que sus comunidades se han considerado hist\u00f3ricamente parte de Chiapas.<\/p>\n\n\n\n<p class=\"wp-block-paragraph\">Los habitantes sostuvieron que cuentan con documentos legales, entre ellos resoluciones presidenciales y carpetas b\u00e1sicas, que, aseguran, respaldan sus derechos agrarios sobre las tierras.<\/p>\n\n\n\n<p class=\"wp-block-paragraph\">\u201cEste camino hacia la seguridad en la tenencia de la tierra y en lograr algunos apoyos en infraestructura se convirti\u00f3 en una trampa cruel\u201d, expresaron, al se\u00f1alar que desde la resoluci\u00f3n de 2012 no han encontrado una soluci\u00f3n definitiva a sus demandas.<\/p>\n\n\n\n<p class=\"wp-block-paragraph\">Tambi\u00e9n denunciaron que, pese a haber obtenido resoluciones agrarias que consideran favorables, nuevamente enfrentan amenazas de desalojo y posibles actos de violencia.<\/p>\n\n\n\n<p class=\"wp-block-paragraph\">Los integrantes del Consejo Regional advirtieron que no aceptar\u00e1n el desalojo de sus comunidades y llamaron a la poblaci\u00f3n a mantenerse unida para defender sus derechos agrarios y humanos.<\/p>\n\n\n\n<p class=\"wp-block-paragraph\">\u201cHoy estamos ante un nuevo reto: las amenazas de sumarnos a Chimalapas como comuneros y disolver voluntariamente nuestros ejidos o nos desalojar\u00e1n\u201d, se\u00f1alaron.<\/p>\n\n\n\n<p class=\"wp-block-paragraph\">El conflicto forma parte de una disputa territorial y agraria que se ha prolongado durante d\u00e9cadas en la regi\u00f3n lim\u00edtrofe entre Chiapas y Oaxaca, particularmente en la zona de Los Chimalapas, donde comunidades de ambos estados mantienen diferencias sobre la propiedad y posesi\u00f3n de diversas tierras.<\/p>\n\n\n\n<p class=\"wp-block-paragraph\">Los pobladores de la zona noroeste de Cintalapa insistieron en que buscan una soluci\u00f3n institucional que garantice su permanencia en las comunidades y el respeto a sus derechos agrarios, as\u00ed como el acceso a servicios b\u00e1sicos como salud, educaci\u00f3n, vivienda e infraestructura.<\/p>\n\n\n\n<p class=\"wp-block-paragraph\"><\/p>\n","protected":false},"excerpt":{"rendered":"<p>Cientos de pobladores de 17 comunidades exigieron respeto a sus derechos agrarios y denunciaron amenazas de desalojo por parte de comuneros de localidades ubicadas en territorio oaxaque\u00f1o. San Crist\u00f3bal de Las Casas, Chis.\u2014 Cientos de pobladores de 17 comunidades de la zona noroeste de Cintalapa marcharon este mi\u00e9rcoles por las calles de la cabecera municipal [&hellip;]<\/p>\n","protected":false},"author":4,"featured_media":81384,"comment_status":"closed","ping_status":"open","sticky":false,"template":"","format":"standard","meta":{"footnotes":""},"categories":[2,19],"tags":[],"class_list":["post-81382","post","type-post","status-publish","format-standard","has-post-thumbnail","hentry","category-oaxaca","category-nacional"],"yoast_head":"<!-- This site is optimized with the Yoast SEO plugin v28.1 - https:\/\/yoast.com\/product\/yoast-seo-wordpress\/ -->\n<title>Comunidades de Cintalapa marchan contra amenazas de desalojo en la zona de Chimalapas - LA BRAVA RADIO<\/title>\n<meta name=\"robots\" content=\"index, follow, max-snippet:-1, max-image-preview:large, max-video-preview:-1\" \/>\n<link rel=\"canonical\" href=\"https:\/\/www.bbmnoticias.com\/comunidades-de-cintalapa-marchan-contra-amenazas-de-desalojo-en-la-zona-de-chimalapas\/\" \/>\n<meta property=\"og:locale\" content=\"es_MX\" \/>\n<meta property=\"og:type\" content=\"article\" \/>\n<meta property=\"og:title\" content=\"Comunidades de Cintalapa marchan contra amenazas de desalojo en la zona de Chimalapas - LA BRAVA RADIO\" \/>\n<meta property=\"og:description\" content=\"Cientos de pobladores de 17 comunidades exigieron respeto a sus derechos agrarios y denunciaron amenazas de desalojo por parte de comuneros de localidades ubicadas en territorio oaxaque\u00f1o. San Crist\u00f3bal de Las Casas, Chis.\u2014 Cientos de pobladores de 17 comunidades de la zona noroeste de Cintalapa marcharon este mi\u00e9rcoles por las calles de la cabecera municipal [&hellip;]\" \/>\n<meta property=\"og:url\" content=\"https:\/\/www.bbmnoticias.com\/comunidades-de-cintalapa-marchan-contra-amenazas-de-desalojo-en-la-zona-de-chimalapas\/\" \/>\n<meta property=\"og:site_name\" content=\"LA BRAVA RADIO\" \/>\n<meta property=\"article:published_time\" content=\"2026-09-02T20:49:43+00:00\" \/>\n<meta property=\"article:modified_time\" content=\"2026-09-02T20:49:46+00:00\" \/>\n<meta property=\"og:image\" content=\"https:\/\/www.bbmnoticias.com\/labravaradiofm\/wp-content\/uploads\/sites\/5\/2026\/09\/habitantes-de-los-chimalapas-marchan-en-chiapas-contra-amenazas-de-desalojo.webp\" \/>\n\t<meta property=\"og:image:width\" content=\"1200\" \/>\n\t<meta property=\"og:image:height\" content=\"676\" \/>\n\t<meta property=\"og:image:type\" content=\"image\/webp\" \/>\n<meta name=\"author\" content=\"Agencias\" \/>\n<meta name=\"twitter:card\" content=\"summary_large_image\" \/>\n<meta name=\"twitter:label1\" content=\"Escrito por\" \/>\n\t<meta name=\"twitter:data1\" content=\"Agencias\" \/>\n\t<meta name=\"twitter:label2\" content=\"Tiempo de lectura\" \/>\n\t<meta name=\"twitter:data2\" content=\"3 minutos\" \/>\n<script type=\"application\/ld+json\" class=\"yoast-schema-graph\">{\"@context\":\"https:\\\/\\\/schema.org\",\"@graph\":[{\"@type\":\"Article\",\"@id\":\"https:\\\/\\\/www.bbmnoticias.com\\\/comunidades-de-cintalapa-marchan-contra-amenazas-de-desalojo-en-la-zona-de-chimalapas\\\/#article\",\"isPartOf\":{\"@id\":\"https:\\\/\\\/www.bbmnoticias.com\\\/labravaradiofm\\\/2026\\\/09\\\/02\\\/comunidades-de-cintalapa-marchan-contra-amenazas-de-desalojo-en-la-zona-de-chimalapas\\\/\"},\"author\":{\"name\":\"Agencias\",\"@id\":\"https:\\\/\\\/www.bbmnoticias.com\\\/labravaradiofm\\\/#\\\/schema\\\/person\\\/9fbc5ce7940cac56d0ea1e2b03b6d30c\"},\"headline\":\"Comunidades de Cintalapa marchan contra amenazas de desalojo en la zona de Chimalapas\",\"datePublished\":\"2026-09-02T20:49:43+00:00\",\"dateModified\":\"2026-09-02T20:49:46+00:00\",\"mainEntityOfPage\":{\"@id\":\"https:\\\/\\\/www.bbmnoticias.com\\\/labravaradiofm\\\/2026\\\/09\\\/02\\\/comunidades-de-cintalapa-marchan-contra-amenazas-de-desalojo-en-la-zona-de-chimalapas\\\/\"},\"wordCount\":642,\"image\":{\"@id\":\"https:\\\/\\\/www.bbmnoticias.com\\\/comunidades-de-cintalapa-marchan-contra-amenazas-de-desalojo-en-la-zona-de-chimalapas\\\/#primaryimage\"},\"thumbnailUrl\":\"https:\\\/\\\/www.bbmnoticias.com\\\/labravaradiofm\\\/wp-content\\\/uploads\\\/sites\\\/5\\\/2026\\\/09\\\/habitantes-de-los-chimalapas-marchan-en-chiapas-contra-amenazas-de-desalojo.webp\",\"articleSection\":[\"LOCAL\",\"NACIONAL\"],\"inLanguage\":\"es\"},{\"@type\":\"WebPage\",\"@id\":\"https:\\\/\\\/www.bbmnoticias.com\\\/labravaradiofm\\\/2026\\\/09\\\/02\\\/comunidades-de-cintalapa-marchan-contra-amenazas-de-desalojo-en-la-zona-de-chimalapas\\\/\",\"url\":\"https:\\\/\\\/www.bbmnoticias.com\\\/comunidades-de-cintalapa-marchan-contra-amenazas-de-desalojo-en-la-zona-de-chimalapas\\\/\",\"name\":\"Comunidades de Cintalapa marchan contra amenazas de desalojo en la zona de Chimalapas - LA BRAVA RADIO\",\"isPartOf\":{\"@id\":\"https:\\\/\\\/www.bbmnoticias.com\\\/labravaradiofm\\\/#website\"},\"primaryImageOfPage\":{\"@id\":\"https:\\\/\\\/www.bbmnoticias.com\\\/comunidades-de-cintalapa-marchan-contra-amenazas-de-desalojo-en-la-zona-de-chimalapas\\\/#primaryimage\"},\"image\":{\"@id\":\"https:\\\/\\\/www.bbmnoticias.com\\\/comunidades-de-cintalapa-marchan-contra-amenazas-de-desalojo-en-la-zona-de-chimalapas\\\/#primaryimage\"},\"thumbnailUrl\":\"https:\\\/\\\/www.bbmnoticias.com\\\/labravaradiofm\\\/wp-content\\\/uploads\\\/sites\\\/5\\\/2026\\\/09\\\/habitantes-de-los-chimalapas-marchan-en-chiapas-contra-amenazas-de-desalojo.webp\",\"datePublished\":\"2026-09-02T20:49:43+00:00\",\"dateModified\":\"2026-09-02T20:49:46+00:00\",\"author\":{\"@id\":\"https:\\\/\\\/www.bbmnoticias.com\\\/labravaradiofm\\\/#\\\/schema\\\/person\\\/9fbc5ce7940cac56d0ea1e2b03b6d30c\"},\"breadcrumb\":{\"@id\":\"https:\\\/\\\/www.bbmnoticias.com\\\/comunidades-de-cintalapa-marchan-contra-amenazas-de-desalojo-en-la-zona-de-chimalapas\\\/#breadcrumb\"},\"inLanguage\":\"es\",\"potentialAction\":[{\"@type\":\"ReadAction\",\"target\":[\"https:\\\/\\\/www.bbmnoticias.com\\\/comunidades-de-cintalapa-marchan-contra-amenazas-de-desalojo-en-la-zona-de-chimalapas\\\/\"]}]},{\"@type\":\"ImageObject\",\"inLanguage\":\"es\",\"@id\":\"https:\\\/\\\/www.bbmnoticias.com\\\/comunidades-de-cintalapa-marchan-contra-amenazas-de-desalojo-en-la-zona-de-chimalapas\\\/#primaryimage\",\"url\":\"https:\\\/\\\/www.bbmnoticias.com\\\/labravaradiofm\\\/wp-content\\\/uploads\\\/sites\\\/5\\\/2026\\\/09\\\/habitantes-de-los-chimalapas-marchan-en-chiapas-contra-amenazas-de-desalojo.webp\",\"contentUrl\":\"https:\\\/\\\/www.bbmnoticias.com\\\/labravaradiofm\\\/wp-content\\\/uploads\\\/sites\\\/5\\\/2026\\\/09\\\/habitantes-de-los-chimalapas-marchan-en-chiapas-contra-amenazas-de-desalojo.webp\",\"width\":1200,\"height\":676},{\"@type\":\"BreadcrumbList\",\"@id\":\"https:\\\/\\\/www.bbmnoticias.com\\\/comunidades-de-cintalapa-marchan-contra-amenazas-de-desalojo-en-la-zona-de-chimalapas\\\/#breadcrumb\",\"itemListElement\":[{\"@type\":\"ListItem\",\"position\":1,\"name\":\"Inicio\",\"item\":\"https:\\\/\\\/www.bbmnoticias.com\\\/labravaradiofm\\\/\"},{\"@type\":\"ListItem\",\"position\":2,\"name\":\"Comunidades de Cintalapa marchan contra amenazas de desalojo en la zona de Chimalapas\"}]},{\"@type\":\"WebSite\",\"@id\":\"https:\\\/\\\/www.bbmnoticias.com\\\/labravaradiofm\\\/#website\",\"url\":\"https:\\\/\\\/www.bbmnoticias.com\\\/labravaradiofm\\\/\",\"name\":\"LA BRAVA RADIO\",\"description\":\"Empresa productora de medios, Radiodifusi\u00f3n, Noticias, tendencias y todo lo que necesitas saber de la pol\u00edtica mexicana e internacional; entretenimiento, espect\u00e1culos, salud y mucho m\u00e1s.\",\"potentialAction\":[{\"@type\":\"SearchAction\",\"target\":{\"@type\":\"EntryPoint\",\"urlTemplate\":\"https:\\\/\\\/www.bbmnoticias.com\\\/labravaradiofm\\\/?s={search_term_string}\"},\"query-input\":{\"@type\":\"PropertyValueSpecification\",\"valueRequired\":true,\"valueName\":\"search_term_string\"}}],\"inLanguage\":\"es\"},{\"@type\":\"Person\",\"@id\":\"https:\\\/\\\/www.bbmnoticias.com\\\/labravaradiofm\\\/#\\\/schema\\\/person\\\/9fbc5ce7940cac56d0ea1e2b03b6d30c\",\"name\":\"Agencias\",\"image\":{\"@type\":\"ImageObject\",\"inLanguage\":\"es\",\"@id\":\"https:\\\/\\\/secure.gravatar.com\\\/avatar\\\/739e0b61adf9e398b425c36718c8752286da0e8cd90f20ce9a86678abc26aa0d?s=96&d=mm&r=g\",\"url\":\"https:\\\/\\\/secure.gravatar.com\\\/avatar\\\/739e0b61adf9e398b425c36718c8752286da0e8cd90f20ce9a86678abc26aa0d?s=96&d=mm&r=g\",\"contentUrl\":\"https:\\\/\\\/secure.gravatar.com\\\/avatar\\\/739e0b61adf9e398b425c36718c8752286da0e8cd90f20ce9a86678abc26aa0d?s=96&d=mm&r=g\",\"caption\":\"Agencias\"},\"url\":\"https:\\\/\\\/www.bbmnoticias.com\\\/labravaradiofm\\\/author\\\/agencias\\\/\"}]}<\/script>\n<!-- \/ Yoast SEO plugin. -->","yoast_head_json":{"title":"Comunidades de Cintalapa marchan contra amenazas de desalojo en la zona de Chimalapas - LA BRAVA RADIO","robots":{"index":"index","follow":"follow","max-snippet":"max-snippet:-1","max-image-preview":"max-image-preview:large","max-video-preview":"max-video-preview:-1"},"canonical":"https:\/\/www.bbmnoticias.com\/comunidades-de-cintalapa-marchan-contra-amenazas-de-desalojo-en-la-zona-de-chimalapas\/","og_locale":"es_MX","og_type":"article","og_title":"Comunidades de Cintalapa marchan contra amenazas de desalojo en la zona de Chimalapas - LA BRAVA RADIO","og_description":"Cientos de pobladores de 17 comunidades exigieron respeto a sus derechos agrarios y denunciaron amenazas de desalojo por parte de comuneros de localidades ubicadas en territorio oaxaque\u00f1o. San Crist\u00f3bal de Las Casas, Chis.\u2014 Cientos de pobladores de 17 comunidades de la zona noroeste de Cintalapa marcharon este mi\u00e9rcoles por las calles de la cabecera municipal [&hellip;]","og_url":"https:\/\/www.bbmnoticias.com\/comunidades-de-cintalapa-marchan-contra-amenazas-de-desalojo-en-la-zona-de-chimalapas\/","og_site_name":"LA BRAVA RADIO","article_published_time":"2026-09-02T20:49:43+00:00","article_modified_time":"2026-09-02T20:49:46+00:00","og_image":[{"width":1200,"height":676,"url":"https:\/\/www.bbmnoticias.com\/labravaradiofm\/wp-content\/uploads\/sites\/5\/2026\/09\/habitantes-de-los-chimalapas-marchan-en-chiapas-contra-amenazas-de-desalojo.webp","type":"image\/webp"}],"author":"Agencias","twitter_card":"summary_large_image","twitter_misc":{"Escrito por":"Agencias","Tiempo de lectura":"3 minutos"},"schema":{"@context":"https:\/\/schema.org","@graph":[{"@type":"Article","@id":"https:\/\/www.bbmnoticias.com\/comunidades-de-cintalapa-marchan-contra-amenazas-de-desalojo-en-la-zona-de-chimalapas\/#article","isPartOf":{"@id":"https:\/\/www.bbmnoticias.com\/labravaradiofm\/2026\/09\/02\/comunidades-de-cintalapa-marchan-contra-amenazas-de-desalojo-en-la-zona-de-chimalapas\/"},"author":{"name":"Agencias","@id":"https:\/\/www.bbmnoticias.com\/labravaradiofm\/#\/schema\/person\/9fbc5ce7940cac56d0ea1e2b03b6d30c"},"headline":"Comunidades de Cintalapa marchan contra amenazas de desalojo en la zona de Chimalapas","datePublished":"2026-09-02T20:49:43+00:00","dateModified":"2026-09-02T20:49:46+00:00","mainEntityOfPage":{"@id":"https:\/\/www.bbmnoticias.com\/labravaradiofm\/2026\/09\/02\/comunidades-de-cintalapa-marchan-contra-amenazas-de-desalojo-en-la-zona-de-chimalapas\/"},"wordCount":642,"image":{"@id":"https:\/\/www.bbmnoticias.com\/comunidades-de-cintalapa-marchan-contra-amenazas-de-desalojo-en-la-zona-de-chimalapas\/#primaryimage"},"thumbnailUrl":"https:\/\/www.bbmnoticias.com\/labravaradiofm\/wp-content\/uploads\/sites\/5\/2026\/09\/habitantes-de-los-chimalapas-marchan-en-chiapas-contra-amenazas-de-desalojo.webp","articleSection":["LOCAL","NACIONAL"],"inLanguage":"es"},{"@type":"WebPage","@id":"https:\/\/www.bbmnoticias.com\/labravaradiofm\/2026\/09\/02\/comunidades-de-cintalapa-marchan-contra-amenazas-de-desalojo-en-la-zona-de-chimalapas\/","url":"https:\/\/www.bbmnoticias.com\/comunidades-de-cintalapa-marchan-contra-amenazas-de-desalojo-en-la-zona-de-chimalapas\/","name":"Comunidades de Cintalapa marchan contra amenazas de desalojo en la zona de Chimalapas - LA BRAVA RADIO","isPartOf":{"@id":"https:\/\/www.bbmnoticias.com\/labravaradiofm\/#website"},"primaryImageOfPage":{"@id":"https:\/\/www.bbmnoticias.com\/comunidades-de-cintalapa-marchan-contra-amenazas-de-desalojo-en-la-zona-de-chimalapas\/#primaryimage"},"image":{"@id":"https:\/\/www.bbmnoticias.com\/comunidades-de-cintalapa-marchan-contra-amenazas-de-desalojo-en-la-zona-de-chimalapas\/#primaryimage"},"thumbnailUrl":"https:\/\/www.bbmnoticias.com\/labravaradiofm\/wp-content\/uploads\/sites\/5\/2026\/09\/habitantes-de-los-chimalapas-marchan-en-chiapas-contra-amenazas-de-desalojo.webp","datePublished":"2026-09-02T20:49:43+00:00","dateModified":"2026-09-02T20:49:46+00:00","author":{"@id":"https:\/\/www.bbmnoticias.com\/labravaradiofm\/#\/schema\/person\/9fbc5ce7940cac56d0ea1e2b03b6d30c"},"breadcrumb":{"@id":"https:\/\/www.bbmnoticias.com\/comunidades-de-cintalapa-marchan-contra-amenazas-de-desalojo-en-la-zona-de-chimalapas\/#breadcrumb"},"inLanguage":"es","potentialAction":[{"@type":"ReadAction","target":["https:\/\/www.bbmnoticias.com\/comunidades-de-cintalapa-marchan-contra-amenazas-de-desalojo-en-la-zona-de-chimalapas\/"]}]},{"@type":"ImageObject","inLanguage":"es","@id":"https:\/\/www.bbmnoticias.com\/comunidades-de-cintalapa-marchan-contra-amenazas-de-desalojo-en-la-zona-de-chimalapas\/#primaryimage","url":"https:\/\/www.bbmnoticias.com\/labravaradiofm\/wp-content\/uploads\/sites\/5\/2026\/09\/habitantes-de-los-chimalapas-marchan-en-chiapas-contra-amenazas-de-desalojo.webp","contentUrl":"https:\/\/www.bbmnoticias.com\/labravaradiofm\/wp-content\/uploads\/sites\/5\/2026\/09\/habitantes-de-los-chimalapas-marchan-en-chiapas-contra-amenazas-de-desalojo.webp","width":1200,"height":676},{"@type":"BreadcrumbList","@id":"https:\/\/www.bbmnoticias.com\/comunidades-de-cintalapa-marchan-contra-amenazas-de-desalojo-en-la-zona-de-chimalapas\/#breadcrumb","itemListElement":[{"@type":"ListItem","position":1,"name":"Inicio","item":"https:\/\/www.bbmnoticias.com\/labravaradiofm\/"},{"@type":"ListItem","position":2,"name":"Comunidades de Cintalapa marchan contra amenazas de desalojo en la zona de Chimalapas"}]},{"@type":"WebSite","@id":"https:\/\/www.bbmnoticias.com\/labravaradiofm\/#website","url":"https:\/\/www.bbmnoticias.com\/labravaradiofm\/","name":"LA BRAVA RADIO","description":"Empresa productora de medios, Radiodifusi\u00f3n, Noticias, tendencias y todo lo que necesitas saber de la pol\u00edtica mexicana e internacional; entretenimiento, espect\u00e1culos, salud y mucho m\u00e1s.","potentialAction":[{"@type":"SearchAction","target":{"@type":"EntryPoint","urlTemplate":"https:\/\/www.bbmnoticias.com\/labravaradiofm\/?s={search_term_string}"},"query-input":{"@type":"PropertyValueSpecification","valueRequired":true,"valueName":"search_term_string"}}],"inLanguage":"es"},{"@type":"Person","@id":"https:\/\/www.bbmnoticias.com\/labravaradiofm\/#\/schema\/person\/9fbc5ce7940cac56d0ea1e2b03b6d30c","name":"Agencias","image":{"@type":"ImageObject","inLanguage":"es","@id":"https:\/\/secure.gravatar.com\/avatar\/739e0b61adf9e398b425c36718c8752286da0e8cd90f20ce9a86678abc26aa0d?s=96&d=mm&r=g","url":"https:\/\/secure.gravatar.com\/avatar\/739e0b61adf9e398b425c36718c8752286da0e8cd90f20ce9a86678abc26aa0d?s=96&d=mm&r=g","contentUrl":"https:\/\/secure.gravatar.com\/avatar\/739e0b61adf9e398b425c36718c8752286da0e8cd90f20ce9a86678abc26aa0d?s=96&d=mm&r=g","caption":"Agencias"},"url":"https:\/\/www.bbmnoticias.com\/labravaradiofm\/author\/agencias\/"}]}},"_links":{"self":[{"href":"https:\/\/www.bbmnoticias.com\/labravaradiofm\/wp-json\/wp\/v2\/posts\/81382","targetHints":{"allow":["GET"]}}],"collection":[{"href":"https:\/\/www.bbmnoticias.com\/labravaradiofm\/wp-json\/wp\/v2\/posts"}],"about":[{"href":"https:\/\/www.bbmnoticias.com\/labravaradiofm\/wp-json\/wp\/v2\/types\/post"}],"author":[{"embeddable":true,"href":"https:\/\/www.bbmnoticias.com\/labravaradiofm\/wp-json\/wp\/v2\/users\/4"}],"replies":[{"embeddable":true,"href":"https:\/\/www.bbmnoticias.com\/labravaradiofm\/wp-json\/wp\/v2\/comments?post=81382"}],"version-history":[{"count":1,"href":"https:\/\/www.bbmnoticias.com\/labravaradiofm\/wp-json\/wp\/v2\/posts\/81382\/revisions"}],"predecessor-version":[{"id":81383,"href":"https:\/\/www.bbmnoticias.com\/labravaradiofm\/wp-json\/wp\/v2\/posts\/81382\/revisions\/81383"}],"wp:featuredmedia":[{"embeddable":true,"href":"https:\/\/www.bbmnoticias.com\/labravaradiofm\/wp-json\/wp\/v2\/media\/81384"}],"wp:attachment":[{"href":"https:\/\/www.bbmnoticias.com\/labravaradiofm\/wp-json\/wp\/v2\/media?parent=81382"}],"wp:term":[{"taxonomy":"category","embeddable":true,"href":"https:\/\/www.bbmnoticias.com\/labravaradiofm\/wp-json\/wp\/v2\/categories?post=81382"},{"taxonomy":"post_tag","embeddable":true,"href":"https:\/\/www.bbmnoticias.com\/labravaradiofm\/wp-json\/wp\/v2\/tags?post=81382"}],"curies":[{"name":"wp","href":"https:\/\/api.w.org\/{rel}","templated":true}]}}