{"id":81373,"date":"2026-09-02T13:15:15","date_gmt":"2026-09-02T19:15:15","guid":{"rendered":"https:\/\/www.bbmnoticias.com\/labravaradiofm\/2026\/09\/02\/aprehenden-a-hombre-por-probable-violacion-equiparada-contra-adolescente-en-valles-centrales\/"},"modified":"2026-09-02T13:15:18","modified_gmt":"2026-09-02T19:15:18","slug":"aprehenden-a-hombre-por-probable-violacion-equiparada-contra-adolescente-en-valles-centrales","status":"publish","type":"post","link":"https:\/\/www.bbmnoticias.com\/labravaradiofm\/2026\/09\/02\/aprehenden-a-hombre-por-probable-violacion-equiparada-contra-adolescente-en-valles-centrales\/","title":{"rendered":"Aprehenden a hombre por probable violaci\u00f3n equiparada contra adolescente en Valles Centrales"},"content":{"rendered":"\n<p class=\"wp-block-paragraph\"><strong>La Fiscal\u00eda de Oaxaca inform\u00f3 que obtuvo y ejecut\u00f3 una orden de aprehensi\u00f3n; la v\u00edctima es menor de edad y sus datos se mantienen bajo reserva.<\/strong><\/p>\n\n\n\n<p class=\"wp-block-paragraph\"><strong>Oaxaca de Ju\u00e1rez, Oax., 2 de septiembre de 2026.<\/strong>\u2014 La Fiscal\u00eda General del Estado de Oaxaca (FGEO) inform\u00f3 sobre la ejecuci\u00f3n de una orden de aprehensi\u00f3n contra <strong>A.R.S.V.<\/strong>, por su probable responsabilidad en el delito de <strong>violaci\u00f3n equiparada<\/strong>, en agravio de una adolescente con discapacidad intelectual.<\/p>\n\n\n\n<p class=\"wp-block-paragraph\">De acuerdo con la informaci\u00f3n contenida en la carpeta de investigaci\u00f3n, los hechos habr\u00edan ocurrido el <strong>8 de agosto de 2026<\/strong>, en un domicilio ubicado en <strong>San Juan Bautista Guelache<\/strong>, en la regi\u00f3n de Valles Centrales.<\/p>\n\n\n\n<p class=\"wp-block-paragraph\">La Fiscal\u00eda se\u00f1al\u00f3 que, seg\u00fan la denuncia, la adolescente habr\u00eda sido v\u00edctima de actos de car\u00e1cter sexual mientras se encontraba en su domicilio.<\/p>\n\n\n\n<p class=\"wp-block-paragraph\">Por tratarse de una persona menor de edad, la identidad de la v\u00edctima se mantiene bajo reserva y se omiten datos que pudieran contribuir a su identificaci\u00f3n, en atenci\u00f3n a su derecho a la privacidad y a la protecci\u00f3n reforzada que corresponde a ni\u00f1as, ni\u00f1os y adolescentes.<\/p>\n\n\n\n<p class=\"wp-block-paragraph\">Tras recibir la denuncia, la FGEO, a trav\u00e9s de la <strong>Vicefiscal\u00eda General de Control Regional<\/strong>, inici\u00f3 las investigaciones correspondientes para esclarecer los hechos y determinar las posibles responsabilidades.<\/p>\n\n\n\n<p class=\"wp-block-paragraph\">La instituci\u00f3n indic\u00f3 que durante las diligencias se aplicaron los protocolos establecidos para la atenci\u00f3n de v\u00edctimas, particularmente aquellos relacionados con personas menores de edad y en condiciones de vulnerabilidad.<\/p>\n\n\n\n<p class=\"wp-block-paragraph\">Como resultado de los actos de investigaci\u00f3n, el Ministerio P\u00fablico obtuvo una orden de aprehensi\u00f3n contra A.R.S.V. La orden fue ejecutada por elementos de la <strong>Agencia Estatal de Investigaciones<\/strong>, quienes posteriormente pusieron al detenido a disposici\u00f3n de la autoridad competente.<\/p>\n\n\n\n<p class=\"wp-block-paragraph\">Ser\u00e1 la autoridad judicial la que determine la situaci\u00f3n jur\u00eddica de la persona imputada conforme al debido proceso y con base en las pruebas que sean presentadas durante el procedimiento.<\/p>\n\n\n\n<p class=\"wp-block-paragraph\">Hasta que exista una resoluci\u00f3n judicial firme, <strong>A.R.S.V. debe ser considerado \u00fanicamente como probable responsable<\/strong>, en respeto al principio de presunci\u00f3n de inocencia.<\/p>\n\n\n\n<p class=\"wp-block-paragraph\">La investigaci\u00f3n permanece en curso. Por protecci\u00f3n de la v\u00edctima, esta publicaci\u00f3n no incluye su nombre, edad exacta, domicilio, fotograf\u00edas, v\u00ednculos familiares ni otros elementos que pudieran facilitar su identificaci\u00f3n.<\/p>\n\n\n\n<p class=\"wp-block-paragraph\"><\/p>\n","protected":false},"excerpt":{"rendered":"<p>La Fiscal\u00eda de Oaxaca inform\u00f3 que obtuvo y ejecut\u00f3 una orden de aprehensi\u00f3n; la v\u00edctima es menor de edad y sus datos se mantienen bajo reserva. Oaxaca de Ju\u00e1rez, Oax., 2 de septiembre de 2026.\u2014 La Fiscal\u00eda General del Estado de Oaxaca (FGEO) inform\u00f3 sobre la ejecuci\u00f3n de una orden de aprehensi\u00f3n contra A.R.S.V., por [&hellip;]<\/p>\n","protected":false},"author":2,"featured_media":81375,"comment_status":"closed","ping_status":"open","sticky":false,"template":"","format":"standard","meta":{"footnotes":""},"categories":[2,20],"tags":[],"class_list":["post-81373","post","type-post","status-publish","format-standard","has-post-thumbnail","hentry","category-oaxaca","category-policiaca"],"yoast_head":"<!-- This site is optimized with the Yoast SEO plugin v28.1 - https:\/\/yoast.com\/product\/yoast-seo-wordpress\/ -->\n<title>Aprehenden a hombre por probable violaci\u00f3n equiparada contra adolescente en Valles Centrales - LA BRAVA RADIO<\/title>\n<meta name=\"robots\" content=\"index, follow, max-snippet:-1, max-image-preview:large, max-video-preview:-1\" \/>\n<link rel=\"canonical\" href=\"https:\/\/www.bbmnoticias.com\/aprehenden-a-hombre-por-probable-violacion-equiparada-contra-adolescente-en-valles-centrales\/\" \/>\n<meta property=\"og:locale\" content=\"es_MX\" \/>\n<meta property=\"og:type\" content=\"article\" \/>\n<meta property=\"og:title\" content=\"Aprehenden a hombre por probable violaci\u00f3n equiparada contra adolescente en Valles Centrales - LA BRAVA RADIO\" \/>\n<meta property=\"og:description\" content=\"La Fiscal\u00eda de Oaxaca inform\u00f3 que obtuvo y ejecut\u00f3 una orden de aprehensi\u00f3n; la v\u00edctima es menor de edad y sus datos se mantienen bajo reserva. Oaxaca de Ju\u00e1rez, Oax., 2 de septiembre de 2026.\u2014 La Fiscal\u00eda General del Estado de Oaxaca (FGEO) inform\u00f3 sobre la ejecuci\u00f3n de una orden de aprehensi\u00f3n contra A.R.S.V., por [&hellip;]\" \/>\n<meta property=\"og:url\" content=\"https:\/\/www.bbmnoticias.com\/aprehenden-a-hombre-por-probable-violacion-equiparada-contra-adolescente-en-valles-centrales\/\" \/>\n<meta property=\"og:site_name\" content=\"LA BRAVA RADIO\" \/>\n<meta property=\"article:published_time\" content=\"2026-09-02T19:15:15+00:00\" \/>\n<meta property=\"article:modified_time\" content=\"2026-09-02T19:15:18+00:00\" \/>\n<meta property=\"og:image\" content=\"https:\/\/www.bbmnoticias.com\/labravaradiofm\/wp-content\/uploads\/sites\/5\/2026\/09\/presunto_agresor-2.jpg\" \/>\n\t<meta property=\"og:image:width\" content=\"800\" \/>\n\t<meta property=\"og:image:height\" content=\"450\" \/>\n\t<meta property=\"og:image:type\" content=\"image\/jpeg\" \/>\n<meta name=\"author\" content=\"Staff\" \/>\n<meta name=\"twitter:card\" content=\"summary_large_image\" \/>\n<meta name=\"twitter:label1\" content=\"Escrito por\" \/>\n\t<meta name=\"twitter:data1\" content=\"Staff\" \/>\n\t<meta name=\"twitter:label2\" content=\"Tiempo de lectura\" \/>\n\t<meta name=\"twitter:data2\" content=\"2 minutos\" \/>\n<script type=\"application\/ld+json\" class=\"yoast-schema-graph\">{\"@context\":\"https:\\\/\\\/schema.org\",\"@graph\":[{\"@type\":\"Article\",\"@id\":\"https:\\\/\\\/www.bbmnoticias.com\\\/aprehenden-a-hombre-por-probable-violacion-equiparada-contra-adolescente-en-valles-centrales\\\/#article\",\"isPartOf\":{\"@id\":\"https:\\\/\\\/www.bbmnoticias.com\\\/labravaradiofm\\\/2026\\\/09\\\/02\\\/aprehenden-a-hombre-por-probable-violacion-equiparada-contra-adolescente-en-valles-centrales\\\/\"},\"author\":{\"name\":\"Staff\",\"@id\":\"https:\\\/\\\/www.bbmnoticias.com\\\/labravaradiofm\\\/#\\\/schema\\\/person\\\/9eb037257fc48a09cdf31d9a2f45619f\"},\"headline\":\"Aprehenden a hombre por probable violaci\u00f3n equiparada contra adolescente en Valles Centrales\",\"datePublished\":\"2026-09-02T19:15:15+00:00\",\"dateModified\":\"2026-09-02T19:15:18+00:00\",\"mainEntityOfPage\":{\"@id\":\"https:\\\/\\\/www.bbmnoticias.com\\\/labravaradiofm\\\/2026\\\/09\\\/02\\\/aprehenden-a-hombre-por-probable-violacion-equiparada-contra-adolescente-en-valles-centrales\\\/\"},\"wordCount\":421,\"image\":{\"@id\":\"https:\\\/\\\/www.bbmnoticias.com\\\/aprehenden-a-hombre-por-probable-violacion-equiparada-contra-adolescente-en-valles-centrales\\\/#primaryimage\"},\"thumbnailUrl\":\"https:\\\/\\\/www.bbmnoticias.com\\\/labravaradiofm\\\/wp-content\\\/uploads\\\/sites\\\/5\\\/2026\\\/09\\\/presunto_agresor-2.jpg\",\"articleSection\":[\"LOCAL\",\"POLICIACA\"],\"inLanguage\":\"es\"},{\"@type\":\"WebPage\",\"@id\":\"https:\\\/\\\/www.bbmnoticias.com\\\/labravaradiofm\\\/2026\\\/09\\\/02\\\/aprehenden-a-hombre-por-probable-violacion-equiparada-contra-adolescente-en-valles-centrales\\\/\",\"url\":\"https:\\\/\\\/www.bbmnoticias.com\\\/aprehenden-a-hombre-por-probable-violacion-equiparada-contra-adolescente-en-valles-centrales\\\/\",\"name\":\"Aprehenden a hombre por probable violaci\u00f3n equiparada contra adolescente en Valles Centrales - LA BRAVA RADIO\",\"isPartOf\":{\"@id\":\"https:\\\/\\\/www.bbmnoticias.com\\\/labravaradiofm\\\/#website\"},\"primaryImageOfPage\":{\"@id\":\"https:\\\/\\\/www.bbmnoticias.com\\\/aprehenden-a-hombre-por-probable-violacion-equiparada-contra-adolescente-en-valles-centrales\\\/#primaryimage\"},\"image\":{\"@id\":\"https:\\\/\\\/www.bbmnoticias.com\\\/aprehenden-a-hombre-por-probable-violacion-equiparada-contra-adolescente-en-valles-centrales\\\/#primaryimage\"},\"thumbnailUrl\":\"https:\\\/\\\/www.bbmnoticias.com\\\/labravaradiofm\\\/wp-content\\\/uploads\\\/sites\\\/5\\\/2026\\\/09\\\/presunto_agresor-2.jpg\",\"datePublished\":\"2026-09-02T19:15:15+00:00\",\"dateModified\":\"2026-09-02T19:15:18+00:00\",\"author\":{\"@id\":\"https:\\\/\\\/www.bbmnoticias.com\\\/labravaradiofm\\\/#\\\/schema\\\/person\\\/9eb037257fc48a09cdf31d9a2f45619f\"},\"breadcrumb\":{\"@id\":\"https:\\\/\\\/www.bbmnoticias.com\\\/aprehenden-a-hombre-por-probable-violacion-equiparada-contra-adolescente-en-valles-centrales\\\/#breadcrumb\"},\"inLanguage\":\"es\",\"potentialAction\":[{\"@type\":\"ReadAction\",\"target\":[\"https:\\\/\\\/www.bbmnoticias.com\\\/aprehenden-a-hombre-por-probable-violacion-equiparada-contra-adolescente-en-valles-centrales\\\/\"]}]},{\"@type\":\"ImageObject\",\"inLanguage\":\"es\",\"@id\":\"https:\\\/\\\/www.bbmnoticias.com\\\/aprehenden-a-hombre-por-probable-violacion-equiparada-contra-adolescente-en-valles-centrales\\\/#primaryimage\",\"url\":\"https:\\\/\\\/www.bbmnoticias.com\\\/labravaradiofm\\\/wp-content\\\/uploads\\\/sites\\\/5\\\/2026\\\/09\\\/presunto_agresor-2.jpg\",\"contentUrl\":\"https:\\\/\\\/www.bbmnoticias.com\\\/labravaradiofm\\\/wp-content\\\/uploads\\\/sites\\\/5\\\/2026\\\/09\\\/presunto_agresor-2.jpg\",\"width\":800,\"height\":450},{\"@type\":\"BreadcrumbList\",\"@id\":\"https:\\\/\\\/www.bbmnoticias.com\\\/aprehenden-a-hombre-por-probable-violacion-equiparada-contra-adolescente-en-valles-centrales\\\/#breadcrumb\",\"itemListElement\":[{\"@type\":\"ListItem\",\"position\":1,\"name\":\"Inicio\",\"item\":\"https:\\\/\\\/www.bbmnoticias.com\\\/labravaradiofm\\\/\"},{\"@type\":\"ListItem\",\"position\":2,\"name\":\"Aprehenden a hombre por probable violaci\u00f3n equiparada contra adolescente en Valles Centrales\"}]},{\"@type\":\"WebSite\",\"@id\":\"https:\\\/\\\/www.bbmnoticias.com\\\/labravaradiofm\\\/#website\",\"url\":\"https:\\\/\\\/www.bbmnoticias.com\\\/labravaradiofm\\\/\",\"name\":\"LA BRAVA RADIO\",\"description\":\"Empresa productora de medios, Radiodifusi\u00f3n, Noticias, tendencias y todo lo que necesitas saber de la pol\u00edtica mexicana e internacional; entretenimiento, espect\u00e1culos, salud y mucho m\u00e1s.\",\"potentialAction\":[{\"@type\":\"SearchAction\",\"target\":{\"@type\":\"EntryPoint\",\"urlTemplate\":\"https:\\\/\\\/www.bbmnoticias.com\\\/labravaradiofm\\\/?s={search_term_string}\"},\"query-input\":{\"@type\":\"PropertyValueSpecification\",\"valueRequired\":true,\"valueName\":\"search_term_string\"}}],\"inLanguage\":\"es\"},{\"@type\":\"Person\",\"@id\":\"https:\\\/\\\/www.bbmnoticias.com\\\/labravaradiofm\\\/#\\\/schema\\\/person\\\/9eb037257fc48a09cdf31d9a2f45619f\",\"name\":\"Staff\",\"image\":{\"@type\":\"ImageObject\",\"inLanguage\":\"es\",\"@id\":\"https:\\\/\\\/secure.gravatar.com\\\/avatar\\\/fdd21ad66fd8b98c407f9dee5b5e588cfe7f0d8579ec20fa6527cd59bab7f0f0?s=96&d=mm&r=g\",\"url\":\"https:\\\/\\\/secure.gravatar.com\\\/avatar\\\/fdd21ad66fd8b98c407f9dee5b5e588cfe7f0d8579ec20fa6527cd59bab7f0f0?s=96&d=mm&r=g\",\"contentUrl\":\"https:\\\/\\\/secure.gravatar.com\\\/avatar\\\/fdd21ad66fd8b98c407f9dee5b5e588cfe7f0d8579ec20fa6527cd59bab7f0f0?s=96&d=mm&r=g\",\"caption\":\"Staff\"},\"url\":\"https:\\\/\\\/www.bbmnoticias.com\\\/labravaradiofm\\\/author\\\/redaccion\\\/\"}]}<\/script>\n<!-- \/ Yoast SEO plugin. -->","yoast_head_json":{"title":"Aprehenden a hombre por probable violaci\u00f3n equiparada contra adolescente en Valles Centrales - LA BRAVA RADIO","robots":{"index":"index","follow":"follow","max-snippet":"max-snippet:-1","max-image-preview":"max-image-preview:large","max-video-preview":"max-video-preview:-1"},"canonical":"https:\/\/www.bbmnoticias.com\/aprehenden-a-hombre-por-probable-violacion-equiparada-contra-adolescente-en-valles-centrales\/","og_locale":"es_MX","og_type":"article","og_title":"Aprehenden a hombre por probable violaci\u00f3n equiparada contra adolescente en Valles Centrales - LA BRAVA RADIO","og_description":"La Fiscal\u00eda de Oaxaca inform\u00f3 que obtuvo y ejecut\u00f3 una orden de aprehensi\u00f3n; la v\u00edctima es menor de edad y sus datos se mantienen bajo reserva. Oaxaca de Ju\u00e1rez, Oax., 2 de septiembre de 2026.\u2014 La Fiscal\u00eda General del Estado de Oaxaca (FGEO) inform\u00f3 sobre la ejecuci\u00f3n de una orden de aprehensi\u00f3n contra A.R.S.V., por [&hellip;]","og_url":"https:\/\/www.bbmnoticias.com\/aprehenden-a-hombre-por-probable-violacion-equiparada-contra-adolescente-en-valles-centrales\/","og_site_name":"LA BRAVA RADIO","article_published_time":"2026-09-02T19:15:15+00:00","article_modified_time":"2026-09-02T19:15:18+00:00","og_image":[{"width":800,"height":450,"url":"https:\/\/www.bbmnoticias.com\/labravaradiofm\/wp-content\/uploads\/sites\/5\/2026\/09\/presunto_agresor-2.jpg","type":"image\/jpeg"}],"author":"Staff","twitter_card":"summary_large_image","twitter_misc":{"Escrito por":"Staff","Tiempo de lectura":"2 minutos"},"schema":{"@context":"https:\/\/schema.org","@graph":[{"@type":"Article","@id":"https:\/\/www.bbmnoticias.com\/aprehenden-a-hombre-por-probable-violacion-equiparada-contra-adolescente-en-valles-centrales\/#article","isPartOf":{"@id":"https:\/\/www.bbmnoticias.com\/labravaradiofm\/2026\/09\/02\/aprehenden-a-hombre-por-probable-violacion-equiparada-contra-adolescente-en-valles-centrales\/"},"author":{"name":"Staff","@id":"https:\/\/www.bbmnoticias.com\/labravaradiofm\/#\/schema\/person\/9eb037257fc48a09cdf31d9a2f45619f"},"headline":"Aprehenden a hombre por probable violaci\u00f3n equiparada contra adolescente en Valles Centrales","datePublished":"2026-09-02T19:15:15+00:00","dateModified":"2026-09-02T19:15:18+00:00","mainEntityOfPage":{"@id":"https:\/\/www.bbmnoticias.com\/labravaradiofm\/2026\/09\/02\/aprehenden-a-hombre-por-probable-violacion-equiparada-contra-adolescente-en-valles-centrales\/"},"wordCount":421,"image":{"@id":"https:\/\/www.bbmnoticias.com\/aprehenden-a-hombre-por-probable-violacion-equiparada-contra-adolescente-en-valles-centrales\/#primaryimage"},"thumbnailUrl":"https:\/\/www.bbmnoticias.com\/labravaradiofm\/wp-content\/uploads\/sites\/5\/2026\/09\/presunto_agresor-2.jpg","articleSection":["LOCAL","POLICIACA"],"inLanguage":"es"},{"@type":"WebPage","@id":"https:\/\/www.bbmnoticias.com\/labravaradiofm\/2026\/09\/02\/aprehenden-a-hombre-por-probable-violacion-equiparada-contra-adolescente-en-valles-centrales\/","url":"https:\/\/www.bbmnoticias.com\/aprehenden-a-hombre-por-probable-violacion-equiparada-contra-adolescente-en-valles-centrales\/","name":"Aprehenden a hombre por probable violaci\u00f3n equiparada contra adolescente en Valles Centrales - LA BRAVA RADIO","isPartOf":{"@id":"https:\/\/www.bbmnoticias.com\/labravaradiofm\/#website"},"primaryImageOfPage":{"@id":"https:\/\/www.bbmnoticias.com\/aprehenden-a-hombre-por-probable-violacion-equiparada-contra-adolescente-en-valles-centrales\/#primaryimage"},"image":{"@id":"https:\/\/www.bbmnoticias.com\/aprehenden-a-hombre-por-probable-violacion-equiparada-contra-adolescente-en-valles-centrales\/#primaryimage"},"thumbnailUrl":"https:\/\/www.bbmnoticias.com\/labravaradiofm\/wp-content\/uploads\/sites\/5\/2026\/09\/presunto_agresor-2.jpg","datePublished":"2026-09-02T19:15:15+00:00","dateModified":"2026-09-02T19:15:18+00:00","author":{"@id":"https:\/\/www.bbmnoticias.com\/labravaradiofm\/#\/schema\/person\/9eb037257fc48a09cdf31d9a2f45619f"},"breadcrumb":{"@id":"https:\/\/www.bbmnoticias.com\/aprehenden-a-hombre-por-probable-violacion-equiparada-contra-adolescente-en-valles-centrales\/#breadcrumb"},"inLanguage":"es","potentialAction":[{"@type":"ReadAction","target":["https:\/\/www.bbmnoticias.com\/aprehenden-a-hombre-por-probable-violacion-equiparada-contra-adolescente-en-valles-centrales\/"]}]},{"@type":"ImageObject","inLanguage":"es","@id":"https:\/\/www.bbmnoticias.com\/aprehenden-a-hombre-por-probable-violacion-equiparada-contra-adolescente-en-valles-centrales\/#primaryimage","url":"https:\/\/www.bbmnoticias.com\/labravaradiofm\/wp-content\/uploads\/sites\/5\/2026\/09\/presunto_agresor-2.jpg","contentUrl":"https:\/\/www.bbmnoticias.com\/labravaradiofm\/wp-content\/uploads\/sites\/5\/2026\/09\/presunto_agresor-2.jpg","width":800,"height":450},{"@type":"BreadcrumbList","@id":"https:\/\/www.bbmnoticias.com\/aprehenden-a-hombre-por-probable-violacion-equiparada-contra-adolescente-en-valles-centrales\/#breadcrumb","itemListElement":[{"@type":"ListItem","position":1,"name":"Inicio","item":"https:\/\/www.bbmnoticias.com\/labravaradiofm\/"},{"@type":"ListItem","position":2,"name":"Aprehenden a hombre por probable violaci\u00f3n equiparada contra adolescente en Valles Centrales"}]},{"@type":"WebSite","@id":"https:\/\/www.bbmnoticias.com\/labravaradiofm\/#website","url":"https:\/\/www.bbmnoticias.com\/labravaradiofm\/","name":"LA BRAVA RADIO","description":"Empresa productora de medios, Radiodifusi\u00f3n, Noticias, tendencias y todo lo que necesitas saber de la pol\u00edtica mexicana e internacional; entretenimiento, espect\u00e1culos, salud y mucho m\u00e1s.","potentialAction":[{"@type":"SearchAction","target":{"@type":"EntryPoint","urlTemplate":"https:\/\/www.bbmnoticias.com\/labravaradiofm\/?s={search_term_string}"},"query-input":{"@type":"PropertyValueSpecification","valueRequired":true,"valueName":"search_term_string"}}],"inLanguage":"es"},{"@type":"Person","@id":"https:\/\/www.bbmnoticias.com\/labravaradiofm\/#\/schema\/person\/9eb037257fc48a09cdf31d9a2f45619f","name":"Staff","image":{"@type":"ImageObject","inLanguage":"es","@id":"https:\/\/secure.gravatar.com\/avatar\/fdd21ad66fd8b98c407f9dee5b5e588cfe7f0d8579ec20fa6527cd59bab7f0f0?s=96&d=mm&r=g","url":"https:\/\/secure.gravatar.com\/avatar\/fdd21ad66fd8b98c407f9dee5b5e588cfe7f0d8579ec20fa6527cd59bab7f0f0?s=96&d=mm&r=g","contentUrl":"https:\/\/secure.gravatar.com\/avatar\/fdd21ad66fd8b98c407f9dee5b5e588cfe7f0d8579ec20fa6527cd59bab7f0f0?s=96&d=mm&r=g","caption":"Staff"},"url":"https:\/\/www.bbmnoticias.com\/labravaradiofm\/author\/redaccion\/"}]}},"_links":{"self":[{"href":"https:\/\/www.bbmnoticias.com\/labravaradiofm\/wp-json\/wp\/v2\/posts\/81373","targetHints":{"allow":["GET"]}}],"collection":[{"href":"https:\/\/www.bbmnoticias.com\/labravaradiofm\/wp-json\/wp\/v2\/posts"}],"about":[{"href":"https:\/\/www.bbmnoticias.com\/labravaradiofm\/wp-json\/wp\/v2\/types\/post"}],"author":[{"embeddable":true,"href":"https:\/\/www.bbmnoticias.com\/labravaradiofm\/wp-json\/wp\/v2\/users\/2"}],"replies":[{"embeddable":true,"href":"https:\/\/www.bbmnoticias.com\/labravaradiofm\/wp-json\/wp\/v2\/comments?post=81373"}],"version-history":[{"count":1,"href":"https:\/\/www.bbmnoticias.com\/labravaradiofm\/wp-json\/wp\/v2\/posts\/81373\/revisions"}],"predecessor-version":[{"id":81374,"href":"https:\/\/www.bbmnoticias.com\/labravaradiofm\/wp-json\/wp\/v2\/posts\/81373\/revisions\/81374"}],"wp:featuredmedia":[{"embeddable":true,"href":"https:\/\/www.bbmnoticias.com\/labravaradiofm\/wp-json\/wp\/v2\/media\/81375"}],"wp:attachment":[{"href":"https:\/\/www.bbmnoticias.com\/labravaradiofm\/wp-json\/wp\/v2\/media?parent=81373"}],"wp:term":[{"taxonomy":"category","embeddable":true,"href":"https:\/\/www.bbmnoticias.com\/labravaradiofm\/wp-json\/wp\/v2\/categories?post=81373"},{"taxonomy":"post_tag","embeddable":true,"href":"https:\/\/www.bbmnoticias.com\/labravaradiofm\/wp-json\/wp\/v2\/tags?post=81373"}],"curies":[{"name":"wp","href":"https:\/\/api.w.org\/{rel}","templated":true}]}}