{"id":81367,"date":"2026-09-02T10:25:15","date_gmt":"2026-09-02T16:25:15","guid":{"rendered":"https:\/\/www.bbmnoticias.com\/labravaradiofm\/2026\/09\/02\/sheinbaum-descarta-intervencion-de-amlo-en-su-gobierno-esta-alejado-de-la-vida-publica-y-escribe-su-segundo-libro\/"},"modified":"2026-09-02T10:25:21","modified_gmt":"2026-09-02T16:25:21","slug":"sheinbaum-descarta-intervencion-de-amlo-en-su-gobierno-esta-alejado-de-la-vida-publica-y-escribe-su-segundo-libro","status":"publish","type":"post","link":"https:\/\/www.bbmnoticias.com\/labravaradiofm\/2026\/09\/02\/sheinbaum-descarta-intervencion-de-amlo-en-su-gobierno-esta-alejado-de-la-vida-publica-y-escribe-su-segundo-libro\/","title":{"rendered":"Sheinbaum descarta intervenci\u00f3n de AMLO en su gobierno; \u201cest\u00e1 alejado de la vida p\u00fablica y escribe su segundo libro\u201d"},"content":{"rendered":"\n<p class=\"wp-block-paragraph\"><em>Ciudad de M\u00e9xico.<\/em> Dedicado a terminar su segundo libro y alejado de la vida p\u00fablica, el ex presidente Andr\u00e9s Manuel L\u00f3pez Obrador no ha intervenido en ninguna decisi\u00f3n de su gobierno, afirm\u00f3 este mi\u00e9rcoles la presidenta Claudia Sheinbaum Pardo, quien consider\u00f3 &#8220;extremadamente respetuoso&#8221; y descart\u00f3 una pugna entre ambos.<\/p>\n\n\n\n<p class=\"wp-block-paragraph\">&#8220;El presidente Andr\u00e9s Manuel L\u00f3pez Obrador ha sido sumamente respetuoso con nuestro gobierno [\u2026] No ha habido una sola llamada que me haya dicho: haz esto, haz aquello&#8221;, dijo la mandataria en la primera rueda de prensa luego de su segundo informe de gobierno.<\/p>\n\n\n\n<p class=\"wp-block-paragraph\">Sheinbaum calific\u00f3 en Palacio Nacional de &#8220;muy machista&#8221; la idea de que L\u00f3pez Obrador contin\u00faa gobernando desde fuera del cargo. &#8220;Esta idea de que detr\u00e1s de la presidenta est\u00e1 gobernando L\u00f3pez Obrador pues es una idea muy machista, la verdad. De que las mujeres no tenemos ninguna posibilidad de desarrollar el gobierno&#8221;, dijo, y a\u00f1adi\u00f3 que las versiones sobre una pugna interna, surgidas a ra\u00edz de los casos de Sinaloa y del gobernador con licencia Rub\u00e9n Rocha Moya, buscan &#8220;debilitar al movimiento&#8221; que representa.<\/p>\n\n\n\n<p class=\"wp-block-paragraph\">La presidenta se refiri\u00f3 as\u00ed a las encuestas que le dan alrededor de 70 por ciento de aprobaci\u00f3n y atribuy\u00f3 ese respaldo al cumplimiento de los compromisos hechos durante la campa\u00f1a y a principios de &#8220;no robar, no mentir, no traicionar al pueblo&#8221;. Agreg\u00f3 que la definici\u00f3n de candidaturas dentro de Morena corresponde a encuestas y no a decisiones suyas ni de L\u00f3pez Obrador, lo cual, dijo, da cohesi\u00f3n al movimiento.<\/p>\n\n\n\n<p class=\"wp-block-paragraph\">En otro momento de la conferencia, Sheinbaum sostuvo que el hecho de que no haya divisiones al interior del movimiento, no significa que vaya a haber una defensa ultranza de sus miembros en caso de que comentan alguna falta o delito.<\/p>\n\n\n\n<p class=\"wp-block-paragraph\">Al arrancar la glosa del informe, se present\u00f3 un resumen de que solo en la actual legislatura del Congreso de la Uni\u00f3n se han aprobado 27 reformas constitucionales y 76 reformas legales ordinarias. Sheinbaum dijo que estos cambios han servido para revertir buena parte de lo impulsado durante el periodo neoliberal.<\/p>\n\n\n\n<p class=\"wp-block-paragraph\">La mandataria anunci\u00f3 adem\u00e1s que este jueves iniciar\u00e1 una gira por el pa\u00eds para presentar los informes de gobierno en cada entidad, como lo hizo hace un a\u00f1o. La jornada de este fin de semana incluir\u00e1 Cuernavaca, Morelos, y Durango el jueves; San Luis Potos\u00ed, Zacatecas y Aguascalientes el viernes, donde ofrecer\u00e1 la conferencia de prensa; Colima, Jalisco y Nayarit el s\u00e1bado, y Nuevo Le\u00f3n y Coahuila el domingo. Explic\u00f3 que en cada entidad se detallar\u00e1 el avance de obras de agua, carreteras y trenes, entre otras acciones.<\/p>\n\n\n\n<p class=\"wp-block-paragraph\">Sheinbaum adelant\u00f3 tambi\u00e9n que la pr\u00f3xima semana su gobierno presentar\u00e1 el paquete econ\u00f3mico \u2014un d\u00eda despu\u00e9s de que sea entregado al Congreso, el 8 de septiembre\u2014 junto con una serie de reformas de car\u00e1cter econ\u00f3mico, entre ellas medidas de apoyo a la micro y peque\u00f1a empresa y para el fortalecimiento de la econom\u00eda digital.<\/p>\n\n\n\n<p class=\"wp-block-paragraph\">La sesi\u00f3n se realiz\u00f3 con una nueva escenograf\u00eda en el sal\u00f3n Tesorer\u00eda de Palacio Nacional. La mandataria explic\u00f3 que el cambio fue idea de su equipo y que responde a la intenci\u00f3n de tener &#8220;m\u00e1s cerca&#8221; a los reporteros que cubren la conferencia.<\/p>\n","protected":false},"excerpt":{"rendered":"<p>Ciudad de M\u00e9xico. Dedicado a terminar su segundo libro y alejado de la vida p\u00fablica, el ex presidente Andr\u00e9s Manuel L\u00f3pez Obrador no ha intervenido en ninguna decisi\u00f3n de su gobierno, afirm\u00f3 este mi\u00e9rcoles la presidenta Claudia Sheinbaum Pardo, quien consider\u00f3 &#8220;extremadamente respetuoso&#8221; y descart\u00f3 una pugna entre ambos. &#8220;El presidente Andr\u00e9s Manuel L\u00f3pez Obrador [&hellip;]<\/p>\n","protected":false},"author":4,"featured_media":81369,"comment_status":"closed","ping_status":"open","sticky":false,"template":"","format":"standard","meta":{"footnotes":""},"categories":[2,19],"tags":[],"class_list":["post-81367","post","type-post","status-publish","format-standard","has-post-thumbnail","hentry","category-oaxaca","category-nacional"],"yoast_head":"<!-- This site is optimized with the Yoast SEO plugin v28.1 - https:\/\/yoast.com\/product\/yoast-seo-wordpress\/ -->\n<title>Sheinbaum descarta intervenci\u00f3n de AMLO en su gobierno; \u201cest\u00e1 alejado de la vida p\u00fablica y escribe su segundo libro\u201d - LA BRAVA RADIO<\/title>\n<meta name=\"robots\" content=\"index, follow, max-snippet:-1, max-image-preview:large, max-video-preview:-1\" \/>\n<link rel=\"canonical\" href=\"https:\/\/www.bbmnoticias.com\/sheinbaum-descarta-intervencion-de-amlo-en-su-gobierno-esta-alejado-de-la-vida-publica-y-escribe-su-segundo-libro\/\" \/>\n<meta property=\"og:locale\" content=\"es_MX\" \/>\n<meta property=\"og:type\" content=\"article\" \/>\n<meta property=\"og:title\" content=\"Sheinbaum descarta intervenci\u00f3n de AMLO en su gobierno; \u201cest\u00e1 alejado de la vida p\u00fablica y escribe su segundo libro\u201d - LA BRAVA RADIO\" \/>\n<meta property=\"og:description\" content=\"Ciudad de M\u00e9xico. Dedicado a terminar su segundo libro y alejado de la vida p\u00fablica, el ex presidente Andr\u00e9s Manuel L\u00f3pez Obrador no ha intervenido en ninguna decisi\u00f3n de su gobierno, afirm\u00f3 este mi\u00e9rcoles la presidenta Claudia Sheinbaum Pardo, quien consider\u00f3 &#8220;extremadamente respetuoso&#8221; y descart\u00f3 una pugna entre ambos. &#8220;El presidente Andr\u00e9s Manuel L\u00f3pez Obrador [&hellip;]\" \/>\n<meta property=\"og:url\" content=\"https:\/\/www.bbmnoticias.com\/sheinbaum-descarta-intervencion-de-amlo-en-su-gobierno-esta-alejado-de-la-vida-publica-y-escribe-su-segundo-libro\/\" \/>\n<meta property=\"og:site_name\" content=\"LA BRAVA RADIO\" \/>\n<meta property=\"article:published_time\" content=\"2026-09-02T16:25:15+00:00\" \/>\n<meta property=\"article:modified_time\" content=\"2026-09-02T16:25:21+00:00\" \/>\n<meta property=\"og:image\" content=\"https:\/\/www.bbmnoticias.com\/labravaradiofm\/wp-content\/uploads\/sites\/5\/2026\/09\/sheinbaum-descarta-intervencion-de-amlo-en-su-gobierno-esta-alejado-de-la-vida-publica-y-escribe-su-segundo-libro.webp\" \/>\n\t<meta property=\"og:image:width\" content=\"1200\" \/>\n\t<meta property=\"og:image:height\" content=\"854\" \/>\n\t<meta property=\"og:image:type\" content=\"image\/webp\" \/>\n<meta name=\"author\" content=\"Agencias\" \/>\n<meta name=\"twitter:card\" content=\"summary_large_image\" \/>\n<meta name=\"twitter:label1\" content=\"Escrito por\" \/>\n\t<meta name=\"twitter:data1\" content=\"Agencias\" \/>\n\t<meta name=\"twitter:label2\" content=\"Tiempo de lectura\" \/>\n\t<meta name=\"twitter:data2\" content=\"3 minutos\" \/>\n<script type=\"application\/ld+json\" class=\"yoast-schema-graph\">{\"@context\":\"https:\\\/\\\/schema.org\",\"@graph\":[{\"@type\":\"Article\",\"@id\":\"https:\\\/\\\/www.bbmnoticias.com\\\/sheinbaum-descarta-intervencion-de-amlo-en-su-gobierno-esta-alejado-de-la-vida-publica-y-escribe-su-segundo-libro\\\/#article\",\"isPartOf\":{\"@id\":\"https:\\\/\\\/www.bbmnoticias.com\\\/labravaradiofm\\\/2026\\\/09\\\/02\\\/sheinbaum-descarta-intervencion-de-amlo-en-su-gobierno-esta-alejado-de-la-vida-publica-y-escribe-su-segundo-libro\\\/\"},\"author\":{\"name\":\"Agencias\",\"@id\":\"https:\\\/\\\/www.bbmnoticias.com\\\/labravaradiofm\\\/#\\\/schema\\\/person\\\/9fbc5ce7940cac56d0ea1e2b03b6d30c\"},\"headline\":\"Sheinbaum descarta intervenci\u00f3n de AMLO en su gobierno; \u201cest\u00e1 alejado de la vida p\u00fablica y escribe su segundo libro\u201d\",\"datePublished\":\"2026-09-02T16:25:15+00:00\",\"dateModified\":\"2026-09-02T16:25:21+00:00\",\"mainEntityOfPage\":{\"@id\":\"https:\\\/\\\/www.bbmnoticias.com\\\/labravaradiofm\\\/2026\\\/09\\\/02\\\/sheinbaum-descarta-intervencion-de-amlo-en-su-gobierno-esta-alejado-de-la-vida-publica-y-escribe-su-segundo-libro\\\/\"},\"wordCount\":582,\"image\":{\"@id\":\"https:\\\/\\\/www.bbmnoticias.com\\\/sheinbaum-descarta-intervencion-de-amlo-en-su-gobierno-esta-alejado-de-la-vida-publica-y-escribe-su-segundo-libro\\\/#primaryimage\"},\"thumbnailUrl\":\"https:\\\/\\\/www.bbmnoticias.com\\\/labravaradiofm\\\/wp-content\\\/uploads\\\/sites\\\/5\\\/2026\\\/09\\\/sheinbaum-descarta-intervencion-de-amlo-en-su-gobierno-esta-alejado-de-la-vida-publica-y-escribe-su-segundo-libro.webp\",\"articleSection\":[\"LOCAL\",\"NACIONAL\"],\"inLanguage\":\"es\"},{\"@type\":\"WebPage\",\"@id\":\"https:\\\/\\\/www.bbmnoticias.com\\\/labravaradiofm\\\/2026\\\/09\\\/02\\\/sheinbaum-descarta-intervencion-de-amlo-en-su-gobierno-esta-alejado-de-la-vida-publica-y-escribe-su-segundo-libro\\\/\",\"url\":\"https:\\\/\\\/www.bbmnoticias.com\\\/sheinbaum-descarta-intervencion-de-amlo-en-su-gobierno-esta-alejado-de-la-vida-publica-y-escribe-su-segundo-libro\\\/\",\"name\":\"Sheinbaum descarta intervenci\u00f3n de AMLO en su gobierno; \u201cest\u00e1 alejado de la vida p\u00fablica y escribe su segundo libro\u201d - LA BRAVA RADIO\",\"isPartOf\":{\"@id\":\"https:\\\/\\\/www.bbmnoticias.com\\\/labravaradiofm\\\/#website\"},\"primaryImageOfPage\":{\"@id\":\"https:\\\/\\\/www.bbmnoticias.com\\\/sheinbaum-descarta-intervencion-de-amlo-en-su-gobierno-esta-alejado-de-la-vida-publica-y-escribe-su-segundo-libro\\\/#primaryimage\"},\"image\":{\"@id\":\"https:\\\/\\\/www.bbmnoticias.com\\\/sheinbaum-descarta-intervencion-de-amlo-en-su-gobierno-esta-alejado-de-la-vida-publica-y-escribe-su-segundo-libro\\\/#primaryimage\"},\"thumbnailUrl\":\"https:\\\/\\\/www.bbmnoticias.com\\\/labravaradiofm\\\/wp-content\\\/uploads\\\/sites\\\/5\\\/2026\\\/09\\\/sheinbaum-descarta-intervencion-de-amlo-en-su-gobierno-esta-alejado-de-la-vida-publica-y-escribe-su-segundo-libro.webp\",\"datePublished\":\"2026-09-02T16:25:15+00:00\",\"dateModified\":\"2026-09-02T16:25:21+00:00\",\"author\":{\"@id\":\"https:\\\/\\\/www.bbmnoticias.com\\\/labravaradiofm\\\/#\\\/schema\\\/person\\\/9fbc5ce7940cac56d0ea1e2b03b6d30c\"},\"breadcrumb\":{\"@id\":\"https:\\\/\\\/www.bbmnoticias.com\\\/sheinbaum-descarta-intervencion-de-amlo-en-su-gobierno-esta-alejado-de-la-vida-publica-y-escribe-su-segundo-libro\\\/#breadcrumb\"},\"inLanguage\":\"es\",\"potentialAction\":[{\"@type\":\"ReadAction\",\"target\":[\"https:\\\/\\\/www.bbmnoticias.com\\\/sheinbaum-descarta-intervencion-de-amlo-en-su-gobierno-esta-alejado-de-la-vida-publica-y-escribe-su-segundo-libro\\\/\"]}]},{\"@type\":\"ImageObject\",\"inLanguage\":\"es\",\"@id\":\"https:\\\/\\\/www.bbmnoticias.com\\\/sheinbaum-descarta-intervencion-de-amlo-en-su-gobierno-esta-alejado-de-la-vida-publica-y-escribe-su-segundo-libro\\\/#primaryimage\",\"url\":\"https:\\\/\\\/www.bbmnoticias.com\\\/labravaradiofm\\\/wp-content\\\/uploads\\\/sites\\\/5\\\/2026\\\/09\\\/sheinbaum-descarta-intervencion-de-amlo-en-su-gobierno-esta-alejado-de-la-vida-publica-y-escribe-su-segundo-libro.webp\",\"contentUrl\":\"https:\\\/\\\/www.bbmnoticias.com\\\/labravaradiofm\\\/wp-content\\\/uploads\\\/sites\\\/5\\\/2026\\\/09\\\/sheinbaum-descarta-intervencion-de-amlo-en-su-gobierno-esta-alejado-de-la-vida-publica-y-escribe-su-segundo-libro.webp\",\"width\":1200,\"height\":854},{\"@type\":\"BreadcrumbList\",\"@id\":\"https:\\\/\\\/www.bbmnoticias.com\\\/sheinbaum-descarta-intervencion-de-amlo-en-su-gobierno-esta-alejado-de-la-vida-publica-y-escribe-su-segundo-libro\\\/#breadcrumb\",\"itemListElement\":[{\"@type\":\"ListItem\",\"position\":1,\"name\":\"Inicio\",\"item\":\"https:\\\/\\\/www.bbmnoticias.com\\\/labravaradiofm\\\/\"},{\"@type\":\"ListItem\",\"position\":2,\"name\":\"Sheinbaum descarta intervenci\u00f3n de AMLO en su gobierno; \u201cest\u00e1 alejado de la vida p\u00fablica y escribe su segundo libro\u201d\"}]},{\"@type\":\"WebSite\",\"@id\":\"https:\\\/\\\/www.bbmnoticias.com\\\/labravaradiofm\\\/#website\",\"url\":\"https:\\\/\\\/www.bbmnoticias.com\\\/labravaradiofm\\\/\",\"name\":\"LA BRAVA RADIO\",\"description\":\"Empresa productora de medios, Radiodifusi\u00f3n, Noticias, tendencias y todo lo que necesitas saber de la pol\u00edtica mexicana e internacional; entretenimiento, espect\u00e1culos, salud y mucho m\u00e1s.\",\"potentialAction\":[{\"@type\":\"SearchAction\",\"target\":{\"@type\":\"EntryPoint\",\"urlTemplate\":\"https:\\\/\\\/www.bbmnoticias.com\\\/labravaradiofm\\\/?s={search_term_string}\"},\"query-input\":{\"@type\":\"PropertyValueSpecification\",\"valueRequired\":true,\"valueName\":\"search_term_string\"}}],\"inLanguage\":\"es\"},{\"@type\":\"Person\",\"@id\":\"https:\\\/\\\/www.bbmnoticias.com\\\/labravaradiofm\\\/#\\\/schema\\\/person\\\/9fbc5ce7940cac56d0ea1e2b03b6d30c\",\"name\":\"Agencias\",\"image\":{\"@type\":\"ImageObject\",\"inLanguage\":\"es\",\"@id\":\"https:\\\/\\\/secure.gravatar.com\\\/avatar\\\/739e0b61adf9e398b425c36718c8752286da0e8cd90f20ce9a86678abc26aa0d?s=96&d=mm&r=g\",\"url\":\"https:\\\/\\\/secure.gravatar.com\\\/avatar\\\/739e0b61adf9e398b425c36718c8752286da0e8cd90f20ce9a86678abc26aa0d?s=96&d=mm&r=g\",\"contentUrl\":\"https:\\\/\\\/secure.gravatar.com\\\/avatar\\\/739e0b61adf9e398b425c36718c8752286da0e8cd90f20ce9a86678abc26aa0d?s=96&d=mm&r=g\",\"caption\":\"Agencias\"},\"url\":\"https:\\\/\\\/www.bbmnoticias.com\\\/labravaradiofm\\\/author\\\/agencias\\\/\"}]}<\/script>\n<!-- \/ Yoast SEO plugin. -->","yoast_head_json":{"title":"Sheinbaum descarta intervenci\u00f3n de AMLO en su gobierno; \u201cest\u00e1 alejado de la vida p\u00fablica y escribe su segundo libro\u201d - LA BRAVA RADIO","robots":{"index":"index","follow":"follow","max-snippet":"max-snippet:-1","max-image-preview":"max-image-preview:large","max-video-preview":"max-video-preview:-1"},"canonical":"https:\/\/www.bbmnoticias.com\/sheinbaum-descarta-intervencion-de-amlo-en-su-gobierno-esta-alejado-de-la-vida-publica-y-escribe-su-segundo-libro\/","og_locale":"es_MX","og_type":"article","og_title":"Sheinbaum descarta intervenci\u00f3n de AMLO en su gobierno; \u201cest\u00e1 alejado de la vida p\u00fablica y escribe su segundo libro\u201d - LA BRAVA RADIO","og_description":"Ciudad de M\u00e9xico. Dedicado a terminar su segundo libro y alejado de la vida p\u00fablica, el ex presidente Andr\u00e9s Manuel L\u00f3pez Obrador no ha intervenido en ninguna decisi\u00f3n de su gobierno, afirm\u00f3 este mi\u00e9rcoles la presidenta Claudia Sheinbaum Pardo, quien consider\u00f3 &#8220;extremadamente respetuoso&#8221; y descart\u00f3 una pugna entre ambos. &#8220;El presidente Andr\u00e9s Manuel L\u00f3pez Obrador [&hellip;]","og_url":"https:\/\/www.bbmnoticias.com\/sheinbaum-descarta-intervencion-de-amlo-en-su-gobierno-esta-alejado-de-la-vida-publica-y-escribe-su-segundo-libro\/","og_site_name":"LA BRAVA RADIO","article_published_time":"2026-09-02T16:25:15+00:00","article_modified_time":"2026-09-02T16:25:21+00:00","og_image":[{"width":1200,"height":854,"url":"https:\/\/www.bbmnoticias.com\/labravaradiofm\/wp-content\/uploads\/sites\/5\/2026\/09\/sheinbaum-descarta-intervencion-de-amlo-en-su-gobierno-esta-alejado-de-la-vida-publica-y-escribe-su-segundo-libro.webp","type":"image\/webp"}],"author":"Agencias","twitter_card":"summary_large_image","twitter_misc":{"Escrito por":"Agencias","Tiempo de lectura":"3 minutos"},"schema":{"@context":"https:\/\/schema.org","@graph":[{"@type":"Article","@id":"https:\/\/www.bbmnoticias.com\/sheinbaum-descarta-intervencion-de-amlo-en-su-gobierno-esta-alejado-de-la-vida-publica-y-escribe-su-segundo-libro\/#article","isPartOf":{"@id":"https:\/\/www.bbmnoticias.com\/labravaradiofm\/2026\/09\/02\/sheinbaum-descarta-intervencion-de-amlo-en-su-gobierno-esta-alejado-de-la-vida-publica-y-escribe-su-segundo-libro\/"},"author":{"name":"Agencias","@id":"https:\/\/www.bbmnoticias.com\/labravaradiofm\/#\/schema\/person\/9fbc5ce7940cac56d0ea1e2b03b6d30c"},"headline":"Sheinbaum descarta intervenci\u00f3n de AMLO en su gobierno; \u201cest\u00e1 alejado de la vida p\u00fablica y escribe su segundo libro\u201d","datePublished":"2026-09-02T16:25:15+00:00","dateModified":"2026-09-02T16:25:21+00:00","mainEntityOfPage":{"@id":"https:\/\/www.bbmnoticias.com\/labravaradiofm\/2026\/09\/02\/sheinbaum-descarta-intervencion-de-amlo-en-su-gobierno-esta-alejado-de-la-vida-publica-y-escribe-su-segundo-libro\/"},"wordCount":582,"image":{"@id":"https:\/\/www.bbmnoticias.com\/sheinbaum-descarta-intervencion-de-amlo-en-su-gobierno-esta-alejado-de-la-vida-publica-y-escribe-su-segundo-libro\/#primaryimage"},"thumbnailUrl":"https:\/\/www.bbmnoticias.com\/labravaradiofm\/wp-content\/uploads\/sites\/5\/2026\/09\/sheinbaum-descarta-intervencion-de-amlo-en-su-gobierno-esta-alejado-de-la-vida-publica-y-escribe-su-segundo-libro.webp","articleSection":["LOCAL","NACIONAL"],"inLanguage":"es"},{"@type":"WebPage","@id":"https:\/\/www.bbmnoticias.com\/labravaradiofm\/2026\/09\/02\/sheinbaum-descarta-intervencion-de-amlo-en-su-gobierno-esta-alejado-de-la-vida-publica-y-escribe-su-segundo-libro\/","url":"https:\/\/www.bbmnoticias.com\/sheinbaum-descarta-intervencion-de-amlo-en-su-gobierno-esta-alejado-de-la-vida-publica-y-escribe-su-segundo-libro\/","name":"Sheinbaum descarta intervenci\u00f3n de AMLO en su gobierno; \u201cest\u00e1 alejado de la vida p\u00fablica y escribe su segundo libro\u201d - LA BRAVA RADIO","isPartOf":{"@id":"https:\/\/www.bbmnoticias.com\/labravaradiofm\/#website"},"primaryImageOfPage":{"@id":"https:\/\/www.bbmnoticias.com\/sheinbaum-descarta-intervencion-de-amlo-en-su-gobierno-esta-alejado-de-la-vida-publica-y-escribe-su-segundo-libro\/#primaryimage"},"image":{"@id":"https:\/\/www.bbmnoticias.com\/sheinbaum-descarta-intervencion-de-amlo-en-su-gobierno-esta-alejado-de-la-vida-publica-y-escribe-su-segundo-libro\/#primaryimage"},"thumbnailUrl":"https:\/\/www.bbmnoticias.com\/labravaradiofm\/wp-content\/uploads\/sites\/5\/2026\/09\/sheinbaum-descarta-intervencion-de-amlo-en-su-gobierno-esta-alejado-de-la-vida-publica-y-escribe-su-segundo-libro.webp","datePublished":"2026-09-02T16:25:15+00:00","dateModified":"2026-09-02T16:25:21+00:00","author":{"@id":"https:\/\/www.bbmnoticias.com\/labravaradiofm\/#\/schema\/person\/9fbc5ce7940cac56d0ea1e2b03b6d30c"},"breadcrumb":{"@id":"https:\/\/www.bbmnoticias.com\/sheinbaum-descarta-intervencion-de-amlo-en-su-gobierno-esta-alejado-de-la-vida-publica-y-escribe-su-segundo-libro\/#breadcrumb"},"inLanguage":"es","potentialAction":[{"@type":"ReadAction","target":["https:\/\/www.bbmnoticias.com\/sheinbaum-descarta-intervencion-de-amlo-en-su-gobierno-esta-alejado-de-la-vida-publica-y-escribe-su-segundo-libro\/"]}]},{"@type":"ImageObject","inLanguage":"es","@id":"https:\/\/www.bbmnoticias.com\/sheinbaum-descarta-intervencion-de-amlo-en-su-gobierno-esta-alejado-de-la-vida-publica-y-escribe-su-segundo-libro\/#primaryimage","url":"https:\/\/www.bbmnoticias.com\/labravaradiofm\/wp-content\/uploads\/sites\/5\/2026\/09\/sheinbaum-descarta-intervencion-de-amlo-en-su-gobierno-esta-alejado-de-la-vida-publica-y-escribe-su-segundo-libro.webp","contentUrl":"https:\/\/www.bbmnoticias.com\/labravaradiofm\/wp-content\/uploads\/sites\/5\/2026\/09\/sheinbaum-descarta-intervencion-de-amlo-en-su-gobierno-esta-alejado-de-la-vida-publica-y-escribe-su-segundo-libro.webp","width":1200,"height":854},{"@type":"BreadcrumbList","@id":"https:\/\/www.bbmnoticias.com\/sheinbaum-descarta-intervencion-de-amlo-en-su-gobierno-esta-alejado-de-la-vida-publica-y-escribe-su-segundo-libro\/#breadcrumb","itemListElement":[{"@type":"ListItem","position":1,"name":"Inicio","item":"https:\/\/www.bbmnoticias.com\/labravaradiofm\/"},{"@type":"ListItem","position":2,"name":"Sheinbaum descarta intervenci\u00f3n de AMLO en su gobierno; \u201cest\u00e1 alejado de la vida p\u00fablica y escribe su segundo libro\u201d"}]},{"@type":"WebSite","@id":"https:\/\/www.bbmnoticias.com\/labravaradiofm\/#website","url":"https:\/\/www.bbmnoticias.com\/labravaradiofm\/","name":"LA BRAVA RADIO","description":"Empresa productora de medios, Radiodifusi\u00f3n, Noticias, tendencias y todo lo que necesitas saber de la pol\u00edtica mexicana e internacional; entretenimiento, espect\u00e1culos, salud y mucho m\u00e1s.","potentialAction":[{"@type":"SearchAction","target":{"@type":"EntryPoint","urlTemplate":"https:\/\/www.bbmnoticias.com\/labravaradiofm\/?s={search_term_string}"},"query-input":{"@type":"PropertyValueSpecification","valueRequired":true,"valueName":"search_term_string"}}],"inLanguage":"es"},{"@type":"Person","@id":"https:\/\/www.bbmnoticias.com\/labravaradiofm\/#\/schema\/person\/9fbc5ce7940cac56d0ea1e2b03b6d30c","name":"Agencias","image":{"@type":"ImageObject","inLanguage":"es","@id":"https:\/\/secure.gravatar.com\/avatar\/739e0b61adf9e398b425c36718c8752286da0e8cd90f20ce9a86678abc26aa0d?s=96&d=mm&r=g","url":"https:\/\/secure.gravatar.com\/avatar\/739e0b61adf9e398b425c36718c8752286da0e8cd90f20ce9a86678abc26aa0d?s=96&d=mm&r=g","contentUrl":"https:\/\/secure.gravatar.com\/avatar\/739e0b61adf9e398b425c36718c8752286da0e8cd90f20ce9a86678abc26aa0d?s=96&d=mm&r=g","caption":"Agencias"},"url":"https:\/\/www.bbmnoticias.com\/labravaradiofm\/author\/agencias\/"}]}},"_links":{"self":[{"href":"https:\/\/www.bbmnoticias.com\/labravaradiofm\/wp-json\/wp\/v2\/posts\/81367","targetHints":{"allow":["GET"]}}],"collection":[{"href":"https:\/\/www.bbmnoticias.com\/labravaradiofm\/wp-json\/wp\/v2\/posts"}],"about":[{"href":"https:\/\/www.bbmnoticias.com\/labravaradiofm\/wp-json\/wp\/v2\/types\/post"}],"author":[{"embeddable":true,"href":"https:\/\/www.bbmnoticias.com\/labravaradiofm\/wp-json\/wp\/v2\/users\/4"}],"replies":[{"embeddable":true,"href":"https:\/\/www.bbmnoticias.com\/labravaradiofm\/wp-json\/wp\/v2\/comments?post=81367"}],"version-history":[{"count":1,"href":"https:\/\/www.bbmnoticias.com\/labravaradiofm\/wp-json\/wp\/v2\/posts\/81367\/revisions"}],"predecessor-version":[{"id":81368,"href":"https:\/\/www.bbmnoticias.com\/labravaradiofm\/wp-json\/wp\/v2\/posts\/81367\/revisions\/81368"}],"wp:featuredmedia":[{"embeddable":true,"href":"https:\/\/www.bbmnoticias.com\/labravaradiofm\/wp-json\/wp\/v2\/media\/81369"}],"wp:attachment":[{"href":"https:\/\/www.bbmnoticias.com\/labravaradiofm\/wp-json\/wp\/v2\/media?parent=81367"}],"wp:term":[{"taxonomy":"category","embeddable":true,"href":"https:\/\/www.bbmnoticias.com\/labravaradiofm\/wp-json\/wp\/v2\/categories?post=81367"},{"taxonomy":"post_tag","embeddable":true,"href":"https:\/\/www.bbmnoticias.com\/labravaradiofm\/wp-json\/wp\/v2\/tags?post=81367"}],"curies":[{"name":"wp","href":"https:\/\/api.w.org\/{rel}","templated":true}]}}