{"id":81361,"date":"2026-09-02T08:46:47","date_gmt":"2026-09-02T14:46:47","guid":{"rendered":"https:\/\/www.bbmnoticias.com\/labravaradiofm\/2026\/09\/02\/fgeo-aprehende-a-hombre-senalado-por-extorsion-relacionada-con-bloqueo-a-parques-eolicos-en-el-istmo\/"},"modified":"2026-09-02T08:46:49","modified_gmt":"2026-09-02T14:46:49","slug":"fgeo-aprehende-a-hombre-senalado-por-extorsion-relacionada-con-bloqueo-a-parques-eolicos-en-el-istmo","status":"publish","type":"post","link":"https:\/\/www.bbmnoticias.com\/labravaradiofm\/2026\/09\/02\/fgeo-aprehende-a-hombre-senalado-por-extorsion-relacionada-con-bloqueo-a-parques-eolicos-en-el-istmo\/","title":{"rendered":"FGEO aprehende a hombre se\u00f1alado por extorsi\u00f3n relacionada con bloqueo a parques e\u00f3licos en el Istmo"},"content":{"rendered":"\n<p class=\"wp-block-paragraph\"><strong>Oaxaca de Ju\u00e1rez, Oax., 2 de septiembre de 2026.-<\/strong> La Fiscal\u00eda General del Estado de Oaxaca (FGEO) inform\u00f3 sobre la detenci\u00f3n de un hombre identificado como <strong>T.J.D.C.<\/strong>, se\u00f1alado como probable responsable del delito de extorsi\u00f3n en agravio de la empresa <strong>Eoaliatec del Pac\u00edfico S.A.P.I. de C.V.<\/strong>, representada por R.C.L. y A.G.C.<\/p>\n\n\n\n<p class=\"wp-block-paragraph\">De acuerdo con los antecedentes de la investigaci\u00f3n, los hechos se remontan al <strong>21 de febrero de 2017<\/strong>, cuando una de las representantes de la empresa habr\u00eda recibido una llamada telef\u00f3nica del apoderado legal, quien le inform\u00f3 sobre la necesidad de participar en una reuni\u00f3n con ejidatarios de <strong>Santo Domingo Ingenio<\/strong>, derivada de un bloqueo que se manten\u00eda en los accesos a parques e\u00f3licos de la zona.<\/p>\n\n\n\n<p class=\"wp-block-paragraph\">La reuni\u00f3n se realiz\u00f3 el <strong>22 de febrero de 2017<\/strong>. Seg\u00fan la investigaci\u00f3n ministerial, durante el encuentro una persona habr\u00eda exigido un pago de <strong>30 mil pesos por cada ejidatario<\/strong> a cambio de permitir la apertura de los accesos.<\/p>\n\n\n\n<p class=\"wp-block-paragraph\">La cantidad total se\u00f1alada en la investigaci\u00f3n ascend\u00eda a <strong>6 millones 420 mil pesos<\/strong>, recurso que presuntamente deb\u00eda entregarse para permitir el ingreso a los parques e\u00f3licos ubicados en la zona de Santo Domingo Ingenio.<\/p>\n\n\n\n<p class=\"wp-block-paragraph\">Tras la denuncia, la Fiscal\u00eda de Oaxaca, a trav\u00e9s de la <strong>Vicefiscal\u00eda Regional del Istmo<\/strong>, llev\u00f3 a cabo diversos actos de investigaci\u00f3n que permitieron integrar la carpeta correspondiente y obtener posteriormente una orden de aprehensi\u00f3n.<\/p>\n\n\n\n<p class=\"wp-block-paragraph\">Como resultado de las investigaciones, elementos de la <strong>Agencia Estatal de Investigaciones (AEI)<\/strong> lograron establecer la ubicaci\u00f3n del probable responsable y cumplimentaron el mandato judicial en su contra.<\/p>\n\n\n\n<p class=\"wp-block-paragraph\">La Fiscal\u00eda inform\u00f3 que el detenido fue notificado sobre el motivo de su aprehensi\u00f3n y los derechos que le asisten como persona detenida, para posteriormente ser puesto a disposici\u00f3n de la autoridad correspondiente, que determinar\u00e1 su situaci\u00f3n jur\u00eddica conforme al proceso penal.<\/p>\n\n\n\n<p class=\"wp-block-paragraph\">La persona detenida es considerada <strong>probable responsable<\/strong> de los hechos y ser\u00e1 la autoridad judicial la que determine, conforme a derecho, su responsabilidad penal.<\/p>\n\n\n\n<p class=\"wp-block-paragraph\"><\/p>\n","protected":false},"excerpt":{"rendered":"<p>Oaxaca de Ju\u00e1rez, Oax., 2 de septiembre de 2026.- La Fiscal\u00eda General del Estado de Oaxaca (FGEO) inform\u00f3 sobre la detenci\u00f3n de un hombre identificado como T.J.D.C., se\u00f1alado como probable responsable del delito de extorsi\u00f3n en agravio de la empresa Eoaliatec del Pac\u00edfico S.A.P.I. de C.V., representada por R.C.L. y A.G.C. De acuerdo con los [&hellip;]<\/p>\n","protected":false},"author":2,"featured_media":81363,"comment_status":"closed","ping_status":"open","sticky":false,"template":"","format":"standard","meta":{"footnotes":""},"categories":[2,20],"tags":[],"class_list":["post-81361","post","type-post","status-publish","format-standard","has-post-thumbnail","hentry","category-oaxaca","category-policiaca"],"yoast_head":"<!-- This site is optimized with the Yoast SEO plugin v28.1 - https:\/\/yoast.com\/product\/yoast-seo-wordpress\/ -->\n<title>FGEO aprehende a hombre se\u00f1alado por extorsi\u00f3n relacionada con bloqueo a parques e\u00f3licos en el Istmo - LA BRAVA RADIO<\/title>\n<meta name=\"robots\" content=\"index, follow, max-snippet:-1, max-image-preview:large, max-video-preview:-1\" \/>\n<link rel=\"canonical\" href=\"https:\/\/www.bbmnoticias.com\/fgeo-aprehende-a-hombre-senalado-por-extorsion-relacionada-con-bloqueo-a-parques-eolicos-en-el-istmo\/\" \/>\n<meta property=\"og:locale\" content=\"es_MX\" \/>\n<meta property=\"og:type\" content=\"article\" \/>\n<meta property=\"og:title\" content=\"FGEO aprehende a hombre se\u00f1alado por extorsi\u00f3n relacionada con bloqueo a parques e\u00f3licos en el Istmo - LA BRAVA RADIO\" \/>\n<meta property=\"og:description\" content=\"Oaxaca de Ju\u00e1rez, Oax., 2 de septiembre de 2026.- La Fiscal\u00eda General del Estado de Oaxaca (FGEO) inform\u00f3 sobre la detenci\u00f3n de un hombre identificado como T.J.D.C., se\u00f1alado como probable responsable del delito de extorsi\u00f3n en agravio de la empresa Eoaliatec del Pac\u00edfico S.A.P.I. de C.V., representada por R.C.L. y A.G.C. De acuerdo con los [&hellip;]\" \/>\n<meta property=\"og:url\" content=\"https:\/\/www.bbmnoticias.com\/fgeo-aprehende-a-hombre-senalado-por-extorsion-relacionada-con-bloqueo-a-parques-eolicos-en-el-istmo\/\" \/>\n<meta property=\"og:site_name\" content=\"LA BRAVA RADIO\" \/>\n<meta property=\"article:published_time\" content=\"2026-09-02T14:46:47+00:00\" \/>\n<meta property=\"article:modified_time\" content=\"2026-09-02T14:46:49+00:00\" \/>\n<meta property=\"og:image\" content=\"https:\/\/www.bbmnoticias.com\/labravaradiofm\/wp-content\/uploads\/sites\/5\/2026\/09\/detenido_por-_extorsion.jpg\" \/>\n\t<meta property=\"og:image:width\" content=\"800\" \/>\n\t<meta property=\"og:image:height\" content=\"500\" \/>\n\t<meta property=\"og:image:type\" content=\"image\/jpeg\" \/>\n<meta name=\"author\" content=\"Staff\" \/>\n<meta name=\"twitter:card\" content=\"summary_large_image\" \/>\n<meta name=\"twitter:label1\" content=\"Escrito por\" \/>\n\t<meta name=\"twitter:data1\" content=\"Staff\" \/>\n\t<meta name=\"twitter:label2\" content=\"Tiempo de lectura\" \/>\n\t<meta name=\"twitter:data2\" content=\"2 minutos\" \/>\n<script type=\"application\/ld+json\" class=\"yoast-schema-graph\">{\"@context\":\"https:\\\/\\\/schema.org\",\"@graph\":[{\"@type\":\"Article\",\"@id\":\"https:\\\/\\\/www.bbmnoticias.com\\\/fgeo-aprehende-a-hombre-senalado-por-extorsion-relacionada-con-bloqueo-a-parques-eolicos-en-el-istmo\\\/#article\",\"isPartOf\":{\"@id\":\"https:\\\/\\\/www.bbmnoticias.com\\\/labravaradiofm\\\/2026\\\/09\\\/02\\\/fgeo-aprehende-a-hombre-senalado-por-extorsion-relacionada-con-bloqueo-a-parques-eolicos-en-el-istmo\\\/\"},\"author\":{\"name\":\"Staff\",\"@id\":\"https:\\\/\\\/www.bbmnoticias.com\\\/labravaradiofm\\\/#\\\/schema\\\/person\\\/9eb037257fc48a09cdf31d9a2f45619f\"},\"headline\":\"FGEO aprehende a hombre se\u00f1alado por extorsi\u00f3n relacionada con bloqueo a parques e\u00f3licos en el Istmo\",\"datePublished\":\"2026-09-02T14:46:47+00:00\",\"dateModified\":\"2026-09-02T14:46:49+00:00\",\"mainEntityOfPage\":{\"@id\":\"https:\\\/\\\/www.bbmnoticias.com\\\/labravaradiofm\\\/2026\\\/09\\\/02\\\/fgeo-aprehende-a-hombre-senalado-por-extorsion-relacionada-con-bloqueo-a-parques-eolicos-en-el-istmo\\\/\"},\"wordCount\":375,\"image\":{\"@id\":\"https:\\\/\\\/www.bbmnoticias.com\\\/fgeo-aprehende-a-hombre-senalado-por-extorsion-relacionada-con-bloqueo-a-parques-eolicos-en-el-istmo\\\/#primaryimage\"},\"thumbnailUrl\":\"https:\\\/\\\/www.bbmnoticias.com\\\/labravaradiofm\\\/wp-content\\\/uploads\\\/sites\\\/5\\\/2026\\\/09\\\/detenido_por-_extorsion.jpg\",\"articleSection\":[\"LOCAL\",\"POLICIACA\"],\"inLanguage\":\"es\"},{\"@type\":\"WebPage\",\"@id\":\"https:\\\/\\\/www.bbmnoticias.com\\\/labravaradiofm\\\/2026\\\/09\\\/02\\\/fgeo-aprehende-a-hombre-senalado-por-extorsion-relacionada-con-bloqueo-a-parques-eolicos-en-el-istmo\\\/\",\"url\":\"https:\\\/\\\/www.bbmnoticias.com\\\/fgeo-aprehende-a-hombre-senalado-por-extorsion-relacionada-con-bloqueo-a-parques-eolicos-en-el-istmo\\\/\",\"name\":\"FGEO aprehende a hombre se\u00f1alado por extorsi\u00f3n relacionada con bloqueo a parques e\u00f3licos en el Istmo - LA BRAVA RADIO\",\"isPartOf\":{\"@id\":\"https:\\\/\\\/www.bbmnoticias.com\\\/labravaradiofm\\\/#website\"},\"primaryImageOfPage\":{\"@id\":\"https:\\\/\\\/www.bbmnoticias.com\\\/fgeo-aprehende-a-hombre-senalado-por-extorsion-relacionada-con-bloqueo-a-parques-eolicos-en-el-istmo\\\/#primaryimage\"},\"image\":{\"@id\":\"https:\\\/\\\/www.bbmnoticias.com\\\/fgeo-aprehende-a-hombre-senalado-por-extorsion-relacionada-con-bloqueo-a-parques-eolicos-en-el-istmo\\\/#primaryimage\"},\"thumbnailUrl\":\"https:\\\/\\\/www.bbmnoticias.com\\\/labravaradiofm\\\/wp-content\\\/uploads\\\/sites\\\/5\\\/2026\\\/09\\\/detenido_por-_extorsion.jpg\",\"datePublished\":\"2026-09-02T14:46:47+00:00\",\"dateModified\":\"2026-09-02T14:46:49+00:00\",\"author\":{\"@id\":\"https:\\\/\\\/www.bbmnoticias.com\\\/labravaradiofm\\\/#\\\/schema\\\/person\\\/9eb037257fc48a09cdf31d9a2f45619f\"},\"breadcrumb\":{\"@id\":\"https:\\\/\\\/www.bbmnoticias.com\\\/fgeo-aprehende-a-hombre-senalado-por-extorsion-relacionada-con-bloqueo-a-parques-eolicos-en-el-istmo\\\/#breadcrumb\"},\"inLanguage\":\"es\",\"potentialAction\":[{\"@type\":\"ReadAction\",\"target\":[\"https:\\\/\\\/www.bbmnoticias.com\\\/fgeo-aprehende-a-hombre-senalado-por-extorsion-relacionada-con-bloqueo-a-parques-eolicos-en-el-istmo\\\/\"]}]},{\"@type\":\"ImageObject\",\"inLanguage\":\"es\",\"@id\":\"https:\\\/\\\/www.bbmnoticias.com\\\/fgeo-aprehende-a-hombre-senalado-por-extorsion-relacionada-con-bloqueo-a-parques-eolicos-en-el-istmo\\\/#primaryimage\",\"url\":\"https:\\\/\\\/www.bbmnoticias.com\\\/labravaradiofm\\\/wp-content\\\/uploads\\\/sites\\\/5\\\/2026\\\/09\\\/detenido_por-_extorsion.jpg\",\"contentUrl\":\"https:\\\/\\\/www.bbmnoticias.com\\\/labravaradiofm\\\/wp-content\\\/uploads\\\/sites\\\/5\\\/2026\\\/09\\\/detenido_por-_extorsion.jpg\",\"width\":800,\"height\":500},{\"@type\":\"BreadcrumbList\",\"@id\":\"https:\\\/\\\/www.bbmnoticias.com\\\/fgeo-aprehende-a-hombre-senalado-por-extorsion-relacionada-con-bloqueo-a-parques-eolicos-en-el-istmo\\\/#breadcrumb\",\"itemListElement\":[{\"@type\":\"ListItem\",\"position\":1,\"name\":\"Inicio\",\"item\":\"https:\\\/\\\/www.bbmnoticias.com\\\/labravaradiofm\\\/\"},{\"@type\":\"ListItem\",\"position\":2,\"name\":\"FGEO aprehende a hombre se\u00f1alado por extorsi\u00f3n relacionada con bloqueo a parques e\u00f3licos en el Istmo\"}]},{\"@type\":\"WebSite\",\"@id\":\"https:\\\/\\\/www.bbmnoticias.com\\\/labravaradiofm\\\/#website\",\"url\":\"https:\\\/\\\/www.bbmnoticias.com\\\/labravaradiofm\\\/\",\"name\":\"LA BRAVA RADIO\",\"description\":\"Empresa productora de medios, Radiodifusi\u00f3n, Noticias, tendencias y todo lo que necesitas saber de la pol\u00edtica mexicana e internacional; entretenimiento, espect\u00e1culos, salud y mucho m\u00e1s.\",\"potentialAction\":[{\"@type\":\"SearchAction\",\"target\":{\"@type\":\"EntryPoint\",\"urlTemplate\":\"https:\\\/\\\/www.bbmnoticias.com\\\/labravaradiofm\\\/?s={search_term_string}\"},\"query-input\":{\"@type\":\"PropertyValueSpecification\",\"valueRequired\":true,\"valueName\":\"search_term_string\"}}],\"inLanguage\":\"es\"},{\"@type\":\"Person\",\"@id\":\"https:\\\/\\\/www.bbmnoticias.com\\\/labravaradiofm\\\/#\\\/schema\\\/person\\\/9eb037257fc48a09cdf31d9a2f45619f\",\"name\":\"Staff\",\"image\":{\"@type\":\"ImageObject\",\"inLanguage\":\"es\",\"@id\":\"https:\\\/\\\/secure.gravatar.com\\\/avatar\\\/fdd21ad66fd8b98c407f9dee5b5e588cfe7f0d8579ec20fa6527cd59bab7f0f0?s=96&d=mm&r=g\",\"url\":\"https:\\\/\\\/secure.gravatar.com\\\/avatar\\\/fdd21ad66fd8b98c407f9dee5b5e588cfe7f0d8579ec20fa6527cd59bab7f0f0?s=96&d=mm&r=g\",\"contentUrl\":\"https:\\\/\\\/secure.gravatar.com\\\/avatar\\\/fdd21ad66fd8b98c407f9dee5b5e588cfe7f0d8579ec20fa6527cd59bab7f0f0?s=96&d=mm&r=g\",\"caption\":\"Staff\"},\"url\":\"https:\\\/\\\/www.bbmnoticias.com\\\/labravaradiofm\\\/author\\\/redaccion\\\/\"}]}<\/script>\n<!-- \/ Yoast SEO plugin. -->","yoast_head_json":{"title":"FGEO aprehende a hombre se\u00f1alado por extorsi\u00f3n relacionada con bloqueo a parques e\u00f3licos en el Istmo - LA BRAVA RADIO","robots":{"index":"index","follow":"follow","max-snippet":"max-snippet:-1","max-image-preview":"max-image-preview:large","max-video-preview":"max-video-preview:-1"},"canonical":"https:\/\/www.bbmnoticias.com\/fgeo-aprehende-a-hombre-senalado-por-extorsion-relacionada-con-bloqueo-a-parques-eolicos-en-el-istmo\/","og_locale":"es_MX","og_type":"article","og_title":"FGEO aprehende a hombre se\u00f1alado por extorsi\u00f3n relacionada con bloqueo a parques e\u00f3licos en el Istmo - LA BRAVA RADIO","og_description":"Oaxaca de Ju\u00e1rez, Oax., 2 de septiembre de 2026.- La Fiscal\u00eda General del Estado de Oaxaca (FGEO) inform\u00f3 sobre la detenci\u00f3n de un hombre identificado como T.J.D.C., se\u00f1alado como probable responsable del delito de extorsi\u00f3n en agravio de la empresa Eoaliatec del Pac\u00edfico S.A.P.I. de C.V., representada por R.C.L. y A.G.C. De acuerdo con los [&hellip;]","og_url":"https:\/\/www.bbmnoticias.com\/fgeo-aprehende-a-hombre-senalado-por-extorsion-relacionada-con-bloqueo-a-parques-eolicos-en-el-istmo\/","og_site_name":"LA BRAVA RADIO","article_published_time":"2026-09-02T14:46:47+00:00","article_modified_time":"2026-09-02T14:46:49+00:00","og_image":[{"width":800,"height":500,"url":"https:\/\/www.bbmnoticias.com\/labravaradiofm\/wp-content\/uploads\/sites\/5\/2026\/09\/detenido_por-_extorsion.jpg","type":"image\/jpeg"}],"author":"Staff","twitter_card":"summary_large_image","twitter_misc":{"Escrito por":"Staff","Tiempo de lectura":"2 minutos"},"schema":{"@context":"https:\/\/schema.org","@graph":[{"@type":"Article","@id":"https:\/\/www.bbmnoticias.com\/fgeo-aprehende-a-hombre-senalado-por-extorsion-relacionada-con-bloqueo-a-parques-eolicos-en-el-istmo\/#article","isPartOf":{"@id":"https:\/\/www.bbmnoticias.com\/labravaradiofm\/2026\/09\/02\/fgeo-aprehende-a-hombre-senalado-por-extorsion-relacionada-con-bloqueo-a-parques-eolicos-en-el-istmo\/"},"author":{"name":"Staff","@id":"https:\/\/www.bbmnoticias.com\/labravaradiofm\/#\/schema\/person\/9eb037257fc48a09cdf31d9a2f45619f"},"headline":"FGEO aprehende a hombre se\u00f1alado por extorsi\u00f3n relacionada con bloqueo a parques e\u00f3licos en el Istmo","datePublished":"2026-09-02T14:46:47+00:00","dateModified":"2026-09-02T14:46:49+00:00","mainEntityOfPage":{"@id":"https:\/\/www.bbmnoticias.com\/labravaradiofm\/2026\/09\/02\/fgeo-aprehende-a-hombre-senalado-por-extorsion-relacionada-con-bloqueo-a-parques-eolicos-en-el-istmo\/"},"wordCount":375,"image":{"@id":"https:\/\/www.bbmnoticias.com\/fgeo-aprehende-a-hombre-senalado-por-extorsion-relacionada-con-bloqueo-a-parques-eolicos-en-el-istmo\/#primaryimage"},"thumbnailUrl":"https:\/\/www.bbmnoticias.com\/labravaradiofm\/wp-content\/uploads\/sites\/5\/2026\/09\/detenido_por-_extorsion.jpg","articleSection":["LOCAL","POLICIACA"],"inLanguage":"es"},{"@type":"WebPage","@id":"https:\/\/www.bbmnoticias.com\/labravaradiofm\/2026\/09\/02\/fgeo-aprehende-a-hombre-senalado-por-extorsion-relacionada-con-bloqueo-a-parques-eolicos-en-el-istmo\/","url":"https:\/\/www.bbmnoticias.com\/fgeo-aprehende-a-hombre-senalado-por-extorsion-relacionada-con-bloqueo-a-parques-eolicos-en-el-istmo\/","name":"FGEO aprehende a hombre se\u00f1alado por extorsi\u00f3n relacionada con bloqueo a parques e\u00f3licos en el Istmo - LA BRAVA RADIO","isPartOf":{"@id":"https:\/\/www.bbmnoticias.com\/labravaradiofm\/#website"},"primaryImageOfPage":{"@id":"https:\/\/www.bbmnoticias.com\/fgeo-aprehende-a-hombre-senalado-por-extorsion-relacionada-con-bloqueo-a-parques-eolicos-en-el-istmo\/#primaryimage"},"image":{"@id":"https:\/\/www.bbmnoticias.com\/fgeo-aprehende-a-hombre-senalado-por-extorsion-relacionada-con-bloqueo-a-parques-eolicos-en-el-istmo\/#primaryimage"},"thumbnailUrl":"https:\/\/www.bbmnoticias.com\/labravaradiofm\/wp-content\/uploads\/sites\/5\/2026\/09\/detenido_por-_extorsion.jpg","datePublished":"2026-09-02T14:46:47+00:00","dateModified":"2026-09-02T14:46:49+00:00","author":{"@id":"https:\/\/www.bbmnoticias.com\/labravaradiofm\/#\/schema\/person\/9eb037257fc48a09cdf31d9a2f45619f"},"breadcrumb":{"@id":"https:\/\/www.bbmnoticias.com\/fgeo-aprehende-a-hombre-senalado-por-extorsion-relacionada-con-bloqueo-a-parques-eolicos-en-el-istmo\/#breadcrumb"},"inLanguage":"es","potentialAction":[{"@type":"ReadAction","target":["https:\/\/www.bbmnoticias.com\/fgeo-aprehende-a-hombre-senalado-por-extorsion-relacionada-con-bloqueo-a-parques-eolicos-en-el-istmo\/"]}]},{"@type":"ImageObject","inLanguage":"es","@id":"https:\/\/www.bbmnoticias.com\/fgeo-aprehende-a-hombre-senalado-por-extorsion-relacionada-con-bloqueo-a-parques-eolicos-en-el-istmo\/#primaryimage","url":"https:\/\/www.bbmnoticias.com\/labravaradiofm\/wp-content\/uploads\/sites\/5\/2026\/09\/detenido_por-_extorsion.jpg","contentUrl":"https:\/\/www.bbmnoticias.com\/labravaradiofm\/wp-content\/uploads\/sites\/5\/2026\/09\/detenido_por-_extorsion.jpg","width":800,"height":500},{"@type":"BreadcrumbList","@id":"https:\/\/www.bbmnoticias.com\/fgeo-aprehende-a-hombre-senalado-por-extorsion-relacionada-con-bloqueo-a-parques-eolicos-en-el-istmo\/#breadcrumb","itemListElement":[{"@type":"ListItem","position":1,"name":"Inicio","item":"https:\/\/www.bbmnoticias.com\/labravaradiofm\/"},{"@type":"ListItem","position":2,"name":"FGEO aprehende a hombre se\u00f1alado por extorsi\u00f3n relacionada con bloqueo a parques e\u00f3licos en el Istmo"}]},{"@type":"WebSite","@id":"https:\/\/www.bbmnoticias.com\/labravaradiofm\/#website","url":"https:\/\/www.bbmnoticias.com\/labravaradiofm\/","name":"LA BRAVA RADIO","description":"Empresa productora de medios, Radiodifusi\u00f3n, Noticias, tendencias y todo lo que necesitas saber de la pol\u00edtica mexicana e internacional; entretenimiento, espect\u00e1culos, salud y mucho m\u00e1s.","potentialAction":[{"@type":"SearchAction","target":{"@type":"EntryPoint","urlTemplate":"https:\/\/www.bbmnoticias.com\/labravaradiofm\/?s={search_term_string}"},"query-input":{"@type":"PropertyValueSpecification","valueRequired":true,"valueName":"search_term_string"}}],"inLanguage":"es"},{"@type":"Person","@id":"https:\/\/www.bbmnoticias.com\/labravaradiofm\/#\/schema\/person\/9eb037257fc48a09cdf31d9a2f45619f","name":"Staff","image":{"@type":"ImageObject","inLanguage":"es","@id":"https:\/\/secure.gravatar.com\/avatar\/fdd21ad66fd8b98c407f9dee5b5e588cfe7f0d8579ec20fa6527cd59bab7f0f0?s=96&d=mm&r=g","url":"https:\/\/secure.gravatar.com\/avatar\/fdd21ad66fd8b98c407f9dee5b5e588cfe7f0d8579ec20fa6527cd59bab7f0f0?s=96&d=mm&r=g","contentUrl":"https:\/\/secure.gravatar.com\/avatar\/fdd21ad66fd8b98c407f9dee5b5e588cfe7f0d8579ec20fa6527cd59bab7f0f0?s=96&d=mm&r=g","caption":"Staff"},"url":"https:\/\/www.bbmnoticias.com\/labravaradiofm\/author\/redaccion\/"}]}},"_links":{"self":[{"href":"https:\/\/www.bbmnoticias.com\/labravaradiofm\/wp-json\/wp\/v2\/posts\/81361","targetHints":{"allow":["GET"]}}],"collection":[{"href":"https:\/\/www.bbmnoticias.com\/labravaradiofm\/wp-json\/wp\/v2\/posts"}],"about":[{"href":"https:\/\/www.bbmnoticias.com\/labravaradiofm\/wp-json\/wp\/v2\/types\/post"}],"author":[{"embeddable":true,"href":"https:\/\/www.bbmnoticias.com\/labravaradiofm\/wp-json\/wp\/v2\/users\/2"}],"replies":[{"embeddable":true,"href":"https:\/\/www.bbmnoticias.com\/labravaradiofm\/wp-json\/wp\/v2\/comments?post=81361"}],"version-history":[{"count":1,"href":"https:\/\/www.bbmnoticias.com\/labravaradiofm\/wp-json\/wp\/v2\/posts\/81361\/revisions"}],"predecessor-version":[{"id":81362,"href":"https:\/\/www.bbmnoticias.com\/labravaradiofm\/wp-json\/wp\/v2\/posts\/81361\/revisions\/81362"}],"wp:featuredmedia":[{"embeddable":true,"href":"https:\/\/www.bbmnoticias.com\/labravaradiofm\/wp-json\/wp\/v2\/media\/81363"}],"wp:attachment":[{"href":"https:\/\/www.bbmnoticias.com\/labravaradiofm\/wp-json\/wp\/v2\/media?parent=81361"}],"wp:term":[{"taxonomy":"category","embeddable":true,"href":"https:\/\/www.bbmnoticias.com\/labravaradiofm\/wp-json\/wp\/v2\/categories?post=81361"},{"taxonomy":"post_tag","embeddable":true,"href":"https:\/\/www.bbmnoticias.com\/labravaradiofm\/wp-json\/wp\/v2\/tags?post=81361"}],"curies":[{"name":"wp","href":"https:\/\/api.w.org\/{rel}","templated":true}]}}