{"id":81358,"date":"2026-09-02T08:57:07","date_gmt":"2026-09-02T14:32:34","guid":{"rendered":"https:\/\/www.bbmnoticias.com\/labravaradiofm\/2026\/09\/02\/jesus-romero-refrenda-respeto-a-la-libertad-de-expresion-y-al-ejercicio-responsable-del-periodismo\/"},"modified":"2026-09-02T08:57:19","modified_gmt":"2026-09-02T14:57:19","slug":"jesus-romero-refrenda-respeto-a-la-libertad-de-expresion-y-al-ejercicio-responsable-del-periodismo","status":"publish","type":"post","link":"https:\/\/www.bbmnoticias.com\/labravaradiofm\/2026\/09\/02\/jesus-romero-refrenda-respeto-a-la-libertad-de-expresion-y-al-ejercicio-responsable-del-periodismo\/","title":{"rendered":"Jes\u00fas Romero refrenda respeto a la libertad de expresi\u00f3n y al ejercicio responsable del periodismo"},"content":{"rendered":"\n<p class=\"wp-block-paragraph\">El secretario de Gobierno de Oaxaca, Jes\u00fas Romero L\u00f3pez, afirm\u00f3 que la libertad de expresi\u00f3n es un derecho que debe ejercerse plenamente y que cualquier periodista tiene derecho a cuestionar, criticar y publicar lo que considere pertinente.<\/p>\n\n\n\n<p class=\"wp-block-paragraph\">Se\u00f1al\u00f3, al mismo tiempo, que el ejercicio de esa libertad debe ir acompa\u00f1ado de responsabilidad, particularmente cuando se realizan se\u00f1alamientos sobre la actuaci\u00f3n de una persona.<\/p>\n\n\n\n<p class=\"wp-block-paragraph\">\u201cUn periodista tiene todo el derecho a cuestionar, criticar y publicar lo que considere pertinente. Lo que corresponde es que los se\u00f1alamientos, cuando los haya, puedan sostenerse y, de ser necesario, investigarse por las v\u00edas correspondientes\u201d, se\u00f1al\u00f3.<\/p>\n\n\n\n<p class=\"wp-block-paragraph\">Romero L\u00f3pez afirm\u00f3 que no busca establecer una confrontaci\u00f3n con el periodista Ernesto Rojas Ayuzo, sino preservar una relaci\u00f3n respetuosa entre el ejercicio period\u00edstico y la funci\u00f3n p\u00fablica, en la que exista libertad para informar y tambi\u00e9n responsabilidad frente a lo que se afirma.<\/p>\n\n\n\n<p class=\"wp-block-paragraph\"><\/p>\n","protected":false},"excerpt":{"rendered":"<p>El secretario de Gobierno de Oaxaca, Jes\u00fas Romero L\u00f3pez, afirm\u00f3 que la libertad de expresi\u00f3n es un derecho que debe ejercerse plenamente y que cualquier periodista tiene derecho a cuestionar, criticar y publicar lo que considere pertinente. Se\u00f1al\u00f3, al mismo tiempo, que el ejercicio de esa libertad debe ir acompa\u00f1ado de responsabilidad, particularmente cuando se [&hellip;]<\/p>\n","protected":false},"author":2,"featured_media":81360,"comment_status":"closed","ping_status":"open","sticky":false,"template":"","format":"standard","meta":{"footnotes":""},"categories":[2],"tags":[],"class_list":["post-81358","post","type-post","status-publish","format-standard","has-post-thumbnail","hentry","category-oaxaca"],"yoast_head":"<!-- This site is optimized with the Yoast SEO plugin v28.1 - https:\/\/yoast.com\/product\/yoast-seo-wordpress\/ -->\n<title>Jes\u00fas Romero refrenda respeto a la libertad de expresi\u00f3n y al ejercicio responsable del periodismo - LA BRAVA RADIO<\/title>\n<meta name=\"robots\" content=\"index, follow, max-snippet:-1, max-image-preview:large, max-video-preview:-1\" \/>\n<link rel=\"canonical\" href=\"https:\/\/www.bbmnoticias.com\/jesus-romero-refrenda-respeto-a-la-libertad-de-expresion-y-al-ejercicio-responsable-del-periodismo\/\" \/>\n<meta property=\"og:locale\" content=\"es_MX\" \/>\n<meta property=\"og:type\" content=\"article\" \/>\n<meta property=\"og:title\" content=\"Jes\u00fas Romero refrenda respeto a la libertad de expresi\u00f3n y al ejercicio responsable del periodismo - LA BRAVA RADIO\" \/>\n<meta property=\"og:description\" content=\"El secretario de Gobierno de Oaxaca, Jes\u00fas Romero L\u00f3pez, afirm\u00f3 que la libertad de expresi\u00f3n es un derecho que debe ejercerse plenamente y que cualquier periodista tiene derecho a cuestionar, criticar y publicar lo que considere pertinente. Se\u00f1al\u00f3, al mismo tiempo, que el ejercicio de esa libertad debe ir acompa\u00f1ado de responsabilidad, particularmente cuando se [&hellip;]\" \/>\n<meta property=\"og:url\" content=\"https:\/\/www.bbmnoticias.com\/jesus-romero-refrenda-respeto-a-la-libertad-de-expresion-y-al-ejercicio-responsable-del-periodismo\/\" \/>\n<meta property=\"og:site_name\" content=\"LA BRAVA RADIO\" \/>\n<meta property=\"article:published_time\" content=\"2026-09-02T14:32:34+00:00\" \/>\n<meta property=\"article:modified_time\" content=\"2026-09-02T14:57:19+00:00\" \/>\n<meta property=\"og:image\" content=\"https:\/\/www.bbmnoticias.com\/labravaradiofm\/wp-content\/uploads\/sites\/5\/2026\/09\/jesus_romero-oaxaca.jpg\" \/>\n\t<meta property=\"og:image:width\" content=\"800\" \/>\n\t<meta property=\"og:image:height\" content=\"533\" \/>\n\t<meta property=\"og:image:type\" content=\"image\/jpeg\" \/>\n<meta name=\"author\" content=\"Staff\" \/>\n<meta name=\"twitter:card\" content=\"summary_large_image\" \/>\n<meta name=\"twitter:label1\" content=\"Escrito por\" \/>\n\t<meta name=\"twitter:data1\" content=\"Staff\" \/>\n\t<meta name=\"twitter:label2\" content=\"Tiempo de lectura\" \/>\n\t<meta name=\"twitter:data2\" content=\"1 minuto\" \/>\n<script type=\"application\/ld+json\" class=\"yoast-schema-graph\">{\"@context\":\"https:\\\/\\\/schema.org\",\"@graph\":[{\"@type\":\"Article\",\"@id\":\"https:\\\/\\\/www.bbmnoticias.com\\\/jesus-romero-refrenda-respeto-a-la-libertad-de-expresion-y-al-ejercicio-responsable-del-periodismo\\\/#article\",\"isPartOf\":{\"@id\":\"https:\\\/\\\/www.bbmnoticias.com\\\/labravaradiofm\\\/2026\\\/09\\\/02\\\/jesus-romero-refrenda-respeto-a-la-libertad-de-expresion-y-al-ejercicio-responsable-del-periodismo\\\/\"},\"author\":{\"name\":\"Staff\",\"@id\":\"https:\\\/\\\/www.bbmnoticias.com\\\/labravaradiofm\\\/#\\\/schema\\\/person\\\/9eb037257fc48a09cdf31d9a2f45619f\"},\"headline\":\"Jes\u00fas Romero refrenda respeto a la libertad de expresi\u00f3n y al ejercicio responsable del periodismo\",\"datePublished\":\"2026-09-02T14:32:34+00:00\",\"dateModified\":\"2026-09-02T14:57:19+00:00\",\"mainEntityOfPage\":{\"@id\":\"https:\\\/\\\/www.bbmnoticias.com\\\/labravaradiofm\\\/2026\\\/09\\\/02\\\/jesus-romero-refrenda-respeto-a-la-libertad-de-expresion-y-al-ejercicio-responsable-del-periodismo\\\/\"},\"wordCount\":178,\"image\":{\"@id\":\"https:\\\/\\\/www.bbmnoticias.com\\\/jesus-romero-refrenda-respeto-a-la-libertad-de-expresion-y-al-ejercicio-responsable-del-periodismo\\\/#primaryimage\"},\"thumbnailUrl\":\"https:\\\/\\\/www.bbmnoticias.com\\\/labravaradiofm\\\/wp-content\\\/uploads\\\/sites\\\/5\\\/2026\\\/09\\\/jesus_romero-oaxaca.jpg\",\"articleSection\":[\"LOCAL\"],\"inLanguage\":\"es\"},{\"@type\":\"WebPage\",\"@id\":\"https:\\\/\\\/www.bbmnoticias.com\\\/labravaradiofm\\\/2026\\\/09\\\/02\\\/jesus-romero-refrenda-respeto-a-la-libertad-de-expresion-y-al-ejercicio-responsable-del-periodismo\\\/\",\"url\":\"https:\\\/\\\/www.bbmnoticias.com\\\/jesus-romero-refrenda-respeto-a-la-libertad-de-expresion-y-al-ejercicio-responsable-del-periodismo\\\/\",\"name\":\"Jes\u00fas Romero refrenda respeto a la libertad de expresi\u00f3n y al ejercicio responsable del periodismo - LA BRAVA RADIO\",\"isPartOf\":{\"@id\":\"https:\\\/\\\/www.bbmnoticias.com\\\/labravaradiofm\\\/#website\"},\"primaryImageOfPage\":{\"@id\":\"https:\\\/\\\/www.bbmnoticias.com\\\/jesus-romero-refrenda-respeto-a-la-libertad-de-expresion-y-al-ejercicio-responsable-del-periodismo\\\/#primaryimage\"},\"image\":{\"@id\":\"https:\\\/\\\/www.bbmnoticias.com\\\/jesus-romero-refrenda-respeto-a-la-libertad-de-expresion-y-al-ejercicio-responsable-del-periodismo\\\/#primaryimage\"},\"thumbnailUrl\":\"https:\\\/\\\/www.bbmnoticias.com\\\/labravaradiofm\\\/wp-content\\\/uploads\\\/sites\\\/5\\\/2026\\\/09\\\/jesus_romero-oaxaca.jpg\",\"datePublished\":\"2026-09-02T14:32:34+00:00\",\"dateModified\":\"2026-09-02T14:57:19+00:00\",\"author\":{\"@id\":\"https:\\\/\\\/www.bbmnoticias.com\\\/labravaradiofm\\\/#\\\/schema\\\/person\\\/9eb037257fc48a09cdf31d9a2f45619f\"},\"breadcrumb\":{\"@id\":\"https:\\\/\\\/www.bbmnoticias.com\\\/jesus-romero-refrenda-respeto-a-la-libertad-de-expresion-y-al-ejercicio-responsable-del-periodismo\\\/#breadcrumb\"},\"inLanguage\":\"es\",\"potentialAction\":[{\"@type\":\"ReadAction\",\"target\":[\"https:\\\/\\\/www.bbmnoticias.com\\\/jesus-romero-refrenda-respeto-a-la-libertad-de-expresion-y-al-ejercicio-responsable-del-periodismo\\\/\"]}]},{\"@type\":\"ImageObject\",\"inLanguage\":\"es\",\"@id\":\"https:\\\/\\\/www.bbmnoticias.com\\\/jesus-romero-refrenda-respeto-a-la-libertad-de-expresion-y-al-ejercicio-responsable-del-periodismo\\\/#primaryimage\",\"url\":\"https:\\\/\\\/www.bbmnoticias.com\\\/labravaradiofm\\\/wp-content\\\/uploads\\\/sites\\\/5\\\/2026\\\/09\\\/jesus_romero-oaxaca.jpg\",\"contentUrl\":\"https:\\\/\\\/www.bbmnoticias.com\\\/labravaradiofm\\\/wp-content\\\/uploads\\\/sites\\\/5\\\/2026\\\/09\\\/jesus_romero-oaxaca.jpg\",\"width\":800,\"height\":533},{\"@type\":\"BreadcrumbList\",\"@id\":\"https:\\\/\\\/www.bbmnoticias.com\\\/jesus-romero-refrenda-respeto-a-la-libertad-de-expresion-y-al-ejercicio-responsable-del-periodismo\\\/#breadcrumb\",\"itemListElement\":[{\"@type\":\"ListItem\",\"position\":1,\"name\":\"Inicio\",\"item\":\"https:\\\/\\\/www.bbmnoticias.com\\\/labravaradiofm\\\/\"},{\"@type\":\"ListItem\",\"position\":2,\"name\":\"Jes\u00fas Romero refrenda respeto a la libertad de expresi\u00f3n y al ejercicio responsable del periodismo\"}]},{\"@type\":\"WebSite\",\"@id\":\"https:\\\/\\\/www.bbmnoticias.com\\\/labravaradiofm\\\/#website\",\"url\":\"https:\\\/\\\/www.bbmnoticias.com\\\/labravaradiofm\\\/\",\"name\":\"LA BRAVA RADIO\",\"description\":\"Empresa productora de medios, Radiodifusi\u00f3n, Noticias, tendencias y todo lo que necesitas saber de la pol\u00edtica mexicana e internacional; entretenimiento, espect\u00e1culos, salud y mucho m\u00e1s.\",\"potentialAction\":[{\"@type\":\"SearchAction\",\"target\":{\"@type\":\"EntryPoint\",\"urlTemplate\":\"https:\\\/\\\/www.bbmnoticias.com\\\/labravaradiofm\\\/?s={search_term_string}\"},\"query-input\":{\"@type\":\"PropertyValueSpecification\",\"valueRequired\":true,\"valueName\":\"search_term_string\"}}],\"inLanguage\":\"es\"},{\"@type\":\"Person\",\"@id\":\"https:\\\/\\\/www.bbmnoticias.com\\\/labravaradiofm\\\/#\\\/schema\\\/person\\\/9eb037257fc48a09cdf31d9a2f45619f\",\"name\":\"Staff\",\"image\":{\"@type\":\"ImageObject\",\"inLanguage\":\"es\",\"@id\":\"https:\\\/\\\/secure.gravatar.com\\\/avatar\\\/fdd21ad66fd8b98c407f9dee5b5e588cfe7f0d8579ec20fa6527cd59bab7f0f0?s=96&d=mm&r=g\",\"url\":\"https:\\\/\\\/secure.gravatar.com\\\/avatar\\\/fdd21ad66fd8b98c407f9dee5b5e588cfe7f0d8579ec20fa6527cd59bab7f0f0?s=96&d=mm&r=g\",\"contentUrl\":\"https:\\\/\\\/secure.gravatar.com\\\/avatar\\\/fdd21ad66fd8b98c407f9dee5b5e588cfe7f0d8579ec20fa6527cd59bab7f0f0?s=96&d=mm&r=g\",\"caption\":\"Staff\"},\"url\":\"https:\\\/\\\/www.bbmnoticias.com\\\/labravaradiofm\\\/author\\\/redaccion\\\/\"}]}<\/script>\n<!-- \/ Yoast SEO plugin. -->","yoast_head_json":{"title":"Jes\u00fas Romero refrenda respeto a la libertad de expresi\u00f3n y al ejercicio responsable del periodismo - LA BRAVA RADIO","robots":{"index":"index","follow":"follow","max-snippet":"max-snippet:-1","max-image-preview":"max-image-preview:large","max-video-preview":"max-video-preview:-1"},"canonical":"https:\/\/www.bbmnoticias.com\/jesus-romero-refrenda-respeto-a-la-libertad-de-expresion-y-al-ejercicio-responsable-del-periodismo\/","og_locale":"es_MX","og_type":"article","og_title":"Jes\u00fas Romero refrenda respeto a la libertad de expresi\u00f3n y al ejercicio responsable del periodismo - LA BRAVA RADIO","og_description":"El secretario de Gobierno de Oaxaca, Jes\u00fas Romero L\u00f3pez, afirm\u00f3 que la libertad de expresi\u00f3n es un derecho que debe ejercerse plenamente y que cualquier periodista tiene derecho a cuestionar, criticar y publicar lo que considere pertinente. Se\u00f1al\u00f3, al mismo tiempo, que el ejercicio de esa libertad debe ir acompa\u00f1ado de responsabilidad, particularmente cuando se [&hellip;]","og_url":"https:\/\/www.bbmnoticias.com\/jesus-romero-refrenda-respeto-a-la-libertad-de-expresion-y-al-ejercicio-responsable-del-periodismo\/","og_site_name":"LA BRAVA RADIO","article_published_time":"2026-09-02T14:32:34+00:00","article_modified_time":"2026-09-02T14:57:19+00:00","og_image":[{"width":800,"height":533,"url":"https:\/\/www.bbmnoticias.com\/labravaradiofm\/wp-content\/uploads\/sites\/5\/2026\/09\/jesus_romero-oaxaca.jpg","type":"image\/jpeg"}],"author":"Staff","twitter_card":"summary_large_image","twitter_misc":{"Escrito por":"Staff","Tiempo de lectura":"1 minuto"},"schema":{"@context":"https:\/\/schema.org","@graph":[{"@type":"Article","@id":"https:\/\/www.bbmnoticias.com\/jesus-romero-refrenda-respeto-a-la-libertad-de-expresion-y-al-ejercicio-responsable-del-periodismo\/#article","isPartOf":{"@id":"https:\/\/www.bbmnoticias.com\/labravaradiofm\/2026\/09\/02\/jesus-romero-refrenda-respeto-a-la-libertad-de-expresion-y-al-ejercicio-responsable-del-periodismo\/"},"author":{"name":"Staff","@id":"https:\/\/www.bbmnoticias.com\/labravaradiofm\/#\/schema\/person\/9eb037257fc48a09cdf31d9a2f45619f"},"headline":"Jes\u00fas Romero refrenda respeto a la libertad de expresi\u00f3n y al ejercicio responsable del periodismo","datePublished":"2026-09-02T14:32:34+00:00","dateModified":"2026-09-02T14:57:19+00:00","mainEntityOfPage":{"@id":"https:\/\/www.bbmnoticias.com\/labravaradiofm\/2026\/09\/02\/jesus-romero-refrenda-respeto-a-la-libertad-de-expresion-y-al-ejercicio-responsable-del-periodismo\/"},"wordCount":178,"image":{"@id":"https:\/\/www.bbmnoticias.com\/jesus-romero-refrenda-respeto-a-la-libertad-de-expresion-y-al-ejercicio-responsable-del-periodismo\/#primaryimage"},"thumbnailUrl":"https:\/\/www.bbmnoticias.com\/labravaradiofm\/wp-content\/uploads\/sites\/5\/2026\/09\/jesus_romero-oaxaca.jpg","articleSection":["LOCAL"],"inLanguage":"es"},{"@type":"WebPage","@id":"https:\/\/www.bbmnoticias.com\/labravaradiofm\/2026\/09\/02\/jesus-romero-refrenda-respeto-a-la-libertad-de-expresion-y-al-ejercicio-responsable-del-periodismo\/","url":"https:\/\/www.bbmnoticias.com\/jesus-romero-refrenda-respeto-a-la-libertad-de-expresion-y-al-ejercicio-responsable-del-periodismo\/","name":"Jes\u00fas Romero refrenda respeto a la libertad de expresi\u00f3n y al ejercicio responsable del periodismo - LA BRAVA RADIO","isPartOf":{"@id":"https:\/\/www.bbmnoticias.com\/labravaradiofm\/#website"},"primaryImageOfPage":{"@id":"https:\/\/www.bbmnoticias.com\/jesus-romero-refrenda-respeto-a-la-libertad-de-expresion-y-al-ejercicio-responsable-del-periodismo\/#primaryimage"},"image":{"@id":"https:\/\/www.bbmnoticias.com\/jesus-romero-refrenda-respeto-a-la-libertad-de-expresion-y-al-ejercicio-responsable-del-periodismo\/#primaryimage"},"thumbnailUrl":"https:\/\/www.bbmnoticias.com\/labravaradiofm\/wp-content\/uploads\/sites\/5\/2026\/09\/jesus_romero-oaxaca.jpg","datePublished":"2026-09-02T14:32:34+00:00","dateModified":"2026-09-02T14:57:19+00:00","author":{"@id":"https:\/\/www.bbmnoticias.com\/labravaradiofm\/#\/schema\/person\/9eb037257fc48a09cdf31d9a2f45619f"},"breadcrumb":{"@id":"https:\/\/www.bbmnoticias.com\/jesus-romero-refrenda-respeto-a-la-libertad-de-expresion-y-al-ejercicio-responsable-del-periodismo\/#breadcrumb"},"inLanguage":"es","potentialAction":[{"@type":"ReadAction","target":["https:\/\/www.bbmnoticias.com\/jesus-romero-refrenda-respeto-a-la-libertad-de-expresion-y-al-ejercicio-responsable-del-periodismo\/"]}]},{"@type":"ImageObject","inLanguage":"es","@id":"https:\/\/www.bbmnoticias.com\/jesus-romero-refrenda-respeto-a-la-libertad-de-expresion-y-al-ejercicio-responsable-del-periodismo\/#primaryimage","url":"https:\/\/www.bbmnoticias.com\/labravaradiofm\/wp-content\/uploads\/sites\/5\/2026\/09\/jesus_romero-oaxaca.jpg","contentUrl":"https:\/\/www.bbmnoticias.com\/labravaradiofm\/wp-content\/uploads\/sites\/5\/2026\/09\/jesus_romero-oaxaca.jpg","width":800,"height":533},{"@type":"BreadcrumbList","@id":"https:\/\/www.bbmnoticias.com\/jesus-romero-refrenda-respeto-a-la-libertad-de-expresion-y-al-ejercicio-responsable-del-periodismo\/#breadcrumb","itemListElement":[{"@type":"ListItem","position":1,"name":"Inicio","item":"https:\/\/www.bbmnoticias.com\/labravaradiofm\/"},{"@type":"ListItem","position":2,"name":"Jes\u00fas Romero refrenda respeto a la libertad de expresi\u00f3n y al ejercicio responsable del periodismo"}]},{"@type":"WebSite","@id":"https:\/\/www.bbmnoticias.com\/labravaradiofm\/#website","url":"https:\/\/www.bbmnoticias.com\/labravaradiofm\/","name":"LA BRAVA RADIO","description":"Empresa productora de medios, Radiodifusi\u00f3n, Noticias, tendencias y todo lo que necesitas saber de la pol\u00edtica mexicana e internacional; entretenimiento, espect\u00e1culos, salud y mucho m\u00e1s.","potentialAction":[{"@type":"SearchAction","target":{"@type":"EntryPoint","urlTemplate":"https:\/\/www.bbmnoticias.com\/labravaradiofm\/?s={search_term_string}"},"query-input":{"@type":"PropertyValueSpecification","valueRequired":true,"valueName":"search_term_string"}}],"inLanguage":"es"},{"@type":"Person","@id":"https:\/\/www.bbmnoticias.com\/labravaradiofm\/#\/schema\/person\/9eb037257fc48a09cdf31d9a2f45619f","name":"Staff","image":{"@type":"ImageObject","inLanguage":"es","@id":"https:\/\/secure.gravatar.com\/avatar\/fdd21ad66fd8b98c407f9dee5b5e588cfe7f0d8579ec20fa6527cd59bab7f0f0?s=96&d=mm&r=g","url":"https:\/\/secure.gravatar.com\/avatar\/fdd21ad66fd8b98c407f9dee5b5e588cfe7f0d8579ec20fa6527cd59bab7f0f0?s=96&d=mm&r=g","contentUrl":"https:\/\/secure.gravatar.com\/avatar\/fdd21ad66fd8b98c407f9dee5b5e588cfe7f0d8579ec20fa6527cd59bab7f0f0?s=96&d=mm&r=g","caption":"Staff"},"url":"https:\/\/www.bbmnoticias.com\/labravaradiofm\/author\/redaccion\/"}]}},"_links":{"self":[{"href":"https:\/\/www.bbmnoticias.com\/labravaradiofm\/wp-json\/wp\/v2\/posts\/81358","targetHints":{"allow":["GET"]}}],"collection":[{"href":"https:\/\/www.bbmnoticias.com\/labravaradiofm\/wp-json\/wp\/v2\/posts"}],"about":[{"href":"https:\/\/www.bbmnoticias.com\/labravaradiofm\/wp-json\/wp\/v2\/types\/post"}],"author":[{"embeddable":true,"href":"https:\/\/www.bbmnoticias.com\/labravaradiofm\/wp-json\/wp\/v2\/users\/2"}],"replies":[{"embeddable":true,"href":"https:\/\/www.bbmnoticias.com\/labravaradiofm\/wp-json\/wp\/v2\/comments?post=81358"}],"version-history":[{"count":1,"href":"https:\/\/www.bbmnoticias.com\/labravaradiofm\/wp-json\/wp\/v2\/posts\/81358\/revisions"}],"predecessor-version":[{"id":81359,"href":"https:\/\/www.bbmnoticias.com\/labravaradiofm\/wp-json\/wp\/v2\/posts\/81358\/revisions\/81359"}],"wp:featuredmedia":[{"embeddable":true,"href":"https:\/\/www.bbmnoticias.com\/labravaradiofm\/wp-json\/wp\/v2\/media\/81360"}],"wp:attachment":[{"href":"https:\/\/www.bbmnoticias.com\/labravaradiofm\/wp-json\/wp\/v2\/media?parent=81358"}],"wp:term":[{"taxonomy":"category","embeddable":true,"href":"https:\/\/www.bbmnoticias.com\/labravaradiofm\/wp-json\/wp\/v2\/categories?post=81358"},{"taxonomy":"post_tag","embeddable":true,"href":"https:\/\/www.bbmnoticias.com\/labravaradiofm\/wp-json\/wp\/v2\/tags?post=81358"}],"curies":[{"name":"wp","href":"https:\/\/api.w.org\/{rel}","templated":true}]}}