{"id":81355,"date":"2026-09-02T08:18:59","date_gmt":"2026-09-02T14:18:59","guid":{"rendered":"https:\/\/www.bbmnoticias.com\/labravaradiofm\/2026\/09\/02\/cuenta-regresiva-expectacion-e-hito-musical-los-premios-juventud-listos-para-desembarcar-en-starlite-marbella\/"},"modified":"2026-09-02T08:19:02","modified_gmt":"2026-09-02T14:19:02","slug":"cuenta-regresiva-expectacion-e-hito-musical-los-premios-juventud-listos-para-desembarcar-en-starlite-marbella","status":"publish","type":"post","link":"https:\/\/www.bbmnoticias.com\/labravaradiofm\/2026\/09\/02\/cuenta-regresiva-expectacion-e-hito-musical-los-premios-juventud-listos-para-desembarcar-en-starlite-marbella\/","title":{"rendered":"Cuenta regresiva.\u00a0 Expectaci\u00f3n e hito musical: los Premios Juventud listos para desembarcar en Starlite Marbella"},"content":{"rendered":"\n<p class=\"wp-block-paragraph\"><strong>Marbella, Espa\u00f1a.- <\/strong>&nbsp;La cuenta atr\u00e1s ha comenzado. El pr\u00f3ximo jueves 3 de septiembre, el Auditorio Starlite Marbella, ubicado en la Cantera de Nag\u00fcelles, se convertir\u00e1 en el escenario de un acontecimiento in\u00e9dito: la celebraci\u00f3n de la primera edici\u00f3n europea de los Premios Juventud. Por primera vez en sus 23 a\u00f1os de historia, la gala producida por Televisa Univision cruza el Atl\u00e1ntico y elige Espa\u00f1a \u2014con Marbella como sede exclusiva\u2014 para trasladar uno de los grandes escaparates de la industria musical latina.<\/p>\n\n\n\n<p class=\"wp-block-paragraph\">La velada se transmitir\u00e1 en vivo a nivel global a trav\u00e9s de Univision, ViX, UNIM\u00c1S, Galavisi\u00f3n y YouTube (a las 7P\/6C\/4PAC en horario de emisi\u00f3n estadounidense y en directo durante la noche europea desde el recinto marbell\u00ed). Y por televisi\u00f3n espa\u00f1ola.<\/p>\n\n\n\n<p class=\"wp-block-paragraph\">Uno de los anuncios m\u00e1s significativos de esta 23\u00aa edici\u00f3n es el homenaje a Antonio Banderas, quien ser\u00e1 distinguido con el galard\u00f3n Agente de Cambio. El actor, director y gestor cultural malague\u00f1o recibir\u00e1 esta distinci\u00f3n en su tierra como reconocimiento a su firme compromiso con la educaci\u00f3n, la acci\u00f3n social y el desarrollo comunitario.<\/p>\n\n\n\n<p class=\"wp-block-paragraph\">La organizaci\u00f3n ha destacado especialmente la labor impulsada a trav\u00e9s de la Fundaci\u00f3n L\u00e1grimas y Favores, creada por Banderas en M\u00e1laga en 2010. Esta entidad respalda iniciativas culturales, educativas y de salud mediante el apoyo constante a instituciones como la Universidad de M\u00e1laga, la Fundaci\u00f3n CUDECA (cuidados paliativos), la Asociaci\u00f3n Espa\u00f1ola Contra el C\u00e1ncer (AECC), C\u00e1ritas, la Fundaci\u00f3n El Pimpi y el Economato Social Corinto.<\/p>\n\n\n\n<p class=\"wp-block-paragraph\">A este trabajo se suma su rol como coanfitri\u00f3n \u2014junto a Sandra Garc\u00eda-Sanju\u00e1n\u2014 de la Gala Starlite, un hito ben\u00e9fico que en 17 ediciones ha logrado recaudar m\u00e1s de 4 millones de euros, generando cerca del 90% de los fondos de la Fundaci\u00f3n Starlite. A trav\u00e9s de este impulso, la labor filantr\u00f3pica ha extendido su impacto internacional a iniciativas como la fundaci\u00f3n <em>Ni\u00f1os en Alegr\u00eda<\/em>, permitiendo la construcci\u00f3n de 44 escuelas en M\u00e9xico y beneficiando a m\u00e1s de 75.000 menores.<\/p>\n\n\n\n<p class=\"wp-block-paragraph\">Banderas no ser\u00e1 la \u00fanica figura en recibir esta distinci\u00f3n social durante la velada. El cuadro de homenajeados como Agente de Cambio se completa con el icono de la salsa Marc Anthony, el puertorrique\u00f1o Yandel (quien adem\u00e1s ofrecer\u00e1 una presentaci\u00f3n sinf\u00f3nica in\u00e9dita) y la emblem\u00e1tica banda espa\u00f1ola La Oreja de Van Gogh. La actuaci\u00f3n de la formaci\u00f3n donostiarra genera expectaci\u00f3n en el sector tras una etapa reciente envuelta en an\u00e1lisis por la irregularidad. Con este conjunto de premiados, la organizaci\u00f3n refuerza la dimensi\u00f3n social e intergeneracional de la gala.<\/p>\n\n\n\n<p class=\"wp-block-paragraph\">La antesala del evento arrancar\u00e1 con el tradicional especial &#8220;Noche de Estrellas&#8221;, un despliegue en la alfombra azul que combinar\u00e1 moda, entrevistas exclusivas con nominados e invitados especiales, la revelaci\u00f3n de reconocimientos previos y la entrega de los primeros galardones entre las 50 categor\u00edas de este a\u00f1o.<\/p>\n\n\n\n<p class=\"wp-block-paragraph\">La conducci\u00f3n de este espacio previo estar\u00e1 a cargo de un equipo polifac\u00e9tico: Borja Voces, Jomari Goyso, Jorge Bernal, Paulina Goto, junto a Lola Lolita y Sof\u00eda Surfers, dos de los nombres m\u00e1s influyentes del entorno digital en Espa\u00f1a.<\/p>\n\n\n\n<p class=\"wp-block-paragraph\">Adem\u00e1s, &#8220;Noche de Estrellas&#8221; contar\u00e1 con tres actuaciones musicales en vivo de talentos emergentes: Chuy\u00edn: El artista mexicano de Tepic, Nayarit \u2014quien act\u00faa con m\u00e1scara para mantener el foco en su propuesta musical\u2014, debutar\u00e1 con <em>\u00ab\u00bfPues qu\u00e9 le hago?\u00bb<\/em>, de su disco <em>Los locos nunca mueren<\/em>. Opta a dos galardones: <em>Mejor Fusi\u00f3n M\u00fasica Mexicana<\/em> y <em>La Nueva Generaci\u00f3n M\u00fasica Mexicana<\/em>.<\/p>\n\n\n\n<p class=\"wp-block-paragraph\">Juan Duque: Figura destacada del urbano colombiano, interpretar\u00e1 <em>\u00abSongo Sorongo\u00bb<\/em>, de su producci\u00f3n <em>Verraco Vibe<\/em>. Duque est\u00e1 nominado a <em>La Nueva Generaci\u00f3n Masculina<\/em> y <em>Afrobeat Latino del A\u00f1o<\/em> por <em>\u00abBotecito\u00bb<\/em> (con Hamilton). Y Robi: El puertorrique\u00f1o, reconocido por su \u00e9xito internacional <em>\u00abPantysito\u00bb<\/em>, presentar\u00e1 <em>\u00abBRRREAK!\u00bb<\/em>, tema incluido en su \u00e1lbum debut <em>Sorry si soy GRRRIS<\/em>.<\/p>\n\n\n\n<p class=\"wp-block-paragraph\">Para la gran gala en el escenario principal, la conducci\u00f3n correr\u00e1 a cargo de Alejandra Espinoza, Clarissa Molina y el presentador espa\u00f1ol Jes\u00fas V\u00e1zquez, en una f\u00f3rmula que busca hermanar la experiencia televisiva americana con el rostro de la televisi\u00f3n local.<\/p>\n\n\n\n<p class=\"wp-block-paragraph\">Para cerrar con broche de oro esta hist\u00f3rica edici\u00f3n de Premios Juventud 2026, Starlite, Televisa y Univision han programado dos grandes presentaciones musicales en el mismo recinto de Starlite Marbella:<\/p>\n\n\n\n<p class=\"wp-block-paragraph\">El viernes 4 de septiembre, el cantautor espa\u00f1ol Manuel Carrasco ofrecer\u00e1 un concierto exclusivo. Y el s\u00e1bado 5 de septiembre, el icono urbano Wisin tomar\u00e1 el escenario para culminar las celebraciones.<\/p>\n\n\n\n<p class=\"wp-block-paragraph\">Ambos conciertos de estos referentes de la m\u00fasica en espa\u00f1ol ser\u00e1n grabados \u00edntegramente en el escenario de Starlite Marbella para su posterior transmisi\u00f3n en las plataformas de televisi\u00f3n y streaming de Televisa y Univision, ofreciendo un alcance global a estos dos espect\u00e1culos de gran magnitud.<\/p>\n\n\n\n<p class=\"wp-block-paragraph\">En el plano competitivo, un total de 338 artistas nominados figuran en la lista de esta edici\u00f3n. El mexicano Car\u00edn Le\u00f3n lidera las candidaturas con nueve nominaciones, seguido por nombres de primera l\u00ednea internacional como Shakira, Romeo Santos, Quevedo, Maluma, Myke Towers, Bad Bunny, Feid, Rosal\u00eda y Aitana.<\/p>\n\n\n\n<p class=\"wp-block-paragraph\">Como novedad estrat\u00e9gica de esta edici\u00f3n, la organizaci\u00f3n estrena la categor\u00eda &#8220;Creator de Espa\u00f1a&#8221;, un reconocimiento pensado para valorar el impacto del talento digital espa\u00f1ol y estrechar el v\u00ednculo entre las audiencias europeas y latinoamericanas.<\/p>\n\n\n\n<p class=\"wp-block-paragraph\">Llevar a cabo una gala de esta escala fuera de su emplazamiento habitual ha conllevado importantes movimientos log\u00edsticos y un planteamiento art\u00edstico diferenciado. Con el fin de lograr la m\u00e1xima resonancia en el mercado local y europeo, se ha reforzado notablemente la presencia de figuras espa\u00f1olas en el cartel \u2014como Quevedo, Ana Mena, Manuel Carrasco o Juan Mag\u00e1n\u2014 en comparaci\u00f3n con las ediciones tradicionales en Am\u00e9rica.<\/p>\n\n\n\n<p class=\"wp-block-paragraph\">Para los sellos discogr\u00e1ficos, ejecutivos y cazatalentos, la cita en Marbella trasciende el mero espect\u00e1culo televisivo: funciona como un verdadero term\u00f3metro del sector para pulsar las nuevas corrientes del pop, lo urbano y los ritmos regionales en espa\u00f1ol.<\/p>\n\n\n\n<p class=\"wp-block-paragraph\">Con m\u00e1s de 20 actuaciones confirmadas, el escenario del Auditorio Starlite Marbella acoger\u00e1 presentaciones dise\u00f1adas de forma exclusiva para la cita:<\/p>\n\n\n\n<p class=\"wp-block-paragraph\">Estrenos mundiales y directos especiales: Camilo presentar\u00e1 por primera vez en vivo su nuevo lanzamiento global. Manuel Carrasco debutar\u00e1 en los premios con un <em>medley<\/em> de <em>\u00abOh Si Pudiera\u00bb<\/em> (nominada a <em>Mejor Euro-Song<\/em>) y <em>\u00abBuchito\u00bb<\/em>, mientras que Wisin repasar\u00e1 cl\u00e1sicos como <em>\u00abSaoco\u00bb<\/em> y <em>\u00abGistro Amarillo\u00bb<\/em>.<\/p>\n\n\n\n<p class=\"wp-block-paragraph\">Sesi\u00f3n \u00edntima previa: La banda colombiana Morat, nominada a <em>Grupo o D\u00fao Favorito del A\u00f1o<\/em> y <em>Mejor Canci\u00f3n Pop Rock<\/em>, grabar\u00e1 el 2 de septiembre un set especial para <em>ViX M\u00fasica Sessions<\/em> antes de su actuaci\u00f3n en la gala principal.<\/p>\n\n\n\n<p class=\"wp-block-paragraph\">El elenco confirmado para la noche incluye a una heterog\u00e9nea representaci\u00f3n de la m\u00fasica en espa\u00f1ol:<\/p>\n\n\n\n<p class=\"wp-block-paragraph\">Pop y Urbano Internacional: Quevedo, Ana Mena, Marc Anthony, Farruko, Christian Nodal, Eladio Carri\u00f3n, Elena Rose, Juan Mag\u00e1n y Elvis Crespo.<\/p>\n\n\n\n<p class=\"wp-block-paragraph\">Regional, Pop Rock y Tendencias: \u00c1ngela Aguilar, Natanael Cano, Camila Fern\u00e1ndez, Silvestre Dangond, Alleh, Mau y Ricky, Greeicy y Rous.<\/p>\n\n\n\n<p class=\"wp-block-paragraph\">Nuevas Propuestas: Aria Vega, DND | Do Not Disturb y Santos Bravos.<\/p>\n\n\n\n<p class=\"wp-block-paragraph\">Para Starlite Marbella, este evento supone un hito en el marco de su XV aniversario, consolidando sus 15 a\u00f1os de trayectoria como espacio de eventos musicales boutique e internacionales en la Costa del Sol.<\/p>\n\n\n\n<p class=\"wp-block-paragraph\"><\/p>\n","protected":false},"excerpt":{"rendered":"<p>Marbella, Espa\u00f1a.- &nbsp;La cuenta atr\u00e1s ha comenzado. El pr\u00f3ximo jueves 3 de septiembre, el Auditorio Starlite Marbella, ubicado en la Cantera de Nag\u00fcelles, se convertir\u00e1 en el escenario de un acontecimiento in\u00e9dito: la celebraci\u00f3n de la primera edici\u00f3n europea de los Premios Juventud. Por primera vez en sus 23 a\u00f1os de historia, la gala producida [&hellip;]<\/p>\n","protected":false},"author":6,"featured_media":81357,"comment_status":"closed","ping_status":"open","sticky":false,"template":"","format":"standard","meta":{"footnotes":""},"categories":[949,2],"tags":[],"class_list":["post-81355","post","type-post","status-publish","format-standard","has-post-thumbnail","hentry","category-espectaculos","category-oaxaca"],"yoast_head":"<!-- This site is optimized with the Yoast SEO plugin v28.1 - https:\/\/yoast.com\/product\/yoast-seo-wordpress\/ -->\n<title>Cuenta regresiva.\u00a0 Expectaci\u00f3n e hito musical: los Premios Juventud listos para desembarcar en Starlite Marbella - LA BRAVA RADIO<\/title>\n<meta name=\"robots\" content=\"index, follow, max-snippet:-1, max-image-preview:large, max-video-preview:-1\" \/>\n<link rel=\"canonical\" href=\"https:\/\/www.bbmnoticias.com\/cuenta-regresiva-expectacion-e-hito-musical-los-premios-juventud-listos-para-desembarcar-en-starlite-marbella\/\" \/>\n<meta property=\"og:locale\" content=\"es_MX\" \/>\n<meta property=\"og:type\" content=\"article\" \/>\n<meta property=\"og:title\" content=\"Cuenta regresiva.\u00a0 Expectaci\u00f3n e hito musical: los Premios Juventud listos para desembarcar en Starlite Marbella - LA BRAVA RADIO\" \/>\n<meta property=\"og:description\" content=\"Marbella, Espa\u00f1a.- &nbsp;La cuenta atr\u00e1s ha comenzado. El pr\u00f3ximo jueves 3 de septiembre, el Auditorio Starlite Marbella, ubicado en la Cantera de Nag\u00fcelles, se convertir\u00e1 en el escenario de un acontecimiento in\u00e9dito: la celebraci\u00f3n de la primera edici\u00f3n europea de los Premios Juventud. Por primera vez en sus 23 a\u00f1os de historia, la gala producida [&hellip;]\" \/>\n<meta property=\"og:url\" content=\"https:\/\/www.bbmnoticias.com\/cuenta-regresiva-expectacion-e-hito-musical-los-premios-juventud-listos-para-desembarcar-en-starlite-marbella\/\" \/>\n<meta property=\"og:site_name\" content=\"LA BRAVA RADIO\" \/>\n<meta property=\"article:published_time\" content=\"2026-09-02T14:18:59+00:00\" \/>\n<meta property=\"article:modified_time\" content=\"2026-09-02T14:19:02+00:00\" \/>\n<meta property=\"og:image\" content=\"https:\/\/www.bbmnoticias.com\/labravaradiofm\/wp-content\/uploads\/sites\/5\/2026\/09\/Premios_juventud.jpg\" \/>\n\t<meta property=\"og:image:width\" content=\"800\" \/>\n\t<meta property=\"og:image:height\" content=\"419\" \/>\n\t<meta property=\"og:image:type\" content=\"image\/jpeg\" \/>\n<meta name=\"author\" content=\"Mar\u00eda Esther Beltr\u00e1n Mart\u00ednez\" \/>\n<meta name=\"twitter:card\" content=\"summary_large_image\" \/>\n<meta name=\"twitter:label1\" content=\"Escrito por\" \/>\n\t<meta name=\"twitter:data1\" content=\"Mar\u00eda Esther Beltr\u00e1n Mart\u00ednez\" \/>\n\t<meta name=\"twitter:label2\" content=\"Tiempo de lectura\" \/>\n\t<meta name=\"twitter:data2\" content=\"6 minutos\" \/>\n<script type=\"application\/ld+json\" class=\"yoast-schema-graph\">{\"@context\":\"https:\\\/\\\/schema.org\",\"@graph\":[{\"@type\":\"Article\",\"@id\":\"https:\\\/\\\/www.bbmnoticias.com\\\/cuenta-regresiva-expectacion-e-hito-musical-los-premios-juventud-listos-para-desembarcar-en-starlite-marbella\\\/#article\",\"isPartOf\":{\"@id\":\"https:\\\/\\\/www.bbmnoticias.com\\\/labravaradiofm\\\/2026\\\/09\\\/02\\\/cuenta-regresiva-expectacion-e-hito-musical-los-premios-juventud-listos-para-desembarcar-en-starlite-marbella\\\/\"},\"author\":{\"name\":\"Mar\u00eda Esther Beltr\u00e1n Mart\u00ednez\",\"@id\":\"https:\\\/\\\/www.bbmnoticias.com\\\/labravaradiofm\\\/#\\\/schema\\\/person\\\/1b98b561c4821caaafd50240c7f8bcfd\"},\"headline\":\"Cuenta regresiva.\u00a0 Expectaci\u00f3n e hito musical: los Premios Juventud listos para desembarcar en Starlite Marbella\",\"datePublished\":\"2026-09-02T14:18:59+00:00\",\"dateModified\":\"2026-09-02T14:19:02+00:00\",\"mainEntityOfPage\":{\"@id\":\"https:\\\/\\\/www.bbmnoticias.com\\\/labravaradiofm\\\/2026\\\/09\\\/02\\\/cuenta-regresiva-expectacion-e-hito-musical-los-premios-juventud-listos-para-desembarcar-en-starlite-marbella\\\/\"},\"wordCount\":1294,\"image\":{\"@id\":\"https:\\\/\\\/www.bbmnoticias.com\\\/cuenta-regresiva-expectacion-e-hito-musical-los-premios-juventud-listos-para-desembarcar-en-starlite-marbella\\\/#primaryimage\"},\"thumbnailUrl\":\"https:\\\/\\\/www.bbmnoticias.com\\\/labravaradiofm\\\/wp-content\\\/uploads\\\/sites\\\/5\\\/2026\\\/09\\\/Premios_juventud.jpg\",\"articleSection\":[\"ESPECT\u00c1CULOS\",\"LOCAL\"],\"inLanguage\":\"es\"},{\"@type\":\"WebPage\",\"@id\":\"https:\\\/\\\/www.bbmnoticias.com\\\/labravaradiofm\\\/2026\\\/09\\\/02\\\/cuenta-regresiva-expectacion-e-hito-musical-los-premios-juventud-listos-para-desembarcar-en-starlite-marbella\\\/\",\"url\":\"https:\\\/\\\/www.bbmnoticias.com\\\/cuenta-regresiva-expectacion-e-hito-musical-los-premios-juventud-listos-para-desembarcar-en-starlite-marbella\\\/\",\"name\":\"Cuenta regresiva.\u00a0 Expectaci\u00f3n e hito musical: los Premios Juventud listos para desembarcar en Starlite Marbella - LA BRAVA RADIO\",\"isPartOf\":{\"@id\":\"https:\\\/\\\/www.bbmnoticias.com\\\/labravaradiofm\\\/#website\"},\"primaryImageOfPage\":{\"@id\":\"https:\\\/\\\/www.bbmnoticias.com\\\/cuenta-regresiva-expectacion-e-hito-musical-los-premios-juventud-listos-para-desembarcar-en-starlite-marbella\\\/#primaryimage\"},\"image\":{\"@id\":\"https:\\\/\\\/www.bbmnoticias.com\\\/cuenta-regresiva-expectacion-e-hito-musical-los-premios-juventud-listos-para-desembarcar-en-starlite-marbella\\\/#primaryimage\"},\"thumbnailUrl\":\"https:\\\/\\\/www.bbmnoticias.com\\\/labravaradiofm\\\/wp-content\\\/uploads\\\/sites\\\/5\\\/2026\\\/09\\\/Premios_juventud.jpg\",\"datePublished\":\"2026-09-02T14:18:59+00:00\",\"dateModified\":\"2026-09-02T14:19:02+00:00\",\"author\":{\"@id\":\"https:\\\/\\\/www.bbmnoticias.com\\\/labravaradiofm\\\/#\\\/schema\\\/person\\\/1b98b561c4821caaafd50240c7f8bcfd\"},\"breadcrumb\":{\"@id\":\"https:\\\/\\\/www.bbmnoticias.com\\\/cuenta-regresiva-expectacion-e-hito-musical-los-premios-juventud-listos-para-desembarcar-en-starlite-marbella\\\/#breadcrumb\"},\"inLanguage\":\"es\",\"potentialAction\":[{\"@type\":\"ReadAction\",\"target\":[\"https:\\\/\\\/www.bbmnoticias.com\\\/cuenta-regresiva-expectacion-e-hito-musical-los-premios-juventud-listos-para-desembarcar-en-starlite-marbella\\\/\"]}]},{\"@type\":\"ImageObject\",\"inLanguage\":\"es\",\"@id\":\"https:\\\/\\\/www.bbmnoticias.com\\\/cuenta-regresiva-expectacion-e-hito-musical-los-premios-juventud-listos-para-desembarcar-en-starlite-marbella\\\/#primaryimage\",\"url\":\"https:\\\/\\\/www.bbmnoticias.com\\\/labravaradiofm\\\/wp-content\\\/uploads\\\/sites\\\/5\\\/2026\\\/09\\\/Premios_juventud.jpg\",\"contentUrl\":\"https:\\\/\\\/www.bbmnoticias.com\\\/labravaradiofm\\\/wp-content\\\/uploads\\\/sites\\\/5\\\/2026\\\/09\\\/Premios_juventud.jpg\",\"width\":800,\"height\":419},{\"@type\":\"BreadcrumbList\",\"@id\":\"https:\\\/\\\/www.bbmnoticias.com\\\/cuenta-regresiva-expectacion-e-hito-musical-los-premios-juventud-listos-para-desembarcar-en-starlite-marbella\\\/#breadcrumb\",\"itemListElement\":[{\"@type\":\"ListItem\",\"position\":1,\"name\":\"Inicio\",\"item\":\"https:\\\/\\\/www.bbmnoticias.com\\\/labravaradiofm\\\/\"},{\"@type\":\"ListItem\",\"position\":2,\"name\":\"Cuenta regresiva.\u00a0 Expectaci\u00f3n e hito musical: los Premios Juventud listos para desembarcar en Starlite Marbella\"}]},{\"@type\":\"WebSite\",\"@id\":\"https:\\\/\\\/www.bbmnoticias.com\\\/labravaradiofm\\\/#website\",\"url\":\"https:\\\/\\\/www.bbmnoticias.com\\\/labravaradiofm\\\/\",\"name\":\"LA BRAVA RADIO\",\"description\":\"Empresa productora de medios, Radiodifusi\u00f3n, Noticias, tendencias y todo lo que necesitas saber de la pol\u00edtica mexicana e internacional; entretenimiento, espect\u00e1culos, salud y mucho m\u00e1s.\",\"potentialAction\":[{\"@type\":\"SearchAction\",\"target\":{\"@type\":\"EntryPoint\",\"urlTemplate\":\"https:\\\/\\\/www.bbmnoticias.com\\\/labravaradiofm\\\/?s={search_term_string}\"},\"query-input\":{\"@type\":\"PropertyValueSpecification\",\"valueRequired\":true,\"valueName\":\"search_term_string\"}}],\"inLanguage\":\"es\"},{\"@type\":\"Person\",\"@id\":\"https:\\\/\\\/www.bbmnoticias.com\\\/labravaradiofm\\\/#\\\/schema\\\/person\\\/1b98b561c4821caaafd50240c7f8bcfd\",\"name\":\"Mar\u00eda Esther Beltr\u00e1n Mart\u00ednez\",\"image\":{\"@type\":\"ImageObject\",\"inLanguage\":\"es\",\"@id\":\"https:\\\/\\\/secure.gravatar.com\\\/avatar\\\/50efe5915c3eac137dcc550ff1c590bc6054705eb482a33520c9501c8eec550f?s=96&d=mm&r=g\",\"url\":\"https:\\\/\\\/secure.gravatar.com\\\/avatar\\\/50efe5915c3eac137dcc550ff1c590bc6054705eb482a33520c9501c8eec550f?s=96&d=mm&r=g\",\"contentUrl\":\"https:\\\/\\\/secure.gravatar.com\\\/avatar\\\/50efe5915c3eac137dcc550ff1c590bc6054705eb482a33520c9501c8eec550f?s=96&d=mm&r=g\",\"caption\":\"Mar\u00eda Esther Beltr\u00e1n Mart\u00ednez\"},\"url\":\"https:\\\/\\\/www.bbmnoticias.com\\\/labravaradiofm\\\/author\\\/maria\\\/\"}]}<\/script>\n<!-- \/ Yoast SEO plugin. -->","yoast_head_json":{"title":"Cuenta regresiva.\u00a0 Expectaci\u00f3n e hito musical: los Premios Juventud listos para desembarcar en Starlite Marbella - LA BRAVA RADIO","robots":{"index":"index","follow":"follow","max-snippet":"max-snippet:-1","max-image-preview":"max-image-preview:large","max-video-preview":"max-video-preview:-1"},"canonical":"https:\/\/www.bbmnoticias.com\/cuenta-regresiva-expectacion-e-hito-musical-los-premios-juventud-listos-para-desembarcar-en-starlite-marbella\/","og_locale":"es_MX","og_type":"article","og_title":"Cuenta regresiva.\u00a0 Expectaci\u00f3n e hito musical: los Premios Juventud listos para desembarcar en Starlite Marbella - LA BRAVA RADIO","og_description":"Marbella, Espa\u00f1a.- &nbsp;La cuenta atr\u00e1s ha comenzado. El pr\u00f3ximo jueves 3 de septiembre, el Auditorio Starlite Marbella, ubicado en la Cantera de Nag\u00fcelles, se convertir\u00e1 en el escenario de un acontecimiento in\u00e9dito: la celebraci\u00f3n de la primera edici\u00f3n europea de los Premios Juventud. Por primera vez en sus 23 a\u00f1os de historia, la gala producida [&hellip;]","og_url":"https:\/\/www.bbmnoticias.com\/cuenta-regresiva-expectacion-e-hito-musical-los-premios-juventud-listos-para-desembarcar-en-starlite-marbella\/","og_site_name":"LA BRAVA RADIO","article_published_time":"2026-09-02T14:18:59+00:00","article_modified_time":"2026-09-02T14:19:02+00:00","og_image":[{"width":800,"height":419,"url":"https:\/\/www.bbmnoticias.com\/labravaradiofm\/wp-content\/uploads\/sites\/5\/2026\/09\/Premios_juventud.jpg","type":"image\/jpeg"}],"author":"Mar\u00eda Esther Beltr\u00e1n Mart\u00ednez","twitter_card":"summary_large_image","twitter_misc":{"Escrito por":"Mar\u00eda Esther Beltr\u00e1n Mart\u00ednez","Tiempo de lectura":"6 minutos"},"schema":{"@context":"https:\/\/schema.org","@graph":[{"@type":"Article","@id":"https:\/\/www.bbmnoticias.com\/cuenta-regresiva-expectacion-e-hito-musical-los-premios-juventud-listos-para-desembarcar-en-starlite-marbella\/#article","isPartOf":{"@id":"https:\/\/www.bbmnoticias.com\/labravaradiofm\/2026\/09\/02\/cuenta-regresiva-expectacion-e-hito-musical-los-premios-juventud-listos-para-desembarcar-en-starlite-marbella\/"},"author":{"name":"Mar\u00eda Esther Beltr\u00e1n Mart\u00ednez","@id":"https:\/\/www.bbmnoticias.com\/labravaradiofm\/#\/schema\/person\/1b98b561c4821caaafd50240c7f8bcfd"},"headline":"Cuenta regresiva.\u00a0 Expectaci\u00f3n e hito musical: los Premios Juventud listos para desembarcar en Starlite Marbella","datePublished":"2026-09-02T14:18:59+00:00","dateModified":"2026-09-02T14:19:02+00:00","mainEntityOfPage":{"@id":"https:\/\/www.bbmnoticias.com\/labravaradiofm\/2026\/09\/02\/cuenta-regresiva-expectacion-e-hito-musical-los-premios-juventud-listos-para-desembarcar-en-starlite-marbella\/"},"wordCount":1294,"image":{"@id":"https:\/\/www.bbmnoticias.com\/cuenta-regresiva-expectacion-e-hito-musical-los-premios-juventud-listos-para-desembarcar-en-starlite-marbella\/#primaryimage"},"thumbnailUrl":"https:\/\/www.bbmnoticias.com\/labravaradiofm\/wp-content\/uploads\/sites\/5\/2026\/09\/Premios_juventud.jpg","articleSection":["ESPECT\u00c1CULOS","LOCAL"],"inLanguage":"es"},{"@type":"WebPage","@id":"https:\/\/www.bbmnoticias.com\/labravaradiofm\/2026\/09\/02\/cuenta-regresiva-expectacion-e-hito-musical-los-premios-juventud-listos-para-desembarcar-en-starlite-marbella\/","url":"https:\/\/www.bbmnoticias.com\/cuenta-regresiva-expectacion-e-hito-musical-los-premios-juventud-listos-para-desembarcar-en-starlite-marbella\/","name":"Cuenta regresiva.\u00a0 Expectaci\u00f3n e hito musical: los Premios Juventud listos para desembarcar en Starlite Marbella - LA BRAVA RADIO","isPartOf":{"@id":"https:\/\/www.bbmnoticias.com\/labravaradiofm\/#website"},"primaryImageOfPage":{"@id":"https:\/\/www.bbmnoticias.com\/cuenta-regresiva-expectacion-e-hito-musical-los-premios-juventud-listos-para-desembarcar-en-starlite-marbella\/#primaryimage"},"image":{"@id":"https:\/\/www.bbmnoticias.com\/cuenta-regresiva-expectacion-e-hito-musical-los-premios-juventud-listos-para-desembarcar-en-starlite-marbella\/#primaryimage"},"thumbnailUrl":"https:\/\/www.bbmnoticias.com\/labravaradiofm\/wp-content\/uploads\/sites\/5\/2026\/09\/Premios_juventud.jpg","datePublished":"2026-09-02T14:18:59+00:00","dateModified":"2026-09-02T14:19:02+00:00","author":{"@id":"https:\/\/www.bbmnoticias.com\/labravaradiofm\/#\/schema\/person\/1b98b561c4821caaafd50240c7f8bcfd"},"breadcrumb":{"@id":"https:\/\/www.bbmnoticias.com\/cuenta-regresiva-expectacion-e-hito-musical-los-premios-juventud-listos-para-desembarcar-en-starlite-marbella\/#breadcrumb"},"inLanguage":"es","potentialAction":[{"@type":"ReadAction","target":["https:\/\/www.bbmnoticias.com\/cuenta-regresiva-expectacion-e-hito-musical-los-premios-juventud-listos-para-desembarcar-en-starlite-marbella\/"]}]},{"@type":"ImageObject","inLanguage":"es","@id":"https:\/\/www.bbmnoticias.com\/cuenta-regresiva-expectacion-e-hito-musical-los-premios-juventud-listos-para-desembarcar-en-starlite-marbella\/#primaryimage","url":"https:\/\/www.bbmnoticias.com\/labravaradiofm\/wp-content\/uploads\/sites\/5\/2026\/09\/Premios_juventud.jpg","contentUrl":"https:\/\/www.bbmnoticias.com\/labravaradiofm\/wp-content\/uploads\/sites\/5\/2026\/09\/Premios_juventud.jpg","width":800,"height":419},{"@type":"BreadcrumbList","@id":"https:\/\/www.bbmnoticias.com\/cuenta-regresiva-expectacion-e-hito-musical-los-premios-juventud-listos-para-desembarcar-en-starlite-marbella\/#breadcrumb","itemListElement":[{"@type":"ListItem","position":1,"name":"Inicio","item":"https:\/\/www.bbmnoticias.com\/labravaradiofm\/"},{"@type":"ListItem","position":2,"name":"Cuenta regresiva.\u00a0 Expectaci\u00f3n e hito musical: los Premios Juventud listos para desembarcar en Starlite Marbella"}]},{"@type":"WebSite","@id":"https:\/\/www.bbmnoticias.com\/labravaradiofm\/#website","url":"https:\/\/www.bbmnoticias.com\/labravaradiofm\/","name":"LA BRAVA RADIO","description":"Empresa productora de medios, Radiodifusi\u00f3n, Noticias, tendencias y todo lo que necesitas saber de la pol\u00edtica mexicana e internacional; entretenimiento, espect\u00e1culos, salud y mucho m\u00e1s.","potentialAction":[{"@type":"SearchAction","target":{"@type":"EntryPoint","urlTemplate":"https:\/\/www.bbmnoticias.com\/labravaradiofm\/?s={search_term_string}"},"query-input":{"@type":"PropertyValueSpecification","valueRequired":true,"valueName":"search_term_string"}}],"inLanguage":"es"},{"@type":"Person","@id":"https:\/\/www.bbmnoticias.com\/labravaradiofm\/#\/schema\/person\/1b98b561c4821caaafd50240c7f8bcfd","name":"Mar\u00eda Esther Beltr\u00e1n Mart\u00ednez","image":{"@type":"ImageObject","inLanguage":"es","@id":"https:\/\/secure.gravatar.com\/avatar\/50efe5915c3eac137dcc550ff1c590bc6054705eb482a33520c9501c8eec550f?s=96&d=mm&r=g","url":"https:\/\/secure.gravatar.com\/avatar\/50efe5915c3eac137dcc550ff1c590bc6054705eb482a33520c9501c8eec550f?s=96&d=mm&r=g","contentUrl":"https:\/\/secure.gravatar.com\/avatar\/50efe5915c3eac137dcc550ff1c590bc6054705eb482a33520c9501c8eec550f?s=96&d=mm&r=g","caption":"Mar\u00eda Esther Beltr\u00e1n Mart\u00ednez"},"url":"https:\/\/www.bbmnoticias.com\/labravaradiofm\/author\/maria\/"}]}},"_links":{"self":[{"href":"https:\/\/www.bbmnoticias.com\/labravaradiofm\/wp-json\/wp\/v2\/posts\/81355","targetHints":{"allow":["GET"]}}],"collection":[{"href":"https:\/\/www.bbmnoticias.com\/labravaradiofm\/wp-json\/wp\/v2\/posts"}],"about":[{"href":"https:\/\/www.bbmnoticias.com\/labravaradiofm\/wp-json\/wp\/v2\/types\/post"}],"author":[{"embeddable":true,"href":"https:\/\/www.bbmnoticias.com\/labravaradiofm\/wp-json\/wp\/v2\/users\/6"}],"replies":[{"embeddable":true,"href":"https:\/\/www.bbmnoticias.com\/labravaradiofm\/wp-json\/wp\/v2\/comments?post=81355"}],"version-history":[{"count":1,"href":"https:\/\/www.bbmnoticias.com\/labravaradiofm\/wp-json\/wp\/v2\/posts\/81355\/revisions"}],"predecessor-version":[{"id":81356,"href":"https:\/\/www.bbmnoticias.com\/labravaradiofm\/wp-json\/wp\/v2\/posts\/81355\/revisions\/81356"}],"wp:featuredmedia":[{"embeddable":true,"href":"https:\/\/www.bbmnoticias.com\/labravaradiofm\/wp-json\/wp\/v2\/media\/81357"}],"wp:attachment":[{"href":"https:\/\/www.bbmnoticias.com\/labravaradiofm\/wp-json\/wp\/v2\/media?parent=81355"}],"wp:term":[{"taxonomy":"category","embeddable":true,"href":"https:\/\/www.bbmnoticias.com\/labravaradiofm\/wp-json\/wp\/v2\/categories?post=81355"},{"taxonomy":"post_tag","embeddable":true,"href":"https:\/\/www.bbmnoticias.com\/labravaradiofm\/wp-json\/wp\/v2\/tags?post=81355"}],"curies":[{"name":"wp","href":"https:\/\/api.w.org\/{rel}","templated":true}]}}