{"id":81343,"date":"2026-09-01T19:28:49","date_gmt":"2026-09-02T01:28:49","guid":{"rendered":"https:\/\/www.bbmnoticias.com\/labravaradiofm\/2026\/09\/01\/detienen-en-miahuatlan-a-hombre-senalado-por-probable-pederastia\/"},"modified":"2026-09-01T19:28:52","modified_gmt":"2026-09-02T01:28:52","slug":"detienen-en-miahuatlan-a-hombre-senalado-por-probable-pederastia","status":"publish","type":"post","link":"https:\/\/www.bbmnoticias.com\/labravaradiofm\/2026\/09\/01\/detienen-en-miahuatlan-a-hombre-senalado-por-probable-pederastia\/","title":{"rendered":"Detienen en Miahuatl\u00e1n a hombre se\u00f1alado por probable pederastia"},"content":{"rendered":"\n<p class=\"wp-block-paragraph\"><strong>Oaxaca de Ju\u00e1rez, Oax., 1 de septiembre de 2026.<\/strong>\u2013 La Fiscal\u00eda General del Estado de Oaxaca (FGEO) inform\u00f3 sobre el cumplimiento de una orden de aprehensi\u00f3n contra un hombre identificado con las iniciales <strong>D.A.S.U.<\/strong>, se\u00f1alado como probable responsable del delito de pederastia, por hechos ocurridos en el municipio de Miahuatl\u00e1n de Porfirio D\u00edaz.<\/p>\n\n\n\n<p class=\"wp-block-paragraph\">De acuerdo con la informaci\u00f3n proporcionada por la Fiscal\u00eda, la denuncia fue presentada por la madre de la v\u00edctima, un menor de edad cuya identidad se mantiene bajo reserva conforme a la legislaci\u00f3n vigente.<\/p>\n\n\n\n<p class=\"wp-block-paragraph\">Los hechos que dieron origen a la investigaci\u00f3n habr\u00edan ocurrido el <strong>22 de junio de 2026<\/strong>, al interior de un plantel de educaci\u00f3n preescolar ubicado en la colonia <strong>20 de Noviembre<\/strong>, en Miahuatl\u00e1n de Porfirio D\u00edaz.<\/p>\n\n\n\n<p class=\"wp-block-paragraph\">Tras recibir la denuncia, la FGEO, a trav\u00e9s de la <strong>Vicefiscal\u00eda Regional de la Sierra Sur<\/strong>, inici\u00f3 las investigaciones correspondientes y llev\u00f3 a cabo diversas diligencias para esclarecer lo ocurrido.<\/p>\n\n\n\n<p class=\"wp-block-paragraph\">Entre las acciones ministeriales realizadas se encuentran entrevistas e inspecciones en los lugares relacionados con la investigaci\u00f3n, adem\u00e1s de otras diligencias encaminadas a reunir los elementos necesarios para determinar las circunstancias de los hechos y establecer las responsabilidades correspondientes.<\/p>\n\n\n\n<p class=\"wp-block-paragraph\">Como resultado de estas investigaciones, la Fiscal\u00eda obtuvo de la autoridad judicial la orden de aprehensi\u00f3n contra D.A.S.U., misma que fue cumplimentada por elementos de la <strong>Agencia Estatal de Investigaciones (AEI)<\/strong> en Miahuatl\u00e1n de Porfirio D\u00edaz.<\/p>\n\n\n\n<p class=\"wp-block-paragraph\">El detenido qued\u00f3 a disposici\u00f3n del <strong>Ministerio P\u00fablico<\/strong>, instancia que continuar\u00e1 con las actuaciones correspondientes ante la autoridad judicial.<\/p>\n\n\n\n<p class=\"wp-block-paragraph\">La Fiscal\u00eda General del Estado de Oaxaca reiter\u00f3 que las investigaciones continuar\u00e1n conforme a los procedimientos establecidos por la ley.<\/p>\n\n\n\n<p class=\"wp-block-paragraph\"><\/p>\n","protected":false},"excerpt":{"rendered":"<p>Oaxaca de Ju\u00e1rez, Oax., 1 de septiembre de 2026.\u2013 La Fiscal\u00eda General del Estado de Oaxaca (FGEO) inform\u00f3 sobre el cumplimiento de una orden de aprehensi\u00f3n contra un hombre identificado con las iniciales D.A.S.U., se\u00f1alado como probable responsable del delito de pederastia, por hechos ocurridos en el municipio de Miahuatl\u00e1n de Porfirio D\u00edaz. De acuerdo [&hellip;]<\/p>\n","protected":false},"author":2,"featured_media":81345,"comment_status":"closed","ping_status":"open","sticky":false,"template":"","format":"standard","meta":{"footnotes":""},"categories":[2,20],"tags":[],"class_list":["post-81343","post","type-post","status-publish","format-standard","has-post-thumbnail","hentry","category-oaxaca","category-policiaca"],"yoast_head":"<!-- This site is optimized with the Yoast SEO plugin v28.1 - https:\/\/yoast.com\/product\/yoast-seo-wordpress\/ -->\n<title>Detienen en Miahuatl\u00e1n a hombre se\u00f1alado por probable pederastia - LA BRAVA RADIO<\/title>\n<meta name=\"robots\" content=\"index, follow, max-snippet:-1, max-image-preview:large, max-video-preview:-1\" \/>\n<link rel=\"canonical\" href=\"https:\/\/www.bbmnoticias.com\/detienen-en-miahuatlan-a-hombre-senalado-por-probable-pederastia\/\" \/>\n<meta property=\"og:locale\" content=\"es_MX\" \/>\n<meta property=\"og:type\" content=\"article\" \/>\n<meta property=\"og:title\" content=\"Detienen en Miahuatl\u00e1n a hombre se\u00f1alado por probable pederastia - LA BRAVA RADIO\" \/>\n<meta property=\"og:description\" content=\"Oaxaca de Ju\u00e1rez, Oax., 1 de septiembre de 2026.\u2013 La Fiscal\u00eda General del Estado de Oaxaca (FGEO) inform\u00f3 sobre el cumplimiento de una orden de aprehensi\u00f3n contra un hombre identificado con las iniciales D.A.S.U., se\u00f1alado como probable responsable del delito de pederastia, por hechos ocurridos en el municipio de Miahuatl\u00e1n de Porfirio D\u00edaz. De acuerdo [&hellip;]\" \/>\n<meta property=\"og:url\" content=\"https:\/\/www.bbmnoticias.com\/detienen-en-miahuatlan-a-hombre-senalado-por-probable-pederastia\/\" \/>\n<meta property=\"og:site_name\" content=\"LA BRAVA RADIO\" \/>\n<meta property=\"article:published_time\" content=\"2026-09-02T01:28:49+00:00\" \/>\n<meta property=\"article:modified_time\" content=\"2026-09-02T01:28:52+00:00\" \/>\n<meta property=\"og:image\" content=\"https:\/\/www.bbmnoticias.com\/labravaradiofm\/wp-content\/uploads\/sites\/5\/2026\/09\/presunto_agresor-1.jpg\" \/>\n\t<meta property=\"og:image:width\" content=\"800\" \/>\n\t<meta property=\"og:image:height\" content=\"450\" \/>\n\t<meta property=\"og:image:type\" content=\"image\/jpeg\" \/>\n<meta name=\"author\" content=\"Staff\" \/>\n<meta name=\"twitter:card\" content=\"summary_large_image\" \/>\n<meta name=\"twitter:label1\" content=\"Escrito por\" \/>\n\t<meta name=\"twitter:data1\" content=\"Staff\" \/>\n\t<meta name=\"twitter:label2\" content=\"Tiempo de lectura\" \/>\n\t<meta name=\"twitter:data2\" content=\"1 minuto\" \/>\n<script type=\"application\/ld+json\" class=\"yoast-schema-graph\">{\"@context\":\"https:\\\/\\\/schema.org\",\"@graph\":[{\"@type\":\"Article\",\"@id\":\"https:\\\/\\\/www.bbmnoticias.com\\\/detienen-en-miahuatlan-a-hombre-senalado-por-probable-pederastia\\\/#article\",\"isPartOf\":{\"@id\":\"https:\\\/\\\/www.bbmnoticias.com\\\/labravaradiofm\\\/2026\\\/09\\\/01\\\/detienen-en-miahuatlan-a-hombre-senalado-por-probable-pederastia\\\/\"},\"author\":{\"name\":\"Staff\",\"@id\":\"https:\\\/\\\/www.bbmnoticias.com\\\/labravaradiofm\\\/#\\\/schema\\\/person\\\/9eb037257fc48a09cdf31d9a2f45619f\"},\"headline\":\"Detienen en Miahuatl\u00e1n a hombre se\u00f1alado por probable pederastia\",\"datePublished\":\"2026-09-02T01:28:49+00:00\",\"dateModified\":\"2026-09-02T01:28:52+00:00\",\"mainEntityOfPage\":{\"@id\":\"https:\\\/\\\/www.bbmnoticias.com\\\/labravaradiofm\\\/2026\\\/09\\\/01\\\/detienen-en-miahuatlan-a-hombre-senalado-por-probable-pederastia\\\/\"},\"wordCount\":306,\"image\":{\"@id\":\"https:\\\/\\\/www.bbmnoticias.com\\\/detienen-en-miahuatlan-a-hombre-senalado-por-probable-pederastia\\\/#primaryimage\"},\"thumbnailUrl\":\"https:\\\/\\\/www.bbmnoticias.com\\\/labravaradiofm\\\/wp-content\\\/uploads\\\/sites\\\/5\\\/2026\\\/09\\\/presunto_agresor-1.jpg\",\"articleSection\":[\"LOCAL\",\"POLICIACA\"],\"inLanguage\":\"es\"},{\"@type\":\"WebPage\",\"@id\":\"https:\\\/\\\/www.bbmnoticias.com\\\/labravaradiofm\\\/2026\\\/09\\\/01\\\/detienen-en-miahuatlan-a-hombre-senalado-por-probable-pederastia\\\/\",\"url\":\"https:\\\/\\\/www.bbmnoticias.com\\\/detienen-en-miahuatlan-a-hombre-senalado-por-probable-pederastia\\\/\",\"name\":\"Detienen en Miahuatl\u00e1n a hombre se\u00f1alado por probable pederastia - LA BRAVA RADIO\",\"isPartOf\":{\"@id\":\"https:\\\/\\\/www.bbmnoticias.com\\\/labravaradiofm\\\/#website\"},\"primaryImageOfPage\":{\"@id\":\"https:\\\/\\\/www.bbmnoticias.com\\\/detienen-en-miahuatlan-a-hombre-senalado-por-probable-pederastia\\\/#primaryimage\"},\"image\":{\"@id\":\"https:\\\/\\\/www.bbmnoticias.com\\\/detienen-en-miahuatlan-a-hombre-senalado-por-probable-pederastia\\\/#primaryimage\"},\"thumbnailUrl\":\"https:\\\/\\\/www.bbmnoticias.com\\\/labravaradiofm\\\/wp-content\\\/uploads\\\/sites\\\/5\\\/2026\\\/09\\\/presunto_agresor-1.jpg\",\"datePublished\":\"2026-09-02T01:28:49+00:00\",\"dateModified\":\"2026-09-02T01:28:52+00:00\",\"author\":{\"@id\":\"https:\\\/\\\/www.bbmnoticias.com\\\/labravaradiofm\\\/#\\\/schema\\\/person\\\/9eb037257fc48a09cdf31d9a2f45619f\"},\"breadcrumb\":{\"@id\":\"https:\\\/\\\/www.bbmnoticias.com\\\/detienen-en-miahuatlan-a-hombre-senalado-por-probable-pederastia\\\/#breadcrumb\"},\"inLanguage\":\"es\",\"potentialAction\":[{\"@type\":\"ReadAction\",\"target\":[\"https:\\\/\\\/www.bbmnoticias.com\\\/detienen-en-miahuatlan-a-hombre-senalado-por-probable-pederastia\\\/\"]}]},{\"@type\":\"ImageObject\",\"inLanguage\":\"es\",\"@id\":\"https:\\\/\\\/www.bbmnoticias.com\\\/detienen-en-miahuatlan-a-hombre-senalado-por-probable-pederastia\\\/#primaryimage\",\"url\":\"https:\\\/\\\/www.bbmnoticias.com\\\/labravaradiofm\\\/wp-content\\\/uploads\\\/sites\\\/5\\\/2026\\\/09\\\/presunto_agresor-1.jpg\",\"contentUrl\":\"https:\\\/\\\/www.bbmnoticias.com\\\/labravaradiofm\\\/wp-content\\\/uploads\\\/sites\\\/5\\\/2026\\\/09\\\/presunto_agresor-1.jpg\",\"width\":800,\"height\":450},{\"@type\":\"BreadcrumbList\",\"@id\":\"https:\\\/\\\/www.bbmnoticias.com\\\/detienen-en-miahuatlan-a-hombre-senalado-por-probable-pederastia\\\/#breadcrumb\",\"itemListElement\":[{\"@type\":\"ListItem\",\"position\":1,\"name\":\"Inicio\",\"item\":\"https:\\\/\\\/www.bbmnoticias.com\\\/labravaradiofm\\\/\"},{\"@type\":\"ListItem\",\"position\":2,\"name\":\"Detienen en Miahuatl\u00e1n a hombre se\u00f1alado por probable pederastia\"}]},{\"@type\":\"WebSite\",\"@id\":\"https:\\\/\\\/www.bbmnoticias.com\\\/labravaradiofm\\\/#website\",\"url\":\"https:\\\/\\\/www.bbmnoticias.com\\\/labravaradiofm\\\/\",\"name\":\"LA BRAVA RADIO\",\"description\":\"Empresa productora de medios, Radiodifusi\u00f3n, Noticias, tendencias y todo lo que necesitas saber de la pol\u00edtica mexicana e internacional; entretenimiento, espect\u00e1culos, salud y mucho m\u00e1s.\",\"potentialAction\":[{\"@type\":\"SearchAction\",\"target\":{\"@type\":\"EntryPoint\",\"urlTemplate\":\"https:\\\/\\\/www.bbmnoticias.com\\\/labravaradiofm\\\/?s={search_term_string}\"},\"query-input\":{\"@type\":\"PropertyValueSpecification\",\"valueRequired\":true,\"valueName\":\"search_term_string\"}}],\"inLanguage\":\"es\"},{\"@type\":\"Person\",\"@id\":\"https:\\\/\\\/www.bbmnoticias.com\\\/labravaradiofm\\\/#\\\/schema\\\/person\\\/9eb037257fc48a09cdf31d9a2f45619f\",\"name\":\"Staff\",\"image\":{\"@type\":\"ImageObject\",\"inLanguage\":\"es\",\"@id\":\"https:\\\/\\\/secure.gravatar.com\\\/avatar\\\/fdd21ad66fd8b98c407f9dee5b5e588cfe7f0d8579ec20fa6527cd59bab7f0f0?s=96&d=mm&r=g\",\"url\":\"https:\\\/\\\/secure.gravatar.com\\\/avatar\\\/fdd21ad66fd8b98c407f9dee5b5e588cfe7f0d8579ec20fa6527cd59bab7f0f0?s=96&d=mm&r=g\",\"contentUrl\":\"https:\\\/\\\/secure.gravatar.com\\\/avatar\\\/fdd21ad66fd8b98c407f9dee5b5e588cfe7f0d8579ec20fa6527cd59bab7f0f0?s=96&d=mm&r=g\",\"caption\":\"Staff\"},\"url\":\"https:\\\/\\\/www.bbmnoticias.com\\\/labravaradiofm\\\/author\\\/redaccion\\\/\"}]}<\/script>\n<!-- \/ Yoast SEO plugin. -->","yoast_head_json":{"title":"Detienen en Miahuatl\u00e1n a hombre se\u00f1alado por probable pederastia - LA BRAVA RADIO","robots":{"index":"index","follow":"follow","max-snippet":"max-snippet:-1","max-image-preview":"max-image-preview:large","max-video-preview":"max-video-preview:-1"},"canonical":"https:\/\/www.bbmnoticias.com\/detienen-en-miahuatlan-a-hombre-senalado-por-probable-pederastia\/","og_locale":"es_MX","og_type":"article","og_title":"Detienen en Miahuatl\u00e1n a hombre se\u00f1alado por probable pederastia - LA BRAVA RADIO","og_description":"Oaxaca de Ju\u00e1rez, Oax., 1 de septiembre de 2026.\u2013 La Fiscal\u00eda General del Estado de Oaxaca (FGEO) inform\u00f3 sobre el cumplimiento de una orden de aprehensi\u00f3n contra un hombre identificado con las iniciales D.A.S.U., se\u00f1alado como probable responsable del delito de pederastia, por hechos ocurridos en el municipio de Miahuatl\u00e1n de Porfirio D\u00edaz. De acuerdo [&hellip;]","og_url":"https:\/\/www.bbmnoticias.com\/detienen-en-miahuatlan-a-hombre-senalado-por-probable-pederastia\/","og_site_name":"LA BRAVA RADIO","article_published_time":"2026-09-02T01:28:49+00:00","article_modified_time":"2026-09-02T01:28:52+00:00","og_image":[{"width":800,"height":450,"url":"https:\/\/www.bbmnoticias.com\/labravaradiofm\/wp-content\/uploads\/sites\/5\/2026\/09\/presunto_agresor-1.jpg","type":"image\/jpeg"}],"author":"Staff","twitter_card":"summary_large_image","twitter_misc":{"Escrito por":"Staff","Tiempo de lectura":"1 minuto"},"schema":{"@context":"https:\/\/schema.org","@graph":[{"@type":"Article","@id":"https:\/\/www.bbmnoticias.com\/detienen-en-miahuatlan-a-hombre-senalado-por-probable-pederastia\/#article","isPartOf":{"@id":"https:\/\/www.bbmnoticias.com\/labravaradiofm\/2026\/09\/01\/detienen-en-miahuatlan-a-hombre-senalado-por-probable-pederastia\/"},"author":{"name":"Staff","@id":"https:\/\/www.bbmnoticias.com\/labravaradiofm\/#\/schema\/person\/9eb037257fc48a09cdf31d9a2f45619f"},"headline":"Detienen en Miahuatl\u00e1n a hombre se\u00f1alado por probable pederastia","datePublished":"2026-09-02T01:28:49+00:00","dateModified":"2026-09-02T01:28:52+00:00","mainEntityOfPage":{"@id":"https:\/\/www.bbmnoticias.com\/labravaradiofm\/2026\/09\/01\/detienen-en-miahuatlan-a-hombre-senalado-por-probable-pederastia\/"},"wordCount":306,"image":{"@id":"https:\/\/www.bbmnoticias.com\/detienen-en-miahuatlan-a-hombre-senalado-por-probable-pederastia\/#primaryimage"},"thumbnailUrl":"https:\/\/www.bbmnoticias.com\/labravaradiofm\/wp-content\/uploads\/sites\/5\/2026\/09\/presunto_agresor-1.jpg","articleSection":["LOCAL","POLICIACA"],"inLanguage":"es"},{"@type":"WebPage","@id":"https:\/\/www.bbmnoticias.com\/labravaradiofm\/2026\/09\/01\/detienen-en-miahuatlan-a-hombre-senalado-por-probable-pederastia\/","url":"https:\/\/www.bbmnoticias.com\/detienen-en-miahuatlan-a-hombre-senalado-por-probable-pederastia\/","name":"Detienen en Miahuatl\u00e1n a hombre se\u00f1alado por probable pederastia - LA BRAVA RADIO","isPartOf":{"@id":"https:\/\/www.bbmnoticias.com\/labravaradiofm\/#website"},"primaryImageOfPage":{"@id":"https:\/\/www.bbmnoticias.com\/detienen-en-miahuatlan-a-hombre-senalado-por-probable-pederastia\/#primaryimage"},"image":{"@id":"https:\/\/www.bbmnoticias.com\/detienen-en-miahuatlan-a-hombre-senalado-por-probable-pederastia\/#primaryimage"},"thumbnailUrl":"https:\/\/www.bbmnoticias.com\/labravaradiofm\/wp-content\/uploads\/sites\/5\/2026\/09\/presunto_agresor-1.jpg","datePublished":"2026-09-02T01:28:49+00:00","dateModified":"2026-09-02T01:28:52+00:00","author":{"@id":"https:\/\/www.bbmnoticias.com\/labravaradiofm\/#\/schema\/person\/9eb037257fc48a09cdf31d9a2f45619f"},"breadcrumb":{"@id":"https:\/\/www.bbmnoticias.com\/detienen-en-miahuatlan-a-hombre-senalado-por-probable-pederastia\/#breadcrumb"},"inLanguage":"es","potentialAction":[{"@type":"ReadAction","target":["https:\/\/www.bbmnoticias.com\/detienen-en-miahuatlan-a-hombre-senalado-por-probable-pederastia\/"]}]},{"@type":"ImageObject","inLanguage":"es","@id":"https:\/\/www.bbmnoticias.com\/detienen-en-miahuatlan-a-hombre-senalado-por-probable-pederastia\/#primaryimage","url":"https:\/\/www.bbmnoticias.com\/labravaradiofm\/wp-content\/uploads\/sites\/5\/2026\/09\/presunto_agresor-1.jpg","contentUrl":"https:\/\/www.bbmnoticias.com\/labravaradiofm\/wp-content\/uploads\/sites\/5\/2026\/09\/presunto_agresor-1.jpg","width":800,"height":450},{"@type":"BreadcrumbList","@id":"https:\/\/www.bbmnoticias.com\/detienen-en-miahuatlan-a-hombre-senalado-por-probable-pederastia\/#breadcrumb","itemListElement":[{"@type":"ListItem","position":1,"name":"Inicio","item":"https:\/\/www.bbmnoticias.com\/labravaradiofm\/"},{"@type":"ListItem","position":2,"name":"Detienen en Miahuatl\u00e1n a hombre se\u00f1alado por probable pederastia"}]},{"@type":"WebSite","@id":"https:\/\/www.bbmnoticias.com\/labravaradiofm\/#website","url":"https:\/\/www.bbmnoticias.com\/labravaradiofm\/","name":"LA BRAVA RADIO","description":"Empresa productora de medios, Radiodifusi\u00f3n, Noticias, tendencias y todo lo que necesitas saber de la pol\u00edtica mexicana e internacional; entretenimiento, espect\u00e1culos, salud y mucho m\u00e1s.","potentialAction":[{"@type":"SearchAction","target":{"@type":"EntryPoint","urlTemplate":"https:\/\/www.bbmnoticias.com\/labravaradiofm\/?s={search_term_string}"},"query-input":{"@type":"PropertyValueSpecification","valueRequired":true,"valueName":"search_term_string"}}],"inLanguage":"es"},{"@type":"Person","@id":"https:\/\/www.bbmnoticias.com\/labravaradiofm\/#\/schema\/person\/9eb037257fc48a09cdf31d9a2f45619f","name":"Staff","image":{"@type":"ImageObject","inLanguage":"es","@id":"https:\/\/secure.gravatar.com\/avatar\/fdd21ad66fd8b98c407f9dee5b5e588cfe7f0d8579ec20fa6527cd59bab7f0f0?s=96&d=mm&r=g","url":"https:\/\/secure.gravatar.com\/avatar\/fdd21ad66fd8b98c407f9dee5b5e588cfe7f0d8579ec20fa6527cd59bab7f0f0?s=96&d=mm&r=g","contentUrl":"https:\/\/secure.gravatar.com\/avatar\/fdd21ad66fd8b98c407f9dee5b5e588cfe7f0d8579ec20fa6527cd59bab7f0f0?s=96&d=mm&r=g","caption":"Staff"},"url":"https:\/\/www.bbmnoticias.com\/labravaradiofm\/author\/redaccion\/"}]}},"_links":{"self":[{"href":"https:\/\/www.bbmnoticias.com\/labravaradiofm\/wp-json\/wp\/v2\/posts\/81343","targetHints":{"allow":["GET"]}}],"collection":[{"href":"https:\/\/www.bbmnoticias.com\/labravaradiofm\/wp-json\/wp\/v2\/posts"}],"about":[{"href":"https:\/\/www.bbmnoticias.com\/labravaradiofm\/wp-json\/wp\/v2\/types\/post"}],"author":[{"embeddable":true,"href":"https:\/\/www.bbmnoticias.com\/labravaradiofm\/wp-json\/wp\/v2\/users\/2"}],"replies":[{"embeddable":true,"href":"https:\/\/www.bbmnoticias.com\/labravaradiofm\/wp-json\/wp\/v2\/comments?post=81343"}],"version-history":[{"count":1,"href":"https:\/\/www.bbmnoticias.com\/labravaradiofm\/wp-json\/wp\/v2\/posts\/81343\/revisions"}],"predecessor-version":[{"id":81344,"href":"https:\/\/www.bbmnoticias.com\/labravaradiofm\/wp-json\/wp\/v2\/posts\/81343\/revisions\/81344"}],"wp:featuredmedia":[{"embeddable":true,"href":"https:\/\/www.bbmnoticias.com\/labravaradiofm\/wp-json\/wp\/v2\/media\/81345"}],"wp:attachment":[{"href":"https:\/\/www.bbmnoticias.com\/labravaradiofm\/wp-json\/wp\/v2\/media?parent=81343"}],"wp:term":[{"taxonomy":"category","embeddable":true,"href":"https:\/\/www.bbmnoticias.com\/labravaradiofm\/wp-json\/wp\/v2\/categories?post=81343"},{"taxonomy":"post_tag","embeddable":true,"href":"https:\/\/www.bbmnoticias.com\/labravaradiofm\/wp-json\/wp\/v2\/tags?post=81343"}],"curies":[{"name":"wp","href":"https:\/\/api.w.org\/{rel}","templated":true}]}}