{"id":81340,"date":"2026-09-01T15:06:36","date_gmt":"2026-09-01T21:06:36","guid":{"rendered":"https:\/\/www.bbmnoticias.com\/labravaradiofm\/2026\/09\/01\/antonino-morales-respalda-segundo-informe-de-sheinbaum-y-llama-a-cerrar-filas-en-defensa-de-la-transformacion\/"},"modified":"2026-09-01T15:06:39","modified_gmt":"2026-09-01T21:06:39","slug":"antonino-morales-respalda-segundo-informe-de-sheinbaum-y-llama-a-cerrar-filas-en-defensa-de-la-transformacion","status":"publish","type":"post","link":"https:\/\/www.bbmnoticias.com\/labravaradiofm\/2026\/09\/01\/antonino-morales-respalda-segundo-informe-de-sheinbaum-y-llama-a-cerrar-filas-en-defensa-de-la-transformacion\/","title":{"rendered":"Antonino Morales respalda Segundo Informe de Sheinbaum y llama a cerrar filas en defensa de la transformaci\u00f3n"},"content":{"rendered":"\n<p class=\"wp-block-paragraph\"><strong>Oaxaca de Ju\u00e1rez, Oax.\u2014<\/strong> El senador de la Rep\u00fablica por Oaxaca, <strong>Antonino Morales Toledo<\/strong>, expres\u00f3 su respaldo a la presidenta <strong>Claudia Sheinbaum Pardo<\/strong> tras la presentaci\u00f3n de su Segundo Informe de Gobierno y llam\u00f3 a cerrar filas en torno al proyecto de la Cuarta Transformaci\u00f3n.<\/p>\n\n\n\n<p class=\"wp-block-paragraph\">El legislador sostuvo que el informe confirma, desde su perspectiva, que el pa\u00eds avanza con rumbo definido y con el bienestar de la poblaci\u00f3n como eje de las pol\u00edticas p\u00fablicas.<\/p>\n\n\n\n<p class=\"wp-block-paragraph\">\u201cLa presidenta est\u00e1 construyendo el segundo piso de la Cuarta Transformaci\u00f3n con amor al pueblo, con templanza y determinaci\u00f3n. Gobierna con principios, no con ocurrencias\u201d, afirm\u00f3.<\/p>\n\n\n\n<p class=\"wp-block-paragraph\">Morales Toledo destac\u00f3 tambi\u00e9n la pol\u00edtica exterior impulsada por Sheinbaum, particularmente en materia de defensa de la soberan\u00eda nacional, con una postura basada, dijo, en la cooperaci\u00f3n internacional sin sometimiento.<\/p>\n\n\n\n<h2 class=\"wp-block-heading\">Destaca cifras del Gobierno Federal<\/h2>\n\n\n\n<p class=\"wp-block-paragraph\">El senador resalt\u00f3 algunos de los principales indicadores que atribuy\u00f3 a la administraci\u00f3n federal, entre ellos el <strong>incremento de 154 por ciento al salario m\u00ednimo<\/strong>, as\u00ed como una reducci\u00f3n de <strong>51 por ciento en los homicidios dolosos<\/strong>.<\/p>\n\n\n\n<p class=\"wp-block-paragraph\">Asimismo, afirm\u00f3 que la econom\u00eda mexicana mantiene fortaleza pese a factores externos y destac\u00f3 el comportamiento del peso frente a otras monedas.<\/p>\n\n\n\n<p class=\"wp-block-paragraph\">\u201cVamos mejor porque el rumbo lo marca el pueblo\u201d, sostuvo.<\/p>\n\n\n\n<h2 class=\"wp-block-heading\">Resalta obras y programas para Oaxaca<\/h2>\n\n\n\n<p class=\"wp-block-paragraph\">En cuanto a Oaxaca, Morales Toledo destac\u00f3 las obras y programas impulsados por el Gobierno Federal en la entidad.<\/p>\n\n\n\n<p class=\"wp-block-paragraph\">Entre ellas mencion\u00f3 el <strong>Plan General L\u00e1zaro C\u00e1rdenas del R\u00edo<\/strong>, mediante el cual se realizan trabajos de rehabilitaci\u00f3n de caminos en la Mixteca; la construcci\u00f3n de la <strong>Ciudad de la Salud \u00d1uu Tata<\/strong>, que contempla m\u00e1s de 700 camas mediante instalaciones del IMSS, ISSSTE e IMSS-Bienestar, as\u00ed como la <strong>Presa Mujer Solteca<\/strong>, proyectada para contribuir al abasto de agua potable en la capital oaxaque\u00f1a y municipios de la zona conurbada.<\/p>\n\n\n\n<p class=\"wp-block-paragraph\">El senador tambi\u00e9n destac\u00f3 los avances en la modernizaci\u00f3n del <strong>Corredor Interoce\u00e1nico del Istmo de Tehuantepec<\/strong>, adem\u00e1s de obras carreteras y de infraestructura estrat\u00e9gica como la ampliaci\u00f3n de la carretera <strong>Mitla-Tehuantepec<\/strong>, la autopista <strong>Salina Cruz-Zihuatanejo<\/strong>, el aeropuerto de Puerto Escondido y la rehabilitaci\u00f3n de la Refiner\u00eda de Salina Cruz.<\/p>\n\n\n\n<p class=\"wp-block-paragraph\">\u201cTodo esto es muestra del amor de la presidenta por las y los oaxaque\u00f1os\u201d, afirm\u00f3.<\/p>\n\n\n\n<h2 class=\"wp-block-heading\">M\u00e1s de 1.7 millones de beneficiarios de programas sociales<\/h2>\n\n\n\n<p class=\"wp-block-paragraph\">Morales Toledo tambi\u00e9n resalt\u00f3 la cobertura de los <strong>Programas para el Bienestar<\/strong> en Oaxaca, que, de acuerdo con sus declaraciones, alcanzan a m\u00e1s de <strong>un mill\u00f3n 735 mil beneficiarios<\/strong> en la entidad.<\/p>\n\n\n\n<p class=\"wp-block-paragraph\">El senador se\u00f1al\u00f3 que estos programas representan una v\u00eda para que la riqueza nacional se traduzca en mejores condiciones de vida para la poblaci\u00f3n.<\/p>\n\n\n\n<p class=\"wp-block-paragraph\">Finalmente, hizo un llamado a la unidad y a colocar el inter\u00e9s general por encima de los intereses personales.<\/p>\n\n\n\n<p class=\"wp-block-paragraph\">\u201cEl amor con amor se paga. Oaxaca respalda a nuestra presidenta. No debe haber duda: Claudia Sheinbaum es el faro moral de la Cuarta Transformaci\u00f3n. Mi respeto, mi admiraci\u00f3n y mi lealtad absoluta a su proyecto de naci\u00f3n\u201d, concluy\u00f3 Morales Toledo.<\/p>\n\n\n\n<p class=\"wp-block-paragraph\"><\/p>\n","protected":false},"excerpt":{"rendered":"<p>Oaxaca de Ju\u00e1rez, Oax.\u2014 El senador de la Rep\u00fablica por Oaxaca, Antonino Morales Toledo, expres\u00f3 su respaldo a la presidenta Claudia Sheinbaum Pardo tras la presentaci\u00f3n de su Segundo Informe de Gobierno y llam\u00f3 a cerrar filas en torno al proyecto de la Cuarta Transformaci\u00f3n. El legislador sostuvo que el informe confirma, desde su perspectiva, [&hellip;]<\/p>\n","protected":false},"author":2,"featured_media":81342,"comment_status":"closed","ping_status":"open","sticky":false,"template":"","format":"standard","meta":{"footnotes":""},"categories":[2],"tags":[],"class_list":["post-81340","post","type-post","status-publish","format-standard","has-post-thumbnail","hentry","category-oaxaca"],"yoast_head":"<!-- This site is optimized with the Yoast SEO plugin v28.1 - https:\/\/yoast.com\/product\/yoast-seo-wordpress\/ -->\n<title>Antonino Morales respalda Segundo Informe de Sheinbaum y llama a cerrar filas en defensa de la transformaci\u00f3n - LA BRAVA RADIO<\/title>\n<meta name=\"robots\" content=\"index, follow, max-snippet:-1, max-image-preview:large, max-video-preview:-1\" \/>\n<link rel=\"canonical\" href=\"https:\/\/www.bbmnoticias.com\/antonino-morales-respalda-segundo-informe-de-sheinbaum-y-llama-a-cerrar-filas-en-defensa-de-la-transformacion\/\" \/>\n<meta property=\"og:locale\" content=\"es_MX\" \/>\n<meta property=\"og:type\" content=\"article\" \/>\n<meta property=\"og:title\" content=\"Antonino Morales respalda Segundo Informe de Sheinbaum y llama a cerrar filas en defensa de la transformaci\u00f3n - LA BRAVA RADIO\" \/>\n<meta property=\"og:description\" content=\"Oaxaca de Ju\u00e1rez, Oax.\u2014 El senador de la Rep\u00fablica por Oaxaca, Antonino Morales Toledo, expres\u00f3 su respaldo a la presidenta Claudia Sheinbaum Pardo tras la presentaci\u00f3n de su Segundo Informe de Gobierno y llam\u00f3 a cerrar filas en torno al proyecto de la Cuarta Transformaci\u00f3n. El legislador sostuvo que el informe confirma, desde su perspectiva, [&hellip;]\" \/>\n<meta property=\"og:url\" content=\"https:\/\/www.bbmnoticias.com\/antonino-morales-respalda-segundo-informe-de-sheinbaum-y-llama-a-cerrar-filas-en-defensa-de-la-transformacion\/\" \/>\n<meta property=\"og:site_name\" content=\"LA BRAVA RADIO\" \/>\n<meta property=\"article:published_time\" content=\"2026-09-01T21:06:36+00:00\" \/>\n<meta property=\"article:modified_time\" content=\"2026-09-01T21:06:39+00:00\" \/>\n<meta property=\"og:image\" content=\"https:\/\/www.bbmnoticias.com\/labravaradiofm\/wp-content\/uploads\/sites\/5\/2026\/09\/nino_morales.jpg\" \/>\n\t<meta property=\"og:image:width\" content=\"800\" \/>\n\t<meta property=\"og:image:height\" content=\"528\" \/>\n\t<meta property=\"og:image:type\" content=\"image\/jpeg\" \/>\n<meta name=\"author\" content=\"Staff\" \/>\n<meta name=\"twitter:card\" content=\"summary_large_image\" \/>\n<meta name=\"twitter:label1\" content=\"Escrito por\" \/>\n\t<meta name=\"twitter:data1\" content=\"Staff\" \/>\n\t<meta name=\"twitter:label2\" content=\"Tiempo de lectura\" \/>\n\t<meta name=\"twitter:data2\" content=\"3 minutos\" \/>\n<script type=\"application\/ld+json\" class=\"yoast-schema-graph\">{\"@context\":\"https:\\\/\\\/schema.org\",\"@graph\":[{\"@type\":\"Article\",\"@id\":\"https:\\\/\\\/www.bbmnoticias.com\\\/antonino-morales-respalda-segundo-informe-de-sheinbaum-y-llama-a-cerrar-filas-en-defensa-de-la-transformacion\\\/#article\",\"isPartOf\":{\"@id\":\"https:\\\/\\\/www.bbmnoticias.com\\\/labravaradiofm\\\/2026\\\/09\\\/01\\\/antonino-morales-respalda-segundo-informe-de-sheinbaum-y-llama-a-cerrar-filas-en-defensa-de-la-transformacion\\\/\"},\"author\":{\"name\":\"Staff\",\"@id\":\"https:\\\/\\\/www.bbmnoticias.com\\\/labravaradiofm\\\/#\\\/schema\\\/person\\\/9eb037257fc48a09cdf31d9a2f45619f\"},\"headline\":\"Antonino Morales respalda Segundo Informe de Sheinbaum y llama a cerrar filas en defensa de la transformaci\u00f3n\",\"datePublished\":\"2026-09-01T21:06:36+00:00\",\"dateModified\":\"2026-09-01T21:06:39+00:00\",\"mainEntityOfPage\":{\"@id\":\"https:\\\/\\\/www.bbmnoticias.com\\\/labravaradiofm\\\/2026\\\/09\\\/01\\\/antonino-morales-respalda-segundo-informe-de-sheinbaum-y-llama-a-cerrar-filas-en-defensa-de-la-transformacion\\\/\"},\"wordCount\":547,\"image\":{\"@id\":\"https:\\\/\\\/www.bbmnoticias.com\\\/antonino-morales-respalda-segundo-informe-de-sheinbaum-y-llama-a-cerrar-filas-en-defensa-de-la-transformacion\\\/#primaryimage\"},\"thumbnailUrl\":\"https:\\\/\\\/www.bbmnoticias.com\\\/labravaradiofm\\\/wp-content\\\/uploads\\\/sites\\\/5\\\/2026\\\/09\\\/nino_morales.jpg\",\"articleSection\":[\"LOCAL\"],\"inLanguage\":\"es\"},{\"@type\":\"WebPage\",\"@id\":\"https:\\\/\\\/www.bbmnoticias.com\\\/labravaradiofm\\\/2026\\\/09\\\/01\\\/antonino-morales-respalda-segundo-informe-de-sheinbaum-y-llama-a-cerrar-filas-en-defensa-de-la-transformacion\\\/\",\"url\":\"https:\\\/\\\/www.bbmnoticias.com\\\/antonino-morales-respalda-segundo-informe-de-sheinbaum-y-llama-a-cerrar-filas-en-defensa-de-la-transformacion\\\/\",\"name\":\"Antonino Morales respalda Segundo Informe de Sheinbaum y llama a cerrar filas en defensa de la transformaci\u00f3n - LA BRAVA RADIO\",\"isPartOf\":{\"@id\":\"https:\\\/\\\/www.bbmnoticias.com\\\/labravaradiofm\\\/#website\"},\"primaryImageOfPage\":{\"@id\":\"https:\\\/\\\/www.bbmnoticias.com\\\/antonino-morales-respalda-segundo-informe-de-sheinbaum-y-llama-a-cerrar-filas-en-defensa-de-la-transformacion\\\/#primaryimage\"},\"image\":{\"@id\":\"https:\\\/\\\/www.bbmnoticias.com\\\/antonino-morales-respalda-segundo-informe-de-sheinbaum-y-llama-a-cerrar-filas-en-defensa-de-la-transformacion\\\/#primaryimage\"},\"thumbnailUrl\":\"https:\\\/\\\/www.bbmnoticias.com\\\/labravaradiofm\\\/wp-content\\\/uploads\\\/sites\\\/5\\\/2026\\\/09\\\/nino_morales.jpg\",\"datePublished\":\"2026-09-01T21:06:36+00:00\",\"dateModified\":\"2026-09-01T21:06:39+00:00\",\"author\":{\"@id\":\"https:\\\/\\\/www.bbmnoticias.com\\\/labravaradiofm\\\/#\\\/schema\\\/person\\\/9eb037257fc48a09cdf31d9a2f45619f\"},\"breadcrumb\":{\"@id\":\"https:\\\/\\\/www.bbmnoticias.com\\\/antonino-morales-respalda-segundo-informe-de-sheinbaum-y-llama-a-cerrar-filas-en-defensa-de-la-transformacion\\\/#breadcrumb\"},\"inLanguage\":\"es\",\"potentialAction\":[{\"@type\":\"ReadAction\",\"target\":[\"https:\\\/\\\/www.bbmnoticias.com\\\/antonino-morales-respalda-segundo-informe-de-sheinbaum-y-llama-a-cerrar-filas-en-defensa-de-la-transformacion\\\/\"]}]},{\"@type\":\"ImageObject\",\"inLanguage\":\"es\",\"@id\":\"https:\\\/\\\/www.bbmnoticias.com\\\/antonino-morales-respalda-segundo-informe-de-sheinbaum-y-llama-a-cerrar-filas-en-defensa-de-la-transformacion\\\/#primaryimage\",\"url\":\"https:\\\/\\\/www.bbmnoticias.com\\\/labravaradiofm\\\/wp-content\\\/uploads\\\/sites\\\/5\\\/2026\\\/09\\\/nino_morales.jpg\",\"contentUrl\":\"https:\\\/\\\/www.bbmnoticias.com\\\/labravaradiofm\\\/wp-content\\\/uploads\\\/sites\\\/5\\\/2026\\\/09\\\/nino_morales.jpg\",\"width\":800,\"height\":528},{\"@type\":\"BreadcrumbList\",\"@id\":\"https:\\\/\\\/www.bbmnoticias.com\\\/antonino-morales-respalda-segundo-informe-de-sheinbaum-y-llama-a-cerrar-filas-en-defensa-de-la-transformacion\\\/#breadcrumb\",\"itemListElement\":[{\"@type\":\"ListItem\",\"position\":1,\"name\":\"Inicio\",\"item\":\"https:\\\/\\\/www.bbmnoticias.com\\\/labravaradiofm\\\/\"},{\"@type\":\"ListItem\",\"position\":2,\"name\":\"Antonino Morales respalda Segundo Informe de Sheinbaum y llama a cerrar filas en defensa de la transformaci\u00f3n\"}]},{\"@type\":\"WebSite\",\"@id\":\"https:\\\/\\\/www.bbmnoticias.com\\\/labravaradiofm\\\/#website\",\"url\":\"https:\\\/\\\/www.bbmnoticias.com\\\/labravaradiofm\\\/\",\"name\":\"LA BRAVA RADIO\",\"description\":\"Empresa productora de medios, Radiodifusi\u00f3n, Noticias, tendencias y todo lo que necesitas saber de la pol\u00edtica mexicana e internacional; entretenimiento, espect\u00e1culos, salud y mucho m\u00e1s.\",\"potentialAction\":[{\"@type\":\"SearchAction\",\"target\":{\"@type\":\"EntryPoint\",\"urlTemplate\":\"https:\\\/\\\/www.bbmnoticias.com\\\/labravaradiofm\\\/?s={search_term_string}\"},\"query-input\":{\"@type\":\"PropertyValueSpecification\",\"valueRequired\":true,\"valueName\":\"search_term_string\"}}],\"inLanguage\":\"es\"},{\"@type\":\"Person\",\"@id\":\"https:\\\/\\\/www.bbmnoticias.com\\\/labravaradiofm\\\/#\\\/schema\\\/person\\\/9eb037257fc48a09cdf31d9a2f45619f\",\"name\":\"Staff\",\"image\":{\"@type\":\"ImageObject\",\"inLanguage\":\"es\",\"@id\":\"https:\\\/\\\/secure.gravatar.com\\\/avatar\\\/fdd21ad66fd8b98c407f9dee5b5e588cfe7f0d8579ec20fa6527cd59bab7f0f0?s=96&d=mm&r=g\",\"url\":\"https:\\\/\\\/secure.gravatar.com\\\/avatar\\\/fdd21ad66fd8b98c407f9dee5b5e588cfe7f0d8579ec20fa6527cd59bab7f0f0?s=96&d=mm&r=g\",\"contentUrl\":\"https:\\\/\\\/secure.gravatar.com\\\/avatar\\\/fdd21ad66fd8b98c407f9dee5b5e588cfe7f0d8579ec20fa6527cd59bab7f0f0?s=96&d=mm&r=g\",\"caption\":\"Staff\"},\"url\":\"https:\\\/\\\/www.bbmnoticias.com\\\/labravaradiofm\\\/author\\\/redaccion\\\/\"}]}<\/script>\n<!-- \/ Yoast SEO plugin. -->","yoast_head_json":{"title":"Antonino Morales respalda Segundo Informe de Sheinbaum y llama a cerrar filas en defensa de la transformaci\u00f3n - LA BRAVA RADIO","robots":{"index":"index","follow":"follow","max-snippet":"max-snippet:-1","max-image-preview":"max-image-preview:large","max-video-preview":"max-video-preview:-1"},"canonical":"https:\/\/www.bbmnoticias.com\/antonino-morales-respalda-segundo-informe-de-sheinbaum-y-llama-a-cerrar-filas-en-defensa-de-la-transformacion\/","og_locale":"es_MX","og_type":"article","og_title":"Antonino Morales respalda Segundo Informe de Sheinbaum y llama a cerrar filas en defensa de la transformaci\u00f3n - LA BRAVA RADIO","og_description":"Oaxaca de Ju\u00e1rez, Oax.\u2014 El senador de la Rep\u00fablica por Oaxaca, Antonino Morales Toledo, expres\u00f3 su respaldo a la presidenta Claudia Sheinbaum Pardo tras la presentaci\u00f3n de su Segundo Informe de Gobierno y llam\u00f3 a cerrar filas en torno al proyecto de la Cuarta Transformaci\u00f3n. El legislador sostuvo que el informe confirma, desde su perspectiva, [&hellip;]","og_url":"https:\/\/www.bbmnoticias.com\/antonino-morales-respalda-segundo-informe-de-sheinbaum-y-llama-a-cerrar-filas-en-defensa-de-la-transformacion\/","og_site_name":"LA BRAVA RADIO","article_published_time":"2026-09-01T21:06:36+00:00","article_modified_time":"2026-09-01T21:06:39+00:00","og_image":[{"width":800,"height":528,"url":"https:\/\/www.bbmnoticias.com\/labravaradiofm\/wp-content\/uploads\/sites\/5\/2026\/09\/nino_morales.jpg","type":"image\/jpeg"}],"author":"Staff","twitter_card":"summary_large_image","twitter_misc":{"Escrito por":"Staff","Tiempo de lectura":"3 minutos"},"schema":{"@context":"https:\/\/schema.org","@graph":[{"@type":"Article","@id":"https:\/\/www.bbmnoticias.com\/antonino-morales-respalda-segundo-informe-de-sheinbaum-y-llama-a-cerrar-filas-en-defensa-de-la-transformacion\/#article","isPartOf":{"@id":"https:\/\/www.bbmnoticias.com\/labravaradiofm\/2026\/09\/01\/antonino-morales-respalda-segundo-informe-de-sheinbaum-y-llama-a-cerrar-filas-en-defensa-de-la-transformacion\/"},"author":{"name":"Staff","@id":"https:\/\/www.bbmnoticias.com\/labravaradiofm\/#\/schema\/person\/9eb037257fc48a09cdf31d9a2f45619f"},"headline":"Antonino Morales respalda Segundo Informe de Sheinbaum y llama a cerrar filas en defensa de la transformaci\u00f3n","datePublished":"2026-09-01T21:06:36+00:00","dateModified":"2026-09-01T21:06:39+00:00","mainEntityOfPage":{"@id":"https:\/\/www.bbmnoticias.com\/labravaradiofm\/2026\/09\/01\/antonino-morales-respalda-segundo-informe-de-sheinbaum-y-llama-a-cerrar-filas-en-defensa-de-la-transformacion\/"},"wordCount":547,"image":{"@id":"https:\/\/www.bbmnoticias.com\/antonino-morales-respalda-segundo-informe-de-sheinbaum-y-llama-a-cerrar-filas-en-defensa-de-la-transformacion\/#primaryimage"},"thumbnailUrl":"https:\/\/www.bbmnoticias.com\/labravaradiofm\/wp-content\/uploads\/sites\/5\/2026\/09\/nino_morales.jpg","articleSection":["LOCAL"],"inLanguage":"es"},{"@type":"WebPage","@id":"https:\/\/www.bbmnoticias.com\/labravaradiofm\/2026\/09\/01\/antonino-morales-respalda-segundo-informe-de-sheinbaum-y-llama-a-cerrar-filas-en-defensa-de-la-transformacion\/","url":"https:\/\/www.bbmnoticias.com\/antonino-morales-respalda-segundo-informe-de-sheinbaum-y-llama-a-cerrar-filas-en-defensa-de-la-transformacion\/","name":"Antonino Morales respalda Segundo Informe de Sheinbaum y llama a cerrar filas en defensa de la transformaci\u00f3n - LA BRAVA RADIO","isPartOf":{"@id":"https:\/\/www.bbmnoticias.com\/labravaradiofm\/#website"},"primaryImageOfPage":{"@id":"https:\/\/www.bbmnoticias.com\/antonino-morales-respalda-segundo-informe-de-sheinbaum-y-llama-a-cerrar-filas-en-defensa-de-la-transformacion\/#primaryimage"},"image":{"@id":"https:\/\/www.bbmnoticias.com\/antonino-morales-respalda-segundo-informe-de-sheinbaum-y-llama-a-cerrar-filas-en-defensa-de-la-transformacion\/#primaryimage"},"thumbnailUrl":"https:\/\/www.bbmnoticias.com\/labravaradiofm\/wp-content\/uploads\/sites\/5\/2026\/09\/nino_morales.jpg","datePublished":"2026-09-01T21:06:36+00:00","dateModified":"2026-09-01T21:06:39+00:00","author":{"@id":"https:\/\/www.bbmnoticias.com\/labravaradiofm\/#\/schema\/person\/9eb037257fc48a09cdf31d9a2f45619f"},"breadcrumb":{"@id":"https:\/\/www.bbmnoticias.com\/antonino-morales-respalda-segundo-informe-de-sheinbaum-y-llama-a-cerrar-filas-en-defensa-de-la-transformacion\/#breadcrumb"},"inLanguage":"es","potentialAction":[{"@type":"ReadAction","target":["https:\/\/www.bbmnoticias.com\/antonino-morales-respalda-segundo-informe-de-sheinbaum-y-llama-a-cerrar-filas-en-defensa-de-la-transformacion\/"]}]},{"@type":"ImageObject","inLanguage":"es","@id":"https:\/\/www.bbmnoticias.com\/antonino-morales-respalda-segundo-informe-de-sheinbaum-y-llama-a-cerrar-filas-en-defensa-de-la-transformacion\/#primaryimage","url":"https:\/\/www.bbmnoticias.com\/labravaradiofm\/wp-content\/uploads\/sites\/5\/2026\/09\/nino_morales.jpg","contentUrl":"https:\/\/www.bbmnoticias.com\/labravaradiofm\/wp-content\/uploads\/sites\/5\/2026\/09\/nino_morales.jpg","width":800,"height":528},{"@type":"BreadcrumbList","@id":"https:\/\/www.bbmnoticias.com\/antonino-morales-respalda-segundo-informe-de-sheinbaum-y-llama-a-cerrar-filas-en-defensa-de-la-transformacion\/#breadcrumb","itemListElement":[{"@type":"ListItem","position":1,"name":"Inicio","item":"https:\/\/www.bbmnoticias.com\/labravaradiofm\/"},{"@type":"ListItem","position":2,"name":"Antonino Morales respalda Segundo Informe de Sheinbaum y llama a cerrar filas en defensa de la transformaci\u00f3n"}]},{"@type":"WebSite","@id":"https:\/\/www.bbmnoticias.com\/labravaradiofm\/#website","url":"https:\/\/www.bbmnoticias.com\/labravaradiofm\/","name":"LA BRAVA RADIO","description":"Empresa productora de medios, Radiodifusi\u00f3n, Noticias, tendencias y todo lo que necesitas saber de la pol\u00edtica mexicana e internacional; entretenimiento, espect\u00e1culos, salud y mucho m\u00e1s.","potentialAction":[{"@type":"SearchAction","target":{"@type":"EntryPoint","urlTemplate":"https:\/\/www.bbmnoticias.com\/labravaradiofm\/?s={search_term_string}"},"query-input":{"@type":"PropertyValueSpecification","valueRequired":true,"valueName":"search_term_string"}}],"inLanguage":"es"},{"@type":"Person","@id":"https:\/\/www.bbmnoticias.com\/labravaradiofm\/#\/schema\/person\/9eb037257fc48a09cdf31d9a2f45619f","name":"Staff","image":{"@type":"ImageObject","inLanguage":"es","@id":"https:\/\/secure.gravatar.com\/avatar\/fdd21ad66fd8b98c407f9dee5b5e588cfe7f0d8579ec20fa6527cd59bab7f0f0?s=96&d=mm&r=g","url":"https:\/\/secure.gravatar.com\/avatar\/fdd21ad66fd8b98c407f9dee5b5e588cfe7f0d8579ec20fa6527cd59bab7f0f0?s=96&d=mm&r=g","contentUrl":"https:\/\/secure.gravatar.com\/avatar\/fdd21ad66fd8b98c407f9dee5b5e588cfe7f0d8579ec20fa6527cd59bab7f0f0?s=96&d=mm&r=g","caption":"Staff"},"url":"https:\/\/www.bbmnoticias.com\/labravaradiofm\/author\/redaccion\/"}]}},"_links":{"self":[{"href":"https:\/\/www.bbmnoticias.com\/labravaradiofm\/wp-json\/wp\/v2\/posts\/81340","targetHints":{"allow":["GET"]}}],"collection":[{"href":"https:\/\/www.bbmnoticias.com\/labravaradiofm\/wp-json\/wp\/v2\/posts"}],"about":[{"href":"https:\/\/www.bbmnoticias.com\/labravaradiofm\/wp-json\/wp\/v2\/types\/post"}],"author":[{"embeddable":true,"href":"https:\/\/www.bbmnoticias.com\/labravaradiofm\/wp-json\/wp\/v2\/users\/2"}],"replies":[{"embeddable":true,"href":"https:\/\/www.bbmnoticias.com\/labravaradiofm\/wp-json\/wp\/v2\/comments?post=81340"}],"version-history":[{"count":1,"href":"https:\/\/www.bbmnoticias.com\/labravaradiofm\/wp-json\/wp\/v2\/posts\/81340\/revisions"}],"predecessor-version":[{"id":81341,"href":"https:\/\/www.bbmnoticias.com\/labravaradiofm\/wp-json\/wp\/v2\/posts\/81340\/revisions\/81341"}],"wp:featuredmedia":[{"embeddable":true,"href":"https:\/\/www.bbmnoticias.com\/labravaradiofm\/wp-json\/wp\/v2\/media\/81342"}],"wp:attachment":[{"href":"https:\/\/www.bbmnoticias.com\/labravaradiofm\/wp-json\/wp\/v2\/media?parent=81340"}],"wp:term":[{"taxonomy":"category","embeddable":true,"href":"https:\/\/www.bbmnoticias.com\/labravaradiofm\/wp-json\/wp\/v2\/categories?post=81340"},{"taxonomy":"post_tag","embeddable":true,"href":"https:\/\/www.bbmnoticias.com\/labravaradiofm\/wp-json\/wp\/v2\/tags?post=81340"}],"curies":[{"name":"wp","href":"https:\/\/api.w.org\/{rel}","templated":true}]}}