{"id":81337,"date":"2026-09-01T14:48:37","date_gmt":"2026-09-01T20:48:37","guid":{"rendered":"https:\/\/www.bbmnoticias.com\/labravaradiofm\/2026\/09\/01\/propone-mariana-benitez-construir-desde-el-congreso-una-agenda-nacional-de-inteligencia-artificial\/"},"modified":"2026-09-01T14:48:46","modified_gmt":"2026-09-01T20:48:46","slug":"propone-mariana-benitez-construir-desde-el-congreso-una-agenda-nacional-de-inteligencia-artificial","status":"publish","type":"post","link":"https:\/\/www.bbmnoticias.com\/labravaradiofm\/2026\/09\/01\/propone-mariana-benitez-construir-desde-el-congreso-una-agenda-nacional-de-inteligencia-artificial\/","title":{"rendered":"Propone Mariana Ben\u00edtez construir desde el congreso una agenda nacional de Inteligencia Artificial."},"content":{"rendered":"\n<p class=\"wp-block-paragraph\"><strong>Ciudad de M\u00e9xico, 1 de septiembre de 2026.\u2014<\/strong> La diputada federal oaxaque\u00f1a <strong>Mariana Ben\u00edtez Tiburcio<\/strong> propuso establecer una ruta de trabajo conjunta entre el Congreso de la Uni\u00f3n y el Gobierno de M\u00e9xico para avanzar en la construcci\u00f3n de una <strong>Ley General en materia de Inteligencia Artificial<\/strong>.<\/p>\n\n\n\n<p class=\"wp-block-paragraph\">Durante la reuni\u00f3n plenaria del Grupo Parlamentario de Morena en la C\u00e1mara de Diputados, y ante la participaci\u00f3n de la consejera jur\u00eddica de la Presidencia, <strong>Luisa Mar\u00eda Alcalde<\/strong>, la legisladora plante\u00f3 que la reci\u00e9n creada Comisi\u00f3n Especial de Inteligencia Artificial se convierta en un espacio permanente de interlocuci\u00f3n y coordinaci\u00f3n con el Ejecutivo Federal.<\/p>\n\n\n\n<p class=\"wp-block-paragraph\">Ben\u00edtez Tiburcio se\u00f1al\u00f3 que desde esta comisi\u00f3n se puede construir una agenda conjunta con las \u00e1reas competentes del Gobierno de M\u00e9xico y ampliar la discusi\u00f3n hacia especialistas, instituciones acad\u00e9micas, comunidad cient\u00edfica y tecnol\u00f3gica, industria y sociedad civil.<\/p>\n\n\n\n<p class=\"wp-block-paragraph\">El objetivo, explic\u00f3, ser\u00eda elaborar una propuesta mexicana de <strong>regulaci\u00f3n y pol\u00edtica p\u00fablica en materia de inteligencia artificial<\/strong>, acorde con las necesidades y capacidades del pa\u00eds.<\/p>\n\n\n\n<blockquote class=\"wp-block-quote is-layout-flow wp-block-quote-is-layout-flow\">\n<p class=\"wp-block-paragraph\">\u201cEstamos frente a una decisi\u00f3n estrat\u00e9gica de pa\u00eds. M\u00e9xico no puede limitarse a regular la inteligencia artificial que otros desarrollan. Tenemos que generar las condiciones para desarrollar nuestras propias capacidades tecnol\u00f3gicas\u201d, afirm\u00f3 la legisladora.<\/p>\n<\/blockquote>\n\n\n\n<h2 class=\"wp-block-heading\">Plantea regulaci\u00f3n basada en riesgos<\/h2>\n\n\n\n<p class=\"wp-block-paragraph\">La diputada consider\u00f3 que M\u00e9xico necesita una regulaci\u00f3n con un <strong>enfoque basado en riesgos, proporcional y tecnol\u00f3gicamente neutral<\/strong>, que permita proteger los derechos humanos sin frenar el desarrollo tecnol\u00f3gico.<\/p>\n\n\n\n<p class=\"wp-block-paragraph\">En este sentido, destac\u00f3 la importancia de generar condiciones que favorezcan la innovaci\u00f3n, la inversi\u00f3n, la formaci\u00f3n de talento y el fortalecimiento de la soberan\u00eda tecnol\u00f3gica nacional.<\/p>\n\n\n\n<p class=\"wp-block-paragraph\">Ben\u00edtez Tiburcio sostuvo que el pr\u00f3ximo periodo ordinario de sesiones representa una oportunidad para impulsar una agenda legislativa de largo alcance y avanzar en temas estrat\u00e9gicos para el pa\u00eds.<\/p>\n\n\n\n<p class=\"wp-block-paragraph\">Asimismo, reconoci\u00f3 la disposici\u00f3n al di\u00e1logo mostrada durante la plenaria para fortalecer la coordinaci\u00f3n entre el Poder Legislativo y el Gobierno de la presidenta <strong>Claudia Sheinbaum<\/strong>.<\/p>\n\n\n\n<h2 class=\"wp-block-heading\">Analizan agenda legislativa para el nuevo periodo<\/h2>\n\n\n\n<p class=\"wp-block-paragraph\">Durante el encuentro, las y los legisladores de Morena conocieron de manera directa las prioridades, retos y avances del Gobierno de M\u00e9xico en distintas \u00e1reas, entre ellas econom\u00eda, finanzas p\u00fablicas, gobernabilidad, pol\u00edtica exterior y turismo.<\/p>\n\n\n\n<p class=\"wp-block-paragraph\">Tambi\u00e9n se analizaron las principales reformas y asuntos que formar\u00e1n parte de la agenda legislativa a partir de este <strong>1 de septiembre<\/strong>, con el inicio del nuevo periodo ordinario de sesiones.<\/p>\n\n\n\n<p class=\"wp-block-paragraph\">En la reuni\u00f3n participaron los secretarios de Econom\u00eda, <strong>Marcelo Ebrard<\/strong>; de Hacienda, <strong>Edgar Amador<\/strong>; de Gobernaci\u00f3n, <strong>Rosa Icela Rodr\u00edguez<\/strong>; as\u00ed como el titular de Relaciones Exteriores, <strong>Roberto Velasco<\/strong>, y la secretaria de Turismo, <strong>Josefina Rodr\u00edguez<\/strong>. Tambi\u00e9n asisti\u00f3 la consejera jur\u00eddica de la Presidencia, Luisa Mar\u00eda Alcalde, adem\u00e1s de integrantes de la dirigencia nacional de Morena.<\/p>\n\n\n\n<p class=\"wp-block-paragraph\">Finalmente, Ben\u00edtez Tiburcio destac\u00f3 que el di\u00e1logo entre Gobierno, Congreso y movimiento pol\u00edtico permite iniciar el nuevo periodo legislativo con una visi\u00f3n compartida sobre los principales desaf\u00edos nacionales.<\/p>\n\n\n\n<p class=\"wp-block-paragraph\">La legisladora afirm\u00f3 que el reto ser\u00e1 traducir las prioridades de la llamada transformaci\u00f3n en <strong>leyes, derechos y mejores condiciones de vida para las y los mexicanos<\/strong>, al tiempo que M\u00e9xico fortalece sus capacidades para participar activamente en el desarrollo de tecnolog\u00edas de inteligencia artificial.<\/p>\n","protected":false},"excerpt":{"rendered":"<p>Ciudad de M\u00e9xico, 1 de septiembre de 2026.\u2014 La diputada federal oaxaque\u00f1a Mariana Ben\u00edtez Tiburcio propuso establecer una ruta de trabajo conjunta entre el Congreso de la Uni\u00f3n y el Gobierno de M\u00e9xico para avanzar en la construcci\u00f3n de una Ley General en materia de Inteligencia Artificial. Durante la reuni\u00f3n plenaria del Grupo Parlamentario de [&hellip;]<\/p>\n","protected":false},"author":2,"featured_media":81339,"comment_status":"closed","ping_status":"open","sticky":false,"template":"","format":"standard","meta":{"footnotes":""},"categories":[2],"tags":[],"class_list":["post-81337","post","type-post","status-publish","format-standard","has-post-thumbnail","hentry","category-oaxaca"],"yoast_head":"<!-- This site is optimized with the Yoast SEO plugin v28.1 - https:\/\/yoast.com\/product\/yoast-seo-wordpress\/ -->\n<title>Propone Mariana Ben\u00edtez construir desde el congreso una agenda nacional de Inteligencia Artificial. - LA BRAVA RADIO<\/title>\n<meta name=\"robots\" content=\"index, follow, max-snippet:-1, max-image-preview:large, max-video-preview:-1\" \/>\n<link rel=\"canonical\" href=\"https:\/\/www.bbmnoticias.com\/propone-mariana-benitez-construir-desde-el-congreso-una-agenda-nacional-de-inteligencia-artificial\/\" \/>\n<meta property=\"og:locale\" content=\"es_MX\" \/>\n<meta property=\"og:type\" content=\"article\" \/>\n<meta property=\"og:title\" content=\"Propone Mariana Ben\u00edtez construir desde el congreso una agenda nacional de Inteligencia Artificial. - LA BRAVA RADIO\" \/>\n<meta property=\"og:description\" content=\"Ciudad de M\u00e9xico, 1 de septiembre de 2026.\u2014 La diputada federal oaxaque\u00f1a Mariana Ben\u00edtez Tiburcio propuso establecer una ruta de trabajo conjunta entre el Congreso de la Uni\u00f3n y el Gobierno de M\u00e9xico para avanzar en la construcci\u00f3n de una Ley General en materia de Inteligencia Artificial. Durante la reuni\u00f3n plenaria del Grupo Parlamentario de [&hellip;]\" \/>\n<meta property=\"og:url\" content=\"https:\/\/www.bbmnoticias.com\/propone-mariana-benitez-construir-desde-el-congreso-una-agenda-nacional-de-inteligencia-artificial\/\" \/>\n<meta property=\"og:site_name\" content=\"LA BRAVA RADIO\" \/>\n<meta property=\"article:published_time\" content=\"2026-09-01T20:48:37+00:00\" \/>\n<meta property=\"article:modified_time\" content=\"2026-09-01T20:48:46+00:00\" \/>\n<meta property=\"og:image\" content=\"https:\/\/www.bbmnoticias.com\/labravaradiofm\/wp-content\/uploads\/sites\/5\/2026\/09\/mariana_benitez.jpg\" \/>\n\t<meta property=\"og:image:width\" content=\"800\" \/>\n\t<meta property=\"og:image:height\" content=\"500\" \/>\n\t<meta property=\"og:image:type\" content=\"image\/jpeg\" \/>\n<meta name=\"author\" content=\"Staff\" \/>\n<meta name=\"twitter:card\" content=\"summary_large_image\" \/>\n<meta name=\"twitter:label1\" content=\"Escrito por\" \/>\n\t<meta name=\"twitter:data1\" content=\"Staff\" \/>\n\t<meta name=\"twitter:label2\" content=\"Tiempo de lectura\" \/>\n\t<meta name=\"twitter:data2\" content=\"3 minutos\" \/>\n<script type=\"application\/ld+json\" class=\"yoast-schema-graph\">{\"@context\":\"https:\\\/\\\/schema.org\",\"@graph\":[{\"@type\":\"Article\",\"@id\":\"https:\\\/\\\/www.bbmnoticias.com\\\/propone-mariana-benitez-construir-desde-el-congreso-una-agenda-nacional-de-inteligencia-artificial\\\/#article\",\"isPartOf\":{\"@id\":\"https:\\\/\\\/www.bbmnoticias.com\\\/labravaradiofm\\\/2026\\\/09\\\/01\\\/propone-mariana-benitez-construir-desde-el-congreso-una-agenda-nacional-de-inteligencia-artificial\\\/\"},\"author\":{\"name\":\"Staff\",\"@id\":\"https:\\\/\\\/www.bbmnoticias.com\\\/labravaradiofm\\\/#\\\/schema\\\/person\\\/9eb037257fc48a09cdf31d9a2f45619f\"},\"headline\":\"Propone Mariana Ben\u00edtez construir desde el congreso una agenda nacional de Inteligencia Artificial.\",\"datePublished\":\"2026-09-01T20:48:37+00:00\",\"dateModified\":\"2026-09-01T20:48:46+00:00\",\"mainEntityOfPage\":{\"@id\":\"https:\\\/\\\/www.bbmnoticias.com\\\/labravaradiofm\\\/2026\\\/09\\\/01\\\/propone-mariana-benitez-construir-desde-el-congreso-una-agenda-nacional-de-inteligencia-artificial\\\/\"},\"wordCount\":599,\"image\":{\"@id\":\"https:\\\/\\\/www.bbmnoticias.com\\\/propone-mariana-benitez-construir-desde-el-congreso-una-agenda-nacional-de-inteligencia-artificial\\\/#primaryimage\"},\"thumbnailUrl\":\"https:\\\/\\\/www.bbmnoticias.com\\\/labravaradiofm\\\/wp-content\\\/uploads\\\/sites\\\/5\\\/2026\\\/09\\\/mariana_benitez.jpg\",\"articleSection\":[\"LOCAL\"],\"inLanguage\":\"es\"},{\"@type\":\"WebPage\",\"@id\":\"https:\\\/\\\/www.bbmnoticias.com\\\/labravaradiofm\\\/2026\\\/09\\\/01\\\/propone-mariana-benitez-construir-desde-el-congreso-una-agenda-nacional-de-inteligencia-artificial\\\/\",\"url\":\"https:\\\/\\\/www.bbmnoticias.com\\\/propone-mariana-benitez-construir-desde-el-congreso-una-agenda-nacional-de-inteligencia-artificial\\\/\",\"name\":\"Propone Mariana Ben\u00edtez construir desde el congreso una agenda nacional de Inteligencia Artificial. - LA BRAVA RADIO\",\"isPartOf\":{\"@id\":\"https:\\\/\\\/www.bbmnoticias.com\\\/labravaradiofm\\\/#website\"},\"primaryImageOfPage\":{\"@id\":\"https:\\\/\\\/www.bbmnoticias.com\\\/propone-mariana-benitez-construir-desde-el-congreso-una-agenda-nacional-de-inteligencia-artificial\\\/#primaryimage\"},\"image\":{\"@id\":\"https:\\\/\\\/www.bbmnoticias.com\\\/propone-mariana-benitez-construir-desde-el-congreso-una-agenda-nacional-de-inteligencia-artificial\\\/#primaryimage\"},\"thumbnailUrl\":\"https:\\\/\\\/www.bbmnoticias.com\\\/labravaradiofm\\\/wp-content\\\/uploads\\\/sites\\\/5\\\/2026\\\/09\\\/mariana_benitez.jpg\",\"datePublished\":\"2026-09-01T20:48:37+00:00\",\"dateModified\":\"2026-09-01T20:48:46+00:00\",\"author\":{\"@id\":\"https:\\\/\\\/www.bbmnoticias.com\\\/labravaradiofm\\\/#\\\/schema\\\/person\\\/9eb037257fc48a09cdf31d9a2f45619f\"},\"breadcrumb\":{\"@id\":\"https:\\\/\\\/www.bbmnoticias.com\\\/propone-mariana-benitez-construir-desde-el-congreso-una-agenda-nacional-de-inteligencia-artificial\\\/#breadcrumb\"},\"inLanguage\":\"es\",\"potentialAction\":[{\"@type\":\"ReadAction\",\"target\":[\"https:\\\/\\\/www.bbmnoticias.com\\\/propone-mariana-benitez-construir-desde-el-congreso-una-agenda-nacional-de-inteligencia-artificial\\\/\"]}]},{\"@type\":\"ImageObject\",\"inLanguage\":\"es\",\"@id\":\"https:\\\/\\\/www.bbmnoticias.com\\\/propone-mariana-benitez-construir-desde-el-congreso-una-agenda-nacional-de-inteligencia-artificial\\\/#primaryimage\",\"url\":\"https:\\\/\\\/www.bbmnoticias.com\\\/labravaradiofm\\\/wp-content\\\/uploads\\\/sites\\\/5\\\/2026\\\/09\\\/mariana_benitez.jpg\",\"contentUrl\":\"https:\\\/\\\/www.bbmnoticias.com\\\/labravaradiofm\\\/wp-content\\\/uploads\\\/sites\\\/5\\\/2026\\\/09\\\/mariana_benitez.jpg\",\"width\":800,\"height\":500},{\"@type\":\"BreadcrumbList\",\"@id\":\"https:\\\/\\\/www.bbmnoticias.com\\\/propone-mariana-benitez-construir-desde-el-congreso-una-agenda-nacional-de-inteligencia-artificial\\\/#breadcrumb\",\"itemListElement\":[{\"@type\":\"ListItem\",\"position\":1,\"name\":\"Inicio\",\"item\":\"https:\\\/\\\/www.bbmnoticias.com\\\/labravaradiofm\\\/\"},{\"@type\":\"ListItem\",\"position\":2,\"name\":\"Propone Mariana Ben\u00edtez construir desde el congreso una agenda nacional de Inteligencia Artificial.\"}]},{\"@type\":\"WebSite\",\"@id\":\"https:\\\/\\\/www.bbmnoticias.com\\\/labravaradiofm\\\/#website\",\"url\":\"https:\\\/\\\/www.bbmnoticias.com\\\/labravaradiofm\\\/\",\"name\":\"LA BRAVA RADIO\",\"description\":\"Empresa productora de medios, Radiodifusi\u00f3n, Noticias, tendencias y todo lo que necesitas saber de la pol\u00edtica mexicana e internacional; entretenimiento, espect\u00e1culos, salud y mucho m\u00e1s.\",\"potentialAction\":[{\"@type\":\"SearchAction\",\"target\":{\"@type\":\"EntryPoint\",\"urlTemplate\":\"https:\\\/\\\/www.bbmnoticias.com\\\/labravaradiofm\\\/?s={search_term_string}\"},\"query-input\":{\"@type\":\"PropertyValueSpecification\",\"valueRequired\":true,\"valueName\":\"search_term_string\"}}],\"inLanguage\":\"es\"},{\"@type\":\"Person\",\"@id\":\"https:\\\/\\\/www.bbmnoticias.com\\\/labravaradiofm\\\/#\\\/schema\\\/person\\\/9eb037257fc48a09cdf31d9a2f45619f\",\"name\":\"Staff\",\"image\":{\"@type\":\"ImageObject\",\"inLanguage\":\"es\",\"@id\":\"https:\\\/\\\/secure.gravatar.com\\\/avatar\\\/fdd21ad66fd8b98c407f9dee5b5e588cfe7f0d8579ec20fa6527cd59bab7f0f0?s=96&d=mm&r=g\",\"url\":\"https:\\\/\\\/secure.gravatar.com\\\/avatar\\\/fdd21ad66fd8b98c407f9dee5b5e588cfe7f0d8579ec20fa6527cd59bab7f0f0?s=96&d=mm&r=g\",\"contentUrl\":\"https:\\\/\\\/secure.gravatar.com\\\/avatar\\\/fdd21ad66fd8b98c407f9dee5b5e588cfe7f0d8579ec20fa6527cd59bab7f0f0?s=96&d=mm&r=g\",\"caption\":\"Staff\"},\"url\":\"https:\\\/\\\/www.bbmnoticias.com\\\/labravaradiofm\\\/author\\\/redaccion\\\/\"}]}<\/script>\n<!-- \/ Yoast SEO plugin. -->","yoast_head_json":{"title":"Propone Mariana Ben\u00edtez construir desde el congreso una agenda nacional de Inteligencia Artificial. - LA BRAVA RADIO","robots":{"index":"index","follow":"follow","max-snippet":"max-snippet:-1","max-image-preview":"max-image-preview:large","max-video-preview":"max-video-preview:-1"},"canonical":"https:\/\/www.bbmnoticias.com\/propone-mariana-benitez-construir-desde-el-congreso-una-agenda-nacional-de-inteligencia-artificial\/","og_locale":"es_MX","og_type":"article","og_title":"Propone Mariana Ben\u00edtez construir desde el congreso una agenda nacional de Inteligencia Artificial. - LA BRAVA RADIO","og_description":"Ciudad de M\u00e9xico, 1 de septiembre de 2026.\u2014 La diputada federal oaxaque\u00f1a Mariana Ben\u00edtez Tiburcio propuso establecer una ruta de trabajo conjunta entre el Congreso de la Uni\u00f3n y el Gobierno de M\u00e9xico para avanzar en la construcci\u00f3n de una Ley General en materia de Inteligencia Artificial. Durante la reuni\u00f3n plenaria del Grupo Parlamentario de [&hellip;]","og_url":"https:\/\/www.bbmnoticias.com\/propone-mariana-benitez-construir-desde-el-congreso-una-agenda-nacional-de-inteligencia-artificial\/","og_site_name":"LA BRAVA RADIO","article_published_time":"2026-09-01T20:48:37+00:00","article_modified_time":"2026-09-01T20:48:46+00:00","og_image":[{"width":800,"height":500,"url":"https:\/\/www.bbmnoticias.com\/labravaradiofm\/wp-content\/uploads\/sites\/5\/2026\/09\/mariana_benitez.jpg","type":"image\/jpeg"}],"author":"Staff","twitter_card":"summary_large_image","twitter_misc":{"Escrito por":"Staff","Tiempo de lectura":"3 minutos"},"schema":{"@context":"https:\/\/schema.org","@graph":[{"@type":"Article","@id":"https:\/\/www.bbmnoticias.com\/propone-mariana-benitez-construir-desde-el-congreso-una-agenda-nacional-de-inteligencia-artificial\/#article","isPartOf":{"@id":"https:\/\/www.bbmnoticias.com\/labravaradiofm\/2026\/09\/01\/propone-mariana-benitez-construir-desde-el-congreso-una-agenda-nacional-de-inteligencia-artificial\/"},"author":{"name":"Staff","@id":"https:\/\/www.bbmnoticias.com\/labravaradiofm\/#\/schema\/person\/9eb037257fc48a09cdf31d9a2f45619f"},"headline":"Propone Mariana Ben\u00edtez construir desde el congreso una agenda nacional de Inteligencia Artificial.","datePublished":"2026-09-01T20:48:37+00:00","dateModified":"2026-09-01T20:48:46+00:00","mainEntityOfPage":{"@id":"https:\/\/www.bbmnoticias.com\/labravaradiofm\/2026\/09\/01\/propone-mariana-benitez-construir-desde-el-congreso-una-agenda-nacional-de-inteligencia-artificial\/"},"wordCount":599,"image":{"@id":"https:\/\/www.bbmnoticias.com\/propone-mariana-benitez-construir-desde-el-congreso-una-agenda-nacional-de-inteligencia-artificial\/#primaryimage"},"thumbnailUrl":"https:\/\/www.bbmnoticias.com\/labravaradiofm\/wp-content\/uploads\/sites\/5\/2026\/09\/mariana_benitez.jpg","articleSection":["LOCAL"],"inLanguage":"es"},{"@type":"WebPage","@id":"https:\/\/www.bbmnoticias.com\/labravaradiofm\/2026\/09\/01\/propone-mariana-benitez-construir-desde-el-congreso-una-agenda-nacional-de-inteligencia-artificial\/","url":"https:\/\/www.bbmnoticias.com\/propone-mariana-benitez-construir-desde-el-congreso-una-agenda-nacional-de-inteligencia-artificial\/","name":"Propone Mariana Ben\u00edtez construir desde el congreso una agenda nacional de Inteligencia Artificial. - LA BRAVA RADIO","isPartOf":{"@id":"https:\/\/www.bbmnoticias.com\/labravaradiofm\/#website"},"primaryImageOfPage":{"@id":"https:\/\/www.bbmnoticias.com\/propone-mariana-benitez-construir-desde-el-congreso-una-agenda-nacional-de-inteligencia-artificial\/#primaryimage"},"image":{"@id":"https:\/\/www.bbmnoticias.com\/propone-mariana-benitez-construir-desde-el-congreso-una-agenda-nacional-de-inteligencia-artificial\/#primaryimage"},"thumbnailUrl":"https:\/\/www.bbmnoticias.com\/labravaradiofm\/wp-content\/uploads\/sites\/5\/2026\/09\/mariana_benitez.jpg","datePublished":"2026-09-01T20:48:37+00:00","dateModified":"2026-09-01T20:48:46+00:00","author":{"@id":"https:\/\/www.bbmnoticias.com\/labravaradiofm\/#\/schema\/person\/9eb037257fc48a09cdf31d9a2f45619f"},"breadcrumb":{"@id":"https:\/\/www.bbmnoticias.com\/propone-mariana-benitez-construir-desde-el-congreso-una-agenda-nacional-de-inteligencia-artificial\/#breadcrumb"},"inLanguage":"es","potentialAction":[{"@type":"ReadAction","target":["https:\/\/www.bbmnoticias.com\/propone-mariana-benitez-construir-desde-el-congreso-una-agenda-nacional-de-inteligencia-artificial\/"]}]},{"@type":"ImageObject","inLanguage":"es","@id":"https:\/\/www.bbmnoticias.com\/propone-mariana-benitez-construir-desde-el-congreso-una-agenda-nacional-de-inteligencia-artificial\/#primaryimage","url":"https:\/\/www.bbmnoticias.com\/labravaradiofm\/wp-content\/uploads\/sites\/5\/2026\/09\/mariana_benitez.jpg","contentUrl":"https:\/\/www.bbmnoticias.com\/labravaradiofm\/wp-content\/uploads\/sites\/5\/2026\/09\/mariana_benitez.jpg","width":800,"height":500},{"@type":"BreadcrumbList","@id":"https:\/\/www.bbmnoticias.com\/propone-mariana-benitez-construir-desde-el-congreso-una-agenda-nacional-de-inteligencia-artificial\/#breadcrumb","itemListElement":[{"@type":"ListItem","position":1,"name":"Inicio","item":"https:\/\/www.bbmnoticias.com\/labravaradiofm\/"},{"@type":"ListItem","position":2,"name":"Propone Mariana Ben\u00edtez construir desde el congreso una agenda nacional de Inteligencia Artificial."}]},{"@type":"WebSite","@id":"https:\/\/www.bbmnoticias.com\/labravaradiofm\/#website","url":"https:\/\/www.bbmnoticias.com\/labravaradiofm\/","name":"LA BRAVA RADIO","description":"Empresa productora de medios, Radiodifusi\u00f3n, Noticias, tendencias y todo lo que necesitas saber de la pol\u00edtica mexicana e internacional; entretenimiento, espect\u00e1culos, salud y mucho m\u00e1s.","potentialAction":[{"@type":"SearchAction","target":{"@type":"EntryPoint","urlTemplate":"https:\/\/www.bbmnoticias.com\/labravaradiofm\/?s={search_term_string}"},"query-input":{"@type":"PropertyValueSpecification","valueRequired":true,"valueName":"search_term_string"}}],"inLanguage":"es"},{"@type":"Person","@id":"https:\/\/www.bbmnoticias.com\/labravaradiofm\/#\/schema\/person\/9eb037257fc48a09cdf31d9a2f45619f","name":"Staff","image":{"@type":"ImageObject","inLanguage":"es","@id":"https:\/\/secure.gravatar.com\/avatar\/fdd21ad66fd8b98c407f9dee5b5e588cfe7f0d8579ec20fa6527cd59bab7f0f0?s=96&d=mm&r=g","url":"https:\/\/secure.gravatar.com\/avatar\/fdd21ad66fd8b98c407f9dee5b5e588cfe7f0d8579ec20fa6527cd59bab7f0f0?s=96&d=mm&r=g","contentUrl":"https:\/\/secure.gravatar.com\/avatar\/fdd21ad66fd8b98c407f9dee5b5e588cfe7f0d8579ec20fa6527cd59bab7f0f0?s=96&d=mm&r=g","caption":"Staff"},"url":"https:\/\/www.bbmnoticias.com\/labravaradiofm\/author\/redaccion\/"}]}},"_links":{"self":[{"href":"https:\/\/www.bbmnoticias.com\/labravaradiofm\/wp-json\/wp\/v2\/posts\/81337","targetHints":{"allow":["GET"]}}],"collection":[{"href":"https:\/\/www.bbmnoticias.com\/labravaradiofm\/wp-json\/wp\/v2\/posts"}],"about":[{"href":"https:\/\/www.bbmnoticias.com\/labravaradiofm\/wp-json\/wp\/v2\/types\/post"}],"author":[{"embeddable":true,"href":"https:\/\/www.bbmnoticias.com\/labravaradiofm\/wp-json\/wp\/v2\/users\/2"}],"replies":[{"embeddable":true,"href":"https:\/\/www.bbmnoticias.com\/labravaradiofm\/wp-json\/wp\/v2\/comments?post=81337"}],"version-history":[{"count":1,"href":"https:\/\/www.bbmnoticias.com\/labravaradiofm\/wp-json\/wp\/v2\/posts\/81337\/revisions"}],"predecessor-version":[{"id":81338,"href":"https:\/\/www.bbmnoticias.com\/labravaradiofm\/wp-json\/wp\/v2\/posts\/81337\/revisions\/81338"}],"wp:featuredmedia":[{"embeddable":true,"href":"https:\/\/www.bbmnoticias.com\/labravaradiofm\/wp-json\/wp\/v2\/media\/81339"}],"wp:attachment":[{"href":"https:\/\/www.bbmnoticias.com\/labravaradiofm\/wp-json\/wp\/v2\/media?parent=81337"}],"wp:term":[{"taxonomy":"category","embeddable":true,"href":"https:\/\/www.bbmnoticias.com\/labravaradiofm\/wp-json\/wp\/v2\/categories?post=81337"},{"taxonomy":"post_tag","embeddable":true,"href":"https:\/\/www.bbmnoticias.com\/labravaradiofm\/wp-json\/wp\/v2\/tags?post=81337"}],"curies":[{"name":"wp","href":"https:\/\/api.w.org\/{rel}","templated":true}]}}